{"id":39650,"date":"2020-10-14T16:11:59","date_gmt":"2020-10-14T16:11:59","guid":{"rendered":"https:\/\/www.shqiperia.com\/blog\/?p=39650"},"modified":"2020-10-14T16:11:59","modified_gmt":"2020-10-14T16:11:59","slug":"cfare-po-pergatitet-per-zgjedhjet-e-ardhshme-trondit-artan-hoxha-nxjerr-zbuluar-opoziten-e-keni-kapur-kete-detaj","status":"publish","type":"post","link":"https:\/\/www.shqiperia.com\/blog\/cfare-po-pergatitet-per-zgjedhjet-e-ardhshme-trondit-artan-hoxha-nxjerr-zbuluar-opoziten-e-keni-kapur-kete-detaj\/","title":{"rendered":"\u00c7far\u00eb po p\u00ebrgatitet p\u00ebr zgjedhjet e ardhshme? &#8216;Trondit&#8217; Artan Hoxha, nxjerr zbuluar opozit\u00ebn: E keni kapur k\u00ebt\u00eb detaj&#8230;"},"content":{"rendered":"<p><img data-recalc-dims=\"1\" loading=\"lazy\" decoding=\"async\" data-attachment-id=\"39651\" data-permalink=\"https:\/\/www.shqiperia.com\/blog\/cfare-po-pergatitet-per-zgjedhjet-e-ardhshme-trondit-artan-hoxha-nxjerr-zbuluar-opoziten-e-keni-kapur-kete-detaj\/800-0-5f857f16ce7e9\/\" data-orig-file=\"https:\/\/i0.wp.com\/www.shqiperia.com\/blog\/wp-content\/uploads\/2020\/10\/800-0-5f857f16ce7e9.jpg?fit=800%2C496&amp;ssl=1\" data-orig-size=\"800,496\" data-comments-opened=\"1\" data-image-meta=\"{&quot;aperture&quot;:&quot;0&quot;,&quot;credit&quot;:&quot;&quot;,&quot;camera&quot;:&quot;&quot;,&quot;caption&quot;:&quot;&quot;,&quot;created_timestamp&quot;:&quot;0&quot;,&quot;copyright&quot;:&quot;&quot;,&quot;focal_length&quot;:&quot;0&quot;,&quot;iso&quot;:&quot;0&quot;,&quot;shutter_speed&quot;:&quot;0&quot;,&quot;title&quot;:&quot;&quot;,&quot;orientation&quot;:&quot;0&quot;}\" data-image-title=\"-800-0-5f857f16ce7e9\" data-image-description=\"\" data-image-caption=\"\" data-medium-file=\"https:\/\/i0.wp.com\/www.shqiperia.com\/blog\/wp-content\/uploads\/2020\/10\/800-0-5f857f16ce7e9.jpg?fit=300%2C186&amp;ssl=1\" data-large-file=\"https:\/\/i0.wp.com\/www.shqiperia.com\/blog\/wp-content\/uploads\/2020\/10\/800-0-5f857f16ce7e9.jpg?fit=800%2C496&amp;ssl=1\" class=\"alignnone  wp-image-39651\" alt=\"\" src=\"https:\/\/i0.wp.com\/www.shqiperia.com\/blog\/wp-content\/uploads\/2020\/10\/800-0-5f857f16ce7e9.jpg?resize=511%2C317&#038;ssl=1\" width=\"511\" height=\"317\" srcset=\"https:\/\/i0.wp.com\/www.shqiperia.com\/blog\/wp-content\/uploads\/2020\/10\/800-0-5f857f16ce7e9.jpg?resize=300%2C186&amp;ssl=1 300w, https:\/\/i0.wp.com\/www.shqiperia.com\/blog\/wp-content\/uploads\/2020\/10\/800-0-5f857f16ce7e9.jpg?resize=768%2C476&amp;ssl=1 768w, https:\/\/i0.wp.com\/www.shqiperia.com\/blog\/wp-content\/uploads\/2020\/10\/800-0-5f857f16ce7e9.jpg?resize=450%2C279&amp;ssl=1 450w, https:\/\/i0.wp.com\/www.shqiperia.com\/blog\/wp-content\/uploads\/2020\/10\/800-0-5f857f16ce7e9.jpg?resize=600%2C372&amp;ssl=1 600w, https:\/\/i0.wp.com\/www.shqiperia.com\/blog\/wp-content\/uploads\/2020\/10\/800-0-5f857f16ce7e9.jpg?resize=400%2C248&amp;ssl=1 400w, https:\/\/i0.wp.com\/www.shqiperia.com\/blog\/wp-content\/uploads\/2020\/10\/800-0-5f857f16ce7e9.jpg?w=800&amp;ssl=1 800w\" sizes=\"auto, (max-width: 511px) 100vw, 511px\" \/><\/p>\n<p>\u00c7far\u00eb po p\u00ebrgatitet p\u00ebr zgjedhjet e ardhshme? &#8216;Trondit&#8217; Artan Hoxha, nxjerr zbuluar opozit\u00ebn: E keni kapur k\u00ebt\u00eb detaj&#8230;<\/p>\n<p>13 TETOR 2020<\/p>\n<p>P\u00ebr gazetarin Artan Hoxha kanabisi n\u00eb Shqip\u00ebri \u00ebsht\u00eb nj\u00eb problem politik. Sipas tij, sasia e madhe q\u00eb po shohim n\u00eb prodhim k\u00ebt\u00eb vit ndodh para fushat\u00ebs.<\/p>\n<p>Ai kapi dhe detajin interesant nga opozita q\u00eb k\u00ebt\u00eb vit ka q\u00ebndruar n\u00eb heshtje.<\/p>\n<p>&#8220;\u00c7\u00ebshtja e kanabisit nuk \u00ebsht\u00eb policore se po e pse k\u00ebshtu e kemi t\u00eb humbur betej\u00ebn, \u00ebsht\u00eb politike dhe kanabisi sivjet e dim\u00eb shum\u00eb mir\u00eb pse po p\u00ebrhapet masivisht. Nj\u00eb detaj interesant, pse opozita ka qen\u00eb n\u00eb heshtje koh\u00ebt e fundit p\u00ebr kanabisin. Jemi n\u00eb nj\u00eb vit para elektoral&#8221; tha Hoxha p\u00ebr Opinion.<\/p>\n<p>Gazeta Sot<\/p>\n","protected":false},"excerpt":{"rendered":"<p>\u00c7far\u00eb po p\u00ebrgatitet p\u00ebr zgjedhjet e ardhshme? &#8216;Trondit&#8217; Artan Hoxha, nxjerr zbuluar opozit\u00ebn: E keni kapur k\u00ebt\u00eb detaj&#8230; 13 TETOR 2020 P\u00ebr gazetarin Artan Hoxha kanabisi n\u00eb Shqip\u00ebri \u00ebsht\u00eb nj\u00eb problem politik. Sipas tij, sasia e madhe q\u00eb po shohim n\u00eb prodhim k\u00ebt\u00eb vit ndodh para fushat\u00ebs. Ai kapi dhe detajin interesant nga opozita q\u00eb [&hellip;]<\/p>\n","protected":false},"author":9,"featured_media":39651,"comment_status":"open","ping_status":"open","sticky":false,"template":"","format":"standard","meta":{"jetpack_post_was_ever_published":false,"_jetpack_newsletter_access":"","_jetpack_dont_email_post_to_subs":false,"_jetpack_newsletter_tier_id":0,"_jetpack_memberships_contains_paywalled_content":false,"_jetpack_memberships_contains_paid_content":false,"footnotes":"","jetpack_publicize_message":"","jetpack_publicize_feature_enabled":true,"jetpack_social_post_already_shared":true,"jetpack_social_options":{"image_generator_settings":{"template":"highway","default_image_id":0,"font":"","enabled":false},"version":2}},"categories":[27,2,35],"tags":[],"class_list":["post-39650","post","type-post","status-publish","format-standard","has-post-thumbnail","hentry","category-blogu-i-udhetarit","category-politika","category-shoqerore"],"jetpack_publicize_connections":[],"jetpack_featured_media_url":"https:\/\/i0.wp.com\/www.shqiperia.com\/blog\/wp-content\/uploads\/2020\/10\/800-0-5f857f16ce7e9.jpg?fit=800%2C496&ssl=1","jetpack_sharing_enabled":true,"jetpack_shortlink":"https:\/\/wp.me\/p5Z6wp-ajw","jetpack-related-posts":[{"id":45318,"url":"https:\/\/www.shqiperia.com\/blog\/u-eshte-kerkuar-ndihme-banditeve-situata-e-tensionuar-politike-ne-vend-artan-hoxha-nxjerr-prapaskenat-dhe-leshon-paralajmerimin-bombe-opozita-te-qendroje-larg\/","url_meta":{"origin":39650,"position":0},"title":"\u201cU \u00ebsht\u00eb k\u00ebrkuar ndihm\u00eb bandit\u00ebve\u201d\/ Situata e tensionuar politike n\u00eb vend, Artan Hoxha nxjerr prapaskenat dhe l\u00ebshon paralajm\u00ebrimin \u2018bomb\u00eb\u2019: &#8211; Opozita t\u00eb q\u00ebndroj\u00eb larg!","author":"Kurt Farka","date":"March 15, 2021","format":false,"excerpt":"\u201cU \u00ebsht\u00eb k\u00ebrkuar ndihm\u00eb bandit\u00ebve\u201d\/ Situata e tensionuar politike n\u00eb vend, Artan Hoxha nxjerr prapaskenat dhe l\u00ebshon paralajm\u00ebrimin \u2018bomb\u00eb\u2019: - Opozita t\u00eb q\u00ebndroj\u00eb larg! 15 MARS 2021 Afrimi i zgjedhjeve t\u00eb 25 prillit po shoq\u00ebrohet nga dita n\u00eb dit\u00eb me rritje t\u00eb tensionit mes partive politike. Gazetari investigativ Artan Hoxha\u2026","rel":"","context":"In &quot;Blogu i Udh\u00ebtarit&quot;","block_context":{"text":"Blogu i Udh\u00ebtarit","link":"https:\/\/www.shqiperia.com\/blog\/category\/blogu-i-udhetarit\/"},"img":{"alt_text":"","src":"https:\/\/i0.wp.com\/www.shqiperia.com\/blog\/wp-content\/uploads\/2021\/03\/Artan-Hoxha.jpg?fit=800%2C415&ssl=1&resize=350%2C200","width":350,"height":200,"srcset":"https:\/\/i0.wp.com\/www.shqiperia.com\/blog\/wp-content\/uploads\/2021\/03\/Artan-Hoxha.jpg?fit=800%2C415&ssl=1&resize=350%2C200 1x, https:\/\/i0.wp.com\/www.shqiperia.com\/blog\/wp-content\/uploads\/2021\/03\/Artan-Hoxha.jpg?fit=800%2C415&ssl=1&resize=525%2C300 1.5x, https:\/\/i0.wp.com\/www.shqiperia.com\/blog\/wp-content\/uploads\/2021\/03\/Artan-Hoxha.jpg?fit=800%2C415&ssl=1&resize=700%2C400 2x"},"classes":[]},{"id":46833,"url":"https:\/\/www.shqiperia.com\/blog\/pse-keni-filluar-te-keni-turp-per-termin-rilindje-i-permendi-ngjarjen-e-bujshme-rama-sherr-me-artan-hoxhen-kush-je-ti-qe\/","url_meta":{"origin":39650,"position":1},"title":"\u201cPse keni filluar t\u00eb keni turp p\u00ebr termin Rilindje?\u201d- I p\u00ebrmendi ngjarjen e bujshme, Rama sherr me Artan Hoxh\u00ebn: Kush je ti q\u00eb&#8230;","author":"Kurt Farka","date":"April 22, 2021","format":false,"excerpt":"\u201cPse keni filluar t\u00eb keni turp p\u00ebr termin Rilindje?\u201d\/ I p\u00ebrmendi ngjarjen e bujshme, Rama sherr me Artan Hoxh\u00ebn: Kush je ti q\u00eb... 22 PRILL 2021 Kryeministri Edi Rama e ka cil\u00ebsuar su vras\u00ebs Arb\u00ebr Paplek\u00ebn, i cili u vet\u00ebdor\u00ebzua pas masakr\u00ebs s\u00eb ndodhur nj\u00eb dit\u00eb m\u00eb par\u00eb n\u00eb Elbasan.\u2026","rel":"","context":"In &quot;Politika&quot;","block_context":{"text":"Politika","link":"https:\/\/www.shqiperia.com\/blog\/category\/politika\/"},"img":{"alt_text":"","src":"https:\/\/i0.wp.com\/www.shqiperia.com\/blog\/wp-content\/uploads\/2021\/04\/Edi-Rama-2.png?fit=640%2C377&ssl=1&resize=350%2C200","width":350,"height":200,"srcset":"https:\/\/i0.wp.com\/www.shqiperia.com\/blog\/wp-content\/uploads\/2021\/04\/Edi-Rama-2.png?fit=640%2C377&ssl=1&resize=350%2C200 1x, https:\/\/i0.wp.com\/www.shqiperia.com\/blog\/wp-content\/uploads\/2021\/04\/Edi-Rama-2.png?fit=640%2C377&ssl=1&resize=525%2C300 1.5x"},"classes":[]},{"id":87013,"url":"https:\/\/www.shqiperia.com\/blog\/kreu-i-organizatave-kriminale-eshte-me-i-madhi-fare-artan-hoxha-plas-bomben-suel-cela-ka-punuar-per-qeverine\/","url_meta":{"origin":39650,"position":2},"title":"\u201cKreu i organizatave kriminale, \u00ebsht\u00eb m\u00eb i madhi fare\u201d, Artan Hoxha \u201cplas\u201d bomb\u00ebn: &#8211; Suel \u00c7ela ka punuar p\u00ebr qeverin\u00eb","author":"Kurt Farka","date":"December 2, 2024","format":false,"excerpt":"3 Dhjetor 2024 Gazetari Artan Hoxha, ka folur sot p\u00ebr akuzat e SPAK ndaj tij p\u00ebr lidhje me band\u00ebn e Suel \u00c7el\u00ebs. N\u00eb nj\u00eb studio televizive, Hoxha u pyet p\u00ebr njohjen me Suel \u00c7el\u00ebn, t\u00eb akuzuar nga SPAK si kreu i band\u00ebs s\u00eb Elbasanit. Hoxha ka b\u00ebr\u00eb nj\u00eb kronologji t\u00eb\u2026","rel":"","context":"In &quot;Blogu i Udh\u00ebtarit&quot;","block_context":{"text":"Blogu i Udh\u00ebtarit","link":"https:\/\/www.shqiperia.com\/blog\/category\/blogu-i-udhetarit\/"},"img":{"alt_text":"","src":"https:\/\/i0.wp.com\/www.shqiperia.com\/blog\/wp-content\/uploads\/2024\/12\/artanhoxha-suelcela-.jpg?fit=750%2C375&ssl=1&resize=350%2C200","width":350,"height":200,"srcset":"https:\/\/i0.wp.com\/www.shqiperia.com\/blog\/wp-content\/uploads\/2024\/12\/artanhoxha-suelcela-.jpg?fit=750%2C375&ssl=1&resize=350%2C200 1x, https:\/\/i0.wp.com\/www.shqiperia.com\/blog\/wp-content\/uploads\/2024\/12\/artanhoxha-suelcela-.jpg?fit=750%2C375&ssl=1&resize=525%2C300 1.5x, https:\/\/i0.wp.com\/www.shqiperia.com\/blog\/wp-content\/uploads\/2024\/12\/artanhoxha-suelcela-.jpg?fit=750%2C375&ssl=1&resize=700%2C400 2x"},"classes":[]},{"id":28424,"url":"https:\/\/www.shqiperia.com\/blog\/do-te-digjet-shume-shpejt-trondit-artan-hoxha-kam-nje-video-per-nje-kryetar-bashkie-ja-kur-do-ta-publikoj\/","url_meta":{"origin":39650,"position":3},"title":"\u201cDo t\u00eb \u2018digjet\u2019 shum\u00eb shpejt\u201d, trondit Artan Hoxha: Kam nj\u00eb video p\u00ebr nj\u00eb kryetar bashkie, ja kur do ta publikoj. &#8211;","author":"Kurt Farka","date":"November 22, 2019","format":false,"excerpt":"\u201cDo t\u00eb \u2018digjet\u2019 shum\u00eb shpejt\u201d, trondit Artan Hoxha: Kam nj\u00eb video p\u00ebr nj\u00eb kryetar bashkie, ja kur do ta publikoj 21\/11\/2019 Gazetari Artan Hoxha tha se nj\u00eb kryetar\u00eb bashkie do t\u00eb \u201cdigjet\u201d shum\u00eb shpejt. Drejtuesi i emisionit lexoi nj\u00eb mesazh, ku flitej p\u00ebr nj\u00eb video q\u00eb disponon gazetari Artan Hoxha,\u2026","rel":"","context":"In &quot;Blogu i Udh\u00ebtarit&quot;","block_context":{"text":"Blogu i Udh\u00ebtarit","link":"https:\/\/www.shqiperia.com\/blog\/category\/blogu-i-udhetarit\/"},"img":{"alt_text":"","src":"https:\/\/i0.wp.com\/www.shqiperia.com\/blog\/wp-content\/uploads\/2019\/11\/artan-hoxha1.jpg?fit=633%2C347&ssl=1&resize=350%2C200","width":350,"height":200,"srcset":"https:\/\/i0.wp.com\/www.shqiperia.com\/blog\/wp-content\/uploads\/2019\/11\/artan-hoxha1.jpg?fit=633%2C347&ssl=1&resize=350%2C200 1x, https:\/\/i0.wp.com\/www.shqiperia.com\/blog\/wp-content\/uploads\/2019\/11\/artan-hoxha1.jpg?fit=633%2C347&ssl=1&resize=525%2C300 1.5x"},"classes":[]},{"id":39290,"url":"https:\/\/www.shqiperia.com\/blog\/kultivimi-i-kanabisit-artan-hoxha-ky-ishte-mesazhi-i-kryeministrit-rama\/","url_meta":{"origin":39650,"position":4},"title":"Kultivimi i kanabisit, Artan Hoxha: &#8211; Ky ishte mesazhi i kryeministrit Rama!","author":"Kurt Farka","date":"October 6, 2020","format":false,"excerpt":"Kultivimi i kanabisit, Artan Hoxha: - Ky ishte mesazhi i kryeministrit Rama! 5 TETOR 2020 P\u00ebr kultivimin k\u00ebt\u00eb vit, gazetari Artan Hoxha fajin e gjen edhe te deklarata e kryeministrit Edi Rama q\u00eb tha se do t\u00eb legalizohet kanabisi p\u00ebr q\u00ebllime mjek\u00ebsore, q\u00eb sipas tij ishte mesazh i qart\u00eb p\u00ebr\u2026","rel":"","context":"In &quot;Blogu i Udh\u00ebtarit&quot;","block_context":{"text":"Blogu i Udh\u00ebtarit","link":"https:\/\/www.shqiperia.com\/blog\/category\/blogu-i-udhetarit\/"},"img":{"alt_text":"","src":"https:\/\/i0.wp.com\/www.shqiperia.com\/blog\/wp-content\/uploads\/2020\/10\/800-0-5f7b6c3ab99ef.jpg?fit=800%2C462&ssl=1&resize=350%2C200","width":350,"height":200,"srcset":"https:\/\/i0.wp.com\/www.shqiperia.com\/blog\/wp-content\/uploads\/2020\/10\/800-0-5f7b6c3ab99ef.jpg?fit=800%2C462&ssl=1&resize=350%2C200 1x, https:\/\/i0.wp.com\/www.shqiperia.com\/blog\/wp-content\/uploads\/2020\/10\/800-0-5f7b6c3ab99ef.jpg?fit=800%2C462&ssl=1&resize=525%2C300 1.5x, https:\/\/i0.wp.com\/www.shqiperia.com\/blog\/wp-content\/uploads\/2020\/10\/800-0-5f7b6c3ab99ef.jpg?fit=800%2C462&ssl=1&resize=700%2C400 2x"},"classes":[]},{"id":42939,"url":"https:\/\/www.shqiperia.com\/blog\/ky-do-te-jete-problemi-i-madh-artan-hoxha-ben-parashikimin-e-zymte-per-2021-ja-cfare-pritet\/","url_meta":{"origin":39650,"position":5},"title":"\u201cKy do t\u00eb jet\u00eb problemi i madh\u201d, Artan Hoxha b\u00ebn parashikimin e zymt\u00eb p\u00ebr 2021: Ja \u00e7far\u00eb pritet","author":"Kurt Farka","date":"January 14, 2021","format":false,"excerpt":"\u201cKy do t\u00eb jet\u00eb problemi i madh\u201d, Artan Hoxha b\u00ebn parashikimin e zymt\u00eb p\u00ebr 2021: Ja \u00e7far\u00eb pritet 14 JANAR 2021 Gazetari investigativ Artan Hoxha ka komentuar aksionin q\u00eb finalizoi policia pak dit\u00eb m\u00eb par\u00eb p\u00ebr 28 parcelat me kanabis n\u00eb Skrapar, \u201ckokat\u201d e drog\u00ebs nuk jan\u00eb kapur. \u201cHetimet nuk\u2026","rel":"","context":"In &quot;Blogu i Udh\u00ebtarit&quot;","block_context":{"text":"Blogu i Udh\u00ebtarit","link":"https:\/\/www.shqiperia.com\/blog\/category\/blogu-i-udhetarit\/"},"img":{"alt_text":"","src":"https:\/\/i0.wp.com\/www.shqiperia.com\/blog\/wp-content\/uploads\/2021\/01\/hoxha.png?fit=1196%2C610&ssl=1&resize=350%2C200","width":350,"height":200,"srcset":"https:\/\/i0.wp.com\/www.shqiperia.com\/blog\/wp-content\/uploads\/2021\/01\/hoxha.png?fit=1196%2C610&ssl=1&resize=350%2C200 1x, https:\/\/i0.wp.com\/www.shqiperia.com\/blog\/wp-content\/uploads\/2021\/01\/hoxha.png?fit=1196%2C610&ssl=1&resize=525%2C300 1.5x, https:\/\/i0.wp.com\/www.shqiperia.com\/blog\/wp-content\/uploads\/2021\/01\/hoxha.png?fit=1196%2C610&ssl=1&resize=700%2C400 2x, https:\/\/i0.wp.com\/www.shqiperia.com\/blog\/wp-content\/uploads\/2021\/01\/hoxha.png?fit=1196%2C610&ssl=1&resize=1050%2C600 3x"},"classes":[]}],"_links":{"self":[{"href":"https:\/\/www.shqiperia.com\/blog\/wp-json\/wp\/v2\/posts\/39650","targetHints":{"allow":["GET"]}}],"collection":[{"href":"https:\/\/www.shqiperia.com\/blog\/wp-json\/wp\/v2\/posts"}],"about":[{"href":"https:\/\/www.shqiperia.com\/blog\/wp-json\/wp\/v2\/types\/post"}],"author":[{"embeddable":true,"href":"https:\/\/www.shqiperia.com\/blog\/wp-json\/wp\/v2\/users\/9"}],"replies":[{"embeddable":true,"href":"https:\/\/www.shqiperia.com\/blog\/wp-json\/wp\/v2\/comments?post=39650"}],"version-history":[{"count":1,"href":"https:\/\/www.shqiperia.com\/blog\/wp-json\/wp\/v2\/posts\/39650\/revisions"}],"predecessor-version":[{"id":39652,"href":"https:\/\/www.shqiperia.com\/blog\/wp-json\/wp\/v2\/posts\/39650\/revisions\/39652"}],"wp:featuredmedia":[{"embeddable":true,"href":"https:\/\/www.shqiperia.com\/blog\/wp-json\/wp\/v2\/media\/39651"}],"wp:attachment":[{"href":"https:\/\/www.shqiperia.com\/blog\/wp-json\/wp\/v2\/media?parent=39650"}],"wp:term":[{"taxonomy":"category","embeddable":true,"href":"https:\/\/www.shqiperia.com\/blog\/wp-json\/wp\/v2\/categories?post=39650"},{"taxonomy":"post_tag","embeddable":true,"href":"https:\/\/www.shqiperia.com\/blog\/wp-json\/wp\/v2\/tags?post=39650"}],"curies":[{"name":"wp","href":"https:\/\/api.w.org\/{rel}","templated":true}]}}