{"id":39644,"date":"2020-10-13T20:02:38","date_gmt":"2020-10-13T20:02:38","guid":{"rendered":"https:\/\/www.shqiperia.com\/blog\/?p=39644"},"modified":"2020-10-13T20:02:38","modified_gmt":"2020-10-13T20:02:38","slug":"ish-oficeri-i-sigurimit-pohon-akuzat-e-cia-s-se-shefi-i-gestapos-se-hitlerit-heinrich-myler-u-strehua-ne-tirane-dhe-zeri-i-popullit-e-pergenjeshtroi-pas-protestave-para-ambasades","status":"publish","type":"post","link":"https:\/\/www.shqiperia.com\/blog\/ish-oficeri-i-sigurimit-pohon-akuzat-e-cia-s-se-shefi-i-gestapos-se-hitlerit-heinrich-myler-u-strehua-ne-tirane-dhe-zeri-i-popullit-e-pergenjeshtroi-pas-protestave-para-ambasades\/","title":{"rendered":"Ish-oficeri i Sigurimit, pohon akuzat e CIA-s se shefi i Gestapos s\u00eb Hitlerit, Heinrich Myler, u strehua n\u00eb Tiran\u00eb dhe \u201cZ\u00ebri i Popullit\u201d e p\u00ebrg\u00ebnjeshtroi pas protestave para ambasad\u00ebs son\u00eb n\u00eb Vjen\u00eb\u2026fotot"},"content":{"rendered":"<p><img data-recalc-dims=\"1\" loading=\"lazy\" decoding=\"async\" data-attachment-id=\"39645\" data-permalink=\"https:\/\/www.shqiperia.com\/blog\/ish-oficeri-i-sigurimit-pohon-akuzat-e-cia-s-se-shefi-i-gestapos-se-hitlerit-heinrich-myler-u-strehua-ne-tirane-dhe-zeri-i-popullit-e-pergenjeshtroi-pas-protestave-para-ambasades\/1-4-copy\/\" data-orig-file=\"https:\/\/i0.wp.com\/www.shqiperia.com\/blog\/wp-content\/uploads\/2020\/10\/1-4-Copy.jpg?fit=511%2C256&amp;ssl=1\" data-orig-size=\"511,256\" data-comments-opened=\"1\" data-image-meta=\"{&quot;aperture&quot;:&quot;0&quot;,&quot;credit&quot;:&quot;Ukjent&quot;,&quot;camera&quot;:&quot;&quot;,&quot;caption&quot;:&quot;Riksprotektor i B\\u00f6hmen og M\\u00e4hren foretar bekransning p\\u00e5 \\u00e6reskirkeg\\u00e5rden p\\u00e5 Ekeberg september 1941 (Original bildetekst)&quot;,&quot;created_timestamp&quot;:&quot;0&quot;,&quot;copyright&quot;:&quot;Riksarkivet&quot;,&quot;focal_length&quot;:&quot;0&quot;,&quot;iso&quot;:&quot;0&quot;,&quot;shutter_speed&quot;:&quot;0&quot;,&quot;title&quot;:&quot;&quot;,&quot;orientation&quot;:&quot;0&quot;}\" data-image-title=\"1-4 &#8211; Copy\" data-image-description=\"\" data-image-caption=\"&lt;p&gt;Riksprotektor i B\u00f6hmen og M\u00e4hren foretar bekransning p\u00e5 \u00e6reskirkeg\u00e5rden p\u00e5 Ekeberg september 1941 (Original bildetekst)&lt;\/p&gt;\n\" data-medium-file=\"https:\/\/i0.wp.com\/www.shqiperia.com\/blog\/wp-content\/uploads\/2020\/10\/1-4-Copy.jpg?fit=300%2C150&amp;ssl=1\" data-large-file=\"https:\/\/i0.wp.com\/www.shqiperia.com\/blog\/wp-content\/uploads\/2020\/10\/1-4-Copy.jpg?fit=511%2C256&amp;ssl=1\" class=\" wp-image-39645\" alt=\"\" src=\"https:\/\/i0.wp.com\/www.shqiperia.com\/blog\/wp-content\/uploads\/2020\/10\/1-4-Copy.jpg?resize=630%2C315&#038;ssl=1\" width=\"630\" height=\"315\" srcset=\"https:\/\/i0.wp.com\/www.shqiperia.com\/blog\/wp-content\/uploads\/2020\/10\/1-4-Copy.jpg?resize=300%2C150&amp;ssl=1 300w, https:\/\/i0.wp.com\/www.shqiperia.com\/blog\/wp-content\/uploads\/2020\/10\/1-4-Copy.jpg?resize=450%2C225&amp;ssl=1 450w, https:\/\/i0.wp.com\/www.shqiperia.com\/blog\/wp-content\/uploads\/2020\/10\/1-4-Copy.jpg?resize=400%2C200&amp;ssl=1 400w, https:\/\/i0.wp.com\/www.shqiperia.com\/blog\/wp-content\/uploads\/2020\/10\/1-4-Copy.jpg?w=511&amp;ssl=1 511w\" sizes=\"auto, (max-width: 630px) 100vw, 630px\" \/><\/p>\n<p><a href=\"http:\/\/www.panorama.com.al\/ish-oficeri-i-sigurimit-pohon-akuzat-e-cia-s-se-shefi-i-gestapos-se-hitlerit-heinrich-myler-u-strehua-ne-tirane-dhe-zeri-i-popullit-e-pergenjeshtroi-pas-protestave-para-ambasades\/\">Ish-oficeri i Sigurimit, pohon akuzat e CIA-s se shefi i Gestapos s\u00eb Hitlerit, Heinrich Myler, u strehua n\u00eb Tiran\u00eb dhe \u201cZ\u00ebri i Popullit\u201d e p\u00ebrg\u00ebnjeshtroi pas protestave para ambasad\u00ebs son\u00eb n\u00eb Vjen\u00eb\u2026fotot <\/a><\/p>\n<p><em>Tetor 2020<\/em><em>\u00a0<\/em><\/p>\n<p><strong>Nga: Dashnor Kalo\u00e7i,<\/strong><\/p>\n<p><strong>Publikohen dokumentet e panjohura t\u00eb CIA-s\u00eb amerikane p\u00ebr Heinrich Mylerin, shefin e Gestapos naziste t\u00eb Hitlerit, p\u00ebr t\u00eb cilin thuhet se pas vitit 1945 u rr\u00ebmbye nga sovjetik\u00ebt dhe u d\u00ebrgua n\u00eb Mosk\u00eb, ku p\u00ebr vite me rradh\u00eb sh\u00ebrbeu p\u00ebr KGB-n\u00eb ruse t\u00eb Stalinit. Sipas sh\u00ebrbimeve t\u00eb fshehta amerikane, n\u00eb vitin 1956, Myleri erdhi n\u00eb Shqip\u00ebri dhe p\u00ebr vite me rradh\u00eb u vu n\u00eb sh\u00ebrbim t\u00eb Sigurimit t\u00eb Shtetit, n\u00ebn emrin e rrem\u00eb Abedin Beqiri, gj\u00eb e cila pohoet edhe nga disa ish-kuadro t\u00eb lart\u00eb t\u00eb Sigurimit t\u00eb Shtetit\u2026.?!<\/strong><\/p>\n<p>N\u00eb vitin 1945, menj\u00ebher\u00eb pas mbarimit t\u00eb Luft\u00ebs s\u00eb Dyt\u00eb Bot\u00ebrore, sipas marr\u00ebveshjes q\u00eb kishin b\u00ebr\u00eb tre fuqit\u00eb e M\u00ebdha: SHBA, Anglia dhe Bashkimi Sovjetik, sh\u00ebrbimet sekrete t\u00eb k\u00ebtyre vendeve, n\u00eb bashk\u00ebpunim edhe me ato t\u00eb shteteve t\u00eb tjera q\u00eb dol\u00ebn fituese nga ajo luft\u00eb, filluan ndjekjen, zbulimin dhe arrestimin e t\u00eb gjith\u00eb atyre personave q\u00eb akuzoheshin p\u00ebr krime lufte. N\u00eb k\u00ebt\u00eb kuad\u00ebr u ngrit dhe funksionoi Gjykata Nd\u00ebrkomb\u00ebtare e Krimeve t\u00eb Luft\u00ebs, e cila u b\u00eb e njohur me gjyqin e famsh\u00ebm t\u00eb Nurembergut, ku u gjykuan dhe u d\u00ebnuan nj\u00eb pjes\u00eb e eksponent\u00ebve t\u00eb lart\u00eb t\u00eb kupol\u00ebs naziste t\u00eb Adolf Hitlerit, t\u00eb cil\u00ebt kishin b\u00ebr\u00eb krime lufte.<\/p>\n<p>Por n\u00eb bank\u00ebn e t\u00eb akuzuarve t\u00eb atij gjyqi mungonin edhe shum\u00eb ish-oficer\u00eb t\u00eb lart\u00eb t\u00eb Shtabit t\u00eb Hitlerit, t\u00eb cil\u00ebt n\u00eb fundin e luft\u00ebs kishin mundur t\u00eb arratiseshin dhe m\u00eb pas t\u00eb fshiheshin, duke i shp\u00ebtuar gjykimit. Nj\u00eb nga ta ishte dhe Heinrich Myleri, kreu i Gestapos naziste, p\u00ebr t\u00eb cilin thuhet se ka qen\u00eb n\u00eb bunkerin e Kancelaris\u00eb s\u00eb Reisch-ut, deri n\u00eb momentin e fundit kur aty hyn\u00eb ushtar\u00ebt sovjetik. Aty humbi gjurm\u00ebt e tij.<\/p>\n<p><img data-recalc-dims=\"1\" loading=\"lazy\" decoding=\"async\" data-attachment-id=\"39646\" data-permalink=\"https:\/\/www.shqiperia.com\/blog\/ish-oficeri-i-sigurimit-pohon-akuzat-e-cia-s-se-shefi-i-gestapos-se-hitlerit-heinrich-myler-u-strehua-ne-tirane-dhe-zeri-i-popullit-e-pergenjeshtroi-pas-protestave-para-ambasades\/berlin-besuch-der-ungarischen-polizeiabordnung\/\" data-orig-file=\"https:\/\/i0.wp.com\/www.shqiperia.com\/blog\/wp-content\/uploads\/2020\/10\/2-3.jpg?fit=800%2C571&amp;ssl=1\" data-orig-size=\"800,571\" data-comments-opened=\"1\" data-image-meta=\"{&quot;aperture&quot;:&quot;0&quot;,&quot;credit&quot;:&quot;Bundesarchiv&quot;,&quot;camera&quot;:&quot;&quot;,&quot;caption&quot;:&quot;&quot;,&quot;created_timestamp&quot;:&quot;0&quot;,&quot;copyright&quot;:&quot;&quot;,&quot;focal_length&quot;:&quot;0&quot;,&quot;iso&quot;:&quot;0&quot;,&quot;shutter_speed&quot;:&quot;0&quot;,&quot;title&quot;:&quot;Berlin, Besuch der ungarischen Polizeiabordnung&quot;,&quot;orientation&quot;:&quot;0&quot;}\" data-image-title=\"Berlin, Besuch der ungarischen Polizeiabordnung\" data-image-description=\"\" data-image-caption=\"\" data-medium-file=\"https:\/\/i0.wp.com\/www.shqiperia.com\/blog\/wp-content\/uploads\/2020\/10\/2-3.jpg?fit=300%2C214&amp;ssl=1\" data-large-file=\"https:\/\/i0.wp.com\/www.shqiperia.com\/blog\/wp-content\/uploads\/2020\/10\/2-3.jpg?fit=800%2C571&amp;ssl=1\" class=\"alignnone  wp-image-39646\" alt=\"\" src=\"https:\/\/i0.wp.com\/www.shqiperia.com\/blog\/wp-content\/uploads\/2020\/10\/2-3.jpg?resize=477%2C340&#038;ssl=1\" width=\"477\" height=\"340\" srcset=\"https:\/\/i0.wp.com\/www.shqiperia.com\/blog\/wp-content\/uploads\/2020\/10\/2-3.jpg?resize=300%2C214&amp;ssl=1 300w, https:\/\/i0.wp.com\/www.shqiperia.com\/blog\/wp-content\/uploads\/2020\/10\/2-3.jpg?resize=768%2C548&amp;ssl=1 768w, https:\/\/i0.wp.com\/www.shqiperia.com\/blog\/wp-content\/uploads\/2020\/10\/2-3.jpg?resize=450%2C321&amp;ssl=1 450w, https:\/\/i0.wp.com\/www.shqiperia.com\/blog\/wp-content\/uploads\/2020\/10\/2-3.jpg?resize=600%2C428&amp;ssl=1 600w, https:\/\/i0.wp.com\/www.shqiperia.com\/blog\/wp-content\/uploads\/2020\/10\/2-3.jpg?resize=400%2C286&amp;ssl=1 400w, https:\/\/i0.wp.com\/www.shqiperia.com\/blog\/wp-content\/uploads\/2020\/10\/2-3.jpg?w=800&amp;ssl=1 800w\" sizes=\"auto, (max-width: 477px) 100vw, 477px\" \/><\/p>\n<p>Thuhet se n\u00eb momentin kur ushtar\u00ebt rus\u00eb po merrnin n\u00ebn kontroll strofull\u00ebn e fundit t\u00eb Hitlerit, Myleri u rr\u00ebmbye nga KGB-ja ruse dhe m\u00eb pas u d\u00ebrgua n\u00eb Bashkimin Sovjetik t\u00eb Stalinit, ku p\u00ebr vite me rradh\u00eb i sh\u00ebrbeu Mosk\u00ebs zyrtare dhe sh\u00ebrbimeve t\u00eb fshehta ruse q\u00eb udh\u00ebhiqeshin \u00a0nga Lavrentiy Beria. Q\u00eb nga viti 1945 e n\u00eb vazhdim, p\u00ebr fatin e Mylerit jan\u00eb dh\u00ebn\u00eb e shkruar me dhjetra version, nganj\u00ebher\u00eb dhe kontradiktore me nj\u00ebra tjetr\u00ebn. Nga disa d\u00ebshmi t\u00eb CIA-s amerikane, b\u00ebhet e ditur se n\u00eb vitin 1956, Myleri ka ardhur edhe n\u00eb Shqip\u00ebri, ku p\u00ebr vite me rradh\u00eb i ka sh\u00ebrbyer Sigurimit t\u00eb Shtetit t\u00eb rregjimit komunist t\u00eb Enver Hoxh\u00ebs.<\/p>\n<p><strong>Kush ishte\u00a0Heinrich Myler?<\/strong><\/p>\n<p>Heinrich Myler u lind m\u00eb 28 prill t\u00eb vitit 1900. N\u00eb Luft\u00ebn e Par\u00eb Bot\u00ebrore ai sh\u00ebrbeu si shef n\u00eb policin\u00eb e Mynihut, ku shum\u00eb shpejt u b\u00eb i njohur si antikomunist. N\u00eb vitin 1923, Heinrich dhe Geringu, themeluan Policin\u00eb Sekrete t\u00eb shtetit gjerman, e cila shkurt njihet me emrin GESTAPO. M\u00eb pas, Myleri mori pjes\u00eb si efektiv n\u00eb rradh\u00ebt e RSHA (Zyra e Sigurimit t\u00eb Rajhut), ku sh\u00ebrbeu si udh\u00ebheq\u00ebs n\u00eb organet drejtuese t\u00eb saj, deri n\u00eb shtatorin e vitit 1939, kur Gjermania pushtoi Polonin\u00eb.<\/p>\n<p>Me vrasjen e Heinrich n\u00eb \u00c7ekoskllovaki m\u00eb 1942-in, Myleri u em\u00ebrua si shef i Gestapos dhe n\u00eb at\u00eb koh\u00eb ai filloi p\u00ebrndjekjet ndaj elemet\u00ebve komunist\u00eb gjerman\u00eb, hebrenj\u00ebve dhe rob\u00ebrve rus, t\u00eb cil\u00ebt ekzekutoheshin n\u00eb kampet e p\u00ebrq\u00ebndrimit.<\/p>\n<p><img data-recalc-dims=\"1\" loading=\"lazy\" decoding=\"async\" data-attachment-id=\"39647\" data-permalink=\"https:\/\/www.shqiperia.com\/blog\/ish-oficeri-i-sigurimit-pohon-akuzat-e-cia-s-se-shefi-i-gestapos-se-hitlerit-heinrich-myler-u-strehua-ne-tirane-dhe-zeri-i-popullit-e-pergenjeshtroi-pas-protestave-para-ambasades\/4-4-2\/\" data-orig-file=\"https:\/\/i0.wp.com\/www.shqiperia.com\/blog\/wp-content\/uploads\/2020\/10\/4-4.jpg?fit=600%2C969&amp;ssl=1\" data-orig-size=\"600,969\" data-comments-opened=\"1\" data-image-meta=\"{&quot;aperture&quot;:&quot;0&quot;,&quot;credit&quot;:&quot;&quot;,&quot;camera&quot;:&quot;&quot;,&quot;caption&quot;:&quot;&quot;,&quot;created_timestamp&quot;:&quot;0&quot;,&quot;copyright&quot;:&quot;&quot;,&quot;focal_length&quot;:&quot;0&quot;,&quot;iso&quot;:&quot;0&quot;,&quot;shutter_speed&quot;:&quot;0&quot;,&quot;title&quot;:&quot;&quot;,&quot;orientation&quot;:&quot;0&quot;}\" data-image-title=\"4-4\" data-image-description=\"\" data-image-caption=\"\" data-medium-file=\"https:\/\/i0.wp.com\/www.shqiperia.com\/blog\/wp-content\/uploads\/2020\/10\/4-4.jpg?fit=186%2C300&amp;ssl=1\" data-large-file=\"https:\/\/i0.wp.com\/www.shqiperia.com\/blog\/wp-content\/uploads\/2020\/10\/4-4.jpg?fit=600%2C969&amp;ssl=1\" class=\"alignnone  wp-image-39647\" alt=\"\" src=\"https:\/\/i0.wp.com\/www.shqiperia.com\/blog\/wp-content\/uploads\/2020\/10\/4-4.jpg?resize=277%2C447&#038;ssl=1\" width=\"277\" height=\"447\" srcset=\"https:\/\/i0.wp.com\/www.shqiperia.com\/blog\/wp-content\/uploads\/2020\/10\/4-4.jpg?resize=186%2C300&amp;ssl=1 186w, https:\/\/i0.wp.com\/www.shqiperia.com\/blog\/wp-content\/uploads\/2020\/10\/4-4.jpg?resize=450%2C727&amp;ssl=1 450w, https:\/\/i0.wp.com\/www.shqiperia.com\/blog\/wp-content\/uploads\/2020\/10\/4-4.jpg?resize=400%2C646&amp;ssl=1 400w, https:\/\/i0.wp.com\/www.shqiperia.com\/blog\/wp-content\/uploads\/2020\/10\/4-4.jpg?w=600&amp;ssl=1 600w\" sizes=\"auto, (max-width: 277px) 100vw, 277px\" \/><\/p>\n<p>N\u00eb tetorin e vitit 1944, me propozimin e Hitlerit, Myleri u dekorua me Kryqin e Hekurt, si shp\u00ebrblim p\u00ebr shtypjen e pu\u00e7it anti-Hitler q\u00eb kishte ndodhur n\u00eb korrikun e vitit 1944. Nj\u00eb nga sukseset m\u00eb t\u00eb njohra t\u00eb sh\u00ebrbimeve t\u00eb fshehta t\u00eb Gjermanis\u00eb naziste, n\u00eb koh\u00ebn q\u00eb ajo udh\u00ebhiqej nga Myleri, ishte dhe asgj\u00ebsimi i organizat\u00ebs \u201cOrkestra e kuqe\u201d dhe marrja e informacioneve nga ana e spiunazhit sovjetik, gjat\u00eb periudh\u00ebs s\u00eb Luft\u00ebs s\u00eb Dyt\u00eb Bot\u00ebrore.<\/p>\n<p>Pas mbarimit t\u00eb luft\u00ebs, n\u00eb vitin 1945, Myleri dhe miku i ngusht\u00eb i itj,\u00a0<a href=\"https:\/\/en.wikipedia.org\/wiki\/Walter_Schellenberg\">Walter Schellenberg<\/a>, u vun\u00eb n\u00eb dispozicion t\u00eb sh\u00ebrbimeve sekrete t\u00eb Mosk\u00ebs dhe punuan p\u00ebr Bashkimin Sovjetik t\u00eb Stalinit.<\/p>\n<p>Nga viti 1946 e deri m\u00eb 1963-in, Myleri punoi p\u00ebr sh\u00ebrbimet sekrete t\u00eb Bashkimit Sovjetik, \u00c7ekoskllovakis\u00eb dhe Argjentin\u00ebs. N\u00eb disa raste, Myleri i jepte informacione KGB-s\u00eb ruse, p\u00ebr bazat e amerikan\u00ebve t\u00eb instaluara n\u00eb Gjermanin\u00eb Per\u00ebndimore. M\u00eb 1963-in Myleri u arratis n\u00eb Kub\u00eb dhe m\u00eb pas n\u00eb Argjentin\u00eb, e cila n\u00eb at\u00eb koh\u00eb kishte n\u00eb krye Presidentin Juan Peron. Ka edhe nj\u00eb version tjet\u00ebr lidhur me zhdukjen e Mylerit, i cili jepet nga lideri komunist \u00e7ek, Rudolf Barak, q\u00eb tregon se agjent\u00ebt e KGB-s\u00eb e rr\u00ebmbyen Mylerin nga Argjentina dhe me disa gjerman\u00eb t\u00eb tjer\u00eb e d\u00ebrguan n\u00eb nj\u00eb burg t\u00eb Bashkimit Sovjetik.<\/p>\n<p>Nj\u00eb version tjet\u00ebr p\u00ebr Mylerin jepet edhe nga Alois Brunner\u00a0 \u00a0( komandant i nj\u00eb kampi p\u00ebrq\u00ebndrimi p\u00ebr hebrenjt\u00eb, q\u00eb ndodhej n\u00eb Franc\u00eb), i cili ka shkruar se Myleri u strehua n\u00eb Siri dhe se ai (pra Myleri), nuk \u00ebsht\u00eb fajtor p\u00ebr \u201czgjidhjen\u201d finale t\u00eb problemit t\u00eb hebrenj\u00ebve.<\/p>\n<p>D\u00ebshmi t\u00eb tjera n\u00eb lidhje me Mylerin jepen edhe nga Marvin Hier, themeluesi i Qendr\u00ebs s\u00eb Holokaustit\u201d Simon wiesenthal\u201d n\u00eb Los Angelos, i cili ka d\u00ebshmuar: \u201dMyleri nuk \u00ebsht\u00eb gjykuar kurr\u00eb p\u00ebr ato q\u00eb ka b\u00ebr\u00eb gjat\u00eb luft\u00ebs dhe se p\u00ebr t\u00eb nuk kemi marr\u00eb vesh asgj\u00eb\u201d.<\/p>\n<p>N\u00eb vitin 1946, sh\u00ebrbimet e fshehta t\u00eb ushtris\u00eb amerikane kan\u00eb b\u00ebr\u00eb t\u00eb ditur se mbas luft\u00ebs Myleri \u00ebsht\u00eb vet\u00ebvrar\u00eb s\u00eb bashku me gruan dhe tre f\u00ebmij\u00ebt e tyre. Sipas CIA-s\u00eb, Myleri dhe Eichman (bashk\u00ebpun\u00ebtor i tij n\u00eb krime lufte), kan\u00eb q\u00ebndruar n\u00eb nj\u00eb tunel n\u00ebntok\u00ebsor n\u00eb Berlin, nga ku m\u00eb von\u00eb dol\u00ebn n\u00eb ilegalitet me emra t\u00eb rrem\u00eb. Eichman u arrestua m\u00eb 1960 nga agjent\u00ebt e sh\u00ebrbimeve t\u00eb fshehta izraelite (Mossadi ) dhe u vra prej tyren\u00eb Jerusalem, nd\u00ebrsa Myleri iku n\u00eb Rusi e m\u00eb pas n\u00eb Amerik\u00ebn Latine.<\/p>\n<p><strong>K\u00ebrkimi i par\u00eb p\u00ebr Mylerin e Gestapos<\/strong><\/p>\n<p>Mbas hyrjes s\u00eb trupave anglo-amerikane n\u00eb Berlin, sh\u00ebrbimet e fshehta britanike t\u00eb kund\u00ebrspiunazhit n\u00eb bashk\u00ebpunim me ato kund\u00ebrspiunazhit amerikan, filluan t\u00eb hartonin nj\u00eb plan t\u00eb detajuar deri n\u00eb holl\u00ebsira p\u00ebr arrestimin dhe gjykimin e kriminel\u00ebve nazist\u00eb t\u00eb luft\u00ebs.<\/p>\n<p>N\u00eb planet e listat e tyre, m\u00eb i r\u00ebnd\u00ebsishmi ishte Heinrich Myleri, s\u00eb bashku me\u00a0<a href=\"https:\/\/en.wikipedia.org\/wiki\/Walter_Schellenberg\">Schellenberg<\/a>, Ohlendrof, Steimle dhe Sanderberger, t\u00eb cil\u00ebt pas luft\u00ebs ishin zhdukur, ose b\u00ebnin loj\u00eb t\u00eb dyfisht\u00eb me agjenturat e huaja t\u00eb vendeve komuniste t\u00eb Lindjes, si p. sh., me KGB-n\u00eb e Bashkimit Sovjetik, n\u00eb rastin\u00a0 e Mylerit. M\u00eb 22 gusht 1945, sh\u00ebrbimet e fshehta amerikane besonin se kishin arrestuar Heinrich Mylerin, por doli se e gjitha kjo ishte nj\u00eb dezinformim, pasi ata kishin arrestuar Walter Huppenkothen, persekutuesin e \u201cOrkestr\u00ebs s\u00eb kuqe\u201d dhe jo shefin e tij (Mylerin). Nj\u00eb zbulim i m\u00ebvon\u00ebsh\u00ebm i b\u00ebr\u00eb nga George\u00a0Blake, Harri Hjungton dhe Heinz Felfe, tregon se sipas d\u00ebshmive t\u00eb Mikail Golinevski (shefi sh\u00ebrbimeve t\u00eb fshehta polake deri n\u00eb vitin 1958), nga viti 1948 deri n\u00eb 1958-\u00ebn, nga informacione t\u00eb mbledhura p\u00ebr kriminel\u00ebt e luft\u00ebs, del se Myleri q\u00ebndronte n\u00eb Mosk\u00eb me ndihm\u00ebn e KGB-s\u00eb.<\/p>\n<p>I nj\u00ebjti informacion jepet edhe nga Jakobs Loegles (ish-shefi i Gestapos s\u00eb Gdanskut n\u00eb Poloni), i cili m\u00eb von\u00eb sh\u00ebrbeu e punoi p\u00ebr BND-n\u00eb (Sh\u00ebrbimi i Fsheht\u00eb Informativi Republik\u00ebs Federale Gjermane).<\/p>\n<p><img data-recalc-dims=\"1\" loading=\"lazy\" decoding=\"async\" data-attachment-id=\"39648\" data-permalink=\"https:\/\/www.shqiperia.com\/blog\/ish-oficeri-i-sigurimit-pohon-akuzat-e-cia-s-se-shefi-i-gestapos-se-hitlerit-heinrich-myler-u-strehua-ne-tirane-dhe-zeri-i-popullit-e-pergenjeshtroi-pas-protestave-para-ambasades\/1-4-4\/\" data-orig-file=\"https:\/\/i0.wp.com\/www.shqiperia.com\/blog\/wp-content\/uploads\/2020\/10\/1-4.jpg?fit=800%2C602&amp;ssl=1\" data-orig-size=\"800,602\" data-comments-opened=\"1\" data-image-meta=\"{&quot;aperture&quot;:&quot;0&quot;,&quot;credit&quot;:&quot;Ukjent&quot;,&quot;camera&quot;:&quot;&quot;,&quot;caption&quot;:&quot;&quot;,&quot;created_timestamp&quot;:&quot;0&quot;,&quot;copyright&quot;:&quot;Riksarkivet&quot;,&quot;focal_length&quot;:&quot;0&quot;,&quot;iso&quot;:&quot;0&quot;,&quot;shutter_speed&quot;:&quot;0&quot;,&quot;title&quot;:&quot;&quot;,&quot;orientation&quot;:&quot;0&quot;}\" data-image-title=\"1-4\" data-image-description=\"\" data-image-caption=\"\" data-medium-file=\"https:\/\/i0.wp.com\/www.shqiperia.com\/blog\/wp-content\/uploads\/2020\/10\/1-4.jpg?fit=300%2C226&amp;ssl=1\" data-large-file=\"https:\/\/i0.wp.com\/www.shqiperia.com\/blog\/wp-content\/uploads\/2020\/10\/1-4.jpg?fit=800%2C602&amp;ssl=1\" class=\"alignnone  wp-image-39648\" alt=\"\" src=\"https:\/\/i0.wp.com\/www.shqiperia.com\/blog\/wp-content\/uploads\/2020\/10\/1-4.jpg?resize=503%2C379&#038;ssl=1\" width=\"503\" height=\"379\" srcset=\"https:\/\/i0.wp.com\/www.shqiperia.com\/blog\/wp-content\/uploads\/2020\/10\/1-4.jpg?resize=300%2C226&amp;ssl=1 300w, https:\/\/i0.wp.com\/www.shqiperia.com\/blog\/wp-content\/uploads\/2020\/10\/1-4.jpg?resize=768%2C578&amp;ssl=1 768w, https:\/\/i0.wp.com\/www.shqiperia.com\/blog\/wp-content\/uploads\/2020\/10\/1-4.jpg?resize=450%2C339&amp;ssl=1 450w, https:\/\/i0.wp.com\/www.shqiperia.com\/blog\/wp-content\/uploads\/2020\/10\/1-4.jpg?resize=600%2C452&amp;ssl=1 600w, https:\/\/i0.wp.com\/www.shqiperia.com\/blog\/wp-content\/uploads\/2020\/10\/1-4.jpg?resize=400%2C301&amp;ssl=1 400w, https:\/\/i0.wp.com\/www.shqiperia.com\/blog\/wp-content\/uploads\/2020\/10\/1-4.jpg?w=800&amp;ssl=1 800w\" sizes=\"auto, (max-width: 503px) 100vw, 503px\" \/><\/p>\n<p><strong>Fundi i Luft\u00ebs dhe Myleri<\/strong><\/p>\n<p>N\u00eb vitin e fundit t\u00eb Luft\u00ebs,Heinrich Myler ende besonte n\u00eb fitoren e nazizmit. N\u00eb at\u00eb koh\u00eb ai bashk\u00ebpunoi me oficer\u00ebt e kund\u00ebrspiunazhit gjerman dhe n\u00eb dhjetorin e 1944-s\u00eb, n\u00eb pyllin e Ardene ata korr\u00ebn nj\u00eb sukses t\u00eb p\u00ebrkohsh\u00ebm kund\u00ebr amerikan\u00ebve. Gjat\u00eb k\u00ebsaj kohe, agjent\u00ebt e tij b\u00ebnin loj\u00eb t\u00eb dyfisht\u00eb me sovjetik\u00ebt. Nj\u00eb num\u00ebr i konsideruesh\u00ebm i agjent\u00ebve t\u00eb Mylerit, mbas lufte u kthyen te sovjetik\u00ebt, gj\u00eb t\u00eb cil\u00ebn e ka d\u00ebshmuar edhe Walter Schellenberg (ish-shefi i RASH) kur tha: \u201dMyleri u kishte th\u00ebn\u00eb n\u00eb radio rus\u00ebve, se Stalini ishte lider m\u00eb superior se Hitleri\u201d.<\/p>\n<p>Por sipas nj\u00eb zbulimi t\u00eb agjent\u00ebve t\u00eb CIA-s dhe d\u00ebshmis\u00eb s\u00eb Heinz Pannwitz (sekretar n\u00eb Gestapo), b\u00ebhet e ditur se Myleri absolutisht nuk e kishte th\u00ebn\u00eb kurr\u00eb nj\u00eb gj\u00eb t\u00eb till\u00eb, dhe se ai kishte urdh\u00ebruar likujdimin e \u201cOrkestr\u00ebs s\u00eb Kuqe\u201d (organi i spiunazhit sovjetik).<\/p>\n<p><strong>Hipoteza p\u00ebr vdekjen e Mylerit<\/strong><\/p>\n<p>Pas lufte, autoritetet gjermane pun\u00ebsuan tre ish-major\u00eb nazist\u00eb p\u00ebr t\u00eb v\u00ebrtetuar vdekjen e Mylerit. Nga d\u00ebshmit\u00eb e majorit t\u00eb par\u00eb me emrin Fritz Leopold (ish-oficer n\u00eb morgun e Berlinit), b\u00ebhet e ditur se trupi i pa jet\u00eb i Mylerit \u00ebsht\u00eb nxjerr\u00eb nga morgu e prej disa oficer\u00ebve t\u00eb SS (efektiva t\u00eb shtabit t\u00eb RSHA) n\u00eb rrug\u00ebn \u201cPrinc Albert\u201d (2 km nga Kancelaria e Reisch-ut) dhe \u00ebsht\u00eb varrosur n\u00eb per\u00ebndim t\u00eb qytetit. Por m\u00eb von\u00eb kjo deklarat\u00eb e tyre u p\u00ebrg\u00ebnjeshtrua, sepse n\u00eb at\u00eb koh\u00eb dhe n\u00eb at\u00eb vend, rezultoi se ishte varrosur nj\u00eb njeri tjet\u00ebr, tet\u00eb vjet m\u00eb i ri se Myleri.<\/p>\n<p>D\u00ebshmia e dyt\u00eb vjen nga Heinz Pannwitz (punonj\u00ebs n\u00eb RSHA), i cili tregonte se Myleri u dor\u00ebzua te sovjetik\u00ebt dhe m\u00eb 1957-\u00ebn ai punoi p\u00ebr BVD). Por ai ka theksuar se gjat\u00eb fundit t\u00eb Luft\u00ebs Myleri ishte bllokuar n\u00eb tunelin e Kancelaris\u00eb dhe se atij i ishte gjetur vet\u00ebm koka dhe dokumentet e identifikimit.<\/p>\n<p>D\u00ebshmia e tret\u00eb vjen nga Valter Luders (rekrut i Volkshturm), i cili tregon se gjat\u00eb dit\u00ebve t\u00eb fundit n\u00eb kop\u00ebshtin e Reisch-ut Kancelaris\u00eb, midis dhjetra kufomave t\u00eb zakonshme, dallohej edhe nj\u00eb kufom\u00eb n\u00eb veshjen e s\u00eb cil\u00ebs dukeshin qart\u00eb medaljet dhe gradat e nj\u00eb oficeri madhor SS.<\/p>\n<p>M\u00eb pas, kjo kufom\u00eb, e cila mendohej se ishte e Mylerit, u zhvendos n\u00eb \u201dSheshin e vjet\u00ebr t\u00eb hebrenj\u00ebve\u201d, n\u00eb sektorin sovjetik, ku m\u00eb pas u zhduk n\u00eb rrethana t\u00eb pa qarta. N\u00eb vitin 1955, Zyra e Informacionit p\u00ebr Ushtrin\u00eb Gjermane pohon se dhjet\u00eb vjet m\u00eb par\u00eb, n\u00eb Grasen-Hamburgerstrase, po aty ishte varrosur trupi i Mylerit. Por pohimet dhe informacionet nuk ishin t\u00eb plota. Ato nuk u p\u00ebrm\u00ebnd\u00ebn kurr\u00eb n\u00eb dosjen e aleat\u00ebve p\u00ebr Mylerin.<\/p>\n<p>Nga disa t\u00eb dh\u00ebna t\u00eb tjera t\u00eb CIA-s, n\u00eb lidhje me veprimtarin\u00eb e Mylerit, b\u00ebhet e ditur se mbas luft\u00ebs ai \u00ebsht\u00eb strehuar n\u00eb Afrik\u00ebn e Jugut, Rumani, Turqi, Bashkimin Sovjetik, Argjentin\u00eb dhe m\u00eb von\u00eb n\u00eb Shqip\u00ebri. N\u00eb Shqip\u00ebri ai \u00ebsht\u00eb marr\u00eb n\u00ebn mbrojtjen e punonj\u00ebsve komunist\u00eb t\u00eb Sigurimit t\u00eb Shtetit t\u00eb Tiran\u00ebs zyrtare, t\u00eb cil\u00ebt e kan\u00eb mbajtur at\u00eb t\u00eb fshehur n\u00ebn emrin e rrem\u00eb: Abedin Beqir Nikoshir. Por KGB-ja, ku thuhet se ka punuar vet\u00eb Myleri, ka nxjerr\u00eb edhe ajo versionin e saj. Sipas Mosk\u00ebs, Myleri ka vdekur n\u00eb Berlin n\u00eb maj t\u00eb vitit 1945.<\/p>\n<p><strong>N\u00eb 1965-\u00ebn, \u201cZ\u00ebri I Popullit\u201d p\u00ebrg\u00ebnjeshtroi strehimin e Mylerit n\u00eb Shqip\u00ebri<\/strong><\/p>\n<p>Versionet dhe d\u00ebshmit\u00eb e ndryshme p\u00ebr nj\u00eb strehim t\u00eb mund\u00ebsh\u00ebm n\u00eb Shqip\u00ebrin\u00eb komuniste t\u00eb Enver Hoxh\u00ebs p\u00ebr ish kreun e Gestapos nazistet\u00eb Adolf Hitlerit, Heinrich Myler, nuk jan\u00eb krejt\u00eb t\u00eb pa njohura. Disa ish-funksionar\u00ebt\u00eb lart\u00eb t\u00eb Sigurimit t\u00eb Shtetit Shqiptar, t\u00eb cil\u00ebt para viteve \u201990-t\u00eb kan\u00eb sh\u00ebrbyer n\u00eb disa p\u00ebrfaq\u00ebsi dhe ambasada t\u00eb vendit tone (t\u00eb akredituara kryesisht n\u00eb Per\u00ebndim), duke u kamufluar n\u00ebn petkun e diplomatit, kan\u00eb d\u00ebshmuar n\u00eb m\u00ebnyr\u00eb kofidenciale p\u00ebr Memorie.al \u00a0se \u201d\u00e7\u00ebshtja Myler\u201d nuk \u00ebsht\u00eb e panjohur dhe e re p\u00ebr ta.<\/p>\n<p>Sipas tyre, aty nga viti 1956 kur Hrushovi po nd\u00ebrmerrte destalinizimin e Bashkimit Sovjetik, qarqe fanatike t\u00eb KGB-s\u00eb e larguan Mylerin nga Moska dhe e soll\u00ebn n\u00eb Shqip\u00ebri, duke e par\u00eb vendin ton\u00eb si m\u00eb t\u00eb sigurt dhe m\u00eb t\u00eb mbyllur ndaj bot\u00ebs. Sipas tyre, thuhet se Myleri u mbajt p\u00ebr vite me rradh\u00eb n\u00ebn masa t\u00eb rrepta sigurie n\u00eb nj\u00eb prej dhomave t\u00eb godin\u00ebs s\u00eb Drejtoris\u00eb s\u00eb Zbulimit Shqiptar (br\u00ebnda Pallatit t\u00eb Brigadave), t\u00eb cil\u00ebs dhe i sh\u00ebrbeu p\u00ebr vite me radh\u00eb. P\u00ebr identitetin e v\u00ebrtet\u00eb t\u00eb Mylerit dhe vendodhjen e tij n\u00eb Tiran\u00eb, kishin dijeni vet\u00ebm Enver Hoxha, Mehmet Shehu, Hysni Kapo e Kadri Hazbiu. Ky sekret u ruajt deri n\u00eb fillimin e viteve \u201960-t\u00eb, kur Shqip\u00ebria i prishi marr\u00ebdh\u00ebniet me Bashkimin Sovjetik.<\/p>\n<p>Q\u00eb nga ajo koh\u00eb, her\u00eb pas here disa vende per\u00ebndimore i k\u00ebrkonin Tiran\u00ebs zyrtare q\u00eb t\u00eb dor\u00ebzonte ish-kreun e Gestapos naziste t\u00eb Adolf Hitlerit. Sipas d\u00ebshmis\u00eb s\u00eb nj\u00ebrit prej ish-diplomat\u00ebve tan\u00eb n\u00eb Per\u00ebndim, aty nga viti 1965, gati \u00e7do dit\u00eb pran\u00eb ambasad\u00ebs shqiptare n\u00eb Vjen\u00eb (ku asokohe sh\u00ebrbente si ambasador Mehmet \u00c7aka), dor\u00ebzoheshin letra e nota proteste ku i k\u00ebrkohej qeveris\u00eb s\u00eb Tiran\u00ebs q\u00eb t\u00eb dor\u00ebzonte Mylerin.<\/p>\n<p>Nisur nga kjo gj\u00eb, me an\u00eb t\u00eb Agjensis\u00eb Telegrafike Shqiptare (ATSH), Tirana zyrtare i p\u00ebrg\u00ebnjeshtroi lajmet e dh\u00ebna se Myleri strehohej n\u00eb Shqip\u00ebri. P\u00ebrg\u00ebnjeshtrimi i shkurt\u00ebr i ATSH-s\u00eb, n\u00eb at\u00eb koh\u00eb u botua n\u00eb pak rreshta edhe nga gazeta \u201cZ\u00ebri I Popullit\u201d, organ i KQ t\u00eb PPSH-s\u00eb.<\/p>\n<p>Por gjurm\u00ebt e Mylerit nuk humbin p\u00ebrfundimisht n\u00eb Shqip\u00ebri, pasi thuhet, se pak para prishjes me kinez\u00ebt, ai u morr prej tyre dhe p\u00ebrfundoi n\u00eb Republik\u00ebn Popullore t\u00eb Kin\u00ebs nga ku nuk dihet m\u00eb shum\u00eb se si shkoi fati i tij\u2026?<strong>\/<\/strong><\/p>\n<p><a href=\"https:\/\/memorie.al\/\"><strong>Memorie.al<\/strong><\/a><\/p>\n","protected":false},"excerpt":{"rendered":"<p>Ish-oficeri i Sigurimit, pohon akuzat e CIA-s se shefi i Gestapos s\u00eb Hitlerit, Heinrich Myler, u strehua n\u00eb Tiran\u00eb dhe \u201cZ\u00ebri i Popullit\u201d e p\u00ebrg\u00ebnjeshtroi pas protestave para ambasad\u00ebs son\u00eb n\u00eb Vjen\u00eb\u2026fotot Tetor 2020\u00a0 Nga: Dashnor Kalo\u00e7i, Publikohen dokumentet e panjohura t\u00eb CIA-s\u00eb amerikane p\u00ebr Heinrich Mylerin, shefin e Gestapos naziste t\u00eb Hitlerit, p\u00ebr t\u00eb [&hellip;]<\/p>\n","protected":false},"author":9,"featured_media":39645,"comment_status":"open","ping_status":"open","sticky":false,"template":"","format":"standard","meta":{"jetpack_post_was_ever_published":false,"_jetpack_newsletter_access":"","_jetpack_dont_email_post_to_subs":false,"_jetpack_newsletter_tier_id":0,"_jetpack_memberships_contains_paywalled_content":false,"_jetpack_memberships_contains_paid_content":false,"footnotes":"","jetpack_publicize_message":"","jetpack_publicize_feature_enabled":true,"jetpack_social_post_already_shared":true,"jetpack_social_options":{"image_generator_settings":{"template":"highway","default_image_id":0,"font":"","enabled":false},"version":2}},"categories":[27,85,35],"tags":[],"class_list":["post-39644","post","type-post","status-publish","format-standard","has-post-thumbnail","hentry","category-blogu-i-udhetarit","category-histori","category-shoqerore"],"jetpack_publicize_connections":[],"jetpack_featured_media_url":"https:\/\/i0.wp.com\/www.shqiperia.com\/blog\/wp-content\/uploads\/2020\/10\/1-4-Copy.jpg?fit=511%2C256&ssl=1","jetpack_sharing_enabled":true,"jetpack_shortlink":"https:\/\/wp.me\/p5Z6wp-ajq","jetpack-related-posts":[{"id":74409,"url":"https:\/\/www.shqiperia.com\/blog\/rrezikon-20-vite-burg-mediat-amerikane-ish-agjenti-i-larte-i-fbi-se-mcgonigal-deklarohet-sot-fajtor\/","url_meta":{"origin":39644,"position":0},"title":"Rrezikon 20 vite burg, mediat amerikane: &#8211; Ish-agjenti i lart\u00eb i FBI-s\u00eb, McGonigal deklarohet sot fajtor","author":"Kurt Farka","date":"September 22, 2023","format":false,"excerpt":"22 Shtator 2023 Ish-agjenti i lart\u00eb i FBI-s\u00eb, Charles McGonigal, pritet t\u00eb deklarohet fajtor t\u00eb premten p\u00ebr akuzat se ka fshehur 225,000 dollar\u00eb pagesa n\u00eb cash nga nj\u00eb ish-oficer i inteligjenc\u00ebs shqiptare, i cili u b\u00eb burim n\u00eb nj\u00eb hetim t\u00eb FBI-s\u00eb, tregojn\u00eb t\u00eb dh\u00ebnat e gjykat\u00ebs, raporton\u00a0reuters. McGonigal, i\u2026","rel":"","context":"In &quot;Blogu i Udh\u00ebtarit&quot;","block_context":{"text":"Blogu i Udh\u00ebtarit","link":"https:\/\/www.shqiperia.com\/blog\/category\/blogu-i-udhetarit\/"},"img":{"alt_text":"","src":"https:\/\/i0.wp.com\/www.shqiperia.com\/blog\/wp-content\/uploads\/2023\/09\/640-0-a5187738f3c19274f17f664dba22ab6a.jpg?fit=640%2C381&ssl=1&resize=350%2C200","width":350,"height":200,"srcset":"https:\/\/i0.wp.com\/www.shqiperia.com\/blog\/wp-content\/uploads\/2023\/09\/640-0-a5187738f3c19274f17f664dba22ab6a.jpg?fit=640%2C381&ssl=1&resize=350%2C200 1x, https:\/\/i0.wp.com\/www.shqiperia.com\/blog\/wp-content\/uploads\/2023\/09\/640-0-a5187738f3c19274f17f664dba22ab6a.jpg?fit=640%2C381&ssl=1&resize=525%2C300 1.5x"},"classes":[]},{"id":50215,"url":"https:\/\/www.shqiperia.com\/blog\/evakuohet-nga-serbia-oficeri-amerikan-i-cia-s-sulme-me-burime-energjie-qe-cojne-ne-humbje-te-kujteses-sindroma-e-havanes-zgjerohet\/","url_meta":{"origin":39644,"position":1},"title":"Evakuohet nga Serbia oficeri amerikan i CIA-s. \u00a0\u00a0&#8211; \u201cSulme me burime energjie q\u00eb \u00e7ojn\u00eb n\u00eb humbje t\u00eb kujtes\u00ebs\u201d\/ Sindroma e Havan\u00ebs zgjerohet.","author":"Kurt Farka","date":"October 1, 2021","format":false,"excerpt":"Evakuohet nga Serbia oficeri amerikan i CIA-s. \u00a0\u00a0- \u201cSulme me burime energjie q\u00eb \u00e7ojn\u00eb n\u00eb humbje t\u00eb kujtes\u00ebs\u201d\/ Sindroma e Havan\u00ebs zgjerohet. 30 shtator \u00a02021 \u201cSulme me burime energjie q\u00eb \u00e7ojn\u00eb n\u00eb humbje t\u00eb kujtes\u00ebs\u201d\/ Sindroma e Havan\u00ebs zgjerohet, evakuohet nga Serbia oficeri amerikan i CIA-s CIA evakuoi nj\u00eb oficer\u2026","rel":"","context":"In &quot;Blogu i Udh\u00ebtarit&quot;","block_context":{"text":"Blogu i Udh\u00ebtarit","link":"https:\/\/www.shqiperia.com\/blog\/category\/blogu-i-udhetarit\/"},"img":{"alt_text":"","src":"https:\/\/i0.wp.com\/www.shqiperia.com\/blog\/wp-content\/uploads\/2021\/10\/sindroma-havana-770x404-1-905x450-1.jpeg?fit=839%2C450&ssl=1&resize=350%2C200","width":350,"height":200,"srcset":"https:\/\/i0.wp.com\/www.shqiperia.com\/blog\/wp-content\/uploads\/2021\/10\/sindroma-havana-770x404-1-905x450-1.jpeg?fit=839%2C450&ssl=1&resize=350%2C200 1x, https:\/\/i0.wp.com\/www.shqiperia.com\/blog\/wp-content\/uploads\/2021\/10\/sindroma-havana-770x404-1-905x450-1.jpeg?fit=839%2C450&ssl=1&resize=525%2C300 1.5x, https:\/\/i0.wp.com\/www.shqiperia.com\/blog\/wp-content\/uploads\/2021\/10\/sindroma-havana-770x404-1-905x450-1.jpeg?fit=839%2C450&ssl=1&resize=700%2C400 2x"},"classes":[]},{"id":74413,"url":"https:\/\/www.shqiperia.com\/blog\/mcgonigal-rrezikon-20-vite-burg-cfare-shkruajne-mediat-e-sotme-amerikane\/","url_meta":{"origin":39644,"position":2},"title":"McGonigal rrezikon 20 vite burg? &#8211; \u00c7far\u00eb shkruajn\u00eb mediat e sotme amerikane","author":"Kurt Farka","date":"September 22, 2023","format":false,"excerpt":"22 Shtator 2023 Ish-agjenti i lart\u00eb i FBI-s\u00eb, Charles McGonigal pritet t\u00eb deklarohet fajtor t\u00eb premten p\u00ebr akuzat se ka fshehur 225,000 dollar\u00eb pagesa n\u00eb cash nga nj\u00eb ish-oficer i inteligjenc\u00ebs shqiptare, i cili u b\u00eb burim n\u00eb nj\u00eb hetim t\u00eb FBI-s\u00eb, tregojn\u00eb t\u00eb dh\u00ebnat e gjykat\u00ebs, raporton\u00a0Reuters. McGonigal, i\u2026","rel":"","context":"In &quot;Blogu i Udh\u00ebtarit&quot;","block_context":{"text":"Blogu i Udh\u00ebtarit","link":"https:\/\/www.shqiperia.com\/blog\/category\/blogu-i-udhetarit\/"},"img":{"alt_text":"","src":"https:\/\/i0.wp.com\/www.shqiperia.com\/blog\/wp-content\/uploads\/2023\/09\/images-3-1.jpg?resize=350%2C200&ssl=1","width":350,"height":200,"srcset":"https:\/\/i0.wp.com\/www.shqiperia.com\/blog\/wp-content\/uploads\/2023\/09\/images-3-1.jpg?resize=350%2C200&ssl=1 1x, https:\/\/i0.wp.com\/www.shqiperia.com\/blog\/wp-content\/uploads\/2023\/09\/images-3-1.jpg?resize=525%2C300&ssl=1 1.5x"},"classes":[]},{"id":43394,"url":"https:\/\/www.shqiperia.com\/blog\/mein-kampf-i-hitlerit-shitjet-bejne-kerdine-ne-poloni\/","url_meta":{"origin":39644,"position":3},"title":"&#8220;Mein Kampf&#8221; i Hitlerit, shitjet b\u00ebjn\u00eb k\u00ebrdin\u00eb n\u00eb Poloni","author":"Kurt Farka","date":"January 26, 2021","format":false,"excerpt":"\"Mein Kampf\" i Hitlerit, shitjet b\u00ebjn\u00eb k\u00ebrdin\u00eb n\u00eb Poloni 24 JANAR 2021 Pes\u00eb vite pas botimit gjermanisht t\u00eb librit \u201eMein Kampf\" nga Instituti p\u00ebr Historin\u00eb Bashk\u00ebkohore (IfZ) n\u00eb Mynih tanim\u00eb vjen nj\u00eb botim tjet\u00ebr shkencor i k\u00ebtij libri n\u00eb Poloni. Shitja ishte planifikuar t\u00eb fillonte m\u00eb 20 janar n\u00eb Poloni,\u2026","rel":"","context":"In &quot;Blogu i Udh\u00ebtarit&quot;","block_context":{"text":"Blogu i Udh\u00ebtarit","link":"https:\/\/www.shqiperia.com\/blog\/category\/blogu-i-udhetarit\/"},"img":{"alt_text":"","src":"https:\/\/i0.wp.com\/www.shqiperia.com\/blog\/wp-content\/uploads\/2021\/01\/640-0-600da0768424e.jpg?fit=640%2C360&ssl=1&resize=350%2C200","width":350,"height":200,"srcset":"https:\/\/i0.wp.com\/www.shqiperia.com\/blog\/wp-content\/uploads\/2021\/01\/640-0-600da0768424e.jpg?fit=640%2C360&ssl=1&resize=350%2C200 1x, https:\/\/i0.wp.com\/www.shqiperia.com\/blog\/wp-content\/uploads\/2021\/01\/640-0-600da0768424e.jpg?fit=640%2C360&ssl=1&resize=525%2C300 1.5x"},"classes":[]},{"id":67131,"url":"https:\/\/www.shqiperia.com\/blog\/ish-oficeri-i-njohur-i-cia-nxjerr-prapaskenat-e-forta-nga-dosja-mcgonigal-ish-agjenti-i-fbi-u-pagua-nga-qeveria-shqiptare-mori-225-mije-dollare-ryshfet-ja-cfare-fshehu-dhe-detajet\/","url_meta":{"origin":39644,"position":4},"title":"Ish-oficeri i njohur i CIA nxjerr prapaskenat e forta nga dosja \u201cMcGonigal\u201d: Ish-agjenti i FBI u pagua nga qeveria shqiptare, mori 225 mij\u00eb dollar\u00eb ryshfet, ja \u00e7far\u00eb fshehu dhe detajet q\u00eb mund ta fundosin","author":"Kurt Farka","date":"February 1, 2023","format":false,"excerpt":"1 Shkurt 2023 \u201cCharles McGonigal u b\u00eb nj\u00eb nga zyrtar\u00ebt m\u00eb t\u00eb lart\u00eb t\u00eb FBI-s\u00eb q\u00eb u vendos n\u00ebn akuz\u00eb pasi pretendohet se ka p\u00ebrfituar shuma t\u00eb m\u00ebdha parash nga nj\u00eb oligark rus dhe nga qeveria shqiptare\u201d. K\u00ebshtu deklaroi ish-oficeri i njohur i CIA, Kevin Carroll n\u00eb nj\u00eb intervist\u00eb me\u2026","rel":"","context":"In &quot;Blogu i Udh\u00ebtarit&quot;","block_context":{"text":"Blogu i Udh\u00ebtarit","link":"https:\/\/www.shqiperia.com\/blog\/category\/blogu-i-udhetarit\/"},"img":{"alt_text":"","src":"https:\/\/i0.wp.com\/www.shqiperia.com\/blog\/wp-content\/uploads\/2023\/02\/800-0-63da6715cbf09.png?fit=800%2C400&ssl=1&resize=350%2C200","width":350,"height":200,"srcset":"https:\/\/i0.wp.com\/www.shqiperia.com\/blog\/wp-content\/uploads\/2023\/02\/800-0-63da6715cbf09.png?fit=800%2C400&ssl=1&resize=350%2C200 1x, https:\/\/i0.wp.com\/www.shqiperia.com\/blog\/wp-content\/uploads\/2023\/02\/800-0-63da6715cbf09.png?fit=800%2C400&ssl=1&resize=525%2C300 1.5x, https:\/\/i0.wp.com\/www.shqiperia.com\/blog\/wp-content\/uploads\/2023\/02\/800-0-63da6715cbf09.png?fit=800%2C400&ssl=1&resize=700%2C400 2x"},"classes":[]},{"id":39590,"url":"https:\/\/www.shqiperia.com\/blog\/u-konfirmuar-zyrtarisht-si-kandidat-per-deputet-ne-listat-e-pd-reagon-ish-shefi-erzen-brecani-dhe-ben-premtimin-e-madh-nje-rezultat-befasues-qe-me-emocionoi-shume\/","url_meta":{"origin":39644,"position":5},"title":"U konfirmuar zyrtarisht si kandidat p\u00ebr deputet n\u00eb listat e PD, reagon ish-shefi Erzen Bre\u00e7ani dhe b\u00ebn premtimin e madh: Nj\u00eb rezultat befasues q\u00eb m\u00eb emocionoi shum\u00eb!","author":"Kurt Farka","date":"October 12, 2020","format":false,"excerpt":"U konfirmuar zyrtarisht si kandidat p\u00ebr deputet n\u00eb listat e PD, reagon ish-shefi Erzen Bre\u00e7ani dhe b\u00ebn premtimin e madh: Nj\u00eb rezultat befasues q\u00eb m\u00eb emocionoi shum\u00eb! 11 TETOR 2020 Pjes\u00eb e list\u00ebt s\u00eb kandidat\u00ebve p\u00ebr deputet q\u00eb u konfirmuar p\u00ebr PD n\u00eb Tiran\u00eb \u00ebsht\u00eb edhe ish-shefi i lart\u00eb i\u2026","rel":"","context":"In &quot;Blogu i Udh\u00ebtarit&quot;","block_context":{"text":"Blogu i Udh\u00ebtarit","link":"https:\/\/www.shqiperia.com\/blog\/category\/blogu-i-udhetarit\/"},"img":{"alt_text":"","src":"https:\/\/i0.wp.com\/www.shqiperia.com\/blog\/wp-content\/uploads\/2020\/10\/800-0-5f8307560c883.jpg?fit=800%2C420&ssl=1&resize=350%2C200","width":350,"height":200,"srcset":"https:\/\/i0.wp.com\/www.shqiperia.com\/blog\/wp-content\/uploads\/2020\/10\/800-0-5f8307560c883.jpg?fit=800%2C420&ssl=1&resize=350%2C200 1x, https:\/\/i0.wp.com\/www.shqiperia.com\/blog\/wp-content\/uploads\/2020\/10\/800-0-5f8307560c883.jpg?fit=800%2C420&ssl=1&resize=525%2C300 1.5x, https:\/\/i0.wp.com\/www.shqiperia.com\/blog\/wp-content\/uploads\/2020\/10\/800-0-5f8307560c883.jpg?fit=800%2C420&ssl=1&resize=700%2C400 2x"},"classes":[]}],"_links":{"self":[{"href":"https:\/\/www.shqiperia.com\/blog\/wp-json\/wp\/v2\/posts\/39644","targetHints":{"allow":["GET"]}}],"collection":[{"href":"https:\/\/www.shqiperia.com\/blog\/wp-json\/wp\/v2\/posts"}],"about":[{"href":"https:\/\/www.shqiperia.com\/blog\/wp-json\/wp\/v2\/types\/post"}],"author":[{"embeddable":true,"href":"https:\/\/www.shqiperia.com\/blog\/wp-json\/wp\/v2\/users\/9"}],"replies":[{"embeddable":true,"href":"https:\/\/www.shqiperia.com\/blog\/wp-json\/wp\/v2\/comments?post=39644"}],"version-history":[{"count":1,"href":"https:\/\/www.shqiperia.com\/blog\/wp-json\/wp\/v2\/posts\/39644\/revisions"}],"predecessor-version":[{"id":39649,"href":"https:\/\/www.shqiperia.com\/blog\/wp-json\/wp\/v2\/posts\/39644\/revisions\/39649"}],"wp:featuredmedia":[{"embeddable":true,"href":"https:\/\/www.shqiperia.com\/blog\/wp-json\/wp\/v2\/media\/39645"}],"wp:attachment":[{"href":"https:\/\/www.shqiperia.com\/blog\/wp-json\/wp\/v2\/media?parent=39644"}],"wp:term":[{"taxonomy":"category","embeddable":true,"href":"https:\/\/www.shqiperia.com\/blog\/wp-json\/wp\/v2\/categories?post=39644"},{"taxonomy":"post_tag","embeddable":true,"href":"https:\/\/www.shqiperia.com\/blog\/wp-json\/wp\/v2\/tags?post=39644"}],"curies":[{"name":"wp","href":"https:\/\/api.w.org\/{rel}","templated":true}]}}