{"id":39638,"date":"2020-10-13T15:10:22","date_gmt":"2020-10-13T15:10:22","guid":{"rendered":"https:\/\/www.shqiperia.com\/blog\/?p=39638"},"modified":"2020-10-13T15:10:37","modified_gmt":"2020-10-13T15:10:37","slug":"mbajtja-e-maskave-ne-ambiente-te-hapura-eshte-totalisht-e-demshme","status":"publish","type":"post","link":"https:\/\/www.shqiperia.com\/blog\/mbajtja-e-maskave-ne-ambiente-te-hapura-eshte-totalisht-e-demshme\/","title":{"rendered":"Mbajtja e maskave ne ambiente te hapura \u00ebsht\u00eb totalisht e d\u00ebmshme."},"content":{"rendered":"<p><img data-recalc-dims=\"1\" loading=\"lazy\" decoding=\"async\" data-attachment-id=\"39639\" data-permalink=\"https:\/\/www.shqiperia.com\/blog\/mbajtja-e-maskave-ne-ambiente-te-hapura-eshte-totalisht-e-demshme\/edi-rama-44\/\" data-orig-file=\"https:\/\/i0.wp.com\/www.shqiperia.com\/blog\/wp-content\/uploads\/2020\/10\/Edi-Rama-1.jpg?fit=515%2C302&amp;ssl=1\" data-orig-size=\"515,302\" data-comments-opened=\"1\" data-image-meta=\"{&quot;aperture&quot;:&quot;0&quot;,&quot;credit&quot;:&quot;&quot;,&quot;camera&quot;:&quot;&quot;,&quot;caption&quot;:&quot;&quot;,&quot;created_timestamp&quot;:&quot;0&quot;,&quot;copyright&quot;:&quot;&quot;,&quot;focal_length&quot;:&quot;0&quot;,&quot;iso&quot;:&quot;0&quot;,&quot;shutter_speed&quot;:&quot;0&quot;,&quot;title&quot;:&quot;&quot;,&quot;orientation&quot;:&quot;0&quot;}\" data-image-title=\"Edi-Rama\" data-image-description=\"\" data-image-caption=\"\" data-medium-file=\"https:\/\/i0.wp.com\/www.shqiperia.com\/blog\/wp-content\/uploads\/2020\/10\/Edi-Rama-1.jpg?fit=300%2C176&amp;ssl=1\" data-large-file=\"https:\/\/i0.wp.com\/www.shqiperia.com\/blog\/wp-content\/uploads\/2020\/10\/Edi-Rama-1.jpg?fit=515%2C302&amp;ssl=1\" class=\"alignnone  wp-image-39639\" alt=\"\" src=\"https:\/\/i0.wp.com\/www.shqiperia.com\/blog\/wp-content\/uploads\/2020\/10\/Edi-Rama-1.jpg?resize=465%2C273&#038;ssl=1\" width=\"465\" height=\"273\" srcset=\"https:\/\/i0.wp.com\/www.shqiperia.com\/blog\/wp-content\/uploads\/2020\/10\/Edi-Rama-1.jpg?resize=300%2C176&amp;ssl=1 300w, https:\/\/i0.wp.com\/www.shqiperia.com\/blog\/wp-content\/uploads\/2020\/10\/Edi-Rama-1.jpg?resize=450%2C264&amp;ssl=1 450w, https:\/\/i0.wp.com\/www.shqiperia.com\/blog\/wp-content\/uploads\/2020\/10\/Edi-Rama-1.jpg?resize=400%2C235&amp;ssl=1 400w, https:\/\/i0.wp.com\/www.shqiperia.com\/blog\/wp-content\/uploads\/2020\/10\/Edi-Rama-1.jpg?w=515&amp;ssl=1 515w\" sizes=\"auto, (max-width: 465px) 100vw, 465px\" \/><\/p>\n<p><strong>Mbajtja e maskave ne ambiente te hapura \u00ebsht\u00eb totalisht e d\u00ebmshme.<\/strong><\/p>\n<p>Nga\u00a0<strong>Renato Osmenaj<\/strong>\u00a0(Xhaxhi Doktori)*<\/p>\n<p>Maskat n\u00eb ambient t\u00eb hapur jo vet\u00ebm q\u00eb nuk kan\u00eb asnj\u00eb vler\u00eb mbrojt\u00ebse por ndikojn\u00eb shum\u00eb negativisht te personat q\u00eb mund t\u00eb jen\u00eb t\u00eb prekur nga corona dhe jan\u00eb n\u00eb faz\u00eb inkubacioni apo asimptomatik\u00eb, si dhe shtojn\u0113 mund\u00ebsin\u00eb e p\u00ebrhapjes s\u00eb virusit!<\/p>\n<p>Kjo ndodh sepse:<\/p>\n<p>1- rrisin doz\u00ebn e kontaminimit n\u00eb m\u00ebnyr\u00eb autologe ne pamund\u00ebsi t\u00eb ekspiracioni 100%.<\/p>\n<p>2- n\u00ebse k\u00ebta persona mbas mbajtjes n\u00eb rrug\u00eb t\u00eb mask\u00ebs hyjn\u00eb n\u00eb ambiente t\u00eb mbyllura ( bare, restorante etj) hedhin n\u00eb ambient doza m\u00eb t\u00eb larta sesa do t\u00eb hidhnin n\u00ebse nuk do akumulonin ngarkesa false nga mbajtja e maskave n\u00eb rrug\u00eb.<\/p>\n<p>Dometh\u00ebn\u00eb mbajtja e maskave ne ambiente te hapura \u00ebsht\u00eb totalisht e d\u00ebmshme.<\/p>\n<div id=\"attachment_39640\" style=\"width: 430px\" class=\"wp-caption alignnone\"><img data-recalc-dims=\"1\" loading=\"lazy\" decoding=\"async\" aria-describedby=\"caption-attachment-39640\" data-attachment-id=\"39640\" data-permalink=\"https:\/\/www.shqiperia.com\/blog\/mbajtja-e-maskave-ne-ambiente-te-hapura-eshte-totalisht-e-demshme\/renato-osmenaj-xhaxhi-doktori\/\" data-orig-file=\"https:\/\/i0.wp.com\/www.shqiperia.com\/blog\/wp-content\/uploads\/2020\/10\/Renato-Osmenaj-Xhaxhi-Doktori.jpg?fit=347%2C335&amp;ssl=1\" data-orig-size=\"347,335\" data-comments-opened=\"1\" data-image-meta=\"{&quot;aperture&quot;:&quot;0&quot;,&quot;credit&quot;:&quot;&quot;,&quot;camera&quot;:&quot;&quot;,&quot;caption&quot;:&quot;&quot;,&quot;created_timestamp&quot;:&quot;0&quot;,&quot;copyright&quot;:&quot;&quot;,&quot;focal_length&quot;:&quot;0&quot;,&quot;iso&quot;:&quot;0&quot;,&quot;shutter_speed&quot;:&quot;0&quot;,&quot;title&quot;:&quot;&quot;,&quot;orientation&quot;:&quot;0&quot;}\" data-image-title=\"Renato Osmenaj Xhaxhi Doktori\" data-image-description=\"\" data-image-caption=\"&lt;p&gt;Renato Osmenaj Xhaxhi Doktori&lt;\/p&gt;\n\" data-medium-file=\"https:\/\/i0.wp.com\/www.shqiperia.com\/blog\/wp-content\/uploads\/2020\/10\/Renato-Osmenaj-Xhaxhi-Doktori.jpg?fit=300%2C290&amp;ssl=1\" data-large-file=\"https:\/\/i0.wp.com\/www.shqiperia.com\/blog\/wp-content\/uploads\/2020\/10\/Renato-Osmenaj-Xhaxhi-Doktori.jpg?fit=347%2C335&amp;ssl=1\" class=\" wp-image-39640\" alt=\"\" src=\"https:\/\/i0.wp.com\/www.shqiperia.com\/blog\/wp-content\/uploads\/2020\/10\/Renato-Osmenaj-Xhaxhi-Doktori.jpg?resize=420%2C406&#038;ssl=1\" width=\"420\" height=\"406\" srcset=\"https:\/\/i0.wp.com\/www.shqiperia.com\/blog\/wp-content\/uploads\/2020\/10\/Renato-Osmenaj-Xhaxhi-Doktori.jpg?resize=300%2C290&amp;ssl=1 300w, https:\/\/i0.wp.com\/www.shqiperia.com\/blog\/wp-content\/uploads\/2020\/10\/Renato-Osmenaj-Xhaxhi-Doktori.jpg?w=347&amp;ssl=1 347w\" sizes=\"auto, (max-width: 420px) 100vw, 420px\" \/><p id=\"caption-attachment-39640\" class=\"wp-caption-text\">Renato Osmenaj Xhaxhi Doktori<\/p><\/div>\n<p>Baba me Ogin ja kan\u00eb futur kot!<\/p>\n<div id=\"attachment_39641\" style=\"width: 619px\" class=\"wp-caption alignnone\"><img data-recalc-dims=\"1\" loading=\"lazy\" decoding=\"async\" aria-describedby=\"caption-attachment-39641\" data-attachment-id=\"39641\" data-permalink=\"https:\/\/www.shqiperia.com\/blog\/mbajtja-e-maskave-ne-ambiente-te-hapura-eshte-totalisht-e-demshme\/edi-rama-45\/\" data-orig-file=\"https:\/\/i0.wp.com\/www.shqiperia.com\/blog\/wp-content\/uploads\/2020\/10\/Edi-Rama-4.jpg?fit=515%2C302&amp;ssl=1\" data-orig-size=\"515,302\" data-comments-opened=\"1\" data-image-meta=\"{&quot;aperture&quot;:&quot;0&quot;,&quot;credit&quot;:&quot;&quot;,&quot;camera&quot;:&quot;&quot;,&quot;caption&quot;:&quot;&quot;,&quot;created_timestamp&quot;:&quot;0&quot;,&quot;copyright&quot;:&quot;&quot;,&quot;focal_length&quot;:&quot;0&quot;,&quot;iso&quot;:&quot;0&quot;,&quot;shutter_speed&quot;:&quot;0&quot;,&quot;title&quot;:&quot;&quot;,&quot;orientation&quot;:&quot;0&quot;}\" data-image-title=\"Edi-Rama\" data-image-description=\"\" data-image-caption=\"&lt;p&gt;Edi-Rama&lt;\/p&gt;\n\" data-medium-file=\"https:\/\/i0.wp.com\/www.shqiperia.com\/blog\/wp-content\/uploads\/2020\/10\/Edi-Rama-4.jpg?fit=300%2C176&amp;ssl=1\" data-large-file=\"https:\/\/i0.wp.com\/www.shqiperia.com\/blog\/wp-content\/uploads\/2020\/10\/Edi-Rama-4.jpg?fit=515%2C302&amp;ssl=1\" class=\" wp-image-39641\" alt=\"\" src=\"https:\/\/i0.wp.com\/www.shqiperia.com\/blog\/wp-content\/uploads\/2020\/10\/Edi-Rama-4.jpg?resize=609%2C357&#038;ssl=1\" width=\"609\" height=\"357\" srcset=\"https:\/\/i0.wp.com\/www.shqiperia.com\/blog\/wp-content\/uploads\/2020\/10\/Edi-Rama-4.jpg?resize=300%2C176&amp;ssl=1 300w, https:\/\/i0.wp.com\/www.shqiperia.com\/blog\/wp-content\/uploads\/2020\/10\/Edi-Rama-4.jpg?resize=450%2C264&amp;ssl=1 450w, https:\/\/i0.wp.com\/www.shqiperia.com\/blog\/wp-content\/uploads\/2020\/10\/Edi-Rama-4.jpg?resize=400%2C235&amp;ssl=1 400w, https:\/\/i0.wp.com\/www.shqiperia.com\/blog\/wp-content\/uploads\/2020\/10\/Edi-Rama-4.jpg?w=515&amp;ssl=1 515w\" sizes=\"auto, (max-width: 609px) 100vw, 609px\" \/><p id=\"caption-attachment-39641\" class=\"wp-caption-text\">Edi-Rama<\/p><\/div>\n<p>* Renato Osmenaj ose i njohur n\u00eb rrjet si\u00a0<a href=\"https:\/\/www.facebook.com\/profile.php?id=100009496479144\">Xhaxhi Doktori<\/a>\u00a0\u00ebsht\u00eb mjek radiolog<\/p>\n","protected":false},"excerpt":{"rendered":"<p>Mbajtja e maskave ne ambiente te hapura \u00ebsht\u00eb totalisht e d\u00ebmshme. Nga\u00a0Renato Osmenaj\u00a0(Xhaxhi Doktori)* Maskat n\u00eb ambient t\u00eb hapur jo vet\u00ebm q\u00eb nuk kan\u00eb asnj\u00eb vler\u00eb mbrojt\u00ebse por ndikojn\u00eb shum\u00eb negativisht te personat q\u00eb mund t\u00eb jen\u00eb t\u00eb prekur nga corona dhe jan\u00eb n\u00eb faz\u00eb inkubacioni apo asimptomatik\u00eb, si dhe shtojn\u0113 mund\u00ebsin\u00eb e p\u00ebrhapjes s\u00eb [&hellip;]<\/p>\n","protected":false},"author":9,"featured_media":39639,"comment_status":"open","ping_status":"open","sticky":false,"template":"","format":"standard","meta":{"jetpack_post_was_ever_published":false,"_jetpack_newsletter_access":"","_jetpack_dont_email_post_to_subs":false,"_jetpack_newsletter_tier_id":0,"_jetpack_memberships_contains_paywalled_content":false,"_jetpack_memberships_contains_paid_content":false,"footnotes":"","jetpack_publicize_message":"","jetpack_publicize_feature_enabled":true,"jetpack_social_post_already_shared":true,"jetpack_social_options":{"image_generator_settings":{"template":"highway","default_image_id":0,"font":"","enabled":false},"version":2}},"categories":[27,14],"tags":[],"class_list":["post-39638","post","type-post","status-publish","format-standard","has-post-thumbnail","hentry","category-blogu-i-udhetarit","category-press-releases"],"jetpack_publicize_connections":[],"jetpack_featured_media_url":"https:\/\/i0.wp.com\/www.shqiperia.com\/blog\/wp-content\/uploads\/2020\/10\/Edi-Rama-1.jpg?fit=515%2C302&ssl=1","jetpack_sharing_enabled":true,"jetpack_shortlink":"https:\/\/wp.me\/p5Z6wp-ajk","jetpack-related-posts":[{"id":56200,"url":"https:\/\/www.shqiperia.com\/blog\/komiteti-teknik-i-eksperteve-ka-njoftuar-masat-kufizuese-ne-vendin-tone-ne-kuader-te-ndalimit-te-perhapjes-se-covid-19\/","url_meta":{"origin":39638,"position":0},"title":"Komiteti Teknik i Ekspert\u00ebve ka njoftuar masat kufizuese n\u00eb vendin ton\u00eb n\u00eb kuad\u00ebr t\u00eb ndalimit t\u00eb p\u00ebrhapjes s\u00eb COVID-19.","author":"Kurt Farka","date":"April 1, 2022","format":false,"excerpt":"Komiteti Teknik i Ekspert\u00ebve ka njoftuar masat kufizuese n\u00eb vendin ton\u00eb n\u00eb kuad\u00ebr t\u00eb ndalimit t\u00eb p\u00ebrhapjes s\u00eb COVID-19. 1 Prill 2022 N\u00eb fuqi mbetet mbajtja e maskave n\u00eb ambiente t\u00eb mbyllura dhe dor\u00ebzimi ne pikat kufitare te vendit, i nj\u00eb nga dokumenteve q\u00eb vertetojne kalimin e infeksionit ne 6\u2026","rel":"","context":"In &quot;Blogu i Udh\u00ebtarit&quot;","block_context":{"text":"Blogu i Udh\u00ebtarit","link":"https:\/\/www.shqiperia.com\/blog\/category\/blogu-i-udhetarit\/"},"img":{"alt_text":"","src":"https:\/\/i0.wp.com\/www.shqiperia.com\/blog\/wp-content\/uploads\/2022\/04\/800-480-6246f3c8dd479-1.png?fit=800%2C480&ssl=1&resize=350%2C200","width":350,"height":200,"srcset":"https:\/\/i0.wp.com\/www.shqiperia.com\/blog\/wp-content\/uploads\/2022\/04\/800-480-6246f3c8dd479-1.png?fit=800%2C480&ssl=1&resize=350%2C200 1x, https:\/\/i0.wp.com\/www.shqiperia.com\/blog\/wp-content\/uploads\/2022\/04\/800-480-6246f3c8dd479-1.png?fit=800%2C480&ssl=1&resize=525%2C300 1.5x, https:\/\/i0.wp.com\/www.shqiperia.com\/blog\/wp-content\/uploads\/2022\/04\/800-480-6246f3c8dd479-1.png?fit=800%2C480&ssl=1&resize=700%2C400 2x"},"classes":[]},{"id":38858,"url":"https:\/\/www.shqiperia.com\/blog\/nuk-mbani-masken-ja-denimi-me-i-rende-dhe-me-interesnt-kjo-ndodh-ne-xhakarta\/","url_meta":{"origin":39638,"position":1},"title":"Nuk mbani masken, &#8211; Ja denimi me i rende dhe me interesant. Kjo ndodh ne Xhakarta.","author":"Kurt Farka","date":"September 24, 2020","format":false,"excerpt":"Nuk mbani masken, - Ja denimi me i rende dhe me interesant. Shtator 2020 Kjo ndodh ne Xhakarta. Mbajtja e maskave p\u00ebr t\u00eb frenuar\u00a0 p\u00ebrhapjen e koronavirusit \u00ebsht\u00eb b\u00ebr\u00eb nj\u00eb rregull i fort\u00eb n\u00eb shum\u00eb shtete q\u00eb jan\u00eb prekur nga COVID-19. Por jo t\u00eb gjith\u00eb njer\u00ebzit respektojn\u00eb k\u00ebto rregulla t\u00eb\u00a0\u2026","rel":"","context":"In &quot;Blogu i Udh\u00ebtarit&quot;","block_context":{"text":"Blogu i Udh\u00ebtarit","link":"https:\/\/www.shqiperia.com\/blog\/category\/blogu-i-udhetarit\/"},"img":{"alt_text":"","src":"https:\/\/i0.wp.com\/www.shqiperia.com\/blog\/wp-content\/uploads\/2020\/09\/640-0-5f54843dc1fd2.png?fit=645%2C407&ssl=1&resize=350%2C200","width":350,"height":200,"srcset":"https:\/\/i0.wp.com\/www.shqiperia.com\/blog\/wp-content\/uploads\/2020\/09\/640-0-5f54843dc1fd2.png?fit=645%2C407&ssl=1&resize=350%2C200 1x, https:\/\/i0.wp.com\/www.shqiperia.com\/blog\/wp-content\/uploads\/2020\/09\/640-0-5f54843dc1fd2.png?fit=645%2C407&ssl=1&resize=525%2C300 1.5x"},"classes":[]},{"id":36254,"url":"https:\/\/www.shqiperia.com\/blog\/foto-lejoni-dasmat-nuset-dalin-ne-proteste-ne-rome\/","url_meta":{"origin":39638,"position":2},"title":"FOTO: \u201cLejoni dasmat\u201d, nuset dalin n\u00eb protest\u00eb n\u00eb Rom\u00eb","author":"Kurt Farka","date":"July 12, 2020","format":false,"excerpt":"FOTO: \u201cLejoni dasmat\u201d, nuset dalin n\u00eb protest\u00eb n\u00eb Rom\u00eb 8 korrik \u00a02020 \u00a0 Pandemia \u00a0ka goditur dhe evenimentet m\u00eb t\u00eb r\u00ebnd\u00ebsishme, dasmat. K\u00ebng\u00ebtar\u00eb t\u00eb shumt\u00eb, pronar\u00eb biznesesh jan\u00eb ankuar prej fillimit t\u00eb pandemis\u00eb p\u00ebr shkak t\u00eb ndalimit t\u00eb k\u00ebtyre manifestimeve, aq sa disa prej tyre kan\u00eb shkuar aq larg sa\u2026","rel":"","context":"In &quot;Blogu i Udh\u00ebtarit&quot;","block_context":{"text":"Blogu i Udh\u00ebtarit","link":"https:\/\/www.shqiperia.com\/blog\/category\/blogu-i-udhetarit\/"},"img":{"alt_text":"","src":"https:\/\/i0.wp.com\/www.shqiperia.com\/blog\/wp-content\/uploads\/2020\/07\/Nuset-ne-proteste-Rome-2.jpg?fit=640%2C426&ssl=1&resize=350%2C200","width":350,"height":200,"srcset":"https:\/\/i0.wp.com\/www.shqiperia.com\/blog\/wp-content\/uploads\/2020\/07\/Nuset-ne-proteste-Rome-2.jpg?fit=640%2C426&ssl=1&resize=350%2C200 1x, https:\/\/i0.wp.com\/www.shqiperia.com\/blog\/wp-content\/uploads\/2020\/07\/Nuset-ne-proteste-Rome-2.jpg?fit=640%2C426&ssl=1&resize=525%2C300 1.5x"},"classes":[]},{"id":36408,"url":"https:\/\/www.shqiperia.com\/blog\/doni-te-infektoheni-me-covid-ministria-e-shendetesise-ju-krijon-mundesine-dhe\/","url_meta":{"origin":39638,"position":3},"title":"Doni te infektoheni me Covid: &#8211; Ministria e Shendetesise ju krijon mundesine dhe\u00a0 \u2026","author":"Kurt Farka","date":"July 19, 2020","format":false,"excerpt":"Doni te infektoheni me Covid: - Ministria e Shendetesise ju krijon mundesine dhe\u00a0 \u2026 19 KORRIK 2020 Sipas njoftimit t\u00eb policis\u00eb s\u00eb Durr\u00ebsit \u00ebsht\u00eb gjobitur nj\u00eb pronar lokali p\u00ebr arsye se ka organizuar nj\u00eb das\u00ebm. Sipas policis\u00eb pronari i lokalit ka shkelur VKM p\u00ebr grumbullimet e njer\u00ebzve. Zbatimi i ligjit\u2026","rel":"","context":"In &quot;Blogu i Udh\u00ebtarit&quot;","block_context":{"text":"Blogu i Udh\u00ebtarit","link":"https:\/\/www.shqiperia.com\/blog\/category\/blogu-i-udhetarit\/"},"img":{"alt_text":"","src":"https:\/\/i0.wp.com\/www.shqiperia.com\/blog\/wp-content\/uploads\/2020\/07\/Swiss-Researchers-Develop-Biosensor-to-Detect-COVID-19-Virus-in-the-Air-BioSpace-4-22-20.jpeg?fit=625%2C350&ssl=1&resize=350%2C200","width":350,"height":200,"srcset":"https:\/\/i0.wp.com\/www.shqiperia.com\/blog\/wp-content\/uploads\/2020\/07\/Swiss-Researchers-Develop-Biosensor-to-Detect-COVID-19-Virus-in-the-Air-BioSpace-4-22-20.jpeg?fit=625%2C350&ssl=1&resize=350%2C200 1x, https:\/\/i0.wp.com\/www.shqiperia.com\/blog\/wp-content\/uploads\/2020\/07\/Swiss-Researchers-Develop-Biosensor-to-Detect-COVID-19-Virus-in-the-Air-BioSpace-4-22-20.jpeg?fit=625%2C350&ssl=1&resize=525%2C300 1.5x"},"classes":[]},{"id":36556,"url":"https:\/\/www.shqiperia.com\/blog\/do-te-hapen-pavione-covid-dhe-ne-spitalet-rajonale-rekrutohen-edhe-studentet\/","url_meta":{"origin":39638,"position":4},"title":"Do t\u00eb hapen pavione Covid dhe n\u00eb spitalet Rajonale, rekrutohen edhe student\u00ebt","author":"Kurt Farka","date":"July 27, 2020","format":false,"excerpt":"Do t\u00eb hapen pavione Covid dhe n\u00eb spitalet Rajonale, rekrutohen edhe student\u00ebt 27 korrik \u00a02020 Rektori i Universitetit t\u00eb Mjek\u00ebsis\u00eb, nj\u00ebkoh\u00ebsisht Koordinator Komb\u00ebtar i Task Forc\u00ebs p\u00ebr Burimet Njerezore Arben Gjata, ka qen\u00eb i ftuar pasditen e sotme n\u00eb \u201cFax News\u201d, ku ka folur p\u00ebr situat\u00ebn e Covid-19 n\u00eb vendin\u2026","rel":"","context":"In &quot;Blogu i Udh\u00ebtarit&quot;","block_context":{"text":"Blogu i Udh\u00ebtarit","link":"https:\/\/www.shqiperia.com\/blog\/category\/blogu-i-udhetarit\/"},"img":{"alt_text":"","src":"https:\/\/i0.wp.com\/www.shqiperia.com\/blog\/wp-content\/uploads\/2020\/07\/safe_image-2.jpg?fit=500%2C260&ssl=1&resize=350%2C200","width":350,"height":200},"classes":[]},{"id":39172,"url":"https:\/\/www.shqiperia.com\/blog\/eshte-nje-manover-rudina-hajdari-zberthen-prapaskenat-tregon-cfare-po-perpiqet-te-beje-rama-duhet-demaskuar-totalisht-kjo-skeme\/","url_meta":{"origin":39638,"position":5},"title":"\u201c\u00cbsht\u00eb nj\u00eb manov\u00ebr\u201d, Rudina Hajdari zb\u00ebrthen prapaskenat, tregon \u00e7far\u00eb po p\u00ebrpiqet t\u00eb b\u00ebj\u00eb Rama: Duhet demaskuar totalisht kjo skem\u00eb!","author":"Kurt Farka","date":"October 2, 2020","format":false,"excerpt":"\u201c\u00cbsht\u00eb nj\u00eb manov\u00ebr\u201d, Rudina Hajdari zb\u00ebrthen prapaskenat, tregon \u00e7far\u00eb po p\u00ebrpiqet t\u00eb b\u00ebj\u00eb Rama: Duhet demaskuar totalisht kjo skem\u00eb! 2 TETOR 2020 Deputetja Rudina Hajdari tha se Partia Socialiste i ka tradhtuar shqiptar\u00ebt, p\u00ebr sa i p\u00ebrket \u00e7\u00ebshtjes s\u00eb listave t\u00eb hapura. Hajdari theksoi se Edi Rama veproi me manov\u00ebr\u2026","rel":"","context":"In &quot;Blogu i Udh\u00ebtarit&quot;","block_context":{"text":"Blogu i Udh\u00ebtarit","link":"https:\/\/www.shqiperia.com\/blog\/category\/blogu-i-udhetarit\/"},"img":{"alt_text":"","src":"https:\/\/i0.wp.com\/www.shqiperia.com\/blog\/wp-content\/uploads\/2020\/10\/800-0-5f68d3208bac8.jpg?fit=800%2C400&ssl=1&resize=350%2C200","width":350,"height":200,"srcset":"https:\/\/i0.wp.com\/www.shqiperia.com\/blog\/wp-content\/uploads\/2020\/10\/800-0-5f68d3208bac8.jpg?fit=800%2C400&ssl=1&resize=350%2C200 1x, https:\/\/i0.wp.com\/www.shqiperia.com\/blog\/wp-content\/uploads\/2020\/10\/800-0-5f68d3208bac8.jpg?fit=800%2C400&ssl=1&resize=525%2C300 1.5x, https:\/\/i0.wp.com\/www.shqiperia.com\/blog\/wp-content\/uploads\/2020\/10\/800-0-5f68d3208bac8.jpg?fit=800%2C400&ssl=1&resize=700%2C400 2x"},"classes":[]}],"_links":{"self":[{"href":"https:\/\/www.shqiperia.com\/blog\/wp-json\/wp\/v2\/posts\/39638","targetHints":{"allow":["GET"]}}],"collection":[{"href":"https:\/\/www.shqiperia.com\/blog\/wp-json\/wp\/v2\/posts"}],"about":[{"href":"https:\/\/www.shqiperia.com\/blog\/wp-json\/wp\/v2\/types\/post"}],"author":[{"embeddable":true,"href":"https:\/\/www.shqiperia.com\/blog\/wp-json\/wp\/v2\/users\/9"}],"replies":[{"embeddable":true,"href":"https:\/\/www.shqiperia.com\/blog\/wp-json\/wp\/v2\/comments?post=39638"}],"version-history":[{"count":2,"href":"https:\/\/www.shqiperia.com\/blog\/wp-json\/wp\/v2\/posts\/39638\/revisions"}],"predecessor-version":[{"id":39643,"href":"https:\/\/www.shqiperia.com\/blog\/wp-json\/wp\/v2\/posts\/39638\/revisions\/39643"}],"wp:featuredmedia":[{"embeddable":true,"href":"https:\/\/www.shqiperia.com\/blog\/wp-json\/wp\/v2\/media\/39639"}],"wp:attachment":[{"href":"https:\/\/www.shqiperia.com\/blog\/wp-json\/wp\/v2\/media?parent=39638"}],"wp:term":[{"taxonomy":"category","embeddable":true,"href":"https:\/\/www.shqiperia.com\/blog\/wp-json\/wp\/v2\/categories?post=39638"},{"taxonomy":"post_tag","embeddable":true,"href":"https:\/\/www.shqiperia.com\/blog\/wp-json\/wp\/v2\/tags?post=39638"}],"curies":[{"name":"wp","href":"https:\/\/api.w.org\/{rel}","templated":true}]}}