{"id":39635,"date":"2020-10-13T14:15:00","date_gmt":"2020-10-13T14:15:00","guid":{"rendered":"https:\/\/www.shqiperia.com\/blog\/?p=39635"},"modified":"2020-10-13T14:15:00","modified_gmt":"2020-10-13T14:15:00","slug":"rritet-serish-numri-i-viktimave-ja-si-eshte-gjendja-ne-spitale","status":"publish","type":"post","link":"https:\/\/www.shqiperia.com\/blog\/rritet-serish-numri-i-viktimave-ja-si-eshte-gjendja-ne-spitale\/","title":{"rendered":"Rritet s\u00ebrish numri i viktimave. &#8211; Ja si \u00ebsht\u00eb gjendja n\u00eb spitale!"},"content":{"rendered":"<p><img data-recalc-dims=\"1\" loading=\"lazy\" decoding=\"async\" data-attachment-id=\"39636\" data-permalink=\"https:\/\/www.shqiperia.com\/blog\/rritet-serish-numri-i-viktimave-ja-si-eshte-gjendja-ne-spitale\/640-0-5f85b4fdaa035\/\" data-orig-file=\"https:\/\/i0.wp.com\/www.shqiperia.com\/blog\/wp-content\/uploads\/2020\/10\/640-0-5f85b4fdaa035.jpg?fit=640%2C361&amp;ssl=1\" data-orig-size=\"640,361\" data-comments-opened=\"1\" data-image-meta=\"{&quot;aperture&quot;:&quot;0&quot;,&quot;credit&quot;:&quot;&quot;,&quot;camera&quot;:&quot;&quot;,&quot;caption&quot;:&quot;&quot;,&quot;created_timestamp&quot;:&quot;0&quot;,&quot;copyright&quot;:&quot;&quot;,&quot;focal_length&quot;:&quot;0&quot;,&quot;iso&quot;:&quot;0&quot;,&quot;shutter_speed&quot;:&quot;0&quot;,&quot;title&quot;:&quot;&quot;,&quot;orientation&quot;:&quot;0&quot;}\" data-image-title=\"-640-0-5f85b4fdaa035\" data-image-description=\"\" data-image-caption=\"\" data-medium-file=\"https:\/\/i0.wp.com\/www.shqiperia.com\/blog\/wp-content\/uploads\/2020\/10\/640-0-5f85b4fdaa035.jpg?fit=300%2C169&amp;ssl=1\" data-large-file=\"https:\/\/i0.wp.com\/www.shqiperia.com\/blog\/wp-content\/uploads\/2020\/10\/640-0-5f85b4fdaa035.jpg?fit=640%2C361&amp;ssl=1\" class=\"alignnone  wp-image-39636\" alt=\"\" src=\"https:\/\/i0.wp.com\/www.shqiperia.com\/blog\/wp-content\/uploads\/2020\/10\/640-0-5f85b4fdaa035.jpg?resize=492%2C277&#038;ssl=1\" width=\"492\" height=\"277\" srcset=\"https:\/\/i0.wp.com\/www.shqiperia.com\/blog\/wp-content\/uploads\/2020\/10\/640-0-5f85b4fdaa035.jpg?resize=300%2C169&amp;ssl=1 300w, https:\/\/i0.wp.com\/www.shqiperia.com\/blog\/wp-content\/uploads\/2020\/10\/640-0-5f85b4fdaa035.jpg?resize=450%2C254&amp;ssl=1 450w, https:\/\/i0.wp.com\/www.shqiperia.com\/blog\/wp-content\/uploads\/2020\/10\/640-0-5f85b4fdaa035.jpg?resize=600%2C338&amp;ssl=1 600w, https:\/\/i0.wp.com\/www.shqiperia.com\/blog\/wp-content\/uploads\/2020\/10\/640-0-5f85b4fdaa035.jpg?resize=400%2C226&amp;ssl=1 400w, https:\/\/i0.wp.com\/www.shqiperia.com\/blog\/wp-content\/uploads\/2020\/10\/640-0-5f85b4fdaa035.jpg?w=640&amp;ssl=1 640w\" sizes=\"auto, (max-width: 492px) 100vw, 492px\" \/><\/p>\n<p>Rritet s\u00ebrish numri i viktimave. &#8211; Ja si \u00ebsht\u00eb gjendja n\u00eb spitale!<\/p>\n<p>13 TETOR 2020,<\/p>\n<p>N\u00eb 24 or\u00ebt e fundit jan\u00eb regjistruar 189 raste t\u00eb reja me Covid-19, numri m\u00eb i lart\u00eb q\u00eb nga 24 gushti. Nd\u00ebrkoh\u00eb, brenda dit\u00ebs jan\u00eb sh\u00ebnuar edhe 5 viktim<\/p>\n<p>Fatkeq\u00ebsisht e kan\u00eb humbur betej\u00ebn me Covid-19, nj\u00eb 64-vje\u00e7ar nga Elbasani, nj\u00eb 66-vje\u00e7are nga Kurbini, nj\u00eb 73-vje\u00e7are nga Kor\u00e7a, nj\u00eb 81-vje\u00e7ar nga Shijaku dhe nj\u00eb 75 vje\u00e7ar nga Tirana.<\/p>\n<p>Aktualisht n\u00eb spitalin Infektiv dhe \u201cShefqet Ndroqi\u201d po trajtohen 244 pacient\u00eb, 13 n\u00eb terapi intensive nga t\u00eb cil\u00ebt 4 pacient\u00eb jan\u00eb t\u00eb intubuar.\/K.C\/<\/p>\n<p>dritare.net<\/p>\n","protected":false},"excerpt":{"rendered":"<p>Rritet s\u00ebrish numri i viktimave. &#8211; Ja si \u00ebsht\u00eb gjendja n\u00eb spitale! 13 TETOR 2020, N\u00eb 24 or\u00ebt e fundit jan\u00eb regjistruar 189 raste t\u00eb reja me Covid-19, numri m\u00eb i lart\u00eb q\u00eb nga 24 gushti. Nd\u00ebrkoh\u00eb, brenda dit\u00ebs jan\u00eb sh\u00ebnuar edhe 5 viktim Fatkeq\u00ebsisht e kan\u00eb humbur betej\u00ebn me Covid-19, nj\u00eb 64-vje\u00e7ar nga Elbasani, [&hellip;]<\/p>\n","protected":false},"author":9,"featured_media":39636,"comment_status":"open","ping_status":"open","sticky":false,"template":"","format":"standard","meta":{"jetpack_post_was_ever_published":false,"_jetpack_newsletter_access":"","_jetpack_dont_email_post_to_subs":false,"_jetpack_newsletter_tier_id":0,"_jetpack_memberships_contains_paywalled_content":false,"_jetpack_memberships_contains_paid_content":false,"footnotes":"","jetpack_publicize_message":"","jetpack_publicize_feature_enabled":true,"jetpack_social_post_already_shared":true,"jetpack_social_options":{"image_generator_settings":{"template":"highway","default_image_id":0,"font":"","enabled":false},"version":2}},"categories":[27,35],"tags":[],"class_list":["post-39635","post","type-post","status-publish","format-standard","has-post-thumbnail","hentry","category-blogu-i-udhetarit","category-shoqerore"],"jetpack_publicize_connections":[],"jetpack_featured_media_url":"https:\/\/i0.wp.com\/www.shqiperia.com\/blog\/wp-content\/uploads\/2020\/10\/640-0-5f85b4fdaa035.jpg?fit=640%2C361&ssl=1","jetpack_sharing_enabled":true,"jetpack_shortlink":"https:\/\/wp.me\/p5Z6wp-ajh","jetpack-related-posts":[{"id":43347,"url":"https:\/\/www.shqiperia.com\/blog\/rendohet-situata-nga-covid-9-persona-qe-kane-humbur-jeten\/","url_meta":{"origin":39635,"position":0},"title":"R\u00ebndohet situata nga Covid \u2026 9 persona q\u00eb kan\u00eb humbur jet\u00ebn","author":"Kurt Farka","date":"January 25, 2021","format":false,"excerpt":"R\u00ebndohet situata nga Covid \u2026 9 persona q\u00eb kan\u00eb humbur jet\u00ebn 25 JANAR 2021 N\u00eb Shqip\u00ebri, java e fundit (19-25 Janar) sh\u00ebnoi nj\u00eb rritje t\u00eb ndjeshme t\u00eb rasteve dhe viktimave t\u00eb koronavirusit, nd\u00ebrsa testimet pat\u00ebn nj\u00eb r\u00ebnie t\u00eb leht\u00eb dhe shtrimet n\u00eb spitale mbet\u00ebn n\u00eb kuota t\u00eb q\u00ebndrueshme. Sipas t\u00eb\u2026","rel":"","context":"In &quot;Blogu i Udh\u00ebtarit&quot;","block_context":{"text":"Blogu i Udh\u00ebtarit","link":"https:\/\/www.shqiperia.com\/blog\/category\/blogu-i-udhetarit\/"},"img":{"alt_text":"","src":"https:\/\/i0.wp.com\/www.shqiperia.com\/blog\/wp-content\/uploads\/2021\/01\/640-0-94b6e11a9946e3df5068ee4a12f66a55.jpg?fit=640%2C327&ssl=1&resize=350%2C200","width":350,"height":200,"srcset":"https:\/\/i0.wp.com\/www.shqiperia.com\/blog\/wp-content\/uploads\/2021\/01\/640-0-94b6e11a9946e3df5068ee4a12f66a55.jpg?fit=640%2C327&ssl=1&resize=350%2C200 1x, https:\/\/i0.wp.com\/www.shqiperia.com\/blog\/wp-content\/uploads\/2021\/01\/640-0-94b6e11a9946e3df5068ee4a12f66a55.jpg?fit=640%2C327&ssl=1&resize=525%2C300 1.5x"},"classes":[]},{"id":52337,"url":"https:\/\/www.shqiperia.com\/blog\/eshte-rritur-numri-i-viktimave-nga-covid\/","url_meta":{"origin":39635,"position":1},"title":"\u00cbsht\u00eb rritur numri i viktimave nga Covid.","author":"Kurt Farka","date":"December 13, 2021","format":false,"excerpt":"\u00cbsht\u00eb rritur numri i viktimave nga Covid. - 13.12.21 6 pacient\u00eb kan\u00eb humbur jet\u00ebn nga Covid. N\u00eb 24 or\u00ebt e fundit, si vijon: Jan\u00eb kryer 1836 testime, nga t\u00eb cilat kan\u00eb rezultuar pozitiv\u00eb me COVID19, 138 qytetar\u00eb, n\u00eb k\u00ebto bashki: 51 n\u00eb Tiran\u00eb, 18 n\u00eb Fier, 12 n\u00eb Berat, 8\u2026","rel":"","context":"In &quot;Njoftime Shtypi&quot;","block_context":{"text":"Njoftime Shtypi","link":"https:\/\/www.shqiperia.com\/blog\/category\/njoftime-shtypi\/"},"img":{"alt_text":"","src":"https:\/\/i0.wp.com\/www.shqiperia.com\/blog\/wp-content\/uploads\/2021\/12\/116513483_gettyimages-1216781105.jpg?fit=640%2C360&ssl=1&resize=350%2C200","width":350,"height":200,"srcset":"https:\/\/i0.wp.com\/www.shqiperia.com\/blog\/wp-content\/uploads\/2021\/12\/116513483_gettyimages-1216781105.jpg?fit=640%2C360&ssl=1&resize=350%2C200 1x, https:\/\/i0.wp.com\/www.shqiperia.com\/blog\/wp-content\/uploads\/2021\/12\/116513483_gettyimages-1216781105.jpg?fit=640%2C360&ssl=1&resize=525%2C300 1.5x"},"classes":[]},{"id":49961,"url":"https:\/\/www.shqiperia.com\/blog\/kosove-rritet-serish-numri-i-vdekjeve-raporti-i-fundit-per-covid-19\/","url_meta":{"origin":39635,"position":2},"title":"Kosove: &#8211; Rritet s\u00ebrish numri i vdekjeve, raporti i fundit p\u00ebr COVID-19","author":"Kurt Farka","date":"September 17, 2021","format":false,"excerpt":"Kosove: - Rritet s\u00ebrish numri i vdekjeve, raporti i fundit p\u00ebr COVID-19 17 SHTATOR 2021 Lajmin e ka b\u00ebr\u00eb t\u00eb ditur Ministria e Sh\u00ebndet\u00ebsis\u00eb, p\u00ebrmes nj\u00eb njoftimi drejtuar mediave. Konfirmimi i k\u00ebyre rezultateve ka ardhur pas testimit t\u00eb mbi 6 mij\u00eb mostrave. MSh\u2019ja ka njoftuar edhe p\u00ebr sh\u00ebrimin e mbi\u2026","rel":"","context":"In &quot;Njoftime Shtypi&quot;","block_context":{"text":"Njoftime Shtypi","link":"https:\/\/www.shqiperia.com\/blog\/category\/njoftime-shtypi\/"},"img":{"alt_text":"","src":"https:\/\/i0.wp.com\/www.shqiperia.com\/blog\/wp-content\/uploads\/2021\/09\/640-0-6144922c11b59.jpg?fit=640%2C361&ssl=1&resize=350%2C200","width":350,"height":200,"srcset":"https:\/\/i0.wp.com\/www.shqiperia.com\/blog\/wp-content\/uploads\/2021\/09\/640-0-6144922c11b59.jpg?fit=640%2C361&ssl=1&resize=350%2C200 1x, https:\/\/i0.wp.com\/www.shqiperia.com\/blog\/wp-content\/uploads\/2021\/09\/640-0-6144922c11b59.jpg?fit=640%2C361&ssl=1&resize=525%2C300 1.5x"},"classes":[]},{"id":84242,"url":"https:\/\/www.shqiperia.com\/blog\/shkollat-9-vjecare-e-nisin-vitin-me-125-mije-femije-me-pak-se-nje-dekade-me-pare\/","url_meta":{"origin":39635,"position":3},"title":"Shkollat 9-vje\u00e7are e nisin vitin me 125 mij\u00eb f\u00ebmij\u00eb m\u00eb pak se nj\u00eb dekad\u00eb m\u00eb par\u00eb","author":"Kurt Farka","date":"September 9, 2024","format":false,"excerpt":"9 Shkurt 2024 Ritmet e r\u00ebnies s\u00eb nx\u00ebn\u00ebsve n\u00eb shkolla po p\u00ebrshpejtohen nga viti n\u00eb vit sipas t\u00eb dh\u00ebnave zyrtare. N\u00eb vitin shkollor 2024-2025, rreth 238 mij\u00eb f\u00ebmij\u00eb do ndjekin arsimin n\u00eb sistemin publik 9-vje\u00e7ar sipas t\u00eb dh\u00ebnave nga Ministria e Arsimit. Sipas INSTAT, n\u00eb k\u00ebt\u00eb nivel arsimi ,n\u00eb vitin\u2026","rel":"","context":"In &quot;Blogu i Udh\u00ebtarit&quot;","block_context":{"text":"Blogu i Udh\u00ebtarit","link":"https:\/\/www.shqiperia.com\/blog\/category\/blogu-i-udhetarit\/"},"img":{"alt_text":"","src":"https:\/\/i0.wp.com\/www.shqiperia.com\/blog\/wp-content\/uploads\/2024\/09\/800-0-bb6a865f09dc5e0fafd858b01ae4f9ef-jpg.jpg?fit=800%2C533&ssl=1&resize=350%2C200","width":350,"height":200,"srcset":"https:\/\/i0.wp.com\/www.shqiperia.com\/blog\/wp-content\/uploads\/2024\/09\/800-0-bb6a865f09dc5e0fafd858b01ae4f9ef-jpg.jpg?fit=800%2C533&ssl=1&resize=350%2C200 1x, https:\/\/i0.wp.com\/www.shqiperia.com\/blog\/wp-content\/uploads\/2024\/09\/800-0-bb6a865f09dc5e0fafd858b01ae4f9ef-jpg.jpg?fit=800%2C533&ssl=1&resize=525%2C300 1.5x, https:\/\/i0.wp.com\/www.shqiperia.com\/blog\/wp-content\/uploads\/2024\/09\/800-0-bb6a865f09dc5e0fafd858b01ae4f9ef-jpg.jpg?fit=800%2C533&ssl=1&resize=700%2C400 2x"},"classes":[]},{"id":74108,"url":"https:\/\/www.shqiperia.com\/blog\/thellohet-bilanci-i-viktimave-nga-moti-ekstrem-ne-greqi\/","url_meta":{"origin":39635,"position":4},"title":"Thellohet bilanci i viktimave nga moti ekstrem ne Greqi","author":"Kurt Farka","date":"September 10, 2023","format":false,"excerpt":"10 Shtator 2023 Ka shkuar n\u00eb 12 humbja tragjike nga p\u00ebrmbytjet n\u00eb Thesalin\u00eb dhe Magnezin\u00eb. Paraditen e s\u00eb diel\u00ebs, nj\u00eb 58-vje\u00e7ar u gjet i zhdukur nga Agios Dimitrios. Burri figuronte si i zhdukur q\u00eb prej dit\u00ebs s\u00eb djeshme, m\u00eb 9 shtator. Ai u pikas sot nga nj\u00eb dron midis zonave\u2026","rel":"","context":"In &quot;Blogu i Udh\u00ebtarit&quot;","block_context":{"text":"Blogu i Udh\u00ebtarit","link":"https:\/\/www.shqiperia.com\/blog\/category\/blogu-i-udhetarit\/"},"img":{"alt_text":"","src":"https:\/\/i0.wp.com\/www.shqiperia.com\/blog\/wp-content\/uploads\/2023\/09\/800-0-7989231e035d8c7f65b888cb464dbef4.jpg?fit=800%2C534&ssl=1&resize=350%2C200","width":350,"height":200,"srcset":"https:\/\/i0.wp.com\/www.shqiperia.com\/blog\/wp-content\/uploads\/2023\/09\/800-0-7989231e035d8c7f65b888cb464dbef4.jpg?fit=800%2C534&ssl=1&resize=350%2C200 1x, https:\/\/i0.wp.com\/www.shqiperia.com\/blog\/wp-content\/uploads\/2023\/09\/800-0-7989231e035d8c7f65b888cb464dbef4.jpg?fit=800%2C534&ssl=1&resize=525%2C300 1.5x, https:\/\/i0.wp.com\/www.shqiperia.com\/blog\/wp-content\/uploads\/2023\/09\/800-0-7989231e035d8c7f65b888cb464dbef4.jpg?fit=800%2C534&ssl=1&resize=700%2C400 2x"},"classes":[]},{"id":50648,"url":"https:\/\/www.shqiperia.com\/blog\/10-viktima-nga-covid19-ne-shqiperi-tre-prej-viktimave-jane-43-44-vjecar\/","url_meta":{"origin":39635,"position":5},"title":"10 viktima nga Covid19 ne Shqiperi. &#8211; Tre prej viktimave jane 43-44 vjecar.","author":"Kurt Farka","date":"October 17, 2021","format":false,"excerpt":"10 viktima nga Covid19 ne Shqiperi. - Tre prej viktimave jane 43-44 vjecar. 17 tetor 2021 N\u00eb 24 or\u00ebt e fundit nuk e kan\u00eb fituar betej\u00ebn me COVID19, 10 qytetar\u00eb: Dy qytetar\u00eb 43 vje\u00e7ar\u00eb nga Elbasani dhe Durr\u00ebsi, nj\u00eb qytetar 44 vje\u00e7 nga Lushnja, kat\u00ebr qytetar\u00eb nga Tirana 52-86 vje\u00e7,\u2026","rel":"","context":"In &quot;Blogu i Udh\u00ebtarit&quot;","block_context":{"text":"Blogu i Udh\u00ebtarit","link":"https:\/\/www.shqiperia.com\/blog\/category\/blogu-i-udhetarit\/"},"img":{"alt_text":"","src":"https:\/\/i0.wp.com\/www.shqiperia.com\/blog\/wp-content\/uploads\/2021\/10\/kosova-covid.jpeg?fit=1062%2C527&ssl=1&resize=350%2C200","width":350,"height":200,"srcset":"https:\/\/i0.wp.com\/www.shqiperia.com\/blog\/wp-content\/uploads\/2021\/10\/kosova-covid.jpeg?fit=1062%2C527&ssl=1&resize=350%2C200 1x, https:\/\/i0.wp.com\/www.shqiperia.com\/blog\/wp-content\/uploads\/2021\/10\/kosova-covid.jpeg?fit=1062%2C527&ssl=1&resize=525%2C300 1.5x, https:\/\/i0.wp.com\/www.shqiperia.com\/blog\/wp-content\/uploads\/2021\/10\/kosova-covid.jpeg?fit=1062%2C527&ssl=1&resize=700%2C400 2x, https:\/\/i0.wp.com\/www.shqiperia.com\/blog\/wp-content\/uploads\/2021\/10\/kosova-covid.jpeg?fit=1062%2C527&ssl=1&resize=1050%2C600 3x"},"classes":[]}],"_links":{"self":[{"href":"https:\/\/www.shqiperia.com\/blog\/wp-json\/wp\/v2\/posts\/39635","targetHints":{"allow":["GET"]}}],"collection":[{"href":"https:\/\/www.shqiperia.com\/blog\/wp-json\/wp\/v2\/posts"}],"about":[{"href":"https:\/\/www.shqiperia.com\/blog\/wp-json\/wp\/v2\/types\/post"}],"author":[{"embeddable":true,"href":"https:\/\/www.shqiperia.com\/blog\/wp-json\/wp\/v2\/users\/9"}],"replies":[{"embeddable":true,"href":"https:\/\/www.shqiperia.com\/blog\/wp-json\/wp\/v2\/comments?post=39635"}],"version-history":[{"count":1,"href":"https:\/\/www.shqiperia.com\/blog\/wp-json\/wp\/v2\/posts\/39635\/revisions"}],"predecessor-version":[{"id":39637,"href":"https:\/\/www.shqiperia.com\/blog\/wp-json\/wp\/v2\/posts\/39635\/revisions\/39637"}],"wp:featuredmedia":[{"embeddable":true,"href":"https:\/\/www.shqiperia.com\/blog\/wp-json\/wp\/v2\/media\/39636"}],"wp:attachment":[{"href":"https:\/\/www.shqiperia.com\/blog\/wp-json\/wp\/v2\/media?parent=39635"}],"wp:term":[{"taxonomy":"category","embeddable":true,"href":"https:\/\/www.shqiperia.com\/blog\/wp-json\/wp\/v2\/categories?post=39635"},{"taxonomy":"post_tag","embeddable":true,"href":"https:\/\/www.shqiperia.com\/blog\/wp-json\/wp\/v2\/tags?post=39635"}],"curies":[{"name":"wp","href":"https:\/\/api.w.org\/{rel}","templated":true}]}}