{"id":39632,"date":"2020-10-13T11:55:15","date_gmt":"2020-10-13T11:55:15","guid":{"rendered":"https:\/\/www.shqiperia.com\/blog\/?p=39632"},"modified":"2020-10-13T11:55:28","modified_gmt":"2020-10-13T11:55:28","slug":"provokacja-e-kryeministrit-te-ri-te-malit-te-zi-jemi-shteti-i-dyte-serb-ne-ballkan","status":"publish","type":"post","link":"https:\/\/www.shqiperia.com\/blog\/provokacja-e-kryeministrit-te-ri-te-malit-te-zi-jemi-shteti-i-dyte-serb-ne-ballkan\/","title":{"rendered":"Provokacja e Kryeministrit t\u00eb ri t\u00eb Malit t\u00eb Zi: Jemi shteti i dyt\u00eb serb n\u00eb Ballkan"},"content":{"rendered":"<p><img data-recalc-dims=\"1\" loading=\"lazy\" decoding=\"async\" data-attachment-id=\"39633\" data-permalink=\"https:\/\/www.shqiperia.com\/blog\/provokacja-e-kryeministrit-te-ri-te-malit-te-zi-jemi-shteti-i-dyte-serb-ne-ballkan\/640-0-5f8571a17e843\/\" data-orig-file=\"https:\/\/i0.wp.com\/www.shqiperia.com\/blog\/wp-content\/uploads\/2020\/10\/640-0-5f8571a17e843.jpg?fit=509%2C277&amp;ssl=1\" data-orig-size=\"509,277\" data-comments-opened=\"1\" data-image-meta=\"{&quot;aperture&quot;:&quot;0&quot;,&quot;credit&quot;:&quot;&quot;,&quot;camera&quot;:&quot;&quot;,&quot;caption&quot;:&quot;&quot;,&quot;created_timestamp&quot;:&quot;0&quot;,&quot;copyright&quot;:&quot;&quot;,&quot;focal_length&quot;:&quot;0&quot;,&quot;iso&quot;:&quot;0&quot;,&quot;shutter_speed&quot;:&quot;0&quot;,&quot;title&quot;:&quot;&quot;,&quot;orientation&quot;:&quot;0&quot;}\" data-image-title=\"-640-0-5f8571a17e843\" data-image-description=\"\" data-image-caption=\"\" data-medium-file=\"https:\/\/i0.wp.com\/www.shqiperia.com\/blog\/wp-content\/uploads\/2020\/10\/640-0-5f8571a17e843.jpg?fit=300%2C163&amp;ssl=1\" data-large-file=\"https:\/\/i0.wp.com\/www.shqiperia.com\/blog\/wp-content\/uploads\/2020\/10\/640-0-5f8571a17e843.jpg?fit=509%2C277&amp;ssl=1\" class=\"alignnone wp-image-39633\" alt=\"\" src=\"https:\/\/i0.wp.com\/www.shqiperia.com\/blog\/wp-content\/uploads\/2020\/10\/640-0-5f8571a17e843.jpg?resize=560%2C304&#038;ssl=1\" width=\"560\" height=\"304\" srcset=\"https:\/\/i0.wp.com\/www.shqiperia.com\/blog\/wp-content\/uploads\/2020\/10\/640-0-5f8571a17e843.jpg?resize=300%2C163&amp;ssl=1 300w, https:\/\/i0.wp.com\/www.shqiperia.com\/blog\/wp-content\/uploads\/2020\/10\/640-0-5f8571a17e843.jpg?resize=450%2C245&amp;ssl=1 450w, https:\/\/i0.wp.com\/www.shqiperia.com\/blog\/wp-content\/uploads\/2020\/10\/640-0-5f8571a17e843.jpg?resize=400%2C218&amp;ssl=1 400w, https:\/\/i0.wp.com\/www.shqiperia.com\/blog\/wp-content\/uploads\/2020\/10\/640-0-5f8571a17e843.jpg?w=509&amp;ssl=1 509w\" sizes=\"auto, (max-width: 560px) 100vw, 560px\" \/><\/p>\n<p><strong>Provokacja e Kryeministrit t\u00eb ri t\u00eb Malit t\u00eb Zi: Jemi shteti i dyt\u00eb serb n\u00eb Ballkan<\/strong><\/p>\n<p><strong>13 Tetor \u00a02020<\/strong><\/p>\n<p>Kryeministri i em\u00ebruar i Malit t\u00eb Zi, Zdravko Krivokapi\u00e7 ka mbajtur nj\u00eb deklarat\u00eb t\u00eb fort\u00eb, e cila sipas gjasave do t\u00eb shkaktoj\u00eb polemika t\u00eb shumta n\u00eb rajon dhe nga nd\u00ebrkomb\u00ebtar\u00ebt.<\/p>\n<p>N\u00eb nj\u00eb intervist\u00eb n\u00eb televizionin privat Prva TV, Krivokapi\u00e7 tha se ideja e tij p\u00ebr identitetin e ri t\u00eb Malit t\u00eb Zi ishte ajo e Knjaz Nikoll\u00ebs. \u201cDy mbret\u00ebr q\u00eb jetojn\u00eb n\u00eb dy shtete serbe\u201d.<\/p>\n<p>Deklarata e Krivokapi\u00e7it ka rr\u00ebzuar gjith\u00eb konceptin e identitetit t\u00eb derisot\u00ebm t\u00eb Malit t\u00eb Zi si nj\u00eb shtet i pavarur, multifetar dhe multietnik n\u00eb rajon.<\/p>\n<p>&#8220;Shumica e serb\u00ebve q\u00eb jetojn\u00eb n\u00eb k\u00ebt\u00eb vend jan\u00eb autokton\u00eb, e n\u00ebse e krahasojm\u00eb me kosheret e blet\u00ebve, at\u00ebher\u00eb secila koshere ka mbret\u00ebresh\u00ebn e vet. Kjo \u00ebsht\u00eb di\u00e7ka q\u00eb un\u00eb personalisht e p\u00ebrjetoj dhe mendoj si\u00e7 e mendojn\u00eb 80 p\u00ebr qind e popullit serb q\u00eb jeton n\u00eb k\u00ebto troje&#8221;.<\/p>\n<p>N\u00eb lidhje me marr\u00ebdh\u00ebniet me Serbin\u00eb, Krivokapi\u00e7 tha se &#8220;Ekziston nj\u00eb lidhje e jasht\u00ebzakonshme, si n\u00eb nj\u00eb v\u00ebllaz\u00ebri dhe kumbari, e cila jep shpres\u00eb se s\u00eb bashku mund t\u00eb arrijm\u00eb shum\u00eb zgjidhje t\u00eb mira n\u00eb t\u00eb cilat do t\u00eb gjejm\u00eb nj\u00eb mas\u00eb t\u00eb mir\u00ebsis\u00eb p\u00ebr t\u00eb gjith\u00eb p\u00ebrmes respektit t\u00eb nd\u00ebrsjellt\u00eb,&#8221; tha ai.<\/p>\n<p>Krivokapi\u00e7 i p\u00ebrket grupit t\u00eb partive proserbe n\u00eb vend dhe vet\u00eb \u00ebsht\u00eb i komb\u00ebsis\u00eb serbe. K\u00ebto forca politike jan\u00eb p\u00ebr nj\u00eb lidhje m\u00eb t\u00eb fort\u00eb me Rusin\u00eb. Moska zyrtare, dje l\u00ebshoi nj\u00eb deklarat\u00eb t\u00eb fort\u00eb ku sulmonte qeverin\u00eb shqiptare dhe ve\u00e7an\u00ebrisht kryeministrit Edi Rama p\u00ebr deklaratat e tij p\u00ebr heqjen e kufirit me Kosov\u00ebn.<\/p>\n<p>Ministria e Jashtme Ruse b\u00ebri t\u00eb ditur se deklaratat e Ram\u00ebs ishin t\u00eb rrezikshme dhe do t\u00eb jepnimn efekt negative n\u00eb rajon.<\/p>\n<p>Duket si \u201crast\u00ebsi\u201d, por menj\u00ebher\u00eb nga ky q\u00ebndrim, Krivokapi\u00e7 q\u00eb konsiderohet si af\u00ebr me Mosk\u00ebn b\u00ebri deklarat\u00ebn p\u00ebr dy shtete serbe n\u00eb Ballkan.<\/p>\n<p><strong>Gazeta Shqip<\/strong><\/p>\n","protected":false},"excerpt":{"rendered":"<p>Provokacja e Kryeministrit t\u00eb ri t\u00eb Malit t\u00eb Zi: Jemi shteti i dyt\u00eb serb n\u00eb Ballkan 13 Tetor \u00a02020 Kryeministri i em\u00ebruar i Malit t\u00eb Zi, Zdravko Krivokapi\u00e7 ka mbajtur nj\u00eb deklarat\u00eb t\u00eb fort\u00eb, e cila sipas gjasave do t\u00eb shkaktoj\u00eb polemika t\u00eb shumta n\u00eb rajon dhe nga nd\u00ebrkomb\u00ebtar\u00ebt. N\u00eb nj\u00eb intervist\u00eb n\u00eb televizionin privat [&hellip;]<\/p>\n","protected":false},"author":9,"featured_media":39633,"comment_status":"open","ping_status":"open","sticky":false,"template":"","format":"standard","meta":{"jetpack_post_was_ever_published":false,"_jetpack_newsletter_access":"","_jetpack_dont_email_post_to_subs":false,"_jetpack_newsletter_tier_id":0,"_jetpack_memberships_contains_paywalled_content":false,"_jetpack_memberships_contains_paid_content":false,"footnotes":"","jetpack_publicize_message":"","jetpack_publicize_feature_enabled":true,"jetpack_social_post_already_shared":true,"jetpack_social_options":{"image_generator_settings":{"template":"highway","default_image_id":0,"font":"","enabled":false},"version":2}},"categories":[27,14,35],"tags":[],"class_list":["post-39632","post","type-post","status-publish","format-standard","has-post-thumbnail","hentry","category-blogu-i-udhetarit","category-press-releases","category-shoqerore"],"jetpack_publicize_connections":[],"jetpack_featured_media_url":"https:\/\/i0.wp.com\/www.shqiperia.com\/blog\/wp-content\/uploads\/2020\/10\/640-0-5f8571a17e843.jpg?fit=509%2C277&ssl=1","jetpack_sharing_enabled":true,"jetpack_shortlink":"https:\/\/wp.me\/p5Z6wp-aje","jetpack-related-posts":[{"id":75092,"url":"https:\/\/www.shqiperia.com\/blog\/mali-i-zi-zgjedh-kryetarin-e-ri-te-parlamentit-i-afert-me-ideologjine-e-levizjes-cetnike-cfare-ka-paralajmeruar-per-kosoven\/","url_meta":{"origin":39632,"position":0},"title":"Mali i Zi zgjedh kryetarin e ri t\u00eb Parlamentit, i af\u00ebrt me ideologjin\u00eb e l\u00ebvizjes \u00e7etnike. &#8211; \u00c7far\u00eb ka paralajm\u00ebruar p\u00ebr Kosov\u00ebn","author":"Kurt Farka","date":"October 31, 2023","format":false,"excerpt":"31 Tetor 2023 Andrija Mandiq \u00ebsht\u00eb kryetar i ri i Parlamentit t\u00eb Malit t\u00eb Zi dhe, nj\u00ebher\u00ebsh, an\u00ebtar i K\u00ebshillit p\u00ebr Mbrojtje dhe Siguri, i cili komandon Ushtrin\u00eb e Malit t\u00eb Zi. Ai \u00ebsht\u00eb udh\u00ebheq\u00ebs i Demokracis\u00eb s\u00eb Re Serbe \u2013 an\u00ebtare e Frontit Demokratik pro-serb dhe pro-rus (DF) \u2013\u2026","rel":"","context":"In &quot;Blogu i Udh\u00ebtarit&quot;","block_context":{"text":"Blogu i Udh\u00ebtarit","link":"https:\/\/www.shqiperia.com\/blog\/category\/blogu-i-udhetarit\/"},"img":{"alt_text":"","src":"https:\/\/i0.wp.com\/www.shqiperia.com\/blog\/wp-content\/uploads\/2023\/10\/01000000-0aff-0242-715e-08dbd96a30b8_w1023_r1_s-600x337-1.jpg?fit=600%2C337&ssl=1&resize=350%2C200","width":350,"height":200,"srcset":"https:\/\/i0.wp.com\/www.shqiperia.com\/blog\/wp-content\/uploads\/2023\/10\/01000000-0aff-0242-715e-08dbd96a30b8_w1023_r1_s-600x337-1.jpg?fit=600%2C337&ssl=1&resize=350%2C200 1x, https:\/\/i0.wp.com\/www.shqiperia.com\/blog\/wp-content\/uploads\/2023\/10\/01000000-0aff-0242-715e-08dbd96a30b8_w1023_r1_s-600x337-1.jpg?fit=600%2C337&ssl=1&resize=525%2C300 1.5x"},"classes":[]},{"id":48013,"url":"https:\/\/www.shqiperia.com\/blog\/krize-politike-ne-malin-e-zi-parlamenti-e-shpall-masakren-e-srebrenices-gjenocid-dhe-shkarkon-ministrin-filoserb-te-drejtesise\/","url_meta":{"origin":39632,"position":1},"title":"Kriz\u00eb politike n\u00eb Malin e Zi, &#8211; Parlamenti e shpall masakr\u00ebn e Srebrenic\u00ebs GJENOCID dhe shkarkon ministrin filoserb t\u00eb Drejt\u00ebsis\u00eb","author":"Kurt Farka","date":"June 20, 2021","format":false,"excerpt":"Kriz\u00eb politike n\u00eb Malin e Zi, - Parlamenti e shpall masakr\u00ebn e Srebrenic\u00ebs GJENOCID dhe shkarkon ministrin filoserb t\u00eb Drejt\u00ebsis\u00eb 20 qershor 2021 Parlamenti i Malit t\u00eb Zi miratoi t\u00eb enjten me nj\u00eb shumic\u00eb prej dy t\u00eb tretash rezolut\u00ebn q\u00eb njeh dhe d\u00ebnon gjenocidin n\u00eb Srebrenic\u00eb n\u00eb vitin 1995, n\u00eb\u2026","rel":"","context":"In &quot;Blogu i Udh\u00ebtarit&quot;","block_context":{"text":"Blogu i Udh\u00ebtarit","link":"https:\/\/www.shqiperia.com\/blog\/category\/blogu-i-udhetarit\/"},"img":{"alt_text":"","src":"https:\/\/i0.wp.com\/www.shqiperia.com\/blog\/wp-content\/uploads\/2021\/06\/57948623_303-905x450-1.jpg?fit=905%2C450&ssl=1&resize=350%2C200","width":350,"height":200,"srcset":"https:\/\/i0.wp.com\/www.shqiperia.com\/blog\/wp-content\/uploads\/2021\/06\/57948623_303-905x450-1.jpg?fit=905%2C450&ssl=1&resize=350%2C200 1x, https:\/\/i0.wp.com\/www.shqiperia.com\/blog\/wp-content\/uploads\/2021\/06\/57948623_303-905x450-1.jpg?fit=905%2C450&ssl=1&resize=525%2C300 1.5x, https:\/\/i0.wp.com\/www.shqiperia.com\/blog\/wp-content\/uploads\/2021\/06\/57948623_303-905x450-1.jpg?fit=905%2C450&ssl=1&resize=700%2C400 2x"},"classes":[]},{"id":55561,"url":"https:\/\/www.shqiperia.com\/blog\/mali-i-zi-ne-ngerc-deshton-mbledhja-per-miratimin-e-sanksioneve-ndaj-rusise\/","url_meta":{"origin":39632,"position":2},"title":"Mali i Zi n\u00eb ng\u00ebr\u00e7: &#8211; D\u00ebshton mbledhja p\u00ebr miratimin e sanksioneve ndaj Rusis\u00eb","author":"Kurt Farka","date":"March 18, 2022","format":false,"excerpt":"Mali i Zi n\u00eb ng\u00ebr\u00e7: - D\u00ebshton mbledhja p\u00ebr miratimin e sanksioneve ndaj Rusis\u00eb 17 MARS 2022 Mbledhja e Qeveris\u00eb s\u00eb Malit t\u00eb Zi u nd\u00ebrpre dit\u00ebn e sotme p\u00ebr shkak t\u00eb mosmarr\u00ebveshjeve mbi procedur\u00ebn e miratimit t\u00eb vendimit p\u00ebr vendosjen e sanksioneve ndaj Rusis\u00eb. \u201cArsyeja e nd\u00ebrprerjes s\u00eb seanc\u00ebs\u2026","rel":"","context":"In &quot;Blogu i Udh\u00ebtarit&quot;","block_context":{"text":"Blogu i Udh\u00ebtarit","link":"https:\/\/www.shqiperia.com\/blog\/category\/blogu-i-udhetarit\/"},"img":{"alt_text":"","src":"https:\/\/i0.wp.com\/www.shqiperia.com\/blog\/wp-content\/uploads\/2022\/03\/640-0-6233a8e81ea5b.png?fit=640%2C374&ssl=1&resize=350%2C200","width":350,"height":200,"srcset":"https:\/\/i0.wp.com\/www.shqiperia.com\/blog\/wp-content\/uploads\/2022\/03\/640-0-6233a8e81ea5b.png?fit=640%2C374&ssl=1&resize=350%2C200 1x, https:\/\/i0.wp.com\/www.shqiperia.com\/blog\/wp-content\/uploads\/2022\/03\/640-0-6233a8e81ea5b.png?fit=640%2C374&ssl=1&resize=525%2C300 1.5x"},"classes":[]},{"id":72721,"url":"https:\/\/www.shqiperia.com\/blog\/ne-tirane-ekspozite-me-kostumet-shekullore-malazeze-cullafiq-ne-kohen-e-krajl-nikolles-kushtonin-sa-nje-shtepi-amaneti-i-te-pareve-per-to\/","url_meta":{"origin":39632,"position":3},"title":"N\u00eb Tiran\u00eb Ekspozite me kostumet shekullore malazeze! \u00c7ullafiq: &#8211; N\u00eb koh\u00ebn e Krajl Nikoll\u00ebs kushtonin sa nj\u00eb sht\u00ebpi! Amaneti i t\u00eb par\u00ebve p\u00ebr to","author":"Kurt Farka","date":"July 14, 2023","format":false,"excerpt":"14 Korrik 2023 Nga Anila Dedaj\u00a0 N\u00eb dit\u00ebn e tret\u00eb t\u00eb Jav\u00ebs Kulturore Malazeze, Marinko \u00c7ullafiq, p\u00ebrfaq\u00ebsuesi i k\u00ebsaj pakice n\u00eb vend tregon p\u00ebr tradit\u00ebn shekullore t\u00eb kostumeve vendase ekspozuar n\u00eb Kalan\u00eb e Tiran\u00ebs, parad\u00ebn \u2018mazoretkinja\u2019 q\u00eb joshi qytetar\u00ebt Tiranas dhe bashk\u00ebjetes\u00ebn harmonike me shqiptar\u00ebt. \u00cbsht\u00eb dita e tret\u00eb e\u2026","rel":"","context":"In &quot;Blogu i Udh\u00ebtarit&quot;","block_context":{"text":"Blogu i Udh\u00ebtarit","link":"https:\/\/www.shqiperia.com\/blog\/category\/blogu-i-udhetarit\/"},"img":{"alt_text":"","src":"https:\/\/i0.wp.com\/www.shqiperia.com\/blog\/wp-content\/uploads\/2023\/07\/1689171921_3590486212505922543957654993177081449794793n.jpg?fit=1200%2C800&ssl=1&resize=350%2C200","width":350,"height":200,"srcset":"https:\/\/i0.wp.com\/www.shqiperia.com\/blog\/wp-content\/uploads\/2023\/07\/1689171921_3590486212505922543957654993177081449794793n.jpg?fit=1200%2C800&ssl=1&resize=350%2C200 1x, https:\/\/i0.wp.com\/www.shqiperia.com\/blog\/wp-content\/uploads\/2023\/07\/1689171921_3590486212505922543957654993177081449794793n.jpg?fit=1200%2C800&ssl=1&resize=525%2C300 1.5x, https:\/\/i0.wp.com\/www.shqiperia.com\/blog\/wp-content\/uploads\/2023\/07\/1689171921_3590486212505922543957654993177081449794793n.jpg?fit=1200%2C800&ssl=1&resize=700%2C400 2x, https:\/\/i0.wp.com\/www.shqiperia.com\/blog\/wp-content\/uploads\/2023\/07\/1689171921_3590486212505922543957654993177081449794793n.jpg?fit=1200%2C800&ssl=1&resize=1050%2C600 3x"},"classes":[]},{"id":3309,"url":"https:\/\/www.shqiperia.com\/blog\/kosova-dhe-mali-zi-arrijne-marreveshje-per-demarkacionin\/","url_meta":{"origin":39632,"position":4},"title":"Kosova dhe Mali i Zi arrijn\u00eb marr\u00ebveshje p\u00ebr Demarkacionin. &#8211;","author":"Kurt Farka","date":"February 16, 2018","format":false,"excerpt":"Presidenti i Kosov\u00ebs, Hashim Tha\u00e7i, dhe homologu i tij nga Mali i Zi, Filip Vujanovi\u00e7 kan\u00eb dal\u00eb me nj\u00eb deklarat\u00eb t\u00eb p\u00ebrbashk\u00ebt p\u00ebr ratifikimin e marr\u00ebveshjes s\u00eb Demarkacionit. Lajmin e ka b\u00ebr\u00eb t\u00eb ditur presidenti Tha\u00e7i, p\u00ebrmes nj\u00eb konference p\u00ebr shtyp. \u201cN\u00eb k\u00ebt\u00eb 10-vjetor t\u00eb Pavar\u00ebsis\u00eb, Kosova po sh\u00ebnon progres\u2026","rel":"","context":"In &quot;Histori&quot;","block_context":{"text":"Histori","link":"https:\/\/www.shqiperia.com\/blog\/category\/histori\/"},"img":{"alt_text":"","src":"https:\/\/i0.wp.com\/www.shqiperia.com\/blog\/wp-content\/uploads\/2018\/02\/Evropa_Juglindore-650x358.jpg?resize=350%2C200","width":350,"height":200},"classes":[]},{"id":70443,"url":"https:\/\/www.shqiperia.com\/blog\/presidenti-i-ri-i-malit-te-zi-politikani-pro-serb-provokojne-mbeshtetesit-e-tij-kosova-eshte-serbi\/","url_meta":{"origin":39632,"position":5},"title":"Presidenti i ri i Malit t\u00eb Zi Politikani pro serb. &#8211; Provokojn\u00eb mb\u00ebshtet\u00ebsit e tij: Kosova \u00ebsht\u00eb Serbi!","author":"Kurt Farka","date":"April 3, 2023","format":false,"excerpt":"3 Prill 2023 Fest\u00eb para selis\u00eb s\u00eb partis\u00eb \u201cEvropa Tani\u201d, pasi Jakov Milatovi\u00e7 arriti q\u00eb t\u00eb fitonte zgjedhjet p\u00ebrball\u00eb Milo Gjukanovi\u00e7. Si\u00e7 raportojn\u00eb mediat serbe, p\u00ebrkrah\u00ebsit e Milatovi\u00e7, nj\u00eb politikan pro serb, mbanin edhe flamuj t\u00eb Serbis\u00eb nd\u00ebrsa k\u00ebndonin \u201cG\u00ebzohu popull serb\u201d, \u201cKosova \u00ebsht\u00eb Serbi\u201d, dhe \u201cMali i Zi dhe\u2026","rel":"","context":"In &quot;Blogu i Udh\u00ebtarit&quot;","block_context":{"text":"Blogu i Udh\u00ebtarit","link":"https:\/\/www.shqiperia.com\/blog\/category\/blogu-i-udhetarit\/"},"img":{"alt_text":"","src":"https:\/\/i0.wp.com\/www.shqiperia.com\/blog\/wp-content\/uploads\/2023\/04\/page-5-780x439-1-770x433-1.jpg?fit=770%2C433&ssl=1&resize=350%2C200","width":350,"height":200,"srcset":"https:\/\/i0.wp.com\/www.shqiperia.com\/blog\/wp-content\/uploads\/2023\/04\/page-5-780x439-1-770x433-1.jpg?fit=770%2C433&ssl=1&resize=350%2C200 1x, https:\/\/i0.wp.com\/www.shqiperia.com\/blog\/wp-content\/uploads\/2023\/04\/page-5-780x439-1-770x433-1.jpg?fit=770%2C433&ssl=1&resize=525%2C300 1.5x, https:\/\/i0.wp.com\/www.shqiperia.com\/blog\/wp-content\/uploads\/2023\/04\/page-5-780x439-1-770x433-1.jpg?fit=770%2C433&ssl=1&resize=700%2C400 2x"},"classes":[]}],"_links":{"self":[{"href":"https:\/\/www.shqiperia.com\/blog\/wp-json\/wp\/v2\/posts\/39632","targetHints":{"allow":["GET"]}}],"collection":[{"href":"https:\/\/www.shqiperia.com\/blog\/wp-json\/wp\/v2\/posts"}],"about":[{"href":"https:\/\/www.shqiperia.com\/blog\/wp-json\/wp\/v2\/types\/post"}],"author":[{"embeddable":true,"href":"https:\/\/www.shqiperia.com\/blog\/wp-json\/wp\/v2\/users\/9"}],"replies":[{"embeddable":true,"href":"https:\/\/www.shqiperia.com\/blog\/wp-json\/wp\/v2\/comments?post=39632"}],"version-history":[{"count":1,"href":"https:\/\/www.shqiperia.com\/blog\/wp-json\/wp\/v2\/posts\/39632\/revisions"}],"predecessor-version":[{"id":39634,"href":"https:\/\/www.shqiperia.com\/blog\/wp-json\/wp\/v2\/posts\/39632\/revisions\/39634"}],"wp:featuredmedia":[{"embeddable":true,"href":"https:\/\/www.shqiperia.com\/blog\/wp-json\/wp\/v2\/media\/39633"}],"wp:attachment":[{"href":"https:\/\/www.shqiperia.com\/blog\/wp-json\/wp\/v2\/media?parent=39632"}],"wp:term":[{"taxonomy":"category","embeddable":true,"href":"https:\/\/www.shqiperia.com\/blog\/wp-json\/wp\/v2\/categories?post=39632"},{"taxonomy":"post_tag","embeddable":true,"href":"https:\/\/www.shqiperia.com\/blog\/wp-json\/wp\/v2\/tags?post=39632"}],"curies":[{"name":"wp","href":"https:\/\/api.w.org\/{rel}","templated":true}]}}