{"id":39626,"date":"2020-10-13T11:15:00","date_gmt":"2020-10-13T11:15:00","guid":{"rendered":"https:\/\/www.shqiperia.com\/blog\/?p=39626"},"modified":"2020-10-13T11:58:27","modified_gmt":"2020-10-13T11:58:27","slug":"naftetaret-perplasen-me-policine-private-te-uzines-nese-nuk-kemi-nje-pergjigje-neser-do-te-futemi-edhe-ne-grate-ne-greve-urie","status":"publish","type":"post","link":"https:\/\/www.shqiperia.com\/blog\/naftetaret-perplasen-me-policine-private-te-uzines-nese-nuk-kemi-nje-pergjigje-neser-do-te-futemi-edhe-ne-grate-ne-greve-urie\/","title":{"rendered":"Naft\u00ebtar\u00ebt p\u00ebrplasen me policin\u00eb private t\u00eb uzin\u00ebs. &#8211; \u201cN\u00ebse nuk kemi nj\u00eb p\u00ebrgjigje nes\u00ebr do t\u00eb futemi edhe ne grat\u00eb n\u00eb grev\u00eb urie\u201d. \u00a0&#8211; rgjigje nes\u00ebr do t\u00eb futemi edhe ne grat\u00eb n\u00eb grev\u00eb urie\u201d,"},"content":{"rendered":"<p><img data-recalc-dims=\"1\" loading=\"lazy\" decoding=\"async\" data-attachment-id=\"39627\" data-permalink=\"https:\/\/www.shqiperia.com\/blog\/naftetaret-perplasen-me-policine-private-te-uzines-nese-nuk-kemi-nje-pergjigje-neser-do-te-futemi-edhe-ne-grate-ne-greve-urie\/greviste-naftetare\/\" data-orig-file=\"https:\/\/i0.wp.com\/www.shqiperia.com\/blog\/wp-content\/uploads\/2020\/10\/greviste-naftetare.jpg?fit=770%2C420&amp;ssl=1\" data-orig-size=\"770,420\" data-comments-opened=\"1\" data-image-meta=\"{&quot;aperture&quot;:&quot;0&quot;,&quot;credit&quot;:&quot;&quot;,&quot;camera&quot;:&quot;&quot;,&quot;caption&quot;:&quot;&quot;,&quot;created_timestamp&quot;:&quot;0&quot;,&quot;copyright&quot;:&quot;&quot;,&quot;focal_length&quot;:&quot;0&quot;,&quot;iso&quot;:&quot;0&quot;,&quot;shutter_speed&quot;:&quot;0&quot;,&quot;title&quot;:&quot;&quot;,&quot;orientation&quot;:&quot;0&quot;}\" data-image-title=\"greviste-naftetare\" data-image-description=\"\" data-image-caption=\"\" data-medium-file=\"https:\/\/i0.wp.com\/www.shqiperia.com\/blog\/wp-content\/uploads\/2020\/10\/greviste-naftetare.jpg?fit=300%2C164&amp;ssl=1\" data-large-file=\"https:\/\/i0.wp.com\/www.shqiperia.com\/blog\/wp-content\/uploads\/2020\/10\/greviste-naftetare.jpg?fit=770%2C420&amp;ssl=1\" class=\"alignnone wp-image-39627\" alt=\"\" src=\"https:\/\/i0.wp.com\/www.shqiperia.com\/blog\/wp-content\/uploads\/2020\/10\/greviste-naftetare.jpg?resize=644%2C352&#038;ssl=1\" width=\"644\" height=\"352\" srcset=\"https:\/\/i0.wp.com\/www.shqiperia.com\/blog\/wp-content\/uploads\/2020\/10\/greviste-naftetare.jpg?resize=300%2C164&amp;ssl=1 300w, https:\/\/i0.wp.com\/www.shqiperia.com\/blog\/wp-content\/uploads\/2020\/10\/greviste-naftetare.jpg?resize=768%2C419&amp;ssl=1 768w, https:\/\/i0.wp.com\/www.shqiperia.com\/blog\/wp-content\/uploads\/2020\/10\/greviste-naftetare.jpg?resize=450%2C245&amp;ssl=1 450w, https:\/\/i0.wp.com\/www.shqiperia.com\/blog\/wp-content\/uploads\/2020\/10\/greviste-naftetare.jpg?resize=600%2C327&amp;ssl=1 600w, https:\/\/i0.wp.com\/www.shqiperia.com\/blog\/wp-content\/uploads\/2020\/10\/greviste-naftetare.jpg?resize=400%2C218&amp;ssl=1 400w, https:\/\/i0.wp.com\/www.shqiperia.com\/blog\/wp-content\/uploads\/2020\/10\/greviste-naftetare.jpg?w=770&amp;ssl=1 770w\" sizes=\"auto, (max-width: 644px) 100vw, 644px\" \/><\/p>\n<p><strong><a href=\"http:\/\/www.panorama.com.al\/keta-te-lene-te-vdesesh-naftetaret-perplasen-me-policine-private-te-uzines-ja-paralajmerimi-i-forte-qe-vjen-nga-grate\/\">Naft\u00ebtar\u00ebt p\u00ebrplasen me policin\u00eb private t\u00eb uzin\u00ebs. &#8211; <em>\u201cN\u00ebse nuk kemi nj\u00eb p\u00ebrgjigje nes\u00ebr do t\u00eb futemi edhe ne grat\u00eb n\u00eb grev\u00eb urie\u201d<\/em>.\u00a0\u00a0<\/a><\/strong><\/p>\n<p>Naftetaret: &#8211; Ta vije Kryeministri i Ri.<\/p>\n<p><em>\u00a013 tetor \u00a02020<\/em><\/p>\n<p>Ata thon\u00eb se k\u00ebrkojn\u00eb t\u00eb marrin dokumentet dhe librezat e pun\u00ebs. Teksa jan\u00eb p\u00ebrplasur edhe me forcat e policis\u00eb q\u00eb ruajn\u00eb uzin\u00ebn ata b\u00ebjn\u00eb thirrje q\u00eb t\u00eb hapen dyert e saj.<\/p>\n<p><em>\u201cP\u00ebrkrahje sociale, jo, rroga jo, asistenc\u00eb jo. M\u00eb paq\u00ebsore se kaq nuk ka ku t\u00eb shkoj\u00eb m\u00eb. Na mashtruan na g\u00ebnjyen. Puna nuk ka filluar akoma. Kjo \u00ebsht\u00eb tallje e madhe. Do vdesim n\u00eb grev\u00eb urie. Ne duam garanci, q\u00eb p\u00ebr 6 muaj t\u00eb mos jemi prap\u00eb n\u00eb grev\u00eb\u201d<\/em>, tha nj\u00eb prej naft\u00ebtar\u00ebve.<\/p>\n<p>Naft\u00ebtar\u00ebt k\u00ebrkojn\u00eb zgjidhje nga politika, duke i b\u00ebr\u00eb thirrje edhe kryeministrit edhe kreut t\u00eb PD.<\/p>\n<p><em>\u201cNuk jan\u00eb naft\u00ebtar\u00ebt problematik\u00eb. K\u00ebta t\u00eb l\u00ebn\u00eb t\u00eb vdes\u00ebsh. Uljani rrog\u00ebn atyre derrave, deputet\u00ebve. 3 milion\u00eb lek\u00eb p\u00ebr ca i duan. I b\u00ebjm\u00eb thirrje ambasad\u00ebs amerikane t\u00eb nd\u00ebrhyj\u00eb. I b\u00ebj thirrje edhe kryetarit t\u00eb opozit\u00ebs t\u00eb mos rrij\u00eb n\u00eb hije. Na mbyt\u00ebn mafioz\u00ebt. T\u00eb vij\u00eb k\u00ebtu kryeministri i Shqip\u00ebris\u00eb\u201d<\/em>, tha nj\u00eb tjet\u00ebr naft\u00ebtar.<\/p>\n<p><em>\u201cO derman thirri mendjes. Merri t\u00eb gjitha p\u00ebr vete dhe b\u00ebhu mbret. B\u00ebhu pesh\u00ebngrit\u00ebs, \u00e7a t\u00eb doj\u00eb qejfi. Por po t\u00eb vjen ora. I b\u00ebj thirrje dhe kryetarit t\u00eb opozit\u00ebs, q\u00eb mos t\u00eb rrij\u00eb n\u00eb hije. Ka ardhur n\u00eb Ballsh k\u00ebtu, shum\u00eb mir\u00eb ka b\u00ebr\u00eb, t\u00eb vazhdoj\u00eb t\u00eb flas mos t\u00eb hesht. Nuk \u00ebsht\u00eb vet\u00ebm problemi i Ballshit, pasi \u00ebsht\u00eb e t\u00ebr\u00eb Shqip\u00ebria. Na mbyt\u00ebn mafioz\u00ebt nga t\u00eb gjitha an\u00ebt. Dhe heshtin k\u00ebta morra. B\u00ebhen pal\u00eb me t\u00eb tjer\u00ebt, k\u00ebta q\u00eb jan\u00eb k\u00ebtu. Ngriheni z\u00ebrin fort. Kryeministri t\u00eb vij\u00eb k\u00ebtu pasi po mbahet nga taksat tona. Tek ky sheshi k\u00ebtu i ka th\u00ebn\u00eb ish-pronarit; \u201cJepi lekut, se n\u00eb varr nuk do i marr\u00ebsh\u201d. Po ti zoti kryeminist\u00ebr ku do i \u00e7osh?! Po m\u00eb vjen keq mo zotni po pse e b\u00ebni sht\u00ebpin\u00eb me 12 banja, apo keni nga nj\u00eb qen e nga nj\u00eb mace q\u00eb do t\u00eb shkoj\u00eb n\u00eb banj\u00eb. Se di pse i doni k\u00ebto vila, k\u00ebto pallate! Po p\u00ebr \u00e7a i doni mo burr\u00eb, se nj\u00eb jet\u00eb keni! Nuk e hani dot nj\u00eb vit, do hash 50 mij\u00eb lek\u00eb n\u00eb dit\u00eb, por jo 500 milion\u00eb.\u201d,\u00a0<\/em>tha nj\u00eb tjet\u00ebr naft\u00ebtar duke iu drejtuar kryeministrit Rama.<\/p>\n<p>Nd\u00ebrkoh\u00eb nj\u00eb paralajm\u00ebrim vjen edhe nga grat\u00eb, t\u00eb cilat than\u00eb se do t\u00eb futen n\u00eb grev\u00eb urie.<\/p>\n<p><em>\u201cN\u00ebse nuk kemi nj\u00eb p\u00ebrgjigje nes\u00ebr do t\u00eb futemi edhe ne grat\u00eb n\u00eb grev\u00eb urie\u201d<\/em>, tha nj\u00eb grua.<\/p>\n","protected":false},"excerpt":{"rendered":"<p>Naft\u00ebtar\u00ebt p\u00ebrplasen me policin\u00eb private t\u00eb uzin\u00ebs. &#8211; \u201cN\u00ebse nuk kemi nj\u00eb p\u00ebrgjigje nes\u00ebr do t\u00eb futemi edhe ne grat\u00eb n\u00eb grev\u00eb urie\u201d.\u00a0\u00a0 Naftetaret: &#8211; Ta vije Kryeministri i Ri. \u00a013 tetor \u00a02020 Ata thon\u00eb se k\u00ebrkojn\u00eb t\u00eb marrin dokumentet dhe librezat e pun\u00ebs. Teksa jan\u00eb p\u00ebrplasur edhe me forcat e policis\u00eb q\u00eb ruajn\u00eb uzin\u00ebn [&hellip;]<\/p>\n","protected":false},"author":9,"featured_media":39627,"comment_status":"open","ping_status":"open","sticky":false,"template":"","format":"standard","meta":{"jetpack_post_was_ever_published":false,"_jetpack_newsletter_access":"","_jetpack_dont_email_post_to_subs":false,"_jetpack_newsletter_tier_id":0,"_jetpack_memberships_contains_paywalled_content":false,"_jetpack_memberships_contains_paid_content":false,"footnotes":"","jetpack_publicize_message":"","jetpack_publicize_feature_enabled":true,"jetpack_social_post_already_shared":true,"jetpack_social_options":{"image_generator_settings":{"template":"highway","default_image_id":0,"font":"","enabled":false},"version":2}},"categories":[27,2,35],"tags":[],"class_list":["post-39626","post","type-post","status-publish","format-standard","has-post-thumbnail","hentry","category-blogu-i-udhetarit","category-politika","category-shoqerore"],"jetpack_publicize_connections":[],"jetpack_featured_media_url":"https:\/\/i0.wp.com\/www.shqiperia.com\/blog\/wp-content\/uploads\/2020\/10\/greviste-naftetare.jpg?fit=770%2C420&ssl=1","jetpack_sharing_enabled":true,"jetpack_shortlink":"https:\/\/wp.me\/p5Z6wp-aj8","jetpack-related-posts":[{"id":94298,"url":"https:\/\/www.shqiperia.com\/blog\/greve-urie-naftetaret-e-bankers-helmohemi-nga-gazerat-qe-emeton-nafta-per-paga-qesharake\/","url_meta":{"origin":39626,"position":0},"title":"Grev\u00eb urie. Naft\u00ebtar\u00ebt e Bankers: &#8211; Helmohemi nga gaz\u00ebrat q\u00eb em\u00ebton nafta, p\u00ebr paga qesharake","author":"Kurt Farka","date":"October 15, 2025","format":false,"excerpt":"15 Tetor 2025 Naft\u00ebtar\u00eb dhe punonj\u00ebs t\u00eb tjer\u00eb t\u00eb kompanis\u00eb \u201cBankers Petroleum\u201d n\u00eb Marinz\u00eb jan\u00eb futur n\u00eb grev\u00eb urie m\u00ebngjesin e s\u00eb m\u00ebrkur\u00ebs. Fillimisht rreth 200 punonj\u00ebs protestuan p\u00ebrpara zyrave t\u00eb kompanis\u00eb, nd\u00ebrsa Kryetari i Sindikat\u00ebs s\u00eb Sektorit Hidrokarbur, Dritan Shahu thot\u00eb se 10 naft\u00ebtar\u00eb jan\u00eb futur n\u00eb grev\u00eb urie\u2026","rel":"","context":"In &quot;Blogu i Udh\u00ebtarit&quot;","block_context":{"text":"Blogu i Udh\u00ebtarit","link":"https:\/\/www.shqiperia.com\/blog\/category\/blogu-i-udhetarit\/"},"img":{"alt_text":"","src":"https:\/\/i0.wp.com\/www.shqiperia.com\/blog\/wp-content\/uploads\/2025\/10\/hq720.jpg?fit=686%2C386&ssl=1&resize=350%2C200","width":350,"height":200,"srcset":"https:\/\/i0.wp.com\/www.shqiperia.com\/blog\/wp-content\/uploads\/2025\/10\/hq720.jpg?fit=686%2C386&ssl=1&resize=350%2C200 1x, https:\/\/i0.wp.com\/www.shqiperia.com\/blog\/wp-content\/uploads\/2025\/10\/hq720.jpg?fit=686%2C386&ssl=1&resize=525%2C300 1.5x"},"classes":[]},{"id":40708,"url":"https:\/\/www.shqiperia.com\/blog\/rama-me-naftetaret-pagat-e-prapambetura-sjane-detyrim-i-qeverise-do-japim-mbeshtetje\/","url_meta":{"origin":39626,"position":1},"title":"Rama me naft\u00ebtar\u00ebt: &#8211; Pagat e prapambetura s\u2019jan\u00eb detyrim i qeveris\u00eb, do japim mb\u00ebshtetje","author":"Kurt Farka","date":"November 9, 2020","format":false,"excerpt":"Rama me naft\u00ebtar\u00ebt: - Pagat e prapambetura s\u2019jan\u00eb detyrim i qeveris\u00eb, do japim mb\u00ebshtetje - 09\/11\/20 Kryeministri Edi Rama pas takimit me naft\u00ebtar\u00ebt e Ballshit, q\u00eb u mbajt n\u00eb zyrat e Bashkis\u00eb s\u00eb Fierit, u shpreh se \u00e7\u00ebshtja \u00ebsht\u00eb e komplikuar dhe nuk i p\u00ebrket qeveris\u00eb. Megjithat\u00eb, ai tha se\u2026","rel":"","context":"In &quot;Blogu i Udh\u00ebtarit&quot;","block_context":{"text":"Blogu i Udh\u00ebtarit","link":"https:\/\/www.shqiperia.com\/blog\/category\/blogu-i-udhetarit\/"},"img":{"alt_text":"","src":"https:\/\/i0.wp.com\/www.shqiperia.com\/blog\/wp-content\/uploads\/2020\/11\/91641347_2686314304925189_8773302834813730816_n.jpg?fit=831%2C478&ssl=1&resize=350%2C200","width":350,"height":200,"srcset":"https:\/\/i0.wp.com\/www.shqiperia.com\/blog\/wp-content\/uploads\/2020\/11\/91641347_2686314304925189_8773302834813730816_n.jpg?fit=831%2C478&ssl=1&resize=350%2C200 1x, https:\/\/i0.wp.com\/www.shqiperia.com\/blog\/wp-content\/uploads\/2020\/11\/91641347_2686314304925189_8773302834813730816_n.jpg?fit=831%2C478&ssl=1&resize=525%2C300 1.5x, https:\/\/i0.wp.com\/www.shqiperia.com\/blog\/wp-content\/uploads\/2020\/11\/91641347_2686314304925189_8773302834813730816_n.jpg?fit=831%2C478&ssl=1&resize=700%2C400 2x"},"classes":[]},{"id":39747,"url":"https:\/\/www.shqiperia.com\/blog\/greva-e-urise-ne-rafinerine-e-ballshit-grate-refuzojne-mjeket-deputetet-te-vijne-ketu-kemi-punuar-ne-helm-e-acid-kerkojme-gjakun-e-derdhur\/","url_meta":{"origin":39626,"position":2},"title":"Greva e uris\u00eb n\u00eb rafinerin\u00eb e Ballshit, grat\u00eb refuzojn\u00eb mjek\u00ebt: &#8211; Deputetet t\u00eb vijn\u00eb k\u00ebtu. Kemi punuar n\u00eb helm e acid, k\u00ebrkojm\u00eb gjakun e derdhur!","author":"Kurt Farka","date":"October 17, 2020","format":false,"excerpt":"Greva e uris\u00eb n\u00eb rafinerin\u00eb e Ballshit, grat\u00eb refuzojn\u00eb mjek\u00ebt: - Deputetet t\u00eb vijn\u00eb k\u00ebtu. Kemi punuar n\u00eb helm e acid, k\u00ebrkojm\u00eb gjakun e derdhur! 17 tetor 2020 Grat\u00eb e Ballshit jan\u00eb n\u00eb dit\u00ebn e 3 t\u00eb grev\u00ebs dhe sot shprehen m\u00eb t\u00eb revoltuara se asnj\u00ebher\u00eb, p\u00ebr shkak se nuk\u2026","rel":"","context":"In &quot;Blogu i Udh\u00ebtarit&quot;","block_context":{"text":"Blogu i Udh\u00ebtarit","link":"https:\/\/www.shqiperia.com\/blog\/category\/blogu-i-udhetarit\/"},"img":{"alt_text":"","src":"https:\/\/i0.wp.com\/www.shqiperia.com\/blog\/wp-content\/uploads\/2020\/10\/1602923217_Screenshot2-905x450-1.jpg?fit=905%2C450&ssl=1&resize=350%2C200","width":350,"height":200,"srcset":"https:\/\/i0.wp.com\/www.shqiperia.com\/blog\/wp-content\/uploads\/2020\/10\/1602923217_Screenshot2-905x450-1.jpg?fit=905%2C450&ssl=1&resize=350%2C200 1x, https:\/\/i0.wp.com\/www.shqiperia.com\/blog\/wp-content\/uploads\/2020\/10\/1602923217_Screenshot2-905x450-1.jpg?fit=905%2C450&ssl=1&resize=525%2C300 1.5x, https:\/\/i0.wp.com\/www.shqiperia.com\/blog\/wp-content\/uploads\/2020\/10\/1602923217_Screenshot2-905x450-1.jpg?fit=905%2C450&ssl=1&resize=700%2C400 2x"},"classes":[]},{"id":94486,"url":"https:\/\/www.shqiperia.com\/blog\/16-dite-greve-e-proteste-bankers-ende-hesht\/","url_meta":{"origin":39626,"position":3},"title":"16 dit\u00eb grev\u00eb e protest\u00eb, \u2018Bankers\u2019 ende hesht\u2026","author":"Kurt Farka","date":"October 30, 2025","format":false,"excerpt":"30 Tetor 2025 Paralelisht me grev\u00ebn e uris\u00eb q\u00eb vijon prej 16 dit\u00ebsh n\u00eb zyrat e sindikat\u00ebs, k\u00ebt\u00eb t\u00eb enjte naft\u00ebtar\u00ebt e Patos-Marinz\u00ebs zhvilluan nj\u00eb protest\u00eb para zyrave t\u00eb kompanis\u00eb \u201cBankers Petroleum\u201d n\u00eb Fier. Me pankarta n\u00eb duar dhe thirrje si \u201cJu nuk e meritoni k\u00ebt\u00eb vendburim\u201d dhe \u201cJu nuk\u2026","rel":"","context":"In &quot;Blogu i Udh\u00ebtarit&quot;","block_context":{"text":"Blogu i Udh\u00ebtarit","link":"https:\/\/www.shqiperia.com\/blog\/category\/blogu-i-udhetarit\/"},"img":{"alt_text":"","src":"https:\/\/i0.wp.com\/www.shqiperia.com\/blog\/wp-content\/uploads\/2025\/10\/protesta-bankers.jpg?fit=780%2C440&ssl=1&resize=350%2C200","width":350,"height":200,"srcset":"https:\/\/i0.wp.com\/www.shqiperia.com\/blog\/wp-content\/uploads\/2025\/10\/protesta-bankers.jpg?fit=780%2C440&ssl=1&resize=350%2C200 1x, https:\/\/i0.wp.com\/www.shqiperia.com\/blog\/wp-content\/uploads\/2025\/10\/protesta-bankers.jpg?fit=780%2C440&ssl=1&resize=525%2C300 1.5x, https:\/\/i0.wp.com\/www.shqiperia.com\/blog\/wp-content\/uploads\/2025\/10\/protesta-bankers.jpg?fit=780%2C440&ssl=1&resize=700%2C400 2x"},"classes":[]},{"id":78026,"url":"https:\/\/www.shqiperia.com\/blog\/bardhi-aksioni-vijon-pershkallezim-me-ngujim-dhe-greve-urie\/","url_meta":{"origin":39626,"position":4},"title":"Bardhi, aksioni vijon: P\u00ebrshkall\u00ebzim me ngujim dhe grev\u00eb urie","author":"Kurt Farka","date":"February 8, 2024","format":false,"excerpt":"8 Shkurt 2024 Nga oborri i Kuvendit, kreu i grupit parlamentar t\u00eb PD-s\u00eb, Gazment Bardhi paralajm\u00ebroi grev\u00eb urie t\u00eb opozit\u00ebs. Gazment Bardhi:\u00a0Pjesa d\u00ebrrmuese e opozit\u00ebs p\u00ebrfaq\u00ebsues t\u00eb qytetar\u00ebve nuk u lejuan t\u00eb futen. Nj\u00eb tentativ\u00eb p\u00ebr t\u00eb formalizuar p\u00ebrjashtimin de facto t\u00eb opozit\u00ebs nga parlamenti. Grupi parlamentar vijoi aksionin p\u00ebr\u2026","rel":"","context":"In &quot;Blogu i Udh\u00ebtarit&quot;","block_context":{"text":"Blogu i Udh\u00ebtarit","link":"https:\/\/www.shqiperia.com\/blog\/category\/blogu-i-udhetarit\/"},"img":{"alt_text":"","src":"https:\/\/i0.wp.com\/www.shqiperia.com\/blog\/wp-content\/uploads\/2024\/02\/640-0-32784c215e63b99fe797ea4d20182a53.jpg?fit=640%2C342&ssl=1&resize=350%2C200","width":350,"height":200,"srcset":"https:\/\/i0.wp.com\/www.shqiperia.com\/blog\/wp-content\/uploads\/2024\/02\/640-0-32784c215e63b99fe797ea4d20182a53.jpg?fit=640%2C342&ssl=1&resize=350%2C200 1x, https:\/\/i0.wp.com\/www.shqiperia.com\/blog\/wp-content\/uploads\/2024\/02\/640-0-32784c215e63b99fe797ea4d20182a53.jpg?fit=640%2C342&ssl=1&resize=525%2C300 1.5x"},"classes":[]},{"id":14699,"url":"https:\/\/www.shqiperia.com\/blog\/tjeter-proteste-minatoret-paralajmerojne-greve-urie\/","url_meta":{"origin":39626,"position":5},"title":"Tjet\u00ebr protest\u00eb, &#8211; Minator\u00ebt paralajm\u00ebrojn\u00eb grev\u00eb urie. &#8211;","author":"Kurt Farka","date":"December 12, 2018","format":false,"excerpt":"Tjet\u00ebr protest\u00eb, - Minator\u00ebt paralajm\u00ebrojn\u00eb grev\u00eb urie. - 12 Dhjetor, 2018 Nd\u00ebrkoh\u00eb q\u00eb n\u00eb Tiran\u00eb student\u00ebt po protestojn\u00eb prej disa dit\u00ebsh, n\u00eb Bulqiz\u00eb jan\u00eb ngritur minator\u00ebt. M\u00ebsohet se minator\u00ebt k\u00ebrkojn\u00eb plot\u00ebsimin e kushteve n\u00eb pun\u00eb si dhe p\u00ebr statusin e tyre. B\u00ebhet e ditur se minator\u00ebt kan\u00eb paralajm\u00ebruar p\u00ebrshkall\u00ebzim t\u00eb\u2026","rel":"","context":"In &quot;Blogu i Udh\u00ebtarit&quot;","block_context":{"text":"Blogu i Udh\u00ebtarit","link":"https:\/\/www.shqiperia.com\/blog\/category\/blogu-i-udhetarit\/"},"img":{"alt_text":"","src":"https:\/\/i0.wp.com\/www.shqiperia.com\/blog\/wp-content\/uploads\/2018\/12\/protesta-minatoret.jpg?fit=640%2C432&ssl=1&resize=350%2C200","width":350,"height":200,"srcset":"https:\/\/i0.wp.com\/www.shqiperia.com\/blog\/wp-content\/uploads\/2018\/12\/protesta-minatoret.jpg?fit=640%2C432&ssl=1&resize=350%2C200 1x, https:\/\/i0.wp.com\/www.shqiperia.com\/blog\/wp-content\/uploads\/2018\/12\/protesta-minatoret.jpg?fit=640%2C432&ssl=1&resize=525%2C300 1.5x"},"classes":[]}],"_links":{"self":[{"href":"https:\/\/www.shqiperia.com\/blog\/wp-json\/wp\/v2\/posts\/39626","targetHints":{"allow":["GET"]}}],"collection":[{"href":"https:\/\/www.shqiperia.com\/blog\/wp-json\/wp\/v2\/posts"}],"about":[{"href":"https:\/\/www.shqiperia.com\/blog\/wp-json\/wp\/v2\/types\/post"}],"author":[{"embeddable":true,"href":"https:\/\/www.shqiperia.com\/blog\/wp-json\/wp\/v2\/users\/9"}],"replies":[{"embeddable":true,"href":"https:\/\/www.shqiperia.com\/blog\/wp-json\/wp\/v2\/comments?post=39626"}],"version-history":[{"count":4,"href":"https:\/\/www.shqiperia.com\/blog\/wp-json\/wp\/v2\/posts\/39626\/revisions"}],"predecessor-version":[{"id":39631,"href":"https:\/\/www.shqiperia.com\/blog\/wp-json\/wp\/v2\/posts\/39626\/revisions\/39631"}],"wp:featuredmedia":[{"embeddable":true,"href":"https:\/\/www.shqiperia.com\/blog\/wp-json\/wp\/v2\/media\/39627"}],"wp:attachment":[{"href":"https:\/\/www.shqiperia.com\/blog\/wp-json\/wp\/v2\/media?parent=39626"}],"wp:term":[{"taxonomy":"category","embeddable":true,"href":"https:\/\/www.shqiperia.com\/blog\/wp-json\/wp\/v2\/categories?post=39626"},{"taxonomy":"post_tag","embeddable":true,"href":"https:\/\/www.shqiperia.com\/blog\/wp-json\/wp\/v2\/tags?post=39626"}],"curies":[{"name":"wp","href":"https:\/\/api.w.org\/{rel}","templated":true}]}}