{"id":39623,"date":"2020-10-13T11:01:17","date_gmt":"2020-10-13T11:01:17","guid":{"rendered":"https:\/\/www.shqiperia.com\/blog\/?p=39623"},"modified":"2020-10-13T11:01:30","modified_gmt":"2020-10-13T11:01:30","slug":"na-pret-nje-mot-i-acarte-si-ne-kohet-e-vjetra-si-parashikohet-te-jete-dimri-i-vitit-2020-21","status":"publish","type":"post","link":"https:\/\/www.shqiperia.com\/blog\/na-pret-nje-mot-i-acarte-si-ne-kohet-e-vjetra-si-parashikohet-te-jete-dimri-i-vitit-2020-21\/","title":{"rendered":"Na pret nj\u00eb mot i acart\u00eb si n\u00eb koh\u00ebt e vjetra. &#8211; Si parashikohet t\u00eb jet\u00eb dimri i vitit 2020-21"},"content":{"rendered":"<p><img data-recalc-dims=\"1\" loading=\"lazy\" decoding=\"async\" data-attachment-id=\"39624\" data-permalink=\"https:\/\/www.shqiperia.com\/blog\/na-pret-nje-mot-i-acarte-si-ne-kohet-e-vjetra-si-parashikohet-te-jete-dimri-i-vitit-2020-21\/importedimage293472_header-905x450\/\" data-orig-file=\"https:\/\/i0.wp.com\/www.shqiperia.com\/blog\/wp-content\/uploads\/2020\/10\/importedImage293472_header-905x450-1.jpg?fit=905%2C450&amp;ssl=1\" data-orig-size=\"905,450\" data-comments-opened=\"1\" data-image-meta=\"{&quot;aperture&quot;:&quot;0&quot;,&quot;credit&quot;:&quot;&quot;,&quot;camera&quot;:&quot;&quot;,&quot;caption&quot;:&quot;&quot;,&quot;created_timestamp&quot;:&quot;0&quot;,&quot;copyright&quot;:&quot;&quot;,&quot;focal_length&quot;:&quot;0&quot;,&quot;iso&quot;:&quot;0&quot;,&quot;shutter_speed&quot;:&quot;0&quot;,&quot;title&quot;:&quot;&quot;,&quot;orientation&quot;:&quot;0&quot;}\" data-image-title=\"importedImage293472_header-905&#215;450\" data-image-description=\"\" data-image-caption=\"\" data-medium-file=\"https:\/\/i0.wp.com\/www.shqiperia.com\/blog\/wp-content\/uploads\/2020\/10\/importedImage293472_header-905x450-1.jpg?fit=300%2C149&amp;ssl=1\" data-large-file=\"https:\/\/i0.wp.com\/www.shqiperia.com\/blog\/wp-content\/uploads\/2020\/10\/importedImage293472_header-905x450-1.jpg?fit=905%2C450&amp;ssl=1\" class=\"alignnone wp-image-39624\" alt=\"\" src=\"https:\/\/i0.wp.com\/www.shqiperia.com\/blog\/wp-content\/uploads\/2020\/10\/importedImage293472_header-905x450-1.jpg?resize=546%2C271&#038;ssl=1\" width=\"546\" height=\"271\" srcset=\"https:\/\/i0.wp.com\/www.shqiperia.com\/blog\/wp-content\/uploads\/2020\/10\/importedImage293472_header-905x450-1.jpg?resize=300%2C149&amp;ssl=1 300w, https:\/\/i0.wp.com\/www.shqiperia.com\/blog\/wp-content\/uploads\/2020\/10\/importedImage293472_header-905x450-1.jpg?resize=768%2C382&amp;ssl=1 768w, https:\/\/i0.wp.com\/www.shqiperia.com\/blog\/wp-content\/uploads\/2020\/10\/importedImage293472_header-905x450-1.jpg?resize=450%2C224&amp;ssl=1 450w, https:\/\/i0.wp.com\/www.shqiperia.com\/blog\/wp-content\/uploads\/2020\/10\/importedImage293472_header-905x450-1.jpg?resize=600%2C298&amp;ssl=1 600w, https:\/\/i0.wp.com\/www.shqiperia.com\/blog\/wp-content\/uploads\/2020\/10\/importedImage293472_header-905x450-1.jpg?resize=400%2C199&amp;ssl=1 400w, https:\/\/i0.wp.com\/www.shqiperia.com\/blog\/wp-content\/uploads\/2020\/10\/importedImage293472_header-905x450-1.jpg?w=905&amp;ssl=1 905w\" sizes=\"auto, (max-width: 546px) 100vw, 546px\" \/><\/p>\n<p><strong>Na pret nj\u00eb mot i acart\u00eb si n\u00eb koh\u00ebt e vjetra. &#8211; Si parashikohet t\u00eb jet\u00eb dimri i vitit 2020-21<\/strong><\/p>\n<p>13 tetor 2020<\/p>\n<p>Moti dit\u00ebt e fundit ka sh\u00ebnuar r\u00ebnie t\u00eb temperaturave dhe \u00ebsht\u00eb shoq\u00ebruar me reshje t\u00eb furishme shiu.<\/p>\n<p>Parashikimet e motit n\u00eb Itali parashikojn\u00eb p\u00ebr dit\u00ebt n\u00eb vazhdim, nj\u00eb r\u00ebnie t\u00eb papritur t\u00eb temperaturave.<\/p>\n<p>Madje ato minimalet do t\u00eb prekin 4 grad\u00ebt n\u00eb veri dhe do t\u00eb ket\u00eb ves\u00ebn e par\u00eb t\u00eb m\u00ebngjesit.<\/p>\n<p>P\u00ebr t\u00eb mos folur p\u00ebr d\u00ebbor\u00ebn q\u00eb ka r\u00ebn\u00eb dhe do t\u00eb bjer\u00eb n\u00eb Alpe dhe Apenine.<\/p>\n<p>Pas dy jav\u00ebsh hyn ora diellore. Pra shpejt t\u00eb ftohtit dhe d\u00ebbor\u00ebs do t\u2019i shtohet edhe err\u00ebsira.<\/p>\n<p>M\u00eb dim\u00ebr se kaq! Nd\u00ebrsa jemi akoma n\u00eb vjesht\u00eb.<\/p>\n<p><strong>Por si do t\u00eb jet\u00eb nga ana e parashikimit t\u00eb motit ky dim\u00ebr 2020-2021?<\/strong><\/p>\n<p>I ftohti q\u00eb do t\u00eb ndiejm\u00eb n\u00eb k\u00ebto dit\u00eb tetori nuk \u00ebsht\u00eb fillimi i dimrit 2020-2021. P\u00ebrkundrazi, vjeshta do t\u00eb na dhuroj\u00eb akoma dit\u00eb t\u00eb bukura dhe do t\u00eb zgjas\u00eb p\u00ebrtej dat\u00ebs s\u00eb mbarimit t\u00eb tij. N\u00eb fakt nga parashikimet me koh\u00eb t\u00eb zgjatur duket se do t\u00eb kemi nj\u00eb fillim dimri mjaft t\u00eb nxeht\u00eb p\u00ebr disa zona, edhe pse me shum\u00eb reshje, nd\u00ebrsa p\u00ebr t\u00eb tjera do t\u00eb jet\u00eb \u201cakull i parakohsh\u00ebm\u201d. N\u00eb pjes\u00ebn e dyt\u00eb t\u00eb stin\u00ebs do t\u00eb kemi v\u00ebrtet val\u00eb t\u00eb ftohta.<\/p>\n<p>Klima dim\u00ebrore \u00ebsht\u00eb e ndikuar nga\u00a0 ftohja anormale e uj\u00ebrave sip\u00ebrfaq\u00ebsore t\u00eb Oqeanit Paq\u00ebsor, dhe nga Vorbulla Polare. Jan\u00eb k\u00ebto, dy elementet q\u00eb karakterizojn\u00eb ecurin\u00eb e dimrit n\u00eb Europ\u00eb.<\/p>\n<p>Pra \u00e7far\u00eb do t\u00eb ndodh\u00eb n\u00eb dimrin 2020-2021?<\/p>\n<p>Prania e Nina-s (ftohja anormale e uj\u00ebrave sip\u00ebrfaq\u00ebsore t\u00eb Oqeanit Paq\u00ebsor) do t\u00eb favorizoj\u00eb ardhjen n\u00eb Itali t\u00eb shum\u00eb \u201cturbulencave\u201d atlantike.<\/p>\n<p>K\u00ebto nuk do t\u00eb takojn\u00eb asnj\u00eb bllokim p\u00ebr shkak t\u00eb presionit t\u00eb lart\u00eb dhe do t\u00eb sjellin shum\u00eb shira.<\/p>\n<p>\u00cbsht\u00eb edhe Vorbulla Polare ose presioni i ul\u00ebt i pranish\u00ebm n\u00eb Polin e Veriut i mbushur me aj\u00ebr t\u00eb ftoht\u00eb.<\/p>\n<p>Dhe kjo me shum\u00eb mund\u00ebsi do t\u00eb ndodh\u00eb n\u00eb dhjetor.<\/p>\n<p><strong>Parashikimet p\u00ebr dhjetor, janar dhe shkurt 2021<\/strong><\/p>\n<p>P\u00ebr dimrin 2020-2021 parashikimet tregojn\u00eb nj\u00eb dhjetor mjaft t\u00eb ngroht\u00eb me temperatura edhe m\u00eb t\u00eb larta se mesataret.<\/p>\n<p>Pra na pret nj\u00eb dhjetor i but\u00eb nga ana termike, por mjaft i paq\u00ebndruesh\u00ebm me shtr\u00ebngata t\u00eb shpeshta.<\/p>\n<p>Mes janarit dhe shkurtit pritet prishja e Vorbull\u00ebs Polare dhe mb\u00ebrritja e masave t\u00eb ajrit t\u00eb ftoht\u00eb.<\/p>\n<p>N\u00eb k\u00ebto kushte mund t\u00eb verifikohen reshje d\u00ebbore t\u00eb dendura edhe n\u00eb zona t\u00eb ul\u00ebta dhe n\u00eb qytete.<\/p>\n<p>Temperaturat do t\u00eb bien n\u00ebn mesataren dhe shum\u00eb posht\u00eb zeros.<\/p>\n<p>Ky parashikim meteorologjik \u00ebsht\u00eb m\u00eb i besueshmi duke par\u00eb rritjen e pashmangshme termike dhe pasojat q\u00eb ajo sjell dhe besohet se do t\u00eb jet\u00eb i nj\u00ebjt\u00eb n\u00eb edhe p\u00ebr vendin ton\u00eb.<\/p>\n<p><em>j.l.\/ dita<\/em><\/p>\n","protected":false},"excerpt":{"rendered":"<p>Na pret nj\u00eb mot i acart\u00eb si n\u00eb koh\u00ebt e vjetra. &#8211; Si parashikohet t\u00eb jet\u00eb dimri i vitit 2020-21 13 tetor 2020 Moti dit\u00ebt e fundit ka sh\u00ebnuar r\u00ebnie t\u00eb temperaturave dhe \u00ebsht\u00eb shoq\u00ebruar me reshje t\u00eb furishme shiu. Parashikimet e motit n\u00eb Itali parashikojn\u00eb p\u00ebr dit\u00ebt n\u00eb vazhdim, nj\u00eb r\u00ebnie t\u00eb papritur t\u00eb [&hellip;]<\/p>\n","protected":false},"author":9,"featured_media":39624,"comment_status":"open","ping_status":"open","sticky":false,"template":"","format":"standard","meta":{"jetpack_post_was_ever_published":false,"_jetpack_newsletter_access":"","_jetpack_dont_email_post_to_subs":false,"_jetpack_newsletter_tier_id":0,"_jetpack_memberships_contains_paywalled_content":false,"_jetpack_memberships_contains_paid_content":false,"footnotes":"","jetpack_publicize_message":"","jetpack_publicize_feature_enabled":true,"jetpack_social_post_already_shared":true,"jetpack_social_options":{"image_generator_settings":{"template":"highway","default_image_id":0,"font":"","enabled":false},"version":2}},"categories":[27,35],"tags":[],"class_list":["post-39623","post","type-post","status-publish","format-standard","has-post-thumbnail","hentry","category-blogu-i-udhetarit","category-shoqerore"],"jetpack_publicize_connections":[],"jetpack_featured_media_url":"https:\/\/i0.wp.com\/www.shqiperia.com\/blog\/wp-content\/uploads\/2020\/10\/importedImage293472_header-905x450-1.jpg?fit=905%2C450&ssl=1","jetpack_sharing_enabled":true,"jetpack_shortlink":"https:\/\/wp.me\/p5Z6wp-aj5","jetpack-related-posts":[{"id":67163,"url":"https:\/\/www.shqiperia.com\/blog\/java-e-ardhshme-me-e-ftohta-e-vitit-ja-temperaturat-ekstreme-qe-nuk-jane-pare-ne-vendin-tone\/","url_meta":{"origin":39623,"position":0},"title":"Java e ardhshme m\u00eb e ftohta e vitit. &#8211; Ja temperaturat ekstreme q\u00eb nuk jan\u00eb par\u00eb n\u00eb vendin ton\u00eb","author":"Kurt Farka","date":"February 2, 2023","format":false,"excerpt":"2 Shkurt 2023 Java e ardhshme parashikohet t\u00eb jet\u00eb java m\u00eb e ftoht\u00eb e k\u00ebtij dimri. Rryma atmosferike e ftoht\u00eb, e quajtur Nikola vjen nga Rusia dhe pritet t\u00eb mb\u00ebrrij\u00eb nga h\u00ebna e 6 shkurtit edhe n\u00eb vendin ton\u00eb. Moti i acart\u00eb karakterizohet nga er\u00ebrat e ftohta q\u00eb do t\u00eb\u2026","rel":"","context":"In &quot;Blogu i Udh\u00ebtarit&quot;","block_context":{"text":"Blogu i Udh\u00ebtarit","link":"https:\/\/www.shqiperia.com\/blog\/category\/blogu-i-udhetarit\/"},"img":{"alt_text":"","src":"https:\/\/i0.wp.com\/www.shqiperia.com\/blog\/wp-content\/uploads\/2023\/02\/800-0-d8603f1ea56d0e38de03aadde4fd8bbd-1.jpg?fit=800%2C472&ssl=1&resize=350%2C200","width":350,"height":200,"srcset":"https:\/\/i0.wp.com\/www.shqiperia.com\/blog\/wp-content\/uploads\/2023\/02\/800-0-d8603f1ea56d0e38de03aadde4fd8bbd-1.jpg?fit=800%2C472&ssl=1&resize=350%2C200 1x, https:\/\/i0.wp.com\/www.shqiperia.com\/blog\/wp-content\/uploads\/2023\/02\/800-0-d8603f1ea56d0e38de03aadde4fd8bbd-1.jpg?fit=800%2C472&ssl=1&resize=525%2C300 1.5x, https:\/\/i0.wp.com\/www.shqiperia.com\/blog\/wp-content\/uploads\/2023\/02\/800-0-d8603f1ea56d0e38de03aadde4fd8bbd-1.jpg?fit=800%2C472&ssl=1&resize=700%2C400 2x"},"classes":[]},{"id":99596,"url":"https:\/\/www.shqiperia.com\/blog\/kthese-e-papritur-e-motit\/","url_meta":{"origin":39623,"position":1},"title":"Kthes\u00eb e papritur e motit","author":"Kurt Farka","date":"April 20, 2026","format":false,"excerpt":"21 Prill 2026 Fundi i muajit prill do t\u00eb sjell\u00eb nj\u00eb mot t\u00eb paq\u00ebndruesh\u00ebm n\u00eb t\u00eb gjith\u00eb vendin, me ulje temperaturash dhe reshje shiu sporadike. Meteorologia Lajda Porja nga MeteoAlb n\u00eb nj\u00eb lidhje p\u00ebr \u201cOra News\u201d u shpreh se parashikohen dit\u00eb me vran\u00ebsira dhe momente me shi, duke paralajm\u00ebruar se\u2026","rel":"","context":"In &quot;Blogu i Udh\u00ebtarit&quot;","block_context":{"text":"Blogu i Udh\u00ebtarit","link":"https:\/\/www.shqiperia.com\/blog\/category\/blogu-i-udhetarit\/"},"img":{"alt_text":"","src":"https:\/\/i0.wp.com\/www.shqiperia.com\/blog\/wp-content\/uploads\/2026\/04\/IMG_5905.png?fit=650%2C365&ssl=1&resize=350%2C200","width":350,"height":200,"srcset":"https:\/\/i0.wp.com\/www.shqiperia.com\/blog\/wp-content\/uploads\/2026\/04\/IMG_5905.png?fit=650%2C365&ssl=1&resize=350%2C200 1x, https:\/\/i0.wp.com\/www.shqiperia.com\/blog\/wp-content\/uploads\/2026\/04\/IMG_5905.png?fit=650%2C365&ssl=1&resize=525%2C300 1.5x"},"classes":[]},{"id":40914,"url":"https:\/\/www.shqiperia.com\/blog\/cmendet-moti-parashikimi-i-papritur-i-eksperteve-ja-cfare-do-te-ndodhe-kete-dimer\/","url_meta":{"origin":39623,"position":2},"title":"\u00c7mendet moti! Parashikimi i papritur i ekspert\u00ebve: &#8211; Ja \u00e7far\u00eb do t\u00eb ndodh\u00eb k\u00ebt\u00eb dim\u00ebr","author":"Kurt Farka","date":"November 16, 2020","format":false,"excerpt":"\u00c7mendet moti! Parashikimi i papritur i ekspert\u00ebve: - Ja \u00e7far\u00eb do t\u00eb ndodh\u00eb k\u00ebt\u00eb dim\u00ebr 6 N\u00cbNTOR 2020 Kontinenti europian ka gjasa t\u00eb jet\u00eb m\u00eb i ngroht\u00eb k\u00ebt\u00eb Dim\u00ebr se sa pritej m\u00eb par\u00eb, sipas nj\u00eb parashikimi t\u00eb r\u00ebnd\u00ebsish\u00ebm t\u00eb motit, q\u00eb ndiqet edhe nga tregtar\u00ebt e energjis\u00eb. Parashikuesit tek\u2026","rel":"","context":"In &quot;Blogu i Udh\u00ebtarit&quot;","block_context":{"text":"Blogu i Udh\u00ebtarit","link":"https:\/\/www.shqiperia.com\/blog\/category\/blogu-i-udhetarit\/"},"img":{"alt_text":"","src":"https:\/\/i0.wp.com\/www.shqiperia.com\/blog\/wp-content\/uploads\/2020\/11\/640-0-5fb22f746e0f9-1.jpg?fit=640%2C320&ssl=1&resize=350%2C200","width":350,"height":200,"srcset":"https:\/\/i0.wp.com\/www.shqiperia.com\/blog\/wp-content\/uploads\/2020\/11\/640-0-5fb22f746e0f9-1.jpg?fit=640%2C320&ssl=1&resize=350%2C200 1x, https:\/\/i0.wp.com\/www.shqiperia.com\/blog\/wp-content\/uploads\/2020\/11\/640-0-5fb22f746e0f9-1.jpg?fit=640%2C320&ssl=1&resize=525%2C300 1.5x"},"classes":[]},{"id":37836,"url":"https:\/\/www.shqiperia.com\/blog\/cmendet-moti-sherbimi-meteorologjik-ushtarak-tregon-kthesen-e-madhe-qe-do-te-marrin-temperaturat-javen-qe-vjen-kujdes-neser\/","url_meta":{"origin":39623,"position":3},"title":"&#8216;\u00c7mendet&#8217; moti! Sh\u00ebrbimi Meteorologjik Ushtarak tregon kthes\u00ebn e madhe q\u00eb do t\u00eb marrin temperaturat jav\u00ebn q\u00eb vjen: Kujdes nes\u00ebr!","author":"Kurt Farka","date":"August 30, 2020","format":false,"excerpt":"'\u00c7mendet' moti! Sh\u00ebrbimi Meteorologjik Ushtarak tregon kthes\u00ebn e madhe q\u00eb do t\u00eb marrin temperaturat jav\u00ebn q\u00eb vjen: Kujdes nes\u00ebr! 30 GUSHT 2020 Sh\u00ebrbimi Meteorologjik Ushtarak ka b\u00ebr\u00eb parashikimin e motit porsa i p\u00ebrket jav\u00ebs q\u00eb presim p\u00ebrpara! Dita e h\u00ebn\u00eb nis me mot t\u00eb kthjell\u00ebt n\u00eb t\u00eb gjith\u00eb territorin, por\u2026","rel":"","context":"In &quot;Blogu i Udh\u00ebtarit&quot;","block_context":{"text":"Blogu i Udh\u00ebtarit","link":"https:\/\/www.shqiperia.com\/blog\/category\/blogu-i-udhetarit\/"},"img":{"alt_text":"","src":"https:\/\/i0.wp.com\/www.shqiperia.com\/blog\/wp-content\/uploads\/2020\/08\/640-0-2346044b365dfda2b7de6126bff88723.png?fit=640%2C341&ssl=1&resize=350%2C200","width":350,"height":200,"srcset":"https:\/\/i0.wp.com\/www.shqiperia.com\/blog\/wp-content\/uploads\/2020\/08\/640-0-2346044b365dfda2b7de6126bff88723.png?fit=640%2C341&ssl=1&resize=350%2C200 1x, https:\/\/i0.wp.com\/www.shqiperia.com\/blog\/wp-content\/uploads\/2020\/08\/640-0-2346044b365dfda2b7de6126bff88723.png?fit=640%2C341&ssl=1&resize=525%2C300 1.5x"},"classes":[]},{"id":65962,"url":"https:\/\/www.shqiperia.com\/blog\/ditet-e-acarta-po-afrojne-vorbulla-polare-niset-drejt-europes-ja-kur-vjen-dimri-ne-vendin-tone\/","url_meta":{"origin":39623,"position":4},"title":"Dit\u00ebt e acarta po afrojn\u00eb! Vorbulla Polare niset drejt Europ\u00ebs, ja kur vjen dimri n\u00eb vendin ton\u00eb","author":"Kurt Farka","date":"January 3, 2023","format":false,"excerpt":"3 Janar 2023 Viti 2022 ka regjistruar nj\u00eb prej dimrave m\u00eb t\u00eb but\u00eb n\u00eb historin\u00eb e vendit. Rreshjet e d\u00ebbor\u00ebs kan\u00eb qen\u00eb t\u00eb pakta, dhe po ashtu temperaturat e larta duke thyer disa her\u00eb rekordin e temperaturave m\u00eb t\u00eb larta t\u00eb regjistruara ndonj\u00ebher\u00eb. Megjithat\u00eb tashm\u00eb kemi hyr\u00eb n\u00eb dit\u00ebt e\u2026","rel":"","context":"In &quot;Blogu i Udh\u00ebtarit&quot;","block_context":{"text":"Blogu i Udh\u00ebtarit","link":"https:\/\/www.shqiperia.com\/blog\/category\/blogu-i-udhetarit\/"},"img":{"alt_text":"","src":"https:\/\/i0.wp.com\/www.shqiperia.com\/blog\/wp-content\/uploads\/2023\/01\/moti-2.jpg?fit=780%2C439&ssl=1&resize=350%2C200","width":350,"height":200,"srcset":"https:\/\/i0.wp.com\/www.shqiperia.com\/blog\/wp-content\/uploads\/2023\/01\/moti-2.jpg?fit=780%2C439&ssl=1&resize=350%2C200 1x, https:\/\/i0.wp.com\/www.shqiperia.com\/blog\/wp-content\/uploads\/2023\/01\/moti-2.jpg?fit=780%2C439&ssl=1&resize=525%2C300 1.5x, https:\/\/i0.wp.com\/www.shqiperia.com\/blog\/wp-content\/uploads\/2023\/01\/moti-2.jpg?fit=780%2C439&ssl=1&resize=700%2C400 2x"},"classes":[]},{"id":39287,"url":"https:\/\/www.shqiperia.com\/blog\/temperatura-minimale-deri-ne-6-grade-meteorologia-adiola-bani-tregon-si-do-jete-moti-ne-ditet-ne-vazhdim\/","url_meta":{"origin":39623,"position":5},"title":"\u201cTemperatura minimale deri n\u00eb 6 grad\u00eb\u201d\/ Meteorologia Adiola Bani tregon si do jet\u00eb moti n\u00eb dit\u00ebt n\u00eb vazhdim","author":"Kurt Farka","date":"October 6, 2020","format":false,"excerpt":"\u201cTemperatura minimale deri n\u00eb 6 grad\u00eb\u201d\/ Meteorologia Adiola Bani tregon si do jet\u00eb moti n\u00eb dit\u00ebt n\u00eb vazhdim 5 TETOR 2020 Vala afrikane ka shkaktuar rritje t\u00eb temperaturave n\u00eb fundjav\u00eb dhe dit\u00ebn e sotme, deri n\u00eb 30 grad\u00eb. Por nga dita e nes\u00ebrme temperaturat do t\u00eb bien. Meteorologia e Meteoalb,\u2026","rel":"","context":"In &quot;Blogu i Udh\u00ebtarit&quot;","block_context":{"text":"Blogu i Udh\u00ebtarit","link":"https:\/\/www.shqiperia.com\/blog\/category\/blogu-i-udhetarit\/"},"img":{"alt_text":"","src":"https:\/\/i0.wp.com\/www.shqiperia.com\/blog\/wp-content\/uploads\/2020\/10\/640-0-5f7b427a22367.png?fit=640%2C348&ssl=1&resize=350%2C200","width":350,"height":200,"srcset":"https:\/\/i0.wp.com\/www.shqiperia.com\/blog\/wp-content\/uploads\/2020\/10\/640-0-5f7b427a22367.png?fit=640%2C348&ssl=1&resize=350%2C200 1x, https:\/\/i0.wp.com\/www.shqiperia.com\/blog\/wp-content\/uploads\/2020\/10\/640-0-5f7b427a22367.png?fit=640%2C348&ssl=1&resize=525%2C300 1.5x"},"classes":[]}],"_links":{"self":[{"href":"https:\/\/www.shqiperia.com\/blog\/wp-json\/wp\/v2\/posts\/39623","targetHints":{"allow":["GET"]}}],"collection":[{"href":"https:\/\/www.shqiperia.com\/blog\/wp-json\/wp\/v2\/posts"}],"about":[{"href":"https:\/\/www.shqiperia.com\/blog\/wp-json\/wp\/v2\/types\/post"}],"author":[{"embeddable":true,"href":"https:\/\/www.shqiperia.com\/blog\/wp-json\/wp\/v2\/users\/9"}],"replies":[{"embeddable":true,"href":"https:\/\/www.shqiperia.com\/blog\/wp-json\/wp\/v2\/comments?post=39623"}],"version-history":[{"count":1,"href":"https:\/\/www.shqiperia.com\/blog\/wp-json\/wp\/v2\/posts\/39623\/revisions"}],"predecessor-version":[{"id":39625,"href":"https:\/\/www.shqiperia.com\/blog\/wp-json\/wp\/v2\/posts\/39623\/revisions\/39625"}],"wp:featuredmedia":[{"embeddable":true,"href":"https:\/\/www.shqiperia.com\/blog\/wp-json\/wp\/v2\/media\/39624"}],"wp:attachment":[{"href":"https:\/\/www.shqiperia.com\/blog\/wp-json\/wp\/v2\/media?parent=39623"}],"wp:term":[{"taxonomy":"category","embeddable":true,"href":"https:\/\/www.shqiperia.com\/blog\/wp-json\/wp\/v2\/categories?post=39623"},{"taxonomy":"post_tag","embeddable":true,"href":"https:\/\/www.shqiperia.com\/blog\/wp-json\/wp\/v2\/tags?post=39623"}],"curies":[{"name":"wp","href":"https:\/\/api.w.org\/{rel}","templated":true}]}}