{"id":39620,"date":"2020-10-13T10:50:05","date_gmt":"2020-10-13T10:50:05","guid":{"rendered":"https:\/\/www.shqiperia.com\/blog\/?p=39620"},"modified":"2020-10-13T10:50:15","modified_gmt":"2020-10-13T10:50:15","slug":"pushtet-leshi","status":"publish","type":"post","link":"https:\/\/www.shqiperia.com\/blog\/pushtet-leshi\/","title":{"rendered":"Pushtet LESHI"},"content":{"rendered":"<p><img data-recalc-dims=\"1\" loading=\"lazy\" decoding=\"async\" data-attachment-id=\"39621\" data-permalink=\"https:\/\/www.shqiperia.com\/blog\/pushtet-leshi\/277d9299-3031-4d8e-9dd4-177f790972d7\/\" data-orig-file=\"https:\/\/i0.wp.com\/www.shqiperia.com\/blog\/wp-content\/uploads\/2020\/10\/277d9299-3031-4d8e-9dd4-177f790972d7.jpg?fit=1015%2C718&amp;ssl=1\" data-orig-size=\"1015,718\" data-comments-opened=\"1\" data-image-meta=\"{&quot;aperture&quot;:&quot;0&quot;,&quot;credit&quot;:&quot;&quot;,&quot;camera&quot;:&quot;&quot;,&quot;caption&quot;:&quot;&quot;,&quot;created_timestamp&quot;:&quot;0&quot;,&quot;copyright&quot;:&quot;&quot;,&quot;focal_length&quot;:&quot;0&quot;,&quot;iso&quot;:&quot;0&quot;,&quot;shutter_speed&quot;:&quot;0&quot;,&quot;title&quot;:&quot;&quot;,&quot;orientation&quot;:&quot;0&quot;}\" data-image-title=\"277d9299-3031-4d8e-9dd4-177f790972d7\" data-image-description=\"\" data-image-caption=\"\" data-medium-file=\"https:\/\/i0.wp.com\/www.shqiperia.com\/blog\/wp-content\/uploads\/2020\/10\/277d9299-3031-4d8e-9dd4-177f790972d7.jpg?fit=300%2C212&amp;ssl=1\" data-large-file=\"https:\/\/i0.wp.com\/www.shqiperia.com\/blog\/wp-content\/uploads\/2020\/10\/277d9299-3031-4d8e-9dd4-177f790972d7.jpg?fit=1015%2C718&amp;ssl=1\" class=\"alignnone wp-image-39621\" alt=\"\" src=\"https:\/\/i0.wp.com\/www.shqiperia.com\/blog\/wp-content\/uploads\/2020\/10\/277d9299-3031-4d8e-9dd4-177f790972d7.jpg?resize=447%2C316&#038;ssl=1\" width=\"447\" height=\"316\" srcset=\"https:\/\/i0.wp.com\/www.shqiperia.com\/blog\/wp-content\/uploads\/2020\/10\/277d9299-3031-4d8e-9dd4-177f790972d7.jpg?resize=300%2C212&amp;ssl=1 300w, https:\/\/i0.wp.com\/www.shqiperia.com\/blog\/wp-content\/uploads\/2020\/10\/277d9299-3031-4d8e-9dd4-177f790972d7.jpg?resize=768%2C543&amp;ssl=1 768w, https:\/\/i0.wp.com\/www.shqiperia.com\/blog\/wp-content\/uploads\/2020\/10\/277d9299-3031-4d8e-9dd4-177f790972d7.jpg?resize=450%2C318&amp;ssl=1 450w, https:\/\/i0.wp.com\/www.shqiperia.com\/blog\/wp-content\/uploads\/2020\/10\/277d9299-3031-4d8e-9dd4-177f790972d7.jpg?resize=600%2C424&amp;ssl=1 600w, https:\/\/i0.wp.com\/www.shqiperia.com\/blog\/wp-content\/uploads\/2020\/10\/277d9299-3031-4d8e-9dd4-177f790972d7.jpg?resize=400%2C283&amp;ssl=1 400w, https:\/\/i0.wp.com\/www.shqiperia.com\/blog\/wp-content\/uploads\/2020\/10\/277d9299-3031-4d8e-9dd4-177f790972d7.jpg?w=1015&amp;ssl=1 1015w\" sizes=\"auto, (max-width: 447px) 100vw, 447px\" \/><\/p>\n<p><em><strong>Pushtet LESHI.<\/strong><\/em><\/p>\n<p><em><strong> Karikatura e dit\u00ebs n\u00eb gazet\u00ebn Mapo, nga mjeshtri Bujar Kapexhiu.\u00a0<\/strong><\/em><\/p>\n<p><img data-recalc-dims=\"1\" loading=\"lazy\" decoding=\"async\" data-attachment-id=\"39621\" data-permalink=\"https:\/\/www.shqiperia.com\/blog\/pushtet-leshi\/277d9299-3031-4d8e-9dd4-177f790972d7\/\" data-orig-file=\"https:\/\/i0.wp.com\/www.shqiperia.com\/blog\/wp-content\/uploads\/2020\/10\/277d9299-3031-4d8e-9dd4-177f790972d7.jpg?fit=1015%2C718&amp;ssl=1\" data-orig-size=\"1015,718\" data-comments-opened=\"1\" data-image-meta=\"{&quot;aperture&quot;:&quot;0&quot;,&quot;credit&quot;:&quot;&quot;,&quot;camera&quot;:&quot;&quot;,&quot;caption&quot;:&quot;&quot;,&quot;created_timestamp&quot;:&quot;0&quot;,&quot;copyright&quot;:&quot;&quot;,&quot;focal_length&quot;:&quot;0&quot;,&quot;iso&quot;:&quot;0&quot;,&quot;shutter_speed&quot;:&quot;0&quot;,&quot;title&quot;:&quot;&quot;,&quot;orientation&quot;:&quot;0&quot;}\" data-image-title=\"277d9299-3031-4d8e-9dd4-177f790972d7\" data-image-description=\"\" data-image-caption=\"\" data-medium-file=\"https:\/\/i0.wp.com\/www.shqiperia.com\/blog\/wp-content\/uploads\/2020\/10\/277d9299-3031-4d8e-9dd4-177f790972d7.jpg?fit=300%2C212&amp;ssl=1\" data-large-file=\"https:\/\/i0.wp.com\/www.shqiperia.com\/blog\/wp-content\/uploads\/2020\/10\/277d9299-3031-4d8e-9dd4-177f790972d7.jpg?fit=1015%2C718&amp;ssl=1\" class=\"alignnone wp-image-39621\" alt=\"\" src=\"https:\/\/i0.wp.com\/www.shqiperia.com\/blog\/wp-content\/uploads\/2020\/10\/277d9299-3031-4d8e-9dd4-177f790972d7.jpg?resize=565%2C399&#038;ssl=1\" width=\"565\" height=\"399\" srcset=\"https:\/\/i0.wp.com\/www.shqiperia.com\/blog\/wp-content\/uploads\/2020\/10\/277d9299-3031-4d8e-9dd4-177f790972d7.jpg?resize=300%2C212&amp;ssl=1 300w, https:\/\/i0.wp.com\/www.shqiperia.com\/blog\/wp-content\/uploads\/2020\/10\/277d9299-3031-4d8e-9dd4-177f790972d7.jpg?resize=768%2C543&amp;ssl=1 768w, https:\/\/i0.wp.com\/www.shqiperia.com\/blog\/wp-content\/uploads\/2020\/10\/277d9299-3031-4d8e-9dd4-177f790972d7.jpg?resize=450%2C318&amp;ssl=1 450w, https:\/\/i0.wp.com\/www.shqiperia.com\/blog\/wp-content\/uploads\/2020\/10\/277d9299-3031-4d8e-9dd4-177f790972d7.jpg?resize=600%2C424&amp;ssl=1 600w, https:\/\/i0.wp.com\/www.shqiperia.com\/blog\/wp-content\/uploads\/2020\/10\/277d9299-3031-4d8e-9dd4-177f790972d7.jpg?resize=400%2C283&amp;ssl=1 400w, https:\/\/i0.wp.com\/www.shqiperia.com\/blog\/wp-content\/uploads\/2020\/10\/277d9299-3031-4d8e-9dd4-177f790972d7.jpg?w=1015&amp;ssl=1 1015w\" sizes=\"auto, (max-width: 565px) 100vw, 565px\" \/><\/p>\n","protected":false},"excerpt":{"rendered":"<p>Pushtet LESHI. Karikatura e dit\u00ebs n\u00eb gazet\u00ebn Mapo, nga mjeshtri Bujar Kapexhiu.\u00a0<\/p>\n","protected":false},"author":9,"featured_media":39621,"comment_status":"open","ping_status":"open","sticky":false,"template":"","format":"standard","meta":{"jetpack_post_was_ever_published":false,"_jetpack_newsletter_access":"","_jetpack_dont_email_post_to_subs":false,"_jetpack_newsletter_tier_id":0,"_jetpack_memberships_contains_paywalled_content":false,"_jetpack_memberships_contains_paid_content":false,"footnotes":"","jetpack_publicize_message":"","jetpack_publicize_feature_enabled":true,"jetpack_social_post_already_shared":true,"jetpack_social_options":{"image_generator_settings":{"template":"highway","default_image_id":0,"font":"","enabled":false},"version":2}},"categories":[87,10,14],"tags":[],"class_list":["post-39620","post","type-post","status-publish","format-standard","has-post-thumbnail","hentry","category-arte","category-kultura","category-press-releases"],"jetpack_publicize_connections":[],"jetpack_featured_media_url":"https:\/\/i0.wp.com\/www.shqiperia.com\/blog\/wp-content\/uploads\/2020\/10\/277d9299-3031-4d8e-9dd4-177f790972d7.jpg?fit=1015%2C718&ssl=1","jetpack_sharing_enabled":true,"jetpack_shortlink":"https:\/\/wp.me\/p5Z6wp-aj2","jetpack-related-posts":[{"id":43930,"url":"https:\/\/www.shqiperia.com\/blog\/kujdes-prinderor-karikatura-e-dites\/","url_meta":{"origin":39620,"position":0},"title":"\u201cKujdes Prind\u00ebror\u201d \u2013 Karikatura e dit\u00ebs","author":"Kurt Farka","date":"February 8, 2021","format":false,"excerpt":"\u201cKujdes Prind\u00ebror\u201d \u2013 Karikatura e dit\u00ebs n\u00eb gazeta Mapo nga mjeshtri Bujar Kapexhiu.","rel":"","context":"In &quot;Blogu i Udh\u00ebtarit&quot;","block_context":{"text":"Blogu i Udh\u00ebtarit","link":"https:\/\/www.shqiperia.com\/blog\/category\/blogu-i-udhetarit\/"},"img":{"alt_text":"","src":"https:\/\/i0.wp.com\/www.shqiperia.com\/blog\/wp-content\/uploads\/2021\/02\/148503072_10159369310747664_4221931598186887762_n.jpg?fit=720%2C380&ssl=1&resize=350%2C200","width":350,"height":200,"srcset":"https:\/\/i0.wp.com\/www.shqiperia.com\/blog\/wp-content\/uploads\/2021\/02\/148503072_10159369310747664_4221931598186887762_n.jpg?fit=720%2C380&ssl=1&resize=350%2C200 1x, https:\/\/i0.wp.com\/www.shqiperia.com\/blog\/wp-content\/uploads\/2021\/02\/148503072_10159369310747664_4221931598186887762_n.jpg?fit=720%2C380&ssl=1&resize=525%2C300 1.5x, https:\/\/i0.wp.com\/www.shqiperia.com\/blog\/wp-content\/uploads\/2021\/02\/148503072_10159369310747664_4221931598186887762_n.jpg?fit=720%2C380&ssl=1&resize=700%2C400 2x"},"classes":[]},{"id":17787,"url":"https:\/\/www.shqiperia.com\/blog\/bujar-kapexhiu-sjell-zjarrin-opozitar\/","url_meta":{"origin":39620,"position":1},"title":"Bujar Kapexhiu sjell \u201czjarrin\u201d opozitar. &#8211;","author":"Kurt Farka","date":"February 22, 2019","format":false,"excerpt":"Bujar Kapexhiu sjell \u201czjarrin\u201d opozitar. - 21\/02\/2019 Q\u00eb n\u00eb vend \u00ebsht\u00eb ndezur nj\u00eb zjarr politik, kjo nuk do shum\u00eb mend. Por se kush do digjet nga ky zjarr, kjo vazhdon t\u00eb debatohet n\u00eb \u00e7do studio televizive shqiptare. Vendimi i opozit\u00ebs p\u00ebr djegien e mandateve e ka futur vendin n\u00eb nj\u00eb\u2026","rel":"","context":"In &quot;Arte&quot;","block_context":{"text":"Arte","link":"https:\/\/www.shqiperia.com\/blog\/category\/arte\/"},"img":{"alt_text":"","src":"https:\/\/i0.wp.com\/www.shqiperia.com\/blog\/wp-content\/uploads\/2019\/02\/Zjarri-opozitar.jpg?fit=650%2C415&ssl=1&resize=350%2C200","width":350,"height":200,"srcset":"https:\/\/i0.wp.com\/www.shqiperia.com\/blog\/wp-content\/uploads\/2019\/02\/Zjarri-opozitar.jpg?fit=650%2C415&ssl=1&resize=350%2C200 1x, https:\/\/i0.wp.com\/www.shqiperia.com\/blog\/wp-content\/uploads\/2019\/02\/Zjarri-opozitar.jpg?fit=650%2C415&ssl=1&resize=525%2C300 1.5x"},"classes":[]},{"id":32360,"url":"https:\/\/www.shqiperia.com\/blog\/mjeshtri-kapexhiu-thumbon-ramen-karikatura-virale\/","url_meta":{"origin":39620,"position":2},"title":"Mjeshtri Kapexhiu thumbon Ram\u00ebn, karikatura virale","author":"Kurt Farka","date":"March 14, 2020","format":false,"excerpt":"Mjeshtri Kapexhiu thumbon Ram\u00ebn, karikatura virale 14\/03\/20 Prezenca kudo e kryeministrit pasi ka shp\u00ebrthyer kriza e koronavirusit, \u00ebsht\u00eb nj\u00eb prej fenomeve q\u00eb po hasin njer\u00ebzit. Ai paraqitet n\u00eb ekran po dhe hap\u00ebsirat m\u00eb private t\u00eb qytetar\u00ebve, si mesazhe, apo doli disa dit\u00eb n\u00eb cdo telefonat\u00eb q\u00eb dikush b\u00ebnte. Kjo nuk\u2026","rel":"","context":"In &quot;Arte&quot;","block_context":{"text":"Arte","link":"https:\/\/www.shqiperia.com\/blog\/category\/arte\/"},"img":{"alt_text":"","src":"https:\/\/i0.wp.com\/www.shqiperia.com\/blog\/wp-content\/uploads\/2020\/03\/Bujar-Kapexhiu.jpeg?fit=1200%2C960&ssl=1&resize=350%2C200","width":350,"height":200,"srcset":"https:\/\/i0.wp.com\/www.shqiperia.com\/blog\/wp-content\/uploads\/2020\/03\/Bujar-Kapexhiu.jpeg?fit=1200%2C960&ssl=1&resize=350%2C200 1x, https:\/\/i0.wp.com\/www.shqiperia.com\/blog\/wp-content\/uploads\/2020\/03\/Bujar-Kapexhiu.jpeg?fit=1200%2C960&ssl=1&resize=525%2C300 1.5x, https:\/\/i0.wp.com\/www.shqiperia.com\/blog\/wp-content\/uploads\/2020\/03\/Bujar-Kapexhiu.jpeg?fit=1200%2C960&ssl=1&resize=700%2C400 2x, https:\/\/i0.wp.com\/www.shqiperia.com\/blog\/wp-content\/uploads\/2020\/03\/Bujar-Kapexhiu.jpeg?fit=1200%2C960&ssl=1&resize=1050%2C600 3x"},"classes":[]},{"id":29222,"url":"https:\/\/www.shqiperia.com\/blog\/ti-ndajme-bashke-karikatura-e-dites-nga-bujar-kapexhiu\/","url_meta":{"origin":39620,"position":3},"title":"Ti ndajme bashke &#8230; Karikatura e dites nga Bujar Kapexhiu. &#8211;","author":"Kurt Farka","date":"December 12, 2019","format":false,"excerpt":"Ti ndajme bashke ... Karikatura e dites nga Bujar Kapexhiu. -","rel":"","context":"In &quot;Press Releases&quot;","block_context":{"text":"Press Releases","link":"https:\/\/www.shqiperia.com\/blog\/category\/press-releases\/"},"img":{"alt_text":"","src":"https:\/\/i0.wp.com\/www.shqiperia.com\/blog\/wp-content\/uploads\/2019\/12\/79732861_2776533915730922_3855151319060840448_n-Copy.jpg?fit=831%2C529&ssl=1&resize=350%2C200","width":350,"height":200,"srcset":"https:\/\/i0.wp.com\/www.shqiperia.com\/blog\/wp-content\/uploads\/2019\/12\/79732861_2776533915730922_3855151319060840448_n-Copy.jpg?fit=831%2C529&ssl=1&resize=350%2C200 1x, https:\/\/i0.wp.com\/www.shqiperia.com\/blog\/wp-content\/uploads\/2019\/12\/79732861_2776533915730922_3855151319060840448_n-Copy.jpg?fit=831%2C529&ssl=1&resize=525%2C300 1.5x, https:\/\/i0.wp.com\/www.shqiperia.com\/blog\/wp-content\/uploads\/2019\/12\/79732861_2776533915730922_3855151319060840448_n-Copy.jpg?fit=831%2C529&ssl=1&resize=700%2C400 2x"},"classes":[]},{"id":43074,"url":"https:\/\/www.shqiperia.com\/blog\/karikatura-e-bujar-kapexhiut-edi-rama-hajde-jozi-astrit-dhe-myslim-ma-mbushni-kutine-time\/","url_meta":{"origin":39620,"position":4},"title":"Karikatura e Bujar Kapexhiut\/Edi Rama: Hajde Jozi, Astrit dhe Myslim ma mbushni kutin\u00eb time!","author":"Kurt Farka","date":"January 18, 2021","format":false,"excerpt":"Karikatura e Bujar Kapexhiut\/Edi Rama: Hajde Jozi, Astrit dhe Myslim ma mbushni kutin\u00eb time! 18\/01\/2021 Mjeshtri i madh i karikatur\u00ebs, Bujar Kapexhiu ka portretizuar me nj\u00eb karikatur\u00eb brilante partit\u00eb e reja t\u00eb krijuara nga e djathta.","rel":"","context":"In &quot;Arte&quot;","block_context":{"text":"Arte","link":"https:\/\/www.shqiperia.com\/blog\/category\/arte\/"},"img":{"alt_text":"","src":"https:\/\/i0.wp.com\/www.shqiperia.com\/blog\/wp-content\/uploads\/2021\/01\/139968110_3561165404000033_9011801352928564749_n-1-720x375-1.jpg?fit=720%2C375&ssl=1&resize=350%2C200","width":350,"height":200,"srcset":"https:\/\/i0.wp.com\/www.shqiperia.com\/blog\/wp-content\/uploads\/2021\/01\/139968110_3561165404000033_9011801352928564749_n-1-720x375-1.jpg?fit=720%2C375&ssl=1&resize=350%2C200 1x, https:\/\/i0.wp.com\/www.shqiperia.com\/blog\/wp-content\/uploads\/2021\/01\/139968110_3561165404000033_9011801352928564749_n-1-720x375-1.jpg?fit=720%2C375&ssl=1&resize=525%2C300 1.5x, https:\/\/i0.wp.com\/www.shqiperia.com\/blog\/wp-content\/uploads\/2021\/01\/139968110_3561165404000033_9011801352928564749_n-1-720x375-1.jpg?fit=720%2C375&ssl=1&resize=700%2C400 2x"},"classes":[]},{"id":30557,"url":"https:\/\/www.shqiperia.com\/blog\/edi-rama-eshte-vete-kck-kap-ca-te-kapesh-karikatura-virale\/","url_meta":{"origin":39620,"position":5},"title":"\u2018Edi Rama \u00ebsht\u00eb vet\u00eb K\u00c7K (kap \u00e7a t\u00eb kap\u00ebsh)\u2019: Karikatura virale","author":"Kurt Farka","date":"January 21, 2020","format":false,"excerpt":"\u2018Edi Rama \u00ebsht\u00eb vet\u00eb K\u00c7K (kap \u00e7a t\u00eb kap\u00ebsh)\u2019: Karikatura virale mapo.al Kryeministri Edi Rama deklaroi n\u00eb Kuvend nj\u00eb dit\u00eb m\u00eb par\u00eb se prokuror\u00ebt dhe gjyqtar\u00ebt e larguar nga vetingu jan\u00eb pjes\u00eb e grupimit K\u00c7K (Kap \u00e7a t\u00eb kap\u00ebsh). Megjithat\u00eb, jo t\u00eb pakt\u00eb jan\u00eb ata q\u00eb thon\u00eb se qeverisja e\u2026","rel":"","context":"In &quot;Blogu i Udh\u00ebtarit&quot;","block_context":{"text":"Blogu i Udh\u00ebtarit","link":"https:\/\/www.shqiperia.com\/blog\/category\/blogu-i-udhetarit\/"},"img":{"alt_text":"","src":"https:\/\/i0.wp.com\/www.shqiperia.com\/blog\/wp-content\/uploads\/2020\/01\/Kap-%C3%A7a-t%C3%AB-kap%C3%ABsh-e1570733694973.jpg?fit=780%2C508&ssl=1&resize=350%2C200","width":350,"height":200,"srcset":"https:\/\/i0.wp.com\/www.shqiperia.com\/blog\/wp-content\/uploads\/2020\/01\/Kap-%C3%A7a-t%C3%AB-kap%C3%ABsh-e1570733694973.jpg?fit=780%2C508&ssl=1&resize=350%2C200 1x, https:\/\/i0.wp.com\/www.shqiperia.com\/blog\/wp-content\/uploads\/2020\/01\/Kap-%C3%A7a-t%C3%AB-kap%C3%ABsh-e1570733694973.jpg?fit=780%2C508&ssl=1&resize=525%2C300 1.5x, https:\/\/i0.wp.com\/www.shqiperia.com\/blog\/wp-content\/uploads\/2020\/01\/Kap-%C3%A7a-t%C3%AB-kap%C3%ABsh-e1570733694973.jpg?fit=780%2C508&ssl=1&resize=700%2C400 2x"},"classes":[]}],"_links":{"self":[{"href":"https:\/\/www.shqiperia.com\/blog\/wp-json\/wp\/v2\/posts\/39620","targetHints":{"allow":["GET"]}}],"collection":[{"href":"https:\/\/www.shqiperia.com\/blog\/wp-json\/wp\/v2\/posts"}],"about":[{"href":"https:\/\/www.shqiperia.com\/blog\/wp-json\/wp\/v2\/types\/post"}],"author":[{"embeddable":true,"href":"https:\/\/www.shqiperia.com\/blog\/wp-json\/wp\/v2\/users\/9"}],"replies":[{"embeddable":true,"href":"https:\/\/www.shqiperia.com\/blog\/wp-json\/wp\/v2\/comments?post=39620"}],"version-history":[{"count":1,"href":"https:\/\/www.shqiperia.com\/blog\/wp-json\/wp\/v2\/posts\/39620\/revisions"}],"predecessor-version":[{"id":39622,"href":"https:\/\/www.shqiperia.com\/blog\/wp-json\/wp\/v2\/posts\/39620\/revisions\/39622"}],"wp:featuredmedia":[{"embeddable":true,"href":"https:\/\/www.shqiperia.com\/blog\/wp-json\/wp\/v2\/media\/39621"}],"wp:attachment":[{"href":"https:\/\/www.shqiperia.com\/blog\/wp-json\/wp\/v2\/media?parent=39620"}],"wp:term":[{"taxonomy":"category","embeddable":true,"href":"https:\/\/www.shqiperia.com\/blog\/wp-json\/wp\/v2\/categories?post=39620"},{"taxonomy":"post_tag","embeddable":true,"href":"https:\/\/www.shqiperia.com\/blog\/wp-json\/wp\/v2\/tags?post=39620"}],"curies":[{"name":"wp","href":"https:\/\/api.w.org\/{rel}","templated":true}]}}