{"id":39614,"date":"2020-10-13T10:41:24","date_gmt":"2020-10-13T10:41:24","guid":{"rendered":"https:\/\/www.shqiperia.com\/blog\/?p=39614"},"modified":"2020-10-13T10:44:45","modified_gmt":"2020-10-13T10:44:45","slug":"peshqit-e-medhenj-soreca-reagon-ashper-duhen-denime-te-zyrtareve-te-nivelit-te-larte-per-korrupsion","status":"publish","type":"post","link":"https:\/\/www.shqiperia.com\/blog\/peshqit-e-medhenj-soreca-reagon-ashper-duhen-denime-te-zyrtareve-te-nivelit-te-larte-per-korrupsion\/","title":{"rendered":"\u201cPeshqit e m\u00ebdhenj\u201d\/ Soreca reagon ashp\u00ebr: Duhen d\u00ebnime t\u00eb zyrtar\u00ebve t\u00eb nivelit t\u00eb lart\u00eb p\u00ebr korrupsion"},"content":{"rendered":"<p><img data-recalc-dims=\"1\" loading=\"lazy\" decoding=\"async\" data-attachment-id=\"39615\" data-permalink=\"https:\/\/www.shqiperia.com\/blog\/peshqit-e-medhenj-soreca-reagon-ashper-duhen-denime-te-zyrtareve-te-nivelit-te-larte-per-korrupsion\/luigi-soreca-2\/\" data-orig-file=\"https:\/\/i0.wp.com\/www.shqiperia.com\/blog\/wp-content\/uploads\/2020\/10\/Luigi-Soreca-2.jpg?fit=524%2C251&amp;ssl=1\" data-orig-size=\"524,251\" data-comments-opened=\"1\" data-image-meta=\"{&quot;aperture&quot;:&quot;0&quot;,&quot;credit&quot;:&quot;&quot;,&quot;camera&quot;:&quot;&quot;,&quot;caption&quot;:&quot;&quot;,&quot;created_timestamp&quot;:&quot;0&quot;,&quot;copyright&quot;:&quot;&quot;,&quot;focal_length&quot;:&quot;0&quot;,&quot;iso&quot;:&quot;0&quot;,&quot;shutter_speed&quot;:&quot;0&quot;,&quot;title&quot;:&quot;&quot;,&quot;orientation&quot;:&quot;0&quot;}\" data-image-title=\"Luigi Soreca (2)\" data-image-description=\"\" data-image-caption=\"\" data-medium-file=\"https:\/\/i0.wp.com\/www.shqiperia.com\/blog\/wp-content\/uploads\/2020\/10\/Luigi-Soreca-2.jpg?fit=300%2C144&amp;ssl=1\" data-large-file=\"https:\/\/i0.wp.com\/www.shqiperia.com\/blog\/wp-content\/uploads\/2020\/10\/Luigi-Soreca-2.jpg?fit=524%2C251&amp;ssl=1\" class=\"alignnone wp-image-39615\" alt=\"\" src=\"https:\/\/i0.wp.com\/www.shqiperia.com\/blog\/wp-content\/uploads\/2020\/10\/Luigi-Soreca-2.jpg?resize=517%2C248&#038;ssl=1\" width=\"517\" height=\"248\" srcset=\"https:\/\/i0.wp.com\/www.shqiperia.com\/blog\/wp-content\/uploads\/2020\/10\/Luigi-Soreca-2.jpg?resize=300%2C144&amp;ssl=1 300w, https:\/\/i0.wp.com\/www.shqiperia.com\/blog\/wp-content\/uploads\/2020\/10\/Luigi-Soreca-2.jpg?resize=450%2C216&amp;ssl=1 450w, https:\/\/i0.wp.com\/www.shqiperia.com\/blog\/wp-content\/uploads\/2020\/10\/Luigi-Soreca-2.jpg?resize=400%2C192&amp;ssl=1 400w, https:\/\/i0.wp.com\/www.shqiperia.com\/blog\/wp-content\/uploads\/2020\/10\/Luigi-Soreca-2.jpg?w=524&amp;ssl=1 524w\" sizes=\"auto, (max-width: 517px) 100vw, 517px\" \/><\/p>\n<p><strong>\u201cPeshqit e m\u00ebdhenj\u201d\/ Soreca reagon ashp\u00ebr: &#8211; Duhen d\u00ebnime t\u00eb zyrtar\u00ebve t\u00eb nivelit t\u00eb lart\u00eb p\u00ebr korrupsion<\/strong><\/p>\n<p><strong>13 Tetor \u00a02020<\/strong><\/p>\n<p>Ambasadori i Bashkimit Europian n\u00eb Tiran\u00eb, Luigi Soreca, ka mbajtur nj\u00eb deklarat\u00eb t\u00eb fort\u00eb n\u00eb Konferenc\u00ebn e nivelit t\u00eb lart\u00eb p\u00ebr Luft\u00ebn ndaj Korrupsionit.<\/p>\n<p>Duke folur pas ministres s\u00eb Drejt\u00ebsis\u00eb Gjonaj dhe kreut t\u00eb GRECO, Soreca deklaroi se korrupsioni n\u00eb Shqip\u00ebri \u00ebsht\u00eb i shtrir\u00eb dhe n\u00eb nivel shqet\u00ebsues p\u00ebr vendet e BE-s\u00eb.<\/p>\n<p>\u201cP\u00ebr t\u00eb arritur bindjen e publikut dhe partner\u00ebve, duhet d\u00ebnime t\u00eb form\u00ebs s\u00eb prer\u00eb t\u00eb zyrtar\u00ebve t\u00eb nivelit t\u00eb lart\u00eb q\u00eb kan\u00eb abuzuar dhe jan\u00eb korruptuar n\u00eb detyr\u00eb\u201d, tha ambasadori i BE-s\u00eb n\u00eb Tiran\u00eb.<\/p>\n<div id=\"attachment_39617\" style=\"width: 675px\" class=\"wp-caption alignnone\"><img data-recalc-dims=\"1\" loading=\"lazy\" decoding=\"async\" aria-describedby=\"caption-attachment-39617\" data-attachment-id=\"39617\" data-permalink=\"https:\/\/www.shqiperia.com\/blog\/peshqit-e-medhenj-soreca-reagon-ashper-duhen-denime-te-zyrtareve-te-nivelit-te-larte-per-korrupsion\/luigi-soreca-3\/\" data-orig-file=\"https:\/\/i0.wp.com\/www.shqiperia.com\/blog\/wp-content\/uploads\/2020\/10\/Luigi-Soreca-1.jpg?fit=640%2C445&amp;ssl=1\" data-orig-size=\"640,445\" data-comments-opened=\"1\" data-image-meta=\"{&quot;aperture&quot;:&quot;0&quot;,&quot;credit&quot;:&quot;&quot;,&quot;camera&quot;:&quot;&quot;,&quot;caption&quot;:&quot;&quot;,&quot;created_timestamp&quot;:&quot;0&quot;,&quot;copyright&quot;:&quot;&quot;,&quot;focal_length&quot;:&quot;0&quot;,&quot;iso&quot;:&quot;0&quot;,&quot;shutter_speed&quot;:&quot;0&quot;,&quot;title&quot;:&quot;&quot;,&quot;orientation&quot;:&quot;0&quot;}\" data-image-title=\"Luigi Soreca\" data-image-description=\"\" data-image-caption=\"&lt;p&gt;Luigi Soreca&lt;\/p&gt;\n\" data-medium-file=\"https:\/\/i0.wp.com\/www.shqiperia.com\/blog\/wp-content\/uploads\/2020\/10\/Luigi-Soreca-1.jpg?fit=300%2C209&amp;ssl=1\" data-large-file=\"https:\/\/i0.wp.com\/www.shqiperia.com\/blog\/wp-content\/uploads\/2020\/10\/Luigi-Soreca-1.jpg?fit=640%2C445&amp;ssl=1\" class=\" wp-image-39617\" alt=\"\" src=\"https:\/\/i0.wp.com\/www.shqiperia.com\/blog\/wp-content\/uploads\/2020\/10\/Luigi-Soreca-1.jpg?resize=665%2C463&#038;ssl=1\" width=\"665\" height=\"463\" srcset=\"https:\/\/i0.wp.com\/www.shqiperia.com\/blog\/wp-content\/uploads\/2020\/10\/Luigi-Soreca-1.jpg?resize=300%2C209&amp;ssl=1 300w, https:\/\/i0.wp.com\/www.shqiperia.com\/blog\/wp-content\/uploads\/2020\/10\/Luigi-Soreca-1.jpg?resize=450%2C313&amp;ssl=1 450w, https:\/\/i0.wp.com\/www.shqiperia.com\/blog\/wp-content\/uploads\/2020\/10\/Luigi-Soreca-1.jpg?resize=600%2C417&amp;ssl=1 600w, https:\/\/i0.wp.com\/www.shqiperia.com\/blog\/wp-content\/uploads\/2020\/10\/Luigi-Soreca-1.jpg?resize=400%2C278&amp;ssl=1 400w, https:\/\/i0.wp.com\/www.shqiperia.com\/blog\/wp-content\/uploads\/2020\/10\/Luigi-Soreca-1.jpg?w=640&amp;ssl=1 640w\" sizes=\"auto, (max-width: 665px) 100vw, 665px\" \/><p id=\"caption-attachment-39617\" class=\"wp-caption-text\">Luigi Soreca<\/p><\/div>\n<p>\u201cShqip\u00ebria ka mjaft pun\u00eb p\u00ebr t\u00eb b\u00ebr\u00eb n\u00eb luft\u00ebn ndaj korrupsionit, kemi par\u00eb d\u00ebnime p\u00ebr zyrtar\u00eb t\u00eb nivelit t\u00eb ul\u00ebt e t\u00eb mes\u00ebm. M\u00eb shum\u00eb se 286 magjistrat\u00eb q\u00eb kan\u00eb kaluar vettingun 62% jan\u00eb larguar se nuk justifikonin pasurin\u00eb. Vettingu \u00ebsht\u00eb i r\u00ebnd\u00ebsish\u00ebm p\u00ebr t\u00eb marr\u00eb besimin e publikut, kemi par\u00eb p\u00ebrparime n\u00eb krijimin e disa institucioneve si SPAK. Situata e korrupsionit vijon t\u00eb mbetet i shtrir\u00eb dhe shqet\u00ebsim p\u00ebr vendet an\u00ebtare t\u00eb BE ndaj k\u00ebrkon p\u00ebrpjekje dhe d\u00ebnime t\u00eb form\u00ebs s\u00eb prer\u00eb p\u00ebr zyrtar t\u00eb nivelit t\u00eb larte\u00eb q\u00eb \u00ebsht\u00eb mjaft e ul\u00ebt. K\u00ebto d\u00ebnime duhet t\u00eb jen\u00eb model p\u00ebr shoq\u00ebrin\u00eb q\u00eb t\u00eb besojn\u00eb t\u00eb drejt\u00ebsi. Ndaj presim nga Spak t\u00eb b\u00ebj\u00eb pun\u00ebn e tij\u201d, tha Soreca.<\/p>\n<p><strong>GazetaShqip<\/strong><\/p>\n","protected":false},"excerpt":{"rendered":"<p>\u201cPeshqit e m\u00ebdhenj\u201d\/ Soreca reagon ashp\u00ebr: &#8211; Duhen d\u00ebnime t\u00eb zyrtar\u00ebve t\u00eb nivelit t\u00eb lart\u00eb p\u00ebr korrupsion 13 Tetor \u00a02020 Ambasadori i Bashkimit Europian n\u00eb Tiran\u00eb, Luigi Soreca, ka mbajtur nj\u00eb deklarat\u00eb t\u00eb fort\u00eb n\u00eb Konferenc\u00ebn e nivelit t\u00eb lart\u00eb p\u00ebr Luft\u00ebn ndaj Korrupsionit. Duke folur pas ministres s\u00eb Drejt\u00ebsis\u00eb Gjonaj dhe kreut t\u00eb GRECO, [&hellip;]<\/p>\n","protected":false},"author":9,"featured_media":39615,"comment_status":"open","ping_status":"open","sticky":false,"template":"","format":"standard","meta":{"jetpack_post_was_ever_published":false,"_jetpack_newsletter_access":"","_jetpack_dont_email_post_to_subs":false,"_jetpack_newsletter_tier_id":0,"_jetpack_memberships_contains_paywalled_content":false,"_jetpack_memberships_contains_paid_content":false,"footnotes":"","jetpack_publicize_message":"","jetpack_publicize_feature_enabled":true,"jetpack_social_post_already_shared":true,"jetpack_social_options":{"image_generator_settings":{"template":"highway","default_image_id":0,"font":"","enabled":false},"version":2}},"categories":[27,1,2],"tags":[],"class_list":["post-39614","post","type-post","status-publish","format-standard","has-post-thumbnail","hentry","category-blogu-i-udhetarit","category-njoftime-shtypi","category-politika"],"jetpack_publicize_connections":[],"jetpack_featured_media_url":"https:\/\/i0.wp.com\/www.shqiperia.com\/blog\/wp-content\/uploads\/2020\/10\/Luigi-Soreca-2.jpg?fit=524%2C251&ssl=1","jetpack_sharing_enabled":true,"jetpack_shortlink":"https:\/\/wp.me\/p5Z6wp-aiW","jetpack-related-posts":[{"id":36540,"url":"https:\/\/www.shqiperia.com\/blog\/perplasjet-per-ndryshimet-kushtetuese-reagon-shba-dhe-be-ja-pas-takimit-te-yuri-kim-dhe-luigi-soreca-kjo-eshte-thelbesore\/","url_meta":{"origin":39614,"position":0},"title":"P\u00ebrplasjet p\u00ebr ndryshimet Kushtetuese\/ Reagon SHBA dhe BE-ja pas takimit t\u00eb Yuri Kim dhe Luigi Soreca: Kjo \u00ebsht\u00eb thelb\u00ebsore","author":"Kurt Farka","date":"July 27, 2020","format":false,"excerpt":"P\u00ebrplasjet p\u00ebr ndryshimet Kushtetuese\/ Reagon SHBA dhe BE-ja pas takimit t\u00eb Yuri Kim dhe Luigi Soreca: Kjo \u00ebsht\u00eb thelb\u00ebsore 27 KORRIK 2020 Ka p\u00ebrfunduar takimi i ambasadores s\u00eb SHBA Yuri Kim dhe ambasadorit t\u00eb BE Luigi Soreca, me kryeministrin Edi Rama,\u00a0t\u00eb cil\u00ebt i kan\u00eb shkuar n\u00eb zyr\u00eb dit\u00ebn e sotme.\u2026","rel":"","context":"In &quot;Blogu i Udh\u00ebtarit&quot;","block_context":{"text":"Blogu i Udh\u00ebtarit","link":"https:\/\/www.shqiperia.com\/blog\/category\/blogu-i-udhetarit\/"},"img":{"alt_text":"","src":"https:\/\/i0.wp.com\/www.shqiperia.com\/blog\/wp-content\/uploads\/2020\/07\/800-0-5f1e9fbbc2a2b.jpg?fit=765%2C374&ssl=1&resize=350%2C200","width":350,"height":200,"srcset":"https:\/\/i0.wp.com\/www.shqiperia.com\/blog\/wp-content\/uploads\/2020\/07\/800-0-5f1e9fbbc2a2b.jpg?fit=765%2C374&ssl=1&resize=350%2C200 1x, https:\/\/i0.wp.com\/www.shqiperia.com\/blog\/wp-content\/uploads\/2020\/07\/800-0-5f1e9fbbc2a2b.jpg?fit=765%2C374&ssl=1&resize=525%2C300 1.5x, https:\/\/i0.wp.com\/www.shqiperia.com\/blog\/wp-content\/uploads\/2020\/07\/800-0-5f1e9fbbc2a2b.jpg?fit=765%2C374&ssl=1&resize=700%2C400 2x"},"classes":[]},{"id":17871,"url":"https:\/\/www.shqiperia.com\/blog\/pa-kaluar-tre-dite-nderrojne-muhabetet-ambasadori-i-be-soreca-presim-qe-qeveria-dhe-opozita-te-angazhohen-ne-dialog\/","url_meta":{"origin":39614,"position":1},"title":"Pa kaluar tre dite &#8211; Nderrojne Muhabetet: -Ambasadori i BE, Soreca: -\u201cPresim q\u00eb qeveria dhe opozita t\u00eb angazhohen n\u00eb dialog\u2026 \u201c","author":"Kurt Farka","date":"February 23, 2019","format":false,"excerpt":"Pa kaluar tre dite - Nderrojne Muhabetet: -Ambasadori i BE, Soreca: -\u201cPresim q\u00eb qeveria dhe opozita t\u00eb angazhohen n\u00eb dialog\u2026 \u201c 22-02-2019, Nga Kor\u00e7a, ambasadori i Bashkimit Evropian n\u00eb Tiran\u00eb, Luigi Soreca, tha se heqja dor\u00eb nga mandatet e tyre nga deputet\u00ebt e opozit\u00ebs, minon procesin e integrimit t\u00eb Shqip\u00ebris.\u2026","rel":"","context":"In &quot;Blogu i Udh\u00ebtarit&quot;","block_context":{"text":"Blogu i Udh\u00ebtarit","link":"https:\/\/www.shqiperia.com\/blog\/category\/blogu-i-udhetarit\/"},"img":{"alt_text":"","src":"https:\/\/i0.wp.com\/www.shqiperia.com\/blog\/wp-content\/uploads\/2019\/02\/soreca.jpg?fit=1015%2C569&ssl=1&resize=350%2C200","width":350,"height":200,"srcset":"https:\/\/i0.wp.com\/www.shqiperia.com\/blog\/wp-content\/uploads\/2019\/02\/soreca.jpg?fit=1015%2C569&ssl=1&resize=350%2C200 1x, https:\/\/i0.wp.com\/www.shqiperia.com\/blog\/wp-content\/uploads\/2019\/02\/soreca.jpg?fit=1015%2C569&ssl=1&resize=525%2C300 1.5x, https:\/\/i0.wp.com\/www.shqiperia.com\/blog\/wp-content\/uploads\/2019\/02\/soreca.jpg?fit=1015%2C569&ssl=1&resize=700%2C400 2x"},"classes":[]},{"id":36340,"url":"https:\/\/www.shqiperia.com\/blog\/marreveshja-e-5-qershorit-ambasadori-soreca-mesazh-te-forte-ps-se-be-po-pret\/","url_meta":{"origin":39614,"position":2},"title":"Marr\u00ebveshja e 5 qershorit, ambasadori Soreca mesazh t\u00eb fort\u00eb PS-s\u00eb: BE po pret!","author":"Kurt Farka","date":"July 15, 2020","format":false,"excerpt":"Marr\u00ebveshja e 5 qershorit, ambasadori Soreca mesazh t\u00eb fort\u00eb PS-s\u00eb: BE po pret! 15 KORRIK 2020 Ambasadori i BE-s\u00eb n\u00eb Tiran\u00eb, Luigi Soreca ka k\u00ebrkuar nga pal\u00ebt politike q\u00eb t\u00eb vijojn\u00eb me zbatimin e marr\u00ebveshjes s\u00eb 5 qershorit, e cila sipas tij u mir\u00ebprit nga Bashkimi Europian. Soreca theksoi se\u2026","rel":"","context":"In &quot;Blogu i Udh\u00ebtarit&quot;","block_context":{"text":"Blogu i Udh\u00ebtarit","link":"https:\/\/www.shqiperia.com\/blog\/category\/blogu-i-udhetarit\/"},"img":{"alt_text":"","src":"https:\/\/i0.wp.com\/www.shqiperia.com\/blog\/wp-content\/uploads\/2020\/07\/800-0-5f0edacd5c337.jpg?fit=800%2C427&ssl=1&resize=350%2C200","width":350,"height":200,"srcset":"https:\/\/i0.wp.com\/www.shqiperia.com\/blog\/wp-content\/uploads\/2020\/07\/800-0-5f0edacd5c337.jpg?fit=800%2C427&ssl=1&resize=350%2C200 1x, https:\/\/i0.wp.com\/www.shqiperia.com\/blog\/wp-content\/uploads\/2020\/07\/800-0-5f0edacd5c337.jpg?fit=800%2C427&ssl=1&resize=525%2C300 1.5x, https:\/\/i0.wp.com\/www.shqiperia.com\/blog\/wp-content\/uploads\/2020\/07\/800-0-5f0edacd5c337.jpg?fit=800%2C427&ssl=1&resize=700%2C400 2x"},"classes":[]},{"id":39868,"url":"https:\/\/www.shqiperia.com\/blog\/rama-ankohet-per-shtetet-e-be-soreca-reagon-nga-kukesi-dhe-i-tregon-kushtet-per-negociatat\/","url_meta":{"origin":39614,"position":3},"title":"Rama ankohet p\u00ebr shtetet e BE, Soreca reagon nga Kuk\u00ebsi dhe i tregon kushtet p\u00ebr negociatat","author":"Kurt Farka","date":"October 19, 2020","format":false,"excerpt":"Rama ankohet p\u00ebr shtetet e BE, Soreca reagon nga Kuk\u00ebsi dhe i tregon kushtet p\u00ebr negociatat 19 TETOR 2020 Ambasadori i Bashkimit Europian n\u00eb Tiran\u00eb, Luigi Soreca, ka deklaruar nga Kuk\u00ebsi se kushti p\u00ebr hapjen e Konferenc\u00ebs Nd\u00ebrqeveritare t\u00eb BE-s\u00eb me Shqip\u00ebrin\u00eb \u00ebsht\u00eb plot\u00ebsimi i Gjykat\u00ebs Kushtetuese, pasi sipas tij\u2026","rel":"","context":"In &quot;Blogu i Udh\u00ebtarit&quot;","block_context":{"text":"Blogu i Udh\u00ebtarit","link":"https:\/\/www.shqiperia.com\/blog\/category\/blogu-i-udhetarit\/"},"img":{"alt_text":"","src":"https:\/\/i0.wp.com\/www.shqiperia.com\/blog\/wp-content\/uploads\/2020\/10\/640-0-5f8d73b4d2080.jpg?fit=535%2C277&ssl=1&resize=350%2C200","width":350,"height":200,"srcset":"https:\/\/i0.wp.com\/www.shqiperia.com\/blog\/wp-content\/uploads\/2020\/10\/640-0-5f8d73b4d2080.jpg?fit=535%2C277&ssl=1&resize=350%2C200 1x, https:\/\/i0.wp.com\/www.shqiperia.com\/blog\/wp-content\/uploads\/2020\/10\/640-0-5f8d73b4d2080.jpg?fit=535%2C277&ssl=1&resize=525%2C300 1.5x"},"classes":[]},{"id":21701,"url":"https:\/\/www.shqiperia.com\/blog\/soreca-per-euronews-pretendimet-e-opozites-po-shqyrtohen\/","url_meta":{"origin":39614,"position":4},"title":"Soreca p\u00ebr Euronews: &#8211; Pretendimet e opozit\u00ebs po shqyrtohen. &#8211;","author":"Kurt Farka","date":"June 7, 2019","format":false,"excerpt":"Soreca p\u00ebr Euronews: - Pretendimet e opozit\u00ebs po shqyrtohen. - 7 qershor 2019 Ambasadori i Bashkimit Europian n\u00eb Shqip\u00ebri Luigi Soreca, gjat\u00eb nj\u00eb interviste\u00a0p\u00ebr \u201cEuronews\u201d foli p\u00ebr situat\u00ebn politike n\u00eb vend. Ai deklaron se Shqip\u00ebria ka b\u00ebr\u00eb progres n\u00eb fusha t\u00eb caktuara. \u201cShqip\u00ebria ka b\u00ebr\u00eb progres t\u00eb r\u00ebnd\u00ebsish\u00ebm q\u00eb nga\u2026","rel":"","context":"In &quot;Blogu i Udh\u00ebtarit&quot;","block_context":{"text":"Blogu i Udh\u00ebtarit","link":"https:\/\/www.shqiperia.com\/blog\/category\/blogu-i-udhetarit\/"},"img":{"alt_text":"","src":"https:\/\/i0.wp.com\/www.shqiperia.com\/blog\/wp-content\/uploads\/2019\/06\/Soreca.jpg?fit=905%2C450&ssl=1&resize=350%2C200","width":350,"height":200,"srcset":"https:\/\/i0.wp.com\/www.shqiperia.com\/blog\/wp-content\/uploads\/2019\/06\/Soreca.jpg?fit=905%2C450&ssl=1&resize=350%2C200 1x, https:\/\/i0.wp.com\/www.shqiperia.com\/blog\/wp-content\/uploads\/2019\/06\/Soreca.jpg?fit=905%2C450&ssl=1&resize=525%2C300 1.5x, https:\/\/i0.wp.com\/www.shqiperia.com\/blog\/wp-content\/uploads\/2019\/06\/Soreca.jpg?fit=905%2C450&ssl=1&resize=700%2C400 2x"},"classes":[]},{"id":34682,"url":"https:\/\/www.shqiperia.com\/blog\/ngjela-shkruan-se-po-kerkohen-vdekje-masive-per-te-shpetuar-parate-e-vjedhura\/","url_meta":{"origin":39614,"position":5},"title":"Ngjela shkruan se po k\u00ebrkohen vdekje masive p\u00ebr t\u00eb shp\u00ebtuar parat\u00eb e vjedhura.","author":"Kurt Farka","date":"May 15, 2020","format":false,"excerpt":"Ngjela shkruan se po k\u00ebrkohen vdekje masive p\u00ebr t\u00eb shp\u00ebtuar parat\u00eb e vjedhura. 15 MAJ 2020 Avokati Spartak Ngjela ngriti alarmin p\u00ebr gjendjen n\u00eb t\u00eb cil\u00ebn ndodhet vendi, duke deklaruar se korrupsioni i lart\u00eb shtet\u00ebror po na shkat\u00ebrron \u00e7do dit\u00eb e m\u00eb shum\u00eb dhe pasojat i vuajn\u00eb njer\u00ebzit e thjesht\u00eb.\u2026","rel":"","context":"In &quot;Politika&quot;","block_context":{"text":"Politika","link":"https:\/\/www.shqiperia.com\/blog\/category\/politika\/"},"img":{"alt_text":"","src":"https:\/\/i0.wp.com\/www.shqiperia.com\/blog\/wp-content\/uploads\/2020\/05\/Spartak-Ngjela.jpg?fit=800%2C480&ssl=1&resize=350%2C200","width":350,"height":200,"srcset":"https:\/\/i0.wp.com\/www.shqiperia.com\/blog\/wp-content\/uploads\/2020\/05\/Spartak-Ngjela.jpg?fit=800%2C480&ssl=1&resize=350%2C200 1x, https:\/\/i0.wp.com\/www.shqiperia.com\/blog\/wp-content\/uploads\/2020\/05\/Spartak-Ngjela.jpg?fit=800%2C480&ssl=1&resize=525%2C300 1.5x, https:\/\/i0.wp.com\/www.shqiperia.com\/blog\/wp-content\/uploads\/2020\/05\/Spartak-Ngjela.jpg?fit=800%2C480&ssl=1&resize=700%2C400 2x"},"classes":[]}],"_links":{"self":[{"href":"https:\/\/www.shqiperia.com\/blog\/wp-json\/wp\/v2\/posts\/39614","targetHints":{"allow":["GET"]}}],"collection":[{"href":"https:\/\/www.shqiperia.com\/blog\/wp-json\/wp\/v2\/posts"}],"about":[{"href":"https:\/\/www.shqiperia.com\/blog\/wp-json\/wp\/v2\/types\/post"}],"author":[{"embeddable":true,"href":"https:\/\/www.shqiperia.com\/blog\/wp-json\/wp\/v2\/users\/9"}],"replies":[{"embeddable":true,"href":"https:\/\/www.shqiperia.com\/blog\/wp-json\/wp\/v2\/comments?post=39614"}],"version-history":[{"count":2,"href":"https:\/\/www.shqiperia.com\/blog\/wp-json\/wp\/v2\/posts\/39614\/revisions"}],"predecessor-version":[{"id":39619,"href":"https:\/\/www.shqiperia.com\/blog\/wp-json\/wp\/v2\/posts\/39614\/revisions\/39619"}],"wp:featuredmedia":[{"embeddable":true,"href":"https:\/\/www.shqiperia.com\/blog\/wp-json\/wp\/v2\/media\/39615"}],"wp:attachment":[{"href":"https:\/\/www.shqiperia.com\/blog\/wp-json\/wp\/v2\/media?parent=39614"}],"wp:term":[{"taxonomy":"category","embeddable":true,"href":"https:\/\/www.shqiperia.com\/blog\/wp-json\/wp\/v2\/categories?post=39614"},{"taxonomy":"post_tag","embeddable":true,"href":"https:\/\/www.shqiperia.com\/blog\/wp-json\/wp\/v2\/tags?post=39614"}],"curies":[{"name":"wp","href":"https:\/\/api.w.org\/{rel}","templated":true}]}}