{"id":39603,"date":"2020-10-13T09:04:32","date_gmt":"2020-10-13T09:04:32","guid":{"rendered":"https:\/\/www.shqiperia.com\/blog\/?p=39603"},"modified":"2020-10-13T09:04:32","modified_gmt":"2020-10-13T09:04:32","slug":"befason-me-deklaraten-monika-kryemadhi-ja-cpo-ndodh-me-kryeministrin","status":"publish","type":"post","link":"https:\/\/www.shqiperia.com\/blog\/befason-me-deklaraten-monika-kryemadhi-ja-cpo-ndodh-me-kryeministrin\/","title":{"rendered":"Befason me deklarat\u00ebn Monika Kryemadhi, &#8211; Ja \u00e7\u2019po ndodh me kryeministrin"},"content":{"rendered":"<p><img data-recalc-dims=\"1\" loading=\"lazy\" decoding=\"async\" data-attachment-id=\"39604\" data-permalink=\"https:\/\/www.shqiperia.com\/blog\/befason-me-deklaraten-monika-kryemadhi-ja-cpo-ndodh-me-kryeministrin\/edi-rama-2000\/\" data-orig-file=\"https:\/\/i0.wp.com\/www.shqiperia.com\/blog\/wp-content\/uploads\/2020\/10\/edi-rama-2000.jpg?fit=1600%2C800&amp;ssl=1\" data-orig-size=\"1600,800\" data-comments-opened=\"1\" data-image-meta=\"{&quot;aperture&quot;:&quot;0&quot;,&quot;credit&quot;:&quot;&quot;,&quot;camera&quot;:&quot;&quot;,&quot;caption&quot;:&quot;&quot;,&quot;created_timestamp&quot;:&quot;0&quot;,&quot;copyright&quot;:&quot;&quot;,&quot;focal_length&quot;:&quot;0&quot;,&quot;iso&quot;:&quot;0&quot;,&quot;shutter_speed&quot;:&quot;0&quot;,&quot;title&quot;:&quot;&quot;,&quot;orientation&quot;:&quot;0&quot;}\" data-image-title=\"edi-rama-2000\" data-image-description=\"\" data-image-caption=\"\" data-medium-file=\"https:\/\/i0.wp.com\/www.shqiperia.com\/blog\/wp-content\/uploads\/2020\/10\/edi-rama-2000.jpg?fit=300%2C150&amp;ssl=1\" data-large-file=\"https:\/\/i0.wp.com\/www.shqiperia.com\/blog\/wp-content\/uploads\/2020\/10\/edi-rama-2000.jpg?fit=1024%2C512&amp;ssl=1\" class=\"alignnone  wp-image-39604\" alt=\"\" src=\"https:\/\/i0.wp.com\/www.shqiperia.com\/blog\/wp-content\/uploads\/2020\/10\/edi-rama-2000.jpg?resize=494%2C247&#038;ssl=1\" width=\"494\" height=\"247\" srcset=\"https:\/\/i0.wp.com\/www.shqiperia.com\/blog\/wp-content\/uploads\/2020\/10\/edi-rama-2000.jpg?resize=300%2C150&amp;ssl=1 300w, https:\/\/i0.wp.com\/www.shqiperia.com\/blog\/wp-content\/uploads\/2020\/10\/edi-rama-2000.jpg?resize=1024%2C512&amp;ssl=1 1024w, https:\/\/i0.wp.com\/www.shqiperia.com\/blog\/wp-content\/uploads\/2020\/10\/edi-rama-2000.jpg?resize=768%2C384&amp;ssl=1 768w, https:\/\/i0.wp.com\/www.shqiperia.com\/blog\/wp-content\/uploads\/2020\/10\/edi-rama-2000.jpg?resize=1536%2C768&amp;ssl=1 1536w, https:\/\/i0.wp.com\/www.shqiperia.com\/blog\/wp-content\/uploads\/2020\/10\/edi-rama-2000.jpg?resize=450%2C225&amp;ssl=1 450w, https:\/\/i0.wp.com\/www.shqiperia.com\/blog\/wp-content\/uploads\/2020\/10\/edi-rama-2000.jpg?resize=600%2C300&amp;ssl=1 600w, https:\/\/i0.wp.com\/www.shqiperia.com\/blog\/wp-content\/uploads\/2020\/10\/edi-rama-2000.jpg?resize=1500%2C750&amp;ssl=1 1500w, https:\/\/i0.wp.com\/www.shqiperia.com\/blog\/wp-content\/uploads\/2020\/10\/edi-rama-2000.jpg?resize=1300%2C650&amp;ssl=1 1300w, https:\/\/i0.wp.com\/www.shqiperia.com\/blog\/wp-content\/uploads\/2020\/10\/edi-rama-2000.jpg?resize=400%2C200&amp;ssl=1 400w, https:\/\/i0.wp.com\/www.shqiperia.com\/blog\/wp-content\/uploads\/2020\/10\/edi-rama-2000.jpg?w=1600&amp;ssl=1 1600w\" sizes=\"auto, (max-width: 494px) 100vw, 494px\" \/><\/p>\n<p>Befason me deklarat\u00ebn Monika Kryemadhi, &#8211; Ja \u00e7\u2019po ndodh me kryeministrin<\/p>\n<p>10 TETOR 2020<\/p>\n<p>Kryetarja e LSI, Monika Kryemadhi ka treguar se \u00e7far\u00eb i thon\u00eb miqt\u00eb e Edi Ram\u00ebs p\u00ebr t\u00eb. Kryemadhi shprehet \u00a0n\u00eb emisionin \u2018\u2019Kjo Jav\u00eb\u2019\u2019 se prej koh\u00ebsh miqt\u00eb e tij i thon\u00eb se ai \u00ebsht\u00eb nervoz, n\u00eb panik, dhe ka frik\u00eb teksa nuk b\u00ebn as gjum\u00eb nat\u00ebn.<\/p>\n<p>Po ashtu ajo shton se Rama nj\u00eb nga frik\u00ebrat m\u00eb t\u00eb m\u00ebdha ka bashkimin e opozit\u00ebs, teksa pranon se ka tentuar t\u00eb negocioj\u00eb me Met\u00ebn dhe Bash\u00ebn, por me t\u00eb asnj\u00ebher\u00eb pasi edhe kur \u00e7onte ndonj\u00eb \u2018haber\u2019, dera e LSI i p\u00ebrplasej n\u00eb fytyr\u00eb.<\/p>\n<p>\u201dE kam d\u00ebgjuar pas shum\u00eb koh\u00ebsh dje sepse doja dhe t\u00eb kuptoja gjendjen, sepse \u00ebsht\u00eb nervoz, nuk \u00ebsht\u00eb n\u00eb gjendje t\u00eb mir\u00eb, ka frik\u00eb, ka panik, miqt\u00eb e tij ma kan\u00eb th\u00ebn\u00eb q\u00eb s\u2019fle nat\u00ebn.<\/p>\n<p>Nuk e besoja pasi pap\u00ebrgjegjshm\u00ebria e tij \u00ebsht\u00eb aq e madhe sa po shkon drejt gremin\u00ebs. E pash\u00eb dje q\u00eb \u00ebsht\u00eb r\u00ebnd\u00eb psikologjikisht dhe mend\u00ebrisht, politikisht po e po. Do ishte shum\u00eb m\u00eb mir\u00eb po t\u00eb mbante premtimet e 2013. Nj\u00eb nga frikat q\u00eb ka Rama \u00ebsht\u00eb bashkimi i opozit\u00ebs. Prej m\u00eb shum\u00eb se 2 vitesh ai po mundohet p\u00ebr t\u00eb p\u00ebr\u00e7ar\u00eb opozit\u00ebn. Nj\u00ebher\u00eb negocionte me Met\u00ebn, nj\u00ebher\u00eb me Bash\u00ebn . Me mua s\u2019e kishte shansin. Sepse \u00e7onte ndonj\u00eb haber por i p\u00ebrplasej fytyra n\u00eb surrat menj\u00ebher\u00eb.<\/p>\n","protected":false},"excerpt":{"rendered":"<p>Befason me deklarat\u00ebn Monika Kryemadhi, &#8211; Ja \u00e7\u2019po ndodh me kryeministrin 10 TETOR 2020 Kryetarja e LSI, Monika Kryemadhi ka treguar se \u00e7far\u00eb i thon\u00eb miqt\u00eb e Edi Ram\u00ebs p\u00ebr t\u00eb. Kryemadhi shprehet \u00a0n\u00eb emisionin \u2018\u2019Kjo Jav\u00eb\u2019\u2019 se prej koh\u00ebsh miqt\u00eb e tij i thon\u00eb se ai \u00ebsht\u00eb nervoz, n\u00eb panik, dhe ka frik\u00eb teksa [&hellip;]<\/p>\n","protected":false},"author":9,"featured_media":39604,"comment_status":"open","ping_status":"open","sticky":false,"template":"","format":"standard","meta":{"jetpack_post_was_ever_published":false,"_jetpack_newsletter_access":"","_jetpack_dont_email_post_to_subs":false,"_jetpack_newsletter_tier_id":0,"_jetpack_memberships_contains_paywalled_content":false,"_jetpack_memberships_contains_paid_content":false,"footnotes":"","jetpack_publicize_message":"","jetpack_publicize_feature_enabled":true,"jetpack_social_post_already_shared":true,"jetpack_social_options":{"image_generator_settings":{"template":"highway","default_image_id":0,"font":"","enabled":false},"version":2}},"categories":[27,35],"tags":[],"class_list":["post-39603","post","type-post","status-publish","format-standard","has-post-thumbnail","hentry","category-blogu-i-udhetarit","category-shoqerore"],"jetpack_publicize_connections":[],"jetpack_featured_media_url":"https:\/\/i0.wp.com\/www.shqiperia.com\/blog\/wp-content\/uploads\/2020\/10\/edi-rama-2000.jpg?fit=1600%2C800&ssl=1","jetpack_sharing_enabled":true,"jetpack_shortlink":"https:\/\/wp.me\/p5Z6wp-aiL","jetpack-related-posts":[{"id":45725,"url":"https:\/\/www.shqiperia.com\/blog\/nese-ne-serbi-largohet-1-qytetar-ne-shqiperi-ikin-15-monika-kryemadhi-edhe-ne-si-lsi-kemi-gabime-po-te-ishim\/","url_meta":{"origin":39603,"position":0},"title":"\u201cN\u00ebse n\u00eb Serbi largohet 1 qytetar, n\u00eb Shqip\u00ebri ikin 15\u201d\/ Monika Kryemadhi: Edhe ne si LSI kemi gabime, po t\u00eb ishim\u2026","author":"Kurt Farka","date":"March 25, 2021","format":false,"excerpt":"\u201cN\u00ebse n\u00eb Serbi largohet 1 qytetar, n\u00eb Shqip\u00ebri ikin 15\u201d\/ Monika Kryemadhi: Edhe ne si LSI kemi gabime, po t\u00eb ishim\u2026 25 mars 2021 Kryetarja e LSI-s\u00eb, Monika Kryemadhi nga Lushnja ku prezantoi kandidaten p\u00ebr deputete u ndal tek largimi i shqiptar\u00ebve. Sipas saj, n\u00ebse n\u00eb Serbi ik nj\u00eb qytetar,\u2026","rel":"","context":"In &quot;Blogu i Udh\u00ebtarit&quot;","block_context":{"text":"Blogu i Udh\u00ebtarit","link":"https:\/\/www.shqiperia.com\/blog\/category\/blogu-i-udhetarit\/"},"img":{"alt_text":"","src":"https:\/\/i0.wp.com\/www.shqiperia.com\/blog\/wp-content\/uploads\/2021\/03\/mona-2.jpeg?fit=1200%2C800&ssl=1&resize=350%2C200","width":350,"height":200,"srcset":"https:\/\/i0.wp.com\/www.shqiperia.com\/blog\/wp-content\/uploads\/2021\/03\/mona-2.jpeg?fit=1200%2C800&ssl=1&resize=350%2C200 1x, https:\/\/i0.wp.com\/www.shqiperia.com\/blog\/wp-content\/uploads\/2021\/03\/mona-2.jpeg?fit=1200%2C800&ssl=1&resize=525%2C300 1.5x, https:\/\/i0.wp.com\/www.shqiperia.com\/blog\/wp-content\/uploads\/2021\/03\/mona-2.jpeg?fit=1200%2C800&ssl=1&resize=700%2C400 2x, https:\/\/i0.wp.com\/www.shqiperia.com\/blog\/wp-content\/uploads\/2021\/03\/mona-2.jpeg?fit=1200%2C800&ssl=1&resize=1050%2C600 3x"},"classes":[]},{"id":45796,"url":"https:\/\/www.shqiperia.com\/blog\/monika-kryemadhi-kjo-eshte-gruaja-qe-do-zevendesoje-ramen-ne-krye-te-partise-socialiste-pas-25-prillit\/","url_meta":{"origin":39603,"position":1},"title":"Monika Kryemadhi: &#8211; Kjo \u00ebsht\u00eb gruaja q\u00eb do z\u00ebvend\u00ebsoj\u00eb Ram\u00ebn n\u00eb krye t\u00eb Partis\u00eb Socialiste pas 25 prillit!","author":"Kurt Farka","date":"March 26, 2021","format":false,"excerpt":"Monika Kryemadhi: - Kjo \u00ebsht\u00eb gruaja q\u00eb do z\u00ebvend\u00ebsoj\u00eb Ram\u00ebn n\u00eb krye t\u00eb Partis\u00eb Socialiste pas 25 prillit! 26 MARS 2021 Kryetarja e LSI-s\u00eb Monika Kryemadhi ka b\u00ebr\u00eb nj\u00eb deklarat\u00eb t\u00eb fort\u00eb duke treguar gruan q\u00eb do t\u00eb pasoj\u00eb kryeministrin Rama n\u00eb Partin\u00eb Socialiste. Kryemadhi deklaroi se pasardh\u00ebsja e Ram\u00ebs\u2026","rel":"","context":"In &quot;Blogu i Udh\u00ebtarit&quot;","block_context":{"text":"Blogu i Udh\u00ebtarit","link":"https:\/\/www.shqiperia.com\/blog\/category\/blogu-i-udhetarit\/"},"img":{"alt_text":"","src":"https:\/\/i0.wp.com\/www.shqiperia.com\/blog\/wp-content\/uploads\/2021\/03\/800-0-605d823fdf23d.jpg?fit=800%2C400&ssl=1&resize=350%2C200","width":350,"height":200,"srcset":"https:\/\/i0.wp.com\/www.shqiperia.com\/blog\/wp-content\/uploads\/2021\/03\/800-0-605d823fdf23d.jpg?fit=800%2C400&ssl=1&resize=350%2C200 1x, https:\/\/i0.wp.com\/www.shqiperia.com\/blog\/wp-content\/uploads\/2021\/03\/800-0-605d823fdf23d.jpg?fit=800%2C400&ssl=1&resize=525%2C300 1.5x, https:\/\/i0.wp.com\/www.shqiperia.com\/blog\/wp-content\/uploads\/2021\/03\/800-0-605d823fdf23d.jpg?fit=800%2C400&ssl=1&resize=700%2C400 2x"},"classes":[]},{"id":53768,"url":"https:\/\/www.shqiperia.com\/blog\/vazhdoj-te-kem-fakte-te-tjera-monika-kryemadhi-tregon-emrat-e-2-politikaneve-qe-duhet-te-arrestohen-pas-saimir-tahirit\/","url_meta":{"origin":39603,"position":2},"title":"\u201cVazhdoj t\u00eb kem fakte t\u00eb tjera\u201d. &#8211; \u00a0Monika Kryemadhi tregon EMRAT e 2 politikan\u00ebve q\u00eb duhet t\u00eb arrestohen pas Saimir Tahirit","author":"Kurt Farka","date":"February 6, 2022","format":false,"excerpt":"\u201cVazhdoj t\u00eb kem fakte t\u00eb tjera\u201d. - \u00a0Monika Kryemadhi tregon EMRAT e 2 politikan\u00ebve q\u00eb duhet t\u00eb arrestohen pas Saimir Tahirit 6 SHKURT 2022 Kryetarja LSI-s\u00eb, Monika Kryemadhi, thot\u00eb se arrestimi i Saimir Tahirit \u00ebsht\u00eb nj\u00eb \u00e7\u00ebshtje e orkestruar nga kryeministri Edi Rama, p\u00ebr t\u00eb t\u00ebrhequr v\u00ebmendjen nga afera e\u2026","rel":"","context":"In &quot;Blogu i Udh\u00ebtarit&quot;","block_context":{"text":"Blogu i Udh\u00ebtarit","link":"https:\/\/www.shqiperia.com\/blog\/category\/blogu-i-udhetarit\/"},"img":{"alt_text":"","src":"https:\/\/i0.wp.com\/www.shqiperia.com\/blog\/wp-content\/uploads\/2022\/02\/800-0-61ff79e1d1b3e.jpg?fit=800%2C450&ssl=1&resize=350%2C200","width":350,"height":200,"srcset":"https:\/\/i0.wp.com\/www.shqiperia.com\/blog\/wp-content\/uploads\/2022\/02\/800-0-61ff79e1d1b3e.jpg?fit=800%2C450&ssl=1&resize=350%2C200 1x, https:\/\/i0.wp.com\/www.shqiperia.com\/blog\/wp-content\/uploads\/2022\/02\/800-0-61ff79e1d1b3e.jpg?fit=800%2C450&ssl=1&resize=525%2C300 1.5x, https:\/\/i0.wp.com\/www.shqiperia.com\/blog\/wp-content\/uploads\/2022\/02\/800-0-61ff79e1d1b3e.jpg?fit=800%2C450&ssl=1&resize=700%2C400 2x"},"classes":[]},{"id":56976,"url":"https:\/\/www.shqiperia.com\/blog\/monika-kryemadhi-zbulon-mesazhin-e-nderkombetareve-ma-derguan-ne-nentor-i-thashe-bashes-sillu-mire\/","url_meta":{"origin":39603,"position":3},"title":"Monika Kryemadhi zbulon mesazhin e nd\u00ebrkomb\u00ebtar\u00ebve: &#8211; Ma d\u00ebrguan n\u00eb n\u00ebntor! I thash\u00eb Bash\u00ebs sillu mir\u00eb","author":"Kurt Farka","date":"April 21, 2022","format":false,"excerpt":"Monika Kryemadhi zbulon mesazhin e nd\u00ebrkomb\u00ebtar\u00ebve: - Ma d\u00ebrguan n\u00eb n\u00ebntor! I thash\u00eb Bash\u00ebs sillu mir\u00eb 20 PRILL 2022 Kryetarja e LSI Monika Kryemadhi tha n\u00eb emisionin \u201cOpinion\u201d se kishte marr nga nd\u00ebrkomb\u00ebtar\u00ebt mesazhe q\u00eb i k\u00ebrkonin t\u00eb dilte n\u00eb zgjedhjet e 25 prillit me kandidatin e tyre p\u00ebr Kryeminist\u00ebr,\u2026","rel":"","context":"In &quot;Blogu i Udh\u00ebtarit&quot;","block_context":{"text":"Blogu i Udh\u00ebtarit","link":"https:\/\/www.shqiperia.com\/blog\/category\/blogu-i-udhetarit\/"},"img":{"alt_text":"","src":"https:\/\/i0.wp.com\/www.shqiperia.com\/blog\/wp-content\/uploads\/2022\/04\/LSI-logo.jpg?fit=949%2C553&ssl=1&resize=350%2C200","width":350,"height":200,"srcset":"https:\/\/i0.wp.com\/www.shqiperia.com\/blog\/wp-content\/uploads\/2022\/04\/LSI-logo.jpg?fit=949%2C553&ssl=1&resize=350%2C200 1x, https:\/\/i0.wp.com\/www.shqiperia.com\/blog\/wp-content\/uploads\/2022\/04\/LSI-logo.jpg?fit=949%2C553&ssl=1&resize=525%2C300 1.5x, https:\/\/i0.wp.com\/www.shqiperia.com\/blog\/wp-content\/uploads\/2022\/04\/LSI-logo.jpg?fit=949%2C553&ssl=1&resize=700%2C400 2x"},"classes":[]},{"id":67921,"url":"https:\/\/www.shqiperia.com\/blog\/monika-kryemadhi-shthur-gojen-ne-parlament-edi-rama-eshte-dhjaks-i-ka-mbushur-breket\/","url_meta":{"origin":39603,"position":4},"title":"Monika Kryemadhi shthur goj\u00ebn n\u00eb parlament: &#8211; Edi Rama \u00ebsht\u00eb dhjaks, i ka mbushur brek\u00ebt","author":"Kurt Farka","date":"February 13, 2023","format":false,"excerpt":"13 Shkurt 2023 Deputetja e Partis\u00eb s\u00eb Liris\u00eb, Monika Kryemadhi ka shp\u00ebrthyer me nj\u00eb fjalor t\u00eb ashp\u00ebr n\u00eb seanc\u00ebn e sotme plenare, teksa e ka quajtur kryeministrin Edi Rama si frikacak q\u00eb \u201cmbush brek\u00ebt\u201d. Teksa ka marr\u00eb fjal\u00ebn duke i k\u00ebrkuar kryetares s\u00eb kuvendit, Lindita Nikolla t\u00eb t\u00ebrhiqet nga vendimi\u2026","rel":"","context":"In &quot;Blogu i Udh\u00ebtarit&quot;","block_context":{"text":"Blogu i Udh\u00ebtarit","link":"https:\/\/www.shqiperia.com\/blog\/category\/blogu-i-udhetarit\/"},"img":{"alt_text":"","src":"https:\/\/i0.wp.com\/www.shqiperia.com\/blog\/wp-content\/uploads\/2023\/02\/ilir-meta-2.jpg?fit=1024%2C768&ssl=1&resize=350%2C200","width":350,"height":200,"srcset":"https:\/\/i0.wp.com\/www.shqiperia.com\/blog\/wp-content\/uploads\/2023\/02\/ilir-meta-2.jpg?fit=1024%2C768&ssl=1&resize=350%2C200 1x, https:\/\/i0.wp.com\/www.shqiperia.com\/blog\/wp-content\/uploads\/2023\/02\/ilir-meta-2.jpg?fit=1024%2C768&ssl=1&resize=525%2C300 1.5x, https:\/\/i0.wp.com\/www.shqiperia.com\/blog\/wp-content\/uploads\/2023\/02\/ilir-meta-2.jpg?fit=1024%2C768&ssl=1&resize=700%2C400 2x"},"classes":[]},{"id":67934,"url":"https:\/\/www.shqiperia.com\/blog\/monika-kryemadhi-shthur-gojen-ne-parlament-edi-rama-eshte-dhjaks-i-ka-mbushur-breket-2\/","url_meta":{"origin":39603,"position":5},"title":"Monika Kryemadhi shthur goj\u00ebn n\u00eb parlament: &#8211; Edi Rama \u00ebsht\u00eb dhjaks, i ka mbushur brek\u00ebt","author":"Kurt Farka","date":"February 13, 2023","format":false,"excerpt":"13 Dhjetor 2023 Deputetja e Partis\u00eb s\u00eb Liris\u00eb, Monika Kryemadhi ka shp\u00ebrthyer me nj\u00eb fjalor t\u00eb ashp\u00ebr n\u00eb seanc\u00ebn e sotme plenare, teksa e ka quajtur kryeministrin Edi Rama si frikacak q\u00eb \u201cmbush brek\u00ebt\u201d. Teksa ka marr\u00eb fjal\u00ebn duke i k\u00ebrkuar kryetares s\u00eb kuvendit, Lindita Nikolla t\u00eb t\u00ebrhiqet nga vendimi\u2026","rel":"","context":"In &quot;Blogu i Udh\u00ebtarit&quot;","block_context":{"text":"Blogu i Udh\u00ebtarit","link":"https:\/\/www.shqiperia.com\/blog\/category\/blogu-i-udhetarit\/"},"img":{"alt_text":"","src":"https:\/\/i0.wp.com\/www.shqiperia.com\/blog\/wp-content\/uploads\/2023\/02\/800-0-63ea6b5854bdc-1.png?fit=800%2C519&ssl=1&resize=350%2C200","width":350,"height":200,"srcset":"https:\/\/i0.wp.com\/www.shqiperia.com\/blog\/wp-content\/uploads\/2023\/02\/800-0-63ea6b5854bdc-1.png?fit=800%2C519&ssl=1&resize=350%2C200 1x, https:\/\/i0.wp.com\/www.shqiperia.com\/blog\/wp-content\/uploads\/2023\/02\/800-0-63ea6b5854bdc-1.png?fit=800%2C519&ssl=1&resize=525%2C300 1.5x, https:\/\/i0.wp.com\/www.shqiperia.com\/blog\/wp-content\/uploads\/2023\/02\/800-0-63ea6b5854bdc-1.png?fit=800%2C519&ssl=1&resize=700%2C400 2x"},"classes":[]}],"_links":{"self":[{"href":"https:\/\/www.shqiperia.com\/blog\/wp-json\/wp\/v2\/posts\/39603","targetHints":{"allow":["GET"]}}],"collection":[{"href":"https:\/\/www.shqiperia.com\/blog\/wp-json\/wp\/v2\/posts"}],"about":[{"href":"https:\/\/www.shqiperia.com\/blog\/wp-json\/wp\/v2\/types\/post"}],"author":[{"embeddable":true,"href":"https:\/\/www.shqiperia.com\/blog\/wp-json\/wp\/v2\/users\/9"}],"replies":[{"embeddable":true,"href":"https:\/\/www.shqiperia.com\/blog\/wp-json\/wp\/v2\/comments?post=39603"}],"version-history":[{"count":1,"href":"https:\/\/www.shqiperia.com\/blog\/wp-json\/wp\/v2\/posts\/39603\/revisions"}],"predecessor-version":[{"id":39605,"href":"https:\/\/www.shqiperia.com\/blog\/wp-json\/wp\/v2\/posts\/39603\/revisions\/39605"}],"wp:featuredmedia":[{"embeddable":true,"href":"https:\/\/www.shqiperia.com\/blog\/wp-json\/wp\/v2\/media\/39604"}],"wp:attachment":[{"href":"https:\/\/www.shqiperia.com\/blog\/wp-json\/wp\/v2\/media?parent=39603"}],"wp:term":[{"taxonomy":"category","embeddable":true,"href":"https:\/\/www.shqiperia.com\/blog\/wp-json\/wp\/v2\/categories?post=39603"},{"taxonomy":"post_tag","embeddable":true,"href":"https:\/\/www.shqiperia.com\/blog\/wp-json\/wp\/v2\/tags?post=39603"}],"curies":[{"name":"wp","href":"https:\/\/api.w.org\/{rel}","templated":true}]}}