{"id":39600,"date":"2020-10-12T20:33:00","date_gmt":"2020-10-12T20:33:00","guid":{"rendered":"https:\/\/www.shqiperia.com\/blog\/?p=39600"},"modified":"2020-10-12T20:33:00","modified_gmt":"2020-10-12T20:33:00","slug":"deklarata-e-forte-ne-open-rama-jep-doreheqjen-para-zgjedhjeve","status":"publish","type":"post","link":"https:\/\/www.shqiperia.com\/blog\/deklarata-e-forte-ne-open-rama-jep-doreheqjen-para-zgjedhjeve\/","title":{"rendered":"Deklarata e fort\u00eb n\u00eb OPEN: \u00a0&#8211; Rama jep dor\u00ebheqjen para zgjedhjeve!"},"content":{"rendered":"<p><img data-recalc-dims=\"1\" loading=\"lazy\" decoding=\"async\" data-attachment-id=\"39601\" data-permalink=\"https:\/\/www.shqiperia.com\/blog\/deklarata-e-forte-ne-open-rama-jep-doreheqjen-para-zgjedhjeve\/640-0-5f84b722e9d06\/\" data-orig-file=\"https:\/\/i0.wp.com\/www.shqiperia.com\/blog\/wp-content\/uploads\/2020\/10\/640-0-5f84b722e9d06.jpg?fit=640%2C336&amp;ssl=1\" data-orig-size=\"640,336\" data-comments-opened=\"1\" data-image-meta=\"{&quot;aperture&quot;:&quot;0&quot;,&quot;credit&quot;:&quot;&quot;,&quot;camera&quot;:&quot;&quot;,&quot;caption&quot;:&quot;&quot;,&quot;created_timestamp&quot;:&quot;0&quot;,&quot;copyright&quot;:&quot;&quot;,&quot;focal_length&quot;:&quot;0&quot;,&quot;iso&quot;:&quot;0&quot;,&quot;shutter_speed&quot;:&quot;0&quot;,&quot;title&quot;:&quot;&quot;,&quot;orientation&quot;:&quot;0&quot;}\" data-image-title=\"-640-0-5f84b722e9d06\" data-image-description=\"\" data-image-caption=\"\" data-medium-file=\"https:\/\/i0.wp.com\/www.shqiperia.com\/blog\/wp-content\/uploads\/2020\/10\/640-0-5f84b722e9d06.jpg?fit=300%2C158&amp;ssl=1\" data-large-file=\"https:\/\/i0.wp.com\/www.shqiperia.com\/blog\/wp-content\/uploads\/2020\/10\/640-0-5f84b722e9d06.jpg?fit=640%2C336&amp;ssl=1\" class=\"alignnone  wp-image-39601\" alt=\"\" src=\"https:\/\/i0.wp.com\/www.shqiperia.com\/blog\/wp-content\/uploads\/2020\/10\/640-0-5f84b722e9d06.jpg?resize=461%2C243&#038;ssl=1\" width=\"461\" height=\"243\" srcset=\"https:\/\/i0.wp.com\/www.shqiperia.com\/blog\/wp-content\/uploads\/2020\/10\/640-0-5f84b722e9d06.jpg?resize=300%2C158&amp;ssl=1 300w, https:\/\/i0.wp.com\/www.shqiperia.com\/blog\/wp-content\/uploads\/2020\/10\/640-0-5f84b722e9d06.jpg?resize=450%2C236&amp;ssl=1 450w, https:\/\/i0.wp.com\/www.shqiperia.com\/blog\/wp-content\/uploads\/2020\/10\/640-0-5f84b722e9d06.jpg?resize=600%2C315&amp;ssl=1 600w, https:\/\/i0.wp.com\/www.shqiperia.com\/blog\/wp-content\/uploads\/2020\/10\/640-0-5f84b722e9d06.jpg?resize=400%2C210&amp;ssl=1 400w, https:\/\/i0.wp.com\/www.shqiperia.com\/blog\/wp-content\/uploads\/2020\/10\/640-0-5f84b722e9d06.jpg?w=640&amp;ssl=1 640w\" sizes=\"auto, (max-width: 461px) 100vw, 461px\" \/><\/p>\n<p><strong>Deklarata e fort\u00eb n\u00eb OPEN: \u00a0&#8211; Rama jep dor\u00ebheqjen para zgjedhjeve! <\/strong><\/p>\n<p><strong>12 TETOR 2020<\/strong><\/p>\n<p>Nga Berlini, duke folur n\u00eb nj\u00eb lidhje direkte p\u00ebr emisionin OPEN n\u00eb Top Channel, Kreshnik Spahiu ka b\u00ebr\u00eb nj\u00eb deklarat\u00eb t\u00eb fort\u00eb, teksa theksoi se kryeministri Edi Rama do t\u00eb jap\u00eb dor\u00ebheqjen para zgjedhjeve parlamentare t\u00eb 25 prillit.<\/p>\n<p>Sipas Kreshnik Spahiut, Rama do t\u00eb ndjek\u00eb sh\u00ebmbullin e Zoran Zaev n\u00eb Maqedonin\u00eb e Veriut, duke mos qen\u00eb kryeminist\u00ebr dit\u00ebn e zgjedhjeve.<\/p>\n<p><em>\u201cPasi Shqip\u00ebria t\u00eb kaloj\u00eb stafet\u00ebn e udh\u00ebheqjes s\u00eb OSBE, Rama do t\u00eb jap\u00eb dor\u00ebheqjen para zgjedhjeve. Pra Rama do ndjek\u00eb shembullin e Zaevit, ku dit\u00ebn e zgjedhjeve nuk do t\u00eb jet\u00eb kryeminist\u00ebr\u201d-<\/em>\u00a0tha Spahiu.<\/p>\n<p>Po pse e refuzoi Rama k\u00ebrkes\u00ebn p\u00ebr qeveri teknike?<\/p>\n<p><em>\u201c\u00cbsht\u00eb strategji e Ram\u00ebs. K\u00ebshtu ai tenton t\u00eb fitoj\u00eb edhe m\u00eb nd\u00ebrkomb\u00ebtar\u00ebt\u201d<\/em>&#8211; shtoi Spahiu.<\/p>\n<p>Gazeta Shqip<\/p>\n","protected":false},"excerpt":{"rendered":"<p>Deklarata e fort\u00eb n\u00eb OPEN: \u00a0&#8211; Rama jep dor\u00ebheqjen para zgjedhjeve! 12 TETOR 2020 Nga Berlini, duke folur n\u00eb nj\u00eb lidhje direkte p\u00ebr emisionin OPEN n\u00eb Top Channel, Kreshnik Spahiu ka b\u00ebr\u00eb nj\u00eb deklarat\u00eb t\u00eb fort\u00eb, teksa theksoi se kryeministri Edi Rama do t\u00eb jap\u00eb dor\u00ebheqjen para zgjedhjeve parlamentare t\u00eb 25 prillit. Sipas Kreshnik Spahiut, [&hellip;]<\/p>\n","protected":false},"author":9,"featured_media":39601,"comment_status":"open","ping_status":"open","sticky":false,"template":"","format":"standard","meta":{"jetpack_post_was_ever_published":false,"_jetpack_newsletter_access":"","_jetpack_dont_email_post_to_subs":false,"_jetpack_newsletter_tier_id":0,"_jetpack_memberships_contains_paywalled_content":false,"_jetpack_memberships_contains_paid_content":false,"footnotes":"","jetpack_publicize_message":"","jetpack_publicize_feature_enabled":true,"jetpack_social_post_already_shared":true,"jetpack_social_options":{"image_generator_settings":{"template":"highway","default_image_id":0,"font":"","enabled":false},"version":2}},"categories":[27],"tags":[],"class_list":["post-39600","post","type-post","status-publish","format-standard","has-post-thumbnail","hentry","category-blogu-i-udhetarit"],"jetpack_publicize_connections":[],"jetpack_featured_media_url":"https:\/\/i0.wp.com\/www.shqiperia.com\/blog\/wp-content\/uploads\/2020\/10\/640-0-5f84b722e9d06.jpg?fit=640%2C336&ssl=1","jetpack_sharing_enabled":true,"jetpack_shortlink":"https:\/\/wp.me\/p5Z6wp-aiI","jetpack-related-posts":[{"id":38840,"url":"https:\/\/www.shqiperia.com\/blog\/ceshjtja-e-detit-me-greqine-kreshnik-spahiu-ja-shteti-qe-rrezoi-marreveshjen-e-2009-dhe-pse-rama-shkarkoi-bushatin\/","url_meta":{"origin":39600,"position":0},"title":"\u00c7\u00ebshjtja e detit me Greqin\u00eb\/ Kreshnik Spahiu: Ja shteti q\u00eb rr\u00ebzoi marr\u00ebveshjen e 2009 dhe pse Rama shkarkoi Bushatin","author":"Kurt Farka","date":"September 23, 2020","format":false,"excerpt":"\u00c7\u00ebshjtja e detit me Greqin\u00eb\/ Kreshnik Spahiu: Ja shteti q\u00eb rr\u00ebzoi marr\u00ebveshjen e 2009 dhe pse Rama shkarkoi Bushatin 16 SHTATOR 2020 Sipas Kreshnik Spahiut, n\u00eb rr\u00ebzimin e marr\u00ebveshjes s\u00eb Detit n\u00eb 2009 nga Gjykata Kushtetuese ka ndikuar SHBA dhe jo Turqia. Spahiu deklaroi se Bushati u shkarkua nga Rama\u2026","rel":"","context":"In &quot;Blogu i Udh\u00ebtarit&quot;","block_context":{"text":"Blogu i Udh\u00ebtarit","link":"https:\/\/www.shqiperia.com\/blog\/category\/blogu-i-udhetarit\/"},"img":{"alt_text":"","src":"https:\/\/i0.wp.com\/www.shqiperia.com\/blog\/wp-content\/uploads\/2020\/09\/640-0-5f6274abc7551.jpg?fit=640%2C531&ssl=1&resize=350%2C200","width":350,"height":200,"srcset":"https:\/\/i0.wp.com\/www.shqiperia.com\/blog\/wp-content\/uploads\/2020\/09\/640-0-5f6274abc7551.jpg?fit=640%2C531&ssl=1&resize=350%2C200 1x, https:\/\/i0.wp.com\/www.shqiperia.com\/blog\/wp-content\/uploads\/2020\/09\/640-0-5f6274abc7551.jpg?fit=640%2C531&ssl=1&resize=525%2C300 1.5x"},"classes":[]},{"id":52646,"url":"https:\/\/www.shqiperia.com\/blog\/nga-sot-rama-nuk-eshte-kryeminister-spartak-ngjela-i-ka-rene-shteti-dhe-duhet-te-jape-doreheqjen-ska-siguruar-jeten-ekonomike-te-qytetareve-te-tij\/","url_meta":{"origin":39600,"position":1},"title":"\u201cNga sot Rama nuk \u00ebsht\u00eb kryeminist\u00ebr\u201d. Spartak Ngjela: &#8211; I ka r\u00ebn\u00eb shteti dhe duhet t\u00eb jap\u00eb dor\u00ebheqjen! S\u2019ka siguruar jet\u00ebn ekonomike t\u00eb qytetar\u00ebve t\u00eb tij","author":"Kurt Farka","date":"December 23, 2021","format":false,"excerpt":"\u201cNga sot Rama nuk \u00ebsht\u00eb kryeminist\u00ebr\u201d. Spartak Ngjela: - I ka r\u00ebn\u00eb shteti dhe duhet t\u00eb jap\u00eb dor\u00ebheqjen! S\u2019ka siguruar jet\u00ebn ekonomike t\u00eb qytetar\u00ebve t\u00eb tij 23 dhjetor \u00a02021 Reagimi i Spartak Ngjel\u00ebs Sapo d\u00ebgjova konferenc\u00ebn e shtypit t\u00eb kryeministrit t\u00eb Shqip\u00ebris\u00eb. Flet sikur t\u00eb jet\u00eb nj\u00eb njeri i thjesht\u00eb\u2026","rel":"","context":"In &quot;Politika&quot;","block_context":{"text":"Politika","link":"https:\/\/www.shqiperia.com\/blog\/category\/politika\/"},"img":{"alt_text":"","src":"https:\/\/i0.wp.com\/www.shqiperia.com\/blog\/wp-content\/uploads\/2021\/12\/Edi-Rama-1.jpg?fit=770%2C433&ssl=1&resize=350%2C200","width":350,"height":200,"srcset":"https:\/\/i0.wp.com\/www.shqiperia.com\/blog\/wp-content\/uploads\/2021\/12\/Edi-Rama-1.jpg?fit=770%2C433&ssl=1&resize=350%2C200 1x, https:\/\/i0.wp.com\/www.shqiperia.com\/blog\/wp-content\/uploads\/2021\/12\/Edi-Rama-1.jpg?fit=770%2C433&ssl=1&resize=525%2C300 1.5x, https:\/\/i0.wp.com\/www.shqiperia.com\/blog\/wp-content\/uploads\/2021\/12\/Edi-Rama-1.jpg?fit=770%2C433&ssl=1&resize=700%2C400 2x"},"classes":[]},{"id":21542,"url":"https:\/\/www.shqiperia.com\/blog\/lulzim-basha-i-pergjigjet-letres-se-rames-koha-qe-te-largohesh-menjehere-nga-kryeminister-se-je-shkaterrues-i-zgjedhjeve-te-lira-dhe-dhunues-i-vullnetit-te-popullit\/","url_meta":{"origin":39600,"position":2},"title":"Lulzim Basha i p\u00ebrgjigjet letr\u00ebs s\u00eb Ram\u00ebs: Koha q\u00eb t\u00eb largohesh menj\u00ebher\u00eb nga Kryeminist\u00ebr, se je shkat\u00ebrrues i zgjedhjeve t\u00eb lira dhe dhunues i vullnetit t\u00eb popullit.","author":"Kurt Farka","date":"May 23, 2019","format":false,"excerpt":"Lulzim Basha i p\u00ebrgjigjet letr\u00ebs s\u00eb Ram\u00ebs: Koha q\u00eb t\u00eb largohesh menj\u00ebher\u00eb nga Kryeminist\u00ebr, se je shkat\u00ebrrues i zgjedhjeve t\u00eb lira dhe dhunues i vullnetit t\u00eb popullit. 23 Maj, 2019 Kryetari i PD-s\u00eb Lulzim Basha i \u00ebsht\u00eb\u00a0\u00a0p\u00ebrgjigjur letr\u00ebs publike t\u00eb kryeministrit Rama. Kryeopozitari shprehet se Rama duhet t\u00eb jepte dor\u00ebheqjen\u2026","rel":"","context":"In &quot;Blogu i Udh\u00ebtarit&quot;","block_context":{"text":"Blogu i Udh\u00ebtarit","link":"https:\/\/www.shqiperia.com\/blog\/category\/blogu-i-udhetarit\/"},"img":{"alt_text":"","src":"https:\/\/i0.wp.com\/www.shqiperia.com\/blog\/wp-content\/uploads\/2019\/05\/protesta-madheshtore-1.jpg?fit=896%2C494&ssl=1&resize=350%2C200","width":350,"height":200,"srcset":"https:\/\/i0.wp.com\/www.shqiperia.com\/blog\/wp-content\/uploads\/2019\/05\/protesta-madheshtore-1.jpg?fit=896%2C494&ssl=1&resize=350%2C200 1x, https:\/\/i0.wp.com\/www.shqiperia.com\/blog\/wp-content\/uploads\/2019\/05\/protesta-madheshtore-1.jpg?fit=896%2C494&ssl=1&resize=525%2C300 1.5x, https:\/\/i0.wp.com\/www.shqiperia.com\/blog\/wp-content\/uploads\/2019\/05\/protesta-madheshtore-1.jpg?fit=896%2C494&ssl=1&resize=700%2C400 2x"},"classes":[]},{"id":39115,"url":"https:\/\/www.shqiperia.com\/blog\/a-do-kete-nje-mandat-te-trete-per-edi-ramen-kreshnik-spahiu-del-me-deklarate-te-forte-zbulon-cfare-ka-humbur-kryeministri-ja-ku-gaboi\/","url_meta":{"origin":39600,"position":3},"title":"A do ket\u00eb nj\u00eb mandat t\u00eb tret\u00eb p\u00ebr Edi Ram\u00ebn? Kreshnik Spahiu del me deklarat\u00eb t\u00eb fort\u00eb, zbulon \u00e7far\u00eb ka humbur kryeministri: Ja ku gaboi","author":"Kurt Farka","date":"September 30, 2020","format":false,"excerpt":"A do ket\u00eb nj\u00eb mandat t\u00eb tret\u00eb p\u00ebr Edi Ram\u00ebn? Kreshnik Spahiu del me deklarat\u00eb t\u00eb fort\u00eb, zbulon \u00e7far\u00eb ka humbur kryeministri: Ja ku gaboi. SHTATOR 2020. Kreshnik Spahiu ka b\u00ebr\u00eb nj\u00eb analiz\u00eb lidhur me strategjin\u00eb q\u00eb Kryeministri Edi Rama p\u00ebrdori p\u00ebr t\u00eb ardhur n\u00eb pushtet dhe p\u00ebr t\u00eb qeverisur.\u2026","rel":"","context":"In &quot;Blogu i Udh\u00ebtarit&quot;","block_context":{"text":"Blogu i Udh\u00ebtarit","link":"https:\/\/www.shqiperia.com\/blog\/category\/blogu-i-udhetarit\/"},"img":{"alt_text":"","src":"https:\/\/i0.wp.com\/www.shqiperia.com\/blog\/wp-content\/uploads\/2020\/09\/100883170_10158394133541952_940235381238923264_o.jpg?fit=960%2C728&ssl=1&resize=350%2C200","width":350,"height":200,"srcset":"https:\/\/i0.wp.com\/www.shqiperia.com\/blog\/wp-content\/uploads\/2020\/09\/100883170_10158394133541952_940235381238923264_o.jpg?fit=960%2C728&ssl=1&resize=350%2C200 1x, https:\/\/i0.wp.com\/www.shqiperia.com\/blog\/wp-content\/uploads\/2020\/09\/100883170_10158394133541952_940235381238923264_o.jpg?fit=960%2C728&ssl=1&resize=525%2C300 1.5x, https:\/\/i0.wp.com\/www.shqiperia.com\/blog\/wp-content\/uploads\/2020\/09\/100883170_10158394133541952_940235381238923264_o.jpg?fit=960%2C728&ssl=1&resize=700%2C400 2x"},"classes":[]},{"id":67748,"url":"https:\/\/www.shqiperia.com\/blog\/o-beseprere-jep-doreheqjen-dhe-largohu-nuk-je-me-legjitim-smund-te-jete-kurre-kryeministri-i-shqiperise\/","url_meta":{"origin":39600,"position":4},"title":"\u201cO bes\u00ebprer\u00eb, jep dor\u00ebheqjen dhe largohu\u201d: &#8211; Nuk je m\u00eb legjitim. &#8211; S\u2019mund t\u00eb jet\u00eb kurr\u00eb kryeministri i Shqip\u00ebris\u00eb","author":"Kurt Farka","date":"February 11, 2023","format":false,"excerpt":"11 Shkurt 2023 Kreu i PD, Sali Berisha i k\u00ebrkoi kryeministrit Edi Rama gjat\u00eb fjal\u00ebs s\u00eb tij n\u00eb protest\u00ebn e 11 shkurtit t\u00eb jap\u00eb dor\u00ebheqjen dhe t\u00eb largohet. \u201cRama korruptoi shefin e FBI, partnerit ton\u00eb strategjik, dikur Shqip\u00ebria b\u00ebnte lajmin e bot\u00ebs p\u00ebr hyrjen e saj n\u00eb NATO, sot b\u00ebn\u2026","rel":"","context":"In &quot;Blogu i Udh\u00ebtarit&quot;","block_context":{"text":"Blogu i Udh\u00ebtarit","link":"https:\/\/www.shqiperia.com\/blog\/category\/blogu-i-udhetarit\/"},"img":{"alt_text":"","src":"https:\/\/i0.wp.com\/www.shqiperia.com\/blog\/wp-content\/uploads\/2023\/02\/ede1-1.jpg?fit=604%2C367&ssl=1&resize=350%2C200","width":350,"height":200,"srcset":"https:\/\/i0.wp.com\/www.shqiperia.com\/blog\/wp-content\/uploads\/2023\/02\/ede1-1.jpg?fit=604%2C367&ssl=1&resize=350%2C200 1x, https:\/\/i0.wp.com\/www.shqiperia.com\/blog\/wp-content\/uploads\/2023\/02\/ede1-1.jpg?fit=604%2C367&ssl=1&resize=525%2C300 1.5x"},"classes":[]},{"id":50518,"url":"https:\/\/www.shqiperia.com\/blog\/do-vijne-dy-telefonata-nga-burgu-kreshnik-spahiu-paralajmeron-levizje-te-bujshme-cfare-do-te-ndodhe-me-lulzim-bashen-nese-arrestohet-sali-berisha-fundi-i-ketij-politikani-do-t\/","url_meta":{"origin":39600,"position":5},"title":"&#8220;Do vijn\u00eb dy \u2018telefonata\u2019 nga burgu&#8221;, Kreshnik Spahiu paralajm\u00ebron l\u00ebvizje t\u00eb bujshme: \u00c7far\u00eb do t\u00eb ndodh\u00eb me Lulzim Bash\u00ebn n\u00ebse arrestohet Sali Berisha! Fundi i k\u00ebtij politikani do t\u00eb jet\u00eb m\u00eb i turpshmi i 100 viteve histori&#8230;","author":"Kurt Farka","date":"October 13, 2021","format":false,"excerpt":"\"Do vijn\u00eb dy \u2018telefonata\u2019 nga burgu\", Kreshnik Spahiu paralajm\u00ebron l\u00ebvizje t\u00eb bujshme: \u00c7far\u00eb do t\u00eb ndodh\u00eb me Lulzim Bash\u00ebn n\u00ebse arrestohet Sali Berisha! Fundi i k\u00ebtij politikani do t\u00eb jet\u00eb m\u00eb i turpshmi i 100 viteve histori... 13 TETOR 2021 Ish-kreu i Aleanc\u00ebs Kuq e Zi, Kreshnik Spahiu ka komentuar\u2026","rel":"","context":"In &quot;Blogu i Udh\u00ebtarit&quot;","block_context":{"text":"Blogu i Udh\u00ebtarit","link":"https:\/\/www.shqiperia.com\/blog\/category\/blogu-i-udhetarit\/"},"img":{"alt_text":"","src":"https:\/\/i0.wp.com\/www.shqiperia.com\/blog\/wp-content\/uploads\/2021\/10\/Lulzim-Basha.jpg?fit=640%2C360&ssl=1&resize=350%2C200","width":350,"height":200,"srcset":"https:\/\/i0.wp.com\/www.shqiperia.com\/blog\/wp-content\/uploads\/2021\/10\/Lulzim-Basha.jpg?fit=640%2C360&ssl=1&resize=350%2C200 1x, https:\/\/i0.wp.com\/www.shqiperia.com\/blog\/wp-content\/uploads\/2021\/10\/Lulzim-Basha.jpg?fit=640%2C360&ssl=1&resize=525%2C300 1.5x"},"classes":[]}],"_links":{"self":[{"href":"https:\/\/www.shqiperia.com\/blog\/wp-json\/wp\/v2\/posts\/39600","targetHints":{"allow":["GET"]}}],"collection":[{"href":"https:\/\/www.shqiperia.com\/blog\/wp-json\/wp\/v2\/posts"}],"about":[{"href":"https:\/\/www.shqiperia.com\/blog\/wp-json\/wp\/v2\/types\/post"}],"author":[{"embeddable":true,"href":"https:\/\/www.shqiperia.com\/blog\/wp-json\/wp\/v2\/users\/9"}],"replies":[{"embeddable":true,"href":"https:\/\/www.shqiperia.com\/blog\/wp-json\/wp\/v2\/comments?post=39600"}],"version-history":[{"count":1,"href":"https:\/\/www.shqiperia.com\/blog\/wp-json\/wp\/v2\/posts\/39600\/revisions"}],"predecessor-version":[{"id":39602,"href":"https:\/\/www.shqiperia.com\/blog\/wp-json\/wp\/v2\/posts\/39600\/revisions\/39602"}],"wp:featuredmedia":[{"embeddable":true,"href":"https:\/\/www.shqiperia.com\/blog\/wp-json\/wp\/v2\/media\/39601"}],"wp:attachment":[{"href":"https:\/\/www.shqiperia.com\/blog\/wp-json\/wp\/v2\/media?parent=39600"}],"wp:term":[{"taxonomy":"category","embeddable":true,"href":"https:\/\/www.shqiperia.com\/blog\/wp-json\/wp\/v2\/categories?post=39600"},{"taxonomy":"post_tag","embeddable":true,"href":"https:\/\/www.shqiperia.com\/blog\/wp-json\/wp\/v2\/tags?post=39600"}],"curies":[{"name":"wp","href":"https:\/\/api.w.org\/{rel}","templated":true}]}}