{"id":39597,"date":"2020-10-12T19:57:20","date_gmt":"2020-10-12T19:57:20","guid":{"rendered":"https:\/\/www.shqiperia.com\/blog\/?p=39597"},"modified":"2020-10-12T19:57:20","modified_gmt":"2020-10-12T19:57:20","slug":"ilir-meta-o-ka-shqiperi-me-shqiptare-o-banori-me-i-ri-ne-shqiperi-mbetet-ilir-meta","status":"publish","type":"post","link":"https:\/\/www.shqiperia.com\/blog\/ilir-meta-o-ka-shqiperi-me-shqiptare-o-banori-me-i-ri-ne-shqiperi-mbetet-ilir-meta\/","title":{"rendered":"Ilir Meta: &#8211; O ka Shqip\u00ebri me shqiptar\u00eb, o banori m\u00eb i ri n\u00eb Shqip\u00ebri mbetet Ilir Meta."},"content":{"rendered":"<p><img data-recalc-dims=\"1\" loading=\"lazy\" decoding=\"async\" data-attachment-id=\"39598\" data-permalink=\"https:\/\/www.shqiperia.com\/blog\/ilir-meta-o-ka-shqiperi-me-shqiptare-o-banori-me-i-ri-ne-shqiperi-mbetet-ilir-meta\/ilir-meta-ne-kuvend-1-tetor-2015\/\" data-orig-file=\"https:\/\/i0.wp.com\/www.shqiperia.com\/blog\/wp-content\/uploads\/2020\/10\/Ilir-meta-ne-kuvend-1-tetor-2015.jpg?fit=2048%2C1092&amp;ssl=1\" data-orig-size=\"2048,1092\" data-comments-opened=\"1\" data-image-meta=\"{&quot;aperture&quot;:&quot;3.2&quot;,&quot;credit&quot;:&quot;MALTON DIBRA&quot;,&quot;camera&quot;:&quot;Canon EOS REBEL T3&quot;,&quot;caption&quot;:&quot;&quot;,&quot;created_timestamp&quot;:&quot;1443657600&quot;,&quot;copyright&quot;:&quot;copyright 2015. All rights reserved Light Studio Agency LSA. Read Terms and Conditions at lsaphoto.com&quot;,&quot;focal_length&quot;:&quot;195&quot;,&quot;iso&quot;:&quot;800&quot;,&quot;shutter_speed&quot;:&quot;0.00625&quot;,&quot;title&quot;:&quot;&quot;,&quot;orientation&quot;:&quot;1&quot;}\" data-image-title=\"Ilir-meta-ne-kuvend-1-tetor-2015\" data-image-description=\"\" data-image-caption=\"\" data-medium-file=\"https:\/\/i0.wp.com\/www.shqiperia.com\/blog\/wp-content\/uploads\/2020\/10\/Ilir-meta-ne-kuvend-1-tetor-2015.jpg?fit=300%2C160&amp;ssl=1\" data-large-file=\"https:\/\/i0.wp.com\/www.shqiperia.com\/blog\/wp-content\/uploads\/2020\/10\/Ilir-meta-ne-kuvend-1-tetor-2015.jpg?fit=1024%2C546&amp;ssl=1\" class=\"alignnone  wp-image-39598\" alt=\"\" src=\"https:\/\/i0.wp.com\/www.shqiperia.com\/blog\/wp-content\/uploads\/2020\/10\/Ilir-meta-ne-kuvend-1-tetor-2015.jpg?resize=544%2C290&#038;ssl=1\" width=\"544\" height=\"290\" srcset=\"https:\/\/i0.wp.com\/www.shqiperia.com\/blog\/wp-content\/uploads\/2020\/10\/Ilir-meta-ne-kuvend-1-tetor-2015.jpg?resize=300%2C160&amp;ssl=1 300w, https:\/\/i0.wp.com\/www.shqiperia.com\/blog\/wp-content\/uploads\/2020\/10\/Ilir-meta-ne-kuvend-1-tetor-2015.jpg?resize=1024%2C546&amp;ssl=1 1024w, https:\/\/i0.wp.com\/www.shqiperia.com\/blog\/wp-content\/uploads\/2020\/10\/Ilir-meta-ne-kuvend-1-tetor-2015.jpg?resize=768%2C410&amp;ssl=1 768w, https:\/\/i0.wp.com\/www.shqiperia.com\/blog\/wp-content\/uploads\/2020\/10\/Ilir-meta-ne-kuvend-1-tetor-2015.jpg?resize=1536%2C819&amp;ssl=1 1536w, https:\/\/i0.wp.com\/www.shqiperia.com\/blog\/wp-content\/uploads\/2020\/10\/Ilir-meta-ne-kuvend-1-tetor-2015.jpg?resize=2000%2C1066&amp;ssl=1 2000w, https:\/\/i0.wp.com\/www.shqiperia.com\/blog\/wp-content\/uploads\/2020\/10\/Ilir-meta-ne-kuvend-1-tetor-2015.jpg?resize=450%2C240&amp;ssl=1 450w, https:\/\/i0.wp.com\/www.shqiperia.com\/blog\/wp-content\/uploads\/2020\/10\/Ilir-meta-ne-kuvend-1-tetor-2015.jpg?resize=600%2C320&amp;ssl=1 600w, https:\/\/i0.wp.com\/www.shqiperia.com\/blog\/wp-content\/uploads\/2020\/10\/Ilir-meta-ne-kuvend-1-tetor-2015.jpg?resize=1500%2C800&amp;ssl=1 1500w, https:\/\/i0.wp.com\/www.shqiperia.com\/blog\/wp-content\/uploads\/2020\/10\/Ilir-meta-ne-kuvend-1-tetor-2015.jpg?resize=1300%2C693&amp;ssl=1 1300w, https:\/\/i0.wp.com\/www.shqiperia.com\/blog\/wp-content\/uploads\/2020\/10\/Ilir-meta-ne-kuvend-1-tetor-2015.jpg?resize=400%2C213&amp;ssl=1 400w, https:\/\/i0.wp.com\/www.shqiperia.com\/blog\/wp-content\/uploads\/2020\/10\/Ilir-meta-ne-kuvend-1-tetor-2015.jpg?w=2048&amp;ssl=1 2048w\" sizes=\"auto, (max-width: 544px) 100vw, 544px\" \/><\/p>\n<p>Ilir Meta: &#8211; O ka Shqip\u00ebri me shqiptar\u00eb, o banori m\u00eb i ri n\u00eb Shqip\u00ebri mbetet Ilir Meta.<\/p>\n<p>12 TETOR 2020<\/p>\n<p>Presidenti Ilir Meta ka sfiduar s\u00ebrish kryeministrin Rama p\u00ebr debat, duke th\u00ebn\u00eb se ai shpif te nd\u00ebrkomb\u00ebtar\u00ebt.<\/p>\n<p>\u201cMashtron nd\u00ebrkomb\u00ebtar\u00ebt duke i th\u00ebn\u00eb se Ylli Ndroqi pas sekuestrimit t\u00eb pasuris\u00eb e b\u00ebri telefonat\u00ebn e par\u00eb me Ilir Met\u00ebn. Ai q\u00eb b\u00ebn k\u00ebto fabrikime, si\u00e7 ka b\u00ebr\u00eb t\u00eb gjitha n\u00eb Shqip\u00ebri, q\u00eb e ka l\u00ebn\u00eb vendin pa Gjykat\u00eb Kushtetuese, shikoni se \u00e7far\u00eb tha Komisioni i Venecias p\u00ebr k\u00ebt\u00eb\u201d, tha Meta i ftuar n\u00eb nj\u00eb studio televizive.<\/p>\n<p>Ai u shpreh se i interesojn\u00eb shqiptar\u00ebt dhe jo opozita.<\/p>\n<p>\u201cNuk m\u00eb intereson opozita, m\u00eb interesojn\u00eb shqiptar\u00ebt. Un\u00eb i kam th\u00ebn\u00eb opozit\u00ebs q\u00eb t\u00eb mos djegin mandatet se Rama \u00ebsht\u00eb i pap\u00ebrgjegjsh\u00ebm dhe nuk do reflektoj\u00eb.\u00a0Kjo \u00ebsht\u00eb \u00e7\u00ebshtje p\u00ebr jet\u00eb a vdekje. O ka Shqip\u00ebri me shqiptar\u00eb, o banori m\u00eb i ri n\u00eb Shqip\u00ebri mbetet Ilir Meta,\u201d\u00a0tha Meta.<\/p>\n","protected":false},"excerpt":{"rendered":"<p>Ilir Meta: &#8211; O ka Shqip\u00ebri me shqiptar\u00eb, o banori m\u00eb i ri n\u00eb Shqip\u00ebri mbetet Ilir Meta. 12 TETOR 2020 Presidenti Ilir Meta ka sfiduar s\u00ebrish kryeministrin Rama p\u00ebr debat, duke th\u00ebn\u00eb se ai shpif te nd\u00ebrkomb\u00ebtar\u00ebt. \u201cMashtron nd\u00ebrkomb\u00ebtar\u00ebt duke i th\u00ebn\u00eb se Ylli Ndroqi pas sekuestrimit t\u00eb pasuris\u00eb e b\u00ebri telefonat\u00ebn e par\u00eb [&hellip;]<\/p>\n","protected":false},"author":9,"featured_media":39598,"comment_status":"open","ping_status":"open","sticky":false,"template":"","format":"standard","meta":{"jetpack_post_was_ever_published":false,"_jetpack_newsletter_access":"","_jetpack_dont_email_post_to_subs":false,"_jetpack_newsletter_tier_id":0,"_jetpack_memberships_contains_paywalled_content":false,"_jetpack_memberships_contains_paid_content":false,"footnotes":"","jetpack_publicize_message":"","jetpack_publicize_feature_enabled":true,"jetpack_social_post_already_shared":true,"jetpack_social_options":{"image_generator_settings":{"template":"highway","default_image_id":0,"font":"","enabled":false},"version":2}},"categories":[85,10,35],"tags":[],"class_list":["post-39597","post","type-post","status-publish","format-standard","has-post-thumbnail","hentry","category-histori","category-kultura","category-shoqerore"],"jetpack_publicize_connections":[],"jetpack_featured_media_url":"https:\/\/i0.wp.com\/www.shqiperia.com\/blog\/wp-content\/uploads\/2020\/10\/Ilir-meta-ne-kuvend-1-tetor-2015.jpg?fit=2048%2C1092&ssl=1","jetpack_sharing_enabled":true,"jetpack_shortlink":"https:\/\/wp.me\/p5Z6wp-aiF","jetpack-related-posts":[{"id":23263,"url":"https:\/\/www.shqiperia.com\/blog\/rama-e-percepton-13-tetorin-si-dite-tersi-meta-ska-patur-zgjedhje-ne-30-qershor-nderkombetaret-mund-te-thone-qe-gomari-fluturon-por\/","url_meta":{"origin":39597,"position":0},"title":"\u201cRama e percepton 13 tetorin si dit\u00eb tersi\u201d Meta: S\u2019ka patur zgjedhje n\u00eb 30 qershor. Nd\u00ebrkomb\u00ebtar\u00ebt mund t\u00eb thon\u00eb q\u00eb gomari fluturon, por\u2026","author":"Kurt Farka","date":"July 18, 2019","format":false,"excerpt":"\u201cRama e percepton 13 tetorin si dit\u00eb tersi\u201d Meta: S\u2019ka patur zgjedhje n\u00eb 30 qershor. Nd\u00ebrkomb\u00ebtar\u00ebt mund t\u00eb thon\u00eb q\u00eb gomari fluturon, por\u2026 Jul 18, 2019 Presidenti, Ilir Meta ka deklaruar se Kryeministri Rama e percepton dat\u00ebn 13 tetor si dat\u00eb tersi, por sipas tij n\u00eb 30 qershor vendi nuk\u2026","rel":"","context":"In &quot;Blogu i Udh\u00ebtarit&quot;","block_context":{"text":"Blogu i Udh\u00ebtarit","link":"https:\/\/www.shqiperia.com\/blog\/category\/blogu-i-udhetarit\/"},"img":{"alt_text":"","src":"https:\/\/i0.wp.com\/www.shqiperia.com\/blog\/wp-content\/uploads\/2019\/07\/Edi-Rama-1-1.jpg?fit=573%2C479&ssl=1&resize=350%2C200","width":350,"height":200,"srcset":"https:\/\/i0.wp.com\/www.shqiperia.com\/blog\/wp-content\/uploads\/2019\/07\/Edi-Rama-1-1.jpg?fit=573%2C479&ssl=1&resize=350%2C200 1x, https:\/\/i0.wp.com\/www.shqiperia.com\/blog\/wp-content\/uploads\/2019\/07\/Edi-Rama-1-1.jpg?fit=573%2C479&ssl=1&resize=525%2C300 1.5x"},"classes":[]},{"id":40300,"url":"https:\/\/www.shqiperia.com\/blog\/une-jam-ilir-meta-jam-nga-skrapari-presidenti-shperthen-keq-ndaj-kryeministrit-rama-ne-studio-ai-qen-bir-qeni-kelysh-blloku-po\/","url_meta":{"origin":39597,"position":1},"title":"\u201cUn\u00eb jam Ilir Meta, jam nga Skrapari\u201d, presidenti shp\u00ebrthen keq ndaj kryeministrit Rama n\u00eb studio: Ai qen bir qeni, k\u00eblysh blloku po&#8230;","author":"Kurt Farka","date":"October 30, 2020","format":false,"excerpt":"\u201cUn\u00eb jam Ilir Meta, jam nga Skrapari\u201d, presidenti shp\u00ebrthen keq ndaj kryeministrit Rama n\u00eb studio: Ai qen bir qeni, k\u00eblysh blloku po... 30 TETOR 2020 Presidenti Ilir Meta ka shp\u00ebrthyer n\u00eb akuza dhe ofendime ndaj kryeministrit Edi Rama n\u00eb emisionin \u201cZon\u00eb e Lir\u00eb\u201d mbr\u00ebmjen e sotme. Meta e ka quajtur\u2026","rel":"","context":"In &quot;Blogu i Udh\u00ebtarit&quot;","block_context":{"text":"Blogu i Udh\u00ebtarit","link":"https:\/\/www.shqiperia.com\/blog\/category\/blogu-i-udhetarit\/"},"img":{"alt_text":"","src":"https:\/\/i0.wp.com\/www.shqiperia.com\/blog\/wp-content\/uploads\/2020\/10\/640-0-5f9c782685249.jpg?fit=640%2C398&ssl=1&resize=350%2C200","width":350,"height":200,"srcset":"https:\/\/i0.wp.com\/www.shqiperia.com\/blog\/wp-content\/uploads\/2020\/10\/640-0-5f9c782685249.jpg?fit=640%2C398&ssl=1&resize=350%2C200 1x, https:\/\/i0.wp.com\/www.shqiperia.com\/blog\/wp-content\/uploads\/2020\/10\/640-0-5f9c782685249.jpg?fit=640%2C398&ssl=1&resize=525%2C300 1.5x"},"classes":[]},{"id":80085,"url":"https:\/\/www.shqiperia.com\/blog\/meta-qeveria-ka-korruptuar-bashen-izolimi-i-berishes-per-arsye-politike-pl-uragan-lirie\/","url_meta":{"origin":39597,"position":2},"title":"Meta: Qeveria ka korruptuar Bash\u00ebn! &#8211; Izolimi i Berish\u00ebs p\u00ebr arsye politike. &#8211; PL uragan lirie","author":"Kurt Farka","date":"April 13, 2024","format":false,"excerpt":"13 Prill 2024 Kryetari i Partis\u00eb s\u00eb Liris\u00eb Ilir Meta n\u00eb nj\u00eb konferenc\u00eb p\u00ebr mediat nga Kor\u00e7a deklaroi se qeverisja e Edi Ram\u00ebs ka korruptuar Lulzim Bash\u00ebn. Meta tha se izolimi i Sali Berish\u00ebs \u00ebsht\u00eb b\u00ebr\u00eb p\u00ebr arsye t\u00eb pastra politike. Nd\u00ebrsa, shtoi se PL \u00ebsht\u00eb nj\u00eb uragan i v\u00ebrtet\u00eb\u2026","rel":"","context":"In &quot;Blogu i Udh\u00ebtarit&quot;","block_context":{"text":"Blogu i Udh\u00ebtarit","link":"https:\/\/www.shqiperia.com\/blog\/category\/blogu-i-udhetarit\/"},"img":{"alt_text":"","src":"https:\/\/i0.wp.com\/www.shqiperia.com\/blog\/wp-content\/uploads\/2024\/04\/600-388-bf1c76d7982b12446d6a87e89acfacc1.jpg?fit=600%2C384&ssl=1&resize=350%2C200","width":350,"height":200,"srcset":"https:\/\/i0.wp.com\/www.shqiperia.com\/blog\/wp-content\/uploads\/2024\/04\/600-388-bf1c76d7982b12446d6a87e89acfacc1.jpg?fit=600%2C384&ssl=1&resize=350%2C200 1x, https:\/\/i0.wp.com\/www.shqiperia.com\/blog\/wp-content\/uploads\/2024\/04\/600-388-bf1c76d7982b12446d6a87e89acfacc1.jpg?fit=600%2C384&ssl=1&resize=525%2C300 1.5x"},"classes":[]},{"id":46808,"url":"https:\/\/www.shqiperia.com\/blog\/presidenti-shperthen-ndaj-rames-vagabond-para-meje-sillesh-si-lepur-karagjoz-e-di-gjithe-bota-se-140-vota-per-reformen-ne-drejtesi-i-beri-ilir-meta\/","url_meta":{"origin":39597,"position":3},"title":"Presidenti shp\u00ebrthen ndaj Ram\u00ebs: Vagabond, para meje sillesh si lepur  &#8211; \u201cKaragjoz e di gjith\u00eb bota se 140 vota p\u00ebr reform\u00ebn n\u00eb drejt\u00ebsi i b\u00ebri Ilir Meta\u201d.\u00a0","author":"Kurt Farka","date":"April 22, 2021","format":false,"excerpt":"Presidenti shp\u00ebrthen ndaj Ram\u00ebs: Vagabond, para meje sillesh si lepur - \u201cKaragjoz e di gjith\u00eb bota se 140 vota p\u00ebr reform\u00ebn n\u00eb drejt\u00ebsi i b\u00ebri Ilir Meta\u201d.\u00a0 \u00a0 - 22.04.21 Presidenti i Republik\u00ebs Ilir Meta n\u00eb nj\u00eb konferenc\u00eb p\u00ebr gazetar\u00ebt ka shp\u00ebrthyer ndaj kryeministrit Edi Rama teksa ka paralajm\u00ebruar t\u00eb\u2026","rel":"","context":"In &quot;Blogu i Udh\u00ebtarit&quot;","block_context":{"text":"Blogu i Udh\u00ebtarit","link":"https:\/\/www.shqiperia.com\/blog\/category\/blogu-i-udhetarit\/"},"img":{"alt_text":"","src":"https:\/\/i0.wp.com\/www.shqiperia.com\/blog\/wp-content\/uploads\/2021\/04\/meta-rama-konference.jpg?fit=770%2C433&ssl=1&resize=350%2C200","width":350,"height":200,"srcset":"https:\/\/i0.wp.com\/www.shqiperia.com\/blog\/wp-content\/uploads\/2021\/04\/meta-rama-konference.jpg?fit=770%2C433&ssl=1&resize=350%2C200 1x, https:\/\/i0.wp.com\/www.shqiperia.com\/blog\/wp-content\/uploads\/2021\/04\/meta-rama-konference.jpg?fit=770%2C433&ssl=1&resize=525%2C300 1.5x, https:\/\/i0.wp.com\/www.shqiperia.com\/blog\/wp-content\/uploads\/2021\/04\/meta-rama-konference.jpg?fit=770%2C433&ssl=1&resize=700%2C400 2x"},"classes":[]},{"id":32016,"url":"https:\/\/www.shqiperia.com\/blog\/dw-ultimatumi-prej-dy-javesh-per-shperndarje-parlamenti-manifestimi-ne-tirane-dhe-cfare-kerkojne-qytetaret\/","url_meta":{"origin":39597,"position":4},"title":"DW: Ultimatumi prej dy jav\u00ebsh p\u00ebr shp\u00ebrndarje Parlamenti. Manifestimi n\u00eb Tiran\u00eb dhe \u00e7far\u00eb k\u00ebrkojn\u00eb qytetar\u00ebt,","author":"Kurt Farka","date":"March 3, 2020","format":false,"excerpt":"DW: Ultimatumi prej dy jav\u00ebsh p\u00ebr shp\u00ebrndarje Parlamenti. Manifestimi n\u00eb Tiran\u00eb dhe \u00e7far\u00eb k\u00ebrkojn\u00eb qytetar\u00ebt, 3 mars 2020 Mbyllet pa incidente manifestimi n\u00eb Tiran\u00eb p\u00ebr mbrojtjen e Kushtetut\u00ebs. Presidenti Meta dhe opozita hodh\u00ebn akuza t\u00eb r\u00ebnda ndaj qeveris\u00eb n\u00eb Shqip\u00ebri. Presidenti i Shqip\u00ebris\u00eb, Ilir Meta k\u00ebrc\u00ebnon me shp\u00ebrndarje t\u00eb Parlamentit.\u2026","rel":"","context":"In &quot;Blogu i Udh\u00ebtarit&quot;","block_context":{"text":"Blogu i Udh\u00ebtarit","link":"https:\/\/www.shqiperia.com\/blog\/category\/blogu-i-udhetarit\/"},"img":{"alt_text":"","src":"https:\/\/i0.wp.com\/www.shqiperia.com\/blog\/wp-content\/uploads\/2020\/03\/Ilir-Mata.jpg?fit=700%2C394&ssl=1&resize=350%2C200","width":350,"height":200,"srcset":"https:\/\/i0.wp.com\/www.shqiperia.com\/blog\/wp-content\/uploads\/2020\/03\/Ilir-Mata.jpg?fit=700%2C394&ssl=1&resize=350%2C200 1x, https:\/\/i0.wp.com\/www.shqiperia.com\/blog\/wp-content\/uploads\/2020\/03\/Ilir-Mata.jpg?fit=700%2C394&ssl=1&resize=525%2C300 1.5x, https:\/\/i0.wp.com\/www.shqiperia.com\/blog\/wp-content\/uploads\/2020\/03\/Ilir-Mata.jpg?fit=700%2C394&ssl=1&resize=700%2C400 2x"},"classes":[]},{"id":95210,"url":"https:\/\/www.shqiperia.com\/blog\/do-kete-trazira-artan-hoxha-zbulon-paralajmerimin-e-ilir-metes-para-21-janarit-ja-pse-duhet-thirrur-ne-spak\/","url_meta":{"origin":39597,"position":5},"title":"\u201cDo ket\u00eb trazira\u201d, Artan Hoxha zbulon paralajm\u00ebrimin e Ilir Met\u00ebs para 21 Janarit: Ja pse duhet thirrur n\u00eb SPAK","author":"Kurt Farka","date":"November 27, 2025","format":false,"excerpt":"27 Nentor 2025 Gazetari Artan Hoxha n\u00eb nj\u00eb studio televizive tha se Prokuroria e Posa\u00e7me duhet ta th\u00ebrras\u00eb ish-Presidentin Ilir Meta, q\u00eb t\u00eb d\u00ebshmoj\u00eb p\u00ebr rastin e 21 Janarit, pasi ai ishte objekti p\u00ebr t\u00eb cilin qytetar\u00ebt u thirr\u00ebn n\u00eb at\u00eb protest\u00eb nga PS, n\u00eb opozit\u00eb asokohe. \u201cUn\u00eb kam th\u00ebn\u00eb\u2026","rel":"","context":"In &quot;Blogu i Udh\u00ebtarit&quot;","block_context":{"text":"Blogu i Udh\u00ebtarit","link":"https:\/\/www.shqiperia.com\/blog\/category\/blogu-i-udhetarit\/"},"img":{"alt_text":"","src":"https:\/\/i0.wp.com\/www.shqiperia.com\/blog\/wp-content\/uploads\/2025\/11\/Ilir-Meta-foto-1-Facebook-Ilir-Meta.jpg?fit=1200%2C800&ssl=1&resize=350%2C200","width":350,"height":200,"srcset":"https:\/\/i0.wp.com\/www.shqiperia.com\/blog\/wp-content\/uploads\/2025\/11\/Ilir-Meta-foto-1-Facebook-Ilir-Meta.jpg?fit=1200%2C800&ssl=1&resize=350%2C200 1x, https:\/\/i0.wp.com\/www.shqiperia.com\/blog\/wp-content\/uploads\/2025\/11\/Ilir-Meta-foto-1-Facebook-Ilir-Meta.jpg?fit=1200%2C800&ssl=1&resize=525%2C300 1.5x, https:\/\/i0.wp.com\/www.shqiperia.com\/blog\/wp-content\/uploads\/2025\/11\/Ilir-Meta-foto-1-Facebook-Ilir-Meta.jpg?fit=1200%2C800&ssl=1&resize=700%2C400 2x, https:\/\/i0.wp.com\/www.shqiperia.com\/blog\/wp-content\/uploads\/2025\/11\/Ilir-Meta-foto-1-Facebook-Ilir-Meta.jpg?fit=1200%2C800&ssl=1&resize=1050%2C600 3x"},"classes":[]}],"_links":{"self":[{"href":"https:\/\/www.shqiperia.com\/blog\/wp-json\/wp\/v2\/posts\/39597","targetHints":{"allow":["GET"]}}],"collection":[{"href":"https:\/\/www.shqiperia.com\/blog\/wp-json\/wp\/v2\/posts"}],"about":[{"href":"https:\/\/www.shqiperia.com\/blog\/wp-json\/wp\/v2\/types\/post"}],"author":[{"embeddable":true,"href":"https:\/\/www.shqiperia.com\/blog\/wp-json\/wp\/v2\/users\/9"}],"replies":[{"embeddable":true,"href":"https:\/\/www.shqiperia.com\/blog\/wp-json\/wp\/v2\/comments?post=39597"}],"version-history":[{"count":1,"href":"https:\/\/www.shqiperia.com\/blog\/wp-json\/wp\/v2\/posts\/39597\/revisions"}],"predecessor-version":[{"id":39599,"href":"https:\/\/www.shqiperia.com\/blog\/wp-json\/wp\/v2\/posts\/39597\/revisions\/39599"}],"wp:featuredmedia":[{"embeddable":true,"href":"https:\/\/www.shqiperia.com\/blog\/wp-json\/wp\/v2\/media\/39598"}],"wp:attachment":[{"href":"https:\/\/www.shqiperia.com\/blog\/wp-json\/wp\/v2\/media?parent=39597"}],"wp:term":[{"taxonomy":"category","embeddable":true,"href":"https:\/\/www.shqiperia.com\/blog\/wp-json\/wp\/v2\/categories?post=39597"},{"taxonomy":"post_tag","embeddable":true,"href":"https:\/\/www.shqiperia.com\/blog\/wp-json\/wp\/v2\/tags?post=39597"}],"curies":[{"name":"wp","href":"https:\/\/api.w.org\/{rel}","templated":true}]}}