{"id":39593,"date":"2020-10-12T16:27:09","date_gmt":"2020-10-12T16:27:09","guid":{"rendered":"https:\/\/www.shqiperia.com\/blog\/?p=39593"},"modified":"2020-10-12T16:27:09","modified_gmt":"2020-10-12T16:27:09","slug":"pamje-mbreselenese-vijne-nga-kina","status":"publish","type":"post","link":"https:\/\/www.shqiperia.com\/blog\/pamje-mbreselenese-vijne-nga-kina\/","title":{"rendered":"Pamje mbres\u00ebl\u00ebn\u00ebse vijn\u00eb nga Kina"},"content":{"rendered":"<p><img data-recalc-dims=\"1\" loading=\"lazy\" decoding=\"async\" data-attachment-id=\"39594\" data-permalink=\"https:\/\/www.shqiperia.com\/blog\/pamje-mbreselenese-vijne-nga-kina\/34161248-8820571-image-a-13_1602180034157-copy\/\" data-orig-file=\"https:\/\/i0.wp.com\/www.shqiperia.com\/blog\/wp-content\/uploads\/2020\/10\/34161248-8820571-image-a-13_1602180034157-Copy.jpg?fit=676%2C320&amp;ssl=1\" data-orig-size=\"676,320\" data-comments-opened=\"1\" data-image-meta=\"{&quot;aperture&quot;:&quot;0&quot;,&quot;credit&quot;:&quot;&quot;,&quot;camera&quot;:&quot;&quot;,&quot;caption&quot;:&quot;&quot;,&quot;created_timestamp&quot;:&quot;0&quot;,&quot;copyright&quot;:&quot;&quot;,&quot;focal_length&quot;:&quot;0&quot;,&quot;iso&quot;:&quot;0&quot;,&quot;shutter_speed&quot;:&quot;0&quot;,&quot;title&quot;:&quot;&quot;,&quot;orientation&quot;:&quot;0&quot;}\" data-image-title=\"34161248-8820571-image-a-13_1602180034157 &#8211; Copy\" data-image-description=\"\" data-image-caption=\"\" data-medium-file=\"https:\/\/i0.wp.com\/www.shqiperia.com\/blog\/wp-content\/uploads\/2020\/10\/34161248-8820571-image-a-13_1602180034157-Copy.jpg?fit=300%2C142&amp;ssl=1\" data-large-file=\"https:\/\/i0.wp.com\/www.shqiperia.com\/blog\/wp-content\/uploads\/2020\/10\/34161248-8820571-image-a-13_1602180034157-Copy.jpg?fit=676%2C320&amp;ssl=1\" class=\"alignnone  wp-image-39594\" alt=\"\" src=\"https:\/\/i0.wp.com\/www.shqiperia.com\/blog\/wp-content\/uploads\/2020\/10\/34161248-8820571-image-a-13_1602180034157-Copy.jpg?resize=480%2C227&#038;ssl=1\" width=\"480\" height=\"227\" srcset=\"https:\/\/i0.wp.com\/www.shqiperia.com\/blog\/wp-content\/uploads\/2020\/10\/34161248-8820571-image-a-13_1602180034157-Copy.jpg?resize=300%2C142&amp;ssl=1 300w, https:\/\/i0.wp.com\/www.shqiperia.com\/blog\/wp-content\/uploads\/2020\/10\/34161248-8820571-image-a-13_1602180034157-Copy.jpg?resize=450%2C213&amp;ssl=1 450w, https:\/\/i0.wp.com\/www.shqiperia.com\/blog\/wp-content\/uploads\/2020\/10\/34161248-8820571-image-a-13_1602180034157-Copy.jpg?resize=600%2C284&amp;ssl=1 600w, https:\/\/i0.wp.com\/www.shqiperia.com\/blog\/wp-content\/uploads\/2020\/10\/34161248-8820571-image-a-13_1602180034157-Copy.jpg?resize=400%2C189&amp;ssl=1 400w, https:\/\/i0.wp.com\/www.shqiperia.com\/blog\/wp-content\/uploads\/2020\/10\/34161248-8820571-image-a-13_1602180034157-Copy.jpg?w=676&amp;ssl=1 676w\" sizes=\"auto, (max-width: 480px) 100vw, 480px\" \/><\/p>\n<p>Pamje mbres\u00ebl\u00ebn\u00ebse vijn\u00eb nga Kina<\/p>\n<p>Pamjet vijn\u00eb nga Kina, ku dhjet\u00ebra fermer\u00eb kan\u00eb nisur sezonin e mbledhjes s\u00eb specit djeg\u00ebs t\u00eb kuq, i cili m\u00eb pas do t\u00eb thahet p\u00ebr t\u2019u shp\u00ebrndar\u00eb n\u00eb t\u00eb gjith\u00eb bot\u00ebn.<\/p>\n<p>Fotot e b\u00ebra nga lart t\u00eb krijojn\u00eb iden\u00eb e nj\u00eb pikture abstrakte, por n\u00eb fakt b\u00ebhet fjal\u00eb p\u00ebr miliona speca djeg\u00ebs t\u00eb mbledhura n\u00eb grumbuj q\u00eb kan\u00eb pushtuar fushat e Kuqas n\u00eb provinc\u00ebn ujgure Xinjiang.<\/p>\n<p><img data-recalc-dims=\"1\" loading=\"lazy\" decoding=\"async\" data-attachment-id=\"39595\" data-permalink=\"https:\/\/www.shqiperia.com\/blog\/pamje-mbreselenese-vijne-nga-kina\/34161248-8820571-image-a-13_1602180034157\/\" data-orig-file=\"https:\/\/i0.wp.com\/www.shqiperia.com\/blog\/wp-content\/uploads\/2020\/10\/34161248-8820571-image-a-13_1602180034157.jpg?fit=962%2C541&amp;ssl=1\" data-orig-size=\"962,541\" data-comments-opened=\"1\" data-image-meta=\"{&quot;aperture&quot;:&quot;0&quot;,&quot;credit&quot;:&quot;&quot;,&quot;camera&quot;:&quot;&quot;,&quot;caption&quot;:&quot;&quot;,&quot;created_timestamp&quot;:&quot;0&quot;,&quot;copyright&quot;:&quot;&quot;,&quot;focal_length&quot;:&quot;0&quot;,&quot;iso&quot;:&quot;0&quot;,&quot;shutter_speed&quot;:&quot;0&quot;,&quot;title&quot;:&quot;&quot;,&quot;orientation&quot;:&quot;0&quot;}\" data-image-title=\"34161248-8820571-image-a-13_1602180034157\" data-image-description=\"\" data-image-caption=\"\" data-medium-file=\"https:\/\/i0.wp.com\/www.shqiperia.com\/blog\/wp-content\/uploads\/2020\/10\/34161248-8820571-image-a-13_1602180034157.jpg?fit=300%2C169&amp;ssl=1\" data-large-file=\"https:\/\/i0.wp.com\/www.shqiperia.com\/blog\/wp-content\/uploads\/2020\/10\/34161248-8820571-image-a-13_1602180034157.jpg?fit=962%2C541&amp;ssl=1\" class=\"alignnone  wp-image-39595\" alt=\"\" src=\"https:\/\/i0.wp.com\/www.shqiperia.com\/blog\/wp-content\/uploads\/2020\/10\/34161248-8820571-image-a-13_1602180034157.jpg?resize=630%2C355&#038;ssl=1\" width=\"630\" height=\"355\" srcset=\"https:\/\/i0.wp.com\/www.shqiperia.com\/blog\/wp-content\/uploads\/2020\/10\/34161248-8820571-image-a-13_1602180034157.jpg?resize=300%2C169&amp;ssl=1 300w, https:\/\/i0.wp.com\/www.shqiperia.com\/blog\/wp-content\/uploads\/2020\/10\/34161248-8820571-image-a-13_1602180034157.jpg?resize=768%2C432&amp;ssl=1 768w, https:\/\/i0.wp.com\/www.shqiperia.com\/blog\/wp-content\/uploads\/2020\/10\/34161248-8820571-image-a-13_1602180034157.jpg?resize=450%2C253&amp;ssl=1 450w, https:\/\/i0.wp.com\/www.shqiperia.com\/blog\/wp-content\/uploads\/2020\/10\/34161248-8820571-image-a-13_1602180034157.jpg?resize=600%2C337&amp;ssl=1 600w, https:\/\/i0.wp.com\/www.shqiperia.com\/blog\/wp-content\/uploads\/2020\/10\/34161248-8820571-image-a-13_1602180034157.jpg?resize=400%2C225&amp;ssl=1 400w, https:\/\/i0.wp.com\/www.shqiperia.com\/blog\/wp-content\/uploads\/2020\/10\/34161248-8820571-image-a-13_1602180034157.jpg?w=962&amp;ssl=1 962w\" sizes=\"auto, (max-width: 630px) 100vw, 630px\" \/><\/p>\n<p>Fermer\u00ebt kinez\u00eb i kan\u00eb mbjell\u00eb specat djeg\u00ebs pas mbledhjes s\u00eb hudhrave n\u00eb maj, er\u00ebza q\u00eb p\u00ebrdoren masivisht n\u00eb kuzhin\u00ebn vendase.<\/p>\n","protected":false},"excerpt":{"rendered":"<p>Pamje mbres\u00ebl\u00ebn\u00ebse vijn\u00eb nga Kina Pamjet vijn\u00eb nga Kina, ku dhjet\u00ebra fermer\u00eb kan\u00eb nisur sezonin e mbledhjes s\u00eb specit djeg\u00ebs t\u00eb kuq, i cili m\u00eb pas do t\u00eb thahet p\u00ebr t\u2019u shp\u00ebrndar\u00eb n\u00eb t\u00eb gjith\u00eb bot\u00ebn. Fotot e b\u00ebra nga lart t\u00eb krijojn\u00eb iden\u00eb e nj\u00eb pikture abstrakte, por n\u00eb fakt b\u00ebhet fjal\u00eb p\u00ebr miliona [&hellip;]<\/p>\n","protected":false},"author":9,"featured_media":39594,"comment_status":"open","ping_status":"open","sticky":false,"template":"","format":"standard","meta":{"jetpack_post_was_ever_published":false,"_jetpack_newsletter_access":"","_jetpack_dont_email_post_to_subs":false,"_jetpack_newsletter_tier_id":0,"_jetpack_memberships_contains_paywalled_content":false,"_jetpack_memberships_contains_paid_content":false,"footnotes":"","jetpack_publicize_message":"","jetpack_publicize_feature_enabled":true,"jetpack_social_post_already_shared":true,"jetpack_social_options":{"image_generator_settings":{"template":"highway","default_image_id":0,"font":"","enabled":false},"version":2}},"categories":[87,27,35],"tags":[],"class_list":["post-39593","post","type-post","status-publish","format-standard","has-post-thumbnail","hentry","category-arte","category-blogu-i-udhetarit","category-shoqerore"],"jetpack_publicize_connections":[],"jetpack_featured_media_url":"https:\/\/i0.wp.com\/www.shqiperia.com\/blog\/wp-content\/uploads\/2020\/10\/34161248-8820571-image-a-13_1602180034157-Copy.jpg?fit=676%2C320&ssl=1","jetpack_sharing_enabled":true,"jetpack_shortlink":"https:\/\/wp.me\/p5Z6wp-aiB","jetpack-related-posts":[{"id":29552,"url":"https:\/\/www.shqiperia.com\/blog\/konsumoni-speca-djeges-per-te-parandaluar-atakun-kardiak\/","url_meta":{"origin":39593,"position":0},"title":"Konsumoni speca djeg\u00ebs p\u00ebr t\u00eb parandaluar atakun kardiak. &#8211;","author":"Kurt Farka","date":"December 21, 2019","format":false,"excerpt":"Konsumoni speca djeg\u00ebs p\u00ebr t\u00eb parandaluar atakun kardiak Specat djeg\u00ebs nuk jan\u00eb p\u00ebr trajtimin e zemr\u00ebs, por ndoshta ato duhet t\u00eb jen\u00eb. Shkenc\u00ebtar\u00ebt n\u00eb Itali thon\u00eb se er\u00ebza zvog\u00eblon shkall\u00ebn e vdekshm\u00ebris\u00eb nga sulmi n\u00eb zem\u00ebr dhe s\u00ebmundja cerebrovaskulare (e cila kufizon rrjedh\u00ebn e gjakut n\u00eb tru dhe p\u00ebrfshin goditje\u2026","rel":"","context":"In &quot;Blogu i Udh\u00ebtarit&quot;","block_context":{"text":"Blogu i Udh\u00ebtarit","link":"https:\/\/www.shqiperia.com\/blog\/category\/blogu-i-udhetarit\/"},"img":{"alt_text":"","src":"https:\/\/i0.wp.com\/www.shqiperia.com\/blog\/wp-content\/uploads\/2019\/12\/speca-djeges-300x164.jpg?resize=350%2C200&ssl=1","width":350,"height":200,"srcset":"https:\/\/i0.wp.com\/www.shqiperia.com\/blog\/wp-content\/uploads\/2019\/12\/speca-djeges-300x164.jpg?resize=350%2C200&ssl=1 1x, https:\/\/i0.wp.com\/www.shqiperia.com\/blog\/wp-content\/uploads\/2019\/12\/speca-djeges-300x164.jpg?resize=525%2C300&ssl=1 1.5x"},"classes":[]},{"id":89405,"url":"https:\/\/www.shqiperia.com\/blog\/prokuroria-te-merret-me-faktet-rama-te-mos-bejne-gabim-te-vijne-te-kerkojne-telefonin-tim-boll-kane\/","url_meta":{"origin":39593,"position":1},"title":"\u201cProkuroria t\u00eb merret me faktet\u201d, Rama: &#8211; T\u00eb mos b\u00ebjn\u00eb gabim t\u00eb vijn\u00eb t\u00eb k\u00ebrkojn\u00eb telefonin tim, boll kan\u00eb\u2026","author":"Kurt Farka","date":"February 12, 2025","format":false,"excerpt":"12 Shkurt 2025 Kryeministri Edi Rama ka reaguar ashp\u00ebr ndaj veprimeve t\u00eb fundit t\u00eb institucioneve t\u00eb drejt\u00ebsis\u00eb, duke paralajm\u00ebruar q\u00eb t\u00eb mos gabojn\u00eb t\u2019i k\u00ebrkojn\u00eb telefonin e tij. Gjat\u00eb mbledhjes s\u00eb grupit parlamentar t\u00eb Partis\u00eb Socialiste, Rama ironizoi mbledhjen e t\u00eb dh\u00ebnave nga autoritetet hetimore, duke th\u00ebn\u00eb se tashm\u00eb \u201ckan\u00eb\u2026","rel":"","context":"In &quot;Blogu i Udh\u00ebtarit&quot;","block_context":{"text":"Blogu i Udh\u00ebtarit","link":"https:\/\/www.shqiperia.com\/blog\/category\/blogu-i-udhetarit\/"},"img":{"alt_text":"","src":"https:\/\/i0.wp.com\/www.shqiperia.com\/blog\/wp-content\/uploads\/2025\/02\/EDI-RAMA-1.jpg?fit=1020%2C591&ssl=1&resize=350%2C200","width":350,"height":200,"srcset":"https:\/\/i0.wp.com\/www.shqiperia.com\/blog\/wp-content\/uploads\/2025\/02\/EDI-RAMA-1.jpg?fit=1020%2C591&ssl=1&resize=350%2C200 1x, https:\/\/i0.wp.com\/www.shqiperia.com\/blog\/wp-content\/uploads\/2025\/02\/EDI-RAMA-1.jpg?fit=1020%2C591&ssl=1&resize=525%2C300 1.5x, https:\/\/i0.wp.com\/www.shqiperia.com\/blog\/wp-content\/uploads\/2025\/02\/EDI-RAMA-1.jpg?fit=1020%2C591&ssl=1&resize=700%2C400 2x"},"classes":[]},{"id":37167,"url":"https:\/\/www.shqiperia.com\/blog\/kina-ne-alarm-krahet-pules-te-importuara-nga-brazili-rezultojne-me-covid-19\/","url_meta":{"origin":39593,"position":2},"title":"Kina n\u00eb alarm\/ Krah\u00ebt pul\u00ebs t\u00eb importuara nga Brazili rezultojn\u00eb me Covid-19","author":"Kurt Farka","date":"August 13, 2020","format":false,"excerpt":"Kina n\u00eb alarm\/ Krah\u00ebt pul\u00ebs t\u00eb importuara nga Brazili rezultojn\u00eb me Covid-19 - 13\/08\/20 Sipas autoriteteve n\u00eb Shenzhen, nj\u00eb qytet jugor kinez, disa krah\u00eb pule t\u00eb ngrira t\u00eb importuara nga Brazili kan\u00eb qen\u00eb t\u00eb infektuar me koronavirus. Pas testimit rutin\u00eb t\u00eb ushqimeve t\u00eb importuara q\u00eb kryhet nga autoritetet sh\u00ebndet\u00ebsore kineze,\u2026","rel":"","context":"In &quot;Blogu i Udh\u00ebtarit&quot;","block_context":{"text":"Blogu i Udh\u00ebtarit","link":"https:\/\/www.shqiperia.com\/blog\/category\/blogu-i-udhetarit\/"},"img":{"alt_text":"","src":"https:\/\/i0.wp.com\/www.shqiperia.com\/blog\/wp-content\/uploads\/2020\/08\/Screenshot_20200813-135502_Facebook-696x442-1.jpg?fit=696%2C442&ssl=1&resize=350%2C200","width":350,"height":200,"srcset":"https:\/\/i0.wp.com\/www.shqiperia.com\/blog\/wp-content\/uploads\/2020\/08\/Screenshot_20200813-135502_Facebook-696x442-1.jpg?fit=696%2C442&ssl=1&resize=350%2C200 1x, https:\/\/i0.wp.com\/www.shqiperia.com\/blog\/wp-content\/uploads\/2020\/08\/Screenshot_20200813-135502_Facebook-696x442-1.jpg?fit=696%2C442&ssl=1&resize=525%2C300 1.5x"},"classes":[]},{"id":67365,"url":"https:\/\/www.shqiperia.com\/blog\/new-mexico-mund-te-jete-shteti-i-pare-me-arome-zyrtare-era-e-specave-djeges\/","url_meta":{"origin":39593,"position":3},"title":"New Mexico mund t\u00eb jet\u00eb shteti i par\u00eb me \u201carom\u00eb zyrtare\u201d &#8211; Era e specave djeg\u00ebs","author":"Kurt Farka","date":"February 4, 2023","format":false,"excerpt":"4 Shkurt 2023 New Mexico thot\u00eb se ka nj\u00eb \u201carom\u00eb zyrtare\u201d. Era e specave djeg\u00ebs q\u00eb piqen n\u00eb New Mexico p\u00ebrhapet n\u00eb \u00e7do rrugic\u00eb gjat\u00eb vjesht\u00ebs. Vet\u00eb zyrtar\u00ebt e vendit e promovojn\u00eb k\u00ebt\u00eb ushqim dhe vendin si nj\u00eb atraksion kulturor. Autoritetet po diskutojn\u00eb q\u00eb New Mexico t\u00eb ket\u00eb nj\u00eb arom\u00eb\u2026","rel":"","context":"In &quot;Blogu i Udh\u00ebtarit&quot;","block_context":{"text":"Blogu i Udh\u00ebtarit","link":"https:\/\/www.shqiperia.com\/blog\/category\/blogu-i-udhetarit\/"},"img":{"alt_text":"","src":"https:\/\/i0.wp.com\/www.shqiperia.com\/blog\/wp-content\/uploads\/2023\/02\/Santa-Fe-New-Mexico-Cosa-Vedere.jpg?fit=1200%2C545&ssl=1&resize=350%2C200","width":350,"height":200,"srcset":"https:\/\/i0.wp.com\/www.shqiperia.com\/blog\/wp-content\/uploads\/2023\/02\/Santa-Fe-New-Mexico-Cosa-Vedere.jpg?fit=1200%2C545&ssl=1&resize=350%2C200 1x, https:\/\/i0.wp.com\/www.shqiperia.com\/blog\/wp-content\/uploads\/2023\/02\/Santa-Fe-New-Mexico-Cosa-Vedere.jpg?fit=1200%2C545&ssl=1&resize=525%2C300 1.5x, https:\/\/i0.wp.com\/www.shqiperia.com\/blog\/wp-content\/uploads\/2023\/02\/Santa-Fe-New-Mexico-Cosa-Vedere.jpg?fit=1200%2C545&ssl=1&resize=700%2C400 2x, https:\/\/i0.wp.com\/www.shqiperia.com\/blog\/wp-content\/uploads\/2023\/02\/Santa-Fe-New-Mexico-Cosa-Vedere.jpg?fit=1200%2C545&ssl=1&resize=1050%2C600 3x"},"classes":[]},{"id":16963,"url":"https:\/\/www.shqiperia.com\/blog\/pedagoget-dalin-me-vendim-pas-mbledhjes-se-asamblese-ja-cfare-u-miratua\/","url_meta":{"origin":39593,"position":4},"title":"Pedagog\u00ebt dalin me vendim pas mbledhjes s\u00eb Asambles\u00eb, ja \u00e7far\u00eb u miratua. &#8211;","author":"Kurt Farka","date":"February 4, 2019","format":false,"excerpt":"Pedagog\u00ebt dalin me vendim pas mbledhjes s\u00eb Asambles\u00eb, ja \u00e7far\u00eb u miratua. - 4 shkurt 2019. Pas nj\u00eb mbledhjeje q\u00eb nisi n\u00eb or\u00ebt e paradites, Asambleja e pedagog\u00ebve ka dal\u00eb pas mesdite me nj\u00eb vendim me 6 pika, q\u00eb vijn\u00eb t\u00eb gjith\u00eb n\u00eb rikonfirmim t\u00eb k\u00ebrkesave t\u00eb b\u00ebra q\u00eb m\u00eb\u2026","rel":"","context":"In &quot;Kultura&quot;","block_context":{"text":"Kultura","link":"https:\/\/www.shqiperia.com\/blog\/category\/kultura\/"},"img":{"alt_text":"","src":"https:\/\/i0.wp.com\/www.shqiperia.com\/blog\/wp-content\/uploads\/2019\/02\/pedagoget3.jpg?fit=1200%2C611&ssl=1&resize=350%2C200","width":350,"height":200,"srcset":"https:\/\/i0.wp.com\/www.shqiperia.com\/blog\/wp-content\/uploads\/2019\/02\/pedagoget3.jpg?fit=1200%2C611&ssl=1&resize=350%2C200 1x, https:\/\/i0.wp.com\/www.shqiperia.com\/blog\/wp-content\/uploads\/2019\/02\/pedagoget3.jpg?fit=1200%2C611&ssl=1&resize=525%2C300 1.5x, https:\/\/i0.wp.com\/www.shqiperia.com\/blog\/wp-content\/uploads\/2019\/02\/pedagoget3.jpg?fit=1200%2C611&ssl=1&resize=700%2C400 2x, https:\/\/i0.wp.com\/www.shqiperia.com\/blog\/wp-content\/uploads\/2019\/02\/pedagoget3.jpg?fit=1200%2C611&ssl=1&resize=1050%2C600 3x"},"classes":[]},{"id":75727,"url":"https:\/\/www.shqiperia.com\/blog\/kina-po-shkaterron-xhamite-raporti-perpjekje-sistematike-per-te-frenuar-praktiken-e-islamit\/","url_meta":{"origin":39593,"position":5},"title":"Kina po shkat\u00ebrron xhamit\u00eb. &#8211; Raporti: P\u00ebrpjekje sistematike p\u00ebr t\u00eb frenuar praktik\u00ebn e Islamit","author":"Kurt Farka","date":"November 22, 2023","format":false,"excerpt":"22 Nentor 2023 V\u00ebzhguesit p\u00ebr Drejtat e Njeriut kan\u00eb publikuar raportin m\u00eb t\u00eb fundit ku thot\u00eb se Kina po mbyll, shkat\u00ebrron dhe rip\u00ebrdor xhamit\u00eb n\u00eb vend. Shkak thon\u00eb se \u00ebsht\u00eb \"p\u00ebrpjekjeje sistematike\" p\u00ebr t\u00eb frenuar praktik\u00ebn e Islamit. Pekini e mohon k\u00ebt\u00eb. Ka rreth 20 milion\u00eb mysliman\u00eb n\u00eb Kin\u00eb, e\u2026","rel":"","context":"In &quot;Blogu i Udh\u00ebtarit&quot;","block_context":{"text":"Blogu i Udh\u00ebtarit","link":"https:\/\/www.shqiperia.com\/blog\/category\/blogu-i-udhetarit\/"},"img":{"alt_text":"","src":"https:\/\/i0.wp.com\/www.shqiperia.com\/blog\/wp-content\/uploads\/2023\/11\/640-0-china-1700666019.jpg?fit=640%2C426&ssl=1&resize=350%2C200","width":350,"height":200,"srcset":"https:\/\/i0.wp.com\/www.shqiperia.com\/blog\/wp-content\/uploads\/2023\/11\/640-0-china-1700666019.jpg?fit=640%2C426&ssl=1&resize=350%2C200 1x, https:\/\/i0.wp.com\/www.shqiperia.com\/blog\/wp-content\/uploads\/2023\/11\/640-0-china-1700666019.jpg?fit=640%2C426&ssl=1&resize=525%2C300 1.5x"},"classes":[]}],"_links":{"self":[{"href":"https:\/\/www.shqiperia.com\/blog\/wp-json\/wp\/v2\/posts\/39593","targetHints":{"allow":["GET"]}}],"collection":[{"href":"https:\/\/www.shqiperia.com\/blog\/wp-json\/wp\/v2\/posts"}],"about":[{"href":"https:\/\/www.shqiperia.com\/blog\/wp-json\/wp\/v2\/types\/post"}],"author":[{"embeddable":true,"href":"https:\/\/www.shqiperia.com\/blog\/wp-json\/wp\/v2\/users\/9"}],"replies":[{"embeddable":true,"href":"https:\/\/www.shqiperia.com\/blog\/wp-json\/wp\/v2\/comments?post=39593"}],"version-history":[{"count":1,"href":"https:\/\/www.shqiperia.com\/blog\/wp-json\/wp\/v2\/posts\/39593\/revisions"}],"predecessor-version":[{"id":39596,"href":"https:\/\/www.shqiperia.com\/blog\/wp-json\/wp\/v2\/posts\/39593\/revisions\/39596"}],"wp:featuredmedia":[{"embeddable":true,"href":"https:\/\/www.shqiperia.com\/blog\/wp-json\/wp\/v2\/media\/39594"}],"wp:attachment":[{"href":"https:\/\/www.shqiperia.com\/blog\/wp-json\/wp\/v2\/media?parent=39593"}],"wp:term":[{"taxonomy":"category","embeddable":true,"href":"https:\/\/www.shqiperia.com\/blog\/wp-json\/wp\/v2\/categories?post=39593"},{"taxonomy":"post_tag","embeddable":true,"href":"https:\/\/www.shqiperia.com\/blog\/wp-json\/wp\/v2\/tags?post=39593"}],"curies":[{"name":"wp","href":"https:\/\/api.w.org\/{rel}","templated":true}]}}