{"id":39590,"date":"2020-10-12T12:38:12","date_gmt":"2020-10-12T12:38:12","guid":{"rendered":"https:\/\/www.shqiperia.com\/blog\/?p=39590"},"modified":"2020-10-12T12:38:12","modified_gmt":"2020-10-12T12:38:12","slug":"u-konfirmuar-zyrtarisht-si-kandidat-per-deputet-ne-listat-e-pd-reagon-ish-shefi-erzen-brecani-dhe-ben-premtimin-e-madh-nje-rezultat-befasues-qe-me-emocionoi-shume","status":"publish","type":"post","link":"https:\/\/www.shqiperia.com\/blog\/u-konfirmuar-zyrtarisht-si-kandidat-per-deputet-ne-listat-e-pd-reagon-ish-shefi-erzen-brecani-dhe-ben-premtimin-e-madh-nje-rezultat-befasues-qe-me-emocionoi-shume\/","title":{"rendered":"U konfirmuar zyrtarisht si kandidat p\u00ebr deputet n\u00eb listat e PD, reagon ish-shefi Erzen Bre\u00e7ani dhe b\u00ebn premtimin e madh: Nj\u00eb rezultat befasues q\u00eb m\u00eb emocionoi shum\u00eb!"},"content":{"rendered":"<p><img data-recalc-dims=\"1\" loading=\"lazy\" decoding=\"async\" data-attachment-id=\"39591\" data-permalink=\"https:\/\/www.shqiperia.com\/blog\/u-konfirmuar-zyrtarisht-si-kandidat-per-deputet-ne-listat-e-pd-reagon-ish-shefi-erzen-brecani-dhe-ben-premtimin-e-madh-nje-rezultat-befasues-qe-me-emocionoi-shume\/800-0-5f8307560c883\/\" data-orig-file=\"https:\/\/i0.wp.com\/www.shqiperia.com\/blog\/wp-content\/uploads\/2020\/10\/800-0-5f8307560c883.jpg?fit=800%2C420&amp;ssl=1\" data-orig-size=\"800,420\" data-comments-opened=\"1\" data-image-meta=\"{&quot;aperture&quot;:&quot;0&quot;,&quot;credit&quot;:&quot;&quot;,&quot;camera&quot;:&quot;&quot;,&quot;caption&quot;:&quot;&quot;,&quot;created_timestamp&quot;:&quot;0&quot;,&quot;copyright&quot;:&quot;&quot;,&quot;focal_length&quot;:&quot;0&quot;,&quot;iso&quot;:&quot;0&quot;,&quot;shutter_speed&quot;:&quot;0&quot;,&quot;title&quot;:&quot;&quot;,&quot;orientation&quot;:&quot;0&quot;}\" data-image-title=\"-800-0-5f8307560c883\" data-image-description=\"\" data-image-caption=\"\" data-medium-file=\"https:\/\/i0.wp.com\/www.shqiperia.com\/blog\/wp-content\/uploads\/2020\/10\/800-0-5f8307560c883.jpg?fit=300%2C158&amp;ssl=1\" data-large-file=\"https:\/\/i0.wp.com\/www.shqiperia.com\/blog\/wp-content\/uploads\/2020\/10\/800-0-5f8307560c883.jpg?fit=800%2C420&amp;ssl=1\" class=\"alignnone  wp-image-39591\" alt=\"\" src=\"https:\/\/i0.wp.com\/www.shqiperia.com\/blog\/wp-content\/uploads\/2020\/10\/800-0-5f8307560c883.jpg?resize=499%2C263&#038;ssl=1\" width=\"499\" height=\"263\" srcset=\"https:\/\/i0.wp.com\/www.shqiperia.com\/blog\/wp-content\/uploads\/2020\/10\/800-0-5f8307560c883.jpg?resize=300%2C158&amp;ssl=1 300w, https:\/\/i0.wp.com\/www.shqiperia.com\/blog\/wp-content\/uploads\/2020\/10\/800-0-5f8307560c883.jpg?resize=768%2C403&amp;ssl=1 768w, https:\/\/i0.wp.com\/www.shqiperia.com\/blog\/wp-content\/uploads\/2020\/10\/800-0-5f8307560c883.jpg?resize=450%2C236&amp;ssl=1 450w, https:\/\/i0.wp.com\/www.shqiperia.com\/blog\/wp-content\/uploads\/2020\/10\/800-0-5f8307560c883.jpg?resize=600%2C315&amp;ssl=1 600w, https:\/\/i0.wp.com\/www.shqiperia.com\/blog\/wp-content\/uploads\/2020\/10\/800-0-5f8307560c883.jpg?resize=400%2C210&amp;ssl=1 400w, https:\/\/i0.wp.com\/www.shqiperia.com\/blog\/wp-content\/uploads\/2020\/10\/800-0-5f8307560c883.jpg?w=800&amp;ssl=1 800w\" sizes=\"auto, (max-width: 499px) 100vw, 499px\" \/><\/p>\n<p>U konfirmuar zyrtarisht si kandidat p\u00ebr deputet n\u00eb listat e PD, reagon ish-shefi Erzen Bre\u00e7ani dhe b\u00ebn premtimin e madh: Nj\u00eb rezultat befasues q\u00eb m\u00eb emocionoi shum\u00eb!<\/p>\n<p>11 TETOR 2020<\/p>\n<p>Pjes\u00eb e list\u00ebt s\u00eb kandidat\u00ebve p\u00ebr deputet q\u00eb u konfirmuar p\u00ebr PD n\u00eb Tiran\u00eb \u00ebsht\u00eb edhe ish-shefi i lart\u00eb i Policis\u00eb, Erzen Breccani.<\/p>\n<p>Pas konfirmimit zyrtar, Breccani ka reaguar me nj\u00eb postim fal\u00ebnderues n\u00eb rrjetet sociale.<\/p>\n<p>\u201cMiq te nderuar dje pas propozimeve te demokrateve te Njesise Nr.4 dhe kalimit me sukses te komisionit te verifikimit te figures se kandidateve per Deputet te PD u krye votimi nga antaret e PD te Njesise tone ku dhe u krye konfirmimi i te gjithe kandidateve<\/p>\n<p>Per mua ishte hera pare qe ne keto vite te demokracise te pranoj te perfaqesohem nga propozimet e strukturave te PD edhe pse nuk kan munguar per vite me rradhe me pare por per shkak te profesionit dhe detyrave shtetrore ishte e pamundur te perfaqesohesha ne struktura partiake, propozimit te atyre njerezve qe jetoj me ta banoj me ta dhe kalova ma shum se gjysmen e jetes me ta ketu ne Njesin Nr4 ne vendin ku linden e u rriten femijet e mi niper e mbesa te mit vullnetin te tyre dhe demokrateve te zones nuk do e refuzoja kurr aty ne kete zone me njofin i njof prej 25 vitesh dhe pranova te jem perfaqesuesi i tyre per cdo hall problem shqetesim e cdo gje tjeter<\/p>\n<p>Une e prisja nje rezultat konfirmues dhe pozitiv por ishte akoma me teper nje rezultat befasues qe me emocionoj shum me mbushi me shprese dhe me pergjegjesi nga 450 votues vetem 10 kunder i falenderoj te gjithe votuesit per mbeshtetjen e votbesimin falenderoj gjith popullin e njesise 4 falenderoj Kryetarin e saj aktual dhe ate paraardhesit e tij falenderoj te gjith kryetaret e grupseksioneve falenderoj antaret e PD falenderoj kandidatet per Deputet Gent Strazimirin.Klaudia Neziraj.Mark Uka.Mirgen Za\u00e7ellari.Sokol Pre\u00e7i dhe ju uroj ne vazhdimesi.<\/p>\n<p>Falenderime mirenjohje Kryetarit te deges tone Ervin Goxhaj. Te gjithe se bashku arrihet me lehte ndryshimi\u201d, shkruan ai.<\/p>\n<p>Gazetya Sot<\/p>\n","protected":false},"excerpt":{"rendered":"<p>U konfirmuar zyrtarisht si kandidat p\u00ebr deputet n\u00eb listat e PD, reagon ish-shefi Erzen Bre\u00e7ani dhe b\u00ebn premtimin e madh: Nj\u00eb rezultat befasues q\u00eb m\u00eb emocionoi shum\u00eb! 11 TETOR 2020 Pjes\u00eb e list\u00ebt s\u00eb kandidat\u00ebve p\u00ebr deputet q\u00eb u konfirmuar p\u00ebr PD n\u00eb Tiran\u00eb \u00ebsht\u00eb edhe ish-shefi i lart\u00eb i Policis\u00eb, Erzen Breccani. Pas konfirmimit [&hellip;]<\/p>\n","protected":false},"author":9,"featured_media":39591,"comment_status":"open","ping_status":"open","sticky":false,"template":"","format":"standard","meta":{"jetpack_post_was_ever_published":false,"_jetpack_newsletter_access":"","_jetpack_dont_email_post_to_subs":false,"_jetpack_newsletter_tier_id":0,"_jetpack_memberships_contains_paywalled_content":false,"_jetpack_memberships_contains_paid_content":false,"footnotes":"","jetpack_publicize_message":"","jetpack_publicize_feature_enabled":true,"jetpack_social_post_already_shared":true,"jetpack_social_options":{"image_generator_settings":{"template":"highway","default_image_id":0,"font":"","enabled":false},"version":2}},"categories":[27,2],"tags":[],"class_list":["post-39590","post","type-post","status-publish","format-standard","has-post-thumbnail","hentry","category-blogu-i-udhetarit","category-politika"],"jetpack_publicize_connections":[],"jetpack_featured_media_url":"https:\/\/i0.wp.com\/www.shqiperia.com\/blog\/wp-content\/uploads\/2020\/10\/800-0-5f8307560c883.jpg?fit=800%2C420&ssl=1","jetpack_sharing_enabled":true,"jetpack_shortlink":"https:\/\/wp.me\/p5Z6wp-aiy","jetpack-related-posts":[{"id":90425,"url":"https:\/\/www.shqiperia.com\/blog\/dashnor-sula-nderron-udhe-nuk-do-te-jete-kandidat-per-deputet-ne-listen-e-lapajt\/","url_meta":{"origin":39590,"position":0},"title":"Dashnor Sula nderron udhe, nuk do t\u00eb jet\u00eb kandidat p\u00ebr deputet n\u00eb list\u00ebn e Lapajt","author":"Kurt Farka","date":"March 14, 2025","format":false,"excerpt":"14 Mars 2025 Kreu i Nism\u00ebs Thurje (pjes\u00eb e koalicionit Nisma Shqip\u00ebria B\u00ebhet), Endri Shabani, \u00ebsht\u00eb shprehur se deputeti i PD-s\u00eb, Dashnor Sula, nuk do t\u00eb jet\u00eb pjes\u00eb e listave t\u00eb kandidat\u00ebve p\u00ebr deputet\u00eb t\u00eb koalicionit t\u00eb drejtuar nga Adriatik Lapaj. N\u00eb A2 CNN, Shabani tha se arsyeja q\u00eb emri\u2026","rel":"","context":"In &quot;Blogu i Udh\u00ebtarit&quot;","block_context":{"text":"Blogu i Udh\u00ebtarit","link":"https:\/\/www.shqiperia.com\/blog\/category\/blogu-i-udhetarit\/"},"img":{"alt_text":"","src":"https:\/\/i0.wp.com\/www.shqiperia.com\/blog\/wp-content\/uploads\/2025\/03\/Ketu-vetem-ketu-do-rri-300x169.webp?resize=350%2C200&ssl=1","width":350,"height":200,"srcset":"https:\/\/i0.wp.com\/www.shqiperia.com\/blog\/wp-content\/uploads\/2025\/03\/Ketu-vetem-ketu-do-rri-300x169.webp?resize=350%2C200&ssl=1 1x, https:\/\/i0.wp.com\/www.shqiperia.com\/blog\/wp-content\/uploads\/2025\/03\/Ketu-vetem-ketu-do-rri-300x169.webp?resize=525%2C300&ssl=1 1.5x, https:\/\/i0.wp.com\/www.shqiperia.com\/blog\/wp-content\/uploads\/2025\/03\/Ketu-vetem-ketu-do-rri-300x169.webp?resize=700%2C400&ssl=1 2x"},"classes":[]},{"id":91142,"url":"https:\/\/www.shqiperia.com\/blog\/britaniket-kerkojne-nga-spak-dhe-kqz-verifikimin-e-kandidateve-per-deputet-per-te-kaluaren-kriminale-liste-me\/","url_meta":{"origin":39590,"position":1},"title":"Britanik\u00ebt k\u00ebrkojn\u00eb nga SPAK dhe KQZ verifikimin e kandidat\u00ebve p\u00ebr deputet p\u00ebr t\u00eb kaluar\u00ebn kriminale, list\u00eb me\u2026","author":"Kurt Farka","date":"April 7, 2025","format":false,"excerpt":"7 Prill 2025 Teksa nj\u00eb muaj e pak dit\u00eb na ndan nga zgjedhjet e 11 majit,\u00a0nj\u00eb furtun\u00eb duket se po p\u00ebrfshin sken\u00ebn politike shqiptare, ku m\u00ebsohet se autoritetet britanike i kan\u00eb k\u00ebrkuar zyrtarisht SPAK dhe KQZ-s\u00eb verifikimin e plot\u00eb t\u00eb kandidat\u00ebve p\u00ebr deputet\u00eb, p\u00ebr t\u00eb kaluar\u00ebn e tyre kriminale. N\u00eb\u2026","rel":"","context":"In &quot;Blogu i Udh\u00ebtarit&quot;","block_context":{"text":"Blogu i Udh\u00ebtarit","link":"https:\/\/www.shqiperia.com\/blog\/category\/blogu-i-udhetarit\/"},"img":{"alt_text":"","src":"https:\/\/i0.wp.com\/www.shqiperia.com\/blog\/wp-content\/uploads\/2025\/04\/foto-faqe-2-2.webp?fit=1170%2C658&ssl=1&resize=350%2C200","width":350,"height":200,"srcset":"https:\/\/i0.wp.com\/www.shqiperia.com\/blog\/wp-content\/uploads\/2025\/04\/foto-faqe-2-2.webp?fit=1170%2C658&ssl=1&resize=350%2C200 1x, https:\/\/i0.wp.com\/www.shqiperia.com\/blog\/wp-content\/uploads\/2025\/04\/foto-faqe-2-2.webp?fit=1170%2C658&ssl=1&resize=525%2C300 1.5x, https:\/\/i0.wp.com\/www.shqiperia.com\/blog\/wp-content\/uploads\/2025\/04\/foto-faqe-2-2.webp?fit=1170%2C658&ssl=1&resize=700%2C400 2x, https:\/\/i0.wp.com\/www.shqiperia.com\/blog\/wp-content\/uploads\/2025\/04\/foto-faqe-2-2.webp?fit=1170%2C658&ssl=1&resize=1050%2C600 3x"},"classes":[]},{"id":31393,"url":"https:\/\/www.shqiperia.com\/blog\/ofl-nuk-eshte-e-afte-per-te-arrestuar-personat-me-rrezikshmeri-te-larte-erzen-brecani-ben-deklaraten-e-forte\/","url_meta":{"origin":39590,"position":2},"title":"\u201cOFL nuk \u00ebsht\u00eb e aft\u00eb p\u00ebr t\u00eb arrestuar personat me rrezikshm\u00ebri t\u00eb lart\u00eb\u201d, Erzen Bre\u00e7ani b\u00ebn deklarat\u00ebn e fort\u00eb.","author":"Kurt Farka","date":"February 11, 2020","format":false,"excerpt":"\u201cOFL nuk \u00ebsht\u00eb e aft\u00eb p\u00ebr t\u00eb arrestuar personat me rrezikshm\u00ebri t\u00eb lart\u00eb\u201d, Erzen Bre\u00e7ani b\u00ebn deklarat\u00ebn e fort\u00eb. 10 SHKURT 2020 Ish-drejtuesi i lart\u00eb t\u00eb policis\u00eb, Erzen Bre\u00e7ani, tha n\u00eb \u201c360grad\u00eb\u201d se OFL \u00ebsht\u00eb nj\u00eb struktur\u00eb p\u00ebr parandalimin e aktivitetit kriminal, por ata nuk jan\u00eb t\u00eb aft\u00eb p\u00ebr veprime\u2026","rel":"","context":"In &quot;Blogu i Udh\u00ebtarit&quot;","block_context":{"text":"Blogu i Udh\u00ebtarit","link":"https:\/\/www.shqiperia.com\/blog\/category\/blogu-i-udhetarit\/"},"img":{"alt_text":"","src":"https:\/\/i0.wp.com\/www.shqiperia.com\/blog\/wp-content\/uploads\/2020\/02\/800-0-5e41bf6608460.jpg?fit=751%2C393&ssl=1&resize=350%2C200","width":350,"height":200,"srcset":"https:\/\/i0.wp.com\/www.shqiperia.com\/blog\/wp-content\/uploads\/2020\/02\/800-0-5e41bf6608460.jpg?fit=751%2C393&ssl=1&resize=350%2C200 1x, https:\/\/i0.wp.com\/www.shqiperia.com\/blog\/wp-content\/uploads\/2020\/02\/800-0-5e41bf6608460.jpg?fit=751%2C393&ssl=1&resize=525%2C300 1.5x, https:\/\/i0.wp.com\/www.shqiperia.com\/blog\/wp-content\/uploads\/2020\/02\/800-0-5e41bf6608460.jpg?fit=751%2C393&ssl=1&resize=700%2C400 2x"},"classes":[]},{"id":37673,"url":"https:\/\/www.shqiperia.com\/blog\/zbardhet-e-mail-i-pd-se-derguar-kandidateve-per-deputet-i-shkon-dhe-jozefina-topallit\/","url_meta":{"origin":39590,"position":3},"title":"Zbardhet e-mail i PD-s\u00eb d\u00ebrguar kandidat\u00ebve p\u00ebr deputet, i shkon dhe Jozefina Topallit","author":"Kurt Farka","date":"August 25, 2020","format":false,"excerpt":"Zbardhet e-mail i PD-s\u00eb d\u00ebrguar kandidat\u00ebve p\u00ebr deputet, i shkon dhe Jozefina Topallit 25 GUSHT 2020 Nj\u00eb e-mail ka mb\u00ebrritur n\u00eb post\u00ebn elektronike t\u00eb kandidat\u00ebve t\u00eb cil\u00ebt\u00a0\u00a0aspirojn\u00eb apo jan\u00eb propozuar nga baza p\u00ebr tu b\u00ebr\u00eb\u00a0\u00a0deputet\u00a0\u00a0t\u00eb Partis\u00eb Demokratike n\u00eb zgjedhjet e ardhshme. Kandidat\u00ebt e mundsh\u00ebm njoftohen nga selia blu se kan\u00eb\u2026","rel":"","context":"In &quot;Blogu i Udh\u00ebtarit&quot;","block_context":{"text":"Blogu i Udh\u00ebtarit","link":"https:\/\/www.shqiperia.com\/blog\/category\/blogu-i-udhetarit\/"},"img":{"alt_text":"","src":"https:\/\/i0.wp.com\/www.shqiperia.com\/blog\/wp-content\/uploads\/2020\/08\/640-0-5f454cd54a4d2.jpg?fit=640%2C347&ssl=1&resize=350%2C200","width":350,"height":200,"srcset":"https:\/\/i0.wp.com\/www.shqiperia.com\/blog\/wp-content\/uploads\/2020\/08\/640-0-5f454cd54a4d2.jpg?fit=640%2C347&ssl=1&resize=350%2C200 1x, https:\/\/i0.wp.com\/www.shqiperia.com\/blog\/wp-content\/uploads\/2020\/08\/640-0-5f454cd54a4d2.jpg?fit=640%2C347&ssl=1&resize=525%2C300 1.5x"},"classes":[]},{"id":58570,"url":"https:\/\/www.shqiperia.com\/blog\/bajram-begaj-propozimi-i-ps-se-per-president-reagon-opozita-kandidat-i-percaktuar-nga-mafia-e-pronave-shteterore-pd-me-2-mendje-alibeaj-nuk-marrim-pjese-berisha-do-te-votojme-kunder\/","url_meta":{"origin":39590,"position":4},"title":"Bajram Begaj propozimi i PS-s\u00eb p\u00ebr president. Reagon opozita: &#8211; Kandidat i p\u00ebrcaktuar nga mafia e pronave shtet\u00ebrore! PD me &#8216;2 mendje&#8217;, Alibeaj: Nuk marrim pjes\u00eb! Berisha: Do t\u00eb votojm\u00eb kund\u00ebr","author":"Kurt Farka","date":"June 4, 2022","format":false,"excerpt":"4 Qershor 2022 Nga: Gazeta Shqiptarja.com Bajram Begaj u propozua nga Partia Socialiste p\u00ebr postin e Kreut t\u00eb Shtetit mbasdit\u00ebn e sotme, nd\u00ebrkoh\u00eb ka ardhur reagimi nga grupi i PD i cili e cil\u00ebson Begajn si zgjedhje q\u00eb vjen nga mafia shtet\u00ebrore. Bajram Begaj u propozua nga Partia Socialiste p\u00ebr\u2026","rel":"","context":"In &quot;Blogu i Udh\u00ebtarit&quot;","block_context":{"text":"Blogu i Udh\u00ebtarit","link":"https:\/\/www.shqiperia.com\/blog\/category\/blogu-i-udhetarit\/"},"img":{"alt_text":"","src":"https:\/\/i0.wp.com\/www.shqiperia.com\/blog\/wp-content\/uploads\/2022\/06\/Enkelejd-Alibeaj.jpg?fit=780%2C440&ssl=1&resize=350%2C200","width":350,"height":200,"srcset":"https:\/\/i0.wp.com\/www.shqiperia.com\/blog\/wp-content\/uploads\/2022\/06\/Enkelejd-Alibeaj.jpg?fit=780%2C440&ssl=1&resize=350%2C200 1x, https:\/\/i0.wp.com\/www.shqiperia.com\/blog\/wp-content\/uploads\/2022\/06\/Enkelejd-Alibeaj.jpg?fit=780%2C440&ssl=1&resize=525%2C300 1.5x, https:\/\/i0.wp.com\/www.shqiperia.com\/blog\/wp-content\/uploads\/2022\/06\/Enkelejd-Alibeaj.jpg?fit=780%2C440&ssl=1&resize=700%2C400 2x"},"classes":[]},{"id":91011,"url":"https:\/\/www.shqiperia.com\/blog\/ps-nuk-gjen-qetesi-thellohet-lufta-mes-kandidateve-per-mandate-futet-ne-loje-rama-per-te-shtypur\/","url_meta":{"origin":39590,"position":5},"title":"PS nuk gjen qet\u00ebsi, thellohet \u201clufta\u201d mes kandidat\u00ebve p\u00ebr mandate, futet n\u00eb loj\u00eb Rama p\u00ebr t\u00eb \u201cshtypur\u2026","author":"Kurt Farka","date":"April 2, 2025","format":false,"excerpt":"2 Prill 2025 Partia Socialiste duket se po p\u00ebrballet me nj\u00eb sfid\u00eb t\u00eb madhe, pasi gara p\u00ebr mandatin e deputetit sa i takon zgjedhjeve parlamentare t\u00eb 11 majit \u00ebsht\u00eb p\u00ebrshkall\u00ebzuar n\u00eb nj\u00eb luft\u00eb t\u00eb ashp\u00ebr mes kandidat\u00ebve. Pas ndryshimeve n\u00eb Kodin Zgjedhor, ku fituesi i nj\u00eb mandati mund t\u00eb jet\u00eb\u2026","rel":"","context":"In &quot;Blogu i Udh\u00ebtarit&quot;","block_context":{"text":"Blogu i Udh\u00ebtarit","link":"https:\/\/www.shqiperia.com\/blog\/category\/blogu-i-udhetarit\/"},"img":{"alt_text":"","src":"https:\/\/i0.wp.com\/www.shqiperia.com\/blog\/wp-content\/uploads\/2025\/04\/foto-faqe-6.png?fit=696%2C391&ssl=1&resize=350%2C200","width":350,"height":200,"srcset":"https:\/\/i0.wp.com\/www.shqiperia.com\/blog\/wp-content\/uploads\/2025\/04\/foto-faqe-6.png?fit=696%2C391&ssl=1&resize=350%2C200 1x, https:\/\/i0.wp.com\/www.shqiperia.com\/blog\/wp-content\/uploads\/2025\/04\/foto-faqe-6.png?fit=696%2C391&ssl=1&resize=525%2C300 1.5x"},"classes":[]}],"_links":{"self":[{"href":"https:\/\/www.shqiperia.com\/blog\/wp-json\/wp\/v2\/posts\/39590","targetHints":{"allow":["GET"]}}],"collection":[{"href":"https:\/\/www.shqiperia.com\/blog\/wp-json\/wp\/v2\/posts"}],"about":[{"href":"https:\/\/www.shqiperia.com\/blog\/wp-json\/wp\/v2\/types\/post"}],"author":[{"embeddable":true,"href":"https:\/\/www.shqiperia.com\/blog\/wp-json\/wp\/v2\/users\/9"}],"replies":[{"embeddable":true,"href":"https:\/\/www.shqiperia.com\/blog\/wp-json\/wp\/v2\/comments?post=39590"}],"version-history":[{"count":1,"href":"https:\/\/www.shqiperia.com\/blog\/wp-json\/wp\/v2\/posts\/39590\/revisions"}],"predecessor-version":[{"id":39592,"href":"https:\/\/www.shqiperia.com\/blog\/wp-json\/wp\/v2\/posts\/39590\/revisions\/39592"}],"wp:featuredmedia":[{"embeddable":true,"href":"https:\/\/www.shqiperia.com\/blog\/wp-json\/wp\/v2\/media\/39591"}],"wp:attachment":[{"href":"https:\/\/www.shqiperia.com\/blog\/wp-json\/wp\/v2\/media?parent=39590"}],"wp:term":[{"taxonomy":"category","embeddable":true,"href":"https:\/\/www.shqiperia.com\/blog\/wp-json\/wp\/v2\/categories?post=39590"},{"taxonomy":"post_tag","embeddable":true,"href":"https:\/\/www.shqiperia.com\/blog\/wp-json\/wp\/v2\/tags?post=39590"}],"curies":[{"name":"wp","href":"https:\/\/api.w.org\/{rel}","templated":true}]}}