{"id":39585,"date":"2020-10-12T11:55:29","date_gmt":"2020-10-12T11:55:29","guid":{"rendered":"https:\/\/www.shqiperia.com\/blog\/?p=39585"},"modified":"2020-10-12T11:56:03","modified_gmt":"2020-10-12T11:56:03","slug":"mars-rama-nuk-na-duhen-maskat-tetor-rama-asnje-nuk-lejohet-pa-maska","status":"publish","type":"post","link":"https:\/\/www.shqiperia.com\/blog\/mars-rama-nuk-na-duhen-maskat-tetor-rama-asnje-nuk-lejohet-pa-maska\/","title":{"rendered":"Mars, Rama: \u201cNuk na duhen maskat\u201d! Tetor, Rama: \u201cAsnj\u00eb nuk lejohet pa maska\u201d!"},"content":{"rendered":"<p><img data-recalc-dims=\"1\" loading=\"lazy\" decoding=\"async\" data-attachment-id=\"39586\" data-permalink=\"https:\/\/www.shqiperia.com\/blog\/mars-rama-nuk-na-duhen-maskat-tetor-rama-asnje-nuk-lejohet-pa-maska\/640-0-5f843419ab958-copy-2\/\" data-orig-file=\"https:\/\/i0.wp.com\/www.shqiperia.com\/blog\/wp-content\/uploads\/2020\/10\/640-0-5f843419ab958-Copy-1.png?fit=640%2C392&amp;ssl=1\" data-orig-size=\"640,392\" data-comments-opened=\"1\" data-image-meta=\"{&quot;aperture&quot;:&quot;0&quot;,&quot;credit&quot;:&quot;&quot;,&quot;camera&quot;:&quot;&quot;,&quot;caption&quot;:&quot;&quot;,&quot;created_timestamp&quot;:&quot;0&quot;,&quot;copyright&quot;:&quot;&quot;,&quot;focal_length&quot;:&quot;0&quot;,&quot;iso&quot;:&quot;0&quot;,&quot;shutter_speed&quot;:&quot;0&quot;,&quot;title&quot;:&quot;&quot;,&quot;orientation&quot;:&quot;0&quot;}\" data-image-title=\"-640-0-5f843419ab958 &#8211; Copy\" data-image-description=\"\" data-image-caption=\"\" data-medium-file=\"https:\/\/i0.wp.com\/www.shqiperia.com\/blog\/wp-content\/uploads\/2020\/10\/640-0-5f843419ab958-Copy-1.png?fit=300%2C184&amp;ssl=1\" data-large-file=\"https:\/\/i0.wp.com\/www.shqiperia.com\/blog\/wp-content\/uploads\/2020\/10\/640-0-5f843419ab958-Copy-1.png?fit=640%2C392&amp;ssl=1\" class=\"alignnone wp-image-39586\" alt=\"\" src=\"https:\/\/i0.wp.com\/www.shqiperia.com\/blog\/wp-content\/uploads\/2020\/10\/640-0-5f843419ab958-Copy-1.png?resize=499%2C306&#038;ssl=1\" width=\"499\" height=\"306\" srcset=\"https:\/\/i0.wp.com\/www.shqiperia.com\/blog\/wp-content\/uploads\/2020\/10\/640-0-5f843419ab958-Copy-1.png?resize=300%2C184&amp;ssl=1 300w, https:\/\/i0.wp.com\/www.shqiperia.com\/blog\/wp-content\/uploads\/2020\/10\/640-0-5f843419ab958-Copy-1.png?resize=450%2C276&amp;ssl=1 450w, https:\/\/i0.wp.com\/www.shqiperia.com\/blog\/wp-content\/uploads\/2020\/10\/640-0-5f843419ab958-Copy-1.png?resize=600%2C368&amp;ssl=1 600w, https:\/\/i0.wp.com\/www.shqiperia.com\/blog\/wp-content\/uploads\/2020\/10\/640-0-5f843419ab958-Copy-1.png?resize=400%2C245&amp;ssl=1 400w, https:\/\/i0.wp.com\/www.shqiperia.com\/blog\/wp-content\/uploads\/2020\/10\/640-0-5f843419ab958-Copy-1.png?w=640&amp;ssl=1 640w\" sizes=\"auto, (max-width: 499px) 100vw, 499px\" \/><\/p>\n<p><strong>Mars, Rama: \u201cNuk na duhen maskat\u201d! Tetor, Rama: \u201cAsnj\u00eb nuk lejohet pa maska\u201d!<\/strong><\/p>\n<p><a href=\"https:\/\/kohajone.com\/mars-rama-nuk-na-duhen-maskat-tetor-rama-asnje-nuk-lejohet-pa-maska\/\">11\/10\/2020<\/a><\/p>\n<p>Qeveria mori vendimin se duke filluar nga data 15 tetor 2020 maskat do t\u00eb jen\u00eb t\u00eb detyrueshme kudo, por vet\u00ebm n\u00eb restorante dhe bare jo.<\/p>\n<p>Por \u00e7far\u00eb e ndryshoi mendimin e kryeministrit Edi Rama, pasi ishte ai me z\u00eb dhe figur\u00eb q\u00eb deklaronte nga foltorja e Kuvendit n\u00eb mars t\u00eb k\u00ebtij vitit se maskat jan\u00eb shpenzim i kot\u00eb pasi nuk na mbrojn\u00eb nga virusi Covid-19. Nd\u00ebrkoh\u00eb dje sipas Ram\u00ebs duke filluar nga dita e enjta t\u00eb gjith\u00eb do t\u00eb mbajm\u00eb mask\u00eb, ndryshe do penalizoheni me gjob\u00eb.<\/p>\n<p>Apo lidhet me akuz\u00ebn e sotme t\u00eb numrit dy n\u00eb LSI, Petrit Vasili i cili akuzoi se kjo gj\u00eb po b\u00ebhet p\u00ebr ti krijuar xhiro disa milion\u00eb euro nj\u00eb kompanie af\u00ebr kryeministrit q\u00eb ka sjell\u00eb miliona maska e q\u00eb duhen shitur. Pra populli detyrohet me dhun\u00eb t\u00eb blej\u00eb maskat e k\u00ebtij privati!<\/p>\n<p>K. Jone<\/p>\n","protected":false},"excerpt":{"rendered":"<p>Mars, Rama: \u201cNuk na duhen maskat\u201d! Tetor, Rama: \u201cAsnj\u00eb nuk lejohet pa maska\u201d! 11\/10\/2020 Qeveria mori vendimin se duke filluar nga data 15 tetor 2020 maskat do t\u00eb jen\u00eb t\u00eb detyrueshme kudo, por vet\u00ebm n\u00eb restorante dhe bare jo. Por \u00e7far\u00eb e ndryshoi mendimin e kryeministrit Edi Rama, pasi ishte ai me z\u00eb dhe figur\u00eb [&hellip;]<\/p>\n","protected":false},"author":9,"featured_media":39586,"comment_status":"open","ping_status":"open","sticky":false,"template":"","format":"standard","meta":{"jetpack_post_was_ever_published":false,"_jetpack_newsletter_access":"","_jetpack_dont_email_post_to_subs":false,"_jetpack_newsletter_tier_id":0,"_jetpack_memberships_contains_paywalled_content":false,"_jetpack_memberships_contains_paid_content":false,"footnotes":"","jetpack_publicize_message":"","jetpack_publicize_feature_enabled":true,"jetpack_social_post_already_shared":true,"jetpack_social_options":{"image_generator_settings":{"template":"highway","default_image_id":0,"font":"","enabled":false},"version":2}},"categories":[27,1],"tags":[],"class_list":["post-39585","post","type-post","status-publish","format-standard","has-post-thumbnail","hentry","category-blogu-i-udhetarit","category-njoftime-shtypi"],"jetpack_publicize_connections":[],"jetpack_featured_media_url":"https:\/\/i0.wp.com\/www.shqiperia.com\/blog\/wp-content\/uploads\/2020\/10\/640-0-5f843419ab958-Copy-1.png?fit=640%2C392&ssl=1","jetpack_sharing_enabled":true,"jetpack_shortlink":"https:\/\/wp.me\/p5Z6wp-ait","jetpack-related-posts":[{"id":32468,"url":"https:\/\/www.shqiperia.com\/blog\/spitali-i-gjakoves-perze-politikanet-mos-na-harxhoni-maskat-per-foto\/","url_meta":{"origin":39585,"position":0},"title":"Spitali i Gjakov\u00ebs p\u00ebrz\u00eb politikan\u00ebt: &#8211; Mos na harxhoni maskat p\u00ebr foto","author":"Kurt Farka","date":"March 17, 2020","format":false,"excerpt":"Spitali i Gjakov\u00ebs p\u00ebrz\u00eb politikan\u00ebt: - Mos na harxhoni maskat p\u00ebr foto 17 mars \u00a02020 Spitali i Gjakov\u00ebs \u201cIsa Grezda\u201d ka k\u00ebrkuar q\u00eb politikan\u00ebt t\u00eb q\u00ebndrojn\u00eb sa m\u00eb larg institucioneve sh\u00ebndet\u00ebsore. N\u00ebp\u00ebrmjet nj\u00eb statusi n\u00eb rrjetet sociale, Spitali i P\u00ebrgjithsh\u00ebm Gjakov\u00eb shkruan se spitalet kan\u00eb nevoj\u00eb p\u00ebr maska dhe mjete\u2026","rel":"","context":"In &quot;Kultura&quot;","block_context":{"text":"Kultura","link":"https:\/\/www.shqiperia.com\/blog\/category\/kultura\/"},"img":{"alt_text":"","src":"https:\/\/i0.wp.com\/www.shqiperia.com\/blog\/wp-content\/uploads\/2020\/03\/Spitali-i-Gjakoves.jpg?fit=905%2C450&ssl=1&resize=350%2C200","width":350,"height":200,"srcset":"https:\/\/i0.wp.com\/www.shqiperia.com\/blog\/wp-content\/uploads\/2020\/03\/Spitali-i-Gjakoves.jpg?fit=905%2C450&ssl=1&resize=350%2C200 1x, https:\/\/i0.wp.com\/www.shqiperia.com\/blog\/wp-content\/uploads\/2020\/03\/Spitali-i-Gjakoves.jpg?fit=905%2C450&ssl=1&resize=525%2C300 1.5x, https:\/\/i0.wp.com\/www.shqiperia.com\/blog\/wp-content\/uploads\/2020\/03\/Spitali-i-Gjakoves.jpg?fit=905%2C450&ssl=1&resize=700%2C400 2x"},"classes":[]},{"id":40082,"url":"https:\/\/www.shqiperia.com\/blog\/kujdes-ekspertet-japin-alarmin-dhe-tregojne-cfare-duhet-te-beni-me-masken-tuaj-cdo-dite-rrezikoheni-nga-shume-semundje\/","url_meta":{"origin":39585,"position":1},"title":"Kujdes! Ekspert\u00ebt japin alarmin dhe tregojn\u00eb \u00e7far\u00eb duhet t\u00eb b\u00ebni me mask\u00ebn tuaj \u00e7do dit\u00eb: Rrezikoheni nga shum\u00eb s\u00ebmundje","author":"Kurt Farka","date":"October 24, 2020","format":false,"excerpt":"Kujdes! Ekspert\u00ebt japin alarmin dhe tregojn\u00eb \u00e7far\u00eb duhet t\u00eb b\u00ebni me mask\u00ebn tuaj \u00e7do dit\u00eb: Rrezikoheni nga shum\u00eb s\u00ebmundje 24 TETOR 2020 I vendosim ato n\u00eb fytyr\u00eb \u00e7do dit\u00eb, qeshim, teshtijm\u00eb, dhe i ndotim me sp\u00ebrklat tona t\u00eb p\u00ebshtym\u00ebs. Pastaj i futim n\u00eb \u00e7ant\u00eb ose n\u00eb xhep, vet\u00ebm sa p\u00ebr\u2026","rel":"","context":"In &quot;Blogu i Udh\u00ebtarit&quot;","block_context":{"text":"Blogu i Udh\u00ebtarit","link":"https:\/\/www.shqiperia.com\/blog\/category\/blogu-i-udhetarit\/"},"img":{"alt_text":"","src":"https:\/\/i0.wp.com\/www.shqiperia.com\/blog\/wp-content\/uploads\/2020\/10\/800-0-7e5b61e729c0b9227178b08f8cecc809.jpg?fit=800%2C423&ssl=1&resize=350%2C200","width":350,"height":200,"srcset":"https:\/\/i0.wp.com\/www.shqiperia.com\/blog\/wp-content\/uploads\/2020\/10\/800-0-7e5b61e729c0b9227178b08f8cecc809.jpg?fit=800%2C423&ssl=1&resize=350%2C200 1x, https:\/\/i0.wp.com\/www.shqiperia.com\/blog\/wp-content\/uploads\/2020\/10\/800-0-7e5b61e729c0b9227178b08f8cecc809.jpg?fit=800%2C423&ssl=1&resize=525%2C300 1.5x, https:\/\/i0.wp.com\/www.shqiperia.com\/blog\/wp-content\/uploads\/2020\/10\/800-0-7e5b61e729c0b9227178b08f8cecc809.jpg?fit=800%2C423&ssl=1&resize=700%2C400 2x"},"classes":[]},{"id":32505,"url":"https:\/\/www.shqiperia.com\/blog\/km-zedhenes-i-mjekut-italian\/","url_meta":{"origin":39585,"position":2},"title":"KM- zedhenes i Mjekut Italian\u201c.","author":"Kurt Farka","date":"March 18, 2020","format":false,"excerpt":"KM- zedhenes i Mjekut Italian\u201c. 18 MARS 2020 Kryeministri Edi Rama thot\u00eb se maskat nuk jan\u00eb t\u00eb nevojshme n\u00ebse nuk jemi t\u00eb prekur nga koronavirusi. Ai ka cituar virologun e famsh\u00ebm italian, i cili thot\u00eb q\u00eb po p\u00ebrdoret kot, po edhe mund t\u2019ju d\u00ebmtoj\u00eb sepse me mask\u00eb dhe doreza, ju\u2026","rel":"","context":"In &quot;Blogu i Udh\u00ebtarit&quot;","block_context":{"text":"Blogu i Udh\u00ebtarit","link":"https:\/\/www.shqiperia.com\/blog\/category\/blogu-i-udhetarit\/"},"img":{"alt_text":"","src":"https:\/\/i0.wp.com\/www.shqiperia.com\/blog\/wp-content\/uploads\/2020\/03\/KM-Edi-Rama.jpg?fit=562%2C282&ssl=1&resize=350%2C200","width":350,"height":200,"srcset":"https:\/\/i0.wp.com\/www.shqiperia.com\/blog\/wp-content\/uploads\/2020\/03\/KM-Edi-Rama.jpg?fit=562%2C282&ssl=1&resize=350%2C200 1x, https:\/\/i0.wp.com\/www.shqiperia.com\/blog\/wp-content\/uploads\/2020\/03\/KM-Edi-Rama.jpg?fit=562%2C282&ssl=1&resize=525%2C300 1.5x"},"classes":[]},{"id":39502,"url":"https:\/\/www.shqiperia.com\/blog\/maska-behet-e-detyrueshme-kudo-lsi-zbulon-se-cfare-fshihet-pas-vendimit-surprize-te-rames\/","url_meta":{"origin":39585,"position":3},"title":"\u201cMaska b\u00ebhet e detyrueshme kudo\u201d, LSI zbulon se \u00e7far\u00eb fshihet pas vendimit surpriz\u00eb t\u00eb Ram\u00ebs","author":"Kurt Farka","date":"October 10, 2020","format":false,"excerpt":"\u201cMaska b\u00ebhet e detyrueshme kudo\u201d, LSI zbulon se \u00e7far\u00eb fshihet pas vendimit surpriz\u00eb t\u00eb Ram\u00ebs 10 Tetor 2020 Ish-deputeti Petrit Vasili, ka reaguar kund\u00ebr vendimit t\u00eb kryeministrit Edi Rama p\u00ebr t\u00eb b\u00ebr\u00eb p\u00ebrdorimin e mask\u00ebs t\u00eb detyruesh\u00ebm dhe p\u00ebr vendosjen e gjobave n\u00eb rast shkeljeje t\u00eb k\u00ebtij rregulli. Vasili tha\u2026","rel":"","context":"In &quot;Blogu i Udh\u00ebtarit&quot;","block_context":{"text":"Blogu i Udh\u00ebtarit","link":"https:\/\/www.shqiperia.com\/blog\/category\/blogu-i-udhetarit\/"},"img":{"alt_text":"","src":"https:\/\/i0.wp.com\/www.shqiperia.com\/blog\/wp-content\/uploads\/2020\/10\/800-0-5f8189ca80778.jpg?fit=800%2C533&ssl=1&resize=350%2C200","width":350,"height":200,"srcset":"https:\/\/i0.wp.com\/www.shqiperia.com\/blog\/wp-content\/uploads\/2020\/10\/800-0-5f8189ca80778.jpg?fit=800%2C533&ssl=1&resize=350%2C200 1x, https:\/\/i0.wp.com\/www.shqiperia.com\/blog\/wp-content\/uploads\/2020\/10\/800-0-5f8189ca80778.jpg?fit=800%2C533&ssl=1&resize=525%2C300 1.5x, https:\/\/i0.wp.com\/www.shqiperia.com\/blog\/wp-content\/uploads\/2020\/10\/800-0-5f8189ca80778.jpg?fit=800%2C533&ssl=1&resize=700%2C400 2x"},"classes":[]},{"id":43287,"url":"https:\/\/www.shqiperia.com\/blog\/spak-po-heton-tenderat-per-maskat-dhe-ushqimet-merret-ne-pyetje-ish-ministrja-e-mbrojtjes-olta-xhacka-jane-ngritur-dyshime-per\/","url_meta":{"origin":39585,"position":4},"title":"SPAK po heton tenderat p\u00ebr maskat dhe ushqimet\/ Merret n\u00eb pyetje ish-ministrja e Mbrojtjes Olta Xha\u00e7ka, jan\u00eb ngritur dyshime p\u00ebr\u2026","author":"Kurt Farka","date":"January 24, 2021","format":false,"excerpt":"SPAK po heton tenderat p\u00ebr maskat dhe ushqimet\/ Merret n\u00eb pyetje ish-ministrja e Mbrojtjes Olta Xha\u00e7ka, jan\u00eb ngritur dyshime p\u00ebr\u2026 \u00a023 janar 2021 SPAK po heton n\u00eb lidhje me dy tendera t\u00eb Ministris\u00eb s\u00eb Mbrojtjes, at\u00eb p\u00ebr blerjen e maskave p\u00ebr ushtrin\u00eb dhe tenderin p\u00ebr ushqimet, ku po verifikohet roli\u2026","rel":"","context":"In &quot;Blogu i Udh\u00ebtarit&quot;","block_context":{"text":"Blogu i Udh\u00ebtarit","link":"https:\/\/www.shqiperia.com\/blog\/category\/blogu-i-udhetarit\/"},"img":{"alt_text":"","src":"https:\/\/i0.wp.com\/www.shqiperia.com\/blog\/wp-content\/uploads\/2021\/01\/xhacka-500x333-1.jpg?fit=500%2C269&ssl=1&resize=350%2C200","width":350,"height":200},"classes":[]},{"id":21042,"url":"https:\/\/www.shqiperia.com\/blog\/analiza-junta-qe-qendron-pas-dhunes-barbare-ndaj-sekretarit-te-pd-si-kerkon-rama-te-sundoje-i-vetem-me-gjeneralin-e-tij-ne-pension\/","url_meta":{"origin":39585,"position":5},"title":"Analiza\/ \u201cJunta q\u00eb q\u00ebndron pas dhun\u00ebs barbare ndaj Sekretarit t\u00eb PD, si k\u00ebrkon Rama t\u00eb sundoj\u00eb i vet\u00ebm me gjeneralin e tij n\u00eb pension\u201d. &#8211;","author":"Kurt Farka","date":"May 12, 2019","format":false,"excerpt":"Analiza\/ \u201cJunta q\u00eb q\u00ebndron pas dhun\u00ebs barbare ndaj Sekretarit t\u00eb PD, si k\u00ebrkon Rama t\u00eb sundoj\u00eb i vet\u00ebm me gjeneralin e tij n\u00eb pension\u201d. - \u00a012 maji 2019 Nga: Mark Marku Mbr\u00ebm\u00eb, Tirana nuk kish te asnj\u00eb ndryshim nga qytetet e Venezuel\u00ebs ku luftohet me junt\u00ebn e Maduros: mij\u00ebra protestues,\u2026","rel":"","context":"In &quot;Blogu i Udh\u00ebtarit&quot;","block_context":{"text":"Blogu i Udh\u00ebtarit","link":"https:\/\/www.shqiperia.com\/blog\/category\/blogu-i-udhetarit\/"},"img":{"alt_text":"","src":"https:\/\/i0.wp.com\/www.shqiperia.com\/blog\/wp-content\/uploads\/2019\/05\/protesta-lajmi-1.jpg?fit=884%2C452&ssl=1&resize=350%2C200","width":350,"height":200,"srcset":"https:\/\/i0.wp.com\/www.shqiperia.com\/blog\/wp-content\/uploads\/2019\/05\/protesta-lajmi-1.jpg?fit=884%2C452&ssl=1&resize=350%2C200 1x, https:\/\/i0.wp.com\/www.shqiperia.com\/blog\/wp-content\/uploads\/2019\/05\/protesta-lajmi-1.jpg?fit=884%2C452&ssl=1&resize=525%2C300 1.5x, https:\/\/i0.wp.com\/www.shqiperia.com\/blog\/wp-content\/uploads\/2019\/05\/protesta-lajmi-1.jpg?fit=884%2C452&ssl=1&resize=700%2C400 2x"},"classes":[]}],"_links":{"self":[{"href":"https:\/\/www.shqiperia.com\/blog\/wp-json\/wp\/v2\/posts\/39585","targetHints":{"allow":["GET"]}}],"collection":[{"href":"https:\/\/www.shqiperia.com\/blog\/wp-json\/wp\/v2\/posts"}],"about":[{"href":"https:\/\/www.shqiperia.com\/blog\/wp-json\/wp\/v2\/types\/post"}],"author":[{"embeddable":true,"href":"https:\/\/www.shqiperia.com\/blog\/wp-json\/wp\/v2\/users\/9"}],"replies":[{"embeddable":true,"href":"https:\/\/www.shqiperia.com\/blog\/wp-json\/wp\/v2\/comments?post=39585"}],"version-history":[{"count":3,"href":"https:\/\/www.shqiperia.com\/blog\/wp-json\/wp\/v2\/posts\/39585\/revisions"}],"predecessor-version":[{"id":39589,"href":"https:\/\/www.shqiperia.com\/blog\/wp-json\/wp\/v2\/posts\/39585\/revisions\/39589"}],"wp:featuredmedia":[{"embeddable":true,"href":"https:\/\/www.shqiperia.com\/blog\/wp-json\/wp\/v2\/media\/39586"}],"wp:attachment":[{"href":"https:\/\/www.shqiperia.com\/blog\/wp-json\/wp\/v2\/media?parent=39585"}],"wp:term":[{"taxonomy":"category","embeddable":true,"href":"https:\/\/www.shqiperia.com\/blog\/wp-json\/wp\/v2\/categories?post=39585"},{"taxonomy":"post_tag","embeddable":true,"href":"https:\/\/www.shqiperia.com\/blog\/wp-json\/wp\/v2\/tags?post=39585"}],"curies":[{"name":"wp","href":"https:\/\/api.w.org\/{rel}","templated":true}]}}