{"id":39565,"date":"2020-10-12T06:32:17","date_gmt":"2020-10-12T06:32:17","guid":{"rendered":"https:\/\/www.shqiperia.com\/blog\/?p=39565"},"modified":"2020-10-12T06:32:17","modified_gmt":"2020-10-12T06:32:17","slug":"jave-problematike-stuhi-rrebeshe-e-vetetima-ja-si-parashikohet-moti-per-ditet-ne-vijim","status":"publish","type":"post","link":"https:\/\/www.shqiperia.com\/blog\/jave-problematike-stuhi-rrebeshe-e-vetetima-ja-si-parashikohet-moti-per-ditet-ne-vijim\/","title":{"rendered":"\u201cJav\u00eb problematike\u201d- Stuhi, rrebeshe e vet\u00ebtima, ja si parashikohet moti p\u00ebr dit\u00ebt n\u00eb vijim"},"content":{"rendered":"<p><img data-recalc-dims=\"1\" loading=\"lazy\" decoding=\"async\" data-attachment-id=\"39566\" data-permalink=\"https:\/\/www.shqiperia.com\/blog\/jave-problematike-stuhi-rrebeshe-e-vetetima-ja-si-parashikohet-moti-per-ditet-ne-vijim\/640-0-5f82a71161587-2\/\" data-orig-file=\"https:\/\/i0.wp.com\/www.shqiperia.com\/blog\/wp-content\/uploads\/2020\/10\/640-0-5f82a71161587-1.jpg?fit=640%2C349&amp;ssl=1\" data-orig-size=\"640,349\" data-comments-opened=\"1\" data-image-meta=\"{&quot;aperture&quot;:&quot;0&quot;,&quot;credit&quot;:&quot;&quot;,&quot;camera&quot;:&quot;&quot;,&quot;caption&quot;:&quot;&quot;,&quot;created_timestamp&quot;:&quot;0&quot;,&quot;copyright&quot;:&quot;&quot;,&quot;focal_length&quot;:&quot;0&quot;,&quot;iso&quot;:&quot;0&quot;,&quot;shutter_speed&quot;:&quot;0&quot;,&quot;title&quot;:&quot;&quot;,&quot;orientation&quot;:&quot;0&quot;}\" data-image-title=\"-640-0-5f82a71161587\" data-image-description=\"\" data-image-caption=\"\" data-medium-file=\"https:\/\/i0.wp.com\/www.shqiperia.com\/blog\/wp-content\/uploads\/2020\/10\/640-0-5f82a71161587-1.jpg?fit=300%2C164&amp;ssl=1\" data-large-file=\"https:\/\/i0.wp.com\/www.shqiperia.com\/blog\/wp-content\/uploads\/2020\/10\/640-0-5f82a71161587-1.jpg?fit=640%2C349&amp;ssl=1\" class=\"alignnone  wp-image-39566\" alt=\"\" src=\"https:\/\/i0.wp.com\/www.shqiperia.com\/blog\/wp-content\/uploads\/2020\/10\/640-0-5f82a71161587-1.jpg?resize=503%2C275&#038;ssl=1\" width=\"503\" height=\"275\" srcset=\"https:\/\/i0.wp.com\/www.shqiperia.com\/blog\/wp-content\/uploads\/2020\/10\/640-0-5f82a71161587-1.jpg?resize=300%2C164&amp;ssl=1 300w, https:\/\/i0.wp.com\/www.shqiperia.com\/blog\/wp-content\/uploads\/2020\/10\/640-0-5f82a71161587-1.jpg?resize=450%2C245&amp;ssl=1 450w, https:\/\/i0.wp.com\/www.shqiperia.com\/blog\/wp-content\/uploads\/2020\/10\/640-0-5f82a71161587-1.jpg?resize=600%2C327&amp;ssl=1 600w, https:\/\/i0.wp.com\/www.shqiperia.com\/blog\/wp-content\/uploads\/2020\/10\/640-0-5f82a71161587-1.jpg?resize=400%2C218&amp;ssl=1 400w, https:\/\/i0.wp.com\/www.shqiperia.com\/blog\/wp-content\/uploads\/2020\/10\/640-0-5f82a71161587-1.jpg?w=640&amp;ssl=1 640w\" sizes=\"auto, (max-width: 503px) 100vw, 503px\" \/><\/p>\n<p><strong>\u201cJav\u00eb problematike\u201d- Stuhi, rrebeshe e vet\u00ebtima, ja si parashikohet moti p\u00ebr dit\u00ebt n\u00eb vijim<\/strong><\/p>\n<p><strong>\u00a012 Tetor 2020<\/strong><\/p>\n<p>\u201cE sikletshme dhe problematike\u201d, k\u00ebshtu pritet t\u00eb jet\u00eb kjo jav\u00eb, sa i p\u00ebrket motit, sipas Sh\u00ebrbimit Meteorologjik Ushtarak. Parashikohet q\u00eb pjesa m\u00eb e madhe e dit\u00ebve t\u00eb jav\u00ebs t\u00eb jet\u00eb kryesisht me mot t\u00eb vran\u00ebt shoq\u00ebruar me reshje shiu.<\/p>\n<p>Dit\u00ebn e sotme, moti parashikohet fillimisht me vran\u00ebsira mesatare deri t\u00eb dendura dhe reshje shiu t\u00eb her\u00ebpashershme me intensitet t\u00eb ul\u00ebt deri mesatar n\u00eb form\u00eb shtr\u00ebngatash.<\/p>\n<p>Pas or\u00ebve t\u00eb mesdit\u00ebs deri n\u00eb or\u00ebt e mesnat\u00ebs, p\u00ebr shkak t\u00eb kalimit t\u00eb nj\u00eb sistemi frontal, reshjet e shiut fitojn\u00eb intensitet n\u00eb t\u00eb gjith\u00eb territorin. Ato b\u00ebhen t\u00eb vazhdueshme me intensitet mesatar dhe t\u00eb lart\u00eb. Zona e jugut si dhe vija bregdetare parashikohen t\u00eb ken\u00eb sasin\u00eb m\u00eb t\u00eb lart\u00eb t\u00eb reshjeve.<\/p>\n<p>Duke nisur nga dita e Mart\u00eb deri n\u00eb or\u00ebt e mesdit\u00ebs t\u00eb dit\u00ebs s\u00eb Enjte moti do t\u00eb jet\u00eb kryesisht me vran\u00ebsira mesatare deri t\u00eb dendura por lokalisht nuk do t\u00eb mungojn\u00eb edhe intervalet me diell. Vran\u00ebsirat do t\u00eb shoq\u00ebrohen me reshje shiu t\u00eb her\u00ebpashershme me intensitet t\u00eb ul\u00ebt dhe mesatar n\u00eb form\u00ebn e shtr\u00ebngatave dhe stuhive afatshkurt\u00ebr.<\/p>\n<p>Nga or\u00ebt e mesdit\u00ebs t\u00eb dit\u00ebs s\u00eb enjte e deri n\u00eb or\u00ebt e mesdit\u00ebs t\u00eb dit\u00ebs s\u00eb Premte mbi vendin ton\u00eb do t\u00eb p\u00ebrshitet \u201cskenari\u201d i dit\u00ebs s\u00eb H\u00ebn\u00eb.<\/p>\n<p>Moti do t\u00eb jet\u00eb me vran\u00ebsira t\u00eb dendura dhe reshje shiu t\u00eb vazhdueshme me intensitet mesatar dhe t\u00eb lart\u00eb.<\/p>\n<p>Intensiteti i lart\u00eb nis fillimisht p\u00ebrgjat\u00eb vij\u00ebs bregdetare dhe zonat jugper\u00ebndimore dhe veriper\u00ebndimore, p\u00ebr tu shtrir\u00eb m\u00eb pas n\u00eb pjes\u00ebn m\u00eb t\u00eb madhe t\u00eb territorit.<\/p>\n<p>Si dit\u00ebn e H\u00ebn\u00eb ashtu dhe at\u00eb t\u00eb enjte dhe t\u00eb premte k\u00ebto reshje do t\u00eb jen\u00eb n\u00eb form\u00ebn e stuhive, rrebesheve shoq\u00ebruar me shkarkesa elektrike dhe bresh\u00ebr. Intensiteti i reshjeve bie pas or\u00ebve t\u00eb pasdites s\u00eb dit\u00ebs s\u00eb premte.<\/p>\n<p>Gazeta Shqip<\/p>\n","protected":false},"excerpt":{"rendered":"<p>\u201cJav\u00eb problematike\u201d- Stuhi, rrebeshe e vet\u00ebtima, ja si parashikohet moti p\u00ebr dit\u00ebt n\u00eb vijim \u00a012 Tetor 2020 \u201cE sikletshme dhe problematike\u201d, k\u00ebshtu pritet t\u00eb jet\u00eb kjo jav\u00eb, sa i p\u00ebrket motit, sipas Sh\u00ebrbimit Meteorologjik Ushtarak. Parashikohet q\u00eb pjesa m\u00eb e madhe e dit\u00ebve t\u00eb jav\u00ebs t\u00eb jet\u00eb kryesisht me mot t\u00eb vran\u00ebt shoq\u00ebruar me reshje [&hellip;]<\/p>\n","protected":false},"author":9,"featured_media":39566,"comment_status":"open","ping_status":"open","sticky":false,"template":"","format":"standard","meta":{"jetpack_post_was_ever_published":false,"_jetpack_newsletter_access":"","_jetpack_dont_email_post_to_subs":false,"_jetpack_newsletter_tier_id":0,"_jetpack_memberships_contains_paywalled_content":false,"_jetpack_memberships_contains_paid_content":false,"footnotes":"","jetpack_publicize_message":"","jetpack_publicize_feature_enabled":true,"jetpack_social_post_already_shared":true,"jetpack_social_options":{"image_generator_settings":{"template":"highway","default_image_id":0,"font":"","enabled":false},"version":2}},"categories":[27,35],"tags":[],"class_list":["post-39565","post","type-post","status-publish","format-standard","has-post-thumbnail","hentry","category-blogu-i-udhetarit","category-shoqerore"],"jetpack_publicize_connections":[],"jetpack_featured_media_url":"https:\/\/i0.wp.com\/www.shqiperia.com\/blog\/wp-content\/uploads\/2020\/10\/640-0-5f82a71161587-1.jpg?fit=640%2C349&ssl=1","jetpack_sharing_enabled":true,"jetpack_shortlink":"https:\/\/wp.me\/p5Z6wp-ai9","jetpack-related-posts":[{"id":84225,"url":"https:\/\/www.shqiperia.com\/blog\/shi-dhe-renie-temperaturash-njihuni-me-parashikimin-e-motit-per-javen-e-ardhshme\/","url_meta":{"origin":39565,"position":0},"title":"Shi dhe r\u00ebnie temperaturash\/ Njihuni me parashikimin e motit p\u00ebr jav\u00ebn e ardhshme","author":"Kurt Farka","date":"September 8, 2024","format":false,"excerpt":"8 Shtator 2024 Pas nj\u00eb vere \u201cp\u00ebrv\u00ebluese\u201d me temperatura t\u00eb larta (madje m\u00eb t\u00eb larta se mesataret mujore klimatike) tashm\u00eb duket se tabloja meteorologjike ndryshon plot\u00ebsisht. Sipas Sh\u00ebrbimit Meteorologjik Ushtarak, kjo p\u00ebr shkak se tashm\u00eb mbi vendin ton\u00eb (dhe jo vet\u00ebm dhe n\u00eb nj\u00eb pjes\u00eb t\u00eb europ\u00ebs) pritet dep\u00ebrtimi i\u2026","rel":"","context":"In &quot;Blogu i Udh\u00ebtarit&quot;","block_context":{"text":"Blogu i Udh\u00ebtarit","link":"https:\/\/www.shqiperia.com\/blog\/category\/blogu-i-udhetarit\/"},"img":{"alt_text":"","src":"https:\/\/i0.wp.com\/www.shqiperia.com\/blog\/wp-content\/uploads\/2024\/09\/Diell-e-shi-parashikimi-i-motit-per-javen-e-ardhshme-Insajderi.org_.jpg?fit=800%2C450&ssl=1&resize=350%2C200","width":350,"height":200,"srcset":"https:\/\/i0.wp.com\/www.shqiperia.com\/blog\/wp-content\/uploads\/2024\/09\/Diell-e-shi-parashikimi-i-motit-per-javen-e-ardhshme-Insajderi.org_.jpg?fit=800%2C450&ssl=1&resize=350%2C200 1x, https:\/\/i0.wp.com\/www.shqiperia.com\/blog\/wp-content\/uploads\/2024\/09\/Diell-e-shi-parashikimi-i-motit-per-javen-e-ardhshme-Insajderi.org_.jpg?fit=800%2C450&ssl=1&resize=525%2C300 1.5x, https:\/\/i0.wp.com\/www.shqiperia.com\/blog\/wp-content\/uploads\/2024\/09\/Diell-e-shi-parashikimi-i-motit-per-javen-e-ardhshme-Insajderi.org_.jpg?fit=800%2C450&ssl=1&resize=700%2C400 2x"},"classes":[]},{"id":88886,"url":"https:\/\/www.shqiperia.com\/blog\/java-qe-vjen-pritet-te-jete-e-ftohte\/","url_meta":{"origin":39565,"position":1},"title":"Java q\u00eb vjen pritet t\u00eb jet\u00eb e ftoht\u00eb","author":"Kurt Farka","date":"February 2, 2025","format":false,"excerpt":"2 Shkurt 2025 Pas disa dit\u00ebsh me mot me kthjellime e temperatura gati pranverore mbi vendin ton\u00eb pritet dep\u00ebrtimi i masave ajrore t\u00eb ftohta me origjin\u00eb veriore me rezultat kryesor t\u00eb tyre r\u00ebnien e temperaturave (pa p\u00ebrjashtuar k\u00ebtu dit\u00ebt me mot t\u00eb vran\u00ebt shoq\u00ebruar me reshje shiu apo d\u00ebbore). Sipas\u2026","rel":"","context":"In &quot;Njoftime Shtypi&quot;","block_context":{"text":"Njoftime Shtypi","link":"https:\/\/www.shqiperia.com\/blog\/category\/njoftime-shtypi\/"},"img":{"alt_text":"","src":"https:\/\/i0.wp.com\/www.shqiperia.com\/blog\/wp-content\/uploads\/2025\/02\/thom-holmes-9GBwZrbT0QU-unsplash-640x427-1.webp?fit=640%2C427&ssl=1&resize=350%2C200","width":350,"height":200,"srcset":"https:\/\/i0.wp.com\/www.shqiperia.com\/blog\/wp-content\/uploads\/2025\/02\/thom-holmes-9GBwZrbT0QU-unsplash-640x427-1.webp?fit=640%2C427&ssl=1&resize=350%2C200 1x, https:\/\/i0.wp.com\/www.shqiperia.com\/blog\/wp-content\/uploads\/2025\/02\/thom-holmes-9GBwZrbT0QU-unsplash-640x427-1.webp?fit=640%2C427&ssl=1&resize=525%2C300 1.5x"},"classes":[]},{"id":69078,"url":"https:\/\/www.shqiperia.com\/blog\/rrebeshe-shiu-dhe-bresher-ne-pranvere-moti-ne-ditet-ne-vijim\/","url_meta":{"origin":39565,"position":2},"title":"Rrebeshe shiu dhe bresh\u00ebr n\u00eb pranver\u00eb. &#8211; Moti ne dit\u00ebt n\u00eb vijim","author":"Kurt Farka","date":"March 5, 2023","format":false,"excerpt":"5 Mars 2023 P\u00ebr jav\u00ebn q\u00eb presim p\u00ebrpara vendi yn\u00eb do t\u00eb vijoj\u00eb te jet\u00eb n\u00ebn ndikimin e kushteve atmosferike t\u00eb paq\u00ebndrueshme p\u00ebr shkak t\u00eb masave ajrore t\u00eb lag\u00ebshta me origjin\u00eb jugper\u00ebndimore. N\u00eb k\u00ebt\u00eb m\u00ebnyr\u00eb moti p\u00ebr relativisht t\u00eb gjith\u00eb jav\u00ebn parashikohet me or\u00eb me diell (kthjellime) por edhe alternime\u2026","rel":"","context":"In &quot;Blogu i Udh\u00ebtarit&quot;","block_context":{"text":"Blogu i Udh\u00ebtarit","link":"https:\/\/www.shqiperia.com\/blog\/category\/blogu-i-udhetarit\/"},"img":{"alt_text":"","src":"https:\/\/i0.wp.com\/www.shqiperia.com\/blog\/wp-content\/uploads\/2023\/03\/640-0-6405039acdddf.jpg?fit=640%2C359&ssl=1&resize=350%2C200","width":350,"height":200,"srcset":"https:\/\/i0.wp.com\/www.shqiperia.com\/blog\/wp-content\/uploads\/2023\/03\/640-0-6405039acdddf.jpg?fit=640%2C359&ssl=1&resize=350%2C200 1x, https:\/\/i0.wp.com\/www.shqiperia.com\/blog\/wp-content\/uploads\/2023\/03\/640-0-6405039acdddf.jpg?fit=640%2C359&ssl=1&resize=525%2C300 1.5x"},"classes":[]},{"id":97052,"url":"https:\/\/www.shqiperia.com\/blog\/si-parashikohet-moti-per-javen-e-ardhshme-sherbimi-meteorologjik-ushtarak-ja-kur-nisin-reshjet-e-shiut-dhe-bores\/","url_meta":{"origin":39565,"position":3},"title":"Si parashikohet moti p\u00ebr jav\u00ebn e ardhshme? Sh\u00ebrbimi Meteorologjik Ushtarak: Ja kur nisin reshjet e shiut dhe bor\u00ebs","author":"Kurt Farka","date":"January 28, 2026","format":false,"excerpt":"29 Janar 2026 Janari i k\u00ebtij viti ka sjell reshje t\u00eb shumta, si t\u00eb shiut e t\u00eb d\u00ebbor\u00ebs, si dhe \u00ebsht\u00eb shoq\u00ebruar me ulje t\u00eb temperaturave. Sipas parashikimeve, kthjellimet dhe vran\u00ebsirat do t\u00eb jen\u00eb prezente e n\u00eb dit\u00ebt n\u00eb vijim t\u00eb k\u00ebsaj jave. Zona jugore n\u00eb interval afatshkurtra kohore, parashikohet\u2026","rel":"","context":"In &quot;Njoftime Shtypi&quot;","block_context":{"text":"Njoftime Shtypi","link":"https:\/\/www.shqiperia.com\/blog\/category\/njoftime-shtypi\/"},"img":{"alt_text":"","src":"https:\/\/i0.wp.com\/www.shqiperia.com\/blog\/wp-content\/uploads\/2026\/01\/auto_moti-bore-1126_1543224069-38020721543226142-800x439-1-730x440-1.jpg?fit=730%2C440&ssl=1&resize=350%2C200","width":350,"height":200,"srcset":"https:\/\/i0.wp.com\/www.shqiperia.com\/blog\/wp-content\/uploads\/2026\/01\/auto_moti-bore-1126_1543224069-38020721543226142-800x439-1-730x440-1.jpg?fit=730%2C440&ssl=1&resize=350%2C200 1x, https:\/\/i0.wp.com\/www.shqiperia.com\/blog\/wp-content\/uploads\/2026\/01\/auto_moti-bore-1126_1543224069-38020721543226142-800x439-1-730x440-1.jpg?fit=730%2C440&ssl=1&resize=525%2C300 1.5x, https:\/\/i0.wp.com\/www.shqiperia.com\/blog\/wp-content\/uploads\/2026\/01\/auto_moti-bore-1126_1543224069-38020721543226142-800x439-1-730x440-1.jpg?fit=730%2C440&ssl=1&resize=700%2C400 2x"},"classes":[]},{"id":87247,"url":"https:\/\/www.shqiperia.com\/blog\/reshje-shiu-dhe-debore-parashikimi-per-javen-temperaturat-ulen-deri-ne-5-grade-celsius\/","url_meta":{"origin":39565,"position":4},"title":"Reshje shiu dhe d\u00ebbore, parashikimi p\u00ebr jav\u00ebn.  &#8211; Temperaturat ulen deri n\u00eb -5 grad\u00eb Celsius","author":"Kurt Farka","date":"December 9, 2024","format":false,"excerpt":"9 Dhjetor 2024 Gjat\u00eb k\u00ebsaj jave vendi yn\u00eb do t\u00eb ndikohet nga nj\u00eb jav\u00eb \u201cnormale\u201d dimri si pasoj\u00eb e nj\u00eb qendre t\u00eb thell\u00eb e presionit t\u00eb ul\u00ebt q\u00eb ndikon jo vet\u00ebm mbi vendin ton\u00eb por edhe n\u00eb pjes\u00ebn m\u00eb t\u00eb madhe t\u00eb Evrop\u00ebs. Nuk do t\u00eb mungojn\u00eb dit\u00ebt me reshje\u2026","rel":"","context":"In &quot;Blogu i Udh\u00ebtarit&quot;","block_context":{"text":"Blogu i Udh\u00ebtarit","link":"https:\/\/www.shqiperia.com\/blog\/category\/blogu-i-udhetarit\/"},"img":{"alt_text":"","src":"https:\/\/i0.wp.com\/www.shqiperia.com\/blog\/wp-content\/uploads\/2024\/12\/bora.jpg?fit=1000%2C591&ssl=1&resize=350%2C200","width":350,"height":200,"srcset":"https:\/\/i0.wp.com\/www.shqiperia.com\/blog\/wp-content\/uploads\/2024\/12\/bora.jpg?fit=1000%2C591&ssl=1&resize=350%2C200 1x, https:\/\/i0.wp.com\/www.shqiperia.com\/blog\/wp-content\/uploads\/2024\/12\/bora.jpg?fit=1000%2C591&ssl=1&resize=525%2C300 1.5x, https:\/\/i0.wp.com\/www.shqiperia.com\/blog\/wp-content\/uploads\/2024\/12\/bora.jpg?fit=1000%2C591&ssl=1&resize=700%2C400 2x"},"classes":[]},{"id":87220,"url":"https:\/\/www.shqiperia.com\/blog\/ulen-ndjeshem-temperaturat-ja-kush-do-te-jete-dita-me-e-ftohtete-merkuren-rikthehen-parashikimi-i-motit-per-javen\/","url_meta":{"origin":39565,"position":5},"title":"Ulen ndjesh\u00ebm temperaturat, ja kush do t\u00eb jet\u00eb dita m\u00eb e ftoht\u00eb,t\u00eb m\u00ebrkur\u00ebn rikthehen\u2026 Parashikimi i motit p\u00ebr jav\u00ebn","author":"Kurt Farka","date":"December 8, 2024","format":false,"excerpt":"8 Dhjetor 2024 P\u00ebr jav\u00ebn q\u00eb presim p\u00ebrpara vendi yn\u00eb do t\u00eb ndikohet nga nj\u00eb jav\u00eb \u201cnormale\u201d dimri si pasoj\u00eb e nj\u00eb qendre t\u00eb thell\u00eb e presionit t\u00eb ul\u00ebt q\u00eb ndikon jo vet\u00ebm mbi vendin ton\u00eb por edhe n\u00eb pjes\u00ebn m\u00eb t\u00eb madhe t\u00eb Evrop\u00ebs. Nuk do t\u00eb mungojn\u00eb dit\u00ebt\u2026","rel":"","context":"In &quot;Blogu i Udh\u00ebtarit&quot;","block_context":{"text":"Blogu i Udh\u00ebtarit","link":"https:\/\/www.shqiperia.com\/blog\/category\/blogu-i-udhetarit\/"},"img":{"alt_text":"","src":"https:\/\/i0.wp.com\/www.shqiperia.com\/blog\/wp-content\/uploads\/2024\/12\/moti.jpg?fit=730%2C440&ssl=1&resize=350%2C200","width":350,"height":200,"srcset":"https:\/\/i0.wp.com\/www.shqiperia.com\/blog\/wp-content\/uploads\/2024\/12\/moti.jpg?fit=730%2C440&ssl=1&resize=350%2C200 1x, https:\/\/i0.wp.com\/www.shqiperia.com\/blog\/wp-content\/uploads\/2024\/12\/moti.jpg?fit=730%2C440&ssl=1&resize=525%2C300 1.5x, https:\/\/i0.wp.com\/www.shqiperia.com\/blog\/wp-content\/uploads\/2024\/12\/moti.jpg?fit=730%2C440&ssl=1&resize=700%2C400 2x"},"classes":[]}],"_links":{"self":[{"href":"https:\/\/www.shqiperia.com\/blog\/wp-json\/wp\/v2\/posts\/39565","targetHints":{"allow":["GET"]}}],"collection":[{"href":"https:\/\/www.shqiperia.com\/blog\/wp-json\/wp\/v2\/posts"}],"about":[{"href":"https:\/\/www.shqiperia.com\/blog\/wp-json\/wp\/v2\/types\/post"}],"author":[{"embeddable":true,"href":"https:\/\/www.shqiperia.com\/blog\/wp-json\/wp\/v2\/users\/9"}],"replies":[{"embeddable":true,"href":"https:\/\/www.shqiperia.com\/blog\/wp-json\/wp\/v2\/comments?post=39565"}],"version-history":[{"count":1,"href":"https:\/\/www.shqiperia.com\/blog\/wp-json\/wp\/v2\/posts\/39565\/revisions"}],"predecessor-version":[{"id":39567,"href":"https:\/\/www.shqiperia.com\/blog\/wp-json\/wp\/v2\/posts\/39565\/revisions\/39567"}],"wp:featuredmedia":[{"embeddable":true,"href":"https:\/\/www.shqiperia.com\/blog\/wp-json\/wp\/v2\/media\/39566"}],"wp:attachment":[{"href":"https:\/\/www.shqiperia.com\/blog\/wp-json\/wp\/v2\/media?parent=39565"}],"wp:term":[{"taxonomy":"category","embeddable":true,"href":"https:\/\/www.shqiperia.com\/blog\/wp-json\/wp\/v2\/categories?post=39565"},{"taxonomy":"post_tag","embeddable":true,"href":"https:\/\/www.shqiperia.com\/blog\/wp-json\/wp\/v2\/tags?post=39565"}],"curies":[{"name":"wp","href":"https:\/\/api.w.org\/{rel}","templated":true}]}}