{"id":38938,"date":"2020-09-26T12:47:05","date_gmt":"2020-09-26T12:47:05","guid":{"rendered":"https:\/\/www.shqiperia.com\/blog\/?p=38938"},"modified":"2020-09-26T12:47:05","modified_gmt":"2020-09-26T12:47:05","slug":"na-presin-rrebeshe-te-medha-shiu-lumenjte-qe-rrezikohen-te-dalin-nga-shtrati-parashikimi-5-ditor-i-sinoptikaneve-ja-cpritet-ne-keto-qytete","status":"publish","type":"post","link":"https:\/\/www.shqiperia.com\/blog\/na-presin-rrebeshe-te-medha-shiu-lumenjte-qe-rrezikohen-te-dalin-nga-shtrati-parashikimi-5-ditor-i-sinoptikaneve-ja-cpritet-ne-keto-qytete\/","title":{"rendered":"Na presin rrebeshe t\u00eb m\u00ebdha shiu\u2026 lumenjt\u00eb q\u00eb rrezikohen t\u00eb dalin nga shtrati. Parashikimi 5 ditor i sinoptikan\u00ebve. Ja \u00e7&#8217;pritet n\u00eb k\u00ebto qytete"},"content":{"rendered":"<p><img data-recalc-dims=\"1\" loading=\"lazy\" decoding=\"async\" data-attachment-id=\"38939\" data-permalink=\"https:\/\/www.shqiperia.com\/blog\/na-presin-rrebeshe-te-medha-shiu-lumenjte-qe-rrezikohen-te-dalin-nga-shtrati-parashikimi-5-ditor-i-sinoptikaneve-ja-cpritet-ne-keto-qytete\/800-0-5f6f2f9371165\/\" data-orig-file=\"https:\/\/i0.wp.com\/www.shqiperia.com\/blog\/wp-content\/uploads\/2020\/09\/800-0-5f6f2f9371165.jpg?fit=800%2C445&amp;ssl=1\" data-orig-size=\"800,445\" data-comments-opened=\"1\" data-image-meta=\"{&quot;aperture&quot;:&quot;0&quot;,&quot;credit&quot;:&quot;&quot;,&quot;camera&quot;:&quot;&quot;,&quot;caption&quot;:&quot;&quot;,&quot;created_timestamp&quot;:&quot;0&quot;,&quot;copyright&quot;:&quot;&quot;,&quot;focal_length&quot;:&quot;0&quot;,&quot;iso&quot;:&quot;0&quot;,&quot;shutter_speed&quot;:&quot;0&quot;,&quot;title&quot;:&quot;&quot;,&quot;orientation&quot;:&quot;0&quot;}\" data-image-title=\"-800-0-5f6f2f9371165\" data-image-description=\"\" data-image-caption=\"\" data-medium-file=\"https:\/\/i0.wp.com\/www.shqiperia.com\/blog\/wp-content\/uploads\/2020\/09\/800-0-5f6f2f9371165.jpg?fit=300%2C167&amp;ssl=1\" data-large-file=\"https:\/\/i0.wp.com\/www.shqiperia.com\/blog\/wp-content\/uploads\/2020\/09\/800-0-5f6f2f9371165.jpg?fit=800%2C445&amp;ssl=1\" class=\"alignnone  wp-image-38939\" alt=\"\" src=\"https:\/\/i0.wp.com\/www.shqiperia.com\/blog\/wp-content\/uploads\/2020\/09\/800-0-5f6f2f9371165.jpg?resize=487%2C271&#038;ssl=1\" width=\"487\" height=\"271\" srcset=\"https:\/\/i0.wp.com\/www.shqiperia.com\/blog\/wp-content\/uploads\/2020\/09\/800-0-5f6f2f9371165.jpg?resize=300%2C167&amp;ssl=1 300w, https:\/\/i0.wp.com\/www.shqiperia.com\/blog\/wp-content\/uploads\/2020\/09\/800-0-5f6f2f9371165.jpg?resize=768%2C427&amp;ssl=1 768w, https:\/\/i0.wp.com\/www.shqiperia.com\/blog\/wp-content\/uploads\/2020\/09\/800-0-5f6f2f9371165.jpg?resize=450%2C250&amp;ssl=1 450w, https:\/\/i0.wp.com\/www.shqiperia.com\/blog\/wp-content\/uploads\/2020\/09\/800-0-5f6f2f9371165.jpg?resize=600%2C334&amp;ssl=1 600w, https:\/\/i0.wp.com\/www.shqiperia.com\/blog\/wp-content\/uploads\/2020\/09\/800-0-5f6f2f9371165.jpg?resize=400%2C223&amp;ssl=1 400w, https:\/\/i0.wp.com\/www.shqiperia.com\/blog\/wp-content\/uploads\/2020\/09\/800-0-5f6f2f9371165.jpg?w=800&amp;ssl=1 800w\" sizes=\"auto, (max-width: 487px) 100vw, 487px\" \/><\/p>\n<p>Na presin rrebeshe t\u00eb m\u00ebdha shiu\u2026 lumenjt\u00eb q\u00eb rrezikohen t\u00eb dalin nga shtrati. Parashikimi 5 ditor i sinoptikan\u00ebve. Ja \u00e7&#8217;pritet n\u00eb k\u00ebto qytete<\/p>\n<p>26 SHTATOR 2020<\/p>\n<p>Reshjet e forta t\u00eb shiut jan\u00eb vet\u00ebm fillimi i p\u00ebrkeq\u00ebsimit t\u00eb motit, pasi pritet t\u00eb jen\u00eb m\u00eb t\u00eb forta gjat\u00eb dit\u00ebs s\u00eb diel dhe t\u00eb h\u00ebn\u00ebn. Gjat\u00eb dit\u00ebs s\u00eb sotme sasia m\u00eb e madhe e shiut ka r\u00ebn\u00eb n\u00eb Shkod\u00ebr, 40 milimetra nd\u00ebrsa n\u00eb Tiran\u00eb kan\u00eb qen\u00eb 32. M\u00eb pak reshje ka pasur n\u00eb Pogradec edhe n\u00eb Kor\u00e7\u00eb.<\/p>\n<p>Nd\u00ebrkoh\u00eb sinoptikan\u00ebt kan\u00eb b\u00ebr\u00eb nj\u00eb parashikim 5 ditor t\u00eb reshjeve t\u00eb shiut. Sipas k\u00ebtij parashikimi n\u00eb Shkod\u00ebr do t\u00eb bien 160 milimetra shi, n\u00eb pun\u00eb 150, n\u00eb Tropoj\u00eb 140, n\u00eb Lezh\u00eb 130, nd\u00ebrsa n\u00eb Tiran\u00eb sasia e shiut q\u00eb pritet t\u00eb bjer\u00eb \u00ebsht\u00eb s\u00ebrish e madhe, 120 milimetra shi, po kaq pritet t\u00eb bjer\u00eb edhe n\u00eb Sarand\u00eb e Gjirokast\u00ebr. 100 milimetra do t\u00eb bjer\u00eb n\u00eb Durr\u00ebs dhe n\u00eb peshkopi nd\u00ebrsa m\u00eb pak reshje do t\u00eb bien n\u00eb Vlor\u00eb, Fier dhe Berat me nga 90 deri n\u00eb 80 milimetra shi. Kjo \u00ebsht\u00eb nj\u00eb sasi shum\u00eb e madhe uji q\u00eb do shkarkohet brenda nj\u00eb kohe t\u00eb shkurt\u00ebr dhe do t\u00eb rris\u00eb s\u00eb tep\u00ebrmi nivelin e lumenjve dhe t\u00eb p\u00ebrrenjve.<\/p>\n<p>Konkretisht m\u00eb s\u00eb shumti rrezikohet q\u00eb t\u00eb shkaktohen problem n\u00eb Shkod\u00ebr p\u00ebr shkak se reshjet jan\u00eb parashikuar t\u00eb jen\u00eb 160 milimetra ose 160 litra p\u00ebr m2. K\u00ebshtu n\u00eb Shkod\u00ebr rrezikon t\u00eb dal\u00eb nga shtrati lumi Buna.<\/p>\n<p>Nd\u00ebrkoh\u00eb lumenjt\u00eb e tjer\u00eb q\u00eb pritet t\u00eb sjellin problematika si pasoj\u00eb e reshjeve jan\u00eb: Buna, Fan, Mat, Drini i Zi, Shkumbini, Erzeni dhe lumi Drino.<\/p>\n<p>Nd\u00ebrkoh\u00eb era sot do jet\u00eb problematike kryesisht n\u00eb detin Jon ku shpejt\u00ebsia mbetet rreth 65 km\/h nd\u00ebrsa nes\u00ebr pasdite do ket\u00eb nj\u00eb tjet\u00ebr forcim t\u00eb er\u00ebs n\u00eb det dhe territor, duke arritur shpejt\u00ebsi deri 75 km\/h nd\u00ebrsa dallg\u00ebzimi ne det ngjitet ne 6 ball\u00eb.<\/p>\n<p>Reshjet mbeten prezente thuajse n\u00eb gjith\u00eb vendin n\u00eb form\u00eb rrebeshi.<\/p>\n<p>Gazeta Sot<\/p>\n","protected":false},"excerpt":{"rendered":"<p>Na presin rrebeshe t\u00eb m\u00ebdha shiu\u2026 lumenjt\u00eb q\u00eb rrezikohen t\u00eb dalin nga shtrati. Parashikimi 5 ditor i sinoptikan\u00ebve. Ja \u00e7&#8217;pritet n\u00eb k\u00ebto qytete 26 SHTATOR 2020 Reshjet e forta t\u00eb shiut jan\u00eb vet\u00ebm fillimi i p\u00ebrkeq\u00ebsimit t\u00eb motit, pasi pritet t\u00eb jen\u00eb m\u00eb t\u00eb forta gjat\u00eb dit\u00ebs s\u00eb diel dhe t\u00eb h\u00ebn\u00ebn. Gjat\u00eb dit\u00ebs s\u00eb [&hellip;]<\/p>\n","protected":false},"author":9,"featured_media":38939,"comment_status":"open","ping_status":"open","sticky":false,"template":"","format":"standard","meta":{"jetpack_post_was_ever_published":false,"_jetpack_newsletter_access":"","_jetpack_dont_email_post_to_subs":false,"_jetpack_newsletter_tier_id":0,"_jetpack_memberships_contains_paywalled_content":false,"_jetpack_memberships_contains_paid_content":false,"footnotes":"","jetpack_publicize_message":"","jetpack_publicize_feature_enabled":true,"jetpack_social_post_already_shared":true,"jetpack_social_options":{"image_generator_settings":{"template":"highway","default_image_id":0,"font":"","enabled":false},"version":2}},"categories":[27,1,35],"tags":[],"class_list":["post-38938","post","type-post","status-publish","format-standard","has-post-thumbnail","hentry","category-blogu-i-udhetarit","category-njoftime-shtypi","category-shoqerore"],"jetpack_publicize_connections":[],"jetpack_featured_media_url":"https:\/\/i0.wp.com\/www.shqiperia.com\/blog\/wp-content\/uploads\/2020\/09\/800-0-5f6f2f9371165.jpg?fit=800%2C445&ssl=1","jetpack_sharing_enabled":true,"jetpack_shortlink":"https:\/\/wp.me\/p5Z6wp-a82","jetpack-related-posts":[{"id":102085,"url":"https:\/\/www.shqiperia.com\/blog\/ne-oret-e-pasdites-priten-reshje-shiu-ja-parashikimi-i-motit-per-sot\/","url_meta":{"origin":38938,"position":0},"title":"N\u00eb or\u00ebt e pasdites priten reshje shiu, ja parashikimi i motit p\u00ebr sot","author":"Kurt Farka","date":"July 1, 2026","format":false,"excerpt":"1 Korrik 2026 Sipas Sh\u00ebrbimit Meteorologjik Ushtarak moti parashikohet me kthjellime dhe alternime vran\u00ebsirash mesatare e hera-her\u00ebs deri t\u00eb dendura p\u00ebrgjat\u00eb relieveve malore n\u00eb lindje e juglindje t\u00eb territorit, pas or\u00ebve t\u00eb pasdites pritet shp\u00ebrb\u00ebrje e vran\u00ebsirave. Pas or\u00ebve t\u00eb pasdites mot i kthjell\u00ebt n\u00eb pjes\u00ebn m\u00eb t\u00eb madhe t\u00eb\u2026","rel":"","context":"In &quot;Njoftime Shtypi&quot;","block_context":{"text":"Njoftime Shtypi","link":"https:\/\/www.shqiperia.com\/blog\/category\/njoftime-shtypi\/"},"img":{"alt_text":"","src":"https:\/\/i0.wp.com\/www.shqiperia.com\/blog\/wp-content\/uploads\/2026\/07\/mot-me-shi.jpg?fit=1200%2C707&ssl=1&resize=350%2C200","width":350,"height":200,"srcset":"https:\/\/i0.wp.com\/www.shqiperia.com\/blog\/wp-content\/uploads\/2026\/07\/mot-me-shi.jpg?fit=1200%2C707&ssl=1&resize=350%2C200 1x, https:\/\/i0.wp.com\/www.shqiperia.com\/blog\/wp-content\/uploads\/2026\/07\/mot-me-shi.jpg?fit=1200%2C707&ssl=1&resize=525%2C300 1.5x, https:\/\/i0.wp.com\/www.shqiperia.com\/blog\/wp-content\/uploads\/2026\/07\/mot-me-shi.jpg?fit=1200%2C707&ssl=1&resize=700%2C400 2x, https:\/\/i0.wp.com\/www.shqiperia.com\/blog\/wp-content\/uploads\/2026\/07\/mot-me-shi.jpg?fit=1200%2C707&ssl=1&resize=1050%2C600 3x"},"classes":[]},{"id":75769,"url":"https:\/\/www.shqiperia.com\/blog\/moti-i-keq-pushton-shqiperine-ne-24-oret-e-ardhshme-priten-rrebeshe-qytetet-me-te-rrezikuara\/","url_meta":{"origin":38938,"position":1},"title":"Moti i keq pushton Shqip\u00ebrin\u00eb. &#8211; N\u00eb 24 or\u00ebt e ardhshme priten rrebeshe: Qytetet m\u00eb t\u00eb rrezikuara","author":"Kurt Farka","date":"November 24, 2023","format":false,"excerpt":"24 Nentor 2023 Agjencia Komb\u00ebtare e Mbrojtjes Civile ka b\u00ebr\u00eb me dije se, n\u00eb or\u00ebt n\u00eb vijim pritet t\u00eb ket\u00eb nj\u00eb rritje t\u00eb ndjeshme t\u00eb reshjeve n\u00eb disa pjes\u00eb t\u00eb territorit t\u00eb vendit, nga ku edhe priten probleme. Parashikimi nga ekspert\u00ebt e Institutit t\u00eb Gjeoshkencave \u201cIGJEO\u201d tregon se gjat\u00eb dit\u00ebs\u2026","rel":"","context":"In &quot;Blogu i Udh\u00ebtarit&quot;","block_context":{"text":"Blogu i Udh\u00ebtarit","link":"https:\/\/www.shqiperia.com\/blog\/category\/blogu-i-udhetarit\/"},"img":{"alt_text":"","src":"https:\/\/i0.wp.com\/www.shqiperia.com\/blog\/wp-content\/uploads\/2023\/11\/Moti-1-750x375-1.jpg?fit=750%2C375&ssl=1&resize=350%2C200","width":350,"height":200,"srcset":"https:\/\/i0.wp.com\/www.shqiperia.com\/blog\/wp-content\/uploads\/2023\/11\/Moti-1-750x375-1.jpg?fit=750%2C375&ssl=1&resize=350%2C200 1x, https:\/\/i0.wp.com\/www.shqiperia.com\/blog\/wp-content\/uploads\/2023\/11\/Moti-1-750x375-1.jpg?fit=750%2C375&ssl=1&resize=525%2C300 1.5x, https:\/\/i0.wp.com\/www.shqiperia.com\/blog\/wp-content\/uploads\/2023\/11\/Moti-1-750x375-1.jpg?fit=750%2C375&ssl=1&resize=700%2C400 2x"},"classes":[]},{"id":103257,"url":"https:\/\/www.shqiperia.com\/blog\/e-hena-me-reshje-intensive-shiu-ne-disa-qarqe-ulen-temperaturat\/","url_meta":{"origin":38938,"position":2},"title":"E h\u00ebna me reshje intensive shiu n\u00eb disa qarqe, ulen temperaturat","author":"Kurt Farka","date":"July 26, 2026","format":false,"excerpt":"26 Korrik 2026 Instituti i Gjeoshkencave ka ndar\u00eb sot nj\u00eb parashikim lidhur me kushtet e motit p\u00ebr fillimin e jav\u00ebs. Sipas t\u00eb dh\u00ebnave, e h\u00ebna do t\u00eb shoq\u00ebrohet me reshje shiu, q\u00eb do t\u00eb jen\u00eb m\u00eb intensive ve\u00e7an\u00ebrisht n\u00eb disa prej qarqeve t\u00eb vendit, nd\u00ebrsa n\u00eb zonat e tjera nuk\u2026","rel":"","context":"In &quot;Blogu i Udh\u00ebtarit&quot;","block_context":{"text":"Blogu i Udh\u00ebtarit","link":"https:\/\/www.shqiperia.com\/blog\/category\/blogu-i-udhetarit\/"},"img":{"alt_text":"","src":"https:\/\/i0.wp.com\/www.shqiperia.com\/blog\/wp-content\/uploads\/2026\/07\/640-0-shiu.png?fit=640%2C420&ssl=1&resize=350%2C200","width":350,"height":200,"srcset":"https:\/\/i0.wp.com\/www.shqiperia.com\/blog\/wp-content\/uploads\/2026\/07\/640-0-shiu.png?fit=640%2C420&ssl=1&resize=350%2C200 1x, https:\/\/i0.wp.com\/www.shqiperia.com\/blog\/wp-content\/uploads\/2026\/07\/640-0-shiu.png?fit=640%2C420&ssl=1&resize=525%2C300 1.5x"},"classes":[]},{"id":43870,"url":"https:\/\/www.shqiperia.com\/blog\/menduam-se-moti-me-ne-fund-u-qetesua-por-po-afrohet-anticikloni-me-i-fuqishem-ne-rajon-java-e-dyte-e-shkurtit-risjell-reshjet-parashikimi-per-muajin\/","url_meta":{"origin":38938,"position":3},"title":"Menduam se moti m\u00eb n\u00eb fund u qet\u00ebsua, por po afrohet anticikloni m\u00eb i fuqish\u00ebm n\u00eb rajon! Java e dyt\u00eb e shkurtit risjell reshjet, parashikimi p\u00ebr muajin","author":"Kurt Farka","date":"February 7, 2021","format":false,"excerpt":"Menduam se moti m\u00eb n\u00eb fund u qet\u00ebsua, por po afrohet anticikloni m\u00eb i fuqish\u00ebm n\u00eb rajon! Java e dyt\u00eb e shkurtit risjell reshjet, parashikimi p\u00ebr muajin 6 shkurt \u00a02021 Me ngritjen e temperaturave t\u00eb k\u00ebtyre dit\u00ebve u mendua se erdhi m\u00eb n\u00eb fund qet\u00ebsimi i motit pas nj\u00eb janari\u2026","rel":"","context":"In &quot;Blogu i Udh\u00ebtarit&quot;","block_context":{"text":"Blogu i Udh\u00ebtarit","link":"https:\/\/www.shqiperia.com\/blog\/category\/blogu-i-udhetarit\/"},"img":{"alt_text":"","src":"https:\/\/i0.wp.com\/www.shqiperia.com\/blog\/wp-content\/uploads\/2021\/02\/800-0-66458519cfc881c99d1fd283a856c4b0-905x450-1.jpg?fit=905%2C450&ssl=1&resize=350%2C200","width":350,"height":200,"srcset":"https:\/\/i0.wp.com\/www.shqiperia.com\/blog\/wp-content\/uploads\/2021\/02\/800-0-66458519cfc881c99d1fd283a856c4b0-905x450-1.jpg?fit=905%2C450&ssl=1&resize=350%2C200 1x, https:\/\/i0.wp.com\/www.shqiperia.com\/blog\/wp-content\/uploads\/2021\/02\/800-0-66458519cfc881c99d1fd283a856c4b0-905x450-1.jpg?fit=905%2C450&ssl=1&resize=525%2C300 1.5x, https:\/\/i0.wp.com\/www.shqiperia.com\/blog\/wp-content\/uploads\/2021\/02\/800-0-66458519cfc881c99d1fd283a856c4b0-905x450-1.jpg?fit=905%2C450&ssl=1&resize=700%2C400 2x"},"classes":[]},{"id":102976,"url":"https:\/\/www.shqiperia.com\/blog\/sinoptikania-freskimi-nis-te-merkuren-rrebeshe-ne-te-gjithe-territorin\/","url_meta":{"origin":38938,"position":4},"title":"Sinoptikania: &#8211; Freskimi nis t\u00eb m\u00ebrkur\u00ebn, rrebeshe n\u00eb t\u00eb gjith\u00eb territorin","author":"Kurt Farka","date":"July 20, 2026","format":false,"excerpt":"20 Korrik 2026 Shqip\u00ebria po p\u00ebrjeton dit\u00ebt e fundit t\u00eb val\u00ebs s\u00eb t\u00eb nxehtit afrikan, me temperatura q\u00eb kan\u00eb arritur deri n\u00eb 42 grad\u00eb Celsius n\u00eb disa zona. Por situata pritet t\u00eb ndryshoj\u00eb ndjesh\u00ebm gjat\u00eb k\u00ebsaj jave, pasi nj\u00eb mas\u00eb ajrore e fresk\u00ebt nga veriu i Evrop\u00ebs do t\u00eb sjell\u00eb\u2026","rel":"","context":"In &quot;Blogu i Udh\u00ebtarit&quot;","block_context":{"text":"Blogu i Udh\u00ebtarit","link":"https:\/\/www.shqiperia.com\/blog\/category\/blogu-i-udhetarit\/"},"img":{"alt_text":"","src":"https:\/\/i0.wp.com\/www.shqiperia.com\/blog\/wp-content\/uploads\/2026\/07\/shiu.jpg?fit=780%2C440&ssl=1&resize=350%2C200","width":350,"height":200,"srcset":"https:\/\/i0.wp.com\/www.shqiperia.com\/blog\/wp-content\/uploads\/2026\/07\/shiu.jpg?fit=780%2C440&ssl=1&resize=350%2C200 1x, https:\/\/i0.wp.com\/www.shqiperia.com\/blog\/wp-content\/uploads\/2026\/07\/shiu.jpg?fit=780%2C440&ssl=1&resize=525%2C300 1.5x, https:\/\/i0.wp.com\/www.shqiperia.com\/blog\/wp-content\/uploads\/2026\/07\/shiu.jpg?fit=780%2C440&ssl=1&resize=700%2C400 2x"},"classes":[]},{"id":50288,"url":"https:\/\/www.shqiperia.com\/blog\/kur-nisin-reshjet-e-shiut-dhe-renia-e-temperaturave-parashikimi-i-motit-per-5-ditet-e-ardhshme-te-merkuren\/","url_meta":{"origin":38938,"position":5},"title":"Kur nisin reshjet e shiut dhe r\u00ebnia e temperaturave? Parashikimi i motit p\u00ebr 5 dit\u00ebt e ardhshme: T\u00eb m\u00ebrkur\u00ebn&#8230;","author":"Kurt Farka","date":"October 4, 2021","format":false,"excerpt":"Kur nisin reshjet e shiut dhe r\u00ebnia e temperaturave? Parashikimi i motit p\u00ebr 5 dit\u00ebt e ardhshme: T\u00eb m\u00ebrkur\u00ebn... 4 TETOR 2021 GAZETA SHQIP Java ka nisur me diell dhe temperatura t\u00eb larta, por sipas Sherbimit Meteorologjik Ushtarak nuk do t\u00eb vijoj\u00eb e till\u00eb. Deri pasditen e s\u00eb mart\u00ebs moti\u2026","rel":"","context":"In &quot;Shoqerore&quot;","block_context":{"text":"Shoqerore","link":"https:\/\/www.shqiperia.com\/blog\/category\/shoqerore\/"},"img":{"alt_text":"","src":"https:\/\/i0.wp.com\/www.shqiperia.com\/blog\/wp-content\/uploads\/2021\/10\/640-0-615aee7571b6e.jpg?fit=640%2C360&ssl=1&resize=350%2C200","width":350,"height":200,"srcset":"https:\/\/i0.wp.com\/www.shqiperia.com\/blog\/wp-content\/uploads\/2021\/10\/640-0-615aee7571b6e.jpg?fit=640%2C360&ssl=1&resize=350%2C200 1x, https:\/\/i0.wp.com\/www.shqiperia.com\/blog\/wp-content\/uploads\/2021\/10\/640-0-615aee7571b6e.jpg?fit=640%2C360&ssl=1&resize=525%2C300 1.5x"},"classes":[]}],"_links":{"self":[{"href":"https:\/\/www.shqiperia.com\/blog\/wp-json\/wp\/v2\/posts\/38938","targetHints":{"allow":["GET"]}}],"collection":[{"href":"https:\/\/www.shqiperia.com\/blog\/wp-json\/wp\/v2\/posts"}],"about":[{"href":"https:\/\/www.shqiperia.com\/blog\/wp-json\/wp\/v2\/types\/post"}],"author":[{"embeddable":true,"href":"https:\/\/www.shqiperia.com\/blog\/wp-json\/wp\/v2\/users\/9"}],"replies":[{"embeddable":true,"href":"https:\/\/www.shqiperia.com\/blog\/wp-json\/wp\/v2\/comments?post=38938"}],"version-history":[{"count":1,"href":"https:\/\/www.shqiperia.com\/blog\/wp-json\/wp\/v2\/posts\/38938\/revisions"}],"predecessor-version":[{"id":38940,"href":"https:\/\/www.shqiperia.com\/blog\/wp-json\/wp\/v2\/posts\/38938\/revisions\/38940"}],"wp:featuredmedia":[{"embeddable":true,"href":"https:\/\/www.shqiperia.com\/blog\/wp-json\/wp\/v2\/media\/38939"}],"wp:attachment":[{"href":"https:\/\/www.shqiperia.com\/blog\/wp-json\/wp\/v2\/media?parent=38938"}],"wp:term":[{"taxonomy":"category","embeddable":true,"href":"https:\/\/www.shqiperia.com\/blog\/wp-json\/wp\/v2\/categories?post=38938"},{"taxonomy":"post_tag","embeddable":true,"href":"https:\/\/www.shqiperia.com\/blog\/wp-json\/wp\/v2\/tags?post=38938"}],"curies":[{"name":"wp","href":"https:\/\/api.w.org\/{rel}","templated":true}]}}