{"id":38491,"date":"2020-09-16T09:58:52","date_gmt":"2020-09-16T09:58:52","guid":{"rendered":"https:\/\/www.shqiperia.com\/blog\/?p=38491"},"modified":"2020-09-16T09:58:52","modified_gmt":"2020-09-16T09:58:52","slug":"7-shenjat-se-si-mund-ta-zbuloni-nese-e-keni-kaluar-ose-jo-covid-19","status":"publish","type":"post","link":"https:\/\/www.shqiperia.com\/blog\/7-shenjat-se-si-mund-ta-zbuloni-nese-e-keni-kaluar-ose-jo-covid-19\/","title":{"rendered":"7 shenjat se si mund ta zbuloni n\u00ebse e keni kaluar ose jo Covid-19"},"content":{"rendered":"<p><img data-recalc-dims=\"1\" loading=\"lazy\" decoding=\"async\" data-attachment-id=\"38492\" data-permalink=\"https:\/\/www.shqiperia.com\/blog\/7-shenjat-se-si-mund-ta-zbuloni-nese-e-keni-kaluar-ose-jo-covid-19\/640-0-cad8e9c878277c4bcfc31d061f80e146\/\" data-orig-file=\"https:\/\/i0.wp.com\/www.shqiperia.com\/blog\/wp-content\/uploads\/2020\/09\/640-0-cad8e9c878277c4bcfc31d061f80e146.jpg?fit=640%2C381&amp;ssl=1\" data-orig-size=\"640,381\" data-comments-opened=\"1\" data-image-meta=\"{&quot;aperture&quot;:&quot;0&quot;,&quot;credit&quot;:&quot;&quot;,&quot;camera&quot;:&quot;&quot;,&quot;caption&quot;:&quot;&quot;,&quot;created_timestamp&quot;:&quot;0&quot;,&quot;copyright&quot;:&quot;&quot;,&quot;focal_length&quot;:&quot;0&quot;,&quot;iso&quot;:&quot;0&quot;,&quot;shutter_speed&quot;:&quot;0&quot;,&quot;title&quot;:&quot;&quot;,&quot;orientation&quot;:&quot;0&quot;}\" data-image-title=\"-640-0-cad8e9c878277c4bcfc31d061f80e146\" data-image-description=\"\" data-image-caption=\"\" data-medium-file=\"https:\/\/i0.wp.com\/www.shqiperia.com\/blog\/wp-content\/uploads\/2020\/09\/640-0-cad8e9c878277c4bcfc31d061f80e146.jpg?fit=300%2C179&amp;ssl=1\" data-large-file=\"https:\/\/i0.wp.com\/www.shqiperia.com\/blog\/wp-content\/uploads\/2020\/09\/640-0-cad8e9c878277c4bcfc31d061f80e146.jpg?fit=640%2C381&amp;ssl=1\" class=\"alignnone  wp-image-38492\" alt=\"\" src=\"https:\/\/i0.wp.com\/www.shqiperia.com\/blog\/wp-content\/uploads\/2020\/09\/640-0-cad8e9c878277c4bcfc31d061f80e146.jpg?resize=545%2C325&#038;ssl=1\" width=\"545\" height=\"325\" srcset=\"https:\/\/i0.wp.com\/www.shqiperia.com\/blog\/wp-content\/uploads\/2020\/09\/640-0-cad8e9c878277c4bcfc31d061f80e146.jpg?resize=300%2C179&amp;ssl=1 300w, https:\/\/i0.wp.com\/www.shqiperia.com\/blog\/wp-content\/uploads\/2020\/09\/640-0-cad8e9c878277c4bcfc31d061f80e146.jpg?resize=450%2C268&amp;ssl=1 450w, https:\/\/i0.wp.com\/www.shqiperia.com\/blog\/wp-content\/uploads\/2020\/09\/640-0-cad8e9c878277c4bcfc31d061f80e146.jpg?resize=600%2C357&amp;ssl=1 600w, https:\/\/i0.wp.com\/www.shqiperia.com\/blog\/wp-content\/uploads\/2020\/09\/640-0-cad8e9c878277c4bcfc31d061f80e146.jpg?resize=400%2C238&amp;ssl=1 400w, https:\/\/i0.wp.com\/www.shqiperia.com\/blog\/wp-content\/uploads\/2020\/09\/640-0-cad8e9c878277c4bcfc31d061f80e146.jpg?w=640&amp;ssl=1 640w\" sizes=\"auto, (max-width: 545px) 100vw, 545px\" \/><\/p>\n<p><strong>7 shenjat se si mund ta zbuloni n\u00ebse e keni kaluar ose jo Covid-19<\/strong><\/p>\n<p><strong>13 Shtator 2020<\/strong><\/p>\n<p>Koronavirusi po vazhdon t\u00eb p\u00ebrhapet n\u00eb gjith\u00eb bot\u00ebn. Sot sh\u00ebnohen 6 muaj q\u00eb kur Organizata Bot\u00ebrore e Sh\u00ebndet\u00ebsis\u00eb e shpalli Covid-19 si pandemi. M\u00eb 11 mars, kreu i OBSH, Tedros Adhanom Ghebreyesus, deklaroi se ishte thell\u00ebsisht i shqet\u00ebsuar nga niveli i lart\u00eb i mosreagimit ndaj k\u00ebtij virusi. N\u00eb at\u00eb koh\u00eb ai iu b\u00ebri thirrje qeverive t\u00eb bot\u00ebs q\u00eb t\u00eb nd\u00ebrmarrin hapa agr esive ku nd\u00ebr Covid-19.<\/p>\n<p>N\u00eb k\u00ebt\u00eb koh\u00eb jan\u00eb dh\u00ebn\u00eb shum\u00eb informacione dhe s\u00eb fundmi nj\u00eb raport me shtat\u00eb pika tregon shenja\/simptoma t\u00eb caktuara q\u00eb mund t\u2019u ndihmojn\u00eb t\u00eb kuptoni n\u00ebse e keni kaluar apo jo Covid-19, edhe pse kjo nuk mund t\u00eb dihet me siguri t\u00eb plot\u00eb.<\/p>\n<p><strong>1.Keni pasur nj\u00eb \u201cftohje t\u00eb keqe\u201d<\/strong><\/p>\n<p>N\u00eb fillim t\u00eb pandemis\u00eb, njer\u00ebzit n\u00eb SHBA mendonin se Covid-19 nuk qarkullonte ende deri n\u00eb fund t\u00eb shkurtit dhe marsit, por nj\u00eb k\u00ebrkim i ri nga Universiteti i Teksasit sugjeron t\u00eb kund\u00ebrt\u00ebn. Studiuesit zbuluan se p\u00ebr \u00e7do dy raste t\u00eb gripit t\u00eb gripit, n\u00eb at\u00eb periudh\u00eb, ekzistonte nj\u00eb rast me Covid-19. Mund t\u00eb jet\u00eb e v\u00ebsh tir\u00eb t\u00eb dalloni nj\u00eb t\u00eb ftoht\u00eb nga nj\u00eb form\u00eb e but\u00eb e Covid-19 pa nj\u00eb test, n\u00eb var\u00ebsi t\u00eb simptomave q\u00eb p\u00ebrjetoni. Sidoqoft\u00eb, k\u00ebtu \u00ebsht\u00eb lista e simptomave zyrtre nga CDC:<\/p>\n<p>-Ethe ose t\u00eb dri dhura-Kollitje-V\u00eb shtir\u00ebsi n\u00eb frym\u00ebmarrje-Lodhje-Dhi mbje e muskujve t\u00eb trupit, dhimbje fyti dhe\/ose koke\u2013 Humbje e shijes ose er\u00ebs\u2013 Rruf\u00eb\u2013 T\u00eb p\u00ebrziera ose t\u00eb vjella<\/p>\n<p>\u2013 Diarre<\/p>\n<p><strong>2.N\u00eb nj\u00eb moment t\u00eb caktuar keni humbur shijen ose nuhatjen<\/strong><\/p>\n<p>Humbja e nuhatjes dhe shijes ka qen\u00eb nj\u00eb shenj\u00eb dalluese e madhe e Covid-19. Ndon\u00ebse kjo simptom\u00eb nuk ndodh p\u00ebr t\u00eb gjith\u00eb, Dr. Adalja thekson se tani \u00ebsht\u00eb e lidhur fort me koronavirusin.<\/p>\n<p><strong>3.Keni pasur nj\u00eb r\u00ebnie flok\u00ebsh t\u00eb pashpjegueshme<\/strong><\/p>\n<p>Kjo nuk \u00ebsht\u00eb studiuar gjer\u00ebsisht n\u00eb kontekstin e Covid-19, por shum\u00eb njer\u00ebz q\u00eb jan\u00eb rikuperuar nga virusi, po raportojn\u00eb si simptom\u00eb edhe humbjen e flok\u00ebve. Sidoqoft\u00eb, nuk ka gjasa q\u00eb ju t\u00eb p\u00ebrjetoni vet\u00ebm dhe vet\u00ebm r\u00ebnie flok\u00ebsh n\u00ebse jeni\/keni qen\u00eb me Covid. Zakonisht, kjo shoq\u00ebrohet me disa prej simptomave t\u00eb lartp\u00ebrmendura.<\/p>\n<p><strong>4.Ndonj\u00ebher\u00eb jeni ndjer\u00eb si \u201cpa frym\u00eb\u201d apo sikur po ju merrej fryma papritmas<\/strong><\/p>\n<p>Hulumtimi i botuar n\u00eb revist\u00ebn JAMA ka zbuluar se njer\u00ebzit me Covid-19 mund t\u00eb ken\u00eb disa pasoja t\u00eb virusit, p\u00ebrfshir\u00eb shkurtim t\u00eb frym\u00ebmarrjes. Kjo ka t\u00eb ngjar\u00eb t\u00eb ndodh\u00eb p\u00ebr shkak t\u00eb infl amacionit t\u00eb q\u00ebndruesh\u00ebm n\u00eb mushk\u00ebri dhe \u00ebsht\u00eb nj\u00eb nga simptomat m\u00eb tipike t\u00eb virusit.<\/p>\n<p><strong>5.Keni pasur koll\u00eb q\u00eb dukej sikur s\u2019do largohej<\/strong><\/p>\n<p>Nj\u00eb koll\u00eb e zgjatur \u00ebsht\u00eb nj\u00eb tjet\u00ebr simptom\u00eb, q\u00eb njer\u00ebzit q\u00eb mor\u00ebn pjes\u00eb n\u00eb studimin JAMA raportuan. Kollitja \u00ebsht\u00eb zakonisht e that\u00eb, thot\u00eb Dr. Adalja dhe \u00ebsht\u00eb gjithashtu, nj\u00eb nga simptomat m\u00eb t\u00eb njohura: T\u00eb dh\u00ebnat nga CDC zbuluan se 43% e njer\u00ebzve q\u00eb kishin Covid-19 kishin ende koll\u00eb 14 deri n\u00eb 21 dit\u00eb pasi kishin marr\u00eb nj\u00eb test pozitiv p\u00ebr virusin.<\/p>\n<p><strong>6.Jeni ndjer\u00eb v\u00ebrtet, v\u00ebrtet t\u00eb lodhur<\/strong><\/p>\n<p>Sipas studimit JAMA, 53% e pacient\u00ebve than\u00eb se po luf tonin me lodhjen rreth 60 dit\u00eb pasi kishin shfaqur p\u00ebr her\u00eb t\u00eb par\u00eb shenja t\u00eb virusit. \u201cKjo mund t\u00eb jet\u00eb m\u00ebnyra se si sistemi imunitar i nj\u00eb personi reagon ndaj virusit, ose thjesht mund t\u00eb jet\u00eb m\u00ebnyra se si virusi funksionon n\u00eb trup\u201d, shprehet Dr. Adalja.<\/p>\n<p>Mbani n\u00eb mend se lodhja \u00ebsht\u00eb nj\u00eb \u00e7\u00ebshtje v\u00ebrtet e zakonshme dhe mund t\u00eb jet\u00eb nj\u00eb shenj\u00eb e problemeve t\u00eb ndryshme sh\u00ebndet\u00ebsore (duke p\u00ebrfshir\u00eb, natyrisht, munges\u00ebn e gjumit). Ashtu si r\u00ebnia e flok\u00ebve, njer\u00ebzit q\u00eb p\u00ebrjetojn\u00eb lodhje p\u00ebr shkak t\u00eb Covid-19 do ta ken\u00eb at\u00eb t\u00eb shoq\u00ebruar edhe me simptoma t\u00eb tjera t\u00eb virusit, thot\u00eb Dr. Adalja.<\/p>\n<p><strong>7.Keni pasur simptoma t\u00eb pazakonta, q\u00eb dukej sikur do zgjasin p\u00ebrgjithmon\u00eb<\/strong><\/p>\n<p>Ekspert\u00ebt theksojn\u00eb se Covid-19 \u00ebsht\u00eb ende nj\u00eb virus i ri, k\u00ebshtu q\u00eb mjek\u00ebt dhe shkenc\u00ebtar\u00ebt po m\u00ebsojn\u00eb m\u00eb shum\u00eb p\u00ebr t\u00eb gjat\u00eb gjith\u00eb koh\u00ebs. Sigurisht, ka shum\u00eb nd\u00ebrlikime t\u00eb tjera q\u00eb ekspert\u00ebt mund t\u00eb mos i din\u00eb akoma. N\u00ebse jeni ndjer\u00eb keq dhe simptomat tuaja jan\u00eb t\u00eb vazhdueshme, Dr. Schaffner thot\u00eb se \u00ebsht\u00eb nj\u00eb ide e mir\u00eb t\u00eb kontrolloheni nga mjeku juaj, pavar\u00ebsisht n\u00ebse mendoni se simptomat kan\u00eb lidhje me Covid-19 ose jo.<\/p>\n<p>Gazeta Shqip<\/p>\n","protected":false},"excerpt":{"rendered":"<p>7 shenjat se si mund ta zbuloni n\u00ebse e keni kaluar ose jo Covid-19 13 Shtator 2020 Koronavirusi po vazhdon t\u00eb p\u00ebrhapet n\u00eb gjith\u00eb bot\u00ebn. Sot sh\u00ebnohen 6 muaj q\u00eb kur Organizata Bot\u00ebrore e Sh\u00ebndet\u00ebsis\u00eb e shpalli Covid-19 si pandemi. M\u00eb 11 mars, kreu i OBSH, Tedros Adhanom Ghebreyesus, deklaroi se ishte thell\u00ebsisht i shqet\u00ebsuar [&hellip;]<\/p>\n","protected":false},"author":9,"featured_media":38492,"comment_status":"open","ping_status":"open","sticky":false,"template":"","format":"standard","meta":{"jetpack_post_was_ever_published":false,"_jetpack_newsletter_access":"","_jetpack_dont_email_post_to_subs":false,"_jetpack_newsletter_tier_id":0,"_jetpack_memberships_contains_paywalled_content":false,"_jetpack_memberships_contains_paid_content":false,"footnotes":"","jetpack_publicize_message":"","jetpack_publicize_feature_enabled":true,"jetpack_social_post_already_shared":true,"jetpack_social_options":{"image_generator_settings":{"template":"highway","default_image_id":0,"font":"","enabled":false},"version":2}},"categories":[27,10,35],"tags":[],"class_list":["post-38491","post","type-post","status-publish","format-standard","has-post-thumbnail","hentry","category-blogu-i-udhetarit","category-kultura","category-shoqerore"],"jetpack_publicize_connections":[],"jetpack_featured_media_url":"https:\/\/i0.wp.com\/www.shqiperia.com\/blog\/wp-content\/uploads\/2020\/09\/640-0-cad8e9c878277c4bcfc31d061f80e146.jpg?fit=640%2C381&ssl=1","jetpack_sharing_enabled":true,"jetpack_shortlink":"https:\/\/wp.me\/p5Z6wp-a0P","jetpack-related-posts":[{"id":32925,"url":"https:\/\/www.shqiperia.com\/blog\/shenjat-qe-tregojne-se-ju-mund-ta-keni-kaluar-koronavirusin-por-nuk-e-keni-ditur\/","url_meta":{"origin":38491,"position":0},"title":"Shenjat q\u00eb tregojn\u00eb se ju mund ta keni kaluar koronavirusin, por nuk e keni ditur","author":"Kurt Farka","date":"March 31, 2020","format":false,"excerpt":"Shenjat q\u00eb tregojn\u00eb se ju mund ta keni kaluar koronavirusin, por nuk e keni ditur 31 mars \u00a02020 \u00cbsht\u00eb e mundshme q\u00eb coronavirusin, s\u00eb paku, si\u00e7 konstatojn\u00eb dit\u00ebve t\u00eb fundit ekspert\u00ebt, e keni kaluar duke q\u00ebndruar n\u00eb k\u00ebmb\u00eb Ekspert\u00ebt theksojn\u00eb q\u00eb ekziston mund\u00ebsia q\u00eb disa persona jan\u00eb sh\u00ebruar nga coronavirusi\u2026","rel":"","context":"In &quot;Blogu i Udh\u00ebtarit&quot;","block_context":{"text":"Blogu i Udh\u00ebtarit","link":"https:\/\/www.shqiperia.com\/blog\/category\/blogu-i-udhetarit\/"},"img":{"alt_text":"","src":"https:\/\/i0.wp.com\/www.shqiperia.com\/blog\/wp-content\/uploads\/2020\/03\/NKFk9lLaHR0cDovL29jZG4uZXUvaW-780x439-1-905x450-1.jpg?fit=905%2C450&ssl=1&resize=350%2C200","width":350,"height":200,"srcset":"https:\/\/i0.wp.com\/www.shqiperia.com\/blog\/wp-content\/uploads\/2020\/03\/NKFk9lLaHR0cDovL29jZG4uZXUvaW-780x439-1-905x450-1.jpg?fit=905%2C450&ssl=1&resize=350%2C200 1x, https:\/\/i0.wp.com\/www.shqiperia.com\/blog\/wp-content\/uploads\/2020\/03\/NKFk9lLaHR0cDovL29jZG4uZXUvaW-780x439-1-905x450-1.jpg?fit=905%2C450&ssl=1&resize=525%2C300 1.5x, https:\/\/i0.wp.com\/www.shqiperia.com\/blog\/wp-content\/uploads\/2020\/03\/NKFk9lLaHR0cDovL29jZG4uZXUvaW-780x439-1-905x450-1.jpg?fit=905%2C450&ssl=1&resize=700%2C400 2x"},"classes":[]},{"id":44522,"url":"https:\/\/www.shqiperia.com\/blog\/nese-e-keni-kaluar-lehte-covid-n-beni-kujdes-pas-6-muajsh-shfaqen\/","url_meta":{"origin":38491,"position":1},"title":"N\u00ebse e keni kaluar leht\u00eb COVID-n b\u00ebni kujdes. Pas 6 muajsh shfaqen&#8230;","author":"Kurt Farka","date":"February 21, 2021","format":false,"excerpt":"N\u00ebse e keni kaluar leht\u00eb COVID-n b\u00ebni kujdes, Pas 6 muajsh shfaqen... 21 SHKURT 2021 Pothuajse gjysma e njer\u00ebzve q\u00eb kontraktojn\u00eb raste t\u00eb lehta ose t\u00eb moderuara t\u00eb COVID-19 ende p\u00ebrjetojn\u00eb simptoma gjasht\u00eb muaj m\u00eb von\u00eb, sipas nj\u00eb studimi t\u00eb ri t\u00eb botuar nga studiuesit izraelit\u00eb. Hulumtimi, i cili pritet\u2026","rel":"","context":"In &quot;Blogu i Udh\u00ebtarit&quot;","block_context":{"text":"Blogu i Udh\u00ebtarit","link":"https:\/\/www.shqiperia.com\/blog\/category\/blogu-i-udhetarit\/"},"img":{"alt_text":"","src":"https:\/\/i0.wp.com\/www.shqiperia.com\/blog\/wp-content\/uploads\/2021\/02\/640-0-603284e81e653.png?fit=640%2C347&ssl=1&resize=350%2C200","width":350,"height":200,"srcset":"https:\/\/i0.wp.com\/www.shqiperia.com\/blog\/wp-content\/uploads\/2021\/02\/640-0-603284e81e653.png?fit=640%2C347&ssl=1&resize=350%2C200 1x, https:\/\/i0.wp.com\/www.shqiperia.com\/blog\/wp-content\/uploads\/2021\/02\/640-0-603284e81e653.png?fit=640%2C347&ssl=1&resize=525%2C300 1.5x"},"classes":[]},{"id":20779,"url":"https:\/\/www.shqiperia.com\/blog\/shenjat-qe-tregojne-se-trupi-po-therret-per-ndihme\/","url_meta":{"origin":38491,"position":2},"title":"Shenjat q\u00eb tregojn\u00eb se trupi po \u201cth\u00ebrret\u201d p\u00ebr ndihm\u00eb. &#8211;","author":"Kurt Farka","date":"May 6, 2019","format":false,"excerpt":"Shenjat q\u00eb tregojn\u00eb se trupi po \u201cth\u00ebrret\u201d p\u00ebr ndihm\u00eb. - Trupi yn\u00eb \u00ebsht\u00eb nj\u00eb mekaniz\u00ebm i p\u00ebrsosur ku shum\u00eb gj\u00ebra ndodhin n\u00eb t\u00eb nj\u00ebjt\u00ebn koh\u00eb. Dhe nganj\u00ebher\u00eb na jep shenja se nevojitet ndihm\u00eb t\u00eb cilat, n\u00ebse shp\u00ebrfillen, mund t\u00eb \u00e7ojn\u00eb n\u00eb probleme sh\u00ebndet\u00ebsore. Ja disa sinjale q\u00eb duhej t\u00eb merrnim\u2026","rel":"","context":"In &quot;Blogu i Udh\u00ebtarit&quot;","block_context":{"text":"Blogu i Udh\u00ebtarit","link":"https:\/\/www.shqiperia.com\/blog\/category\/blogu-i-udhetarit\/"},"img":{"alt_text":"","src":"https:\/\/i0.wp.com\/www.shqiperia.com\/blog\/wp-content\/uploads\/2019\/05\/trupi-Copy.png?fit=476%2C266&ssl=1&resize=350%2C200","width":350,"height":200},"classes":[]},{"id":84250,"url":"https:\/\/www.shqiperia.com\/blog\/si-te-dalloni-nese-jeni-ne-nje-marredhenie-toksike-me-veten-tuaj\/","url_meta":{"origin":38491,"position":3},"title":"Si t\u00eb dalloni n\u00ebse jeni n\u00eb nj\u00eb marr\u00ebdh\u00ebnie &#8220;toksike&#8221; me veten tuaj","author":"Kurt Farka","date":"September 9, 2024","format":false,"excerpt":"9 Shtator 2024 Nga t\u00eb gjitha marr\u00ebdh\u00ebniet q\u00eb do t\u00eb kemi ndonj\u00ebher\u00eb n\u00eb jet\u00ebn ton\u00eb, marr\u00ebdh\u00ebnia me veten \u00ebsht\u00eb m\u00eb e r\u00ebnd\u00ebsishmja. P\u00ebrcaktimi n\u00ebse jeni n\u00eb nj\u00eb marr\u00ebdh\u00ebnie toksike me veten mund t\u00eb jet\u00eb e v\u00ebshtir\u00eb, por ekspert\u00ebt k\u00ebmb\u00ebngulin se \u00ebsht\u00eb e r\u00ebnd\u00ebsishme t\u00eb njihni shenjat. Por cilat jan\u00eb k\u00ebto\u2026","rel":"","context":"In &quot;Blogu i Udh\u00ebtarit&quot;","block_context":{"text":"Blogu i Udh\u00ebtarit","link":"https:\/\/www.shqiperia.com\/blog\/category\/blogu-i-udhetarit\/"},"img":{"alt_text":"","src":"https:\/\/i0.wp.com\/www.shqiperia.com\/blog\/wp-content\/uploads\/2024\/09\/640-0-1e91e3bb198b32d391ed366e147663c9.jpg?fit=640%2C361&ssl=1&resize=350%2C200","width":350,"height":200,"srcset":"https:\/\/i0.wp.com\/www.shqiperia.com\/blog\/wp-content\/uploads\/2024\/09\/640-0-1e91e3bb198b32d391ed366e147663c9.jpg?fit=640%2C361&ssl=1&resize=350%2C200 1x, https:\/\/i0.wp.com\/www.shqiperia.com\/blog\/wp-content\/uploads\/2024\/09\/640-0-1e91e3bb198b32d391ed366e147663c9.jpg?fit=640%2C361&ssl=1&resize=525%2C300 1.5x"},"classes":[]},{"id":41815,"url":"https:\/\/www.shqiperia.com\/blog\/ekspertet-zbulojne-sa-kohe-qendroni-te-mbrojtur-pasi-keni-kaluar-covid-19\/","url_meta":{"origin":38491,"position":4},"title":"Ekspert\u00ebt zbulojn\u00eb sa koh\u00eb q\u00ebndroni t\u00eb mbrojtur pasi keni kaluar Covid-19","author":"Kurt Farka","date":"December 12, 2020","format":false,"excerpt":"Ekspert\u00ebt zbulojn\u00eb sa koh\u00eb q\u00ebndroni t\u00eb mbrojtur pasi keni kaluar Covid-19 - 10.12.20 Nj\u00eb studim i ri i Institutit p\u00ebr Imunologji \u201cLa Jolla\u201d n\u00eb Kaliforni, pretendon se\u00a0pacient\u00ebt\u00a0e sh\u00ebruar nga koronavirusi, kan\u00eb t\u00eb ngjar\u00eb t\u00eb ken\u00eb nj\u00eb memorie t\u00eb organizmit imun, q\u00eb vazhdon p\u00ebr t\u00eb pakt\u00ebn 8 muaj. Ky imunitet, p\u00ebrve\u00e7\u2026","rel":"","context":"In &quot;Blogu i Udh\u00ebtarit&quot;","block_context":{"text":"Blogu i Udh\u00ebtarit","link":"https:\/\/www.shqiperia.com\/blog\/category\/blogu-i-udhetarit\/"},"img":{"alt_text":"","src":"https:\/\/i0.wp.com\/www.shqiperia.com\/blog\/wp-content\/uploads\/2020\/12\/imuniteti2.jpg?fit=520%2C294&ssl=1&resize=350%2C200","width":350,"height":200},"classes":[]},{"id":53180,"url":"https:\/\/www.shqiperia.com\/blog\/shenjat-treguese-qe-e-ftohura-ka-kaluar-ne-bronkit-kurat-natyrale\/","url_meta":{"origin":38491,"position":5},"title":"Shenjat treguese q\u00eb e ftohura ka kaluar n\u00eb bronkit, kurat natyrale","author":"Kurt Farka","date":"January 17, 2022","format":false,"excerpt":"Shenjat treguese q\u00eb e ftohura ka kaluar n\u00eb bronkit, kurat natyrale 16 JANAR 2022 Kufiri mes t\u00eb ftohur\u00ebs dhe bronshitit \u00ebsht\u00eb i holl\u00eb sa nj\u00eb fije peri, thon\u00eb mjek\u00ebt. Sipas tyre, nj\u00eb koll\u00eb e thjesht\u00eb mund t\u00eb transformohet n\u00eb nj\u00eb problem m\u00eb t\u00eb r\u00ebnd\u00eb me mushk\u00ebrit\u00eb, n\u00ebse pacienti nuk tregohet\u2026","rel":"","context":"In &quot;Blogu i Udh\u00ebtarit&quot;","block_context":{"text":"Blogu i Udh\u00ebtarit","link":"https:\/\/www.shqiperia.com\/blog\/category\/blogu-i-udhetarit\/"},"img":{"alt_text":"","src":"https:\/\/i0.wp.com\/www.shqiperia.com\/blog\/wp-content\/uploads\/2022\/01\/640-0-61e3b01e497ad.jpg?fit=640%2C372&ssl=1&resize=350%2C200","width":350,"height":200,"srcset":"https:\/\/i0.wp.com\/www.shqiperia.com\/blog\/wp-content\/uploads\/2022\/01\/640-0-61e3b01e497ad.jpg?fit=640%2C372&ssl=1&resize=350%2C200 1x, https:\/\/i0.wp.com\/www.shqiperia.com\/blog\/wp-content\/uploads\/2022\/01\/640-0-61e3b01e497ad.jpg?fit=640%2C372&ssl=1&resize=525%2C300 1.5x"},"classes":[]}],"_links":{"self":[{"href":"https:\/\/www.shqiperia.com\/blog\/wp-json\/wp\/v2\/posts\/38491","targetHints":{"allow":["GET"]}}],"collection":[{"href":"https:\/\/www.shqiperia.com\/blog\/wp-json\/wp\/v2\/posts"}],"about":[{"href":"https:\/\/www.shqiperia.com\/blog\/wp-json\/wp\/v2\/types\/post"}],"author":[{"embeddable":true,"href":"https:\/\/www.shqiperia.com\/blog\/wp-json\/wp\/v2\/users\/9"}],"replies":[{"embeddable":true,"href":"https:\/\/www.shqiperia.com\/blog\/wp-json\/wp\/v2\/comments?post=38491"}],"version-history":[{"count":1,"href":"https:\/\/www.shqiperia.com\/blog\/wp-json\/wp\/v2\/posts\/38491\/revisions"}],"predecessor-version":[{"id":38493,"href":"https:\/\/www.shqiperia.com\/blog\/wp-json\/wp\/v2\/posts\/38491\/revisions\/38493"}],"wp:featuredmedia":[{"embeddable":true,"href":"https:\/\/www.shqiperia.com\/blog\/wp-json\/wp\/v2\/media\/38492"}],"wp:attachment":[{"href":"https:\/\/www.shqiperia.com\/blog\/wp-json\/wp\/v2\/media?parent=38491"}],"wp:term":[{"taxonomy":"category","embeddable":true,"href":"https:\/\/www.shqiperia.com\/blog\/wp-json\/wp\/v2\/categories?post=38491"},{"taxonomy":"post_tag","embeddable":true,"href":"https:\/\/www.shqiperia.com\/blog\/wp-json\/wp\/v2\/tags?post=38491"}],"curies":[{"name":"wp","href":"https:\/\/api.w.org\/{rel}","templated":true}]}}