{"id":38488,"date":"2020-09-16T09:43:07","date_gmt":"2020-09-16T09:43:07","guid":{"rendered":"https:\/\/www.shqiperia.com\/blog\/?p=38488"},"modified":"2020-09-16T09:43:07","modified_gmt":"2020-09-16T09:43:07","slug":"shperthimi-me-tritol-ne-tirane-ministri-sander-lleshaj-e-pranon-policia-e-shtetit-deshtoi","status":"publish","type":"post","link":"https:\/\/www.shqiperia.com\/blog\/shperthimi-me-tritol-ne-tirane-ministri-sander-lleshaj-e-pranon-policia-e-shtetit-deshtoi\/","title":{"rendered":"Shp\u00ebrthimi me tritol n\u00eb Tiran\u00eb\/ Ministri Sand\u00ebr Lleshaj e pranon: &#8211; Policia e Shtetit d\u00ebshtoi"},"content":{"rendered":"<p><img data-recalc-dims=\"1\" loading=\"lazy\" decoding=\"async\" data-attachment-id=\"38489\" data-permalink=\"https:\/\/www.shqiperia.com\/blog\/shperthimi-me-tritol-ne-tirane-ministri-sander-lleshaj-e-pranon-policia-e-shtetit-deshtoi\/640-0-5f6114e0286ca\/\" data-orig-file=\"https:\/\/i0.wp.com\/www.shqiperia.com\/blog\/wp-content\/uploads\/2020\/09\/640-0-5f6114e0286ca.jpg?fit=640%2C480&amp;ssl=1\" data-orig-size=\"640,480\" data-comments-opened=\"1\" data-image-meta=\"{&quot;aperture&quot;:&quot;0&quot;,&quot;credit&quot;:&quot;&quot;,&quot;camera&quot;:&quot;&quot;,&quot;caption&quot;:&quot;&quot;,&quot;created_timestamp&quot;:&quot;0&quot;,&quot;copyright&quot;:&quot;&quot;,&quot;focal_length&quot;:&quot;0&quot;,&quot;iso&quot;:&quot;0&quot;,&quot;shutter_speed&quot;:&quot;0&quot;,&quot;title&quot;:&quot;&quot;,&quot;orientation&quot;:&quot;0&quot;}\" data-image-title=\"-640-0-5f6114e0286ca\" data-image-description=\"\" data-image-caption=\"\" data-medium-file=\"https:\/\/i0.wp.com\/www.shqiperia.com\/blog\/wp-content\/uploads\/2020\/09\/640-0-5f6114e0286ca.jpg?fit=300%2C225&amp;ssl=1\" data-large-file=\"https:\/\/i0.wp.com\/www.shqiperia.com\/blog\/wp-content\/uploads\/2020\/09\/640-0-5f6114e0286ca.jpg?fit=640%2C480&amp;ssl=1\" class=\"alignnone  wp-image-38489\" alt=\"\" src=\"https:\/\/i0.wp.com\/www.shqiperia.com\/blog\/wp-content\/uploads\/2020\/09\/640-0-5f6114e0286ca.jpg?resize=500%2C375&#038;ssl=1\" width=\"500\" height=\"375\" srcset=\"https:\/\/i0.wp.com\/www.shqiperia.com\/blog\/wp-content\/uploads\/2020\/09\/640-0-5f6114e0286ca.jpg?resize=300%2C225&amp;ssl=1 300w, https:\/\/i0.wp.com\/www.shqiperia.com\/blog\/wp-content\/uploads\/2020\/09\/640-0-5f6114e0286ca.jpg?resize=450%2C338&amp;ssl=1 450w, https:\/\/i0.wp.com\/www.shqiperia.com\/blog\/wp-content\/uploads\/2020\/09\/640-0-5f6114e0286ca.jpg?resize=600%2C450&amp;ssl=1 600w, https:\/\/i0.wp.com\/www.shqiperia.com\/blog\/wp-content\/uploads\/2020\/09\/640-0-5f6114e0286ca.jpg?resize=400%2C300&amp;ssl=1 400w, https:\/\/i0.wp.com\/www.shqiperia.com\/blog\/wp-content\/uploads\/2020\/09\/640-0-5f6114e0286ca.jpg?w=640&amp;ssl=1 640w\" sizes=\"auto, (max-width: 500px) 100vw, 500px\" \/><\/p>\n<p><strong>Shp\u00ebrthimi me tritol n\u00eb Tiran\u00eb\/ Ministri Sand\u00ebr Lleshaj e pranon: &#8211; Policia e Shtetit d\u00ebshtoi<\/strong><\/p>\n<p><strong>\u00a015 SHTATOR 2020<\/strong><\/p>\n<p>Ministri i Brendsh\u00ebm Sand\u00ebr Lleshaj ka pranuar n\u00eb Open mbr\u00ebmjen e sotme se policia e shtetit ka d\u00ebshtuar n\u00eb parandalimin e atentatit t\u00eb sot\u00ebm me tritol n\u00eb Tiran\u00eb.<\/p>\n<p>\u201cDuhet ta pranojm\u00eb se policia e shtetit ka d\u00ebshtuar n\u00eb parandalimin e k\u00ebsaj ngjarje. K\u00ebto jan\u00eb ngjarje q\u00eb kan\u00eb nj\u00eb parahistori. \u00cbsht\u00eb iluzore t\u00eb pretendojm\u00eb se do t\u00eb parandalojm\u00eb t\u00eb tilla gj\u00ebra se do ishim i vetmi vend n\u00eb bot\u00eb q\u00eb do e b\u00ebnte k\u00ebt\u00eb,\u201d tha Lleshaj.<\/p>\n<p>Nd\u00ebrkoh\u00eb gazetari Enton Abilekaj tha se n\u00ebse policia do kishte punuar si duhet nuk do shihej \u201cspektakli\u201d q\u00eb ndodhi sot n\u00eb kryeqytet.<\/p>\n<p>Enton Abilekaj: &#8220;N\u00eb funksionin e ministrit \u00ebsht\u00eb parandalimi i krimit. Ky \u00ebsht\u00eb krim i trash\u00ebguar nga koh\u00eb e larg\u00ebt dhe sjell vrasje \u00e7do vit. N\u00ebse do punohej s\u2019do kishim par\u00eb k\u00ebt\u00eb spektak\u00ebl n\u00eb Tiran\u00eb&#8221;.<\/p>\n<p><strong>GAZETA SHQIP<\/strong><\/p>\n","protected":false},"excerpt":{"rendered":"<p>Shp\u00ebrthimi me tritol n\u00eb Tiran\u00eb\/ Ministri Sand\u00ebr Lleshaj e pranon: &#8211; Policia e Shtetit d\u00ebshtoi \u00a015 SHTATOR 2020 Ministri i Brendsh\u00ebm Sand\u00ebr Lleshaj ka pranuar n\u00eb Open mbr\u00ebmjen e sotme se policia e shtetit ka d\u00ebshtuar n\u00eb parandalimin e atentatit t\u00eb sot\u00ebm me tritol n\u00eb Tiran\u00eb. \u201cDuhet ta pranojm\u00eb se policia e shtetit ka d\u00ebshtuar [&hellip;]<\/p>\n","protected":false},"author":9,"featured_media":38489,"comment_status":"open","ping_status":"open","sticky":false,"template":"","format":"standard","meta":{"jetpack_post_was_ever_published":false,"_jetpack_newsletter_access":"","_jetpack_dont_email_post_to_subs":false,"_jetpack_newsletter_tier_id":0,"_jetpack_memberships_contains_paywalled_content":false,"_jetpack_memberships_contains_paid_content":false,"footnotes":"","jetpack_publicize_message":"","jetpack_publicize_feature_enabled":true,"jetpack_social_post_already_shared":true,"jetpack_social_options":{"image_generator_settings":{"template":"highway","default_image_id":0,"font":"","enabled":false},"version":2}},"categories":[27,1,2],"tags":[],"class_list":["post-38488","post","type-post","status-publish","format-standard","has-post-thumbnail","hentry","category-blogu-i-udhetarit","category-njoftime-shtypi","category-politika"],"jetpack_publicize_connections":[],"jetpack_featured_media_url":"https:\/\/i0.wp.com\/www.shqiperia.com\/blog\/wp-content\/uploads\/2020\/09\/640-0-5f6114e0286ca.jpg?fit=640%2C480&ssl=1","jetpack_sharing_enabled":true,"jetpack_shortlink":"https:\/\/wp.me\/p5Z6wp-a0M","jetpack-related-posts":[{"id":16095,"url":"https:\/\/www.shqiperia.com\/blog\/klodiana-lala-deklarate-per-dorzimin-e-balilit-sander-lleshi-aksion-i-jashtezakonshem\/","url_meta":{"origin":38488,"position":0},"title":"Klodiana Lala deklarate per dorzimin e Balilit. Sander Lleshi:  \u201cAksion i jasht\u00ebzakonsh\u00ebm&#8230;\u201d-","author":"Kurt Farka","date":"January 15, 2019","format":false,"excerpt":"Klodiana Lala deklarate per dorzimin e Balilit. Sander Lleshi: \u00a0\u201cAksion i jasht\u00ebzakonsh\u00ebm...\u201d- 15\/01\/2019 - Klodiana Lala: -\u201cNuk besoj se \u00ebsht\u00eb sukses i policis\u00eb s\u00eb shtetit vet\u00ebdor\u00ebzimi i nj\u00eb personi q\u00eb ka sfiduar t\u00eb gjith\u00eb struktur\u00ebn e drejt\u00ebsis\u00eb shqiptare dhe jo vet\u00ebm, duke q\u00ebndruar n\u00eb arrati deri sa ai u bind\u2026","rel":"","context":"In &quot;Blogu i Udh\u00ebtarit&quot;","block_context":{"text":"Blogu i Udh\u00ebtarit","link":"https:\/\/www.shqiperia.com\/blog\/category\/blogu-i-udhetarit\/"},"img":{"alt_text":"","src":"https:\/\/i0.wp.com\/www.shqiperia.com\/blog\/wp-content\/uploads\/2019\/01\/1547547411_klementbalili-300x250.jpg?resize=350%2C200","width":350,"height":200},"classes":[]},{"id":22249,"url":"https:\/\/www.shqiperia.com\/blog\/nese-ngrihen-te-gjithe-policia-sdo-beje-asgje-sander-lleshaj-me-deklarate-te-forte-6-dite-para-zgjedhjeve\/","url_meta":{"origin":38488,"position":1},"title":"\u201cN\u00ebse ngrihen t\u00eb gjith\u00eb, policia s\u2019do b\u00ebj\u00eb asgj\u00eb\u201d, Sand\u00ebr Lleshaj me deklarat\u00eb t\u00eb fort\u00eb 6 dit\u00eb para zgjedhjeve","author":"Kurt Farka","date":"June 24, 2019","format":false,"excerpt":"\u201cN\u00ebse ngrihen t\u00eb gjith\u00eb, policia s\u2019do b\u00ebj\u00eb asgj\u00eb\u201d, Sand\u00ebr Lleshaj me deklarat\u00eb t\u00eb fort\u00eb 6 dit\u00eb para zgjedhjeve. -\u00a0 24\/06\/2019 Ministri i Brendsh\u00ebm Sand\u00ebr Lleshaj tha n\u00eb \u201cOpinion\u201d se policia shqiptare \u00ebsht\u00eb p\u00ebr tu marr\u00eb me kriminel\u00ebt, dhe jo me t\u00eb gjith\u00eb popullin, n\u00eb rast se ky i fundit ngrihet\u2026","rel":"","context":"In &quot;Blogu i Udh\u00ebtarit&quot;","block_context":{"text":"Blogu i Udh\u00ebtarit","link":"https:\/\/www.shqiperia.com\/blog\/category\/blogu-i-udhetarit\/"},"img":{"alt_text":"","src":"https:\/\/i0.wp.com\/www.shqiperia.com\/blog\/wp-content\/uploads\/2019\/06\/sander-lleshaj-933x445.jpg?fit=866%2C445&ssl=1&resize=350%2C200","width":350,"height":200,"srcset":"https:\/\/i0.wp.com\/www.shqiperia.com\/blog\/wp-content\/uploads\/2019\/06\/sander-lleshaj-933x445.jpg?fit=866%2C445&ssl=1&resize=350%2C200 1x, https:\/\/i0.wp.com\/www.shqiperia.com\/blog\/wp-content\/uploads\/2019\/06\/sander-lleshaj-933x445.jpg?fit=866%2C445&ssl=1&resize=525%2C300 1.5x, https:\/\/i0.wp.com\/www.shqiperia.com\/blog\/wp-content\/uploads\/2019\/06\/sander-lleshaj-933x445.jpg?fit=866%2C445&ssl=1&resize=700%2C400 2x"},"classes":[]},{"id":17411,"url":"https:\/\/www.shqiperia.com\/blog\/vendmi-per-dritan-dajtin-sander-lleshaj-leshon-bomben\/","url_meta":{"origin":38488,"position":2},"title":"Vendmi p\u00ebr Dritan Dajtin, Sand\u00ebr Lleshaj l\u00ebshon &#8220;bomb\u00ebn&#8221;. &#8211;","author":"Kurt Farka","date":"February 15, 2019","format":false,"excerpt":"Vendmi p\u00ebr Dritan Dajtin, Sand\u00ebr Lleshaj l\u00ebshon \"bomb\u00ebn\". - \"...Nuk ka pasur shantazh ndaj gjyqtar\u00ebve, ndoshta kan\u00eb marr\u00eb para. ...\u201d 14\/02\/2019 - Ministri Sand\u00ebr Lleshaj komentoi pak dit\u00eb m\u00eb par\u00eb vendimin e gjykat\u00ebs ndaj Dritan Dajtit, i cili i shp\u00ebtoi burgut p\u00ebrjet\u00eb, duke th\u00ebn\u00eb se gjyqtar\u00ebt e kan\u00eb vendin pas\u2026","rel":"","context":"In &quot;Blogu i Udh\u00ebtarit&quot;","block_context":{"text":"Blogu i Udh\u00ebtarit","link":"https:\/\/www.shqiperia.com\/blog\/category\/blogu-i-udhetarit\/"},"img":{"alt_text":"","src":"https:\/\/i0.wp.com\/www.shqiperia.com\/blog\/wp-content\/uploads\/2019\/02\/download_5_135-300x175.jpg?resize=350%2C200","width":350,"height":200},"classes":[]},{"id":41716,"url":"https:\/\/www.shqiperia.com\/blog\/protesta-u-be-masive-lleshaj-te-jape-doreheqjen\/","url_meta":{"origin":38488,"position":3},"title":"Protesta u be masive: &#8211; \u201cLleshaj t\u00eb jap\u00eb dor\u00ebheqjen\u201d.","author":"Kurt Farka","date":"December 9, 2020","format":false,"excerpt":"Protesta u be masive: - \u201cLleshaj t\u00eb jap\u00eb dor\u00ebheqjen\u201d. 17:19 - 09\/12\/20 Pas vrasjes nga policia t\u00eb 25 vje\u00e7arit n\u00eb der\u00ebn e sht\u00ebpis\u00eb s\u00eb tij, dje pas mesnate, shum\u00eb qytetar\u00eb reaguan n\u00eb rrjetet sociale dhe shprehen revolt\u00ebn e tyre. Edhe z\u00ebra t\u00eb njohur t\u00eb publikut. K\u00ebrkesa e tyre ishte q\u00eb\u2026","rel":"","context":"In &quot;Blogu i Udh\u00ebtarit&quot;","block_context":{"text":"Blogu i Udh\u00ebtarit","link":"https:\/\/www.shqiperia.com\/blog\/category\/blogu-i-udhetarit\/"},"img":{"alt_text":"","src":"https:\/\/i0.wp.com\/www.shqiperia.com\/blog\/wp-content\/uploads\/2020\/12\/Protestaaa.jpg?fit=882%2C477&ssl=1&resize=350%2C200","width":350,"height":200,"srcset":"https:\/\/i0.wp.com\/www.shqiperia.com\/blog\/wp-content\/uploads\/2020\/12\/Protestaaa.jpg?fit=882%2C477&ssl=1&resize=350%2C200 1x, https:\/\/i0.wp.com\/www.shqiperia.com\/blog\/wp-content\/uploads\/2020\/12\/Protestaaa.jpg?fit=882%2C477&ssl=1&resize=525%2C300 1.5x, https:\/\/i0.wp.com\/www.shqiperia.com\/blog\/wp-content\/uploads\/2020\/12\/Protestaaa.jpg?fit=882%2C477&ssl=1&resize=700%2C400 2x"},"classes":[]},{"id":18650,"url":"https:\/\/www.shqiperia.com\/blog\/krimi-godet-ku-e-sa-here-mundet-dhe-sander-lleshaj-hesht-paturpesisht\/","url_meta":{"origin":38488,"position":4},"title":"\u2018Krimi godet ku e sa her\u00eb mundet dhe Sand\u00ebr Lleshaj hesht paturp\u00ebsisht\u2019. &#8211;","author":"Kurt Farka","date":"March 23, 2019","format":false,"excerpt":"\u2018Krimi godet ku e sa her\u00eb mundet dhe Sand\u00ebr Lleshaj hesht paturp\u00ebsisht\u2019. - 22 Mars, 2019 Pas vrasjes s\u00eb mbr\u00ebmjes s\u00eb sotme n\u00eb qytetin e Elbasnit, ku nj\u00eb atentat mafioz mbeti i vrar\u00eb avokati Ravik Gurra, ka ardhur edhe reagimi ish deputetit t\u00eb Partis\u00eb Demokratike, Bardh Spahia. P\u00ebrmes nj\u00eb reagimi\u2026","rel":"","context":"In &quot;Blogu i Udh\u00ebtarit&quot;","block_context":{"text":"Blogu i Udh\u00ebtarit","link":"https:\/\/www.shqiperia.com\/blog\/category\/blogu-i-udhetarit\/"},"img":{"alt_text":"","src":"https:\/\/i0.wp.com\/www.shqiperia.com\/blog\/wp-content\/uploads\/2019\/03\/bardh-lleshaj.jpg?fit=800%2C416&ssl=1&resize=350%2C200","width":350,"height":200,"srcset":"https:\/\/i0.wp.com\/www.shqiperia.com\/blog\/wp-content\/uploads\/2019\/03\/bardh-lleshaj.jpg?fit=800%2C416&ssl=1&resize=350%2C200 1x, https:\/\/i0.wp.com\/www.shqiperia.com\/blog\/wp-content\/uploads\/2019\/03\/bardh-lleshaj.jpg?fit=800%2C416&ssl=1&resize=525%2C300 1.5x, https:\/\/i0.wp.com\/www.shqiperia.com\/blog\/wp-content\/uploads\/2019\/03\/bardh-lleshaj.jpg?fit=800%2C416&ssl=1&resize=700%2C400 2x"},"classes":[]},{"id":31708,"url":"https:\/\/www.shqiperia.com\/blog\/media-kosovare-sander-lleshaj-genjeu-gazin-lotsjelles-per-te-shtypur-protestuesit-e-opozites-e-mori-nga-policia-e-kosoves\/","url_meta":{"origin":38488,"position":5},"title":"Media kosovare: &#8211; Sand\u00ebr Lleshaj g\u00ebnjeu, gazin lotsjell\u00ebs p\u00ebr t\u00eb shtypur protestuesit e opozit\u00ebs e mori nga Policia e Kosov\u00ebs.","author":"Kurt Farka","date":"February 23, 2020","format":false,"excerpt":"Media kosovare: - Sand\u00ebr Lleshaj g\u00ebnjeu, gazin lotsjell\u00ebs p\u00ebr t\u00eb shtypur protestuesit e opozit\u00ebs e mori nga Policia e Kosov\u00ebs Gazeta Insajderi ka zbuluar se drejtori i Policis\u00eb Rashit Qalaj ka ndihmuar q\u00eb t\u00eb shtypen protestat e opozit\u00ebs n\u00eb Shqip\u00ebri. Insajderi ka zbuluar se Sand\u00ebr Lleshaj, ministri i Pun\u00ebve t\u00eb\u2026","rel":"","context":"In &quot;Blogu i Udh\u00ebtarit&quot;","block_context":{"text":"Blogu i Udh\u00ebtarit","link":"https:\/\/www.shqiperia.com\/blog\/category\/blogu-i-udhetarit\/"},"img":{"alt_text":"","src":"https:\/\/i0.wp.com\/www.shqiperia.com\/blog\/wp-content\/uploads\/2020\/02\/protesta1.jpg?fit=730%2C440&ssl=1&resize=350%2C200","width":350,"height":200,"srcset":"https:\/\/i0.wp.com\/www.shqiperia.com\/blog\/wp-content\/uploads\/2020\/02\/protesta1.jpg?fit=730%2C440&ssl=1&resize=350%2C200 1x, https:\/\/i0.wp.com\/www.shqiperia.com\/blog\/wp-content\/uploads\/2020\/02\/protesta1.jpg?fit=730%2C440&ssl=1&resize=525%2C300 1.5x, https:\/\/i0.wp.com\/www.shqiperia.com\/blog\/wp-content\/uploads\/2020\/02\/protesta1.jpg?fit=730%2C440&ssl=1&resize=700%2C400 2x"},"classes":[]}],"_links":{"self":[{"href":"https:\/\/www.shqiperia.com\/blog\/wp-json\/wp\/v2\/posts\/38488","targetHints":{"allow":["GET"]}}],"collection":[{"href":"https:\/\/www.shqiperia.com\/blog\/wp-json\/wp\/v2\/posts"}],"about":[{"href":"https:\/\/www.shqiperia.com\/blog\/wp-json\/wp\/v2\/types\/post"}],"author":[{"embeddable":true,"href":"https:\/\/www.shqiperia.com\/blog\/wp-json\/wp\/v2\/users\/9"}],"replies":[{"embeddable":true,"href":"https:\/\/www.shqiperia.com\/blog\/wp-json\/wp\/v2\/comments?post=38488"}],"version-history":[{"count":1,"href":"https:\/\/www.shqiperia.com\/blog\/wp-json\/wp\/v2\/posts\/38488\/revisions"}],"predecessor-version":[{"id":38490,"href":"https:\/\/www.shqiperia.com\/blog\/wp-json\/wp\/v2\/posts\/38488\/revisions\/38490"}],"wp:featuredmedia":[{"embeddable":true,"href":"https:\/\/www.shqiperia.com\/blog\/wp-json\/wp\/v2\/media\/38489"}],"wp:attachment":[{"href":"https:\/\/www.shqiperia.com\/blog\/wp-json\/wp\/v2\/media?parent=38488"}],"wp:term":[{"taxonomy":"category","embeddable":true,"href":"https:\/\/www.shqiperia.com\/blog\/wp-json\/wp\/v2\/categories?post=38488"},{"taxonomy":"post_tag","embeddable":true,"href":"https:\/\/www.shqiperia.com\/blog\/wp-json\/wp\/v2\/tags?post=38488"}],"curies":[{"name":"wp","href":"https:\/\/api.w.org\/{rel}","templated":true}]}}