{"id":38482,"date":"2020-09-16T09:32:18","date_gmt":"2020-09-16T09:32:18","guid":{"rendered":"https:\/\/www.shqiperia.com\/blog\/?p=38482"},"modified":"2020-09-16T09:32:32","modified_gmt":"2020-09-16T09:32:32","slug":"halucinacione-trauma-cfare-ka-lene-pas-kovidi-te-pacientet-e-infektuar","status":"publish","type":"post","link":"https:\/\/www.shqiperia.com\/blog\/halucinacione-trauma-cfare-ka-lene-pas-kovidi-te-pacientet-e-infektuar\/","title":{"rendered":"Halucinacione, trauma. &#8211; \u00c7far\u00eb ka l\u00ebn\u00eb pas kovidi te pacient\u00ebt e infektuar!"},"content":{"rendered":"<p><img data-recalc-dims=\"1\" loading=\"lazy\" decoding=\"async\" data-attachment-id=\"38483\" data-permalink=\"https:\/\/www.shqiperia.com\/blog\/halucinacione-trauma-cfare-ka-lene-pas-kovidi-te-pacientet-e-infektuar\/640-0-5f61cebbc0586\/\" data-orig-file=\"https:\/\/i0.wp.com\/www.shqiperia.com\/blog\/wp-content\/uploads\/2020\/09\/640-0-5f61cebbc0586.jpg?fit=640%2C360&amp;ssl=1\" data-orig-size=\"640,360\" data-comments-opened=\"1\" data-image-meta=\"{&quot;aperture&quot;:&quot;0&quot;,&quot;credit&quot;:&quot;&quot;,&quot;camera&quot;:&quot;&quot;,&quot;caption&quot;:&quot;&quot;,&quot;created_timestamp&quot;:&quot;0&quot;,&quot;copyright&quot;:&quot;&quot;,&quot;focal_length&quot;:&quot;0&quot;,&quot;iso&quot;:&quot;0&quot;,&quot;shutter_speed&quot;:&quot;0&quot;,&quot;title&quot;:&quot;&quot;,&quot;orientation&quot;:&quot;0&quot;}\" data-image-title=\"-640-0-5f61cebbc0586\" data-image-description=\"\" data-image-caption=\"\" data-medium-file=\"https:\/\/i0.wp.com\/www.shqiperia.com\/blog\/wp-content\/uploads\/2020\/09\/640-0-5f61cebbc0586.jpg?fit=300%2C169&amp;ssl=1\" data-large-file=\"https:\/\/i0.wp.com\/www.shqiperia.com\/blog\/wp-content\/uploads\/2020\/09\/640-0-5f61cebbc0586.jpg?fit=640%2C360&amp;ssl=1\" class=\"alignnone wp-image-38483\" alt=\"\" src=\"https:\/\/i0.wp.com\/www.shqiperia.com\/blog\/wp-content\/uploads\/2020\/09\/640-0-5f61cebbc0586.jpg?resize=463%2C261&#038;ssl=1\" width=\"463\" height=\"261\" srcset=\"https:\/\/i0.wp.com\/www.shqiperia.com\/blog\/wp-content\/uploads\/2020\/09\/640-0-5f61cebbc0586.jpg?resize=300%2C169&amp;ssl=1 300w, https:\/\/i0.wp.com\/www.shqiperia.com\/blog\/wp-content\/uploads\/2020\/09\/640-0-5f61cebbc0586.jpg?resize=450%2C253&amp;ssl=1 450w, https:\/\/i0.wp.com\/www.shqiperia.com\/blog\/wp-content\/uploads\/2020\/09\/640-0-5f61cebbc0586.jpg?resize=600%2C338&amp;ssl=1 600w, https:\/\/i0.wp.com\/www.shqiperia.com\/blog\/wp-content\/uploads\/2020\/09\/640-0-5f61cebbc0586.jpg?resize=400%2C225&amp;ssl=1 400w, https:\/\/i0.wp.com\/www.shqiperia.com\/blog\/wp-content\/uploads\/2020\/09\/640-0-5f61cebbc0586.jpg?w=640&amp;ssl=1 640w\" sizes=\"auto, (max-width: 463px) 100vw, 463px\" \/><\/p>\n<p>Halucinacione, trauma. &#8211; \u00c7far\u00eb ka l\u00ebn\u00eb pas kovidi te pacient\u00ebt e infektuar!<\/p>\n<p>16 SHTATOR 2020<\/p>\n<p>N\u00eb Indi, numri i rasteve me koronavirus, n\u00eb kufijt\u00eb e ekstremit, ka ngritur nj\u00eb tjet\u00ebr alarm: probleme serioze t\u00eb sh\u00ebndetit mendor te pacient\u00ebt me Covid-19, shkruan Vikas Pandey i BBC.<\/p>\n<p>Rajesh Tiwari, 42 vje\u00e7, iu zhvillua nj\u00eb fobi p\u00ebr \u00e7do ekran q\u00eb \u00ebsht\u00eb m\u00eb i madh se telefoni i tij celular. Ai mendon se ekranet e m\u00ebdha, televizor\u00ebt dhe monitor\u00ebt e kompjuter\u00ebve, jan\u00eb krijesa gjigante q\u00eb mund ta sulmojn\u00eb at\u00eb.<\/p>\n<p>Tiwari filloi t\u00eb p\u00ebrjetonte halucinacione pas nj\u00eb q\u00ebndrimi t\u00eb gjat\u00eb n\u00eb kujdes intensiv. N\u00eb fillim t\u00eb qershorit ai ishte testuar pozitiv p\u00ebr koronavirus dhe u shtrua n\u00eb nj\u00eb spital privat pasi gjendja e tij u p\u00ebrkeq\u00ebsua, informon dritare.net.<\/p>\n<p><img data-recalc-dims=\"1\" loading=\"lazy\" decoding=\"async\" data-attachment-id=\"38484\" data-permalink=\"https:\/\/www.shqiperia.com\/blog\/halucinacione-trauma-cfare-ka-lene-pas-kovidi-te-pacientet-e-infektuar\/640-0-5f61cebb7cf33\/\" data-orig-file=\"https:\/\/i0.wp.com\/www.shqiperia.com\/blog\/wp-content\/uploads\/2020\/09\/640-0-5f61cebb7cf33.jpg?fit=640%2C360&amp;ssl=1\" data-orig-size=\"640,360\" data-comments-opened=\"1\" data-image-meta=\"{&quot;aperture&quot;:&quot;0&quot;,&quot;credit&quot;:&quot;&quot;,&quot;camera&quot;:&quot;&quot;,&quot;caption&quot;:&quot;&quot;,&quot;created_timestamp&quot;:&quot;0&quot;,&quot;copyright&quot;:&quot;&quot;,&quot;focal_length&quot;:&quot;0&quot;,&quot;iso&quot;:&quot;0&quot;,&quot;shutter_speed&quot;:&quot;0&quot;,&quot;title&quot;:&quot;&quot;,&quot;orientation&quot;:&quot;0&quot;}\" data-image-title=\"-640-0-5f61cebb7cf33\" data-image-description=\"\" data-image-caption=\"\" data-medium-file=\"https:\/\/i0.wp.com\/www.shqiperia.com\/blog\/wp-content\/uploads\/2020\/09\/640-0-5f61cebb7cf33.jpg?fit=300%2C169&amp;ssl=1\" data-large-file=\"https:\/\/i0.wp.com\/www.shqiperia.com\/blog\/wp-content\/uploads\/2020\/09\/640-0-5f61cebb7cf33.jpg?fit=640%2C360&amp;ssl=1\" class=\"alignnone wp-image-38484\" alt=\"\" src=\"https:\/\/i0.wp.com\/www.shqiperia.com\/blog\/wp-content\/uploads\/2020\/09\/640-0-5f61cebb7cf33.jpg?resize=442%2C249&#038;ssl=1\" width=\"442\" height=\"249\" srcset=\"https:\/\/i0.wp.com\/www.shqiperia.com\/blog\/wp-content\/uploads\/2020\/09\/640-0-5f61cebb7cf33.jpg?resize=300%2C169&amp;ssl=1 300w, https:\/\/i0.wp.com\/www.shqiperia.com\/blog\/wp-content\/uploads\/2020\/09\/640-0-5f61cebb7cf33.jpg?resize=450%2C253&amp;ssl=1 450w, https:\/\/i0.wp.com\/www.shqiperia.com\/blog\/wp-content\/uploads\/2020\/09\/640-0-5f61cebb7cf33.jpg?resize=600%2C338&amp;ssl=1 600w, https:\/\/i0.wp.com\/www.shqiperia.com\/blog\/wp-content\/uploads\/2020\/09\/640-0-5f61cebb7cf33.jpg?resize=400%2C225&amp;ssl=1 400w, https:\/\/i0.wp.com\/www.shqiperia.com\/blog\/wp-content\/uploads\/2020\/09\/640-0-5f61cebb7cf33.jpg?w=640&amp;ssl=1 640w\" sizes=\"auto, (max-width: 442px) 100vw, 442px\" \/><\/p>\n<p>Tiwari u sh\u00ebrua pas gati tre jav\u00ebsh n\u00eb spital. Por ai shpejt e kuptoi se sh\u00ebrimi i tij nuk ishte i plot\u00eb.<\/p>\n<p>&#8220;Tani jam m\u00eb mir\u00eb sepse k\u00ebrkova trajtim, por jav\u00ebt e para pas daljes nga spitali ishin shum\u00eb t\u00eb v\u00ebshtira,&#8221; tha ai.<\/p>\n<p>Familja e Tiwari ishte e lumtur q\u00eb ai do t\u00eb kthehej n\u00eb sht\u00ebpi, por pas nj\u00eb kohe ata e kuptuan se di\u00e7ka nuk shkonte me t\u00eb. Nj\u00eb dit\u00eb, ai u p\u00ebrpoq t\u00eb shkat\u00ebrronte televizorin. Familjes iu desh t\u00eb ndalonte s\u00eb shikuari TV dhe askush nuk lejohej t\u00eb p\u00ebrdorte laptop n\u00eb sht\u00ebpi. Tiwari tha se po luftonte p\u00ebr t\u00eb harruar imazhet e ekraneve n\u00eb spital.<\/p>\n<p>Amit Sharma dhe familja e tij kishin nj\u00eb p\u00ebrvoj\u00eb t\u00eb ngjashme. Sharma, 49 vje\u00e7, kaloi 18 dit\u00eb n\u00eb ICU dhe pa njer\u00ebz q\u00eb vdisnin \u00e7do dit\u00eb. T\u00eb rinj dhe t\u00eb moshuar, burra dhe gra, informon dritare.net.<\/p>\n<p>&#8220;Nj\u00eb dit\u00eb, dy pacient\u00eb af\u00ebr meje vdiq\u00ebn dhe trupat e tyre q\u00ebndruan aty p\u00ebr disa or\u00eb,&#8221; tha ai. &#8220;Thjesht nuk mund t&#8217;i heq ato imazhe nga koka ime. Un\u00eb ende kam frik\u00eb se Covid mund t\u00eb m\u00eb vras\u00eb.&#8221;<\/p>\n<p>Sharma po p\u00ebrpiqet t\u00eb harroj\u00eb p\u00ebrvoj\u00ebn traumatike. Ai u b\u00eb m\u00eb i qet\u00eb n\u00eb sht\u00ebpi pas sh\u00ebrimit, tha xhaxhai i tij.<\/p>\n<p>&#8220;Dhe sa her\u00eb q\u00eb fliste, gjithmon\u00eb biseda kishte t\u00eb b\u00ebnte me pacient\u00ebt q\u00eb kishte par\u00eb t\u00eb vdisnin n\u00eb pavijonin Covid,&#8221; tha ai.<\/p>\n<p><img data-recalc-dims=\"1\" loading=\"lazy\" decoding=\"async\" data-attachment-id=\"38485\" data-permalink=\"https:\/\/www.shqiperia.com\/blog\/halucinacione-trauma-cfare-ka-lene-pas-kovidi-te-pacientet-e-infektuar\/640-0-5f61cebb9d427\/\" data-orig-file=\"https:\/\/i0.wp.com\/www.shqiperia.com\/blog\/wp-content\/uploads\/2020\/09\/640-0-5f61cebb9d427.jpg?fit=640%2C360&amp;ssl=1\" data-orig-size=\"640,360\" data-comments-opened=\"1\" data-image-meta=\"{&quot;aperture&quot;:&quot;0&quot;,&quot;credit&quot;:&quot;&quot;,&quot;camera&quot;:&quot;&quot;,&quot;caption&quot;:&quot;&quot;,&quot;created_timestamp&quot;:&quot;0&quot;,&quot;copyright&quot;:&quot;&quot;,&quot;focal_length&quot;:&quot;0&quot;,&quot;iso&quot;:&quot;0&quot;,&quot;shutter_speed&quot;:&quot;0&quot;,&quot;title&quot;:&quot;&quot;,&quot;orientation&quot;:&quot;0&quot;}\" data-image-title=\"-640-0-5f61cebb9d427\" data-image-description=\"\" data-image-caption=\"\" data-medium-file=\"https:\/\/i0.wp.com\/www.shqiperia.com\/blog\/wp-content\/uploads\/2020\/09\/640-0-5f61cebb9d427.jpg?fit=300%2C169&amp;ssl=1\" data-large-file=\"https:\/\/i0.wp.com\/www.shqiperia.com\/blog\/wp-content\/uploads\/2020\/09\/640-0-5f61cebb9d427.jpg?fit=640%2C360&amp;ssl=1\" class=\"alignnone wp-image-38485\" alt=\"\" src=\"https:\/\/i0.wp.com\/www.shqiperia.com\/blog\/wp-content\/uploads\/2020\/09\/640-0-5f61cebb9d427.jpg?resize=566%2C319&#038;ssl=1\" width=\"566\" height=\"319\" srcset=\"https:\/\/i0.wp.com\/www.shqiperia.com\/blog\/wp-content\/uploads\/2020\/09\/640-0-5f61cebb9d427.jpg?resize=300%2C169&amp;ssl=1 300w, https:\/\/i0.wp.com\/www.shqiperia.com\/blog\/wp-content\/uploads\/2020\/09\/640-0-5f61cebb9d427.jpg?resize=450%2C253&amp;ssl=1 450w, https:\/\/i0.wp.com\/www.shqiperia.com\/blog\/wp-content\/uploads\/2020\/09\/640-0-5f61cebb9d427.jpg?resize=600%2C338&amp;ssl=1 600w, https:\/\/i0.wp.com\/www.shqiperia.com\/blog\/wp-content\/uploads\/2020\/09\/640-0-5f61cebb9d427.jpg?resize=400%2C225&amp;ssl=1 400w, https:\/\/i0.wp.com\/www.shqiperia.com\/blog\/wp-content\/uploads\/2020\/09\/640-0-5f61cebb9d427.jpg?w=640&amp;ssl=1 640w\" sizes=\"auto, (max-width: 566px) 100vw, 566px\" \/><\/p>\n<p>Shum\u00eb pacient\u00eb t\u00eb infektuar me koronavirus, n\u00eb Indi po p\u00ebrjetojn\u00eb shqet\u00ebsime t\u00eb sh\u00ebndetit mendor, tha Dr Vasant Mundra, nj\u00eb psikiat\u00ebr i vjet\u00ebr, dhe ve\u00e7an\u00ebrisht ata q\u00eb kaluan nj\u00eb koh\u00eb t\u00eb gjat\u00eb n\u00eb nj\u00eb ICU.<\/p>\n<p>Pacient\u00ebt Covid-19 nuk lejohen t\u00eb takojn\u00eb familjen dhe ata nuk mund t\u00eb shohin fytyrat e mjek\u00ebve dhe infermier\u00ebve t\u00eb tyre, t\u00eb cil\u00ebt mbajn\u00eb maska \u200b\u200bmbrojt\u00ebse n\u00eb \u00e7do koh\u00eb. Kjo te pacient\u00ebt ishte traumatike, duke ulur edhe besimin ndaj mjek\u00ebve, tha Dr A Fathahudeen, kreu i departamentit t\u00eb kujdesit kritik n\u00eb Ernakulam Medical College n\u00eb jug t\u00eb Indis\u00eb.<\/p>\n<p><img data-recalc-dims=\"1\" loading=\"lazy\" decoding=\"async\" data-attachment-id=\"38486\" data-permalink=\"https:\/\/www.shqiperia.com\/blog\/halucinacione-trauma-cfare-ka-lene-pas-kovidi-te-pacientet-e-infektuar\/640-0-5f61cebb34f14\/\" data-orig-file=\"https:\/\/i0.wp.com\/www.shqiperia.com\/blog\/wp-content\/uploads\/2020\/09\/640-0-5f61cebb34f14.jpg?fit=640%2C360&amp;ssl=1\" data-orig-size=\"640,360\" data-comments-opened=\"1\" data-image-meta=\"{&quot;aperture&quot;:&quot;0&quot;,&quot;credit&quot;:&quot;&quot;,&quot;camera&quot;:&quot;&quot;,&quot;caption&quot;:&quot;&quot;,&quot;created_timestamp&quot;:&quot;0&quot;,&quot;copyright&quot;:&quot;&quot;,&quot;focal_length&quot;:&quot;0&quot;,&quot;iso&quot;:&quot;0&quot;,&quot;shutter_speed&quot;:&quot;0&quot;,&quot;title&quot;:&quot;&quot;,&quot;orientation&quot;:&quot;0&quot;}\" data-image-title=\"-640-0-5f61cebb34f14\" data-image-description=\"\" data-image-caption=\"\" data-medium-file=\"https:\/\/i0.wp.com\/www.shqiperia.com\/blog\/wp-content\/uploads\/2020\/09\/640-0-5f61cebb34f14.jpg?fit=300%2C169&amp;ssl=1\" data-large-file=\"https:\/\/i0.wp.com\/www.shqiperia.com\/blog\/wp-content\/uploads\/2020\/09\/640-0-5f61cebb34f14.jpg?fit=640%2C360&amp;ssl=1\" class=\"alignnone wp-image-38486\" alt=\"\" src=\"https:\/\/i0.wp.com\/www.shqiperia.com\/blog\/wp-content\/uploads\/2020\/09\/640-0-5f61cebb34f14.jpg?resize=573%2C323&#038;ssl=1\" width=\"573\" height=\"323\" srcset=\"https:\/\/i0.wp.com\/www.shqiperia.com\/blog\/wp-content\/uploads\/2020\/09\/640-0-5f61cebb34f14.jpg?resize=300%2C169&amp;ssl=1 300w, https:\/\/i0.wp.com\/www.shqiperia.com\/blog\/wp-content\/uploads\/2020\/09\/640-0-5f61cebb34f14.jpg?resize=450%2C253&amp;ssl=1 450w, https:\/\/i0.wp.com\/www.shqiperia.com\/blog\/wp-content\/uploads\/2020\/09\/640-0-5f61cebb34f14.jpg?resize=600%2C338&amp;ssl=1 600w, https:\/\/i0.wp.com\/www.shqiperia.com\/blog\/wp-content\/uploads\/2020\/09\/640-0-5f61cebb34f14.jpg?resize=400%2C225&amp;ssl=1 400w, https:\/\/i0.wp.com\/www.shqiperia.com\/blog\/wp-content\/uploads\/2020\/09\/640-0-5f61cebb34f14.jpg?w=640&amp;ssl=1 640w\" sizes=\"auto, (max-width: 573px) 100vw, 573px\" \/><\/p>\n<p>\u00c7\u00ebshtjet e sh\u00ebndetit mendor te pacient\u00ebt me koronavirus nuk po marrin v\u00ebmendjen e mjaftueshme, paralajm\u00ebrojn\u00eb mjek\u00ebt.<\/p>\n<p>India nuk ka pajisje dhe ekspert\u00eb p\u00ebr t\u00eb trajtuar pacient\u00ebt e sh\u00ebndetit mendor, dhe situata \u00ebsht\u00eb m\u00eb e keqe n\u00eb qytetet m\u00eb t\u00eb vogla ku njer\u00ebzit shpesh nuk jan\u00eb n\u00eb gjendje as t\u00eb njohin simptomat.<\/p>\n<ul>\n<li>Dritare net<\/li>\n<\/ul>\n","protected":false},"excerpt":{"rendered":"<p>Halucinacione, trauma. &#8211; \u00c7far\u00eb ka l\u00ebn\u00eb pas kovidi te pacient\u00ebt e infektuar! 16 SHTATOR 2020 N\u00eb Indi, numri i rasteve me koronavirus, n\u00eb kufijt\u00eb e ekstremit, ka ngritur nj\u00eb tjet\u00ebr alarm: probleme serioze t\u00eb sh\u00ebndetit mendor te pacient\u00ebt me Covid-19, shkruan Vikas Pandey i BBC. Rajesh Tiwari, 42 vje\u00e7, iu zhvillua nj\u00eb fobi p\u00ebr \u00e7do [&hellip;]<\/p>\n","protected":false},"author":9,"featured_media":38483,"comment_status":"open","ping_status":"open","sticky":false,"template":"","format":"standard","meta":{"jetpack_post_was_ever_published":false,"_jetpack_newsletter_access":"","_jetpack_dont_email_post_to_subs":false,"_jetpack_newsletter_tier_id":0,"_jetpack_memberships_contains_paywalled_content":false,"_jetpack_memberships_contains_paid_content":false,"footnotes":"","jetpack_publicize_message":"","jetpack_publicize_feature_enabled":true,"jetpack_social_post_already_shared":true,"jetpack_social_options":{"image_generator_settings":{"template":"highway","default_image_id":0,"font":"","enabled":false},"version":2}},"categories":[27,35],"tags":[],"class_list":["post-38482","post","type-post","status-publish","format-standard","has-post-thumbnail","hentry","category-blogu-i-udhetarit","category-shoqerore"],"jetpack_publicize_connections":[],"jetpack_featured_media_url":"https:\/\/i0.wp.com\/www.shqiperia.com\/blog\/wp-content\/uploads\/2020\/09\/640-0-5f61cebbc0586.jpg?fit=640%2C360&ssl=1","jetpack_sharing_enabled":true,"jetpack_shortlink":"https:\/\/wp.me\/p5Z6wp-a0G","jetpack-related-posts":[{"id":34326,"url":"https:\/\/www.shqiperia.com\/blog\/vrasesi-i-heshtur-simptoma-e-re-e-koronavirusit-qe-ka-habitur-edhe-mjeket-angleze-cfare-shohin-ata-tek-pacientet-e-infektuar\/","url_meta":{"origin":38482,"position":0},"title":"\u201cVras\u00ebsi i heshtur\u201d\/ Simptoma e re e koronavirusit q\u00eb ka habitur edhe mjek\u00ebt anglez\u00eb, \u00e7far\u00eb shohin ata tek pacient\u00ebt e infektuar","author":"Kurt Farka","date":"May 7, 2020","format":false,"excerpt":"\u201cVras\u00ebsi i heshtur\u201d\/ Simptoma e re e koronavirusit q\u00eb ka habitur edhe mjek\u00ebt anglez\u00eb, \u00e7far\u00eb shohin ata tek pacient\u00ebt e infektuar 5 maji 2020 Nj\u00eb gjendje misterioze q\u00eb i b\u00ebn pacient\u00ebt e infektuar me koronavirus t\u00eb aft\u00eb t\u00eb flasin me t\u00eb af\u00ebrmit e tyre pavar\u00ebsisht munges\u00ebs s\u00eb oksigjenit po i\u2026","rel":"","context":"In &quot;Blogu i Udh\u00ebtarit&quot;","block_context":{"text":"Blogu i Udh\u00ebtarit","link":"https:\/\/www.shqiperia.com\/blog\/category\/blogu-i-udhetarit\/"},"img":{"alt_text":"","src":"https:\/\/i0.wp.com\/www.shqiperia.com\/blog\/wp-content\/uploads\/2020\/05\/5025.jpg?fit=1200%2C720&ssl=1&resize=350%2C200","width":350,"height":200,"srcset":"https:\/\/i0.wp.com\/www.shqiperia.com\/blog\/wp-content\/uploads\/2020\/05\/5025.jpg?fit=1200%2C720&ssl=1&resize=350%2C200 1x, https:\/\/i0.wp.com\/www.shqiperia.com\/blog\/wp-content\/uploads\/2020\/05\/5025.jpg?fit=1200%2C720&ssl=1&resize=525%2C300 1.5x, https:\/\/i0.wp.com\/www.shqiperia.com\/blog\/wp-content\/uploads\/2020\/05\/5025.jpg?fit=1200%2C720&ssl=1&resize=700%2C400 2x, https:\/\/i0.wp.com\/www.shqiperia.com\/blog\/wp-content\/uploads\/2020\/05\/5025.jpg?fit=1200%2C720&ssl=1&resize=1050%2C600 3x"},"classes":[]},{"id":37444,"url":"https:\/\/www.shqiperia.com\/blog\/studimi-i-ri-humbja-e-nuhatjes-si-ta-kuptoni-se-jeni-infektuar-me-koronavirus\/","url_meta":{"origin":38482,"position":1},"title":"Studimi i ri\/ Humbja e nuhatjes, si ta kuptoni se jeni infektuar me koronavirus","author":"Kurt Farka","date":"August 20, 2020","format":false,"excerpt":"Studimi i ri\/ Humbja e nuhatjes, si ta kuptoni se jeni infektuar me koronavirus 20 GUSHT 2020 Humbja e aft\u00ebsis\u00eb p\u00ebr t\u00eb nuhatur q\u00eb mund t\u00eb shoq\u00ebroj\u00eb koronavirusin \u00ebsht\u00eb unike dhe e ndryshme nga ajo q\u00eb p\u00ebrjetohet nga dikush \u00ebsht\u00eb thjesht i ftohur ose i prekur nga gripi i zakonsh\u00ebm.\u2026","rel":"","context":"In &quot;Njoftime Shtypi&quot;","block_context":{"text":"Njoftime Shtypi","link":"https:\/\/www.shqiperia.com\/blog\/category\/njoftime-shtypi\/"},"img":{"alt_text":"","src":"https:\/\/i0.wp.com\/www.shqiperia.com\/blog\/wp-content\/uploads\/2020\/08\/640-0-5f3e68bf60c4b.jpg?fit=640%2C360&ssl=1&resize=350%2C200","width":350,"height":200,"srcset":"https:\/\/i0.wp.com\/www.shqiperia.com\/blog\/wp-content\/uploads\/2020\/08\/640-0-5f3e68bf60c4b.jpg?fit=640%2C360&ssl=1&resize=350%2C200 1x, https:\/\/i0.wp.com\/www.shqiperia.com\/blog\/wp-content\/uploads\/2020\/08\/640-0-5f3e68bf60c4b.jpg?fit=640%2C360&ssl=1&resize=525%2C300 1.5x"},"classes":[]},{"id":32218,"url":"https:\/\/www.shqiperia.com\/blog\/pergatituni-per-me-te-keqen-alarmi-i-mjekeve-italiane-per-europen-spitalet-do-te-bien-ne-kolaps\/","url_meta":{"origin":38482,"position":2},"title":"\u201cP\u00ebrgatituni p\u00ebr m\u00eb t\u00eb keqen\u201d\/ Alarmi i mjek\u00ebve italian\u00eb p\u00ebr Europ\u00ebn: Spitalet do t\u00eb bien n\u00eb kolaps","author":"Kurt Farka","date":"March 10, 2020","format":false,"excerpt":"\u201cP\u00ebrgatituni p\u00ebr m\u00eb t\u00eb keqen\u201d\/ Alarmi i mjek\u00ebve italian\u00eb p\u00ebr Europ\u00ebn: Spitalet do t\u00eb bien n\u00eb kolaps 09\/03\/20 Nd\u00ebrkoh\u00eb q\u00eb luftojn\u00eb prej jav\u00ebsh me shp\u00ebrthimin e koronavirusit, mjek\u00ebt italian\u00eb u kan\u00eb d\u00ebrguar nj\u00eb let\u00ebr t\u00eb gjitha vendeve europiane duke u k\u00ebrkuar t\u00eb parap\u00ebrgatiten p\u00ebr epidemin\u00eb, e cila mund t\u00eb \u00e7oj\u00eb\u2026","rel":"","context":"In &quot;Blogu i Udh\u00ebtarit&quot;","block_context":{"text":"Blogu i Udh\u00ebtarit","link":"https:\/\/www.shqiperia.com\/blog\/category\/blogu-i-udhetarit\/"},"img":{"alt_text":"","src":"https:\/\/i0.wp.com\/www.shqiperia.com\/blog\/wp-content\/uploads\/2020\/03\/italy-calls-back-retired-doctors-as-coronavirus-deaths-mount-e1583789929599.jpg?fit=616%2C339&ssl=1&resize=350%2C200","width":350,"height":200,"srcset":"https:\/\/i0.wp.com\/www.shqiperia.com\/blog\/wp-content\/uploads\/2020\/03\/italy-calls-back-retired-doctors-as-coronavirus-deaths-mount-e1583789929599.jpg?fit=616%2C339&ssl=1&resize=350%2C200 1x, https:\/\/i0.wp.com\/www.shqiperia.com\/blog\/wp-content\/uploads\/2020\/03\/italy-calls-back-retired-doctors-as-coronavirus-deaths-mount-e1583789929599.jpg?fit=616%2C339&ssl=1&resize=525%2C300 1.5x"},"classes":[]},{"id":67200,"url":"https:\/\/www.shqiperia.com\/blog\/misteri-i-librit-te-kuq-te-carl-jungut-karl-jungut\/","url_meta":{"origin":38482,"position":3},"title":"Misteri i Librit t\u00eb Kuq t\u00eb Carl Jungut (Karl Jungut)","author":"Kurt Farka","date":"February 2, 2023","format":false,"excerpt":"2 Shkurt 2023 Karl Jungu ishte nj\u00eb psikiat\u00ebr me shum\u00eb influenc\u00eb q\u00eb konsiderohet si themeluesi i psikologjis\u00eb analitike. Jungu bashk\u00ebpunoi me Zigmund Frojdin p\u00ebr vite t\u00eb t\u00ebr\u00eb dhe u b\u00eb i famsh\u00ebm p\u00ebr pun\u00ebn e tij me pacient\u00ebt skizofren\u00eb. N\u00eb vitin 1913, marr\u00ebdh\u00ebnia profesionale e Jungut me Frojdin p\u00ebrsoi nj\u00eb\u2026","rel":"","context":"In &quot;Blogu i Udh\u00ebtarit&quot;","block_context":{"text":"Blogu i Udh\u00ebtarit","link":"https:\/\/www.shqiperia.com\/blog\/category\/blogu-i-udhetarit\/"},"img":{"alt_text":"","src":"https:\/\/i0.wp.com\/www.shqiperia.com\/blog\/wp-content\/uploads\/2023\/02\/Capture-372-722x430-1-1.jpg?fit=722%2C430&ssl=1&resize=350%2C200","width":350,"height":200,"srcset":"https:\/\/i0.wp.com\/www.shqiperia.com\/blog\/wp-content\/uploads\/2023\/02\/Capture-372-722x430-1-1.jpg?fit=722%2C430&ssl=1&resize=350%2C200 1x, https:\/\/i0.wp.com\/www.shqiperia.com\/blog\/wp-content\/uploads\/2023\/02\/Capture-372-722x430-1-1.jpg?fit=722%2C430&ssl=1&resize=525%2C300 1.5x, https:\/\/i0.wp.com\/www.shqiperia.com\/blog\/wp-content\/uploads\/2023\/02\/Capture-372-722x430-1-1.jpg?fit=722%2C430&ssl=1&resize=700%2C400 2x"},"classes":[]},{"id":34922,"url":"https:\/\/www.shqiperia.com\/blog\/ky-eshte-ilaci-qe-rrit-rrezikun-e-vdekjes-tek-pacientet-me-covid-19-ja-cfare-shkruan-zeri-i-amerikes-dhe-rezultatet-befasuese-te-studimit-te-fundit\/","url_meta":{"origin":38482,"position":4},"title":"Ky \u00ebsht\u00eb ila\u00e7i q\u00eb rrit rrezikun e vdekjes tek pacient\u00ebt me COVID-19. Ja \u00e7far\u00eb shkruan Z\u00ebri i Amerik\u00ebs dhe rezultatet befasuese t\u00eb studimit t\u00eb fundit","author":"Kurt Farka","date":"May 22, 2020","format":false,"excerpt":"Ky \u00ebsht\u00eb ila\u00e7i q\u00eb rrit rrezikun e vdekjes tek pacient\u00ebt me COVID-19. Ja \u00e7far\u00eb shkruan Z\u00ebri i Amerik\u00ebs dhe rezultatet befasuese t\u00eb studimit t\u00eb fundit 22 MAJ 2020 Hidroksiklorokina nj\u00eb ila\u00e7 p\u00ebr trajtimin e malaries, t\u00eb cil\u00ebn presidenti amerikan Donald Trump thot\u00eb se po e p\u00ebrdor p\u00ebr t\u2019u mbrojtur nga\u2026","rel":"","context":"In &quot;Blogu i Udh\u00ebtarit&quot;","block_context":{"text":"Blogu i Udh\u00ebtarit","link":"https:\/\/www.shqiperia.com\/blog\/category\/blogu-i-udhetarit\/"},"img":{"alt_text":"","src":"https:\/\/i0.wp.com\/www.shqiperia.com\/blog\/wp-content\/uploads\/2020\/05\/800-0-a37bc80ea4bd685b717b67d7724003ca.jpg?fit=800%2C450&ssl=1&resize=350%2C200","width":350,"height":200,"srcset":"https:\/\/i0.wp.com\/www.shqiperia.com\/blog\/wp-content\/uploads\/2020\/05\/800-0-a37bc80ea4bd685b717b67d7724003ca.jpg?fit=800%2C450&ssl=1&resize=350%2C200 1x, https:\/\/i0.wp.com\/www.shqiperia.com\/blog\/wp-content\/uploads\/2020\/05\/800-0-a37bc80ea4bd685b717b67d7724003ca.jpg?fit=800%2C450&ssl=1&resize=525%2C300 1.5x, https:\/\/i0.wp.com\/www.shqiperia.com\/blog\/wp-content\/uploads\/2020\/05\/800-0-a37bc80ea4bd685b717b67d7724003ca.jpg?fit=800%2C450&ssl=1&resize=700%2C400 2x"},"classes":[]},{"id":32247,"url":"https:\/\/www.shqiperia.com\/blog\/rezultate-te-shkelqyera-brenda-24-oreve-mjeket-napolitane-japin-lajmin-e-mire-ja-ilaci-qe-nxjerr-pacientet-me-koronavirus-nga-kujdesi-intensiv\/","url_meta":{"origin":38482,"position":5},"title":"\u201cRezultate t\u00eb shk\u00eblqyera brenda 24 or\u00ebve\u201d, mjek\u00ebt napolitan\u00eb japin lajmin e mir\u00eb: Ja ila\u00e7i q\u00eb nxjerr pacient\u00ebt me koronavirus nga kujdesi intensiv","author":"Kurt Farka","date":"March 10, 2020","format":false,"excerpt":"\u201cRezultate t\u00eb shk\u00eblqyera brenda 24 or\u00ebve\u201d, mjek\u00ebt napolitan\u00eb japin lajmin e mir\u00eb: Ja ila\u00e7i q\u00eb nxjerr pacient\u00ebt me koronavirus nga kujdesi intensiv 10 MARS 2020 Ende nuk dihet shum\u00eb p\u00ebr koronavirusin, por dihet mir\u00eb se sa shkat\u00ebrruese mund t\u00eb jet\u00eb p\u00ebr trupin e njeriut. \u00c7far\u00eb ndodh n\u00eb t\u00eb v\u00ebrtet\u00eb me\u2026","rel":"","context":"In &quot;Blogu i Udh\u00ebtarit&quot;","block_context":{"text":"Blogu i Udh\u00ebtarit","link":"https:\/\/www.shqiperia.com\/blog\/category\/blogu-i-udhetarit\/"},"img":{"alt_text":"","src":"https:\/\/i0.wp.com\/www.shqiperia.com\/blog\/wp-content\/uploads\/2020\/03\/800-0-5e67cd5312203.jpg?fit=800%2C451&ssl=1&resize=350%2C200","width":350,"height":200,"srcset":"https:\/\/i0.wp.com\/www.shqiperia.com\/blog\/wp-content\/uploads\/2020\/03\/800-0-5e67cd5312203.jpg?fit=800%2C451&ssl=1&resize=350%2C200 1x, https:\/\/i0.wp.com\/www.shqiperia.com\/blog\/wp-content\/uploads\/2020\/03\/800-0-5e67cd5312203.jpg?fit=800%2C451&ssl=1&resize=525%2C300 1.5x, https:\/\/i0.wp.com\/www.shqiperia.com\/blog\/wp-content\/uploads\/2020\/03\/800-0-5e67cd5312203.jpg?fit=800%2C451&ssl=1&resize=700%2C400 2x"},"classes":[]}],"_links":{"self":[{"href":"https:\/\/www.shqiperia.com\/blog\/wp-json\/wp\/v2\/posts\/38482","targetHints":{"allow":["GET"]}}],"collection":[{"href":"https:\/\/www.shqiperia.com\/blog\/wp-json\/wp\/v2\/posts"}],"about":[{"href":"https:\/\/www.shqiperia.com\/blog\/wp-json\/wp\/v2\/types\/post"}],"author":[{"embeddable":true,"href":"https:\/\/www.shqiperia.com\/blog\/wp-json\/wp\/v2\/users\/9"}],"replies":[{"embeddable":true,"href":"https:\/\/www.shqiperia.com\/blog\/wp-json\/wp\/v2\/comments?post=38482"}],"version-history":[{"count":1,"href":"https:\/\/www.shqiperia.com\/blog\/wp-json\/wp\/v2\/posts\/38482\/revisions"}],"predecessor-version":[{"id":38487,"href":"https:\/\/www.shqiperia.com\/blog\/wp-json\/wp\/v2\/posts\/38482\/revisions\/38487"}],"wp:featuredmedia":[{"embeddable":true,"href":"https:\/\/www.shqiperia.com\/blog\/wp-json\/wp\/v2\/media\/38483"}],"wp:attachment":[{"href":"https:\/\/www.shqiperia.com\/blog\/wp-json\/wp\/v2\/media?parent=38482"}],"wp:term":[{"taxonomy":"category","embeddable":true,"href":"https:\/\/www.shqiperia.com\/blog\/wp-json\/wp\/v2\/categories?post=38482"},{"taxonomy":"post_tag","embeddable":true,"href":"https:\/\/www.shqiperia.com\/blog\/wp-json\/wp\/v2\/tags?post=38482"}],"curies":[{"name":"wp","href":"https:\/\/api.w.org\/{rel}","templated":true}]}}