{"id":38272,"date":"2020-09-10T14:26:57","date_gmt":"2020-09-10T14:26:57","guid":{"rendered":"https:\/\/www.shqiperia.com\/blog\/?p=38272"},"modified":"2020-09-10T14:26:57","modified_gmt":"2020-09-10T14:26:57","slug":"skandali-44-milione-dollare-kryemadhi-sfidon-ballukun-ja-kush-ka-firmosur-per-rrugen-tirane-elbasan","status":"publish","type":"post","link":"https:\/\/www.shqiperia.com\/blog\/skandali-44-milione-dollare-kryemadhi-sfidon-ballukun-ja-kush-ka-firmosur-per-rrugen-tirane-elbasan\/","title":{"rendered":"Skandali 44 milion\u00eb dollar\u00eb\/ Kryemadhi sfidon Ballukun: &#8211; Ja kush ka firmosur p\u00ebr rrug\u00ebn Tiran\u00eb-Elbasan"},"content":{"rendered":"<p><img data-recalc-dims=\"1\" loading=\"lazy\" decoding=\"async\" data-attachment-id=\"38273\" data-permalink=\"https:\/\/www.shqiperia.com\/blog\/skandali-44-milione-dollare-kryemadhi-sfidon-ballukun-ja-kush-ka-firmosur-per-rrugen-tirane-elbasan\/640-0-5f5936ae790a6\/\" data-orig-file=\"https:\/\/i0.wp.com\/www.shqiperia.com\/blog\/wp-content\/uploads\/2020\/09\/640-0-5f5936ae790a6.jpg?fit=640%2C430&amp;ssl=1\" data-orig-size=\"640,430\" data-comments-opened=\"1\" data-image-meta=\"{&quot;aperture&quot;:&quot;0&quot;,&quot;credit&quot;:&quot;&quot;,&quot;camera&quot;:&quot;&quot;,&quot;caption&quot;:&quot;&quot;,&quot;created_timestamp&quot;:&quot;0&quot;,&quot;copyright&quot;:&quot;&quot;,&quot;focal_length&quot;:&quot;0&quot;,&quot;iso&quot;:&quot;0&quot;,&quot;shutter_speed&quot;:&quot;0&quot;,&quot;title&quot;:&quot;&quot;,&quot;orientation&quot;:&quot;0&quot;}\" data-image-title=\"-640-0-5f5936ae790a6\" data-image-description=\"\" data-image-caption=\"\" data-medium-file=\"https:\/\/i0.wp.com\/www.shqiperia.com\/blog\/wp-content\/uploads\/2020\/09\/640-0-5f5936ae790a6.jpg?fit=300%2C202&amp;ssl=1\" data-large-file=\"https:\/\/i0.wp.com\/www.shqiperia.com\/blog\/wp-content\/uploads\/2020\/09\/640-0-5f5936ae790a6.jpg?fit=640%2C430&amp;ssl=1\" class=\"alignnone  wp-image-38273\" alt=\"\" src=\"https:\/\/i0.wp.com\/www.shqiperia.com\/blog\/wp-content\/uploads\/2020\/09\/640-0-5f5936ae790a6.jpg?resize=472%2C318&#038;ssl=1\" width=\"472\" height=\"318\" srcset=\"https:\/\/i0.wp.com\/www.shqiperia.com\/blog\/wp-content\/uploads\/2020\/09\/640-0-5f5936ae790a6.jpg?resize=300%2C202&amp;ssl=1 300w, https:\/\/i0.wp.com\/www.shqiperia.com\/blog\/wp-content\/uploads\/2020\/09\/640-0-5f5936ae790a6.jpg?resize=450%2C302&amp;ssl=1 450w, https:\/\/i0.wp.com\/www.shqiperia.com\/blog\/wp-content\/uploads\/2020\/09\/640-0-5f5936ae790a6.jpg?resize=600%2C403&amp;ssl=1 600w, https:\/\/i0.wp.com\/www.shqiperia.com\/blog\/wp-content\/uploads\/2020\/09\/640-0-5f5936ae790a6.jpg?resize=400%2C269&amp;ssl=1 400w, https:\/\/i0.wp.com\/www.shqiperia.com\/blog\/wp-content\/uploads\/2020\/09\/640-0-5f5936ae790a6.jpg?w=640&amp;ssl=1 640w\" sizes=\"auto, (max-width: 472px) 100vw, 472px\" \/><\/p>\n<p><strong>Skandali 44 milion\u00eb dollar\u00eb\/ Kryemadhi sfidon Ballukun: &#8211; Ja kush ka firmosur p\u00ebr rrug\u00ebn Tiran\u00eb-Elbasan<\/strong><\/p>\n<p><strong>9 SHTATOR 2020<\/strong><\/p>\n<p>E ftuar n\u00eb emisionin \u2018Open\u2019, kryetarja e LSI, Monika Kryemadhi ka folur mbi deklarat\u00ebn e Ministris\u00eb s\u00eb Transporteve n\u00eb lidhje me arbitrazhin e humbur p\u00ebr rrug\u00ebn Tiran\u00eb-Elbasan. Kryemadhi tha se ish-ministri Edmond Haxhinasto dhe ish-drejtori i Rrug\u00ebve, Dashamir Xhika nuk kan\u00eb firmosur p\u00ebr k\u00ebt\u00eb rast. Madje, Kryemadhi sfidoi ministren Balluku q\u00eb t\u00eb publikoj\u00eb n\u00eb Haxhinasto dhe Xhika kan\u00eb firmosur.<\/p>\n<p><em>\u2018Ne kur t\u00eb vijm\u00eb n\u00eb pushtet do t\u00eb heqim t\u00eb gjitha koncesionet e oligark\u00ebve.<\/em><br \/>\n<em>Se mos b\u00ebhet si arbitrazhi, si rruga Elbasan \u2013 Tiran\u00eb?\u00a0\u00a0A mos ka vajtur vet\u00eb n\u00eb arbitrazh qeveria q\u00eb t\u00eb ndaj\u00eb parat\u00eb me firm\u00ebn?<\/em><br \/>\n<em>K\u00ebt\u00eb na e thoni ju&#8230;<\/em><\/p>\n<p><em>Ju duhet ta investigoni sepse jeni gazetar\u00eb.\u00a0\u00a0A keni nj\u00eb p\u00ebrgjigje p\u00ebr deklarat\u00ebn e ministres Balluku?\u00a0T\u00eb m\u00eb tregoj\u00eb firm\u00ebn Belinda Balluku t\u00eb Dashamir Xhik\u00ebs apo t\u00eb Edmond Haxhinastos p\u00ebr k\u00ebto dy amendime q\u00eb ka humbur n\u00eb arbitrazh.<\/em><\/p>\n<p><em>Kush ka firmosur?<\/em><\/p>\n<p><em>Ka firmosur Afrim Q\u00ebndro dhe ka vajtur n\u00eb arbitrazh p\u00ebr shkak t\u00eb Arben Ahmetajt sepse nuk kan\u00eb b\u00ebr\u00eb rimbursimin e TVSH-s\u00eb dhe shpron\u00ebsimet e rrug\u00ebs.<\/em><\/p>\n<p><em>Dash Xhik\u00ebn e mbajt\u00ebn n\u00eb burg 9 muaj p\u00ebr \u00e7\u00ebshtjen e rrug\u00ebs s\u00eb Elbasanit. Dhe e di pse e mbajt\u00ebn n\u00eb burg? Se skam folur ndonj\u00ebher\u00eb, po e flas. Sepse k\u00ebrkuan 35 milion\u00eb euro p\u00ebr rrug\u00ebn, dhe nuk k\u00ebrkuan 70 milion\u00eb euro, sepse donin t\u2019i vidhnin. Sot, merrini shikojeni pse kan\u00eb shkuar n\u00eb arbitrazh. Kan\u00eb shkuar n\u00eb arbitrazh sepse duan t\u00eb vjedhin bashk\u00eb me firm\u00ebn, t\u2019i ndajn\u00eb bashk\u00eb me firm\u00ebn parat\u00eb\u2019.<\/em><\/p>\n<p><strong><a href=\"https:\/\/www.facebook.com\/groups\/374624763207291\/\">Gazeta<\/a><\/strong> Shqip<\/p>\n","protected":false},"excerpt":{"rendered":"<p>Skandali 44 milion\u00eb dollar\u00eb\/ Kryemadhi sfidon Ballukun: &#8211; Ja kush ka firmosur p\u00ebr rrug\u00ebn Tiran\u00eb-Elbasan 9 SHTATOR 2020 E ftuar n\u00eb emisionin \u2018Open\u2019, kryetarja e LSI, Monika Kryemadhi ka folur mbi deklarat\u00ebn e Ministris\u00eb s\u00eb Transporteve n\u00eb lidhje me arbitrazhin e humbur p\u00ebr rrug\u00ebn Tiran\u00eb-Elbasan. Kryemadhi tha se ish-ministri Edmond Haxhinasto dhe ish-drejtori i Rrug\u00ebve, [&hellip;]<\/p>\n","protected":false},"author":9,"featured_media":38273,"comment_status":"open","ping_status":"open","sticky":false,"template":"","format":"standard","meta":{"jetpack_post_was_ever_published":false,"_jetpack_newsletter_access":"","_jetpack_dont_email_post_to_subs":false,"_jetpack_newsletter_tier_id":0,"_jetpack_memberships_contains_paywalled_content":false,"_jetpack_memberships_contains_paid_content":false,"footnotes":"","jetpack_publicize_message":"","jetpack_publicize_feature_enabled":true,"jetpack_social_post_already_shared":true,"jetpack_social_options":{"image_generator_settings":{"template":"highway","default_image_id":0,"font":"","enabled":false},"version":2}},"categories":[27,2],"tags":[],"class_list":["post-38272","post","type-post","status-publish","format-standard","has-post-thumbnail","hentry","category-blogu-i-udhetarit","category-politika"],"jetpack_publicize_connections":[],"jetpack_featured_media_url":"https:\/\/i0.wp.com\/www.shqiperia.com\/blog\/wp-content\/uploads\/2020\/09\/640-0-5f5936ae790a6.jpg?fit=640%2C430&ssl=1","jetpack_sharing_enabled":true,"jetpack_shortlink":"https:\/\/wp.me\/p5Z6wp-9Xi","jetpack-related-posts":[{"id":94741,"url":"https:\/\/www.shqiperia.com\/blog\/monika-kryemadhi-akuzon-lulzim-bashen-i-vetmi-politikan-qe-ka-23-milione-dollare-xhiro-me-kompanite-e-kunatit-mori-540-mln-usd-offshore-nga-ruset-se-heton-njeri\/","url_meta":{"origin":38272,"position":0},"title":"Monika Kryemadhi akuzon Lulzim Bash\u00ebn: I vetmi politikan q\u00eb ka 23 milion\u00eb dollar\u00eb xhiro me kompanit\u00eb e kunatit! Mori 540 mln USD offshore nga rus\u00ebt, s\u2019e heton njeri!","author":"Kurt Farka","date":"November 8, 2025","format":false,"excerpt":"8 Nentor 2025 Ish-kryetarja e LSI-s\u00eb, Monika Kryemadhi, ka b\u00ebr\u00eb akuza t\u00eb forta ndaj ish-kryedemokratit Lulzim Basha, duke theksuar se ka 23 milion\u00eb dollar\u00eb fitim me kompanit\u00eb e kunatit, por nuk ka patur asnj\u00eb hetim pasuror p\u00ebr k\u00ebto t\u00eb ardhura. \u201cBasha \u00ebsht\u00eb i vetmi politikan, i cili ka 23 mln\u2026","rel":"","context":"In &quot;Blogu i Udh\u00ebtarit&quot;","block_context":{"text":"Blogu i Udh\u00ebtarit","link":"https:\/\/www.shqiperia.com\/blog\/category\/blogu-i-udhetarit\/"},"img":{"alt_text":"","src":"https:\/\/i0.wp.com\/www.shqiperia.com\/blog\/wp-content\/uploads\/2025\/11\/basha-kryemadhi.jpg?fit=1200%2C697&ssl=1&resize=350%2C200","width":350,"height":200,"srcset":"https:\/\/i0.wp.com\/www.shqiperia.com\/blog\/wp-content\/uploads\/2025\/11\/basha-kryemadhi.jpg?fit=1200%2C697&ssl=1&resize=350%2C200 1x, https:\/\/i0.wp.com\/www.shqiperia.com\/blog\/wp-content\/uploads\/2025\/11\/basha-kryemadhi.jpg?fit=1200%2C697&ssl=1&resize=525%2C300 1.5x, https:\/\/i0.wp.com\/www.shqiperia.com\/blog\/wp-content\/uploads\/2025\/11\/basha-kryemadhi.jpg?fit=1200%2C697&ssl=1&resize=700%2C400 2x, https:\/\/i0.wp.com\/www.shqiperia.com\/blog\/wp-content\/uploads\/2025\/11\/basha-kryemadhi.jpg?fit=1200%2C697&ssl=1&resize=1050%2C600 3x"},"classes":[]},{"id":68134,"url":"https:\/\/www.shqiperia.com\/blog\/rama-do-ta-haje-kallup-sic-e-ka-qejf-kryemadhi-perdor-ministret-per-vizita-jashte-dhe-bisedime-te-fshehta\/","url_meta":{"origin":38272,"position":1},"title":"\u201cRama do ta haj\u00eb \u2018kallup\u2019, si\u00e7 e ka qejf\u201d &#8211; Kryemadhi: &#8211; P\u00ebrdor ministret p\u00ebr vizita jasht\u00eb dhe bisedime t\u00eb fshehta","author":"Kurt Farka","date":"February 16, 2023","format":false,"excerpt":"16 Shkurt 2023 Deputetja e PL-s\u00eb, Monika Kryemadhi n\u00eb fjal\u00ebn e saj n\u00eb parlament dha se Rama p\u00ebrdor ministret p\u00ebr udh\u00ebtime jasht\u00eb vendit, por edhe p\u00ebr bisedime t\u00eb fshehta. Sipas Kryemadhit, Rama ka p\u00ebrorur grat\u00eb p\u00ebr t\u00eb firmosur kontrata abuzive, sic \u00ebsht\u00eb Porti i Durr\u00ebsit. Nd\u00ebrsa p\u00ebr inceneratorin e Tiran\u00ebs,\u2026","rel":"","context":"In &quot;Blogu i Udh\u00ebtarit&quot;","block_context":{"text":"Blogu i Udh\u00ebtarit","link":"https:\/\/www.shqiperia.com\/blog\/category\/blogu-i-udhetarit\/"},"img":{"alt_text":"","src":"https:\/\/i0.wp.com\/www.shqiperia.com\/blog\/wp-content\/uploads\/2023\/02\/800-0-635ce2e4f08f5-1.jpg?fit=800%2C510&ssl=1&resize=350%2C200","width":350,"height":200,"srcset":"https:\/\/i0.wp.com\/www.shqiperia.com\/blog\/wp-content\/uploads\/2023\/02\/800-0-635ce2e4f08f5-1.jpg?fit=800%2C510&ssl=1&resize=350%2C200 1x, https:\/\/i0.wp.com\/www.shqiperia.com\/blog\/wp-content\/uploads\/2023\/02\/800-0-635ce2e4f08f5-1.jpg?fit=800%2C510&ssl=1&resize=525%2C300 1.5x, https:\/\/i0.wp.com\/www.shqiperia.com\/blog\/wp-content\/uploads\/2023\/02\/800-0-635ce2e4f08f5-1.jpg?fit=800%2C510&ssl=1&resize=700%2C400 2x"},"classes":[]},{"id":34662,"url":"https:\/\/www.shqiperia.com\/blog\/monika-kryemadhi-po-guxoi-ta-shembe-teatrin-dhe-te-derdhi-pike-gjaku-do-paguhet-me-koken-e-edi-rames-dhe-erjon-veliajt\/","url_meta":{"origin":38272,"position":2},"title":"Monika Kryemadhi: &#8211; Po guxoi ta shemb\u00eb Teatrin dhe t\u00eb derdhi pik\u00eb gjaku, do paguhet me kok\u00ebn e Edi Ram\u00ebs dhe Erjon Veliajt","author":"Kurt Farka","date":"May 15, 2020","format":false,"excerpt":"Monika Kryemadhi: - Po guxoi ta shemb\u00eb Teatrin dhe t\u00eb derdhi pik\u00eb gjaku, do paguhet me kok\u00ebn e Edi Ram\u00ebs dhe Erjon Veliajt E habitshme se si nuk reagon prokuroria p\u00ebr t\u00eb hetuar fallsifikimin e madh t\u00eb kryer nga kryetari i k\u00ebshillit bashkiak q\u00eb ka firmosur vendim pa mbledhje, natyrisht\u2026","rel":"","context":"In &quot;Blogu i Udh\u00ebtarit&quot;","block_context":{"text":"Blogu i Udh\u00ebtarit","link":"https:\/\/www.shqiperia.com\/blog\/category\/blogu-i-udhetarit\/"},"img":{"alt_text":"","src":"https:\/\/i0.wp.com\/www.shqiperia.com\/blog\/wp-content\/uploads\/2020\/05\/800-0-5ebdb74ad9506.png?fit=800%2C456&ssl=1&resize=350%2C200","width":350,"height":200,"srcset":"https:\/\/i0.wp.com\/www.shqiperia.com\/blog\/wp-content\/uploads\/2020\/05\/800-0-5ebdb74ad9506.png?fit=800%2C456&ssl=1&resize=350%2C200 1x, https:\/\/i0.wp.com\/www.shqiperia.com\/blog\/wp-content\/uploads\/2020\/05\/800-0-5ebdb74ad9506.png?fit=800%2C456&ssl=1&resize=525%2C300 1.5x, https:\/\/i0.wp.com\/www.shqiperia.com\/blog\/wp-content\/uploads\/2020\/05\/800-0-5ebdb74ad9506.png?fit=800%2C456&ssl=1&resize=700%2C400 2x"},"classes":[]},{"id":34679,"url":"https:\/\/www.shqiperia.com\/blog\/kryemadhi-zbulon-skandalin-vendimi-per-prishjen-e-teatrit-u-firmos-pa-u-mbledhur-keshilli-bashkiak\/","url_meta":{"origin":38272,"position":3},"title":"Kryemadhi zbulon skandalin: Vendimi p\u00ebr prishjen e Teatrit u firmos pa u mbledhur K\u00ebshilli Bashkiak!","author":"Kurt Farka","date":"May 15, 2020","format":false,"excerpt":"Kryemadhi zbulon skandalin: Vendimi p\u00ebr prishjen e Teatrit u firmos pa u mbledhur K\u00ebshilli Bashkiak! 14 maji 2020 Kryetarja e LSI-s\u00eb, Monika Kryemadhi, n\u00eb nj\u00eb lidhje direkte me emisionin \u201cOpen\u201d, ka deklaruar se vendimi skandaloz p\u00ebr shembjen e Teatrit Komb\u00ebtar, \u00ebsht\u00eb marr\u00eb pa u mbledhur fare K\u00ebshilli Bashkiak. Kryemadhi e\u2026","rel":"","context":"In &quot;Njoftime Shtypi&quot;","block_context":{"text":"Njoftime Shtypi","link":"https:\/\/www.shqiperia.com\/blog\/category\/njoftime-shtypi\/"},"img":{"alt_text":"","src":"https:\/\/i0.wp.com\/www.shqiperia.com\/blog\/wp-content\/uploads\/2020\/05\/Screenshot-2020-05-14-at-21.45.25-750x430-1.png?fit=750%2C430&ssl=1&resize=350%2C200","width":350,"height":200,"srcset":"https:\/\/i0.wp.com\/www.shqiperia.com\/blog\/wp-content\/uploads\/2020\/05\/Screenshot-2020-05-14-at-21.45.25-750x430-1.png?fit=750%2C430&ssl=1&resize=350%2C200 1x, https:\/\/i0.wp.com\/www.shqiperia.com\/blog\/wp-content\/uploads\/2020\/05\/Screenshot-2020-05-14-at-21.45.25-750x430-1.png?fit=750%2C430&ssl=1&resize=525%2C300 1.5x, https:\/\/i0.wp.com\/www.shqiperia.com\/blog\/wp-content\/uploads\/2020\/05\/Screenshot-2020-05-14-at-21.45.25-750x430-1.png?fit=750%2C430&ssl=1&resize=700%2C400 2x"},"classes":[]},{"id":59802,"url":"https:\/\/www.shqiperia.com\/blog\/kryemadhi-incineratori-i-tiranes-nje-koder-me-dhe-189-milione-dollare-evazion-fiskal\/","url_meta":{"origin":38272,"position":4},"title":"Kryemadhi: &#8211; Incineratori i Tiran\u00ebs nj\u00eb kod\u00ebr me dh\u00e9, 189 milion\u00eb dollar\u00eb evazion fiskal","author":"Kurt Farka","date":"July 4, 2022","format":false,"excerpt":"4 Korrik 2022 Kryetarja e LSI\u00a0Monika Kryemadhi p\u00ebrmes nj\u00eb dalje p\u00ebr mediet sot ka b\u00ebr\u00eb me dije se do t\u00eb depozitoj\u00eb nj\u00eb tjet\u00ebr padi n\u00eb SPAK p\u00ebr incinerator\u00ebt. Ajo tha se nga pamjet e marra nga inceneratori i Tiran\u00ebs, ku jan\u00eb b\u00ebr\u00eb tre gropa dhe nj\u00eb kod\u00ebr e mbuluar me\u2026","rel":"","context":"In &quot;Blogu i Udh\u00ebtarit&quot;","block_context":{"text":"Blogu i Udh\u00ebtarit","link":"https:\/\/www.shqiperia.com\/blog\/category\/blogu-i-udhetarit\/"},"img":{"alt_text":"","src":"https:\/\/i0.wp.com\/www.shqiperia.com\/blog\/wp-content\/uploads\/2022\/07\/640-0-df9e3ebc-7ddf-4245-a4d5-24d503f9a9fb-1656921370.jpg?fit=640%2C336&ssl=1&resize=350%2C200","width":350,"height":200,"srcset":"https:\/\/i0.wp.com\/www.shqiperia.com\/blog\/wp-content\/uploads\/2022\/07\/640-0-df9e3ebc-7ddf-4245-a4d5-24d503f9a9fb-1656921370.jpg?fit=640%2C336&ssl=1&resize=350%2C200 1x, https:\/\/i0.wp.com\/www.shqiperia.com\/blog\/wp-content\/uploads\/2022\/07\/640-0-df9e3ebc-7ddf-4245-a4d5-24d503f9a9fb-1656921370.jpg?fit=640%2C336&ssl=1&resize=525%2C300 1.5x"},"classes":[]},{"id":38132,"url":"https:\/\/www.shqiperia.com\/blog\/arbitrazhi-denon-shtetin-shqiptar-qeveria-duhet-te-paguaje-44-mln-greket-e-rruges-tirane-elbasan\/","url_meta":{"origin":38272,"position":5},"title":"Arbitrazhi d\u00ebnon shtetin shqiptar, qeveria duhet t\u00eb paguaj\u00eb 44 mln $ grek\u00ebt e rrug\u00ebs Tiran\u00eb-Elbasan","author":"Kurt Farka","date":"September 6, 2020","format":false,"excerpt":"Arbitrazhi d\u00ebnon shtetin shqiptar, qeveria duhet t\u00eb paguaj\u00eb 44 mln $ grek\u00ebt e rrug\u00ebs Tiran\u00eb-Elbasan - 05\/09\/20 M\u00eb 1 shtator 2020, Gjykata Nd\u00ebrkomb\u00ebtare e Arbitrazhit (ICC), i ka dh\u00ebn\u00eb t\u00eb drejt\u00eb kompanis\u00eb \u201cAktor\u201d p\u00ebr punimet shtes\u00eb n\u00eb autostrad\u00ebn Tiran\u00eb-Elbasan. N\u00eb vendimin prej 114 faqe t\u00eb gjyqit,\u00a0Arbitrazhi ka gjetur fajtor qeverin\u00eb\u2026","rel":"","context":"In &quot;Blogu i Udh\u00ebtarit&quot;","block_context":{"text":"Blogu i Udh\u00ebtarit","link":"https:\/\/www.shqiperia.com\/blog\/category\/blogu-i-udhetarit\/"},"img":{"alt_text":"","src":"https:\/\/i0.wp.com\/www.shqiperia.com\/blog\/wp-content\/uploads\/2020\/09\/tuneli-1-660x327-1.jpg?fit=660%2C327&ssl=1&resize=350%2C200","width":350,"height":200,"srcset":"https:\/\/i0.wp.com\/www.shqiperia.com\/blog\/wp-content\/uploads\/2020\/09\/tuneli-1-660x327-1.jpg?fit=660%2C327&ssl=1&resize=350%2C200 1x, https:\/\/i0.wp.com\/www.shqiperia.com\/blog\/wp-content\/uploads\/2020\/09\/tuneli-1-660x327-1.jpg?fit=660%2C327&ssl=1&resize=525%2C300 1.5x"},"classes":[]}],"_links":{"self":[{"href":"https:\/\/www.shqiperia.com\/blog\/wp-json\/wp\/v2\/posts\/38272","targetHints":{"allow":["GET"]}}],"collection":[{"href":"https:\/\/www.shqiperia.com\/blog\/wp-json\/wp\/v2\/posts"}],"about":[{"href":"https:\/\/www.shqiperia.com\/blog\/wp-json\/wp\/v2\/types\/post"}],"author":[{"embeddable":true,"href":"https:\/\/www.shqiperia.com\/blog\/wp-json\/wp\/v2\/users\/9"}],"replies":[{"embeddable":true,"href":"https:\/\/www.shqiperia.com\/blog\/wp-json\/wp\/v2\/comments?post=38272"}],"version-history":[{"count":1,"href":"https:\/\/www.shqiperia.com\/blog\/wp-json\/wp\/v2\/posts\/38272\/revisions"}],"predecessor-version":[{"id":38274,"href":"https:\/\/www.shqiperia.com\/blog\/wp-json\/wp\/v2\/posts\/38272\/revisions\/38274"}],"wp:featuredmedia":[{"embeddable":true,"href":"https:\/\/www.shqiperia.com\/blog\/wp-json\/wp\/v2\/media\/38273"}],"wp:attachment":[{"href":"https:\/\/www.shqiperia.com\/blog\/wp-json\/wp\/v2\/media?parent=38272"}],"wp:term":[{"taxonomy":"category","embeddable":true,"href":"https:\/\/www.shqiperia.com\/blog\/wp-json\/wp\/v2\/categories?post=38272"},{"taxonomy":"post_tag","embeddable":true,"href":"https:\/\/www.shqiperia.com\/blog\/wp-json\/wp\/v2\/tags?post=38272"}],"curies":[{"name":"wp","href":"https:\/\/api.w.org\/{rel}","templated":true}]}}