{"id":38269,"date":"2020-09-10T06:29:46","date_gmt":"2020-09-10T06:29:46","guid":{"rendered":"https:\/\/www.shqiperia.com\/blog\/?p=38269"},"modified":"2020-09-10T06:29:46","modified_gmt":"2020-09-10T06:29:46","slug":"skandali-nxori-pa-baktere-pulen-e-lare-me-ujin-e-lanes-analizat-ne-laboratorin-privat-firmosen-nga","status":"publish","type":"post","link":"https:\/\/www.shqiperia.com\/blog\/skandali-nxori-pa-baktere-pulen-e-lare-me-ujin-e-lanes-analizat-ne-laboratorin-privat-firmosen-nga\/","title":{"rendered":"Skandali; &#8211; Nxori pa baktere pul\u00ebn e lar\u00eb me ujin e Lan\u00ebs, analizat n\u00eb laboratorin privat firmosen nga&#8230;"},"content":{"rendered":"<p><img data-recalc-dims=\"1\" loading=\"lazy\" decoding=\"async\" data-attachment-id=\"38270\" data-permalink=\"https:\/\/www.shqiperia.com\/blog\/skandali-nxori-pa-baktere-pulen-e-lare-me-ujin-e-lanes-analizat-ne-laboratorin-privat-firmosen-nga\/640-0-5f593319d4374\/\" data-orig-file=\"https:\/\/i0.wp.com\/www.shqiperia.com\/blog\/wp-content\/uploads\/2020\/09\/640-0-5f593319d4374.jpg?fit=640%2C360&amp;ssl=1\" data-orig-size=\"640,360\" data-comments-opened=\"1\" data-image-meta=\"{&quot;aperture&quot;:&quot;0&quot;,&quot;credit&quot;:&quot;&quot;,&quot;camera&quot;:&quot;&quot;,&quot;caption&quot;:&quot;&quot;,&quot;created_timestamp&quot;:&quot;0&quot;,&quot;copyright&quot;:&quot;&quot;,&quot;focal_length&quot;:&quot;0&quot;,&quot;iso&quot;:&quot;0&quot;,&quot;shutter_speed&quot;:&quot;0&quot;,&quot;title&quot;:&quot;&quot;,&quot;orientation&quot;:&quot;0&quot;}\" data-image-title=\"-640-0-5f593319d4374\" data-image-description=\"\" data-image-caption=\"\" data-medium-file=\"https:\/\/i0.wp.com\/www.shqiperia.com\/blog\/wp-content\/uploads\/2020\/09\/640-0-5f593319d4374.jpg?fit=300%2C169&amp;ssl=1\" data-large-file=\"https:\/\/i0.wp.com\/www.shqiperia.com\/blog\/wp-content\/uploads\/2020\/09\/640-0-5f593319d4374.jpg?fit=640%2C360&amp;ssl=1\" class=\"alignnone  wp-image-38270\" alt=\"\" src=\"https:\/\/i0.wp.com\/www.shqiperia.com\/blog\/wp-content\/uploads\/2020\/09\/640-0-5f593319d4374.jpg?resize=611%2C344&#038;ssl=1\" width=\"611\" height=\"344\" srcset=\"https:\/\/i0.wp.com\/www.shqiperia.com\/blog\/wp-content\/uploads\/2020\/09\/640-0-5f593319d4374.jpg?resize=300%2C169&amp;ssl=1 300w, https:\/\/i0.wp.com\/www.shqiperia.com\/blog\/wp-content\/uploads\/2020\/09\/640-0-5f593319d4374.jpg?resize=450%2C253&amp;ssl=1 450w, https:\/\/i0.wp.com\/www.shqiperia.com\/blog\/wp-content\/uploads\/2020\/09\/640-0-5f593319d4374.jpg?resize=600%2C338&amp;ssl=1 600w, https:\/\/i0.wp.com\/www.shqiperia.com\/blog\/wp-content\/uploads\/2020\/09\/640-0-5f593319d4374.jpg?resize=400%2C225&amp;ssl=1 400w, https:\/\/i0.wp.com\/www.shqiperia.com\/blog\/wp-content\/uploads\/2020\/09\/640-0-5f593319d4374.jpg?w=640&amp;ssl=1 640w\" sizes=\"auto, (max-width: 611px) 100vw, 611px\" \/><\/p>\n<p><strong>Skandali; &#8211; Nxori pa baktere pul\u00ebn e lar\u00eb me ujin e Lan\u00ebs, analizat n\u00eb laboratorin privat firmosen nga&#8230;<\/strong><\/p>\n<p><strong>9 SHTATOR 2020\u00a0 \u00a0 \u00a0 \u00a0 \u00a0\u00a0<\/strong><\/p>\n<p>Emisioni \u201cFiks Fare\u201d vijoi edhe k\u00ebt\u00eb mbr\u00ebmje me publikimin e skandaleve t\u00eb laboratorit BIO-V.<\/p>\n<p>Pas analizave t\u00eb pul\u00ebs t\u00eb \u2018zhytyr\u2019 n\u00eb ujin e Lan\u00ebs, ku doli e konsumueshme dhe pa baktere, nd\u00ebrkoh\u00eb q\u00eb analizat e po k\u00ebtij uji dol\u00ebn me ngarkes\u00eb t\u00eb lart\u00eb bakteriale, gazetar\u00ebt e Fiksit zbuluan se n\u00eb k\u00ebt\u00eb laborator analizat i firmos Elvira Beli, e cila nj\u00ebkoh\u00ebsisht \u00ebsht\u00eb punonj\u00ebse e Drejtoris\u00eb s\u00eb P\u00ebrgjithshme t\u00eb Akreditimit. Kjo drejtori b\u00ebn kontrollin e k\u00ebtyre laborator\u00ebve ku kryhen analiza p\u00ebr produktet ushqimore.<\/p>\n<p>Pasi mor\u00ebn p\u00ebrgjigjet e analizave p\u00ebr pul\u00ebn e \u2018zhytur\u2019 n\u00eb Lan\u00eb dhe ujit t\u00eb cil\u00ebn kjo pul\u00eb u la , gazetar\u00ebt e Fiksit e vazhduan investigimin e tyre duke \u00e7uar pran\u00eb k\u00ebtij laboratori nj\u00eb tjet\u00ebr pul\u00eb p\u00ebr t\u00eb cil\u00ebn k\u00ebrkuan dy vlera ushqimore t\u00eb cilat nuk ishin vendosur n\u00eb flet\u00eb analiz\u00ebn e pul\u00ebs s\u00eb par\u00eb, me pretekstin p\u00ebr t\u2019i vendosur n\u00eb etiket\u00ebn ushqimore q\u00eb do t\u2019i bashk\u00ebngjitej produktit.<\/p>\n<p>P\u00ebrsa i p\u00ebrket dy komponent\u00ebve ushqimor\u00eb q\u00eb mungonin tek pula e par\u00eb laboratori n\u00eb flet\u00eb analiz\u00eb i shton nga pula e dyt\u00eb pa i b\u00ebr\u00eb analizat.<\/p>\n<p>N\u00eb k\u00ebt\u00eb m\u00ebnyr\u00eb laboratori BIO-V p\u00ebrve\u00e7 t\u00eb tjerash mashtroi me krip\u00ebn dhe sheqerin e kodit t\u00eb kampionimit t\u00eb pul\u00ebs s\u00eb par\u00eb,ku nuk ishin analizuar fare k\u00ebto tregues, por i shtoi ato nga pula e dyt\u00eb q\u00eb u \u00e7ua p\u00ebr analiza.<\/p>\n<p>Gazetar\u00ebt e Fiksit n\u00eb p\u00ebrgjigjen e analizave q\u00eb mor\u00ebn p\u00ebr pul\u00ebn e par\u00eb t\u00eb lar\u00eb n\u00eb ujin me shum\u00eb baktere t\u00eb lan\u00ebs vun\u00eb re se ishte e firmosur nga analistja Elvira Beli. Sipas dokumentave q\u00eb disponon Fiksi, Elvira Beli rezulton se \u00ebsht\u00eb punonj\u00ebse e Drejtoris\u00eb s\u00eb P\u00ebrgjithshme t\u00eb Akreditimit, institucioni p\u00ebrkat\u00ebs q\u00eb b\u00ebn t\u00eb mundur akreditimin p\u00ebr laborator\u00ebt ku kryhen analizat p\u00ebr produktet ushqimore.<\/p>\n<p>Gazetar\u00ebt e emisionit Fiks Fare telefonojn\u00eb znj. Beli p\u00ebr t\u00eb marr\u00eb nj\u00eb p\u00ebrgjigje t\u00eb drejtp\u00ebrdrejt\u00eb. Znj. Beli pohon se ajo \u00ebsht\u00eb konsulente, por duke mos e cil\u00ebsuar se ku konkretisht. Pyetjes s\u00eb gazetares se ku znj. Beli \u00ebsht\u00eb konsulente, n\u00eb laboratorin BIO-V apo n\u00eb Drejtorin\u00eb e P\u00ebrgjithshme t\u00eb Akreditimit, kjo e fundit shprehet \u201cMos u merrni fare me k\u00ebt\u00eb \u00e7\u00ebshtje\u201d dhe mbyll telefonin pasi ndodhej me pushime.<\/p>\n<p>N\u00eb nj\u00eb mesazh t\u00eb d\u00ebrguar pak minuta m\u00eb von\u00eb gazetares s\u00eb Fiksit ,znj Beli pohon prezenc\u00ebn e saj n\u00eb laboratorin BIO-V si inspektore dhe q\u00eb sipas saj laboratori mund ta kund\u00ebrshtonte dhe t\u00eb mos firmoste gjetjet e saj.<\/p>\n<p>Pra znj.Beli n\u00eb dokumentin e laboratorit firmos si analiste nj\u00ebkoh\u00ebsisht \u00ebsht\u00eb edhe inspektore q\u00eb duhet t\u00eb mbik\u00ebqyr\u00eb shkeljet e b\u00ebra nga i nj\u00ebjti laborator.<\/p>\n<p>Emisioni Fiks Fare k\u00ebrkon nj\u00eb p\u00ebrgjigje zyrtare nga Drejtoria e P\u00ebrgjithshme e Akreditimit n\u00eb lidhje me m\u00ebnyr\u00ebn e analizimit dhe p\u00ebr mos vendosjen n\u00eb raport t\u00eb normave p\u00ebr vlerat ushqyese t\u00eb produkteve ushqimore nga laboratori BIO-V, por gjithashtu edhe p\u00ebr vendosjen e firm\u00ebs s\u00eb znj.Beli n\u00eb analizat q\u00eb kryhen nga laboratori BIO-V. DPA n\u00eb p\u00ebrgjigjen zyrtare shkruan se: Laboratorit BIO-V i ka mbaruar akreditimi q\u00eb n\u00eb dat\u00eb 31 korrik ndaj nuk mund t\u00eb jap informacion p\u00ebr m\u00ebnyr\u00ebn sesi ky laborator kryen analizat, por q\u00eb n\u00eb raport normat ushqyese jan\u00eb t\u00eb detyrueshme p\u00ebr t\u2019u vendosur.<\/p>\n<p>DPA p\u00ebrsa i p\u00ebrket znj.Beli mohon q\u00eb ajo t\u00eb jet\u00eb pjes\u00eb n\u00eb trupat certifikuese t\u00eb k\u00ebtij institucioni, por nuk mohon prezenc\u00ebn e znj.Beli n\u00eb organet e vler\u00ebsimit, q\u00eb sipas tyre nuk jan\u00eb n\u00eb var\u00ebsi t\u00eb Drejtoris\u00eb s\u00eb P\u00ebrgjithshme t\u00eb Akreditimit. Nd\u00ebrkoh\u00eb q\u00eb n\u00eb dokumentat q\u00eb Fiks Fare disponon organet e vler\u00ebsimit jan\u00eb n\u00eb var\u00ebsi t\u00eb k\u00ebtij\/ TCH<\/p>\n<p>Nga: <strong>GAZETA SHQIP<\/strong><\/p>\n","protected":false},"excerpt":{"rendered":"<p>Skandali; &#8211; Nxori pa baktere pul\u00ebn e lar\u00eb me ujin e Lan\u00ebs, analizat n\u00eb laboratorin privat firmosen nga&#8230; 9 SHTATOR 2020\u00a0 \u00a0 \u00a0 \u00a0 \u00a0\u00a0 Emisioni \u201cFiks Fare\u201d vijoi edhe k\u00ebt\u00eb mbr\u00ebmje me publikimin e skandaleve t\u00eb laboratorit BIO-V. Pas analizave t\u00eb pul\u00ebs t\u00eb \u2018zhytyr\u2019 n\u00eb ujin e Lan\u00ebs, ku doli e konsumueshme dhe pa [&hellip;]<\/p>\n","protected":false},"author":9,"featured_media":38270,"comment_status":"open","ping_status":"open","sticky":false,"template":"","format":"standard","meta":{"jetpack_post_was_ever_published":false,"_jetpack_newsletter_access":"","_jetpack_dont_email_post_to_subs":false,"_jetpack_newsletter_tier_id":0,"_jetpack_memberships_contains_paywalled_content":false,"_jetpack_memberships_contains_paid_content":false,"footnotes":"","jetpack_publicize_message":"","jetpack_publicize_feature_enabled":true,"jetpack_social_post_already_shared":true,"jetpack_social_options":{"image_generator_settings":{"template":"highway","default_image_id":0,"font":"","enabled":false},"version":2}},"categories":[27,1,35],"tags":[],"class_list":["post-38269","post","type-post","status-publish","format-standard","has-post-thumbnail","hentry","category-blogu-i-udhetarit","category-njoftime-shtypi","category-shoqerore"],"jetpack_publicize_connections":[],"jetpack_featured_media_url":"https:\/\/i0.wp.com\/www.shqiperia.com\/blog\/wp-content\/uploads\/2020\/09\/640-0-5f593319d4374.jpg?fit=640%2C360&ssl=1","jetpack_sharing_enabled":true,"jetpack_shortlink":"https:\/\/wp.me\/p5Z6wp-9Xf","jetpack-related-posts":[{"id":42069,"url":"https:\/\/www.shqiperia.com\/blog\/skandali-i-investiguar-nga-birn-dhenia-e-laboratoreve-me-koncesion-frenon-betejen-e-shqiperise-ndaj-covid-19\/","url_meta":{"origin":38269,"position":0},"title":"Skandali i investiguar nga BIRN: &#8211; Dh\u00ebnia e laborator\u00ebve me koncesion frenon betej\u00ebn e Shqip\u00ebris\u00eb ndaj COVID-19","author":"Kurt Farka","date":"December 19, 2020","format":false,"excerpt":"Skandali i investiguar nga BIRN: - Dh\u00ebnia e laborator\u00ebve me koncesion frenon betej\u00ebn e Shqip\u00ebris\u00eb ndaj COVID-19 Zbatimi i kontrat\u00ebs s\u00eb partneritetit publik privat t\u00eb sh\u00ebrbimit t\u00eb laborator\u00ebve n\u00eb mesin e pandemis\u00eb ka penguar rritjen e kapaciteteve t\u00eb testimit ndaj COVID-19, nd\u00ebrkoh\u00eb q\u00eb mjek\u00ebt dhe ekspert\u00ebt paralajm\u00ebrojn\u00eb efekte afatgjata n\u00eb\u2026","rel":"","context":"In &quot;Blogu i Udh\u00ebtarit&quot;","block_context":{"text":"Blogu i Udh\u00ebtarit","link":"https:\/\/www.shqiperia.com\/blog\/category\/blogu-i-udhetarit\/"},"img":{"alt_text":"","src":"https:\/\/i0.wp.com\/www.shqiperia.com\/blog\/wp-content\/uploads\/2020\/12\/koncensionet-e-lab-960x600-1-750x375-1.jpg?fit=750%2C375&ssl=1&resize=350%2C200","width":350,"height":200,"srcset":"https:\/\/i0.wp.com\/www.shqiperia.com\/blog\/wp-content\/uploads\/2020\/12\/koncensionet-e-lab-960x600-1-750x375-1.jpg?fit=750%2C375&ssl=1&resize=350%2C200 1x, https:\/\/i0.wp.com\/www.shqiperia.com\/blog\/wp-content\/uploads\/2020\/12\/koncensionet-e-lab-960x600-1-750x375-1.jpg?fit=750%2C375&ssl=1&resize=525%2C300 1.5x, https:\/\/i0.wp.com\/www.shqiperia.com\/blog\/wp-content\/uploads\/2020\/12\/koncensionet-e-lab-960x600-1-750x375-1.jpg?fit=750%2C375&ssl=1&resize=700%2C400 2x"},"classes":[]},{"id":61860,"url":"https:\/\/www.shqiperia.com\/blog\/ministria-e-bujqesise-siguria-ushqimore-ne-rrezik-aku-vonon-analizat-dhe-nuk-zbaton-ligjet\/","url_meta":{"origin":38269,"position":1},"title":"Ministria e Bujq\u00ebsis\u00eb: &#8211; Siguria ushqimore n\u00eb rrezik, AKU vonon analizat dhe nuk zbaton ligjet","author":"Kurt Farka","date":"September 7, 2022","format":false,"excerpt":"7 Shtator 2022 N\u00eb nj\u00eb strategji t\u00eb re p\u00ebr \u201cMbrojtjen e Bim\u00ebve\u201d q\u00eb synon t\u00eb zbatohet gjat\u00eb 2022-2032, Ministria e Bujq\u00ebsis\u00eb konstaton se situata e monitorimit t\u00eb mbip\u00ebrdorimit t\u00eb pesticideve gjat\u00eb rritjes s\u00eb bim\u00ebve \u00ebsht\u00eb jasht\u00eb kontrollit. Sipas analiz\u00ebs s\u00eb Ministris\u00eb s\u00eb Bujq\u00ebsis\u00eb shkak p\u00ebr k\u00ebt\u00eb situat\u00eb \u00ebsht\u00eb b\u00ebr\u00eb mos\u2026","rel":"","context":"In &quot;Blogu i Udh\u00ebtarit&quot;","block_context":{"text":"Blogu i Udh\u00ebtarit","link":"https:\/\/www.shqiperia.com\/blog\/category\/blogu-i-udhetarit\/"},"img":{"alt_text":"","src":"https:\/\/i0.wp.com\/www.shqiperia.com\/blog\/wp-content\/uploads\/2022\/09\/aku-analiza.jpg?fit=1024%2C593&ssl=1&resize=350%2C200","width":350,"height":200,"srcset":"https:\/\/i0.wp.com\/www.shqiperia.com\/blog\/wp-content\/uploads\/2022\/09\/aku-analiza.jpg?fit=1024%2C593&ssl=1&resize=350%2C200 1x, https:\/\/i0.wp.com\/www.shqiperia.com\/blog\/wp-content\/uploads\/2022\/09\/aku-analiza.jpg?fit=1024%2C593&ssl=1&resize=525%2C300 1.5x, https:\/\/i0.wp.com\/www.shqiperia.com\/blog\/wp-content\/uploads\/2022\/09\/aku-analiza.jpg?fit=1024%2C593&ssl=1&resize=700%2C400 2x"},"classes":[]},{"id":96063,"url":"https:\/\/www.shqiperia.com\/blog\/skandali-ne-heshtje-si-po-futen-ne-shqiperi-barnat-antitumorale-qe-nuk-kaluan-analizat\/","url_meta":{"origin":38269,"position":2},"title":"Skandali n\u00eb heshtje, si po futen n\u00eb Shqip\u00ebri barnat antitumorale q\u00eb nuk kaluan analizat.","author":"Kurt Farka","date":"December 27, 2025","format":false,"excerpt":"27 Dhjetor 2025 Nj\u00eb tjet\u00ebr alarm i r\u00ebnd\u00eb po ngrihet mbi m\u00ebnyr\u00ebn se si Agjencia Komb\u00ebtare e Barnave dhe Pajisjeve Mjek\u00ebsore, n\u00ebn ndikimin e drejtp\u00ebrdrejt\u00eb t\u00eb Klodian Allajbeut dhe Rasim Hamzaraj, kush\u00ebri dhe i p\u00ebrfolur p\u00ebr marr\u00ebdh\u00ebnie biznesi me ish-ministrin e sh\u00ebndet\u00ebsis\u00eb Petrit Vasili, po ushtron p\u00ebrgjegj\u00ebsin\u00eb e saj ndaj\u2026","rel":"","context":"In &quot;Blogu i Udh\u00ebtarit&quot;","block_context":{"text":"Blogu i Udh\u00ebtarit","link":"https:\/\/www.shqiperia.com\/blog\/category\/blogu-i-udhetarit\/"},"img":{"alt_text":"","src":"https:\/\/i0.wp.com\/www.shqiperia.com\/blog\/wp-content\/uploads\/2025\/12\/Screenshot-2025-12-26-062527-800x450-1.webp?fit=800%2C450&ssl=1&resize=350%2C200","width":350,"height":200,"srcset":"https:\/\/i0.wp.com\/www.shqiperia.com\/blog\/wp-content\/uploads\/2025\/12\/Screenshot-2025-12-26-062527-800x450-1.webp?fit=800%2C450&ssl=1&resize=350%2C200 1x, https:\/\/i0.wp.com\/www.shqiperia.com\/blog\/wp-content\/uploads\/2025\/12\/Screenshot-2025-12-26-062527-800x450-1.webp?fit=800%2C450&ssl=1&resize=525%2C300 1.5x, https:\/\/i0.wp.com\/www.shqiperia.com\/blog\/wp-content\/uploads\/2025\/12\/Screenshot-2025-12-26-062527-800x450-1.webp?fit=800%2C450&ssl=1&resize=700%2C400 2x"},"classes":[]},{"id":53626,"url":"https:\/\/www.shqiperia.com\/blog\/zbulimin-arkeologjik-ne-shqiperi-zbarkojne-vjena-dhe-oxford-mbreselenese-ajo-qe-u-zbulua-nga-analizat\/","url_meta":{"origin":38269,"position":3},"title":"Zbulimin arkeologjik n\u00eb Shqip\u00ebri. &#8211; Zbarkojn\u00eb Vjena dhe \u201cOxford\u201d: Mbres\u00ebl\u00ebn\u00ebse ajo q\u00eb u zbulua nga analizat!","author":"Kurt Farka","date":"January 31, 2022","format":false,"excerpt":"Zbulimin arkeologjik n\u00eb Shqip\u00ebri. - Zbarkojn\u00eb Vjena dhe \u201cOxford\u201d: Mbres\u00ebl\u00ebn\u00ebse ajo q\u00eb u zbulua nga analizat! 31 JANAR 2022 Gazetari Marin Mema, n\u00ebp\u00ebrmjet \u201cGjurm\u00eb Shqiptare\u201d ka b\u00ebr\u00eb nj\u00eb zbulim shum\u00eb t\u00eb r\u00ebnd\u00ebsish\u00ebm arkeologjik dhe historik.N\u00eb dokumentar u transmetuan pamjet e nj\u00eb shpelle t\u00eb mbushur me eshtra njer\u00ebzore e cila ndodhej\u2026","rel":"","context":"In &quot;Histori&quot;","block_context":{"text":"Histori","link":"https:\/\/www.shqiperia.com\/blog\/category\/histori\/"},"img":{"alt_text":"","src":"https:\/\/i0.wp.com\/www.shqiperia.com\/blog\/wp-content\/uploads\/2022\/01\/10-21-1.jpg?fit=701%2C415&ssl=1&resize=350%2C200","width":350,"height":200,"srcset":"https:\/\/i0.wp.com\/www.shqiperia.com\/blog\/wp-content\/uploads\/2022\/01\/10-21-1.jpg?fit=701%2C415&ssl=1&resize=350%2C200 1x, https:\/\/i0.wp.com\/www.shqiperia.com\/blog\/wp-content\/uploads\/2022\/01\/10-21-1.jpg?fit=701%2C415&ssl=1&resize=525%2C300 1.5x, https:\/\/i0.wp.com\/www.shqiperia.com\/blog\/wp-content\/uploads\/2022\/01\/10-21-1.jpg?fit=701%2C415&ssl=1&resize=700%2C400 2x"},"classes":[]},{"id":30145,"url":"https:\/\/www.shqiperia.com\/blog\/betoni-i-dobet-dyshohet-si-shkak-per-disa-nga-viktimat-e-termetit\/","url_meta":{"origin":38269,"position":4},"title":"Betoni i dob\u00ebt dyshohet si shkak p\u00ebr disa nga viktimat e t\u00ebrmetit.","author":"Kurt Farka","date":"January 9, 2020","format":false,"excerpt":"Betoni i dob\u00ebt dyshohet si shkak p\u00ebr disa nga viktimat e t\u00ebrmetit. 7 janar \u00a02020 Prokuroria e Durr\u00ebsit po shqyrton t\u00eb dh\u00ebnat laboratorike t\u00eb materialeve t\u00eb nd\u00ebrtimit nga 7 nd\u00ebrtesat e shkat\u00ebrruara nga t\u00ebrmeti i 26 n\u00ebntorit, p\u00ebr t\u00eb zbuluar p\u00ebrgjegj\u00ebsit e vdekjeve tragjike t\u00eb 23 personave n\u00ebn rr\u00ebnojat e\u2026","rel":"","context":"In &quot;Blogu i Udh\u00ebtarit&quot;","block_context":{"text":"Blogu i Udh\u00ebtarit","link":"https:\/\/www.shqiperia.com\/blog\/category\/blogu-i-udhetarit\/"},"img":{"alt_text":"","src":"https:\/\/i0.wp.com\/www.shqiperia.com\/blog\/wp-content\/uploads\/2020\/01\/Banesa-4-kat%C3%ABshe-e-familjes-Lala-n%C3%AB-Ish-K%C3%ABnet%C3%AB-Durr%C3%ABs-pas-kolapsimit-nga-t%C3%ABrmeti.-Foto-Geri-Emiri-533x400-1-905x450-1.jpg?fit=905%2C450&ssl=1&resize=350%2C200","width":350,"height":200,"srcset":"https:\/\/i0.wp.com\/www.shqiperia.com\/blog\/wp-content\/uploads\/2020\/01\/Banesa-4-kat%C3%ABshe-e-familjes-Lala-n%C3%AB-Ish-K%C3%ABnet%C3%AB-Durr%C3%ABs-pas-kolapsimit-nga-t%C3%ABrmeti.-Foto-Geri-Emiri-533x400-1-905x450-1.jpg?fit=905%2C450&ssl=1&resize=350%2C200 1x, https:\/\/i0.wp.com\/www.shqiperia.com\/blog\/wp-content\/uploads\/2020\/01\/Banesa-4-kat%C3%ABshe-e-familjes-Lala-n%C3%AB-Ish-K%C3%ABnet%C3%AB-Durr%C3%ABs-pas-kolapsimit-nga-t%C3%ABrmeti.-Foto-Geri-Emiri-533x400-1-905x450-1.jpg?fit=905%2C450&ssl=1&resize=525%2C300 1.5x, https:\/\/i0.wp.com\/www.shqiperia.com\/blog\/wp-content\/uploads\/2020\/01\/Banesa-4-kat%C3%ABshe-e-familjes-Lala-n%C3%AB-Ish-K%C3%ABnet%C3%AB-Durr%C3%ABs-pas-kolapsimit-nga-t%C3%ABrmeti.-Foto-Geri-Emiri-533x400-1-905x450-1.jpg?fit=905%2C450&ssl=1&resize=700%2C400 2x"},"classes":[]},{"id":63626,"url":"https:\/\/www.shqiperia.com\/blog\/vdes-ne-moshen-94-vjecare-njeriu-me-i-piset-ne-bote-burri-kaloi-60-vjet-pa-u-lare-pasi-u-la-vdic\/","url_meta":{"origin":38269,"position":5},"title":"Vdes n\u00eb mosh\u00ebn 94-vje\u00e7are \u2018njeriu m\u00eb i pis\u00ebt n\u00eb bot\u00eb\u2019, burri kaloi 60 vjet pa u lar\u00eb\u2026 Pasi u la vdic","author":"Kurt Farka","date":"October 26, 2022","format":false,"excerpt":"26 Tetor 2022 Nj\u00eb burr\u00eb iranian i quajtur \u201cnjeriu m\u00eb i ndyr\u00eb n\u00eb bot\u00eb\u201d p\u00ebr shkak se nuk ka b\u00ebr\u00eb dush p\u00ebr m\u00eb shum\u00eb se gjysm\u00eb shekulli, ka vdekur n\u00eb mosh\u00ebn 94-vje\u00e7are, kan\u00eb raportuar mediat shtet\u00ebrore. Amou Haji, i cili nuk u la p\u00ebr rreth 67 vjet, vdiq t\u00eb diel\u00ebn\u2026","rel":"","context":"In &quot;Blogu i Udh\u00ebtarit&quot;","block_context":{"text":"Blogu i Udh\u00ebtarit","link":"https:\/\/www.shqiperia.com\/blog\/category\/blogu-i-udhetarit\/"},"img":{"alt_text":"","src":"https:\/\/i0.wp.com\/www.shqiperia.com\/blog\/wp-content\/uploads\/2022\/10\/Vdes-ne-moshen-94-vjecare-%E2%80%98njeriu-me-i-piset-ne-bote.jpg?fit=764%2C487&ssl=1&resize=350%2C200","width":350,"height":200,"srcset":"https:\/\/i0.wp.com\/www.shqiperia.com\/blog\/wp-content\/uploads\/2022\/10\/Vdes-ne-moshen-94-vjecare-%E2%80%98njeriu-me-i-piset-ne-bote.jpg?fit=764%2C487&ssl=1&resize=350%2C200 1x, https:\/\/i0.wp.com\/www.shqiperia.com\/blog\/wp-content\/uploads\/2022\/10\/Vdes-ne-moshen-94-vjecare-%E2%80%98njeriu-me-i-piset-ne-bote.jpg?fit=764%2C487&ssl=1&resize=525%2C300 1.5x, https:\/\/i0.wp.com\/www.shqiperia.com\/blog\/wp-content\/uploads\/2022\/10\/Vdes-ne-moshen-94-vjecare-%E2%80%98njeriu-me-i-piset-ne-bote.jpg?fit=764%2C487&ssl=1&resize=700%2C400 2x"},"classes":[]}],"_links":{"self":[{"href":"https:\/\/www.shqiperia.com\/blog\/wp-json\/wp\/v2\/posts\/38269","targetHints":{"allow":["GET"]}}],"collection":[{"href":"https:\/\/www.shqiperia.com\/blog\/wp-json\/wp\/v2\/posts"}],"about":[{"href":"https:\/\/www.shqiperia.com\/blog\/wp-json\/wp\/v2\/types\/post"}],"author":[{"embeddable":true,"href":"https:\/\/www.shqiperia.com\/blog\/wp-json\/wp\/v2\/users\/9"}],"replies":[{"embeddable":true,"href":"https:\/\/www.shqiperia.com\/blog\/wp-json\/wp\/v2\/comments?post=38269"}],"version-history":[{"count":1,"href":"https:\/\/www.shqiperia.com\/blog\/wp-json\/wp\/v2\/posts\/38269\/revisions"}],"predecessor-version":[{"id":38271,"href":"https:\/\/www.shqiperia.com\/blog\/wp-json\/wp\/v2\/posts\/38269\/revisions\/38271"}],"wp:featuredmedia":[{"embeddable":true,"href":"https:\/\/www.shqiperia.com\/blog\/wp-json\/wp\/v2\/media\/38270"}],"wp:attachment":[{"href":"https:\/\/www.shqiperia.com\/blog\/wp-json\/wp\/v2\/media?parent=38269"}],"wp:term":[{"taxonomy":"category","embeddable":true,"href":"https:\/\/www.shqiperia.com\/blog\/wp-json\/wp\/v2\/categories?post=38269"},{"taxonomy":"post_tag","embeddable":true,"href":"https:\/\/www.shqiperia.com\/blog\/wp-json\/wp\/v2\/tags?post=38269"}],"curies":[{"name":"wp","href":"https:\/\/api.w.org\/{rel}","templated":true}]}}