{"id":38266,"date":"2020-09-10T05:44:09","date_gmt":"2020-09-10T05:44:09","guid":{"rendered":"https:\/\/www.shqiperia.com\/blog\/?p=38266"},"modified":"2020-09-10T05:44:09","modified_gmt":"2020-09-10T05:44:09","slug":"lekundje-termeti-te-lehta-ja-ku-ishte-epiqendra-e-termetit","status":"publish","type":"post","link":"https:\/\/www.shqiperia.com\/blog\/lekundje-termeti-te-lehta-ja-ku-ishte-epiqendra-e-termetit\/","title":{"rendered":"L\u00ebkundje termeti te lehta, ja ku ishte \u00a0epiqendra e t\u00ebrmetit"},"content":{"rendered":"<p><img data-recalc-dims=\"1\" loading=\"lazy\" decoding=\"async\" data-attachment-id=\"38267\" data-permalink=\"https:\/\/www.shqiperia.com\/blog\/lekundje-termeti-te-lehta-ja-ku-ishte-epiqendra-e-termetit\/640-0-5f59b7d64010d\/\" data-orig-file=\"https:\/\/i0.wp.com\/www.shqiperia.com\/blog\/wp-content\/uploads\/2020\/09\/640-0-5f59b7d64010d.jpg?fit=517%2C292&amp;ssl=1\" data-orig-size=\"517,292\" data-comments-opened=\"1\" data-image-meta=\"{&quot;aperture&quot;:&quot;0&quot;,&quot;credit&quot;:&quot;&quot;,&quot;camera&quot;:&quot;&quot;,&quot;caption&quot;:&quot;&quot;,&quot;created_timestamp&quot;:&quot;0&quot;,&quot;copyright&quot;:&quot;&quot;,&quot;focal_length&quot;:&quot;0&quot;,&quot;iso&quot;:&quot;0&quot;,&quot;shutter_speed&quot;:&quot;0&quot;,&quot;title&quot;:&quot;&quot;,&quot;orientation&quot;:&quot;0&quot;}\" data-image-title=\"-640-0-5f59b7d64010d\" data-image-description=\"\" data-image-caption=\"\" data-medium-file=\"https:\/\/i0.wp.com\/www.shqiperia.com\/blog\/wp-content\/uploads\/2020\/09\/640-0-5f59b7d64010d.jpg?fit=300%2C169&amp;ssl=1\" data-large-file=\"https:\/\/i0.wp.com\/www.shqiperia.com\/blog\/wp-content\/uploads\/2020\/09\/640-0-5f59b7d64010d.jpg?fit=517%2C292&amp;ssl=1\" class=\"alignnone  wp-image-38267\" alt=\"\" src=\"https:\/\/i0.wp.com\/www.shqiperia.com\/blog\/wp-content\/uploads\/2020\/09\/640-0-5f59b7d64010d.jpg?resize=485%2C273&#038;ssl=1\" width=\"485\" height=\"273\" srcset=\"https:\/\/i0.wp.com\/www.shqiperia.com\/blog\/wp-content\/uploads\/2020\/09\/640-0-5f59b7d64010d.jpg?resize=300%2C169&amp;ssl=1 300w, https:\/\/i0.wp.com\/www.shqiperia.com\/blog\/wp-content\/uploads\/2020\/09\/640-0-5f59b7d64010d.jpg?resize=450%2C254&amp;ssl=1 450w, https:\/\/i0.wp.com\/www.shqiperia.com\/blog\/wp-content\/uploads\/2020\/09\/640-0-5f59b7d64010d.jpg?resize=400%2C226&amp;ssl=1 400w, https:\/\/i0.wp.com\/www.shqiperia.com\/blog\/wp-content\/uploads\/2020\/09\/640-0-5f59b7d64010d.jpg?w=517&amp;ssl=1 517w\" sizes=\"auto, (max-width: 485px) 100vw, 485px\" \/><\/p>\n<p>L\u00ebkundje termeti te lehta, ja ku ishte \u00a0epiqendra e t\u00ebrmetit<\/p>\n<p>10 SHTATOR 2020<\/p>\n<p>Disa l\u00ebkundje t\u00eb tjera\u00a0sizmike jan\u00eb sh\u00ebnuar k\u00ebt\u00eb m\u00ebngjes n\u00eb vendin ton\u00eb.Thell\u00ebsia e t\u00ebrmetit ka qen\u00eb 5 kilomet\u00ebr, nd\u00ebrsa epiqendra ka qen\u00eb n\u00eb Detin Adriatik.<\/p>\n<p>Ky t\u00ebrmet ka r\u00ebn\u00eb rreth or\u00ebs 07:00 t\u00eb dit\u00ebs s\u00eb sotme, me tronditje relativisht t\u00eb lehta.<\/p>\n<p>T\u00ebrmeti u regjistrua 40 kilomet\u00ebr n\u00eb per\u00ebndim t\u00eb Tiran\u00ebs dhe 24 kilomet\u00ebr larg Durr\u00ebsit.<\/p>\n<ol>\n<li>Sot<\/li>\n<\/ol>\n","protected":false},"excerpt":{"rendered":"<p>L\u00ebkundje termeti te lehta, ja ku ishte \u00a0epiqendra e t\u00ebrmetit 10 SHTATOR 2020 Disa l\u00ebkundje t\u00eb tjera\u00a0sizmike jan\u00eb sh\u00ebnuar k\u00ebt\u00eb m\u00ebngjes n\u00eb vendin ton\u00eb.Thell\u00ebsia e t\u00ebrmetit ka qen\u00eb 5 kilomet\u00ebr, nd\u00ebrsa epiqendra ka qen\u00eb n\u00eb Detin Adriatik. Ky t\u00ebrmet ka r\u00ebn\u00eb rreth or\u00ebs 07:00 t\u00eb dit\u00ebs s\u00eb sotme, me tronditje relativisht t\u00eb lehta. T\u00ebrmeti u [&hellip;]<\/p>\n","protected":false},"author":9,"featured_media":38267,"comment_status":"open","ping_status":"open","sticky":false,"template":"","format":"standard","meta":{"jetpack_post_was_ever_published":false,"_jetpack_newsletter_access":"","_jetpack_dont_email_post_to_subs":false,"_jetpack_newsletter_tier_id":0,"_jetpack_memberships_contains_paywalled_content":false,"_jetpack_memberships_contains_paid_content":false,"footnotes":"","jetpack_publicize_message":"","jetpack_publicize_feature_enabled":true,"jetpack_social_post_already_shared":true,"jetpack_social_options":{"image_generator_settings":{"template":"highway","default_image_id":0,"font":"","enabled":false},"version":2}},"categories":[27,1,35],"tags":[],"class_list":["post-38266","post","type-post","status-publish","format-standard","has-post-thumbnail","hentry","category-blogu-i-udhetarit","category-njoftime-shtypi","category-shoqerore"],"jetpack_publicize_connections":[],"jetpack_featured_media_url":"https:\/\/i0.wp.com\/www.shqiperia.com\/blog\/wp-content\/uploads\/2020\/09\/640-0-5f59b7d64010d.jpg?fit=517%2C292&ssl=1","jetpack_sharing_enabled":true,"jetpack_shortlink":"https:\/\/wp.me\/p5Z6wp-9Xc","jetpack-related-posts":[{"id":50580,"url":"https:\/\/www.shqiperia.com\/blog\/termet-i-lehte-ne-shqiperi-ja-ku-ishte-epiqendra-dhe-magnituda\/","url_meta":{"origin":38266,"position":0},"title":"T\u00ebrmet i lehte n\u00eb Shqip\u00ebri, ja ku ishte epiqendra dhe magnituda","author":"Kurt Farka","date":"October 15, 2021","format":false,"excerpt":"T\u00ebrmet i lehte n\u00eb Shqip\u00ebri, ja ku ishte epiqendra dhe magnituda 15 TETOR 2021 T\u00ebrmet n\u00eb Shqip\u00ebri, ja ku ishte epiqendra dhe magnituda Para pak minutash n\u00eb Mallakast\u00ebr dhe Patos jan\u00eb ndjer\u00eb l\u00ebkundje t\u00ebrmeti, me magnitud\u00eb 2.6. L\u00ebkundje t\u00eb lehta, por banor\u00ebt e kan\u00eb ndjer\u00eb dhe kan\u00eb qen\u00eb t\u00eb dyshimt\u00eb\u2026","rel":"","context":"In &quot;Njoftime Shtypi&quot;","block_context":{"text":"Njoftime Shtypi","link":"https:\/\/www.shqiperia.com\/blog\/category\/njoftime-shtypi\/"},"img":{"alt_text":"","src":"https:\/\/i0.wp.com\/www.shqiperia.com\/blog\/wp-content\/uploads\/2021\/10\/640-0-77a76e4c9839a4f3f2d4c06785b7fb67.jpg?fit=640%2C336&ssl=1&resize=350%2C200","width":350,"height":200,"srcset":"https:\/\/i0.wp.com\/www.shqiperia.com\/blog\/wp-content\/uploads\/2021\/10\/640-0-77a76e4c9839a4f3f2d4c06785b7fb67.jpg?fit=640%2C336&ssl=1&resize=350%2C200 1x, https:\/\/i0.wp.com\/www.shqiperia.com\/blog\/wp-content\/uploads\/2021\/10\/640-0-77a76e4c9839a4f3f2d4c06785b7fb67.jpg?fit=640%2C336&ssl=1&resize=525%2C300 1.5x"},"classes":[]},{"id":88990,"url":"https:\/\/www.shqiperia.com\/blog\/lekundje-termeti-ne-shqiperi-ja-ku-ishte-epiqendra\/","url_meta":{"origin":38266,"position":1},"title":"L\u00ebkundje t\u00ebrmeti n\u00eb Shqip\u00ebri, ja ku ishte epiqendra","author":"Kurt Farka","date":"February 4, 2025","format":false,"excerpt":"4 Shkurt 2025 L\u00ebkundje t\u00ebrmeti jan\u00eb regjistruar n\u00eb vendin ton\u00eb k\u00ebt\u00eb pasdite. Sipas t\u00eb dh\u00ebnave, epiqendra e t\u00ebrmetit ka qen\u00eb n\u00eb af\u00ebrsi t\u00eb Puk\u00ebs. S\u2019dihet ende magnituda e l\u00ebkundjes sizmike, por paraprakisht nuk raportohet p\u00ebr d\u00ebme.","rel":"","context":"In &quot;Blogu i Udh\u00ebtarit&quot;","block_context":{"text":"Blogu i Udh\u00ebtarit","link":"https:\/\/www.shqiperia.com\/blog\/category\/blogu-i-udhetarit\/"},"img":{"alt_text":"","src":"https:\/\/i0.wp.com\/www.shqiperia.com\/blog\/wp-content\/uploads\/2025\/02\/termet-1-1.jpg?fit=850%2C478&ssl=1&resize=350%2C200","width":350,"height":200,"srcset":"https:\/\/i0.wp.com\/www.shqiperia.com\/blog\/wp-content\/uploads\/2025\/02\/termet-1-1.jpg?fit=850%2C478&ssl=1&resize=350%2C200 1x, https:\/\/i0.wp.com\/www.shqiperia.com\/blog\/wp-content\/uploads\/2025\/02\/termet-1-1.jpg?fit=850%2C478&ssl=1&resize=525%2C300 1.5x, https:\/\/i0.wp.com\/www.shqiperia.com\/blog\/wp-content\/uploads\/2025\/02\/termet-1-1.jpg?fit=850%2C478&ssl=1&resize=700%2C400 2x"},"classes":[]},{"id":32447,"url":"https:\/\/www.shqiperia.com\/blog\/lekundje-te-lehta-te-termetit-ndjehen-ne-tirane-e-prishtine\/","url_meta":{"origin":38266,"position":2},"title":"L\u00ebkundje te lehta te t\u00ebrmetit ndjehen n\u00eb Tiran\u00eb e Prishtin\u00eb","author":"Kurt Farka","date":"March 16, 2020","format":false,"excerpt":"L\u00ebkundje te lehta te t\u00ebrmetit ndjehen n\u00eb Tiran\u00eb e Prishtin\u00eb 16 MARS 2020, 23:20. L\u00ebkundje t\u00eb lehta t\u00ebrmeti jan\u00eb ndjer\u00eb mbr\u00ebmjen e s\u00eb h\u00ebn\u00ebs n\u00eb qytetin e Durr\u00ebsit, por edhe n\u00eb kryeqytet. Sipas Qendr\u00ebs Europiane t\u00eb Sizmologjis\u00eb, epiqendra e t\u00ebrmetit ka qen\u00eb 16 kilometra n\u00eb veriper\u00ebndim t\u00eb Shijakut me magnitud\u00eb\u2026","rel":"","context":"In &quot;Njoftime Shtypi&quot;","block_context":{"text":"Njoftime Shtypi","link":"https:\/\/www.shqiperia.com\/blog\/category\/njoftime-shtypi\/"},"img":{"alt_text":"","src":"https:\/\/i0.wp.com\/www.shqiperia.com\/blog\/wp-content\/uploads\/2020\/03\/640-0-5e6ff5dd318a0.jpg?fit=640%2C367&ssl=1&resize=350%2C200","width":350,"height":200,"srcset":"https:\/\/i0.wp.com\/www.shqiperia.com\/blog\/wp-content\/uploads\/2020\/03\/640-0-5e6ff5dd318a0.jpg?fit=640%2C367&ssl=1&resize=350%2C200 1x, https:\/\/i0.wp.com\/www.shqiperia.com\/blog\/wp-content\/uploads\/2020\/03\/640-0-5e6ff5dd318a0.jpg?fit=640%2C367&ssl=1&resize=525%2C300 1.5x"},"classes":[]},{"id":75469,"url":"https:\/\/www.shqiperia.com\/blog\/lekundje-termeti-ndihen-ne-jug-te-shqiperise-ja-ku-ishte-epiqendra\/","url_meta":{"origin":38266,"position":3},"title":"L\u00ebkundje t\u00ebrmeti ndihen n\u00eb jug t\u00eb Shqip\u00ebris\u00eb, ja ku ishte epiqendra","author":"Kurt Farka","date":"November 9, 2023","format":false,"excerpt":"9 Nentor 2023 Nj\u00eb t\u00ebrmet me mganitud\u00eb 3.7 i shkall\u00ebs rihter \u00ebsht\u00eb sh\u00ebnuar pak minuta m\u00eb par\u00eb n\u00eb Korfuz t\u00eb Greqis\u00eb. Thell\u00ebsia fokale e t\u00ebrmetit ka qen\u00eb 5 kilometra, nd\u00ebrsa nga l\u00ebkundjet nuk raportohet p\u00ebr d\u00ebme. Sakaq, l\u00ebkundjet e t\u00ebrmeti jan\u00eb ndjer\u00eb edhe n\u00eb jug t\u00eb vendit, Sarand\u00eb e Himar\u00eb.","rel":"","context":"In &quot;Blogu i Udh\u00ebtarit&quot;","block_context":{"text":"Blogu i Udh\u00ebtarit","link":"https:\/\/www.shqiperia.com\/blog\/category\/blogu-i-udhetarit\/"},"img":{"alt_text":"","src":"https:\/\/i0.wp.com\/www.shqiperia.com\/blog\/wp-content\/uploads\/2023\/11\/640-0-654d0e248113b.jpg?fit=640%2C358&ssl=1&resize=350%2C200","width":350,"height":200,"srcset":"https:\/\/i0.wp.com\/www.shqiperia.com\/blog\/wp-content\/uploads\/2023\/11\/640-0-654d0e248113b.jpg?fit=640%2C358&ssl=1&resize=350%2C200 1x, https:\/\/i0.wp.com\/www.shqiperia.com\/blog\/wp-content\/uploads\/2023\/11\/640-0-654d0e248113b.jpg?fit=640%2C358&ssl=1&resize=525%2C300 1.5x"},"classes":[]},{"id":52854,"url":"https:\/\/www.shqiperia.com\/blog\/nje-lekundje-termeti-eshte-regjistruar-mbreme\/","url_meta":{"origin":38266,"position":4},"title":"Nj\u00eb l\u00ebkundje t\u00ebrmeti \u00ebsht\u00eb regjistruar mbreme","author":"Kurt Farka","date":"January 3, 2022","format":false,"excerpt":"T\u00ebrmet n\u00eb Shqip\u00ebri, ja ku ishte epiqendra 3 JANAR 2022 Nj\u00eb l\u00ebkundje t\u00ebrmeti \u00ebsht\u00eb regjistruar mbreme disa minuta para mesnate n\u00eb vendin ton\u00eb. L\u00ebkundje e par\u00eb sizmike p\u00ebr vitin e ri 2022 \u00ebsht\u00eb ndjer\u00eb n\u00eb or\u00ebn 23:36 nd\u00ebrsa epiqendra ka qen\u00eb n\u00eb Lezh\u00eb. Paraprakisht raportohet se t\u00ebrmeti ka qen\u00eb 2.9\u2026","rel":"","context":"In &quot;Blogu i Udh\u00ebtarit&quot;","block_context":{"text":"Blogu i Udh\u00ebtarit","link":"https:\/\/www.shqiperia.com\/blog\/category\/blogu-i-udhetarit\/"},"img":{"alt_text":"","src":"https:\/\/i0.wp.com\/www.shqiperia.com\/blog\/wp-content\/uploads\/2022\/01\/640-0-61d2a55243674.jpg?fit=640%2C377&ssl=1&resize=350%2C200","width":350,"height":200,"srcset":"https:\/\/i0.wp.com\/www.shqiperia.com\/blog\/wp-content\/uploads\/2022\/01\/640-0-61d2a55243674.jpg?fit=640%2C377&ssl=1&resize=350%2C200 1x, https:\/\/i0.wp.com\/www.shqiperia.com\/blog\/wp-content\/uploads\/2022\/01\/640-0-61d2a55243674.jpg?fit=640%2C377&ssl=1&resize=525%2C300 1.5x"},"classes":[]},{"id":41948,"url":"https:\/\/www.shqiperia.com\/blog\/lekundje-termeti-ne-elbasan-ja-sa-ishte-magnituda\/","url_meta":{"origin":38266,"position":5},"title":"L\u00ebkundje t\u00ebrmeti n\u00eb Elbasan, ja sa ishte magnituda","author":"Kurt Farka","date":"December 15, 2020","format":false,"excerpt":"L\u00ebkundje t\u00ebrmeti n\u00eb Elbasan, ja sa ishte magnituda 15 DHJETOR 2020 ora 22.32 L\u00ebkundje toke t\u00eb lehta jan\u00eb ndjer\u00eb n\u00eb Elbasan.T\u00eb dh\u00ebnat e para thon\u00eb se magnituda ka qen\u00eb 2.5 me thell\u00ebsi 3 km. Epiqendra ka qen\u00eb 9 km n\u00eb verilindje t\u00eb Elbasanit, dhe l\u00ebkundjet jan\u00eb regjistruar n\u00eb or\u00ebn 22:32.\u2026","rel":"","context":"In &quot;Blogu i Udh\u00ebtarit&quot;","block_context":{"text":"Blogu i Udh\u00ebtarit","link":"https:\/\/www.shqiperia.com\/blog\/category\/blogu-i-udhetarit\/"},"img":{"alt_text":"","src":"https:\/\/i0.wp.com\/www.shqiperia.com\/blog\/wp-content\/uploads\/2020\/12\/640-0-5fd93276ec79c-3.jpg?fit=452%2C230&ssl=1&resize=350%2C200","width":350,"height":200},"classes":[]}],"_links":{"self":[{"href":"https:\/\/www.shqiperia.com\/blog\/wp-json\/wp\/v2\/posts\/38266","targetHints":{"allow":["GET"]}}],"collection":[{"href":"https:\/\/www.shqiperia.com\/blog\/wp-json\/wp\/v2\/posts"}],"about":[{"href":"https:\/\/www.shqiperia.com\/blog\/wp-json\/wp\/v2\/types\/post"}],"author":[{"embeddable":true,"href":"https:\/\/www.shqiperia.com\/blog\/wp-json\/wp\/v2\/users\/9"}],"replies":[{"embeddable":true,"href":"https:\/\/www.shqiperia.com\/blog\/wp-json\/wp\/v2\/comments?post=38266"}],"version-history":[{"count":1,"href":"https:\/\/www.shqiperia.com\/blog\/wp-json\/wp\/v2\/posts\/38266\/revisions"}],"predecessor-version":[{"id":38268,"href":"https:\/\/www.shqiperia.com\/blog\/wp-json\/wp\/v2\/posts\/38266\/revisions\/38268"}],"wp:featuredmedia":[{"embeddable":true,"href":"https:\/\/www.shqiperia.com\/blog\/wp-json\/wp\/v2\/media\/38267"}],"wp:attachment":[{"href":"https:\/\/www.shqiperia.com\/blog\/wp-json\/wp\/v2\/media?parent=38266"}],"wp:term":[{"taxonomy":"category","embeddable":true,"href":"https:\/\/www.shqiperia.com\/blog\/wp-json\/wp\/v2\/categories?post=38266"},{"taxonomy":"post_tag","embeddable":true,"href":"https:\/\/www.shqiperia.com\/blog\/wp-json\/wp\/v2\/tags?post=38266"}],"curies":[{"name":"wp","href":"https:\/\/api.w.org\/{rel}","templated":true}]}}