{"id":38263,"date":"2020-09-10T05:39:09","date_gmt":"2020-09-10T05:39:09","guid":{"rendered":"https:\/\/www.shqiperia.com\/blog\/?p=38263"},"modified":"2020-09-10T05:39:24","modified_gmt":"2020-09-10T05:39:24","slug":"temperatura-te-larta-dhe-vranesira-njihuni-me-surprizat-e-motit-per-diten-e-sotme","status":"publish","type":"post","link":"https:\/\/www.shqiperia.com\/blog\/temperatura-te-larta-dhe-vranesira-njihuni-me-surprizat-e-motit-per-diten-e-sotme\/","title":{"rendered":"Temperatura t\u00eb larta dhe vran\u00ebsira, njihuni me surprizat e motit p\u00ebr dit\u00ebn e sotme"},"content":{"rendered":"<p><img data-recalc-dims=\"1\" loading=\"lazy\" decoding=\"async\" data-attachment-id=\"38264\" data-permalink=\"https:\/\/www.shqiperia.com\/blog\/temperatura-te-larta-dhe-vranesira-njihuni-me-surprizat-e-motit-per-diten-e-sotme\/640-0-5f59b642d5325\/\" data-orig-file=\"https:\/\/i0.wp.com\/www.shqiperia.com\/blog\/wp-content\/uploads\/2020\/09\/640-0-5f59b642d5325.jpg?fit=640%2C366&amp;ssl=1\" data-orig-size=\"640,366\" data-comments-opened=\"1\" data-image-meta=\"{&quot;aperture&quot;:&quot;0&quot;,&quot;credit&quot;:&quot;&quot;,&quot;camera&quot;:&quot;&quot;,&quot;caption&quot;:&quot;&quot;,&quot;created_timestamp&quot;:&quot;0&quot;,&quot;copyright&quot;:&quot;&quot;,&quot;focal_length&quot;:&quot;0&quot;,&quot;iso&quot;:&quot;0&quot;,&quot;shutter_speed&quot;:&quot;0&quot;,&quot;title&quot;:&quot;&quot;,&quot;orientation&quot;:&quot;0&quot;}\" data-image-title=\"-640-0-5f59b642d5325\" data-image-description=\"\" data-image-caption=\"\" data-medium-file=\"https:\/\/i0.wp.com\/www.shqiperia.com\/blog\/wp-content\/uploads\/2020\/09\/640-0-5f59b642d5325.jpg?fit=300%2C172&amp;ssl=1\" data-large-file=\"https:\/\/i0.wp.com\/www.shqiperia.com\/blog\/wp-content\/uploads\/2020\/09\/640-0-5f59b642d5325.jpg?fit=640%2C366&amp;ssl=1\" class=\"alignnone wp-image-38264\" alt=\"\" src=\"https:\/\/i0.wp.com\/www.shqiperia.com\/blog\/wp-content\/uploads\/2020\/09\/640-0-5f59b642d5325.jpg?resize=508%2C291&#038;ssl=1\" width=\"508\" height=\"291\" srcset=\"https:\/\/i0.wp.com\/www.shqiperia.com\/blog\/wp-content\/uploads\/2020\/09\/640-0-5f59b642d5325.jpg?resize=300%2C172&amp;ssl=1 300w, https:\/\/i0.wp.com\/www.shqiperia.com\/blog\/wp-content\/uploads\/2020\/09\/640-0-5f59b642d5325.jpg?resize=450%2C257&amp;ssl=1 450w, https:\/\/i0.wp.com\/www.shqiperia.com\/blog\/wp-content\/uploads\/2020\/09\/640-0-5f59b642d5325.jpg?resize=600%2C343&amp;ssl=1 600w, https:\/\/i0.wp.com\/www.shqiperia.com\/blog\/wp-content\/uploads\/2020\/09\/640-0-5f59b642d5325.jpg?resize=400%2C229&amp;ssl=1 400w, https:\/\/i0.wp.com\/www.shqiperia.com\/blog\/wp-content\/uploads\/2020\/09\/640-0-5f59b642d5325.jpg?w=640&amp;ssl=1 640w\" sizes=\"auto, (max-width: 508px) 100vw, 508px\" \/><\/p>\n<p>Temperatura t\u00eb larta dhe vran\u00ebsira, njihuni me surprizat e motit p\u00ebr dit\u00ebn e sotme<\/p>\n<p>10 SHTATOR 2020<\/p>\n<p>Dit\u00ebn e sotme vendi yn\u00eb do t\u00eb jet\u00eb n\u00ebn ndikimin e kthjellimeve, me mot t\u00eb q\u00ebndruesh\u00ebm n\u00eb zonat e ulta dhe bregdetare, nd\u00ebrsa me vran\u00ebsira n\u00eb zonat p\u00ebrgjat\u00eb kufirit lindor.<\/p>\n<p>Sipas Meteoalb, temperaturat e ajrit do t\u00eb rriten n\u00eb m\u00ebngjes, por do t\u00eb ulen n\u00eb mesdit\u00eb duke luhatur vlerat ditore nga 15\u00b0C deri n\u00eb 37\u00b0C.<\/p>\n<p>Era do fryj\u00eb e leht\u00eb n\u00eb toke dhe mesatare n\u00eb det me shpejt\u00ebsi 35 \u2013 40 km\/h nga drejtimi Veriper\u00ebndimor duke krijuar dallg\u00ebzim 3 \u2013 4 ball\u00eb.<\/p>\n<p>Gazeta Sot<\/p>\n","protected":false},"excerpt":{"rendered":"<p>Temperatura t\u00eb larta dhe vran\u00ebsira, njihuni me surprizat e motit p\u00ebr dit\u00ebn e sotme 10 SHTATOR 2020 Dit\u00ebn e sotme vendi yn\u00eb do t\u00eb jet\u00eb n\u00ebn ndikimin e kthjellimeve, me mot t\u00eb q\u00ebndruesh\u00ebm n\u00eb zonat e ulta dhe bregdetare, nd\u00ebrsa me vran\u00ebsira n\u00eb zonat p\u00ebrgjat\u00eb kufirit lindor. Sipas Meteoalb, temperaturat e ajrit do t\u00eb rriten [&hellip;]<\/p>\n","protected":false},"author":9,"featured_media":38264,"comment_status":"open","ping_status":"open","sticky":false,"template":"","format":"standard","meta":{"jetpack_post_was_ever_published":false,"_jetpack_newsletter_access":"","_jetpack_dont_email_post_to_subs":false,"_jetpack_newsletter_tier_id":0,"_jetpack_memberships_contains_paywalled_content":false,"_jetpack_memberships_contains_paid_content":false,"footnotes":"","jetpack_publicize_message":"","jetpack_publicize_feature_enabled":true,"jetpack_social_post_already_shared":true,"jetpack_social_options":{"image_generator_settings":{"template":"highway","default_image_id":0,"font":"","enabled":false},"version":2}},"categories":[27,35],"tags":[],"class_list":["post-38263","post","type-post","status-publish","format-standard","has-post-thumbnail","hentry","category-blogu-i-udhetarit","category-shoqerore"],"jetpack_publicize_connections":[],"jetpack_featured_media_url":"https:\/\/i0.wp.com\/www.shqiperia.com\/blog\/wp-content\/uploads\/2020\/09\/640-0-5f59b642d5325.jpg?fit=640%2C366&ssl=1","jetpack_sharing_enabled":true,"jetpack_shortlink":"https:\/\/wp.me\/p5Z6wp-9X9","jetpack-related-posts":[{"id":35957,"url":"https:\/\/www.shqiperia.com\/blog\/temperatura-te-larta-e-vranesira-kalimtare-njihuni-me-parashikimin-e-motit-per-sot\/","url_meta":{"origin":38263,"position":0},"title":"Temperatura t\u00eb larta e vran\u00ebsira kalimtare\/ Njihuni me parashikimin e motit p\u00ebr sot","author":"Kurt Farka","date":"June 30, 2020","format":false,"excerpt":"Temperatura t\u00eb larta e vran\u00ebsira kalimtare\/ Njihuni me parashikimin e motit p\u00ebr sot - 30\/06\/20 P\u00ebrgjat\u00eb dit\u00ebs s\u00eb sotme kthjellimet dhe temperaturat relativisht t\u00eb larta do t\u00eb mbizot\u00ebrojn\u00eb n\u00eb vendin ton\u00eb. Mesdita do t\u00eb sjell\u00eb kalime vran\u00ebsirash, ku m\u00eb t\u00eb shpeshta do jen\u00eb n\u00eb skajin verior duke rrezikuar ndonj\u00eb rrebesh\u2026","rel":"","context":"In &quot;Blogu i Udh\u00ebtarit&quot;","block_context":{"text":"Blogu i Udh\u00ebtarit","link":"https:\/\/www.shqiperia.com\/blog\/category\/blogu-i-udhetarit\/"},"img":{"alt_text":"","src":"https:\/\/i0.wp.com\/www.shqiperia.com\/blog\/wp-content\/uploads\/2020\/06\/parashikimi-i-motit.jpg?fit=747%2C428&ssl=1&resize=350%2C200","width":350,"height":200,"srcset":"https:\/\/i0.wp.com\/www.shqiperia.com\/blog\/wp-content\/uploads\/2020\/06\/parashikimi-i-motit.jpg?fit=747%2C428&ssl=1&resize=350%2C200 1x, https:\/\/i0.wp.com\/www.shqiperia.com\/blog\/wp-content\/uploads\/2020\/06\/parashikimi-i-motit.jpg?fit=747%2C428&ssl=1&resize=525%2C300 1.5x, https:\/\/i0.wp.com\/www.shqiperia.com\/blog\/wp-content\/uploads\/2020\/06\/parashikimi-i-motit.jpg?fit=747%2C428&ssl=1&resize=700%2C400 2x"},"classes":[]},{"id":32091,"url":"https:\/\/www.shqiperia.com\/blog\/njihuni-me-surprizat-e-motit-sot-kthjellime-dhe-vranesira\/","url_meta":{"origin":38263,"position":1},"title":"Njihuni me surprizat e motit sot. \u201cKthjellime dhe vran\u00ebsira\u201d.","author":"Kurt Farka","date":"March 6, 2020","format":false,"excerpt":"Njihuni me surprizat e motit sot. \u201cKthjellime dhe vran\u00ebsira\u201d. - 06\/03\/20 Moti dit\u00ebn e sotme parashikohet me alternime vran\u00ebsirash dhe kthjellime. Do t\u00eb ket\u00eb reshje shiu me intesitet t\u00eb ul\u00ebt n\u00eb or\u00ebt e para n\u00eb veriper\u00ebndim dhe n\u00eb q\u00ebnd\u00ebr t\u00eb vendit. Pas or\u00ebs 10:00 do t\u00eb kemi nd\u00ebrprerje t\u00eb reshjeve\u2026","rel":"","context":"In &quot;Blogu i Udh\u00ebtarit&quot;","block_context":{"text":"Blogu i Udh\u00ebtarit","link":"https:\/\/www.shqiperia.com\/blog\/category\/blogu-i-udhetarit\/"},"img":{"alt_text":"","src":"https:\/\/i0.wp.com\/www.shqiperia.com\/blog\/wp-content\/uploads\/2020\/03\/moti_me_vranesira_dhe_me_diell.jpg?fit=1200%2C675&ssl=1&resize=350%2C200","width":350,"height":200,"srcset":"https:\/\/i0.wp.com\/www.shqiperia.com\/blog\/wp-content\/uploads\/2020\/03\/moti_me_vranesira_dhe_me_diell.jpg?fit=1200%2C675&ssl=1&resize=350%2C200 1x, https:\/\/i0.wp.com\/www.shqiperia.com\/blog\/wp-content\/uploads\/2020\/03\/moti_me_vranesira_dhe_me_diell.jpg?fit=1200%2C675&ssl=1&resize=525%2C300 1.5x, https:\/\/i0.wp.com\/www.shqiperia.com\/blog\/wp-content\/uploads\/2020\/03\/moti_me_vranesira_dhe_me_diell.jpg?fit=1200%2C675&ssl=1&resize=700%2C400 2x, https:\/\/i0.wp.com\/www.shqiperia.com\/blog\/wp-content\/uploads\/2020\/03\/moti_me_vranesira_dhe_me_diell.jpg?fit=1200%2C675&ssl=1&resize=1050%2C600 3x"},"classes":[]},{"id":39322,"url":"https:\/\/www.shqiperia.com\/blog\/vranesira-reshje-dhe-kthjellime-njihuni-me-surprizat-e-motit-sot\/","url_meta":{"origin":38263,"position":2},"title":"\u201cVran\u00ebsira, reshje dhe kthjellime\u201d- Njihuni me surprizat e motit sot","author":"Kurt Farka","date":"October 7, 2020","format":false,"excerpt":"\u201cVran\u00ebsira, reshje dhe kthjellime\u201d- Njihuni me surprizat e motit sot - 07\/10\/20 Sot parashikohet t\u00eb ket\u00eb mot kryesisht t\u00eb vran\u00ebt dhe intervale kthjellimesh.\u00a0 Reshje shiu t\u00eb her\u00ebpashershme me intensitet t\u00eb ul\u00ebt t\u00eb karakterit lokal deri n\u00eb or\u00ebt e mesdit\u00ebs, m\u00eb pas reshjet do t\u00eb fitojn\u00eb intensitet mesatar n\u00eb pjes\u00ebn m\u00eb\u2026","rel":"","context":"In &quot;Blogu i Udh\u00ebtarit&quot;","block_context":{"text":"Blogu i Udh\u00ebtarit","link":"https:\/\/www.shqiperia.com\/blog\/category\/blogu-i-udhetarit\/"},"img":{"alt_text":"","src":"https:\/\/i0.wp.com\/www.shqiperia.com\/blog\/wp-content\/uploads\/2020\/10\/MOTI-SOT-01-1536x864-1.jpg?fit=1200%2C675&ssl=1&resize=350%2C200","width":350,"height":200,"srcset":"https:\/\/i0.wp.com\/www.shqiperia.com\/blog\/wp-content\/uploads\/2020\/10\/MOTI-SOT-01-1536x864-1.jpg?fit=1200%2C675&ssl=1&resize=350%2C200 1x, https:\/\/i0.wp.com\/www.shqiperia.com\/blog\/wp-content\/uploads\/2020\/10\/MOTI-SOT-01-1536x864-1.jpg?fit=1200%2C675&ssl=1&resize=525%2C300 1.5x, https:\/\/i0.wp.com\/www.shqiperia.com\/blog\/wp-content\/uploads\/2020\/10\/MOTI-SOT-01-1536x864-1.jpg?fit=1200%2C675&ssl=1&resize=700%2C400 2x, https:\/\/i0.wp.com\/www.shqiperia.com\/blog\/wp-content\/uploads\/2020\/10\/MOTI-SOT-01-1536x864-1.jpg?fit=1200%2C675&ssl=1&resize=1050%2C600 3x"},"classes":[]},{"id":36748,"url":"https:\/\/www.shqiperia.com\/blog\/surprizat-e-motit-sot-vranesira-dhe-shtrengata-shiu-ne-keto-zona\/","url_meta":{"origin":38263,"position":3},"title":"Surprizat e motit sot, vran\u00ebsira dhe shtr\u00ebngata shiu n\u00eb k\u00ebto zona","author":"Kurt Farka","date":"August 1, 2020","format":false,"excerpt":"Surprizat e motit sot, vran\u00ebsira dhe shtr\u00ebngata shiu n\u00eb k\u00ebto zona \u00a0- 01\/08\/20 Dit\u00ebn e sotme, e shtun\u00eb 1 gusht 2020, moti parashikohet i kthjell\u00ebt me vran\u00ebsira n\u00eb zhvillim, kryesisht n\u00eb mesdit\u00eb e pasdite.\u00a0 Reshjet e shiut do t\u00eb p\u00ebrfshijn\u00eb zonat malore n\u00eb mesdit\u00eb e pasdite, lokalisht me shtr\u00ebngata dhe\u2026","rel":"","context":"In &quot;Blogu i Udh\u00ebtarit&quot;","block_context":{"text":"Blogu i Udh\u00ebtarit","link":"https:\/\/www.shqiperia.com\/blog\/category\/blogu-i-udhetarit\/"},"img":{"alt_text":"","src":"https:\/\/i0.wp.com\/www.shqiperia.com\/blog\/wp-content\/uploads\/2020\/08\/MOTI-SOT-01-1536x864-1.jpg?fit=1200%2C675&ssl=1&resize=350%2C200","width":350,"height":200,"srcset":"https:\/\/i0.wp.com\/www.shqiperia.com\/blog\/wp-content\/uploads\/2020\/08\/MOTI-SOT-01-1536x864-1.jpg?fit=1200%2C675&ssl=1&resize=350%2C200 1x, https:\/\/i0.wp.com\/www.shqiperia.com\/blog\/wp-content\/uploads\/2020\/08\/MOTI-SOT-01-1536x864-1.jpg?fit=1200%2C675&ssl=1&resize=525%2C300 1.5x, https:\/\/i0.wp.com\/www.shqiperia.com\/blog\/wp-content\/uploads\/2020\/08\/MOTI-SOT-01-1536x864-1.jpg?fit=1200%2C675&ssl=1&resize=700%2C400 2x, https:\/\/i0.wp.com\/www.shqiperia.com\/blog\/wp-content\/uploads\/2020\/08\/MOTI-SOT-01-1536x864-1.jpg?fit=1200%2C675&ssl=1&resize=1050%2C600 3x"},"classes":[]},{"id":75837,"url":"https:\/\/www.shqiperia.com\/blog\/njihuni-me-parashikimin-e-motit-te-dites-se-sotme-sa-grade-do-te-ulen-temperaturat-per-sot\/","url_meta":{"origin":38263,"position":4},"title":"Njihuni me parashikimin e motit t\u00eb dit\u00ebs s\u00eb sotme. &#8211; Sa grad\u00eb do t\u00eb ulen temperaturat p\u00ebr sot","author":"Kurt Farka","date":"November 26, 2023","format":false,"excerpt":"26 Nentor 2023 Moti p\u00ebr dit\u00ebn e sotme do t\u00eb jet\u00eb me kthjellime dhe vran\u00ebsira. Priten reshje t\u00eb pakta d\u00ebbore n\u00eb jug dhe juglindje t\u00eb vendit. Temperaturat minimale do t\u00eb luhaten nga -8 deri n\u00eb -2 grad\u00eb celcius. Temperaturat maksimale parashikohen 4-7 grad\u00eb celcius n\u00eb veri dhe 8\/11 grad\u00eb n\u00eb\u2026","rel":"","context":"In &quot;Blogu i Udh\u00ebtarit&quot;","block_context":{"text":"Blogu i Udh\u00ebtarit","link":"https:\/\/www.shqiperia.com\/blog\/category\/blogu-i-udhetarit\/"},"img":{"alt_text":"","src":"https:\/\/i0.wp.com\/www.shqiperia.com\/blog\/wp-content\/uploads\/2023\/11\/800-0-6562e83402c63.jpg?fit=800%2C450&ssl=1&resize=350%2C200","width":350,"height":200,"srcset":"https:\/\/i0.wp.com\/www.shqiperia.com\/blog\/wp-content\/uploads\/2023\/11\/800-0-6562e83402c63.jpg?fit=800%2C450&ssl=1&resize=350%2C200 1x, https:\/\/i0.wp.com\/www.shqiperia.com\/blog\/wp-content\/uploads\/2023\/11\/800-0-6562e83402c63.jpg?fit=800%2C450&ssl=1&resize=525%2C300 1.5x, https:\/\/i0.wp.com\/www.shqiperia.com\/blog\/wp-content\/uploads\/2023\/11\/800-0-6562e83402c63.jpg?fit=800%2C450&ssl=1&resize=700%2C400 2x"},"classes":[]},{"id":82952,"url":"https:\/\/www.shqiperia.com\/blog\/surpriza-e-motit-per-diten-e-sotme-ja-cfare-pritet-te-ndodhe-me-temperaturat\/","url_meta":{"origin":38263,"position":5},"title":"Surpriza e motit p\u00ebr dit\u00ebn e sotme, ja \u00e7far\u00eb pritet t\u00eb ndodh\u00eb me temperaturat","author":"Kurt Farka","date":"July 20, 2024","format":false,"excerpt":"20 Korrik 2024 Pritet nj\u00eb t\u00ebrheqje e leht\u00eb e val\u00ebs t\u00eb nxeht\u00eb afrikane duke sjell\u00eb edhe freskim t\u00eb leht\u00eb t\u00eb motit n\u00eb vendin ton\u00eb. Megjithat\u00eb or\u00ebt e paradites do t\u00eb mbizot\u00ebrohen nga moti i kthjell\u00ebt dhe vran\u00ebsira t\u00eb lehta, por pas mesdit\u00ebs do t\u00eb ket\u00eb shtim t\u00eb vran\u00ebsirave n\u00eb pjes\u00ebn\u2026","rel":"","context":"In &quot;Blogu i Udh\u00ebtarit&quot;","block_context":{"text":"Blogu i Udh\u00ebtarit","link":"https:\/\/www.shqiperia.com\/blog\/category\/blogu-i-udhetarit\/"},"img":{"alt_text":"","src":"https:\/\/i0.wp.com\/www.shqiperia.com\/blog\/wp-content\/uploads\/2024\/07\/moti-1.jpg?fit=1200%2C700&ssl=1&resize=350%2C200","width":350,"height":200,"srcset":"https:\/\/i0.wp.com\/www.shqiperia.com\/blog\/wp-content\/uploads\/2024\/07\/moti-1.jpg?fit=1200%2C700&ssl=1&resize=350%2C200 1x, https:\/\/i0.wp.com\/www.shqiperia.com\/blog\/wp-content\/uploads\/2024\/07\/moti-1.jpg?fit=1200%2C700&ssl=1&resize=525%2C300 1.5x, https:\/\/i0.wp.com\/www.shqiperia.com\/blog\/wp-content\/uploads\/2024\/07\/moti-1.jpg?fit=1200%2C700&ssl=1&resize=700%2C400 2x, https:\/\/i0.wp.com\/www.shqiperia.com\/blog\/wp-content\/uploads\/2024\/07\/moti-1.jpg?fit=1200%2C700&ssl=1&resize=1050%2C600 3x"},"classes":[]}],"_links":{"self":[{"href":"https:\/\/www.shqiperia.com\/blog\/wp-json\/wp\/v2\/posts\/38263","targetHints":{"allow":["GET"]}}],"collection":[{"href":"https:\/\/www.shqiperia.com\/blog\/wp-json\/wp\/v2\/posts"}],"about":[{"href":"https:\/\/www.shqiperia.com\/blog\/wp-json\/wp\/v2\/types\/post"}],"author":[{"embeddable":true,"href":"https:\/\/www.shqiperia.com\/blog\/wp-json\/wp\/v2\/users\/9"}],"replies":[{"embeddable":true,"href":"https:\/\/www.shqiperia.com\/blog\/wp-json\/wp\/v2\/comments?post=38263"}],"version-history":[{"count":1,"href":"https:\/\/www.shqiperia.com\/blog\/wp-json\/wp\/v2\/posts\/38263\/revisions"}],"predecessor-version":[{"id":38265,"href":"https:\/\/www.shqiperia.com\/blog\/wp-json\/wp\/v2\/posts\/38263\/revisions\/38265"}],"wp:featuredmedia":[{"embeddable":true,"href":"https:\/\/www.shqiperia.com\/blog\/wp-json\/wp\/v2\/media\/38264"}],"wp:attachment":[{"href":"https:\/\/www.shqiperia.com\/blog\/wp-json\/wp\/v2\/media?parent=38263"}],"wp:term":[{"taxonomy":"category","embeddable":true,"href":"https:\/\/www.shqiperia.com\/blog\/wp-json\/wp\/v2\/categories?post=38263"},{"taxonomy":"post_tag","embeddable":true,"href":"https:\/\/www.shqiperia.com\/blog\/wp-json\/wp\/v2\/tags?post=38263"}],"curies":[{"name":"wp","href":"https:\/\/api.w.org\/{rel}","templated":true}]}}