{"id":38259,"date":"2020-09-10T05:05:06","date_gmt":"2020-09-10T05:05:06","guid":{"rendered":"https:\/\/www.shqiperia.com\/blog\/?p=38259"},"modified":"2020-09-10T05:05:45","modified_gmt":"2020-09-10T05:05:45","slug":"rama-ka-ofruar-ne-qeveri-dhe-ne-parlament-te-klonuar-nga-mjaft-iste-ne-rilindas","status":"publish","type":"post","link":"https:\/\/www.shqiperia.com\/blog\/rama-ka-ofruar-ne-qeveri-dhe-ne-parlament-te-klonuar-nga-mjaft-iste-ne-rilindas\/","title":{"rendered":"Rama ka ofruar n\u00eb qeveri dhe n\u00eb Parlament t\u00eb klonuar nga Mjaft-ist\u00eb n\u00eb Rilindas.\u00a0"},"content":{"rendered":"<p><img data-recalc-dims=\"1\" loading=\"lazy\" decoding=\"async\" data-attachment-id=\"38260\" data-permalink=\"https:\/\/www.shqiperia.com\/blog\/rama-ka-ofruar-ne-qeveri-dhe-ne-parlament-te-klonuar-nga-mjaft-iste-ne-rilindas\/rama-shkolle-besa2\/\" data-orig-file=\"https:\/\/i0.wp.com\/www.shqiperia.com\/blog\/wp-content\/uploads\/2020\/09\/rama-shkolle-besa2.png?fit=575%2C323&amp;ssl=1\" data-orig-size=\"575,323\" data-comments-opened=\"1\" data-image-meta=\"{&quot;aperture&quot;:&quot;0&quot;,&quot;credit&quot;:&quot;&quot;,&quot;camera&quot;:&quot;&quot;,&quot;caption&quot;:&quot;&quot;,&quot;created_timestamp&quot;:&quot;0&quot;,&quot;copyright&quot;:&quot;&quot;,&quot;focal_length&quot;:&quot;0&quot;,&quot;iso&quot;:&quot;0&quot;,&quot;shutter_speed&quot;:&quot;0&quot;,&quot;title&quot;:&quot;&quot;,&quot;orientation&quot;:&quot;0&quot;}\" data-image-title=\"rama-shkolle-besa2\" data-image-description=\"\" data-image-caption=\"\" data-medium-file=\"https:\/\/i0.wp.com\/www.shqiperia.com\/blog\/wp-content\/uploads\/2020\/09\/rama-shkolle-besa2.png?fit=300%2C169&amp;ssl=1\" data-large-file=\"https:\/\/i0.wp.com\/www.shqiperia.com\/blog\/wp-content\/uploads\/2020\/09\/rama-shkolle-besa2.png?fit=575%2C323&amp;ssl=1\" class=\"alignnone wp-image-38260\" alt=\"\" src=\"https:\/\/i0.wp.com\/www.shqiperia.com\/blog\/wp-content\/uploads\/2020\/09\/rama-shkolle-besa2.png?resize=550%2C310&#038;ssl=1\" width=\"550\" height=\"310\" srcset=\"https:\/\/i0.wp.com\/www.shqiperia.com\/blog\/wp-content\/uploads\/2020\/09\/rama-shkolle-besa2.png?resize=300%2C169&amp;ssl=1 300w, https:\/\/i0.wp.com\/www.shqiperia.com\/blog\/wp-content\/uploads\/2020\/09\/rama-shkolle-besa2.png?resize=450%2C253&amp;ssl=1 450w, https:\/\/i0.wp.com\/www.shqiperia.com\/blog\/wp-content\/uploads\/2020\/09\/rama-shkolle-besa2.png?resize=400%2C225&amp;ssl=1 400w, https:\/\/i0.wp.com\/www.shqiperia.com\/blog\/wp-content\/uploads\/2020\/09\/rama-shkolle-besa2.png?w=575&amp;ssl=1 575w\" sizes=\"auto, (max-width: 550px) 100vw, 550px\" \/><\/p>\n<p>Rama ka ofruar n\u00eb qeveri dhe n\u00eb Parlament t\u00eb klonuar nga Mjaft-ist\u00eb n\u00eb Rilindas.<\/p>\n<p>Ish-ministri Malaj, kritika Ram\u00ebs p\u00ebr Besa Shahinin: Po keqp\u00ebrdoret PS. Mesazhi q\u00eb dha ajo ishte\u2026<\/p>\n<p><em>\u00a09 shtator 2020<\/em><\/p>\n<p><strong>Nga: ARISTIR LUMEZI<\/strong><\/p>\n<p><strong>Ish-ministri socialist i Financave, Arben Malaj, e sheh shum\u00eb t\u00eb gabuar p\u00ebr t\u00eb rinjt\u00eb mesazhin e dh\u00ebn\u00eb nga ministrja e Arsimit, Besa Shahini, se nuk do t\u00eb kontribuoj\u00eb n\u00eb fushat\u00ebn e ardhshme zgjedhore dhe se do t\u00eb largohet nga Shqip\u00ebria pas mbarimit t\u00eb detyr\u00ebs si ministre.<\/strong><\/p>\n<p>N\u00eb nj\u00eb intervist\u00eb p\u00ebr gazet\u00ebn \u201cPanorama\u201d, Malaj vler\u00ebson si t\u00eb drejt\u00eb normale t\u00eb ministres Shahini q\u00eb t\u00eb zgjedh\u00eb \u00e7far\u00eb \u00ebsht\u00eb m\u00eb e mira p\u00ebr t\u00eb dhe familjen e saj, por ai mendon se Besa i ka prer\u00eb n\u00eb bes\u00eb aspiratat dhe ambiciet e t\u00eb rinjve q\u00eb duan t\u00eb angazhohen n\u00eb politik\u00eb, sidomos grave dhe vajzave.<\/p>\n<p>Deklarata e ministres Shahini se do t\u00eb largohet nga Shqip\u00ebria pas mbarimit t\u00eb mandatit qeveris\u00ebs, sipas Malajt tregon m\u00ebnyr\u00ebn e pap\u00ebrgjegjshme se si Kryeministri Rama ka nd\u00ebrtuar kabinetin e tij qeveris\u00ebs \u201cme p\u00ebrzgjedhjet e tij spontane dhe \u201cindivid\u00eb q\u00eb betoheshin\u201d publikisht apo n\u00eb heshtje se do t\u00eb absolutizonin modelin e tij t\u00eb lidershipit\u201d.<\/p>\n<p>Malaj shprehet se ndryshe nga socialist\u00ebt e thjesht\u00eb, t\u00eb cil\u00ebt b\u00ebjn\u00eb fushat\u00eb dhe japin vot\u00ebn p\u00ebr PSn\u00eb, \u201cbesnik\u00eb deri n\u00eb vdekje\u201d, njer\u00ebzit q\u00eb Rama ka ofruar n\u00eb qeveri dhe n\u00eb Parlament jan\u00eb klonuar nga Mjaft-ist\u00eb n\u00eb Rilindas dhe zot\u00ebrojn\u00eb 80 p\u00ebr qind t\u00eb pushtetit t\u00eb PS-s\u00eb n\u00eb t\u00eb gjitha p\u00ebrfaq\u00ebsimet, duke i sh\u00ebrbyer Ram\u00ebs pa asnj\u00eb p\u00ebrgjegj\u00ebsi shtet\u00ebrore dhe pa asnj\u00eb p\u00ebrgjegj\u00ebsi politike, por thjesht p\u00ebr promovim t\u00eb pamerituar.<\/p>\n<p><strong>Ministrja e Arsimit, Besa Shahini, deklaroi se nuk do t\u00eb marr\u00eb pjes\u00eb n\u00eb fushat\u00ebn zgjedhore t\u00eb PS-s\u00eb sepse k\u00ebrkon t\u2019i bashkohet familjes n\u00eb Kosov\u00eb. Si e vler\u00ebsoni politikisht nj\u00eb q\u00ebndrim t\u00eb till\u00eb nga nj\u00eb an\u00ebtare e kabinetit qeveris\u00ebs?<\/strong><\/p>\n<p>Besoj se znj. Shahini g\u00ebzon lirin\u00eb e plot\u00eb p\u00ebr t\u00eb b\u00ebr\u00eb zgjidhjet m\u00eb t\u00eb mira p\u00ebr familjen e saj dhe p\u00ebr angazhimet e ardhshme shkencore apo politike n\u00eb Kosov\u00eb dhe jasht\u00eb saj. Si an\u00ebtare kabineti, ajo kishte nj\u00eb karrier\u00eb politike pa angazhime partiake, gj\u00eb q\u00eb \u00ebsht\u00eb normale n\u00eb demokracit\u00eb funksionale, pasi individ\u00eb t\u00eb ndrysh\u00ebm edhe n\u00eb qeverit\u00eb e vendeve per\u00ebndimore marrin mandate politike edhe pa qen\u00eb an\u00ebtar\u00eb t\u00eb partive politike. Por ata duhet t\u00eb g\u00ebzojn\u00eb nj\u00eb avantazh publik t\u00eb spikatur n\u00eb fush\u00ebn p\u00ebrkat\u00ebse ku sh\u00ebrbejn\u00eb, si minist\u00ebr ose n\u00eb jet\u00ebn publike. N\u00eb k\u00ebt\u00eb kontekst, znj. Shahini i ka \u201ckrah\u00ebt e lir\u00eb\u201d t\u00eb b\u00ebj\u00eb zgjedhjen e saj, pa ndier\u00eb\u00a0detyrime ndaj socialist\u00ebve apo ndaj opinionit publik n\u00eb Shqip\u00ebri, sepse ndoshta kjo ka qen\u00eb kontrata informale me Kryeministrin: \u201cDo t\u00eb sh\u00ebrbej n\u00eb qeverin\u00eb tuaj deri sa t\u00eb jem minist\u00ebr, pas asaj gjith\u00e7ka kthehet n\u00eb pik\u00ebnisje zero\u201d.<\/p>\n<p><strong>Cila \u00ebsht\u00eb p\u00ebrgjegj\u00ebsia e Kryeministrit nga nj\u00eb deklarat\u00eb e till\u00eb?<\/strong><\/p>\n<p>Kryeministri nuk ka asnj\u00eb p\u00ebrgjegj\u00ebsi, as morale, as politike dhe as ligjore, t\u00eb pakt\u00ebn deri n\u00eb auditimin e Ministris\u00eb s\u00eb Arsimit pas zgjedhjeve 2021, sepse ai e bazoi p\u00ebrzgjedhjen e ministrave, kryetar\u00ebve t\u00eb bashkive dhe titullar\u00ebve n\u00eb institucione dhe agjenci t\u00eb r\u00ebnd\u00ebsishme t\u00eb qeverisjes s\u00eb vendit, te p\u00ebrzgjedhjet spontane dhe thell\u00ebsisht personale t\u00eb pushtetit t\u00eb tij absolut dhe abuziv. Rama e nd\u00ebrtoi hierarkin\u00eb e tij qeveris\u00ebse nga qeliza m\u00eb e vog\u00ebl p\u00ebrfaq\u00ebsuese n\u00eb nivel vendor e qendror deri te mandatet m\u00eb t\u00eb larta politike te \u201ckandidat\u00eb parafabrikat\u00eb\u201d, me p\u00ebrzgjedhjet e tij spontane dhe \u201cindivid\u00eb q\u00eb betoheshin\u201d publikisht apo n\u00eb heshtje se do t\u00eb absolutizonin modelin e tij t\u00eb lidershipit. I keni par\u00eb disa ministra, q\u00eb sa her\u00eb hapin goj\u00ebn n\u00eb publik thon\u00eb se k\u00ebt\u00eb \u201cdhurat\u00eb nga qielli\u201d apo k\u00ebt\u00eb t\u00eb mir\u00eb e ke vet\u00ebm nga Kryeministri Rama? Rama nuk ka asnj\u00eb p\u00ebrgjegj\u00ebsi, gjithashtu, sepse shqiptar\u00ebt e kan\u00eb votuar\u00a0dhe rivotuar edhe pas k\u00ebtij keqshp\u00ebrdorimi t\u00eb pushtetit n\u00eb p\u00ebrzgjedhjen dhe promovimin e p\u00ebrfaq\u00ebsuesve politik\u00eb t\u00eb PSs\u00eb. Kjo \u201cmb\u00ebshtetje\u201d n\u00eb parti, n\u00eb Parlament, n\u00eb publik e ka b\u00ebr\u00eb Ram\u00ebn mosp\u00ebrfill\u00ebs, arrogant dhe abuzues me postin e r\u00ebnd\u00ebsish\u00ebm t\u00eb Kryeministrit t\u00eb nj\u00eb vendi q\u00eb po varf\u00ebrohet akoma m\u00eb shum\u00eb edhe nga keqqeverisja e tij dhe po mbetet i bllokuar n\u00eb perspektiv\u00ebn e tij europiane.<\/p>\n<p><strong>Si duhet t\u00eb ndihet nj\u00eb socialist, i cili mund t\u00eb mos e ket\u00eb gjetur nj\u00eb vend pune gjat\u00eb qeverisjes socialiste dhe p\u00ebrs\u00ebri angazhohet n\u00eb fushatat zgjedhore p\u00ebr ta b\u00ebr\u00eb p\u00ebrs\u00ebri fituese PS-n\u00eb?<\/strong><\/p>\n<p>Ju lutem, ndani rilindasit nga socialist\u00ebt e thjesht\u00eb, t\u00eb cil\u00ebt jan\u00eb 99 p\u00ebr qind e PS-s\u00eb. Ata jan\u00eb me mij\u00ebra njer\u00ebz t\u00eb mir\u00eb, shum\u00eb prej tyre jan\u00eb \u201cbesnik\u00eb deri n\u00eb vdekje\u201d, t\u00eb cil\u00ebt pranojn\u00eb t\u00eb japin vot\u00ebn thjesht dhe vet\u00ebm p\u00ebr besnik\u00ebri, pa k\u00ebrkuar asnj\u00eb shp\u00ebrblim personal apo familjar. Nd\u00ebrsa pjesa prej 0.67 % e G99-\u00ebs, q\u00eb ka sot mbi 80 % t\u00eb pushtetit real t\u00eb socialist\u00ebve n\u00eb \u00e7do nivel p\u00ebrfaq\u00ebsimi, jan\u00eb klonuar nga Mjaft-ist\u00eb n\u00eb Rilindas, duke i sh\u00ebrbyer Ram\u00ebs pa asnj\u00eb p\u00ebrgjegj\u00ebsi shtet\u00ebrore dhe pa asnj\u00eb p\u00ebrgjegj\u00ebsi politike, por thjesht p\u00ebr promovim t\u00eb pamerituar. Por si\u00e7 thot\u00eb me ironin\u00eb labe nj\u00eb mik i p\u00ebrhersh\u00ebm i Ram\u00ebs n\u00eb Vlor\u00eb, k\u00ebta nuk jan\u00eb \u201cgur\u00eb themeli t\u00eb socialist\u00ebve\u201d, por jan\u00eb \u201cgur\u00eb t\u00eb hedhur\u201d n\u00eb oborrin e PS-s\u00eb, t\u00eb cil\u00ebn e keqp\u00ebrdor\u00ebn deri n\u00eb dhimbje PS-n\u00eb p\u00ebr pushtetin e tyre t\u00eb paditur, t\u00eb pap\u00ebrgjegjsh\u00ebm, deri edhe t\u00eb lidhur me krimin.<\/p>\n<p><strong>Cili mund t\u00eb jet\u00eb m\u00ebsimi q\u00eb del nga nj\u00eb q\u00ebndrim i till\u00eb i nj\u00eb ministreje?<\/strong><\/p>\n<p>Kjo \u00ebsht\u00eb pyetja thelb\u00ebsore e k\u00ebsaj interviste. Ministrja Shahini, p\u00ebrpara se ta (keq)p\u00ebrdor\u00eb lirin\u00eb saj p\u00ebr \u00e7do zgjedhje t\u00eb saj personale, duhet t\u00eb qart\u00ebsoj\u00eb trash\u00ebgimin\u00eb e saj politike n\u00eb politik\u00ebn shqiptare dhe n\u00eb Ministrin\u00eb e Arsimit. Trash\u00ebgimia e saj n\u00eb politik\u00eb \u00ebsht\u00eb nj\u00eb model jopozitiv. Me k\u00ebt\u00eb deklarat\u00eb, akoma n\u00eb postin e ministrit t\u00eb Arsimit \u2013 ajo u jep nj\u00eb mesazh zhg\u00ebnjyes dhe negativ brezave t\u00eb t\u00eb rinjve, t\u00eb rinjve shqiptar\u00eb dhe n\u00eb ve\u00e7anti mij\u00ebra vajzave dhe grave q\u00eb kan\u00eb ambicie t\u00eb natyrshme politike.\u00a0<strong>Mesazhi i Bes\u00ebs \u00ebsht\u00eb mungesa e bes\u00ebs ndaj tyre.<\/strong><\/p>\n<p>Sepse Besa me veprimin e saj edhe pa folur, u jep mesazhin: Mos u p\u00ebrpiqni t\u00eb sh\u00ebrbeni, mos u lodhni t\u00eb sfidoni, thjesht gjeni njeriun e duhur, n\u00eb vendin e duhur, n\u00eb koh\u00ebn e duhur dhe mund t\u00eb fluturoni n\u00eb karrier\u00eb nga nj\u00eb profil modest, n\u00eb ministre t\u00eb Arsimit t\u00eb nj\u00eb vendi, ku treguesit e arsimit u p\u00ebrkeq\u00ebsuan akoma m\u00eb shum\u00eb gjat\u00eb drejtimit t\u00eb saj. M\u00ebsimi, nga rastet e promovimeve spontane dhe prodhimi i \u201clider\u00ebve parafabrikat\u00eb\u201d, \u00ebsht\u00eb i qart\u00eb: partit\u00eb politike u sh\u00ebrbejn\u00eb mir\u00eb interesave t\u00eb popullit dhe vendit t\u00eb tyre, i plot\u00ebsojn\u00eb m\u00eb mir\u00eb sfidat ndaj vendit t\u00eb tyre n\u00eb pozit\u00eb dhe opozit\u00eb, n\u00eb var\u00ebsi nga cil\u00ebsit\u00eb e lider\u00ebve n\u00eb \u00e7do mandat politik. Rruga m\u00eb e mir\u00eb e identifikimit, promovimit, p\u00ebrmir\u00ebsimit t\u00eb cil\u00ebsis\u00eb s\u00eb lider\u00ebve politik\u00eb dhe qeveris\u00ebs duhet t\u00eb jet\u00eb investimi afatgjat\u00eb n\u00ebp\u00ebrmjet programeve t\u00eb lidershipit, intershipet dhe akademit\u00eb politike. N\u00eb rast t\u00eb kund\u00ebrt, cil\u00ebsia e lidershipit politik do t\u00eb p\u00ebrkeq\u00ebsohet dhe p\u00ebr pasoj\u00eb, edhe qeverisja e vendit do t\u00eb p\u00ebrkeq\u00ebsohet, nd\u00ebrsa Shqip\u00ebria rrezikohet t\u00eb vazhdoj\u00eb kriz\u00ebn e tejzgjatur t\u00eb lider\u00ebve parafabrikat\u00eb, spontan\u00eb, t\u00eb bab\u00ebzitur dhe arrogant\u00eb.\/\u00a0<strong>Panorama.al<\/strong><\/p>\n","protected":false},"excerpt":{"rendered":"<p>Rama ka ofruar n\u00eb qeveri dhe n\u00eb Parlament t\u00eb klonuar nga Mjaft-ist\u00eb n\u00eb Rilindas. Ish-ministri Malaj, kritika Ram\u00ebs p\u00ebr Besa Shahinin: Po keqp\u00ebrdoret PS. Mesazhi q\u00eb dha ajo ishte\u2026 \u00a09 shtator 2020 Nga: ARISTIR LUMEZI Ish-ministri socialist i Financave, Arben Malaj, e sheh shum\u00eb t\u00eb gabuar p\u00ebr t\u00eb rinjt\u00eb mesazhin e dh\u00ebn\u00eb nga ministrja e [&hellip;]<\/p>\n","protected":false},"author":9,"featured_media":38260,"comment_status":"open","ping_status":"open","sticky":false,"template":"","format":"standard","meta":{"jetpack_post_was_ever_published":false,"_jetpack_newsletter_access":"","_jetpack_dont_email_post_to_subs":false,"_jetpack_newsletter_tier_id":0,"_jetpack_memberships_contains_paywalled_content":false,"_jetpack_memberships_contains_paid_content":false,"footnotes":"","jetpack_publicize_message":"","jetpack_publicize_feature_enabled":true,"jetpack_social_post_already_shared":true,"jetpack_social_options":{"image_generator_settings":{"template":"highway","default_image_id":0,"font":"","enabled":false},"version":2}},"categories":[27,2],"tags":[],"class_list":["post-38259","post","type-post","status-publish","format-standard","has-post-thumbnail","hentry","category-blogu-i-udhetarit","category-politika"],"jetpack_publicize_connections":[],"jetpack_featured_media_url":"https:\/\/i0.wp.com\/www.shqiperia.com\/blog\/wp-content\/uploads\/2020\/09\/rama-shkolle-besa2.png?fit=575%2C323&ssl=1","jetpack_sharing_enabled":true,"jetpack_shortlink":"https:\/\/wp.me\/p5Z6wp-9X5","jetpack-related-posts":[{"id":38196,"url":"https:\/\/www.shqiperia.com\/blog\/o-te-rrofsha-hesapet-gazetari-i-njohur-shqiptar-ia-plas-ne-sy-ministres-besa-shahini-pas-njoftimit-per-largimin-nga-shqiperia-dhe-qeveria-gjynah-ta-krypesh-shpir\/","url_meta":{"origin":38259,"position":0},"title":"\u201cO t\u00eb rrofsha hesapet\u201d, gazetari i njohur shqiptar ia \u2018plas n\u00eb sy\u2019 ministres Besa Shahini, pas njoftimit p\u00ebr largimin nga Shqip\u00ebria dhe qeveria: Gjynah ta kryp\u00ebsh shpirtin, por&#8230;","author":"Kurt Farka","date":"September 8, 2020","format":false,"excerpt":"\u201cO t\u00eb rrofsha hesapet\u201d, gazetari i njohur shqiptar ia \u2018plas n\u00eb sy\u2019 ministres Besa Shahini, pas njoftimit p\u00ebr largimin nga Shqip\u00ebria dhe qeveria: Gjynah ta kryp\u00ebsh shpirtin, por... 8 SHTATOR 2020 \u201c \u2026 po edhe naj leke te vogel sa per dite te keqe duhet ta kete bere gjate tre\u2026","rel":"","context":"In &quot;Blogu i Udh\u00ebtarit&quot;","block_context":{"text":"Blogu i Udh\u00ebtarit","link":"https:\/\/www.shqiperia.com\/blog\/category\/blogu-i-udhetarit\/"},"img":{"alt_text":"","src":"https:\/\/i0.wp.com\/www.shqiperia.com\/blog\/wp-content\/uploads\/2020\/09\/Besa-Shahini-2.jpg?resize=350%2C200&ssl=1","width":350,"height":200},"classes":[]},{"id":38190,"url":"https:\/\/www.shqiperia.com\/blog\/ndryshimet-ne-qeveri-deputetet-kreret-e-bashkive-dhe-baza-fundosin-ministrat-rama-dosje-me-ankesa-per-ta-besa-shahini-paralajmeron-largimin\/","url_meta":{"origin":38259,"position":1},"title":"Ndryshimet n\u00eb qeveri, deputet\u00ebt, krer\u00ebt e bashkive dhe baza fundosin ministrat, Rama dosje me ankesa p\u00ebr ta, Besa Shahini paralajm\u00ebron largimin","author":"Kurt Farka","date":"September 8, 2020","format":false,"excerpt":"Ndryshimet n\u00eb qeveri, deputet\u00ebt, krer\u00ebt e bashkive dhe baza fundosin ministrat, Rama dosje me ankesa p\u00ebr ta, Besa Shahini paralajm\u00ebron largimin 8 SHTATOR 2020 Kjo jav\u00eb do t\u00eb jet\u00eb vendimtare p\u00ebr fatin e shum\u00eb prej ministrave t\u00eb qeveris\u00eb \u201cRama\u201d. PS ka n\u00eb plan q\u00eb t\u00eb premten t\u00eb mbledh\u00eb Asamblen\u00eb Komb\u00ebtare,\u2026","rel":"","context":"In &quot;Blogu i Udh\u00ebtarit&quot;","block_context":{"text":"Blogu i Udh\u00ebtarit","link":"https:\/\/www.shqiperia.com\/blog\/category\/blogu-i-udhetarit\/"},"img":{"alt_text":"","src":"https:\/\/i0.wp.com\/www.shqiperia.com\/blog\/wp-content\/uploads\/2020\/09\/800-0-5f5720f33937a.jpg?fit=800%2C419&ssl=1&resize=350%2C200","width":350,"height":200,"srcset":"https:\/\/i0.wp.com\/www.shqiperia.com\/blog\/wp-content\/uploads\/2020\/09\/800-0-5f5720f33937a.jpg?fit=800%2C419&ssl=1&resize=350%2C200 1x, https:\/\/i0.wp.com\/www.shqiperia.com\/blog\/wp-content\/uploads\/2020\/09\/800-0-5f5720f33937a.jpg?fit=800%2C419&ssl=1&resize=525%2C300 1.5x, https:\/\/i0.wp.com\/www.shqiperia.com\/blog\/wp-content\/uploads\/2020\/09\/800-0-5f5720f33937a.jpg?fit=800%2C419&ssl=1&resize=700%2C400 2x"},"classes":[]},{"id":41557,"url":"https:\/\/www.shqiperia.com\/blog\/ndarja-nga-jeta-e-marko-bellos-revolta-e-malajt-boll-me-hipokrizi-rilindas-te-babezitur\/","url_meta":{"origin":38259,"position":2},"title":"Ndarja nga jeta e Marko Bellos\/ Revolta e Malajt: Boll me hipokrizi, rilindas t\u00eb bab\u00ebzitur","author":"Kurt Farka","date":"December 4, 2020","format":false,"excerpt":"Ndarja nga jeta e Marko Bellos\/ Revolta e Malajt: Boll me hipokrizi, rilindas t\u00eb bab\u00ebzitur 04\/12\/2020 - 21:41 Ish-ministri i Financave n\u00eb qeverin\u00eb socialiste, Arben Malaj reagoi me zem\u00ebrim pas vdekjes s\u00eb ish-kolegut t\u00eb tij, Marko Bello. P\u00ebrmes nj\u00eb postimi n\u00eb rrjetet sociale, Malaj citon edhe Gramoz Ru\u00e7in, Taulant Ball\u00ebs\u2026","rel":"","context":"In &quot;Blogu i Udh\u00ebtarit&quot;","block_context":{"text":"Blogu i Udh\u00ebtarit","link":"https:\/\/www.shqiperia.com\/blog\/category\/blogu-i-udhetarit\/"},"img":{"alt_text":"","src":"https:\/\/i0.wp.com\/www.shqiperia.com\/blog\/wp-content\/uploads\/2020\/12\/malaj-bello.jpg?fit=1200%2C675&ssl=1&resize=350%2C200","width":350,"height":200,"srcset":"https:\/\/i0.wp.com\/www.shqiperia.com\/blog\/wp-content\/uploads\/2020\/12\/malaj-bello.jpg?fit=1200%2C675&ssl=1&resize=350%2C200 1x, https:\/\/i0.wp.com\/www.shqiperia.com\/blog\/wp-content\/uploads\/2020\/12\/malaj-bello.jpg?fit=1200%2C675&ssl=1&resize=525%2C300 1.5x, https:\/\/i0.wp.com\/www.shqiperia.com\/blog\/wp-content\/uploads\/2020\/12\/malaj-bello.jpg?fit=1200%2C675&ssl=1&resize=700%2C400 2x, https:\/\/i0.wp.com\/www.shqiperia.com\/blog\/wp-content\/uploads\/2020\/12\/malaj-bello.jpg?fit=1200%2C675&ssl=1&resize=1050%2C600 3x"},"classes":[]},{"id":98320,"url":"https:\/\/www.shqiperia.com\/blog\/arben-malaj-ben-thirrje-per-rebelim-brenda-ps-rama-i-etur-per-gjak-do-ua-pije-juve\/","url_meta":{"origin":38259,"position":3},"title":"Arben Malaj b\u00ebn thirrje p\u00ebr rebelim brenda PS: &#8211; Rama i etur p\u00ebr gjak, do ua pij\u00eb juve","author":"Kurt Farka","date":"March 11, 2026","format":false,"excerpt":"11 Mars 2026 Ish-ministri socialist i Financave Arben Malaj u b\u00ebri thirrje deputet\u00ebve t\u00eb Partis\u00eb Socialiste q\u00eb t\u00eb rebelohen ndaj kryetarit t\u00eb tyre Edi Rama. Malaj deklaroi se nj\u00eb bllokim i mundsh\u00ebm i k\u00ebrkes\u00ebs s\u00eb SPAK p\u00ebr imunitetin e Ballukut do t\u00eb rrezikoj\u00eb integrimin e vendit n\u00eb Bashkimin Europian. Ish-ministri\u2026","rel":"","context":"In &quot;Blogu i Udh\u00ebtarit&quot;","block_context":{"text":"Blogu i Udh\u00ebtarit","link":"https:\/\/www.shqiperia.com\/blog\/category\/blogu-i-udhetarit\/"},"img":{"alt_text":"","src":"https:\/\/i0.wp.com\/www.shqiperia.com\/blog\/wp-content\/uploads\/2026\/03\/Arben-Malaj.jpg?fit=960%2C554&ssl=1&resize=350%2C200","width":350,"height":200,"srcset":"https:\/\/i0.wp.com\/www.shqiperia.com\/blog\/wp-content\/uploads\/2026\/03\/Arben-Malaj.jpg?fit=960%2C554&ssl=1&resize=350%2C200 1x, https:\/\/i0.wp.com\/www.shqiperia.com\/blog\/wp-content\/uploads\/2026\/03\/Arben-Malaj.jpg?fit=960%2C554&ssl=1&resize=525%2C300 1.5x, https:\/\/i0.wp.com\/www.shqiperia.com\/blog\/wp-content\/uploads\/2026\/03\/Arben-Malaj.jpg?fit=960%2C554&ssl=1&resize=700%2C400 2x"},"classes":[]},{"id":16754,"url":"https:\/\/www.shqiperia.com\/blog\/besa-shahini-braktisi-komisionin-parlamentar-opozita-mbledh-firmat-dhe-merr-vendimin-urgjent\/","url_meta":{"origin":38259,"position":4},"title":"Besa Shahini braktisi Komisionin Parlamentar, opozita mbledh firmat dhe merr vendimin urgjent. &#8211;","author":"Kurt Farka","date":"January 30, 2019","format":false,"excerpt":"Besa Shahini braktisi Komisionin Parlamentar, opozita mbledh firmat dhe merr vendimin urgjent. - 30\/01\/2019. Pas largimit t\u00eb Shahinit, an\u00ebtar\u00ebt e opozit\u00ebs n\u00eb Komision k\u00ebrkojn\u00eb rikthimin e saj n\u00eb interpelanc\u00eb. Ata k\u00ebrkojn\u00eb q\u00eb ministrja Besa Shahini t\u00eb rikthehet n\u00eb komision n\u00eb or\u00ebn 15:00 dhe p\u00ebr k\u00ebt\u00eb gj\u00eb ata po mbledhin firmat.\u2026","rel":"","context":"In &quot;Kultura&quot;","block_context":{"text":"Kultura","link":"https:\/\/www.shqiperia.com\/blog\/category\/kultura\/"},"img":{"alt_text":"","src":"https:\/\/i0.wp.com\/www.shqiperia.com\/blog\/wp-content\/uploads\/2019\/01\/besa_5-300x167.jpg?resize=350%2C200","width":350,"height":200},"classes":[]},{"id":49587,"url":"https:\/\/www.shqiperia.com\/blog\/priten-zhvillime-te-forta-arben-malaj-nxjerr-emrin-e-ministrit-qe-do-te-shkaktoje-trazira-ne-vlore-shqiptaret-nuk-donin-te-ishte-me-anetar-qeverie\/","url_meta":{"origin":38259,"position":5},"title":"Priten zhvillime t\u00eb forta! Arben Malaj nxjerr emrin e ministrit q\u00eb do t\u00eb shkaktoj\u00eb trazira n\u00eb Vlor\u00eb:  &#8211; Shqiptar\u00ebt nuk donin t\u00eb ishte m\u00eb an\u00ebtar qeverie&#8230;","author":"Kurt Farka","date":"September 3, 2021","format":false,"excerpt":"Priten zhvillime t\u00eb forta! Arben Malaj nxjerr emrin e ministrit q\u00eb do t\u00eb shkaktoj\u00eb trazira n\u00eb Vlor\u00eb: - Shqiptar\u00ebt nuk donin t\u00eb ishte m\u00eb an\u00ebtar qeverie... 2 SHTATOR 2021 \u2026 \u201cLufta n\u00eb Vlor\u00eb po b\u00ebhet p\u00ebr territore\u201d \u2026 Ish-ministri i PS-s\u00eb Arben Malaj, komentoi kabinetin e ri qeveris\u00ebs dhe tha\u2026","rel":"","context":"In &quot;Blogu i Udh\u00ebtarit&quot;","block_context":{"text":"Blogu i Udh\u00ebtarit","link":"https:\/\/www.shqiperia.com\/blog\/category\/blogu-i-udhetarit\/"},"img":{"alt_text":"","src":"https:\/\/i0.wp.com\/www.shqiperia.com\/blog\/wp-content\/uploads\/2021\/09\/800-0-6130fb0f7ec58.jpg?fit=734%2C416&ssl=1&resize=350%2C200","width":350,"height":200,"srcset":"https:\/\/i0.wp.com\/www.shqiperia.com\/blog\/wp-content\/uploads\/2021\/09\/800-0-6130fb0f7ec58.jpg?fit=734%2C416&ssl=1&resize=350%2C200 1x, https:\/\/i0.wp.com\/www.shqiperia.com\/blog\/wp-content\/uploads\/2021\/09\/800-0-6130fb0f7ec58.jpg?fit=734%2C416&ssl=1&resize=525%2C300 1.5x, https:\/\/i0.wp.com\/www.shqiperia.com\/blog\/wp-content\/uploads\/2021\/09\/800-0-6130fb0f7ec58.jpg?fit=734%2C416&ssl=1&resize=700%2C400 2x"},"classes":[]}],"_links":{"self":[{"href":"https:\/\/www.shqiperia.com\/blog\/wp-json\/wp\/v2\/posts\/38259","targetHints":{"allow":["GET"]}}],"collection":[{"href":"https:\/\/www.shqiperia.com\/blog\/wp-json\/wp\/v2\/posts"}],"about":[{"href":"https:\/\/www.shqiperia.com\/blog\/wp-json\/wp\/v2\/types\/post"}],"author":[{"embeddable":true,"href":"https:\/\/www.shqiperia.com\/blog\/wp-json\/wp\/v2\/users\/9"}],"replies":[{"embeddable":true,"href":"https:\/\/www.shqiperia.com\/blog\/wp-json\/wp\/v2\/comments?post=38259"}],"version-history":[{"count":2,"href":"https:\/\/www.shqiperia.com\/blog\/wp-json\/wp\/v2\/posts\/38259\/revisions"}],"predecessor-version":[{"id":38262,"href":"https:\/\/www.shqiperia.com\/blog\/wp-json\/wp\/v2\/posts\/38259\/revisions\/38262"}],"wp:featuredmedia":[{"embeddable":true,"href":"https:\/\/www.shqiperia.com\/blog\/wp-json\/wp\/v2\/media\/38260"}],"wp:attachment":[{"href":"https:\/\/www.shqiperia.com\/blog\/wp-json\/wp\/v2\/media?parent=38259"}],"wp:term":[{"taxonomy":"category","embeddable":true,"href":"https:\/\/www.shqiperia.com\/blog\/wp-json\/wp\/v2\/categories?post=38259"},{"taxonomy":"post_tag","embeddable":true,"href":"https:\/\/www.shqiperia.com\/blog\/wp-json\/wp\/v2\/tags?post=38259"}],"curies":[{"name":"wp","href":"https:\/\/api.w.org\/{rel}","templated":true}]}}