{"id":38256,"date":"2020-09-09T23:12:33","date_gmt":"2020-09-09T23:12:33","guid":{"rendered":"https:\/\/www.shqiperia.com\/blog\/?p=38256"},"modified":"2020-09-09T23:12:33","modified_gmt":"2020-09-09T23:12:33","slug":"mesuesi-ne-londer-qe-ne-mars-merr-rrogen-ne-diber-si-ua-nderpreu-kontratat-arsimtareve-drejtoresha-e-komanduar-qe-nuk-ploteson-kriteret","status":"publish","type":"post","link":"https:\/\/www.shqiperia.com\/blog\/mesuesi-ne-londer-qe-ne-mars-merr-rrogen-ne-diber-si-ua-nderpreu-kontratat-arsimtareve-drejtoresha-e-komanduar-qe-nuk-ploteson-kriteret\/","title":{"rendered":"M\u00ebsuesi n\u00eb Lond\u00ebr qe ne mars, merr rrog\u00ebn n\u00eb Dib\u00ebr. Si ua nd\u00ebrpreu kontratat arsimtar\u00ebve drejtoresha e komanduar q\u00eb nuk plot\u00ebson kriteret"},"content":{"rendered":"<p><img data-recalc-dims=\"1\" loading=\"lazy\" decoding=\"async\" data-attachment-id=\"38257\" data-permalink=\"https:\/\/www.shqiperia.com\/blog\/mesuesi-ne-londer-qe-ne-mars-merr-rrogen-ne-diber-si-ua-nderpreu-kontratat-arsimtareve-drejtoresha-e-komanduar-qe-nuk-ploteson-kriteret\/eiwkpcfu\/\" data-orig-file=\"https:\/\/i0.wp.com\/www.shqiperia.com\/blog\/wp-content\/uploads\/2020\/09\/eiWKpcfU.jpg?fit=600%2C310&amp;ssl=1\" data-orig-size=\"600,310\" data-comments-opened=\"1\" data-image-meta=\"{&quot;aperture&quot;:&quot;0&quot;,&quot;credit&quot;:&quot;&quot;,&quot;camera&quot;:&quot;&quot;,&quot;caption&quot;:&quot;&quot;,&quot;created_timestamp&quot;:&quot;0&quot;,&quot;copyright&quot;:&quot;&quot;,&quot;focal_length&quot;:&quot;0&quot;,&quot;iso&quot;:&quot;0&quot;,&quot;shutter_speed&quot;:&quot;0&quot;,&quot;title&quot;:&quot;&quot;,&quot;orientation&quot;:&quot;0&quot;}\" data-image-title=\"eiWKpcfU\" data-image-description=\"\" data-image-caption=\"\" data-medium-file=\"https:\/\/i0.wp.com\/www.shqiperia.com\/blog\/wp-content\/uploads\/2020\/09\/eiWKpcfU.jpg?fit=300%2C155&amp;ssl=1\" data-large-file=\"https:\/\/i0.wp.com\/www.shqiperia.com\/blog\/wp-content\/uploads\/2020\/09\/eiWKpcfU.jpg?fit=600%2C310&amp;ssl=1\" class=\"alignnone  wp-image-38257\" alt=\"\" src=\"https:\/\/i0.wp.com\/www.shqiperia.com\/blog\/wp-content\/uploads\/2020\/09\/eiWKpcfU.jpg?resize=455%2C235&#038;ssl=1\" width=\"455\" height=\"235\" srcset=\"https:\/\/i0.wp.com\/www.shqiperia.com\/blog\/wp-content\/uploads\/2020\/09\/eiWKpcfU.jpg?resize=300%2C155&amp;ssl=1 300w, https:\/\/i0.wp.com\/www.shqiperia.com\/blog\/wp-content\/uploads\/2020\/09\/eiWKpcfU.jpg?resize=450%2C233&amp;ssl=1 450w, https:\/\/i0.wp.com\/www.shqiperia.com\/blog\/wp-content\/uploads\/2020\/09\/eiWKpcfU.jpg?resize=400%2C207&amp;ssl=1 400w, https:\/\/i0.wp.com\/www.shqiperia.com\/blog\/wp-content\/uploads\/2020\/09\/eiWKpcfU.jpg?w=600&amp;ssl=1 600w\" sizes=\"auto, (max-width: 455px) 100vw, 455px\" \/><\/p>\n<p>M\u00ebsuesi n\u00eb Lond\u00ebr qe ne mars, merr rrog\u00ebn n\u00eb Dib\u00ebr. Si ua nd\u00ebrpreu kontratat arsimtar\u00ebve drejtoresha e komanduar q\u00eb nuk plot\u00ebson kriteret<\/p>\n<p><em>9 shtator 2020<\/em><\/p>\n<p><strong>Drejtoria Arsimore n\u00eb Dib\u00ebr duket se ka nj\u00eb s\u00ebr\u00eb problemesh. Brikena Dani, drejtuesja e k\u00ebtij institucioni e komanduar, duket se nuk plot\u00ebson kriteret p\u00ebr shkak se \u00ebsht\u00eb diplomuar p\u00ebr gjuh\u00eb-let\u00ebrsi me sistemin part-time. Edhe pse vijon detyr\u00ebn n\u00eb kund\u00ebrshtim me ligjin, Dani ka l\u00ebn\u00eb pa pun\u00eb dhe 300 m\u00ebsues, pasi u ka nd\u00ebrprer\u00eb kontratat.<\/strong><\/p>\n<p>P\u00ebr k\u00ebt\u00eb problem, Selami Kaza, kreu i Sindikat\u00ebs s\u00eb Arsimit Dib\u00ebr, thot\u00eb se m\u00ebsuesve u \u00ebsht\u00eb nd\u00ebrprer\u00eb kontrata e pun\u00ebs pa t\u00eb drejt\u00eb. Kaza \u00ebsht\u00eb shprehur se do e ndjek\u00eb k\u00ebt\u00eb \u00e7\u00ebshtje dhe do e d\u00ebrgoj\u00eb n\u00eb gjykat\u00eb.<\/p>\n<p>\u201cStop\u201d ka zbuluar nj\u00eb tjet\u00ebr problem n\u00eb shkoll\u00ebn \u201cSelim Aliu\u201d, pasi ky institucion prej koh\u00ebsh ka mbetur pa drejtor, sepse Brikena Dani ka marr\u00eb ish-drejtorin Mezin Shehu, si specialist n\u00eb ZA. Problemet n\u00eb Peshkopi nuk kan\u00eb fund pasi n\u00eb shkoll\u00ebn e fshatit Selisht\u00eb, drejtori Avni Delishi \u00ebsht\u00eb larguar p\u00ebr n\u00eb Lond\u00ebr q\u00eb n\u00eb Mars 2020 dhe ZA-ja nuk e ka z\u00ebvend\u00ebsuar, duke e paguar gjat\u00eb gjith\u00eb koh\u00ebs.<\/p>\n<p>Gazetar\u00ebt e emisionit investigativ kan\u00eb shkuar n\u00eb zyr\u00ebn e Brikena Danit n\u00eb lidhje me k\u00ebt\u00eb problem, por ajo ka refuzuar q\u00eb t\u2019u p\u00ebrgjigjet pyetjeve. Dani ka premtuar se t\u00eb gjitha shpjegimet e saj do i jap\u00eb vet\u00ebm me shkrim dhe i ka mbyllur der\u00ebn gazetarit, duke mos pranuar q\u00eb t\u00eb flas\u00eb.<\/p>\n<p><strong>Zyra Arsimore 1<\/strong><\/p>\n<p><strong>Gazetari:<\/strong>\u00a0\u00cbsht\u00eb shum\u00eb e thjesht\u00eb. E kupton?<\/p>\n<p><strong>Dr ZVA Dib\u00ebr, Brikena Dani<\/strong>: S\u2019\u00ebsht\u00eb e\u00a0 thjesht\u00eb.<\/p>\n<p><strong>Gazetari:<\/strong>\u00a0Ju po e anashkaloni k\u00ebt\u00eb problem.<\/p>\n<p><strong>Dr ZVA Dib\u00ebr, Brikena Dani<\/strong>: Nuk e anashkaloj, absolutisht.<\/p>\n<p><strong>Gazetari:<\/strong>\u00a0Si \u00ebsht\u00eb paguar, kur ka qen\u00eb n\u00eb Angli?<\/p>\n<p><strong>Dr ZVA Dib\u00ebr, Brikena Dani:<\/strong>\u00a0Jeni t\u00eb mir\u00ebpritur n\u00eb \u00e7do koh\u00eb.<\/p>\n<p><strong>Gazetari:<\/strong>\u00a0Po pra, ja erdha.<\/p>\n<p><strong>Dr ZVA Dib\u00ebr, Brikena Dani:<\/strong>\u00a0P\u00ebr gjith\u00e7ka, q\u00eb keni.<\/p>\n<p><strong>Gazetari:<\/strong>\u00a0Mund t\u00eb na vesh n\u00eb dispozicion financieren t\u00eb pakt\u00ebn t\u00eb na sqaroj\u00eb?<\/p>\n<p><strong>Dr ZVA Dib\u00ebr, Brikena Dani:<\/strong>\u00a0Por neve do jemi t\u00eb koordinuar, jo kshu..<\/p>\n<p><strong>Gazetari:<\/strong>\u00a0Si t\u00eb koordinuar?<\/p>\n<p><strong>Dr ZVA Dib\u00ebr, Brikena Dani:<\/strong>\u00a0Jo kshu\u2026<\/p>\n<p><strong>Gazetari:<\/strong>\u00a0Zonj\u00eb..!<\/p>\n<p><strong>Dr ZVA Dib\u00ebr, Brikena Dani:<\/strong>\u00a0Do na drejtoheni me nj\u00eb\u00a0 k\u00ebrkes\u00eb, do na drejtoheni me\u2026<\/p>\n<p><strong>Gazetari:<\/strong>\u00a0Me \u00e7far\u00eb?<\/p>\n<p><strong>Dr ZVA Dib\u00ebr, Brikena Dani:<\/strong>\u00a0Lidhur me problematik\u00ebn.<\/p>\n<p><strong>Gazetari:<\/strong>\u00a0Po ja, un\u00eb po t\u00eb them ai ka, q\u00eb n\u00eb mars, q\u00eb jeton n\u00eb Angli. Si \u00ebsht\u00eb paguar? Kaq!<\/p>\n<p><strong>Dr ZVA Dib\u00ebr, Brikena Dani:<\/strong>\u00a0Un\u00eb dua, q\u00eb gjith\u00e7ka t\u00eb shkoj\u00eb mir\u00eb!<\/p>\n<p><strong>Gazetari:<\/strong>\u00a0Ne duam nj\u00eb kopje t\u00eb vendimit t\u00eb shkarkimit t\u00eb atij, q\u00eb \u00ebsht\u00eb b\u00ebr\u00eb, q\u00eb n\u00eb korrik!<\/p>\n<p><strong>Dr ZVA Dib\u00ebr, Brikena Dani:<\/strong>\u00a0Un\u00eb dua, q\u00eb gjith\u00e7ka t\u00eb shkonte\u2026!<\/p>\n<p><strong>Gazetari:<\/strong>\u00a0Po shum\u00eb mir\u00eb po shkon. Ne pun\u00ebn po b\u00ebjm\u00eb, ju po b\u00ebni pun\u00ebn.<\/p>\n<p><strong>Dr ZVA Dib\u00ebr, Brikena Dani:<\/strong>\u00a0Ju falenderoj!<\/p>\n<p><strong>Gazetari:<\/strong>\u00a0S\u2019mund t\u00eb ikni k\u00ebshtu!<\/p>\n<p><strong>Dr ZVA Dib\u00ebr, Brikena Dani:<\/strong>\u00a0Uroj, q\u00eb t\u00eb jemi dit\u00eb tjet\u00ebr t\u00eb koordinuar!<\/p>\n<p><strong>Gazetari:<\/strong>\u00a0Nejse, mosp\u00ebrgjigje\u2026<\/p>\n<p><strong>Zyra Arsimore 2<\/strong><\/p>\n<p><strong>Gazetari:<\/strong>\u00a0Si jeni?<\/p>\n<p><strong>Financierja ZVA, Dib\u00ebr:<\/strong>\u00a0Mir\u00eb! Si jeni ju?<\/p>\n<p><strong>Gazetari:<\/strong>\u00a0Mir\u00eb! Ne interesohemi n\u00eb lidhje p\u00ebr dy problematika ktu, por nj\u00ebra na duhet financa. Kemi t\u00eb dh\u00ebna, q\u00eb nj\u00eb drejtor i shkoll\u00ebs Selisht\u00eb, i shkoll\u00ebs 9-vje\u00e7are, zoti Avdi Delishi, na figuron n\u00ebp\u00ebrmjet sistemit TIM-s, q\u00eb jeton n\u00eb Angli, q\u00eb n\u00eb mars dhe un\u00eb kam list\u00eb-pagesat k\u00ebtu, q\u00eb \u00ebsht\u00eb paguar si drejtor.Si ka mund\u00ebsi, nj\u00eb drejtor, ose nj\u00eb person, q\u00eb nuk \u00ebsht\u00eb n\u00eb nj\u00eb pun\u00eb, t\u00eb paguhet? Dhe si ka firmosur list\u00eb-prezencat e m\u00ebsuesve t\u00eb shkoll\u00ebs, q\u00eb drejton? Sepse muaj p\u00ebr muaj, mesa di un\u00eb, b\u00ebhen list\u00eb-prezenca. M\u00eb kupton? Duhet firma e drejtorit!<\/p>\n<p><strong>Financierja ZVA, Dib\u00ebr:<\/strong>\u00a0P\u00ebr k\u00ebt\u00eb, p\u00ebr \u00e7do problem, q\u00eb mund t\u00eb keni, jo vet\u00ebm p\u00ebr k\u00ebt\u00eb, por dhe p\u00ebr probleme t\u00eb tjera, q\u00eb mund t\u00eb keni, do na b\u00ebni nj\u00eb k\u00ebrkes\u00eb!<\/p>\n<p><strong>Gazetari:<\/strong>\u00a0Jo,s\u2019mund ta anashkaloni zonj\u00eb me at\u00eb \u00e7far\u00eb t\u00eb dha instruksione drejtoresha, sepse ne kemi ardh\u00eb nga Tirana, jemi profil investigativ, nuk jemi nj\u00eb\u00eb\u2026,e dim\u00eb m\u00ebnyr\u00ebn e k\u00ebrkes\u00ebs, p\u00ebr t\u00eb anashkaluar.<\/p>\n<p><strong>Financierja ZVA, Dib\u00ebr:<\/strong>\u00a0K\u00ebrkes\u00ebn, q\u00eb ne t\u00eb p\u00ebrgatitemi!<\/p>\n<p><strong>Gazetari:<\/strong>\u00a0Po jo, s\u2019ka p\u00ebrgatitje, a \u00ebsht\u00eb..?<\/p>\n<p><strong>Financierja ZVA, Dib\u00ebr:<\/strong>\u00a0K\u00ebrkes\u00ebn me shkrim ma le aty, ose \u00e7oja atje!<\/p>\n<p><strong>Gazetari:<\/strong>\u00a0Zonj\u00eb! Ajo \u00ebsht\u00eb, \u00e7a t\u00eb k\u00ebrkoj. Un\u00eb i kam\u2026<\/p>\n<p><strong>Financierja ZVA, Dib\u00ebr:<\/strong>\u00a0Mir\u00eb! K\u00ebrkoje dhe hajde mbas nja 10 minutash, t\u00eb t\u00eb kthej p\u00ebrgjigje!<\/p>\n<p><strong>Gazetari:<\/strong>\u00a0Ok! Mir\u00eb!<\/p>\n<p><strong>Financierja ZVA, Dib\u00ebr:<\/strong>\u00a0\u00cbsht\u00eb larguar nga puna.<\/p>\n<p><strong>Gazetari:<\/strong>\u00a0Po, n\u00eb korrik.<\/p>\n<p><strong>Financierja ZVA, Dib\u00ebr:<\/strong>\u00a0Ka figuruar, sepse ka qen\u00eb, ka punuar online n\u00eb Angli, n\u00eb Gjermani, a n\u00eb Angli, nuk e di, se ku ka qen\u00eb ky.<\/p>\n<p><strong>Gazetari:<\/strong>\u00a0Ka punuar online?<\/p>\n<p><strong>Financierja ZVA, Dib\u00ebr:<\/strong>\u00a0Ka punuar online, si gjith\u00eb t\u00eb tjer\u00ebt.<\/p>\n<p><strong>Gazetari:<\/strong>\u00a0Po si i ka firmos list\u00eb-pagesat?<\/p>\n<p><strong>Financierja ZVA, Dib\u00ebr:<\/strong>\u00a0Jo ,nuk i ka firmos list\u00eb-pagesat. \u00c7do gj\u00eb, q\u00eb ka qen\u00eb e rregullt, ne financat nuk i kalojm\u00eb, jemi shum\u00eb t\u00eb sakt\u00eb dhe shum\u00eb t\u00eb rregullt n\u00eb veprimet, q\u00eb ne b\u00ebjm\u00eb.<\/p>\n<p><strong>Gazetari:<\/strong>\u00a0Nuk mund t\u00eb paguhet dikush, q\u00eb s\u2019\u00ebsht\u00eb! A m\u00eb kupton?<\/p>\n<p><strong>Financierja ZVA, Dib\u00ebr:<\/strong>\u00a0Ka qen\u00eb online, online.<\/p>\n<p><strong>Gazetari:<\/strong>\u00a0Zonj\u00eb! Nuk funksionon online.<\/p>\n<p><strong>Financierja ZVA, Dib\u00ebr<\/strong>: Online dhe \u00e7do gj\u00eb me porosi dhe\u2026<\/p>\n<p><strong>Gazetari:<\/strong>\u00a0Sidomos drejtues institucioni.<\/p>\n<p><strong>Financierja ZVA, Dib\u00ebr:<\/strong>\u00a0\u00c7do gj\u00eb me porosi dhe \u00e7dokush ka qen\u00eb.<\/p>\n<p><strong>Gazetari:<\/strong>\u00a0Un\u00eb e di, pse funksionon k\u00ebshtu \u00eb\u00eb\u2026, hyn politika n\u00eb mes, hyjn\u00eb dhe kush\u00ebrinjt\u00eb\u2026<\/p>\n<p><strong>Zyra Arsimore 3<\/strong><\/p>\n<p><strong>Drejtori, Avni Delishi:<\/strong>\u00a0Mir\u00eb! Si kalove ti?<\/p>\n<p><strong>Drejtori, Avni Delishi<\/strong>: Mir\u00eb! Si jeni juve?<\/p>\n<p><strong>Drejtori, Avni Delish<\/strong>: \u00cb\u00eb\u00eb\u00eb\u2026besoj mund t\u00eb merrni informacion, ka vende t\u00eb tjera boll. Ok?<\/p>\n<p><strong>Drejtori, Avni Delishi:<\/strong>\u00a0\u00cb\u00eb\u00eb\u00eb.., at\u00ebher\u00eb nuk kam pse, sepse un\u00eb i kam b\u00ebr\u00eb gj\u00ebrat, si\u00e7 \u00ebsht\u00eb p\u00ebr t\u00eb b\u00ebr\u00eb: dokumentacionet, lejen, \u00e7do gj\u00eb. K\u00ebshtu q\u00eb, tani nuk jam n\u00eb detyr\u00eb m\u00eb si drejtor dhe nuk besoj se ka\u2026<\/p>\n<p><strong>Drejtori, Avni Delishi:<\/strong>\u00a0Po,po,po! Kam marr\u00eb leje edhe pastaj kam b\u00ebr\u00eb dor\u00ebheqjen edhe kshu q\u00eb jam okej me pjes\u00ebt e mija.<\/p>\n<p><strong>Zyra Arsimore 4<\/strong><\/p>\n<p><strong>Dr i parauniversitarit, Selim Hodaj:<\/strong>\u00a0P\u00ebrsh\u00ebndetje! Mir\u00eb! Si jeni juve? Duhet t\u2019ia drejtoni k\u00ebt\u00eb pyetje Drejtoris\u00eb Rajonale t\u00eb Durr\u00ebsit, se ata jan\u00eb dhe drejtoria, q\u00eb em\u00ebron drejtor\u00ebt!<\/p>\n<p><strong>Dr i parauniversitarit, Selim Hodaj:<\/strong>\u00a0Po un\u00eb tani po e d\u00ebgjoj k\u00ebt\u00eb, q\u00eb po m\u00eb thoni ju, k\u00ebt\u00eb shqet\u00ebsim. T\u00eb lutem b\u00ebni k\u00ebrkes\u00eb te Drejtoria Rajonale Durr\u00ebs!<\/p>\n<p><strong>Dr i parauniversitarit, Selim Hodaj:<\/strong>\u00a0O zot\u00ebri! T\u00eb lutem tani! Un\u00eb po ju drejtoj si.., q\u00eb rrug\u00ebn q\u00eb ju t\u00eb merrni nj\u00eb p\u00ebrgjigje korrekte dhe transparente. Duhet t\u2019i drejtoheni Drejtoris\u00eb Rajonale t\u00eb Durr\u00ebsit! Un\u00eb po e mbaj sh\u00ebnim si rast edhe mund t\u00eb vini k\u00ebtu, t\u00eb merrni informacion nj\u00eb dit\u00eb, kur ta keni t\u00eb mundur!<\/p>\n<p><strong>Gazetari:<\/strong>\u00a0Dhe di\u00e7ka tjet\u00ebr zonja Dani! Juve jeni me vendim k\u00ebtu si drejtoresh\u00eb e Zyr\u00ebs Vendore Arsimore Peshkopi?<\/p>\n<p><strong>Dr ZVA Dib\u00ebr, Brikena Dani:<\/strong>\u00a0Nj\u00eb dit\u00eb tjet\u00ebr do jepen t\u00eb gjitha p\u00ebrgjigjet, p\u00ebr t\u00eb gjitha meraqet, q\u00eb ju keni!<\/p>\n<p><strong>Gazetari:<\/strong>\u00a0Po kur? Dit\u00ebn na e thuaj t\u00eb pakt\u00ebn, q\u00eb ta dim\u00eb!<\/p>\n<p><strong>Dr ZVA Dib\u00ebr, Brikena Dani:<\/strong>\u00a0Dit\u00ebn, kur juve t\u00eb jeni t\u00eb interesuar!<\/p>\n<p><strong>Gazetari:<\/strong>\u00a0Ne jemi nes\u00ebr!<\/p>\n<p><strong>Dr ZVA Dib\u00ebr, Brikena Dani:<\/strong>\u00a0Nes\u00ebr un\u00eb nuk jam, e thash\u00eb, q\u00eb un\u00eb po l\u00ebviz. Nes\u00ebr jam n\u00eb nj\u00eb takim n\u00eb Tiran\u00eb. Do na drejtoheni me nj\u00eb k\u00ebrkes\u00eb, me nj\u00eb shkres\u00eb dhe do zgjidhet gjith\u00e7ka!<\/p>\n<p><strong>Gazetari:<\/strong>\u00a0Po s\u2019mund t\u00eb funksionoj\u00eb k\u00ebshtu hallkat e shtetit, me nj\u00eb k\u00ebrkes\u00eb, duke anashkaluar problematik\u00ebn! M\u00eb kupton? Sepse nuk jemi sot n\u00eb k\u00ebt\u00eb\u00a0 profesion dhe e kuptojm\u00eb fare mir\u00eb logjik\u00ebn e shkres\u00ebs ose asaj gj\u00ebs\u00eb zyrtare \u00ebsht\u00eb shum\u00eb e thjesht\u00eb<strong>.\/tvklan<\/strong><\/p>\n<p><strong>Nga: Gazeta Panorama<\/strong><\/p>\n","protected":false},"excerpt":{"rendered":"<p>M\u00ebsuesi n\u00eb Lond\u00ebr qe ne mars, merr rrog\u00ebn n\u00eb Dib\u00ebr. Si ua nd\u00ebrpreu kontratat arsimtar\u00ebve drejtoresha e komanduar q\u00eb nuk plot\u00ebson kriteret 9 shtator 2020 Drejtoria Arsimore n\u00eb Dib\u00ebr duket se ka nj\u00eb s\u00ebr\u00eb problemesh. Brikena Dani, drejtuesja e k\u00ebtij institucioni e komanduar, duket se nuk plot\u00ebson kriteret p\u00ebr shkak se \u00ebsht\u00eb diplomuar p\u00ebr gjuh\u00eb-let\u00ebrsi [&hellip;]<\/p>\n","protected":false},"author":9,"featured_media":38257,"comment_status":"open","ping_status":"open","sticky":false,"template":"","format":"standard","meta":{"jetpack_post_was_ever_published":false,"_jetpack_newsletter_access":"","_jetpack_dont_email_post_to_subs":false,"_jetpack_newsletter_tier_id":0,"_jetpack_memberships_contains_paywalled_content":false,"_jetpack_memberships_contains_paid_content":false,"footnotes":"","jetpack_publicize_message":"","jetpack_publicize_feature_enabled":true,"jetpack_social_post_already_shared":true,"jetpack_social_options":{"image_generator_settings":{"template":"highway","default_image_id":0,"font":"","enabled":false},"version":2}},"categories":[27,2,35],"tags":[],"class_list":["post-38256","post","type-post","status-publish","format-standard","has-post-thumbnail","hentry","category-blogu-i-udhetarit","category-politika","category-shoqerore"],"jetpack_publicize_connections":[],"jetpack_featured_media_url":"https:\/\/i0.wp.com\/www.shqiperia.com\/blog\/wp-content\/uploads\/2020\/09\/eiWKpcfU.jpg?fit=600%2C310&ssl=1","jetpack_sharing_enabled":true,"jetpack_shortlink":"https:\/\/wp.me\/p5Z6wp-9X2","jetpack-related-posts":[{"id":88755,"url":"https:\/\/www.shqiperia.com\/blog\/per-drejtorin-e-radio-televizionit-shqiptar-votohet-edhe-nga-vietnami\/","url_meta":{"origin":38256,"position":0},"title":"P\u00ebr drejtorin e Radio Televizionit Shqiptar votohet edhe nga Vietnami","author":"Kurt Farka","date":"January 28, 2025","format":false,"excerpt":"28 Janar 2025 K\u00ebshilli Drejtues i Radio Televizionit Shqiptar vijoi sot procesin e zgjedhjes se drejtorit t\u00eb p\u00ebrgjithsh\u00ebm t\u00eb RTSH-s\u00eb. Por, n\u00eb mbledhjen e sotme, shoq\u00ebruar me debate, an\u00ebtar\u00ebt e K\u00ebshillit, n\u00eb kund\u00ebrshtim me ligjin p\u00ebr mediet audiovizive dhe t\u00eb statutit t\u00eb Radio Televizionit Shqiptar, kryen nj\u00eb votim pa diskutuar\u2026","rel":"","context":"In &quot;Blogu i Udh\u00ebtarit&quot;","block_context":{"text":"Blogu i Udh\u00ebtarit","link":"https:\/\/www.shqiperia.com\/blog\/category\/blogu-i-udhetarit\/"},"img":{"alt_text":"","src":"https:\/\/i0.wp.com\/www.shqiperia.com\/blog\/wp-content\/uploads\/2025\/01\/Screenshot_20250127_184945_Samsung-Internet-1536x1042-1.webp?fit=1200%2C814&ssl=1&resize=350%2C200","width":350,"height":200,"srcset":"https:\/\/i0.wp.com\/www.shqiperia.com\/blog\/wp-content\/uploads\/2025\/01\/Screenshot_20250127_184945_Samsung-Internet-1536x1042-1.webp?fit=1200%2C814&ssl=1&resize=350%2C200 1x, https:\/\/i0.wp.com\/www.shqiperia.com\/blog\/wp-content\/uploads\/2025\/01\/Screenshot_20250127_184945_Samsung-Internet-1536x1042-1.webp?fit=1200%2C814&ssl=1&resize=525%2C300 1.5x, https:\/\/i0.wp.com\/www.shqiperia.com\/blog\/wp-content\/uploads\/2025\/01\/Screenshot_20250127_184945_Samsung-Internet-1536x1042-1.webp?fit=1200%2C814&ssl=1&resize=700%2C400 2x, https:\/\/i0.wp.com\/www.shqiperia.com\/blog\/wp-content\/uploads\/2025\/01\/Screenshot_20250127_184945_Samsung-Internet-1536x1042-1.webp?fit=1200%2C814&ssl=1&resize=1050%2C600 3x"},"classes":[]},{"id":28029,"url":"https:\/\/www.shqiperia.com\/blog\/reagimet-kunder-nuk-ka-krva-ne-kete-bote-pezullohet-shfaqja-e-muc-nanos-ne-teatrin-migjeni\/","url_meta":{"origin":38256,"position":1},"title":"Reagimet kund\u00ebr \u201cNuk ka k*rva n\u00eb k\u00ebt\u00eb bot\u00eb\u201d, pezullohet shfaqja e Mu\u00e7 Nanos n\u00eb Teatrin Migjeni. &#8211;","author":"Kurt Farka","date":"November 12, 2019","format":false,"excerpt":"Reagimet kund\u00ebr \u201cNuk ka k*rva n\u00eb k\u00ebt\u00eb bot\u00eb\u201d, pezullohet shfaqja e Mu\u00e7 Nanos n\u00eb Teatrin Migjeni 12 nentor 2019 Analisti i njohur nj\u00ebher\u00ebsh gazetari, Mustafan Nano kishte programuar k\u00ebt\u00eb jav\u00eb q\u00eb t\u00eb jepte nj\u00eb shfaqen e tij \u201cOne man show\u201d, n\u00eb Teatrin Migjeni t\u00eb Shkod\u00ebr. Shfaqja e Mu\u00e7 Nanos e\u2026","rel":"","context":"In &quot;Kultura&quot;","block_context":{"text":"Kultura","link":"https:\/\/www.shqiperia.com\/blog\/category\/kultura\/"},"img":{"alt_text":"","src":"https:\/\/i0.wp.com\/www.shqiperia.com\/blog\/wp-content\/uploads\/2019\/11\/1-Muc-Nano-migjeni.jpg?fit=600%2C311&ssl=1&resize=350%2C200","width":350,"height":200,"srcset":"https:\/\/i0.wp.com\/www.shqiperia.com\/blog\/wp-content\/uploads\/2019\/11\/1-Muc-Nano-migjeni.jpg?fit=600%2C311&ssl=1&resize=350%2C200 1x, https:\/\/i0.wp.com\/www.shqiperia.com\/blog\/wp-content\/uploads\/2019\/11\/1-Muc-Nano-migjeni.jpg?fit=600%2C311&ssl=1&resize=525%2C300 1.5x"},"classes":[]},{"id":70172,"url":"https:\/\/www.shqiperia.com\/blog\/pd-e-vules-me-16-kandidate-alibeaj-nuk-gjen-45-emra-te-tjere-reagime-te-forta-nga-deputetet-kunder-kryetarit-te-komanduar\/","url_meta":{"origin":38256,"position":2},"title":"PD e Vules me 16 kandidat\u00eb, Alibeaj nuk gjen 45 emra t\u00eb tjer\u00eb! Reagime t\u00eb forta nga deputet\u00ebt kund\u00ebr kryetarit t\u00eb komanduar","author":"Kurt Farka","date":"March 28, 2023","format":false,"excerpt":"28 Mars 2023 Nga VALENTINA MADANI Partia Demokratike me kryetar t\u00eb komanduar, Enkelejd Alibeajn, do t\u00eb hyj\u00eb n\u00eb zgjedhjet e 14 majit me kandidat\u00eb p\u00ebr kryetar bashkie vet\u00ebm n\u00eb disa bashki. Alibeaj d\u00ebshtoi t\u00eb garonte me kandidat\u00eb p\u00ebr kryetar n\u00eb t\u00eb 61 bashkit\u00eb e vendit. N\u00eb mbledhjen maraton\u00eb t\u00eb kryesis\u00eb\u2026","rel":"","context":"In &quot;Blogu i Udh\u00ebtarit&quot;","block_context":{"text":"Blogu i Udh\u00ebtarit","link":"https:\/\/www.shqiperia.com\/blog\/category\/blogu-i-udhetarit\/"},"img":{"alt_text":"","src":"https:\/\/i0.wp.com\/www.shqiperia.com\/blog\/wp-content\/uploads\/2023\/03\/alibeaj-berisha.jpg?fit=568%2C390&ssl=1&resize=350%2C200","width":350,"height":200,"srcset":"https:\/\/i0.wp.com\/www.shqiperia.com\/blog\/wp-content\/uploads\/2023\/03\/alibeaj-berisha.jpg?fit=568%2C390&ssl=1&resize=350%2C200 1x, https:\/\/i0.wp.com\/www.shqiperia.com\/blog\/wp-content\/uploads\/2023\/03\/alibeaj-berisha.jpg?fit=568%2C390&ssl=1&resize=525%2C300 1.5x"},"classes":[]},{"id":62185,"url":"https:\/\/www.shqiperia.com\/blog\/shqiperia-e-mbytur-ne-borxhe\/","url_meta":{"origin":38256,"position":3},"title":"Shqip\u00ebria &#8220;e mbytur&#8221; n\u00eb borxhe","author":"Kurt Farka","date":"September 13, 2022","format":false,"excerpt":"13 Shtator 2022 9.9 miliard\u00eb euro ka arritur stoku i borxhit t\u00eb jasht\u00ebm n\u00eb Shqip\u00ebri duke sh\u00ebnuar s\u00ebrish nj\u00eb rritje. P\u00ebr ekspert\u00ebt borxhi aktual \u00ebsht\u00eb n\u00eb shifra larg normales p\u00ebr situat\u00ebn ekonomike n\u00eb vend. Madje ata shtojn\u00eb se situata r\u00ebndohet m\u00eb shum\u00eb n\u00ebse llogariten detyrimet nga kontratat e PPP dhe\u2026","rel":"","context":"In &quot;Blogu i Udh\u00ebtarit&quot;","block_context":{"text":"Blogu i Udh\u00ebtarit","link":"https:\/\/www.shqiperia.com\/blog\/category\/blogu-i-udhetarit\/"},"img":{"alt_text":"","src":"https:\/\/i0.wp.com\/www.shqiperia.com\/blog\/wp-content\/uploads\/2022\/09\/800-0-66e6e1f823b9650ac2eef7c8a44f277f.jpg?fit=800%2C502&ssl=1&resize=350%2C200","width":350,"height":200,"srcset":"https:\/\/i0.wp.com\/www.shqiperia.com\/blog\/wp-content\/uploads\/2022\/09\/800-0-66e6e1f823b9650ac2eef7c8a44f277f.jpg?fit=800%2C502&ssl=1&resize=350%2C200 1x, https:\/\/i0.wp.com\/www.shqiperia.com\/blog\/wp-content\/uploads\/2022\/09\/800-0-66e6e1f823b9650ac2eef7c8a44f277f.jpg?fit=800%2C502&ssl=1&resize=525%2C300 1.5x, https:\/\/i0.wp.com\/www.shqiperia.com\/blog\/wp-content\/uploads\/2022\/09\/800-0-66e6e1f823b9650ac2eef7c8a44f277f.jpg?fit=800%2C502&ssl=1&resize=700%2C400 2x"},"classes":[]},{"id":24964,"url":"https:\/\/www.shqiperia.com\/blog\/dosja-184-ne-diber-per-ta-mbyllur-shkodra-kontrollohet-nga-tom-doshi-lubonja-pse-pas-rastit-te-sotem-te-porto-palermos-cdo-shqiptar-duhet-te-ndihet-i-rrezikuar\/","url_meta":{"origin":38256,"position":4},"title":"\u201cDosja 184 n\u00eb Dib\u00ebr p\u00ebr ta mbyllur. Shkodra kontrollohet nga Tom Doshi\u201d- Lubonja: Pse pas rastit t\u00eb sot\u00ebm t\u00eb \u2018Porto Palermos\u2019 \u00e7do shqiptar duhet t\u00eb ndihet i rrezikuar","author":"Kurt Farka","date":"August 22, 2019","format":false,"excerpt":"\u201cDosja 184 n\u00eb Dib\u00ebr p\u00ebr ta mbyllur. Shkodra kontrollohet nga Tom Doshi\u201d- Lubonja: Pse pas rastit t\u00eb sot\u00ebm t\u00eb \u2018Porto Palermos\u2019 \u00e7do shqiptar duhet t\u00eb ndihet i rrezikuar \u00a021 gusht 2019 Transferimi i dosjes 184 n\u00eb Dib\u00ebr, p\u00ebr analistin e njohur Fatos Lubonja tregon se prokuroria \u00ebsht\u00eb e kapur dhe\u2026","rel":"","context":"In &quot;Kultura&quot;","block_context":{"text":"Kultura","link":"https:\/\/www.shqiperia.com\/blog\/category\/kultura\/"},"img":{"alt_text":"","src":"https:\/\/i0.wp.com\/www.shqiperia.com\/blog\/wp-content\/uploads\/2019\/08\/lubonja.jpg?fit=772%2C379&ssl=1&resize=350%2C200","width":350,"height":200,"srcset":"https:\/\/i0.wp.com\/www.shqiperia.com\/blog\/wp-content\/uploads\/2019\/08\/lubonja.jpg?fit=772%2C379&ssl=1&resize=350%2C200 1x, https:\/\/i0.wp.com\/www.shqiperia.com\/blog\/wp-content\/uploads\/2019\/08\/lubonja.jpg?fit=772%2C379&ssl=1&resize=525%2C300 1.5x, https:\/\/i0.wp.com\/www.shqiperia.com\/blog\/wp-content\/uploads\/2019\/08\/lubonja.jpg?fit=772%2C379&ssl=1&resize=700%2C400 2x"},"classes":[]},{"id":1102,"url":"https:\/\/www.shqiperia.com\/blog\/sindroma-e-mashtruesit-dhe-integrimi-shqiperise-ne\/","url_meta":{"origin":38256,"position":5},"title":"Sindroma e mashtruesit dhe integrimi i Shqip\u00ebris\u00eb n\u00eb BE","author":"Kurt Farka","date":"January 12, 2018","format":false,"excerpt":"Nga Epidamn ZEQO Miti i Kritereve\u00a0 Q\u00eb t\u00eb kuptojm\u00eb p\u00ebrse Shqip\u00ebria nuk e mori statusin e vendit kandidat n\u00eb Dhjetor 2013, duhet si fillim t\u00eb kuptojm\u00eb arsyet pse u vendos\u00ebn kriteret e pranimit p\u00ebr vendet potenciale p\u00ebr n\u00eb BE. Kriteret formale t\u00eb Kopenhagen-it u vendos\u00ebn n\u00eb vitin 1993, p\u00ebr t\u00eb\u2026","rel":"","context":"In &quot;Blogu i Udh\u00ebtarit&quot;","block_context":{"text":"Blogu i Udh\u00ebtarit","link":"https:\/\/www.shqiperia.com\/blog\/category\/blogu-i-udhetarit\/"},"img":{"alt_text":"","src":"https:\/\/i0.wp.com\/www.shqiperia.com\/blog\/wp-content\/uploads\/2018\/01\/epidamn-zeqo.jpg?fit=414%2C397&ssl=1&resize=350%2C200","width":350,"height":200},"classes":[]}],"_links":{"self":[{"href":"https:\/\/www.shqiperia.com\/blog\/wp-json\/wp\/v2\/posts\/38256","targetHints":{"allow":["GET"]}}],"collection":[{"href":"https:\/\/www.shqiperia.com\/blog\/wp-json\/wp\/v2\/posts"}],"about":[{"href":"https:\/\/www.shqiperia.com\/blog\/wp-json\/wp\/v2\/types\/post"}],"author":[{"embeddable":true,"href":"https:\/\/www.shqiperia.com\/blog\/wp-json\/wp\/v2\/users\/9"}],"replies":[{"embeddable":true,"href":"https:\/\/www.shqiperia.com\/blog\/wp-json\/wp\/v2\/comments?post=38256"}],"version-history":[{"count":1,"href":"https:\/\/www.shqiperia.com\/blog\/wp-json\/wp\/v2\/posts\/38256\/revisions"}],"predecessor-version":[{"id":38258,"href":"https:\/\/www.shqiperia.com\/blog\/wp-json\/wp\/v2\/posts\/38256\/revisions\/38258"}],"wp:featuredmedia":[{"embeddable":true,"href":"https:\/\/www.shqiperia.com\/blog\/wp-json\/wp\/v2\/media\/38257"}],"wp:attachment":[{"href":"https:\/\/www.shqiperia.com\/blog\/wp-json\/wp\/v2\/media?parent=38256"}],"wp:term":[{"taxonomy":"category","embeddable":true,"href":"https:\/\/www.shqiperia.com\/blog\/wp-json\/wp\/v2\/categories?post=38256"},{"taxonomy":"post_tag","embeddable":true,"href":"https:\/\/www.shqiperia.com\/blog\/wp-json\/wp\/v2\/tags?post=38256"}],"curies":[{"name":"wp","href":"https:\/\/api.w.org\/{rel}","templated":true}]}}