{"id":38252,"date":"2020-09-09T17:58:58","date_gmt":"2020-09-09T17:58:58","guid":{"rendered":"https:\/\/www.shqiperia.com\/blog\/?p=38252"},"modified":"2020-09-09T17:59:10","modified_gmt":"2020-09-09T17:59:10","slug":"levizje-te-papritura-rama-ben-ndryshime-ne-qeveri-zbulohen-emrat-surprize","status":"publish","type":"post","link":"https:\/\/www.shqiperia.com\/blog\/levizje-te-papritura-rama-ben-ndryshime-ne-qeveri-zbulohen-emrat-surprize\/","title":{"rendered":"L\u00ebvizje t\u00eb papritura! Rama b\u00ebn ndryshime n\u00eb qeveri, zbulohen emrat surpriz\u00eb"},"content":{"rendered":"<p><img data-recalc-dims=\"1\" loading=\"lazy\" decoding=\"async\" data-attachment-id=\"38253\" data-permalink=\"https:\/\/www.shqiperia.com\/blog\/levizje-te-papritura-rama-ben-ndryshime-ne-qeveri-zbulohen-emrat-surprize\/800-0-5f5916012e367\/\" data-orig-file=\"https:\/\/i0.wp.com\/www.shqiperia.com\/blog\/wp-content\/uploads\/2020\/09\/800-0-5f5916012e367.jpg?fit=800%2C421&amp;ssl=1\" data-orig-size=\"800,421\" data-comments-opened=\"1\" data-image-meta=\"{&quot;aperture&quot;:&quot;0&quot;,&quot;credit&quot;:&quot;&quot;,&quot;camera&quot;:&quot;&quot;,&quot;caption&quot;:&quot;&quot;,&quot;created_timestamp&quot;:&quot;0&quot;,&quot;copyright&quot;:&quot;&quot;,&quot;focal_length&quot;:&quot;0&quot;,&quot;iso&quot;:&quot;0&quot;,&quot;shutter_speed&quot;:&quot;0&quot;,&quot;title&quot;:&quot;&quot;,&quot;orientation&quot;:&quot;0&quot;}\" data-image-title=\"-800-0-5f5916012e367\" data-image-description=\"\" data-image-caption=\"\" data-medium-file=\"https:\/\/i0.wp.com\/www.shqiperia.com\/blog\/wp-content\/uploads\/2020\/09\/800-0-5f5916012e367.jpg?fit=300%2C158&amp;ssl=1\" data-large-file=\"https:\/\/i0.wp.com\/www.shqiperia.com\/blog\/wp-content\/uploads\/2020\/09\/800-0-5f5916012e367.jpg?fit=800%2C421&amp;ssl=1\" class=\"alignnone  wp-image-38253\" alt=\"\" src=\"https:\/\/i0.wp.com\/www.shqiperia.com\/blog\/wp-content\/uploads\/2020\/09\/800-0-5f5916012e367.jpg?resize=473%2C249&#038;ssl=1\" width=\"473\" height=\"249\" srcset=\"https:\/\/i0.wp.com\/www.shqiperia.com\/blog\/wp-content\/uploads\/2020\/09\/800-0-5f5916012e367.jpg?resize=300%2C158&amp;ssl=1 300w, https:\/\/i0.wp.com\/www.shqiperia.com\/blog\/wp-content\/uploads\/2020\/09\/800-0-5f5916012e367.jpg?resize=768%2C404&amp;ssl=1 768w, https:\/\/i0.wp.com\/www.shqiperia.com\/blog\/wp-content\/uploads\/2020\/09\/800-0-5f5916012e367.jpg?resize=450%2C237&amp;ssl=1 450w, https:\/\/i0.wp.com\/www.shqiperia.com\/blog\/wp-content\/uploads\/2020\/09\/800-0-5f5916012e367.jpg?resize=600%2C316&amp;ssl=1 600w, https:\/\/i0.wp.com\/www.shqiperia.com\/blog\/wp-content\/uploads\/2020\/09\/800-0-5f5916012e367.jpg?resize=400%2C211&amp;ssl=1 400w, https:\/\/i0.wp.com\/www.shqiperia.com\/blog\/wp-content\/uploads\/2020\/09\/800-0-5f5916012e367.jpg?w=800&amp;ssl=1 800w\" sizes=\"auto, (max-width: 473px) 100vw, 473px\" \/><\/p>\n<p>L\u00ebvizje t\u00eb papritura! Rama b\u00ebn ndryshime n\u00eb qeveri, zbulohen emrat surpriz\u00eb<\/p>\n<p>9 SHTATOR 2020<\/p>\n<p>K\u00ebshilli i Ministrave ka em\u00ebruar sot dy z\u00ebvend\u00ebs ministrat e rinj t\u00eb ministris\u00eb s\u00eb Drejt\u00ebsis\u00eb. M\u00ebsohet se Klajd Karameta dhe Adea Pirdeni kan\u00eb marr\u00eb postin si z\u00ebvend\u00ebsit e Etilda Gjonajt te Drejt\u00ebsia.<\/p>\n<p>Pirdeni e Karameta, z\u00ebvend\u00ebsojn\u00eb n\u00eb k\u00ebt\u00eb detyr\u00eb Toni Gog\u00ebn, ish-zv.minist\u00ebr i larguar prej koh\u00ebsh nga ky post, dhe Fjoralba Cak\u00ebn, e cila dha dor\u00ebheqjen n\u00eb muajin korrik 2020.<\/p>\n<p>Ndryshimet n\u00eb ministrin\u00eb e Drejt\u00ebsis\u00eb vijn\u00eb 8 muaj para zgjedhjeve t\u00eb p\u00ebrgjithshme.<\/p>\n<p>Gazeta Sot<\/p>\n","protected":false},"excerpt":{"rendered":"<p>L\u00ebvizje t\u00eb papritura! Rama b\u00ebn ndryshime n\u00eb qeveri, zbulohen emrat surpriz\u00eb 9 SHTATOR 2020 K\u00ebshilli i Ministrave ka em\u00ebruar sot dy z\u00ebvend\u00ebs ministrat e rinj t\u00eb ministris\u00eb s\u00eb Drejt\u00ebsis\u00eb. M\u00ebsohet se Klajd Karameta dhe Adea Pirdeni kan\u00eb marr\u00eb postin si z\u00ebvend\u00ebsit e Etilda Gjonajt te Drejt\u00ebsia. Pirdeni e Karameta, z\u00ebvend\u00ebsojn\u00eb n\u00eb k\u00ebt\u00eb detyr\u00eb Toni Gog\u00ebn, [&hellip;]<\/p>\n","protected":false},"author":9,"featured_media":38253,"comment_status":"open","ping_status":"open","sticky":false,"template":"","format":"standard","meta":{"jetpack_post_was_ever_published":false,"_jetpack_newsletter_access":"","_jetpack_dont_email_post_to_subs":false,"_jetpack_newsletter_tier_id":0,"_jetpack_memberships_contains_paywalled_content":false,"_jetpack_memberships_contains_paid_content":false,"footnotes":"","jetpack_publicize_message":"","jetpack_publicize_feature_enabled":true,"jetpack_social_post_already_shared":true,"jetpack_social_options":{"image_generator_settings":{"template":"highway","default_image_id":0,"font":"","enabled":false},"version":2}},"categories":[27,1,2],"tags":[],"class_list":["post-38252","post","type-post","status-publish","format-standard","has-post-thumbnail","hentry","category-blogu-i-udhetarit","category-njoftime-shtypi","category-politika"],"jetpack_publicize_connections":[],"jetpack_featured_media_url":"https:\/\/i0.wp.com\/www.shqiperia.com\/blog\/wp-content\/uploads\/2020\/09\/800-0-5f5916012e367.jpg?fit=800%2C421&ssl=1","jetpack_sharing_enabled":true,"jetpack_shortlink":"https:\/\/wp.me\/p5Z6wp-9WY","jetpack-related-posts":[{"id":77158,"url":"https:\/\/www.shqiperia.com\/blog\/kush-eshte-adea-pirdeni-ministrja-31-vjecare-e-rames-qe-do-luftoje-korrupsionin\/","url_meta":{"origin":38252,"position":0},"title":"Kush \u00ebsht\u00eb Adea Pirdeni, ministrja 31 vjecare e Ram\u00ebs q\u00eb do luftoj\u00eb korrupsionin","author":"Kurt Farka","date":"January 11, 2024","format":false,"excerpt":"11 Janar 2024 Kryeministri Edi Rama ka krijuar nj\u00eb ministri t\u00eb re, Ministrin\u00eb e Shtetit p\u00ebr Administrat\u00ebn Publike dhe Antikorrupsionin. N\u00eb krye t\u00eb k\u00ebsaj ministrie, Rama ka vendosur Adea Pirdenit. Kush \u00ebsht\u00eb Adea Pirdeni?\u00a0 Adea Pirdeni \u00ebsht\u00eb lindur n\u00eb Tiran\u00eb m\u00eb 1 tetor 1983. Ajo ka p\u00ebrfunduar studimet n\u00eb drejt\u00ebsi\u2026","rel":"","context":"In &quot;Blogu i Udh\u00ebtarit&quot;","block_context":{"text":"Blogu i Udh\u00ebtarit","link":"https:\/\/www.shqiperia.com\/blog\/category\/blogu-i-udhetarit\/"},"img":{"alt_text":"","src":"https:\/\/i0.wp.com\/www.shqiperia.com\/blog\/wp-content\/uploads\/2024\/01\/800-0-1691739191xrama-990.jpg?fit=800%2C451&ssl=1&resize=350%2C200","width":350,"height":200,"srcset":"https:\/\/i0.wp.com\/www.shqiperia.com\/blog\/wp-content\/uploads\/2024\/01\/800-0-1691739191xrama-990.jpg?fit=800%2C451&ssl=1&resize=350%2C200 1x, https:\/\/i0.wp.com\/www.shqiperia.com\/blog\/wp-content\/uploads\/2024\/01\/800-0-1691739191xrama-990.jpg?fit=800%2C451&ssl=1&resize=525%2C300 1.5x, https:\/\/i0.wp.com\/www.shqiperia.com\/blog\/wp-content\/uploads\/2024\/01\/800-0-1691739191xrama-990.jpg?fit=800%2C451&ssl=1&resize=700%2C400 2x"},"classes":[]},{"id":83062,"url":"https:\/\/www.shqiperia.com\/blog\/priten-ndryshime-ne-qeveri-ne-kongresin-e-ps-per-tia-kaluar-seances-mazhoranca-mban-hapur-parlamentin-diten-e-hene\/","url_meta":{"origin":38252,"position":1},"title":"Priten ndryshime n\u00eb qeveri n\u00eb Kongresin e PS p\u00ebr t\u2019ia kaluar seanc\u00ebs\u2026 &#8211; Mazhoranca mban hapur Parlamentin dit\u00ebn e h\u00ebn\u00eb","author":"Kurt Farka","date":"July 25, 2024","format":false,"excerpt":"25 Korrik 2024 Nga Gazeta Sot. Mbyllja e sezonit parlamentar, reformimi i Partis\u00eb Socialiste dhe rreziku q\u00eb u kanoset disa ministrave nga drejt\u00ebsia, p\u00ebr shkak se disa prej tyre jan\u00eb me minimumi dy dosje n\u00eb Prokurororin\u00eb e Posa\u00e7me (SPAK), duket se do t\u2019i hap\u00eb rrug\u00eb ndryshimeve n\u00eb qeveri. Kjo fundit\u2026","rel":"","context":"In &quot;Blogu i Udh\u00ebtarit&quot;","block_context":{"text":"Blogu i Udh\u00ebtarit","link":"https:\/\/www.shqiperia.com\/blog\/category\/blogu-i-udhetarit\/"},"img":{"alt_text":"","src":"https:\/\/i0.wp.com\/www.shqiperia.com\/blog\/wp-content\/uploads\/2024\/07\/508f0be4-d12e-4dde-be6e-7ed4dcf8dad9-621x450-1.jpg?fit=621%2C377&ssl=1&resize=350%2C200","width":350,"height":200,"srcset":"https:\/\/i0.wp.com\/www.shqiperia.com\/blog\/wp-content\/uploads\/2024\/07\/508f0be4-d12e-4dde-be6e-7ed4dcf8dad9-621x450-1.jpg?fit=621%2C377&ssl=1&resize=350%2C200 1x, https:\/\/i0.wp.com\/www.shqiperia.com\/blog\/wp-content\/uploads\/2024\/07\/508f0be4-d12e-4dde-be6e-7ed4dcf8dad9-621x450-1.jpg?fit=621%2C377&ssl=1&resize=525%2C300 1.5x"},"classes":[]},{"id":77154,"url":"https:\/\/www.shqiperia.com\/blog\/furtune-ndryshimesh-ne-qeveri-rama-krijon-nje-tjeter-ministri\/","url_meta":{"origin":38252,"position":2},"title":"\u201cFurtun\u00eb\u201d ndryshimesh n\u00eb qeveri\/ Rama krijon nj\u00eb tjet\u00ebr Ministri","author":"Kurt Farka","date":"January 11, 2024","format":false,"excerpt":"11 Janar 2024 Kryeministri Edi Rama ka njoftuar ndryshimin e fundit n\u00eb qeveri. Sipas kryeministrit \u00ebsht\u00eb e par\u00eb e nevojshme t\u00eb krijohet nj\u00eb struktur\u00eb e re, ajo e\u00a0Ministris\u00eb s\u00eb Shtetit p\u00ebr Administrat\u00ebn Publike dhe Antikorrupsionin. K\u00ebshtu k\u00ebt\u00eb detyr\u00eb\u00a0Rama ia ka dor\u00ebzuar Adea Pirdenit. \"N\u00eb k\u00ebt\u00eb faz\u00eb t\u00eb re zhvillimi t\u00eb\u2026","rel":"","context":"In &quot;Blogu i Udh\u00ebtarit&quot;","block_context":{"text":"Blogu i Udh\u00ebtarit","link":"https:\/\/www.shqiperia.com\/blog\/category\/blogu-i-udhetarit\/"},"img":{"alt_text":"","src":"https:\/\/i0.wp.com\/www.shqiperia.com\/blog\/wp-content\/uploads\/2024\/01\/800-0-5e79fea961eea.jpg?fit=800%2C384&ssl=1&resize=350%2C200","width":350,"height":200,"srcset":"https:\/\/i0.wp.com\/www.shqiperia.com\/blog\/wp-content\/uploads\/2024\/01\/800-0-5e79fea961eea.jpg?fit=800%2C384&ssl=1&resize=350%2C200 1x, https:\/\/i0.wp.com\/www.shqiperia.com\/blog\/wp-content\/uploads\/2024\/01\/800-0-5e79fea961eea.jpg?fit=800%2C384&ssl=1&resize=525%2C300 1.5x, https:\/\/i0.wp.com\/www.shqiperia.com\/blog\/wp-content\/uploads\/2024\/01\/800-0-5e79fea961eea.jpg?fit=800%2C384&ssl=1&resize=700%2C400 2x"},"classes":[]},{"id":15118,"url":"https:\/\/www.shqiperia.com\/blog\/rama-fut-ne-skaner-ministrat-me-28-dhjetor-japin-llogari-para-asamblese-per-realizimin-e-objektivave-paralajmerohen-ndryshime-ne-qeveri\/","url_meta":{"origin":38252,"position":3},"title":"Rama fut n\u00eb skaner ministrat, m\u00eb 28 dhjetor japin llogari para Asambles\u00eb p\u00ebr realizimin e objektivave, paralajm\u00ebrohen ndryshime n\u00eb qeveri. &#8211;","author":"Kurt Farka","date":"December 22, 2018","format":false,"excerpt":"Rama fut n\u00eb skaner ministrat, m\u00eb 28 dhjetor japin llogari para Asambles\u00eb p\u00ebr realizimin e objektivave, paralajm\u00ebrohen ndryshime n\u00eb qeveri. - Kryeministri Edi Rama ka vendosur t\u00eb fus\u00eb n\u00eb skaner t\u00eb gjith\u00eb an\u00ebtar\u00ebt e qeveris\u00eb, por dhe deputet\u00ebt dhe krer\u00ebt e bashkive sa i takon realizimit t\u00eb detyrave. Teksa vendi\u2026","rel":"","context":"In &quot;Blogu i Udh\u00ebtarit&quot;","block_context":{"text":"Blogu i Udh\u00ebtarit","link":"https:\/\/www.shqiperia.com\/blog\/category\/blogu-i-udhetarit\/"},"img":{"alt_text":"","src":"https:\/\/i0.wp.com\/www.shqiperia.com\/blog\/wp-content\/uploads\/2018\/12\/rama-balla-ruci-300x165.jpg?resize=350%2C200","width":350,"height":200},"classes":[]},{"id":47455,"url":"https:\/\/www.shqiperia.com\/blog\/mbledhja-e-rames-me-drejtuesit-e-ps-kush-jane-ndryshimet-ne-qeveri-qe-priten-emrat-e-rinj-qe-do-te-vijne\/","url_meta":{"origin":38252,"position":4},"title":"Mbledhja e Ram\u00ebs me drejtuesit e PS\/ Kush jan\u00eb ndryshimet n\u00eb qeveri q\u00eb priten. Emrat e rinj q\u00eb do t\u00eb vijn\u00eb","author":"Kurt Farka","date":"May 13, 2021","format":false,"excerpt":"Mbledhja e Ram\u00ebs me drejtuesit e PS\/ Kush jan\u00eb ndryshimet n\u00eb qeveri q\u00eb priten. Emrat e rinj q\u00eb do t\u00eb vijn\u00eb - 13.05.21 Dit\u00ebn e djeshme kryeministri Rama mblodhi n\u00eb Dajt kabinetin e tij t\u00eb qeveris\u00eb. N\u00eb takimin e mbajtur larg kamerave flitet t\u00eb jet\u00eb diskutuar p\u00ebr ndryshime me r\u00ebnd\u00ebsi,\u2026","rel":"","context":"In &quot;Blogu i Udh\u00ebtarit&quot;","block_context":{"text":"Blogu i Udh\u00ebtarit","link":"https:\/\/www.shqiperia.com\/blog\/category\/blogu-i-udhetarit\/"},"img":{"alt_text":"","src":"https:\/\/i0.wp.com\/www.shqiperia.com\/blog\/wp-content\/uploads\/2021\/05\/Edi-Rama-2-1-1.png?fit=599%2C353&ssl=1&resize=350%2C200","width":350,"height":200,"srcset":"https:\/\/i0.wp.com\/www.shqiperia.com\/blog\/wp-content\/uploads\/2021\/05\/Edi-Rama-2-1-1.png?fit=599%2C353&ssl=1&resize=350%2C200 1x, https:\/\/i0.wp.com\/www.shqiperia.com\/blog\/wp-content\/uploads\/2021\/05\/Edi-Rama-2-1-1.png?fit=599%2C353&ssl=1&resize=525%2C300 1.5x"},"classes":[]},{"id":73964,"url":"https:\/\/www.shqiperia.com\/blog\/ethet-e-ndryshimit-ne-qeveri-rama-mbledh-sot-pasdite-asamblene-e-ps\/","url_meta":{"origin":38252,"position":5},"title":"\u2018Ethet\u2019 e ndryshimit n\u00eb qeveri, Rama mbledh sot pasdite Asamblen\u00eb e PS!","author":"Kurt Farka","date":"September 4, 2023","format":false,"excerpt":"4 Shtator 2023 Kryesocialsiti Edi Rama do t\u00eb mbledh\u00eb pasditen e sotme Asamblen\u00eb Komb\u00ebtare t\u00eb Partis\u00eb Socialiste. Punimet e Asambles\u00eb pritet t\u00eb nisin n\u00eb or\u00ebn 16:30. Asambleja pritet me interes edhe p\u00ebr shkak se z\u00ebra p\u00ebr ndryshime n\u00eb kabinetin qeveritar, nuk jan\u00eb mohuar asnj\u00ebher\u00eb nga krer\u00ebt e selis\u00eb roz\u00eb. Mjaftoi\u2026","rel":"","context":"In &quot;Blogu i Udh\u00ebtarit&quot;","block_context":{"text":"Blogu i Udh\u00ebtarit","link":"https:\/\/www.shqiperia.com\/blog\/category\/blogu-i-udhetarit\/"},"img":{"alt_text":"","src":"https:\/\/i0.wp.com\/www.shqiperia.com\/blog\/wp-content\/uploads\/2023\/09\/1693805405_edirama-1.jpeg?fit=780%2C440&ssl=1&resize=350%2C200","width":350,"height":200,"srcset":"https:\/\/i0.wp.com\/www.shqiperia.com\/blog\/wp-content\/uploads\/2023\/09\/1693805405_edirama-1.jpeg?fit=780%2C440&ssl=1&resize=350%2C200 1x, https:\/\/i0.wp.com\/www.shqiperia.com\/blog\/wp-content\/uploads\/2023\/09\/1693805405_edirama-1.jpeg?fit=780%2C440&ssl=1&resize=525%2C300 1.5x, https:\/\/i0.wp.com\/www.shqiperia.com\/blog\/wp-content\/uploads\/2023\/09\/1693805405_edirama-1.jpeg?fit=780%2C440&ssl=1&resize=700%2C400 2x"},"classes":[]}],"_links":{"self":[{"href":"https:\/\/www.shqiperia.com\/blog\/wp-json\/wp\/v2\/posts\/38252","targetHints":{"allow":["GET"]}}],"collection":[{"href":"https:\/\/www.shqiperia.com\/blog\/wp-json\/wp\/v2\/posts"}],"about":[{"href":"https:\/\/www.shqiperia.com\/blog\/wp-json\/wp\/v2\/types\/post"}],"author":[{"embeddable":true,"href":"https:\/\/www.shqiperia.com\/blog\/wp-json\/wp\/v2\/users\/9"}],"replies":[{"embeddable":true,"href":"https:\/\/www.shqiperia.com\/blog\/wp-json\/wp\/v2\/comments?post=38252"}],"version-history":[{"count":2,"href":"https:\/\/www.shqiperia.com\/blog\/wp-json\/wp\/v2\/posts\/38252\/revisions"}],"predecessor-version":[{"id":38255,"href":"https:\/\/www.shqiperia.com\/blog\/wp-json\/wp\/v2\/posts\/38252\/revisions\/38255"}],"wp:featuredmedia":[{"embeddable":true,"href":"https:\/\/www.shqiperia.com\/blog\/wp-json\/wp\/v2\/media\/38253"}],"wp:attachment":[{"href":"https:\/\/www.shqiperia.com\/blog\/wp-json\/wp\/v2\/media?parent=38252"}],"wp:term":[{"taxonomy":"category","embeddable":true,"href":"https:\/\/www.shqiperia.com\/blog\/wp-json\/wp\/v2\/categories?post=38252"},{"taxonomy":"post_tag","embeddable":true,"href":"https:\/\/www.shqiperia.com\/blog\/wp-json\/wp\/v2\/tags?post=38252"}],"curies":[{"name":"wp","href":"https:\/\/api.w.org\/{rel}","templated":true}]}}