{"id":38246,"date":"2020-09-09T17:53:58","date_gmt":"2020-09-09T17:53:58","guid":{"rendered":"https:\/\/www.shqiperia.com\/blog\/?p=38246"},"modified":"2020-09-09T17:53:58","modified_gmt":"2020-09-09T17:53:58","slug":"art-adem-jashari-tonelata-peshe-gure-e-dashuri-ne-nje-projekt-te-destan-gashit","status":"publish","type":"post","link":"https:\/\/www.shqiperia.com\/blog\/art-adem-jashari-tonelata-peshe-gure-e-dashuri-ne-nje-projekt-te-destan-gashit\/","title":{"rendered":"Art: Adem Jashari, tonelata pesh\u00eb gur\u00eb e dashuri, n\u00eb nj\u00eb projekt t\u00eb Destan Gashit\u00a0"},"content":{"rendered":"<p><img data-recalc-dims=\"1\" loading=\"lazy\" decoding=\"async\" data-attachment-id=\"38247\" data-permalink=\"https:\/\/www.shqiperia.com\/blog\/art-adem-jashari-tonelata-peshe-gure-e-dashuri-ne-nje-projekt-te-destan-gashit\/safe_image-24\/\" data-orig-file=\"https:\/\/i0.wp.com\/www.shqiperia.com\/blog\/wp-content\/uploads\/2020\/09\/safe_image.jpg?fit=500%2C261&amp;ssl=1\" data-orig-size=\"500,261\" data-comments-opened=\"1\" data-image-meta=\"{&quot;aperture&quot;:&quot;0&quot;,&quot;credit&quot;:&quot;&quot;,&quot;camera&quot;:&quot;&quot;,&quot;caption&quot;:&quot;&quot;,&quot;created_timestamp&quot;:&quot;0&quot;,&quot;copyright&quot;:&quot;&quot;,&quot;focal_length&quot;:&quot;0&quot;,&quot;iso&quot;:&quot;0&quot;,&quot;shutter_speed&quot;:&quot;0&quot;,&quot;title&quot;:&quot;&quot;,&quot;orientation&quot;:&quot;0&quot;}\" data-image-title=\"safe_image\" data-image-description=\"\" data-image-caption=\"\" data-medium-file=\"https:\/\/i0.wp.com\/www.shqiperia.com\/blog\/wp-content\/uploads\/2020\/09\/safe_image.jpg?fit=300%2C157&amp;ssl=1\" data-large-file=\"https:\/\/i0.wp.com\/www.shqiperia.com\/blog\/wp-content\/uploads\/2020\/09\/safe_image.jpg?fit=500%2C261&amp;ssl=1\" class=\"alignnone  wp-image-38247\" alt=\"\" src=\"https:\/\/i0.wp.com\/www.shqiperia.com\/blog\/wp-content\/uploads\/2020\/09\/safe_image.jpg?resize=501%2C262&#038;ssl=1\" width=\"501\" height=\"262\" srcset=\"https:\/\/i0.wp.com\/www.shqiperia.com\/blog\/wp-content\/uploads\/2020\/09\/safe_image.jpg?resize=300%2C157&amp;ssl=1 300w, https:\/\/i0.wp.com\/www.shqiperia.com\/blog\/wp-content\/uploads\/2020\/09\/safe_image.jpg?resize=450%2C235&amp;ssl=1 450w, https:\/\/i0.wp.com\/www.shqiperia.com\/blog\/wp-content\/uploads\/2020\/09\/safe_image.jpg?resize=400%2C209&amp;ssl=1 400w, https:\/\/i0.wp.com\/www.shqiperia.com\/blog\/wp-content\/uploads\/2020\/09\/safe_image.jpg?w=500&amp;ssl=1 500w\" sizes=\"auto, (max-width: 501px) 100vw, 501px\" \/><\/p>\n<p><strong>Art: Adem Jashari, tonelata pesh\u00eb gur\u00eb e dashuri, n\u00eb nj\u00eb projekt t\u00eb Destan Gashit\u00a0<\/strong><\/p>\n<p>NGA:\u00a0<strong>PJETER LOGORECI<\/strong><\/p>\n<p>Realizimi i figur\u00ebs s\u00eb heroit, t\u00eb cilin autori nga ana figurative do ta paraqes\u00eb mbi flak\u00ebt dhe tymin e luft\u00ebs me armikun, \u00ebsht\u00eb nj\u00eb risi e ide revolucionare n\u00eb artin e skulptur\u00ebs, q\u00eb autorit Destan Gashi i vjen n\u00eb fantazi si rezultat i dashuris\u00eb q\u00eb ai ka p\u00ebr heroin dhe sakrific\u00ebn e tij p\u00ebr atdheun.<\/p>\n<p><img data-recalc-dims=\"1\" loading=\"lazy\" decoding=\"async\" data-attachment-id=\"38248\" data-permalink=\"https:\/\/www.shqiperia.com\/blog\/art-adem-jashari-tonelata-peshe-gure-e-dashuri-ne-nje-projekt-te-destan-gashit\/auto_adem-728x4301591269815\/\" data-orig-file=\"https:\/\/i0.wp.com\/www.shqiperia.com\/blog\/wp-content\/uploads\/2020\/09\/auto_adem-728x4301591269815-1.jpg?fit=850%2C502&amp;ssl=1\" data-orig-size=\"850,502\" data-comments-opened=\"1\" data-image-meta=\"{&quot;aperture&quot;:&quot;0&quot;,&quot;credit&quot;:&quot;&quot;,&quot;camera&quot;:&quot;&quot;,&quot;caption&quot;:&quot;&quot;,&quot;created_timestamp&quot;:&quot;0&quot;,&quot;copyright&quot;:&quot;&quot;,&quot;focal_length&quot;:&quot;0&quot;,&quot;iso&quot;:&quot;0&quot;,&quot;shutter_speed&quot;:&quot;0&quot;,&quot;title&quot;:&quot;&quot;,&quot;orientation&quot;:&quot;0&quot;}\" data-image-title=\"auto_adem-728&#215;4301591269815\" data-image-description=\"\" data-image-caption=\"\" data-medium-file=\"https:\/\/i0.wp.com\/www.shqiperia.com\/blog\/wp-content\/uploads\/2020\/09\/auto_adem-728x4301591269815-1.jpg?fit=300%2C177&amp;ssl=1\" data-large-file=\"https:\/\/i0.wp.com\/www.shqiperia.com\/blog\/wp-content\/uploads\/2020\/09\/auto_adem-728x4301591269815-1.jpg?fit=850%2C502&amp;ssl=1\" class=\"alignnone  wp-image-38248\" alt=\"\" src=\"https:\/\/i0.wp.com\/www.shqiperia.com\/blog\/wp-content\/uploads\/2020\/09\/auto_adem-728x4301591269815-1.jpg?resize=571%2C337&#038;ssl=1\" width=\"571\" height=\"337\" srcset=\"https:\/\/i0.wp.com\/www.shqiperia.com\/blog\/wp-content\/uploads\/2020\/09\/auto_adem-728x4301591269815-1.jpg?resize=300%2C177&amp;ssl=1 300w, https:\/\/i0.wp.com\/www.shqiperia.com\/blog\/wp-content\/uploads\/2020\/09\/auto_adem-728x4301591269815-1.jpg?resize=768%2C454&amp;ssl=1 768w, https:\/\/i0.wp.com\/www.shqiperia.com\/blog\/wp-content\/uploads\/2020\/09\/auto_adem-728x4301591269815-1.jpg?resize=450%2C266&amp;ssl=1 450w, https:\/\/i0.wp.com\/www.shqiperia.com\/blog\/wp-content\/uploads\/2020\/09\/auto_adem-728x4301591269815-1.jpg?resize=600%2C354&amp;ssl=1 600w, https:\/\/i0.wp.com\/www.shqiperia.com\/blog\/wp-content\/uploads\/2020\/09\/auto_adem-728x4301591269815-1.jpg?resize=400%2C236&amp;ssl=1 400w, https:\/\/i0.wp.com\/www.shqiperia.com\/blog\/wp-content\/uploads\/2020\/09\/auto_adem-728x4301591269815-1.jpg?w=850&amp;ssl=1 850w\" sizes=\"auto, (max-width: 571px) 100vw, 571px\" \/><\/p>\n<p>Nji vizit\u00eb n\u00eb atelien\u00eb e skulptorit Destan Gashi n\u00eb Himberg t\u00eb Austris\u00eb, ka kurdoher\u00eb t\u00eb paprituna t\u00eb kand\u00ebshme. Shkoj shpesh, sidomos kur ai vendos\u00eb me fillue nji projekt t\u00eb ri, nji vep\u00ebr t\u00eb re. Mbas shum\u00eb dit\u00ebsh larg mikut tim t\u00eb artit, p\u00ebr arsyet e pandemis\u00eb q\u00eb p\u00ebrfshiu bot\u00ebn, sot ishte nji dit\u00eb e ve\u00e7ant\u00eb mbushun me emocione e bukuri arti.<\/p>\n<p>Nga telefonatat me Destanin, isha informue q\u00eb, ai gjat\u00eb koh\u00ebs n\u00eb izolim\u00a0 mendonte p\u00ebr t\u00eb realizue nj\u00eb d\u00ebshir\u00eb q\u00eb i sillej n\u00eb kok\u00eb me vite: me gdhend\u00eb n\u00eb gur\u00eb figur\u00ebn e heroit t\u00eb kombit Adem Jashari\u2026. , por disi ndryshe, n\u00eb nj\u00eb form\u00eb tjet\u00ebr nga sa jemi msue me e pa nd\u00ebr plot vepra t\u00eb tjera q\u00eb ka p\u00ebr te. Kur ma tregoj projektin, u befasova nga ideja e konceptimit, nga m\u00ebndyra se si artisti Destan Gashi do ta paraqiste heroin e tij, heroin ton\u00eb. Po ashtu t\u00eb ve\u00e7anta do t\u00eb ishin edhe p\u00ebrmasat e vepr\u00ebs si dhe mendimi \u201cme e pas\u00eb\u201d k\u00ebt\u00eb personazh \/ gur\u00eb, krejt p\u00ebr vehte.<\/p>\n<p><img data-recalc-dims=\"1\" loading=\"lazy\" decoding=\"async\" data-attachment-id=\"38249\" data-permalink=\"https:\/\/www.shqiperia.com\/blog\/art-adem-jashari-tonelata-peshe-gure-e-dashuri-ne-nje-projekt-te-destan-gashit\/82490370_1441590166029412_1515456305333010432_n\/\" data-orig-file=\"https:\/\/i0.wp.com\/www.shqiperia.com\/blog\/wp-content\/uploads\/2020\/09\/82490370_1441590166029412_1515456305333010432_n.jpg?fit=720%2C960&amp;ssl=1\" data-orig-size=\"720,960\" data-comments-opened=\"1\" data-image-meta=\"{&quot;aperture&quot;:&quot;0&quot;,&quot;credit&quot;:&quot;&quot;,&quot;camera&quot;:&quot;&quot;,&quot;caption&quot;:&quot;&quot;,&quot;created_timestamp&quot;:&quot;0&quot;,&quot;copyright&quot;:&quot;&quot;,&quot;focal_length&quot;:&quot;0&quot;,&quot;iso&quot;:&quot;0&quot;,&quot;shutter_speed&quot;:&quot;0&quot;,&quot;title&quot;:&quot;&quot;,&quot;orientation&quot;:&quot;0&quot;}\" data-image-title=\"82490370_1441590166029412_1515456305333010432_n\" data-image-description=\"\" data-image-caption=\"\" data-medium-file=\"https:\/\/i0.wp.com\/www.shqiperia.com\/blog\/wp-content\/uploads\/2020\/09\/82490370_1441590166029412_1515456305333010432_n.jpg?fit=225%2C300&amp;ssl=1\" data-large-file=\"https:\/\/i0.wp.com\/www.shqiperia.com\/blog\/wp-content\/uploads\/2020\/09\/82490370_1441590166029412_1515456305333010432_n.jpg?fit=720%2C960&amp;ssl=1\" class=\"alignnone  wp-image-38249\" alt=\"\" src=\"https:\/\/i0.wp.com\/www.shqiperia.com\/blog\/wp-content\/uploads\/2020\/09\/82490370_1441590166029412_1515456305333010432_n.jpg?resize=441%2C588&#038;ssl=1\" width=\"441\" height=\"588\" srcset=\"https:\/\/i0.wp.com\/www.shqiperia.com\/blog\/wp-content\/uploads\/2020\/09\/82490370_1441590166029412_1515456305333010432_n.jpg?resize=225%2C300&amp;ssl=1 225w, https:\/\/i0.wp.com\/www.shqiperia.com\/blog\/wp-content\/uploads\/2020\/09\/82490370_1441590166029412_1515456305333010432_n.jpg?resize=450%2C600&amp;ssl=1 450w, https:\/\/i0.wp.com\/www.shqiperia.com\/blog\/wp-content\/uploads\/2020\/09\/82490370_1441590166029412_1515456305333010432_n.jpg?resize=600%2C800&amp;ssl=1 600w, https:\/\/i0.wp.com\/www.shqiperia.com\/blog\/wp-content\/uploads\/2020\/09\/82490370_1441590166029412_1515456305333010432_n.jpg?resize=400%2C533&amp;ssl=1 400w, https:\/\/i0.wp.com\/www.shqiperia.com\/blog\/wp-content\/uploads\/2020\/09\/82490370_1441590166029412_1515456305333010432_n.jpg?w=720&amp;ssl=1 720w\" sizes=\"auto, (max-width: 441px) 100vw, 441px\" \/><\/p>\n<p>Ideja, p\u00ebr me e vendos\u00eb, jo nd\u00ebr salla pompoze e akademi t\u00eb mbyllura por, n\u00eb oborrin e sht\u00ebpis\u00eb s\u00eb tij n\u00eb fshat\/Kosov\u00eb, me preku thell\u00eb, mbasi mu duk nj\u00eb akt i p\u00ebrve\u00e7\u00ebm e pasionant. \u00a0Nuk ka si t\u00eb jet\u00eb ndryshe kur zemra rreh fort p\u00ebr atdheun, p\u00ebr historin\u00eb e dhimbshme t\u00eb tij.<\/p>\n<p>N\u00eb atelie, u gjenda p\u00ebrball\u00eb nj\u00eb modeli si dhe nj\u00eb guri gjigand prej shtufi (Sandstein), nga i cili do t\u00eb dilte vepra. Tonelatat e p\u00ebrmasat e gurit sikur m\u00eb tregonin pesh\u00ebn q\u00eb heroi Adem Jashari ka n\u00eb zemr\u00ebn e skultptorit Gashi.<\/p>\n<p>Vepra, pro\u00e7esi i t\u00eb cil\u00ebs sapo ka fillue, ka p\u00ebrmasat 1m x 1.20m, do t\u00eb q\u00ebndroj\u00eb dhe ekspozohet n\u00eb atelien\u00eb e tij n\u00eb Himberg, nd\u00ebrsa projekti i dyt\u00eb dhe m\u00eb i ve\u00e7ant\u00eb do t\u00eb jet\u00eb: nj\u00eb punim i dyt\u00eb i k\u00ebsaj figure, por me mermer\u00eb t\u00eb kuq Kosove, n\u00eb p\u00ebrmasat 2.40m x 1.80m \u00a0dhe do t\u00eb jet\u00eb pjes\u00eb e ambienteve t\u00eb sht\u00ebpis\u00eb s\u00eb skulptorit n\u00eb Kosov\u00eb.<\/p>\n<p>Realizimi i figur\u00ebs s\u00eb heroit, t\u00eb cilin autori nga ana figurative do ta paraqes\u00eb mbi flak\u00ebt dhe tymin e luft\u00ebs me armikun, \u00ebsht\u00eb nj\u00eb risi e ide revolucionare n\u00eb artin e skulptur\u00ebs, q\u00eb autorit Destan Gashi i vjen n\u00eb fantazi si rezultat i dashuris\u00eb q\u00eb ai ka p\u00ebr heroin dhe sakrific\u00ebn e tij p\u00ebr atdheun.<\/p>\n<p>M\u00eb posht\u00eb po paraqes disa foto q\u00eb realizova sot n\u00eb atelien\u00eb e Destanit n\u00eb Himberg, p\u00ebr t\u00eb informue lexuesit p\u00ebr k\u00ebt\u00eb vep\u00ebr me vler\u00eb q\u00eb do t\u00eb kemi s\u00eb shpejti.<\/p>\n<p><img data-recalc-dims=\"1\" loading=\"lazy\" decoding=\"async\" data-attachment-id=\"38250\" data-permalink=\"https:\/\/www.shqiperia.com\/blog\/art-adem-jashari-tonelata-peshe-gure-e-dashuri-ne-nje-projekt-te-destan-gashit\/104121373_1457084467813315_2010312091293375176_n\/\" data-orig-file=\"https:\/\/i0.wp.com\/www.shqiperia.com\/blog\/wp-content\/uploads\/2020\/09\/104121373_1457084467813315_2010312091293375176_n.jpg?fit=960%2C682&amp;ssl=1\" data-orig-size=\"960,682\" data-comments-opened=\"1\" data-image-meta=\"{&quot;aperture&quot;:&quot;0&quot;,&quot;credit&quot;:&quot;&quot;,&quot;camera&quot;:&quot;&quot;,&quot;caption&quot;:&quot;&quot;,&quot;created_timestamp&quot;:&quot;0&quot;,&quot;copyright&quot;:&quot;&quot;,&quot;focal_length&quot;:&quot;0&quot;,&quot;iso&quot;:&quot;0&quot;,&quot;shutter_speed&quot;:&quot;0&quot;,&quot;title&quot;:&quot;&quot;,&quot;orientation&quot;:&quot;0&quot;}\" data-image-title=\"104121373_1457084467813315_2010312091293375176_n\" data-image-description=\"\" data-image-caption=\"\" data-medium-file=\"https:\/\/i0.wp.com\/www.shqiperia.com\/blog\/wp-content\/uploads\/2020\/09\/104121373_1457084467813315_2010312091293375176_n.jpg?fit=300%2C213&amp;ssl=1\" data-large-file=\"https:\/\/i0.wp.com\/www.shqiperia.com\/blog\/wp-content\/uploads\/2020\/09\/104121373_1457084467813315_2010312091293375176_n.jpg?fit=960%2C682&amp;ssl=1\" class=\"alignnone  wp-image-38250\" alt=\"\" src=\"https:\/\/i0.wp.com\/www.shqiperia.com\/blog\/wp-content\/uploads\/2020\/09\/104121373_1457084467813315_2010312091293375176_n.jpg?resize=559%2C397&#038;ssl=1\" width=\"559\" height=\"397\" srcset=\"https:\/\/i0.wp.com\/www.shqiperia.com\/blog\/wp-content\/uploads\/2020\/09\/104121373_1457084467813315_2010312091293375176_n.jpg?resize=300%2C213&amp;ssl=1 300w, https:\/\/i0.wp.com\/www.shqiperia.com\/blog\/wp-content\/uploads\/2020\/09\/104121373_1457084467813315_2010312091293375176_n.jpg?resize=768%2C546&amp;ssl=1 768w, https:\/\/i0.wp.com\/www.shqiperia.com\/blog\/wp-content\/uploads\/2020\/09\/104121373_1457084467813315_2010312091293375176_n.jpg?resize=450%2C320&amp;ssl=1 450w, https:\/\/i0.wp.com\/www.shqiperia.com\/blog\/wp-content\/uploads\/2020\/09\/104121373_1457084467813315_2010312091293375176_n.jpg?resize=600%2C426&amp;ssl=1 600w, https:\/\/i0.wp.com\/www.shqiperia.com\/blog\/wp-content\/uploads\/2020\/09\/104121373_1457084467813315_2010312091293375176_n.jpg?resize=400%2C284&amp;ssl=1 400w, https:\/\/i0.wp.com\/www.shqiperia.com\/blog\/wp-content\/uploads\/2020\/09\/104121373_1457084467813315_2010312091293375176_n.jpg?w=960&amp;ssl=1 960w\" sizes=\"auto, (max-width: 559px) 100vw, 559px\" \/><\/p>\n<p>Nuk \u00ebsht\u00eb hera e par\u00eb q\u00eb shkruej p\u00ebr pun\u00ebn dhe artin e mrekulluesh\u00ebm e t\u00eb vler\u00ebsuem t\u00eb Destanit, por me k\u00ebt\u00eb vep\u00ebr ai ka zgjuar ndjenjat e\u00a0 zjarrta t\u00eb shpirtit tim p\u00ebr k\u00ebt\u00eb hero t\u00eb shqiptaris\u00eb.<\/p>\n","protected":false},"excerpt":{"rendered":"<p>Art: Adem Jashari, tonelata pesh\u00eb gur\u00eb e dashuri, n\u00eb nj\u00eb projekt t\u00eb Destan Gashit\u00a0 NGA:\u00a0PJETER LOGORECI Realizimi i figur\u00ebs s\u00eb heroit, t\u00eb cilin autori nga ana figurative do ta paraqes\u00eb mbi flak\u00ebt dhe tymin e luft\u00ebs me armikun, \u00ebsht\u00eb nj\u00eb risi e ide revolucionare n\u00eb artin e skulptur\u00ebs, q\u00eb autorit Destan Gashi i vjen n\u00eb [&hellip;]<\/p>\n","protected":false},"author":9,"featured_media":38247,"comment_status":"open","ping_status":"open","sticky":false,"template":"","format":"standard","meta":{"jetpack_post_was_ever_published":false,"_jetpack_newsletter_access":"","_jetpack_dont_email_post_to_subs":false,"_jetpack_newsletter_tier_id":0,"_jetpack_memberships_contains_paywalled_content":false,"_jetpack_memberships_contains_paid_content":false,"footnotes":"","jetpack_publicize_message":"","jetpack_publicize_feature_enabled":true,"jetpack_social_post_already_shared":true,"jetpack_social_options":{"image_generator_settings":{"template":"highway","default_image_id":0,"font":"","enabled":false},"version":2}},"categories":[87,85,10],"tags":[],"class_list":["post-38246","post","type-post","status-publish","format-standard","has-post-thumbnail","hentry","category-arte","category-histori","category-kultura"],"jetpack_publicize_connections":[],"jetpack_featured_media_url":"https:\/\/i0.wp.com\/www.shqiperia.com\/blog\/wp-content\/uploads\/2020\/09\/safe_image.jpg?fit=500%2C261&ssl=1","jetpack_sharing_enabled":true,"jetpack_shortlink":"https:\/\/wp.me\/p5Z6wp-9WS","jetpack-related-posts":[{"id":64016,"url":"https:\/\/www.shqiperia.com\/blog\/kompleksi-memorial-adem-jashari-hapet-edhe-per-vizita-virtuale\/","url_meta":{"origin":38246,"position":0},"title":"Kompleksi memorial \u201cAdem Jashari\u201d hapet edhe p\u00ebr vizita virtuale","author":"Kurt Farka","date":"November 5, 2022","format":false,"excerpt":"5 Nentor 2022 Nga Gazeta Koha, Prishtine Kompleksi memorial \u201cAdem Jashari\u201d n\u00eb Prekaz tashm\u00eb mund t\u00eb vizitohet edhe virtualisht duke filluar q\u00eb nga pamjet m\u00eb gjith\u00ebp\u00ebrfshir\u00ebse t\u00eb pozicionit t\u00eb objekteve e deri te detajet n\u00ebp\u00ebr dhomat e hap\u00ebsirat e tjera brenda sht\u00ebpis\u00eb e od\u00ebs s\u00eb familjes Jashari. Projekti i zbatuar\u2026","rel":"","context":"In &quot;Histori&quot;","block_context":{"text":"Histori","link":"https:\/\/www.shqiperia.com\/blog\/category\/histori\/"},"img":{"alt_text":"","src":"https:\/\/i0.wp.com\/www.shqiperia.com\/blog\/wp-content\/uploads\/2022\/11\/8822_kompleksi-adem-jashari-prekaz.jpg?fit=798%2C473&ssl=1&resize=350%2C200","width":350,"height":200,"srcset":"https:\/\/i0.wp.com\/www.shqiperia.com\/blog\/wp-content\/uploads\/2022\/11\/8822_kompleksi-adem-jashari-prekaz.jpg?fit=798%2C473&ssl=1&resize=350%2C200 1x, https:\/\/i0.wp.com\/www.shqiperia.com\/blog\/wp-content\/uploads\/2022\/11\/8822_kompleksi-adem-jashari-prekaz.jpg?fit=798%2C473&ssl=1&resize=525%2C300 1.5x, https:\/\/i0.wp.com\/www.shqiperia.com\/blog\/wp-content\/uploads\/2022\/11\/8822_kompleksi-adem-jashari-prekaz.jpg?fit=798%2C473&ssl=1&resize=700%2C400 2x"},"classes":[]},{"id":41422,"url":"https:\/\/www.shqiperia.com\/blog\/shqiperi-kosove-reagimi-unanim-shtatorja-e-skenderbeut-dhe-adem-jasharit-skandal-e-marrezi-artistike\/","url_meta":{"origin":38246,"position":1},"title":"Shqip\u00ebri- Kosov\u00eb reagimi unanim\/ Shtatorja e Sk\u00ebnd\u00ebrbeut dhe Adem Jasharit skandal e marr\u00ebzi artistike","author":"Kurt Farka","date":"December 1, 2020","format":false,"excerpt":"Shqip\u00ebri- Kosov\u00eb reagimi unanim\/ Shtatorja e Sk\u00ebnd\u00ebrbeut dhe Adem Jasharit skandal e marr\u00ebzi artistike 30 nentor \u00a02020 Dy skulpturat t\u00eb realizuar nga Sinan Aliaj, Sk\u00ebnderbeu dhe Adem Jashari jan\u00eb cil\u00ebsuar nj\u00eb skandal artistik. Sk\u00ebnd\u00ebrbeu i vendosur dy dit\u00eb m\u00eb par\u00eb n\u00eb Prizren, ka \u201czbritur\u201d nga kali, dhe \u00ebsht\u00eb konsideruar si\u2026","rel":"","context":"In &quot;Arte&quot;","block_context":{"text":"Arte","link":"https:\/\/www.shqiperia.com\/blog\/category\/arte\/"},"img":{"alt_text":"","src":"https:\/\/i0.wp.com\/www.shqiperia.com\/blog\/wp-content\/uploads\/2020\/12\/skenderbeuademjashari.jpg?fit=780%2C440&ssl=1&resize=350%2C200","width":350,"height":200,"srcset":"https:\/\/i0.wp.com\/www.shqiperia.com\/blog\/wp-content\/uploads\/2020\/12\/skenderbeuademjashari.jpg?fit=780%2C440&ssl=1&resize=350%2C200 1x, https:\/\/i0.wp.com\/www.shqiperia.com\/blog\/wp-content\/uploads\/2020\/12\/skenderbeuademjashari.jpg?fit=780%2C440&ssl=1&resize=525%2C300 1.5x, https:\/\/i0.wp.com\/www.shqiperia.com\/blog\/wp-content\/uploads\/2020\/12\/skenderbeuademjashari.jpg?fit=780%2C440&ssl=1&resize=700%2C400 2x"},"classes":[]},{"id":43104,"url":"https:\/\/www.shqiperia.com\/blog\/shqiperi-kosove-reagimi-unanim-shtatorja-e-skenderbeut-dhe-adem-jasharit-skandal-e-marrezi-artistike-2\/","url_meta":{"origin":38246,"position":2},"title":"Shqip\u00ebri- Kosov\u00eb reagimi unanim\/ Shtatorja e Sk\u00ebnd\u00ebrbeut dhe Adem Jasharit skandal e marr\u00ebzi artistike","author":"Kurt Farka","date":"January 20, 2021","format":false,"excerpt":"Shqip\u00ebri- Kosov\u00eb reagimi unanim\/ Shtatorja e Sk\u00ebnd\u00ebrbeut dhe Adem Jasharit skandal e marr\u00ebzi artistike Nentor\u00a0 2020 Dy skulpturat t\u00eb realizuar nga Sinan Aliaj, Sk\u00ebnderbeu dhe Adem Jashari jan\u00eb cil\u00ebsuar nj\u00eb skandal artistik. Sk\u00ebnd\u00ebrbeu i vendosur dy dit\u00eb m\u00eb par\u00eb n\u00eb Prizren, ka \u201czbritur\u201d nga kali, dhe \u00ebsht\u00eb konsideruar si nj\u00eb\u2026","rel":"","context":"In &quot;Arte&quot;","block_context":{"text":"Arte","link":"https:\/\/www.shqiperia.com\/blog\/category\/arte\/"},"img":{"alt_text":"","src":"https:\/\/i0.wp.com\/www.shqiperia.com\/blog\/wp-content\/uploads\/2021\/01\/adem-jashari-dhe-gjergj-kastrioti-1.jpg?fit=1200%2C675&ssl=1&resize=350%2C200","width":350,"height":200,"srcset":"https:\/\/i0.wp.com\/www.shqiperia.com\/blog\/wp-content\/uploads\/2021\/01\/adem-jashari-dhe-gjergj-kastrioti-1.jpg?fit=1200%2C675&ssl=1&resize=350%2C200 1x, https:\/\/i0.wp.com\/www.shqiperia.com\/blog\/wp-content\/uploads\/2021\/01\/adem-jashari-dhe-gjergj-kastrioti-1.jpg?fit=1200%2C675&ssl=1&resize=525%2C300 1.5x, https:\/\/i0.wp.com\/www.shqiperia.com\/blog\/wp-content\/uploads\/2021\/01\/adem-jashari-dhe-gjergj-kastrioti-1.jpg?fit=1200%2C675&ssl=1&resize=700%2C400 2x, https:\/\/i0.wp.com\/www.shqiperia.com\/blog\/wp-content\/uploads\/2021\/01\/adem-jashari-dhe-gjergj-kastrioti-1.jpg?fit=1200%2C675&ssl=1&resize=1050%2C600 3x"},"classes":[]},{"id":2831,"url":"https:\/\/www.shqiperia.com\/blog\/nje-megalit-zbulohet-ne-malesi-te-madhe\/","url_meta":{"origin":38246,"position":3},"title":"Nje Megalit zbulohet n\u00eb Mal\u00ebsi t\u00eb Madhe.","author":"Kurt Farka","date":"February 10, 2018","format":false,"excerpt":"Nga: Anton Pllumi. Sipas \"Bibl\u00ebs\" dhe shum\u00eb miteve antik\u00eb, planeti yn\u00eb ishte i dominuar, para ardhjes s\u00eb njeriut, nga nj\u00eb popull shum\u00eb i gjat\u00eb: gjigant\u00ebt ose \"kolos\u00ebt\", t\u00eb cil\u00ebt, m\u00eb pas u zhduk\u00ebn me ndihm\u00ebn e zotave. B\u00ebhet fjal\u00eb p\u00ebr nj\u00eb legjend\u00eb, apo e gjith\u00eb kjo \u00ebsht\u00eb e v\u00ebrtet\u00eb? Fakti\u2026","rel":"","context":"In &quot;Blogu i Udh\u00ebtarit&quot;","block_context":{"text":"Blogu i Udh\u00ebtarit","link":"https:\/\/www.shqiperia.com\/blog\/category\/blogu-i-udhetarit\/"},"img":{"alt_text":"","src":"https:\/\/i0.wp.com\/www.shqiperia.com\/blog\/wp-content\/uploads\/2018\/02\/Megalit-i-zbuluar-ne-Malesi-te-Madhe..jpg?fit=720%2C540&ssl=1&resize=350%2C200","width":350,"height":200,"srcset":"https:\/\/i0.wp.com\/www.shqiperia.com\/blog\/wp-content\/uploads\/2018\/02\/Megalit-i-zbuluar-ne-Malesi-te-Madhe..jpg?fit=720%2C540&ssl=1&resize=350%2C200 1x, https:\/\/i0.wp.com\/www.shqiperia.com\/blog\/wp-content\/uploads\/2018\/02\/Megalit-i-zbuluar-ne-Malesi-te-Madhe..jpg?fit=720%2C540&ssl=1&resize=525%2C300 1.5x, https:\/\/i0.wp.com\/www.shqiperia.com\/blog\/wp-content\/uploads\/2018\/02\/Megalit-i-zbuluar-ne-Malesi-te-Madhe..jpg?fit=720%2C540&ssl=1&resize=700%2C400 2x"},"classes":[]},{"id":3923,"url":"https:\/\/www.shqiperia.com\/blog\/muzeui-kosoves-ekspozite-identiteti-kulturor-dhe-historik-kosoves-_\/","url_meta":{"origin":38246,"position":4},"title":"Muzeui Kosoves-Ekspozite: Identiteti kulturor dhe historik i Kosov\u00ebs. _","author":"Kurt Farka","date":"February 26, 2018","format":false,"excerpt":"Hapet \u201cEkspozita Baz\u00eb\u201d n\u00eb Muzeun e Kosov\u00ebs Eksponate t\u00eb periudhave t\u00eb ndryshme t\u00eb trash\u00ebgimis\u00eb kulturore nga periudha e Neolitit e deri n\u00eb Shpalljen e Pavar\u00ebsis\u00eb s\u00eb Kosov\u00ebs m\u00eb 2008, jan\u00eb prezantuar n\u00eb hapjen e \u2018Ekspozit\u00ebs Baz\u00eb\u2019 n\u00eb Muzeun e Kosov\u00ebs. Eksponate t\u00eb rralla dhe t\u00eb r\u00ebnd\u00ebsis\u00eb s\u00eb ve\u00e7ant\u00eb jan\u00eb prezantuar\u2026","rel":"","context":"In &quot;Trashegimi Kulturore&quot;","block_context":{"text":"Trashegimi Kulturore","link":"https:\/\/www.shqiperia.com\/blog\/category\/trashegimi-kulturore\/"},"img":{"alt_text":"","src":"https:\/\/i0.wp.com\/www.shqiperia.com\/blog\/wp-content\/uploads\/2018\/02\/Revolverii-Isa-Buletinit.jpg?fit=640%2C535&ssl=1&resize=350%2C200","width":350,"height":200,"srcset":"https:\/\/i0.wp.com\/www.shqiperia.com\/blog\/wp-content\/uploads\/2018\/02\/Revolverii-Isa-Buletinit.jpg?fit=640%2C535&ssl=1&resize=350%2C200 1x, https:\/\/i0.wp.com\/www.shqiperia.com\/blog\/wp-content\/uploads\/2018\/02\/Revolverii-Isa-Buletinit.jpg?fit=640%2C535&ssl=1&resize=525%2C300 1.5x"},"classes":[]},{"id":75885,"url":"https:\/\/www.shqiperia.com\/blog\/vjosa-osmani-uron-flamuri-kuq-e-zi-na-bashkon\/","url_meta":{"origin":38246,"position":5},"title":"Vjosa Osmani uron: &#8211; Flamuri kuq e zi na bashkon","author":"Kurt Farka","date":"November 28, 2023","format":false,"excerpt":"28 Nentor 2023 Presidentja e Kosov\u00ebs, Vjosa Osmani, ka uruar t\u00eb gjith\u00eb shqiptar\u00ebt p\u00ebr 111 vjetorin e Pavar\u00ebsis\u00eb s\u00eb Shqip\u00ebris\u00eb. P\u00ebrmes nj\u00eb postimi n\u00eb Facebook Osmani shkroi\u00a0se dit\u00ebn e pavar\u00ebsis\u00eb s\u00eb Shqip\u00ebris\u00eb, dit\u00eblindjen e komandantit legjendar Adem Jashari dhe daljen e par\u00eb publike t\u00eb U\u00c7K-s\u00eb, i bashkon flamuri kuq e\u2026","rel":"","context":"In &quot;Blogu i Udh\u00ebtarit&quot;","block_context":{"text":"Blogu i Udh\u00ebtarit","link":"https:\/\/www.shqiperia.com\/blog\/category\/blogu-i-udhetarit\/"},"img":{"alt_text":"","src":"https:\/\/i0.wp.com\/www.shqiperia.com\/blog\/wp-content\/uploads\/2023\/11\/800-0-65659adf81495.jpg?fit=800%2C451&ssl=1&resize=350%2C200","width":350,"height":200,"srcset":"https:\/\/i0.wp.com\/www.shqiperia.com\/blog\/wp-content\/uploads\/2023\/11\/800-0-65659adf81495.jpg?fit=800%2C451&ssl=1&resize=350%2C200 1x, https:\/\/i0.wp.com\/www.shqiperia.com\/blog\/wp-content\/uploads\/2023\/11\/800-0-65659adf81495.jpg?fit=800%2C451&ssl=1&resize=525%2C300 1.5x, https:\/\/i0.wp.com\/www.shqiperia.com\/blog\/wp-content\/uploads\/2023\/11\/800-0-65659adf81495.jpg?fit=800%2C451&ssl=1&resize=700%2C400 2x"},"classes":[]}],"_links":{"self":[{"href":"https:\/\/www.shqiperia.com\/blog\/wp-json\/wp\/v2\/posts\/38246","targetHints":{"allow":["GET"]}}],"collection":[{"href":"https:\/\/www.shqiperia.com\/blog\/wp-json\/wp\/v2\/posts"}],"about":[{"href":"https:\/\/www.shqiperia.com\/blog\/wp-json\/wp\/v2\/types\/post"}],"author":[{"embeddable":true,"href":"https:\/\/www.shqiperia.com\/blog\/wp-json\/wp\/v2\/users\/9"}],"replies":[{"embeddable":true,"href":"https:\/\/www.shqiperia.com\/blog\/wp-json\/wp\/v2\/comments?post=38246"}],"version-history":[{"count":1,"href":"https:\/\/www.shqiperia.com\/blog\/wp-json\/wp\/v2\/posts\/38246\/revisions"}],"predecessor-version":[{"id":38251,"href":"https:\/\/www.shqiperia.com\/blog\/wp-json\/wp\/v2\/posts\/38246\/revisions\/38251"}],"wp:featuredmedia":[{"embeddable":true,"href":"https:\/\/www.shqiperia.com\/blog\/wp-json\/wp\/v2\/media\/38247"}],"wp:attachment":[{"href":"https:\/\/www.shqiperia.com\/blog\/wp-json\/wp\/v2\/media?parent=38246"}],"wp:term":[{"taxonomy":"category","embeddable":true,"href":"https:\/\/www.shqiperia.com\/blog\/wp-json\/wp\/v2\/categories?post=38246"},{"taxonomy":"post_tag","embeddable":true,"href":"https:\/\/www.shqiperia.com\/blog\/wp-json\/wp\/v2\/tags?post=38246"}],"curies":[{"name":"wp","href":"https:\/\/api.w.org\/{rel}","templated":true}]}}