{"id":38129,"date":"2020-09-05T20:55:02","date_gmt":"2020-09-05T20:55:02","guid":{"rendered":"https:\/\/www.shqiperia.com\/blog\/?p=38129"},"modified":"2020-09-05T20:55:02","modified_gmt":"2020-09-05T20:55:02","slug":"zbulohet-nje-anomali-e-cuditshme-studimi-me-i-fundit-ja-cna-pret-kete-dimer-dhe-cfare-parashikojne-sinoptikanet","status":"publish","type":"post","link":"https:\/\/www.shqiperia.com\/blog\/zbulohet-nje-anomali-e-cuditshme-studimi-me-i-fundit-ja-cna-pret-kete-dimer-dhe-cfare-parashikojne-sinoptikanet\/","title":{"rendered":"Zbulohet nj\u00eb anomali e \u00e7uditshme! Studimi m\u00eb i fundit: Ja \u00e7\u2019na pret k\u00ebt\u00eb dim\u00ebr dhe \u00e7far\u00eb parashikojn\u00eb sinoptikan\u00ebt"},"content":{"rendered":"<p><img data-recalc-dims=\"1\" loading=\"lazy\" decoding=\"async\" data-attachment-id=\"38130\" data-permalink=\"https:\/\/www.shqiperia.com\/blog\/zbulohet-nje-anomali-e-cuditshme-studimi-me-i-fundit-ja-cna-pret-kete-dimer-dhe-cfare-parashikojne-sinoptikanet\/snowms010-905x450\/\" data-orig-file=\"https:\/\/i0.wp.com\/www.shqiperia.com\/blog\/wp-content\/uploads\/2020\/09\/snowms010-905x450-1.jpg?fit=905%2C450&amp;ssl=1\" data-orig-size=\"905,450\" data-comments-opened=\"1\" data-image-meta=\"{&quot;aperture&quot;:&quot;0&quot;,&quot;credit&quot;:&quot;&quot;,&quot;camera&quot;:&quot;&quot;,&quot;caption&quot;:&quot;&quot;,&quot;created_timestamp&quot;:&quot;0&quot;,&quot;copyright&quot;:&quot;&quot;,&quot;focal_length&quot;:&quot;0&quot;,&quot;iso&quot;:&quot;0&quot;,&quot;shutter_speed&quot;:&quot;0&quot;,&quot;title&quot;:&quot;&quot;,&quot;orientation&quot;:&quot;0&quot;}\" data-image-title=\"snowms010-905&#215;450\" data-image-description=\"\" data-image-caption=\"\" data-medium-file=\"https:\/\/i0.wp.com\/www.shqiperia.com\/blog\/wp-content\/uploads\/2020\/09\/snowms010-905x450-1.jpg?fit=300%2C149&amp;ssl=1\" data-large-file=\"https:\/\/i0.wp.com\/www.shqiperia.com\/blog\/wp-content\/uploads\/2020\/09\/snowms010-905x450-1.jpg?fit=905%2C450&amp;ssl=1\" class=\"alignnone  wp-image-38130\" alt=\"\" src=\"https:\/\/i0.wp.com\/www.shqiperia.com\/blog\/wp-content\/uploads\/2020\/09\/snowms010-905x450-1.jpg?resize=511%2C254&#038;ssl=1\" width=\"511\" height=\"254\" srcset=\"https:\/\/i0.wp.com\/www.shqiperia.com\/blog\/wp-content\/uploads\/2020\/09\/snowms010-905x450-1.jpg?resize=300%2C149&amp;ssl=1 300w, https:\/\/i0.wp.com\/www.shqiperia.com\/blog\/wp-content\/uploads\/2020\/09\/snowms010-905x450-1.jpg?resize=768%2C382&amp;ssl=1 768w, https:\/\/i0.wp.com\/www.shqiperia.com\/blog\/wp-content\/uploads\/2020\/09\/snowms010-905x450-1.jpg?resize=450%2C224&amp;ssl=1 450w, https:\/\/i0.wp.com\/www.shqiperia.com\/blog\/wp-content\/uploads\/2020\/09\/snowms010-905x450-1.jpg?resize=600%2C298&amp;ssl=1 600w, https:\/\/i0.wp.com\/www.shqiperia.com\/blog\/wp-content\/uploads\/2020\/09\/snowms010-905x450-1.jpg?resize=400%2C199&amp;ssl=1 400w, https:\/\/i0.wp.com\/www.shqiperia.com\/blog\/wp-content\/uploads\/2020\/09\/snowms010-905x450-1.jpg?w=905&amp;ssl=1 905w\" sizes=\"auto, (max-width: 511px) 100vw, 511px\" \/><\/p>\n<p><strong>Zbulohet nj\u00eb anomali e \u00e7uditshme! Studimi m\u00eb i fundit: Ja \u00e7\u2019na pret k\u00ebt\u00eb dim\u00ebr dhe \u00e7far\u00eb parashikojn\u00eb sinoptikan\u00ebt<\/strong><\/p>\n<p>4 shtator2020<\/p>\n<p>Disa studiues q\u00eb studiojn\u00eb ndryshimet klimatike kan\u00eb dal\u00eb n\u00eb p\u00ebrfundim se nj\u00eb anomali e \u00e7uditshme do t\u00eb ndodh n\u00eb nj\u00eb pjes\u00eb t\u00eb ve\u00e7ant\u00eb t\u00eb Oqeanit Atlantik.<\/p>\n<p>Nj\u00eb zon\u00eb e madhe e oqeanit midis Groenland\u00ebs jug-lindore dhe Island\u00ebs po sh\u00ebnohen temperatura sip\u00ebrfaq\u00ebsore q\u00eb jan\u00eb duksh\u00ebm m\u00eb t\u00eb ul\u00ebta se mesatarja.<\/p>\n<p>Sipas studimit, kjo anomali me kalimin e koh\u00ebs mund t\u00eb ndryshoj\u00eb qarkullimin e termohalines, q\u00eb ndikon n\u00eb dend\u00ebsin\u00eb e ujit.<\/p>\n<p>N\u00ebse kjo prirje ftoh\u00ebse e k\u00ebsaj pjese t\u00eb Oqeanit Atlantik do t\u00eb vijoj\u00eb edhe n\u00eb muajt dhe vitet e ardhshme\u00a0 do t\u00eb kishte efekte edhe n\u00eb Itali dhe rrjedhimisht edhe n\u00eb vendin ton\u00eb duke marr\u00eb parasysh af\u00ebrsin\u00eb gjeografike.<\/p>\n<p>N\u00ebse masat vazhdojn\u00eb, dimri i ardhsh\u00ebm mund t\u00eb jet\u00eb m\u00eb i ftoht\u00eb dhe madje me d\u00ebbor\u00eb.<\/p>\n<p><em>j.l.\/ dita<\/em><\/p>\n","protected":false},"excerpt":{"rendered":"<p>Zbulohet nj\u00eb anomali e \u00e7uditshme! Studimi m\u00eb i fundit: Ja \u00e7\u2019na pret k\u00ebt\u00eb dim\u00ebr dhe \u00e7far\u00eb parashikojn\u00eb sinoptikan\u00ebt 4 shtator2020 Disa studiues q\u00eb studiojn\u00eb ndryshimet klimatike kan\u00eb dal\u00eb n\u00eb p\u00ebrfundim se nj\u00eb anomali e \u00e7uditshme do t\u00eb ndodh n\u00eb nj\u00eb pjes\u00eb t\u00eb ve\u00e7ant\u00eb t\u00eb Oqeanit Atlantik. Nj\u00eb zon\u00eb e madhe e oqeanit midis Groenland\u00ebs jug-lindore [&hellip;]<\/p>\n","protected":false},"author":9,"featured_media":38130,"comment_status":"open","ping_status":"open","sticky":false,"template":"","format":"standard","meta":{"jetpack_post_was_ever_published":false,"_jetpack_newsletter_access":"","_jetpack_dont_email_post_to_subs":false,"_jetpack_newsletter_tier_id":0,"_jetpack_memberships_contains_paywalled_content":false,"_jetpack_memberships_contains_paid_content":false,"footnotes":"","jetpack_publicize_message":"","jetpack_publicize_feature_enabled":true,"jetpack_social_post_already_shared":true,"jetpack_social_options":{"image_generator_settings":{"template":"highway","default_image_id":0,"font":"","enabled":false},"version":2}},"categories":[27,35],"tags":[],"class_list":["post-38129","post","type-post","status-publish","format-standard","has-post-thumbnail","hentry","category-blogu-i-udhetarit","category-shoqerore"],"jetpack_publicize_connections":[],"jetpack_featured_media_url":"https:\/\/i0.wp.com\/www.shqiperia.com\/blog\/wp-content\/uploads\/2020\/09\/snowms010-905x450-1.jpg?fit=905%2C450&ssl=1","jetpack_sharing_enabled":true,"jetpack_shortlink":"https:\/\/wp.me\/p5Z6wp-9UZ","jetpack-related-posts":[{"id":83252,"url":"https:\/\/www.shqiperia.com\/blog\/rrymat-e-atlantikut-ne-rrezik-studimi-ndikojne-motin-ne-gjithe-boten-sistemi-i-rrymave-drejt-kolapsit\/","url_meta":{"origin":38129,"position":0},"title":"Rrymat e atlantikut n\u00eb rrezik\/ Studimi: &#8211; Ndikojn\u00eb motin n\u00eb gjith\u00eb bot\u00ebn, sistemi I rrymave drejt kolapsit","author":"Kurt Farka","date":"August 4, 2024","format":false,"excerpt":"4 Gusht 2024 P\u00ebr shkenc\u00ebtar\u00ebt kjo paralajm\u00ebron nj\u00eb katastrof\u00eb n\u00eb shkall\u00eb planetare q\u00eb do t\u00eb transformonte klim\u00ebn. Shkenc\u00ebtar\u00ebt vijojn\u00eb t\u00eb ngrejn\u00eb alarmin e pasojave katastrofike t\u00eb ndryshimeve klimatike. Nj\u00eb studim I ri sugjeron se brenda k\u00ebtij shekulli rrezikon t\u00eb shkat\u00ebrrohet sistemi I i rrymave t\u00eb Oqeanit Atlantik, q\u00eb jan\u00eb jetike\u2026","rel":"","context":"In &quot;Blogu i Udh\u00ebtarit&quot;","block_context":{"text":"Blogu i Udh\u00ebtarit","link":"https:\/\/www.shqiperia.com\/blog\/category\/blogu-i-udhetarit\/"},"img":{"alt_text":"","src":"https:\/\/i0.wp.com\/www.shqiperia.com\/blog\/wp-content\/uploads\/2024\/08\/todas-las-corrientes-marinas.jpg?fit=960%2C578&ssl=1&resize=350%2C200","width":350,"height":200,"srcset":"https:\/\/i0.wp.com\/www.shqiperia.com\/blog\/wp-content\/uploads\/2024\/08\/todas-las-corrientes-marinas.jpg?fit=960%2C578&ssl=1&resize=350%2C200 1x, https:\/\/i0.wp.com\/www.shqiperia.com\/blog\/wp-content\/uploads\/2024\/08\/todas-las-corrientes-marinas.jpg?fit=960%2C578&ssl=1&resize=525%2C300 1.5x, https:\/\/i0.wp.com\/www.shqiperia.com\/blog\/wp-content\/uploads\/2024\/08\/todas-las-corrientes-marinas.jpg?fit=960%2C578&ssl=1&resize=700%2C400 2x"},"classes":[]},{"id":95045,"url":"https:\/\/www.shqiperia.com\/blog\/anomali-misterioze-mbi-atlantikun-jugor-nasa-paralajmeron-ndryshime-te-pazakonta-ne-fushen-magnetike-te-tokes\/","url_meta":{"origin":38129,"position":1},"title":"Anomali misterioze mbi Atlantikun Jugor, NASA paralajm\u00ebron ndryshime t\u00eb pazakonta n\u00eb fush\u00ebn magnetike t\u00eb Tok\u00ebs","author":"Kurt Farka","date":"November 21, 2025","format":false,"excerpt":"21 Nentor 2025 Prej vitesh, NASA po v\u00ebzhgon nj\u00eb anomali t\u00eb \u00e7uditshme n\u00eb fush\u00ebn magnetike t\u00eb Tok\u00ebs, nj\u00eb zon\u00eb gjigante me intensitet m\u00eb t\u00eb ul\u00ebt magnetik n\u00eb atmosfer\u00eb, q\u00eb shtrihet mes Amerik\u00ebs s\u00eb Jugut dhe Afrik\u00ebs Jugper\u00ebndimore. Kjo dukuri n\u00eb zhvillim quhet Anomalia e Atlantikut Jugor (South Atlantic Anomaly \u2013\u2026","rel":"","context":"In &quot;Blogu i Udh\u00ebtarit&quot;","block_context":{"text":"Blogu i Udh\u00ebtarit","link":"https:\/\/www.shqiperia.com\/blog\/category\/blogu-i-udhetarit\/"},"img":{"alt_text":"","src":"https:\/\/i0.wp.com\/www.shqiperia.com\/blog\/wp-content\/uploads\/2025\/11\/640-0-b269cadc98aa27e64720d4771b145e24.png?fit=640%2C378&ssl=1&resize=350%2C200","width":350,"height":200,"srcset":"https:\/\/i0.wp.com\/www.shqiperia.com\/blog\/wp-content\/uploads\/2025\/11\/640-0-b269cadc98aa27e64720d4771b145e24.png?fit=640%2C378&ssl=1&resize=350%2C200 1x, https:\/\/i0.wp.com\/www.shqiperia.com\/blog\/wp-content\/uploads\/2025\/11\/640-0-b269cadc98aa27e64720d4771b145e24.png?fit=640%2C378&ssl=1&resize=525%2C300 1.5x"},"classes":[]},{"id":97152,"url":"https:\/\/www.shqiperia.com\/blog\/zbulohet-rezervuar-gjigant-me-uje-te-embel-nen-oqeanin-atlantik-mund-te-furnizoje-nju-jorkun-per-800-vjet\/","url_meta":{"origin":38129,"position":2},"title":"Zbulohet rezervuar gjigant me uj\u00eb t\u00eb \u00ebmb\u00ebl n\u00ebn Oqeanin Atlantik, mund t\u00eb furnizoj\u00eb Nju Jorkun p\u00ebr 800 vjet","author":"Kurt Farka","date":"January 30, 2026","format":false,"excerpt":"30 Janar 2026 Nj\u00eb ekspedit\u00eb shkencore n\u00eb brigjet e Masa\u00e7usetsit ka konfirmuar ekzistenc\u00ebn e nj\u00eb rezervuari gjigant me uj\u00eb t\u00eb \u00ebmb\u00ebl t\u00eb fshehur n\u00ebn fundin e Oqeanit Atlantik, nj\u00eb zbulim i rrall\u00eb q\u00eb mund t\u00eb ndryshoj\u00eb m\u00ebnyr\u00ebn se si kuptohet historia e ujit n\u00eb Tok\u00eb. Sipas studiuesve, rezervuari \u00ebsht\u00eb rreth\u2026","rel":"","context":"In &quot;Blogu i Udh\u00ebtarit&quot;","block_context":{"text":"Blogu i Udh\u00ebtarit","link":"https:\/\/www.shqiperia.com\/blog\/category\/blogu-i-udhetarit\/"},"img":{"alt_text":"","src":"https:\/\/i0.wp.com\/www.shqiperia.com\/blog\/wp-content\/uploads\/2026\/01\/shba-3.jpg?fit=1124%2C675&ssl=1&resize=350%2C200","width":350,"height":200,"srcset":"https:\/\/i0.wp.com\/www.shqiperia.com\/blog\/wp-content\/uploads\/2026\/01\/shba-3.jpg?fit=1124%2C675&ssl=1&resize=350%2C200 1x, https:\/\/i0.wp.com\/www.shqiperia.com\/blog\/wp-content\/uploads\/2026\/01\/shba-3.jpg?fit=1124%2C675&ssl=1&resize=525%2C300 1.5x, https:\/\/i0.wp.com\/www.shqiperia.com\/blog\/wp-content\/uploads\/2026\/01\/shba-3.jpg?fit=1124%2C675&ssl=1&resize=700%2C400 2x, https:\/\/i0.wp.com\/www.shqiperia.com\/blog\/wp-content\/uploads\/2026\/01\/shba-3.jpg?fit=1124%2C675&ssl=1&resize=1050%2C600 3x"},"classes":[]},{"id":91587,"url":"https:\/\/www.shqiperia.com\/blog\/zbulohen-krijesa-te-cuditshme-ne-fundin-e-oqeanit-te-antarktides-derra-deti-merimanga-detare-dhe-nje-flutur-qe-leshon-veze\/","url_meta":{"origin":38129,"position":3},"title":"Zbulohen krijesa t\u00eb \u00e7uditshme n\u00eb fundin e oqeanit t\u00eb Antarktid\u00ebs: &#8216;derra deti&#8217;, merimanga detare dhe nj\u00eb &#8216;flutur&#8217; q\u00eb l\u00ebshon vez\u00eb","author":"Kurt Farka","date":"April 18, 2025","format":false,"excerpt":"18 Prill 2025 Shkenc\u00ebtar\u00ebt n\u00eb bordin e anijes akullthyese australiane RSV Nuyina kan\u00eb zbuluar krijesa t\u00eb \u00e7uditshme t\u00eb thell\u00ebsive detare gjat\u00eb nj\u00eb udh\u00ebtimi k\u00ebrkimor 60-ditor drejt Akullnaj\u00ebs Denman n\u00eb Antarktid\u00eb. Misioni synon t\u00eb studioj\u00eb ndikimin e ngrohjes s\u00eb temperaturave detare mbi k\u00ebt\u00eb akullnaj\u00eb q\u00eb po shkrihet me shpejt\u00ebsi dhe q\u00eb\u2026","rel":"","context":"In &quot;Blogu i Udh\u00ebtarit&quot;","block_context":{"text":"Blogu i Udh\u00ebtarit","link":"https:\/\/www.shqiperia.com\/blog\/category\/blogu-i-udhetarit\/"},"img":{"alt_text":"","src":"https:\/\/i0.wp.com\/www.shqiperia.com\/blog\/wp-content\/uploads\/2025\/04\/auto_RR-16-04-creepy-sealife_COMP_901f2b1744822938.webp?fit=620%2C413&ssl=1&resize=350%2C200","width":350,"height":200,"srcset":"https:\/\/i0.wp.com\/www.shqiperia.com\/blog\/wp-content\/uploads\/2025\/04\/auto_RR-16-04-creepy-sealife_COMP_901f2b1744822938.webp?fit=620%2C413&ssl=1&resize=350%2C200 1x, https:\/\/i0.wp.com\/www.shqiperia.com\/blog\/wp-content\/uploads\/2025\/04\/auto_RR-16-04-creepy-sealife_COMP_901f2b1744822938.webp?fit=620%2C413&ssl=1&resize=525%2C300 1.5x"},"classes":[]},{"id":39623,"url":"https:\/\/www.shqiperia.com\/blog\/na-pret-nje-mot-i-acarte-si-ne-kohet-e-vjetra-si-parashikohet-te-jete-dimri-i-vitit-2020-21\/","url_meta":{"origin":38129,"position":4},"title":"Na pret nj\u00eb mot i acart\u00eb si n\u00eb koh\u00ebt e vjetra. &#8211; Si parashikohet t\u00eb jet\u00eb dimri i vitit 2020-21","author":"Kurt Farka","date":"October 13, 2020","format":false,"excerpt":"Na pret nj\u00eb mot i acart\u00eb si n\u00eb koh\u00ebt e vjetra. - Si parashikohet t\u00eb jet\u00eb dimri i vitit 2020-21 13 tetor 2020 Moti dit\u00ebt e fundit ka sh\u00ebnuar r\u00ebnie t\u00eb temperaturave dhe \u00ebsht\u00eb shoq\u00ebruar me reshje t\u00eb furishme shiu. Parashikimet e motit n\u00eb Itali parashikojn\u00eb p\u00ebr dit\u00ebt n\u00eb vazhdim,\u2026","rel":"","context":"In &quot;Blogu i Udh\u00ebtarit&quot;","block_context":{"text":"Blogu i Udh\u00ebtarit","link":"https:\/\/www.shqiperia.com\/blog\/category\/blogu-i-udhetarit\/"},"img":{"alt_text":"","src":"https:\/\/i0.wp.com\/www.shqiperia.com\/blog\/wp-content\/uploads\/2020\/10\/importedImage293472_header-905x450-1.jpg?fit=905%2C450&ssl=1&resize=350%2C200","width":350,"height":200,"srcset":"https:\/\/i0.wp.com\/www.shqiperia.com\/blog\/wp-content\/uploads\/2020\/10\/importedImage293472_header-905x450-1.jpg?fit=905%2C450&ssl=1&resize=350%2C200 1x, https:\/\/i0.wp.com\/www.shqiperia.com\/blog\/wp-content\/uploads\/2020\/10\/importedImage293472_header-905x450-1.jpg?fit=905%2C450&ssl=1&resize=525%2C300 1.5x, https:\/\/i0.wp.com\/www.shqiperia.com\/blog\/wp-content\/uploads\/2020\/10\/importedImage293472_header-905x450-1.jpg?fit=905%2C450&ssl=1&resize=700%2C400 2x"},"classes":[]},{"id":9129,"url":"https:\/\/www.shqiperia.com\/blog\/zbulohet-gjurma-me-e-vjeter-ne-bote\/","url_meta":{"origin":38129,"position":5},"title":"Zbulohet gjurma m\u00eb e vjet\u00ebr n\u00eb bot\u00eb. &#8211;","author":"Kurt Farka","date":"June 25, 2018","format":false,"excerpt":"Zbulohet gjurma m\u00eb e vjet\u00ebr n\u00eb bot\u00eb. - Neil Armstrong la gjurm\u00ebn e tij t\u00eb par\u00eb n\u00eb H\u00ebn\u00eb n\u00eb 20 korrik 1969. Po n\u00eb tok\u00eb, kur e \u00ebsht\u00eb l\u00ebn\u00eb gjurma e kafsh\u00ebve? Nuk e dim\u00eb me sakt\u00ebsi se kur e kan\u00eb l\u00ebn\u00eb kafsh\u00ebt gjurm\u00ebn e tyre t\u00eb par\u00eb, por gjurma\u2026","rel":"","context":"In &quot;Blogu i Udh\u00ebtarit&quot;","block_context":{"text":"Blogu i Udh\u00ebtarit","link":"https:\/\/www.shqiperia.com\/blog\/category\/blogu-i-udhetarit\/"},"img":{"alt_text":"","src":"https:\/\/i0.wp.com\/www.shqiperia.com\/blog\/wp-content\/uploads\/2018\/06\/gjurme-730x322.jpg?fit=389%2C258&ssl=1&resize=350%2C200","width":350,"height":200},"classes":[]}],"_links":{"self":[{"href":"https:\/\/www.shqiperia.com\/blog\/wp-json\/wp\/v2\/posts\/38129","targetHints":{"allow":["GET"]}}],"collection":[{"href":"https:\/\/www.shqiperia.com\/blog\/wp-json\/wp\/v2\/posts"}],"about":[{"href":"https:\/\/www.shqiperia.com\/blog\/wp-json\/wp\/v2\/types\/post"}],"author":[{"embeddable":true,"href":"https:\/\/www.shqiperia.com\/blog\/wp-json\/wp\/v2\/users\/9"}],"replies":[{"embeddable":true,"href":"https:\/\/www.shqiperia.com\/blog\/wp-json\/wp\/v2\/comments?post=38129"}],"version-history":[{"count":1,"href":"https:\/\/www.shqiperia.com\/blog\/wp-json\/wp\/v2\/posts\/38129\/revisions"}],"predecessor-version":[{"id":38131,"href":"https:\/\/www.shqiperia.com\/blog\/wp-json\/wp\/v2\/posts\/38129\/revisions\/38131"}],"wp:featuredmedia":[{"embeddable":true,"href":"https:\/\/www.shqiperia.com\/blog\/wp-json\/wp\/v2\/media\/38130"}],"wp:attachment":[{"href":"https:\/\/www.shqiperia.com\/blog\/wp-json\/wp\/v2\/media?parent=38129"}],"wp:term":[{"taxonomy":"category","embeddable":true,"href":"https:\/\/www.shqiperia.com\/blog\/wp-json\/wp\/v2\/categories?post=38129"},{"taxonomy":"post_tag","embeddable":true,"href":"https:\/\/www.shqiperia.com\/blog\/wp-json\/wp\/v2\/tags?post=38129"}],"curies":[{"name":"wp","href":"https:\/\/api.w.org\/{rel}","templated":true}]}}