{"id":38125,"date":"2020-09-05T15:17:24","date_gmt":"2020-09-05T15:17:24","guid":{"rendered":"https:\/\/www.shqiperia.com\/blog\/?p=38125"},"modified":"2020-09-05T15:17:24","modified_gmt":"2020-09-05T15:17:24","slug":"marreveshja-kosove-serbi-ne-shtepine-e-bardhe-vjen-mesazhi-i-forte-nga-be","status":"publish","type":"post","link":"https:\/\/www.shqiperia.com\/blog\/marreveshja-kosove-serbi-ne-shtepine-e-bardhe-vjen-mesazhi-i-forte-nga-be\/","title":{"rendered":"Marr\u00ebveshja Kosov\u00eb-Serbi n\u00eb Sht\u00ebpin\u00eb e Bardh\u00eb \/ Vjen mesazhi i fort\u00eb nga BE"},"content":{"rendered":"<p><img data-recalc-dims=\"1\" loading=\"lazy\" decoding=\"async\" data-attachment-id=\"38126\" data-permalink=\"https:\/\/www.shqiperia.com\/blog\/marreveshja-kosove-serbi-ne-shtepine-e-bardhe-vjen-mesazhi-i-forte-nga-be\/800-0-5f527b96dbf29\/\" data-orig-file=\"https:\/\/i0.wp.com\/www.shqiperia.com\/blog\/wp-content\/uploads\/2020\/09\/800-0-5f527b96dbf29.jpg?fit=800%2C450&amp;ssl=1\" data-orig-size=\"800,450\" data-comments-opened=\"1\" data-image-meta=\"{&quot;aperture&quot;:&quot;0&quot;,&quot;credit&quot;:&quot;&quot;,&quot;camera&quot;:&quot;&quot;,&quot;caption&quot;:&quot;&quot;,&quot;created_timestamp&quot;:&quot;0&quot;,&quot;copyright&quot;:&quot;&quot;,&quot;focal_length&quot;:&quot;0&quot;,&quot;iso&quot;:&quot;0&quot;,&quot;shutter_speed&quot;:&quot;0&quot;,&quot;title&quot;:&quot;&quot;,&quot;orientation&quot;:&quot;0&quot;}\" data-image-title=\"-800-0-5f527b96dbf29\" data-image-description=\"\" data-image-caption=\"\" data-medium-file=\"https:\/\/i0.wp.com\/www.shqiperia.com\/blog\/wp-content\/uploads\/2020\/09\/800-0-5f527b96dbf29.jpg?fit=300%2C169&amp;ssl=1\" data-large-file=\"https:\/\/i0.wp.com\/www.shqiperia.com\/blog\/wp-content\/uploads\/2020\/09\/800-0-5f527b96dbf29.jpg?fit=800%2C450&amp;ssl=1\" class=\"alignnone  wp-image-38126\" alt=\"\" src=\"https:\/\/i0.wp.com\/www.shqiperia.com\/blog\/wp-content\/uploads\/2020\/09\/800-0-5f527b96dbf29.jpg?resize=438%2C247&#038;ssl=1\" width=\"438\" height=\"247\" srcset=\"https:\/\/i0.wp.com\/www.shqiperia.com\/blog\/wp-content\/uploads\/2020\/09\/800-0-5f527b96dbf29.jpg?resize=300%2C169&amp;ssl=1 300w, https:\/\/i0.wp.com\/www.shqiperia.com\/blog\/wp-content\/uploads\/2020\/09\/800-0-5f527b96dbf29.jpg?resize=768%2C432&amp;ssl=1 768w, https:\/\/i0.wp.com\/www.shqiperia.com\/blog\/wp-content\/uploads\/2020\/09\/800-0-5f527b96dbf29.jpg?resize=450%2C253&amp;ssl=1 450w, https:\/\/i0.wp.com\/www.shqiperia.com\/blog\/wp-content\/uploads\/2020\/09\/800-0-5f527b96dbf29.jpg?resize=600%2C338&amp;ssl=1 600w, https:\/\/i0.wp.com\/www.shqiperia.com\/blog\/wp-content\/uploads\/2020\/09\/800-0-5f527b96dbf29.jpg?resize=400%2C225&amp;ssl=1 400w, https:\/\/i0.wp.com\/www.shqiperia.com\/blog\/wp-content\/uploads\/2020\/09\/800-0-5f527b96dbf29.jpg?w=800&amp;ssl=1 800w\" sizes=\"auto, (max-width: 438px) 100vw, 438px\" \/><\/p>\n<p>Marr\u00ebveshja Kosov\u00eb-Serbi n\u00eb Sht\u00ebpin\u00eb e Bardh\u00eb \/ Vjen mesazhi i fort\u00eb nga BE<\/p>\n<p>4 SHTATOR 2020<\/p>\n<p>Bashkimi Evropian thot\u00eb se e ka n\u00eb v\u00ebmendje n\u00ebnshkrimin e dokumentit midis Beogradit dhe Prishtin\u00ebs n\u00eb Sht\u00ebpin\u00eb e Bardh\u00eb.<\/p>\n<p>\u201cNe mir\u00ebpresim pal\u00ebt n\u00eb Bruksel k\u00ebt\u00eb fundjav\u00eb dhe jav\u00ebn e ardhshme p\u00ebr t\u00eb vazhduar pun\u00ebn ton\u00eb n\u00eb nj\u00eb marr\u00ebveshje gjith\u00ebp\u00ebrfshir\u00ebse p\u00ebr normalizimin e marr\u00ebdh\u00ebnieve midis Kosov\u00ebs dhe Serbis\u00eb, q\u00eb ka t\u00eb b\u00ebj\u00eb me t\u00eb gjitha \u00e7\u00ebshtjet e pazgjidhura n\u00eb lidhje me marr\u00ebdh\u00ebniet e tyre, dhe n\u00eb p\u00ebrputhje me ligjin nd\u00ebrkomb\u00ebtar dhe at\u00eb t\u00eb BE-s\u00eb \u201c,\u00a0ka th\u00ebn\u00eb Peter Stano, z\u00ebdh\u00ebn\u00ebs i P\u00ebrfaq\u00ebsuesit t\u00eb Lart\u00eb p\u00ebr Politik\u00eb t\u00eb Jashtme n\u00eb Bashkimin Evropian, Josep Borrell.<\/p>\n<p>Gazeta Sot<\/p>\n","protected":false},"excerpt":{"rendered":"<p>Marr\u00ebveshja Kosov\u00eb-Serbi n\u00eb Sht\u00ebpin\u00eb e Bardh\u00eb \/ Vjen mesazhi i fort\u00eb nga BE 4 SHTATOR 2020 Bashkimi Evropian thot\u00eb se e ka n\u00eb v\u00ebmendje n\u00ebnshkrimin e dokumentit midis Beogradit dhe Prishtin\u00ebs n\u00eb Sht\u00ebpin\u00eb e Bardh\u00eb. \u201cNe mir\u00ebpresim pal\u00ebt n\u00eb Bruksel k\u00ebt\u00eb fundjav\u00eb dhe jav\u00ebn e ardhshme p\u00ebr t\u00eb vazhduar pun\u00ebn ton\u00eb n\u00eb nj\u00eb marr\u00ebveshje gjith\u00ebp\u00ebrfshir\u00ebse [&hellip;]<\/p>\n","protected":false},"author":9,"featured_media":38126,"comment_status":"open","ping_status":"open","sticky":false,"template":"","format":"standard","meta":{"jetpack_post_was_ever_published":false,"_jetpack_newsletter_access":"","_jetpack_dont_email_post_to_subs":false,"_jetpack_newsletter_tier_id":0,"_jetpack_memberships_contains_paywalled_content":false,"_jetpack_memberships_contains_paid_content":false,"footnotes":"","jetpack_publicize_message":"","jetpack_publicize_feature_enabled":true,"jetpack_social_post_already_shared":true,"jetpack_social_options":{"image_generator_settings":{"template":"highway","default_image_id":0,"font":"","enabled":false},"version":2}},"categories":[27,2],"tags":[],"class_list":["post-38125","post","type-post","status-publish","format-standard","has-post-thumbnail","hentry","category-blogu-i-udhetarit","category-politika"],"jetpack_publicize_connections":[],"jetpack_featured_media_url":"https:\/\/i0.wp.com\/www.shqiperia.com\/blog\/wp-content\/uploads\/2020\/09\/800-0-5f527b96dbf29.jpg?fit=800%2C450&ssl=1","jetpack_sharing_enabled":true,"jetpack_shortlink":"https:\/\/wp.me\/p5Z6wp-9UV","jetpack-related-posts":[{"id":38000,"url":"https:\/\/www.shqiperia.com\/blog\/perfundon-takimi-kosove-serbi-ne-shtepine-e-bardhe-kryeministri-hoti-jep-detaje\/","url_meta":{"origin":38125,"position":0},"title":"P\u00ebrfundon takimi Kosov\u00eb-Serbi n\u00eb Sht\u00ebpin\u00eb e Bardh\u00eb, kryeministri Hoti jep detaje","author":"Kurt Farka","date":"September 3, 2020","format":false,"excerpt":"P\u00ebrfundon takimi Kosov\u00eb-Serbi n\u00eb Sht\u00ebpin\u00eb e Bardh\u00eb, kryeministri Hoti jep detaje 3 SHTATOR 2020 Ka p\u00ebrfunduar takimi mes kryeministrit t\u00eb Kosov\u00ebs, Avdullah Hotit dhe Presidentit t\u00eb Serbis\u00eb, Aleksand\u00ebr Aleksand\u00ebr Vu\u00e7i\u00e7 n\u00eb Sht\u00ebpin\u00eb e Bardh\u00eb. N\u00eb nj\u00eb konferenc\u00eb para mediave, Hoti tha se nes\u00ebr pritet t\u00eb finalizohet diskutimi q\u00eb kan\u00eb pasur\u2026","rel":"","context":"In &quot;Blogu i Udh\u00ebtarit&quot;","block_context":{"text":"Blogu i Udh\u00ebtarit","link":"https:\/\/www.shqiperia.com\/blog\/category\/blogu-i-udhetarit\/"},"img":{"alt_text":"","src":"https:\/\/i0.wp.com\/www.shqiperia.com\/blog\/wp-content\/uploads\/2020\/09\/640-0-5f5148aa5b32d.png?fit=640%2C384&ssl=1&resize=350%2C200","width":350,"height":200,"srcset":"https:\/\/i0.wp.com\/www.shqiperia.com\/blog\/wp-content\/uploads\/2020\/09\/640-0-5f5148aa5b32d.png?fit=640%2C384&ssl=1&resize=350%2C200 1x, https:\/\/i0.wp.com\/www.shqiperia.com\/blog\/wp-content\/uploads\/2020\/09\/640-0-5f5148aa5b32d.png?fit=640%2C384&ssl=1&resize=525%2C300 1.5x"},"classes":[]},{"id":38135,"url":"https:\/\/www.shqiperia.com\/blog\/marreveshja-ne-shtepine-e-bardhe-diplomati-nesho-zbulon-prapaskenat-dhe-paralajmeron-kosoven-kujdes-me-levizjet-e-radhes\/","url_meta":{"origin":38125,"position":1},"title":"Marr\u00ebveshja n\u00eb Sht\u00ebpin\u00eb e Bardh\u00eb, diplomati Nesho zbulon prapaskenat dhe paralajm\u00ebron Kosov\u00ebn: Kujdes me l\u00ebvizjet e radh\u00ebs!","author":"Kurt Farka","date":"September 6, 2020","format":false,"excerpt":"Marr\u00ebveshja n\u00eb Sht\u00ebpin\u00eb e Bardh\u00eb, diplomati Nesho zbulon prapaskenat dhe paralajm\u00ebron Kosov\u00ebn: Kujdes me l\u00ebvizjet e radh\u00ebs! 5 SHTATOR 2020 Diplomati shqiptar, Agim Nesho, komentoi marr\u00ebveshjen e arritur mbr\u00ebmjen e kaluar n\u00eb Sht\u00ebpin\u00eb e Bardhe mes Kosov\u00ebs dhe Serbis\u00eb. I ftuar n\u00eb rubrik\u00ebn \u201cOpinion\u201d, n\u00eb Ne\u00ebs24, diplomati i njohur paralajm\u00ebroi\u2026","rel":"","context":"In &quot;Blogu i Udh\u00ebtarit&quot;","block_context":{"text":"Blogu i Udh\u00ebtarit","link":"https:\/\/www.shqiperia.com\/blog\/category\/blogu-i-udhetarit\/"},"img":{"alt_text":"","src":"https:\/\/i0.wp.com\/www.shqiperia.com\/blog\/wp-content\/uploads\/2020\/09\/Agim-Nezho.jpg?fit=800%2C450&ssl=1&resize=350%2C200","width":350,"height":200,"srcset":"https:\/\/i0.wp.com\/www.shqiperia.com\/blog\/wp-content\/uploads\/2020\/09\/Agim-Nezho.jpg?fit=800%2C450&ssl=1&resize=350%2C200 1x, https:\/\/i0.wp.com\/www.shqiperia.com\/blog\/wp-content\/uploads\/2020\/09\/Agim-Nezho.jpg?fit=800%2C450&ssl=1&resize=525%2C300 1.5x, https:\/\/i0.wp.com\/www.shqiperia.com\/blog\/wp-content\/uploads\/2020\/09\/Agim-Nezho.jpg?fit=800%2C450&ssl=1&resize=700%2C400 2x"},"classes":[]},{"id":38107,"url":"https:\/\/www.shqiperia.com\/blog\/ate-qe-nuk-e-arriti-me-lufte-serbia-po-e-synon-me-marreveshje-vjen-reagimi-i-forte-i-biberaj-per-daljen-e-serbise-ne-det\/","url_meta":{"origin":38125,"position":2},"title":"\u201cAt\u00eb q\u00eb nuk e arriti me luft\u00eb, Serbia po e synon me marr\u00ebveshje\u201d, vjen reagimi i fort\u00eb i Biberaj p\u00ebr daljen e Serbis\u00eb n\u00eb det\u2026","author":"Kurt Farka","date":"September 5, 2020","format":false,"excerpt":"\u201cAt\u00eb q\u00eb nuk e arriti me luft\u00eb, Serbia po e synon me marr\u00ebveshje\u201d, vjen reagimi i fort\u00eb i Biberaj p\u00ebr daljen e Serbis\u00eb n\u00eb det\u2026 5 SHTATOR 2020 Pas marr\u00ebveshjes historike t\u00eb dit\u00ebs s\u00eb djeshme,\u00a0q\u00eb u b\u00eb n\u00eb Sht\u00ebpin\u00eb e Bardh\u00eb n\u00eb prani t\u00eb presidentit amerikan Donald Trump, teksa shprehet\u2026","rel":"","context":"In &quot;Blogu i Udh\u00ebtarit&quot;","block_context":{"text":"Blogu i Udh\u00ebtarit","link":"https:\/\/www.shqiperia.com\/blog\/category\/blogu-i-udhetarit\/"},"img":{"alt_text":"","src":"https:\/\/i0.wp.com\/www.shqiperia.com\/blog\/wp-content\/uploads\/2020\/09\/800-0-4eab79b5341677e77a71edec01f65eac.jpg?fit=800%2C556&ssl=1&resize=350%2C200","width":350,"height":200,"srcset":"https:\/\/i0.wp.com\/www.shqiperia.com\/blog\/wp-content\/uploads\/2020\/09\/800-0-4eab79b5341677e77a71edec01f65eac.jpg?fit=800%2C556&ssl=1&resize=350%2C200 1x, https:\/\/i0.wp.com\/www.shqiperia.com\/blog\/wp-content\/uploads\/2020\/09\/800-0-4eab79b5341677e77a71edec01f65eac.jpg?fit=800%2C556&ssl=1&resize=525%2C300 1.5x, https:\/\/i0.wp.com\/www.shqiperia.com\/blog\/wp-content\/uploads\/2020\/09\/800-0-4eab79b5341677e77a71edec01f65eac.jpg?fit=800%2C556&ssl=1&resize=700%2C400 2x"},"classes":[]},{"id":36054,"url":"https:\/\/www.shqiperia.com\/blog\/rinis-me-12-korrik-dialogu-kosove-serbi-hoti-dhe-vucic-takohen-ne-bruksel\/","url_meta":{"origin":38125,"position":3},"title":"Rinis m\u00eb 12 korrik dialogu Kosov\u00eb-Serbi, Hoti dhe Vu\u00e7i\u00e7 takohen n\u00eb Bruksel","author":"Kurt Farka","date":"July 6, 2020","format":false,"excerpt":"Rinis m\u00eb 12 korrik dialogu Kosov\u00eb-Serbi, Hoti dhe Vu\u00e7i\u00e7 takohen n\u00eb Bruksel 6 korrik 2020 Dialogu nd\u00ebrmjet Kosov\u00ebs dhe Serbis\u00eb, me nd\u00ebrmjet\u00ebsimin e Bashkimit Evropian, do t\u00eb rinis\u00eb m\u00eb 12 korrik. Z\u00ebdh\u00ebn\u00ebsi i Bashkimit Evropian, Peter Stano, ka konfirmuar t\u00eb h\u00ebn\u00ebn, se kryeministri i Kosov\u00ebs, Avdullah Hoti dhe presidenti i\u2026","rel":"","context":"In &quot;Blogu i Udh\u00ebtarit&quot;","block_context":{"text":"Blogu i Udh\u00ebtarit","link":"https:\/\/www.shqiperia.com\/blog\/category\/blogu-i-udhetarit\/"},"img":{"alt_text":"","src":"https:\/\/i0.wp.com\/www.shqiperia.com\/blog\/wp-content\/uploads\/2020\/07\/Avdullah-Hoti-Vuvic-1-905x450-1.png?fit=905%2C450&ssl=1&resize=350%2C200","width":350,"height":200,"srcset":"https:\/\/i0.wp.com\/www.shqiperia.com\/blog\/wp-content\/uploads\/2020\/07\/Avdullah-Hoti-Vuvic-1-905x450-1.png?fit=905%2C450&ssl=1&resize=350%2C200 1x, https:\/\/i0.wp.com\/www.shqiperia.com\/blog\/wp-content\/uploads\/2020\/07\/Avdullah-Hoti-Vuvic-1-905x450-1.png?fit=905%2C450&ssl=1&resize=525%2C300 1.5x, https:\/\/i0.wp.com\/www.shqiperia.com\/blog\/wp-content\/uploads\/2020\/07\/Avdullah-Hoti-Vuvic-1-905x450-1.png?fit=905%2C450&ssl=1&resize=700%2C400 2x"},"classes":[]},{"id":69841,"url":"https:\/\/www.shqiperia.com\/blog\/marreveshja-kosove-serbi-reagon-uashingtoni\/","url_meta":{"origin":38125,"position":4},"title":"Marr\u00ebveshja Kosov\u00eb-Serbi, reagon Uashingtoni","author":"Kurt Farka","date":"March 19, 2023","format":false,"excerpt":"19 Mars 2023 Adrienne Watson, z\u00ebdh\u00ebn\u00ebse e K\u00ebshillit t\u00eb Siguris\u00eb Komb\u00ebtare n\u00eb SHBA, ka reaguar p\u00ebr takimin e 18 marsit n\u00eb Oh\u00ebr, n\u00eb t\u00eb cilin kryeministri Kurti dhe presidenti serb Vu\u00e7iq jan\u00eb pajtuar q\u00eb ta implementojn\u00eb zbatimin e marr\u00ebveshjes s\u00eb dakorduar m\u00eb 27 shkurt n\u00eb Bruksel. N\u00eb nj\u00eb postim n\u00eb\u2026","rel":"","context":"In &quot;Blogu i Udh\u00ebtarit&quot;","block_context":{"text":"Blogu i Udh\u00ebtarit","link":"https:\/\/www.shqiperia.com\/blog\/category\/blogu-i-udhetarit\/"},"img":{"alt_text":"","src":"https:\/\/i0.wp.com\/www.shqiperia.com\/blog\/wp-content\/uploads\/2023\/03\/96121676189433.jpg?fit=900%2C600&ssl=1&resize=350%2C200","width":350,"height":200,"srcset":"https:\/\/i0.wp.com\/www.shqiperia.com\/blog\/wp-content\/uploads\/2023\/03\/96121676189433.jpg?fit=900%2C600&ssl=1&resize=350%2C200 1x, https:\/\/i0.wp.com\/www.shqiperia.com\/blog\/wp-content\/uploads\/2023\/03\/96121676189433.jpg?fit=900%2C600&ssl=1&resize=525%2C300 1.5x, https:\/\/i0.wp.com\/www.shqiperia.com\/blog\/wp-content\/uploads\/2023\/03\/96121676189433.jpg?fit=900%2C600&ssl=1&resize=700%2C400 2x"},"classes":[]},{"id":68981,"url":"https:\/\/www.shqiperia.com\/blog\/biden-dhe-scholz-takohen-ne-shtepine-e-bardhe\/","url_meta":{"origin":38125,"position":5},"title":"Biden dhe Scholz takohen n\u00eb Sht\u00ebpin\u00eb e Bardh\u00eb","author":"Kurt Farka","date":"March 4, 2023","format":false,"excerpt":"4 Mars 2023 Kancelari gjerman, Olaf Scholz, tha se aleat\u00ebt per\u00ebndimor\u00eb do ta mb\u00ebshtesin Ukrain\u00ebn p\u00ebr \u201cp\u00ebr sa koh\u00eb q\u00eb duhet\u201d, teksa vizitoi Sht\u00ebpin\u00eb e Bardh\u00eb t\u00eb premten p\u00ebr nj\u00eb takim privat me presidentin amerikan, Joe Biden. \u201cKy \u00ebsht\u00eb nj\u00eb vit shum\u00eb, shum\u00eb i r\u00ebnd\u00ebsish\u00ebm p\u00ebr shkak t\u00eb k\u00ebrc\u00ebnimit t\u00eb\u2026","rel":"","context":"In &quot;Blogu i Udh\u00ebtarit&quot;","block_context":{"text":"Blogu i Udh\u00ebtarit","link":"https:\/\/www.shqiperia.com\/blog\/category\/blogu-i-udhetarit\/"},"img":{"alt_text":"","src":"https:\/\/i0.wp.com\/www.shqiperia.com\/blog\/wp-content\/uploads\/2023\/03\/1677876311_scholz-770x433-1.jpg?fit=770%2C433&ssl=1&resize=350%2C200","width":350,"height":200,"srcset":"https:\/\/i0.wp.com\/www.shqiperia.com\/blog\/wp-content\/uploads\/2023\/03\/1677876311_scholz-770x433-1.jpg?fit=770%2C433&ssl=1&resize=350%2C200 1x, https:\/\/i0.wp.com\/www.shqiperia.com\/blog\/wp-content\/uploads\/2023\/03\/1677876311_scholz-770x433-1.jpg?fit=770%2C433&ssl=1&resize=525%2C300 1.5x, https:\/\/i0.wp.com\/www.shqiperia.com\/blog\/wp-content\/uploads\/2023\/03\/1677876311_scholz-770x433-1.jpg?fit=770%2C433&ssl=1&resize=700%2C400 2x"},"classes":[]}],"_links":{"self":[{"href":"https:\/\/www.shqiperia.com\/blog\/wp-json\/wp\/v2\/posts\/38125","targetHints":{"allow":["GET"]}}],"collection":[{"href":"https:\/\/www.shqiperia.com\/blog\/wp-json\/wp\/v2\/posts"}],"about":[{"href":"https:\/\/www.shqiperia.com\/blog\/wp-json\/wp\/v2\/types\/post"}],"author":[{"embeddable":true,"href":"https:\/\/www.shqiperia.com\/blog\/wp-json\/wp\/v2\/users\/9"}],"replies":[{"embeddable":true,"href":"https:\/\/www.shqiperia.com\/blog\/wp-json\/wp\/v2\/comments?post=38125"}],"version-history":[{"count":1,"href":"https:\/\/www.shqiperia.com\/blog\/wp-json\/wp\/v2\/posts\/38125\/revisions"}],"predecessor-version":[{"id":38127,"href":"https:\/\/www.shqiperia.com\/blog\/wp-json\/wp\/v2\/posts\/38125\/revisions\/38127"}],"wp:featuredmedia":[{"embeddable":true,"href":"https:\/\/www.shqiperia.com\/blog\/wp-json\/wp\/v2\/media\/38126"}],"wp:attachment":[{"href":"https:\/\/www.shqiperia.com\/blog\/wp-json\/wp\/v2\/media?parent=38125"}],"wp:term":[{"taxonomy":"category","embeddable":true,"href":"https:\/\/www.shqiperia.com\/blog\/wp-json\/wp\/v2\/categories?post=38125"},{"taxonomy":"post_tag","embeddable":true,"href":"https:\/\/www.shqiperia.com\/blog\/wp-json\/wp\/v2\/tags?post=38125"}],"curies":[{"name":"wp","href":"https:\/\/api.w.org\/{rel}","templated":true}]}}