{"id":38122,"date":"2020-09-05T14:17:36","date_gmt":"2020-09-05T14:17:36","guid":{"rendered":"https:\/\/www.shqiperia.com\/blog\/?p=38122"},"modified":"2020-09-05T14:17:36","modified_gmt":"2020-09-05T14:17:36","slug":"bomba-e-vucic-marreveshjen-e-beme-me-shba-ne-jo-me-kosoven","status":"publish","type":"post","link":"https:\/\/www.shqiperia.com\/blog\/bomba-e-vucic-marreveshjen-e-beme-me-shba-ne-jo-me-kosoven\/","title":{"rendered":"\u201cBomba\u201d e Vu\u00e7i\u00e7: Marr\u00ebveshjen e b\u00ebm\u00eb me SHBA-n\u00eb, jo me Kosov\u00ebn."},"content":{"rendered":"<p><img data-recalc-dims=\"1\" loading=\"lazy\" decoding=\"async\" data-attachment-id=\"38123\" data-permalink=\"https:\/\/www.shqiperia.com\/blog\/bomba-e-vucic-marreveshjen-e-beme-me-shba-ne-jo-me-kosoven\/640-0-5f53749ed2307\/\" data-orig-file=\"https:\/\/i0.wp.com\/www.shqiperia.com\/blog\/wp-content\/uploads\/2020\/09\/640-0-5f53749ed2307.jpg?fit=640%2C426&amp;ssl=1\" data-orig-size=\"640,426\" data-comments-opened=\"1\" data-image-meta=\"{&quot;aperture&quot;:&quot;0&quot;,&quot;credit&quot;:&quot;&quot;,&quot;camera&quot;:&quot;&quot;,&quot;caption&quot;:&quot;&quot;,&quot;created_timestamp&quot;:&quot;0&quot;,&quot;copyright&quot;:&quot;&quot;,&quot;focal_length&quot;:&quot;0&quot;,&quot;iso&quot;:&quot;0&quot;,&quot;shutter_speed&quot;:&quot;0&quot;,&quot;title&quot;:&quot;&quot;,&quot;orientation&quot;:&quot;0&quot;}\" data-image-title=\"-640-0-5f53749ed2307\" data-image-description=\"\" data-image-caption=\"\" data-medium-file=\"https:\/\/i0.wp.com\/www.shqiperia.com\/blog\/wp-content\/uploads\/2020\/09\/640-0-5f53749ed2307.jpg?fit=300%2C200&amp;ssl=1\" data-large-file=\"https:\/\/i0.wp.com\/www.shqiperia.com\/blog\/wp-content\/uploads\/2020\/09\/640-0-5f53749ed2307.jpg?fit=640%2C426&amp;ssl=1\" class=\"alignnone  wp-image-38123\" alt=\"\" src=\"https:\/\/i0.wp.com\/www.shqiperia.com\/blog\/wp-content\/uploads\/2020\/09\/640-0-5f53749ed2307.jpg?resize=530%2C353&#038;ssl=1\" width=\"530\" height=\"353\" srcset=\"https:\/\/i0.wp.com\/www.shqiperia.com\/blog\/wp-content\/uploads\/2020\/09\/640-0-5f53749ed2307.jpg?resize=300%2C200&amp;ssl=1 300w, https:\/\/i0.wp.com\/www.shqiperia.com\/blog\/wp-content\/uploads\/2020\/09\/640-0-5f53749ed2307.jpg?resize=600%2C399&amp;ssl=1 600w, https:\/\/i0.wp.com\/www.shqiperia.com\/blog\/wp-content\/uploads\/2020\/09\/640-0-5f53749ed2307.jpg?resize=450%2C300&amp;ssl=1 450w, https:\/\/i0.wp.com\/www.shqiperia.com\/blog\/wp-content\/uploads\/2020\/09\/640-0-5f53749ed2307.jpg?resize=400%2C266&amp;ssl=1 400w, https:\/\/i0.wp.com\/www.shqiperia.com\/blog\/wp-content\/uploads\/2020\/09\/640-0-5f53749ed2307.jpg?w=640&amp;ssl=1 640w\" sizes=\"auto, (max-width: 530px) 100vw, 530px\" \/><\/p>\n<p><strong>\u201cBomba\u201d e Vu\u00e7i\u00e7: Marr\u00ebveshjen e b\u00ebm\u00eb me SHBA-n\u00eb, jo me Kosov\u00ebn.<\/strong><\/p>\n<p><strong>\u00a05 SHTATOR 2020<\/strong><\/p>\n<p>Aleksand\u00ebr Vu\u00e7i\u00e7 u shpreh i k\u00ebnaqur me at\u00eb \u00e7far\u00eb u arrit n\u00eb takimin e Washingtonit. por presidenti serb e theksoi qart\u00eb se n\u00eb Sht\u00ebpin\u00eb e Bardh\u00eb, Serbia arriti nj\u00eb marr\u00ebveshje bilaterale me SHBA-n\u00eb. \u201cNuk \u00ebsht\u00eb marr\u00ebveshje trepal\u00ebshe, dhe ky \u00ebsht\u00eb nj\u00eb dallim i r\u00ebnd\u00ebsish\u00ebm\u201d, u shpreh kreu i shtetit serb.<\/p>\n<p>\u00cbsht\u00eb nj\u00eb marr\u00ebveshje biletarale nd\u00ebrmjet republik\u00ebs s\u00eb Serbis\u00eb dhe SHBA-s\u00eb, pra pal\u00ebn e tret\u00eb nuk e kemi pranuar si subjekt t\u00eb s\u00eb drejt\u00ebs komb\u00ebtare. Kjo p\u00ebr neve ka qen\u00eb me shum\u00eb r\u00ebnd\u00ebsi. Do ta shihni se ky fakt b\u00ebhet edhe m\u00eb I r\u00ebnd\u00ebsish\u00ebm kur t\u00eb arrijm\u00eb n\u00eb nj\u00eb pik\u00eb t\u00eb v\u00ebshtir\u00eb p\u00ebr ne\u2026p\u00ebr t\u00eb paditurit q\u00eb thoshin se jan\u00eb tre pika, u them se jan\u00eb 16. P<\/p>\n<p>ra, 16 pika kemi ne nj\u00eb marr\u00ebveshje, 16 kan\u00eb shqiptar\u00ebt, por nuk I kemi t\u00eb gjitha pikat t\u00eb nj\u00ebjta&#8221;, tha Vu\u00e7i\u00e7. Ai shtoi\u00a0m\u00eb tej se shqiptar\u00ebt kan\u00eb kund\u00ebrshtuar tre gj\u00ebra: e para nga sa pretendon ai, ata ishin gati t\u00eb n\u00ebnshkruanin gjith\u00e7ka me kusht q\u00eb t\u00eb kthehej n\u00eb tryez\u00eb pika 10 e marr\u00ebveshjes.<\/p>\n<p>&#8220;Hoti ka insistuar nja 10 her\u00eb p\u00ebr k\u00ebt\u00eb, ka th\u00ebn\u00eb se edhe n\u00ebse ka pasur v\u00ebrejtje p\u00ebr Ujmanin e p\u00ebr mini-Shengenin, ishte gati t\u00eb pranoj\u00eb gjith\u00e7ka vet\u00ebm q\u00eb t\u00eb kthehej pika 10. Nuk ka njohje reciproke. Njer\u00ebzit n\u00eb Serbi mund t\u00eb marrin frym\u00eb lirisht&#8221;, u shpreh ai.<\/p>\n<p>Ai shton se pika tjet\u00ebr q\u00eb kund\u00ebrshtohej fort nga pala shqiptare ishte mini-Shengeni dhe pranimi I nd\u00ebrsjell\u00eb I diplomave dhe certifikatave profesionale. Nga sa thot\u00eb Vu\u00e7i\u00e7, delegacioni shqiptar refuzonte t\u00eb pranonte diplomat e qytetar\u00ebve t\u00eb Mitrovic\u00ebs, por m\u00eb pas l\u00ebshuan pe. Ai p\u00ebrmend dhe Gazivid\u00ebn apo Ujmanin, duke theksuar se ne edhe k\u00ebshtu \u201c nuk marrim asnj\u00eb kilovat energji nga Ujmani n\u00eb k\u00ebt\u00eb moment, ndaj sido q\u00eb t\u00eb ndahet, Serbia do t\u00eb ket\u00eb vet\u00ebm p\u00ebrfitim\u201d.<\/p>\n<p><strong>GAZETA SHQIP<\/strong><\/p>\n","protected":false},"excerpt":{"rendered":"<p>\u201cBomba\u201d e Vu\u00e7i\u00e7: Marr\u00ebveshjen e b\u00ebm\u00eb me SHBA-n\u00eb, jo me Kosov\u00ebn. \u00a05 SHTATOR 2020 Aleksand\u00ebr Vu\u00e7i\u00e7 u shpreh i k\u00ebnaqur me at\u00eb \u00e7far\u00eb u arrit n\u00eb takimin e Washingtonit. por presidenti serb e theksoi qart\u00eb se n\u00eb Sht\u00ebpin\u00eb e Bardh\u00eb, Serbia arriti nj\u00eb marr\u00ebveshje bilaterale me SHBA-n\u00eb. \u201cNuk \u00ebsht\u00eb marr\u00ebveshje trepal\u00ebshe, dhe ky \u00ebsht\u00eb nj\u00eb [&hellip;]<\/p>\n","protected":false},"author":9,"featured_media":38123,"comment_status":"open","ping_status":"open","sticky":false,"template":"","format":"standard","meta":{"jetpack_post_was_ever_published":false,"_jetpack_newsletter_access":"","_jetpack_dont_email_post_to_subs":false,"_jetpack_newsletter_tier_id":0,"_jetpack_memberships_contains_paywalled_content":false,"_jetpack_memberships_contains_paid_content":false,"footnotes":"","jetpack_publicize_message":"","jetpack_publicize_feature_enabled":true,"jetpack_social_post_already_shared":true,"jetpack_social_options":{"image_generator_settings":{"template":"highway","default_image_id":0,"font":"","enabled":false},"version":2}},"categories":[27,1],"tags":[],"class_list":["post-38122","post","type-post","status-publish","format-standard","has-post-thumbnail","hentry","category-blogu-i-udhetarit","category-njoftime-shtypi"],"jetpack_publicize_connections":[],"jetpack_featured_media_url":"https:\/\/i0.wp.com\/www.shqiperia.com\/blog\/wp-content\/uploads\/2020\/09\/640-0-5f53749ed2307.jpg?fit=640%2C426&ssl=1","jetpack_sharing_enabled":true,"jetpack_shortlink":"https:\/\/wp.me\/p5Z6wp-9US","jetpack-related-posts":[{"id":74593,"url":"https:\/\/www.shqiperia.com\/blog\/sdua-lufte-me-kosoven-do-konfliktohesha-me-nato-n-gazetarja-e-cnn-tallet-me-vucic-te-dhemb-me-krahu-apo-je-gati-per-ohrin\/","url_meta":{"origin":38122,"position":0},"title":"\u201cS\u2019dua luft\u00eb me Kosov\u00ebn, do konfliktohesha me NATO-n\u201d\/ Gazetarja e CNN tallet me Vu\u00e7i\u00e7: &#8211; T\u00eb dhemb m\u00eb krahu, apo je gati p\u00ebr \u201cOhrin\u201d\u2026?","author":"Kurt Farka","date":"October 3, 2023","format":false,"excerpt":"3 Tetor 2023 Gazetarja e njohur e CNN, Christiane Amanpour, intervistoi presidentin e Serbis\u00eb, Aleksand\u00ebr Vu\u00e7i\u00e7, lidhur me zhvillimet e fundit n\u00eb Kosov\u00eb. Ky i fundit pranoi se trupat ushtarake jan\u00eb t\u00ebrhequr nga kufiri mes dyja vendeve, pas thirrjeve nga SHBA dhe BE, teksa u justifikua me faktin se p\u00ebr\u2026","rel":"","context":"In &quot;Blogu i Udh\u00ebtarit&quot;","block_context":{"text":"Blogu i Udh\u00ebtarit","link":"https:\/\/www.shqiperia.com\/blog\/category\/blogu-i-udhetarit\/"},"img":{"alt_text":"","src":"https:\/\/i0.wp.com\/www.shqiperia.com\/blog\/wp-content\/uploads\/2023\/10\/Screenshot_2023.jpg.png?fit=900%2C510&ssl=1&resize=350%2C200","width":350,"height":200,"srcset":"https:\/\/i0.wp.com\/www.shqiperia.com\/blog\/wp-content\/uploads\/2023\/10\/Screenshot_2023.jpg.png?fit=900%2C510&ssl=1&resize=350%2C200 1x, https:\/\/i0.wp.com\/www.shqiperia.com\/blog\/wp-content\/uploads\/2023\/10\/Screenshot_2023.jpg.png?fit=900%2C510&ssl=1&resize=525%2C300 1.5x, https:\/\/i0.wp.com\/www.shqiperia.com\/blog\/wp-content\/uploads\/2023\/10\/Screenshot_2023.jpg.png?fit=900%2C510&ssl=1&resize=700%2C400 2x"},"classes":[]},{"id":69817,"url":"https:\/\/www.shqiperia.com\/blog\/12-ore-ne-oher-kurti-e-pranon-asociacionin-borell-njofton-se-ka-marreveshje-kosove-serbi-vucic-skam-nenshkruar-asgje\/","url_meta":{"origin":38122,"position":1},"title":"12 or\u00eb n\u00eb Oh\u00ebr\/ Kurti e pranon Asociacionin, Borell njofton se ka marr\u00ebveshje Kosov\u00eb-Serbi. Vu\u00e7i\u00e7: &#8211; S\u2019kam n\u00ebnshkruar asgj\u00eb!","author":"Kurt Farka","date":"March 19, 2023","format":false,"excerpt":"19 Mars 2023 Pas m\u00eb shum\u00eb se 12 or\u00eb negociatash, Bashkimi Evropian njoftoi p\u00ebrfundimin e takimit trilateral n\u00eb Oh\u00ebr. Shefi i diplomacis\u00eb s\u00eb jashtme t\u00eb BE\u2019s\u00eb, Joseph Borrell ka folur p\u00ebr mediat pas nj\u00eb serie t\u00eb gjat\u00eb takimesh n\u00eb Oh\u00ebr me kryeministrin e Kosov\u00ebs Albin Kurtin dhe presidentin serb Aleksander\u2026","rel":"","context":"In &quot;Blogu i Udh\u00ebtarit&quot;","block_context":{"text":"Blogu i Udh\u00ebtarit","link":"https:\/\/www.shqiperia.com\/blog\/category\/blogu-i-udhetarit\/"},"img":{"alt_text":"","src":"https:\/\/i0.wp.com\/www.shqiperia.com\/blog\/wp-content\/uploads\/2023\/03\/640-0-borrelljpg-1679178630.jpg?fit=640%2C378&ssl=1&resize=350%2C200","width":350,"height":200,"srcset":"https:\/\/i0.wp.com\/www.shqiperia.com\/blog\/wp-content\/uploads\/2023\/03\/640-0-borrelljpg-1679178630.jpg?fit=640%2C378&ssl=1&resize=350%2C200 1x, https:\/\/i0.wp.com\/www.shqiperia.com\/blog\/wp-content\/uploads\/2023\/03\/640-0-borrelljpg-1679178630.jpg?fit=640%2C378&ssl=1&resize=525%2C300 1.5x"},"classes":[]},{"id":69130,"url":"https:\/\/www.shqiperia.com\/blog\/serbia-te-pranoi-pavaresine-e-kosoves-fillojne-ditet-e-veshtira-per-beogradin-shba-be-po-shuajne-cdo-plan-te-vucicit-per-prishtinen\/","url_meta":{"origin":38122,"position":2},"title":"Serbia te pranoi pavar\u00ebsin\u00eb e Kosov\u00ebs. Fillojn\u00eb dit\u00ebt e v\u00ebshtira p\u00ebr Beogradin. &#8211; SHBA-BE po shuajn\u00eb \u00e7do plan t\u00eb Vu\u00e7i\u00e7it p\u00ebr Prishtin\u00ebn","author":"Kurt Farka","date":"March 7, 2023","format":false,"excerpt":"7 Mars 2023 Nga Elmas BOGDANI Presidenti i Serbis\u00eb, Aleksand\u00ebr Vu\u00e7i\u00e7, po gjendet n\u00eb nj\u00eb situat\u00eb shum\u00eb t\u00eb v\u00ebshtir\u00eb, pasi nd\u00ebrkomb\u00ebtar\u00ebt n\u00eb jav\u00ebt n\u00eb vazhdim nuk do ta tolerojn\u00eb politik\u00ebn e tij me dy karrige. P\u00ebrve\u00e7 Per\u00ebndimit, Vu\u00e7i\u00e7 po p\u00ebrballet edhe me nj\u00eb presion t\u00eb fort\u00eb brenda Beogradit. Ish-presidenti i\u2026","rel":"","context":"In &quot;Blogu i Udh\u00ebtarit&quot;","block_context":{"text":"Blogu i Udh\u00ebtarit","link":"https:\/\/www.shqiperia.com\/blog\/category\/blogu-i-udhetarit\/"},"img":{"alt_text":"","src":"https:\/\/i0.wp.com\/www.shqiperia.com\/blog\/wp-content\/uploads\/2023\/03\/800-0-64071742ab77b.png?fit=800%2C425&ssl=1&resize=350%2C200","width":350,"height":200,"srcset":"https:\/\/i0.wp.com\/www.shqiperia.com\/blog\/wp-content\/uploads\/2023\/03\/800-0-64071742ab77b.png?fit=800%2C425&ssl=1&resize=350%2C200 1x, https:\/\/i0.wp.com\/www.shqiperia.com\/blog\/wp-content\/uploads\/2023\/03\/800-0-64071742ab77b.png?fit=800%2C425&ssl=1&resize=525%2C300 1.5x, https:\/\/i0.wp.com\/www.shqiperia.com\/blog\/wp-content\/uploads\/2023\/03\/800-0-64071742ab77b.png?fit=800%2C425&ssl=1&resize=700%2C400 2x"},"classes":[]},{"id":38019,"url":"https:\/\/www.shqiperia.com\/blog\/trump-koke-me-koke-me-hotin-dhe-vucic-nenshkruhet-sot-dokumenti-i-rendesishem\/","url_meta":{"origin":38122,"position":3},"title":"Trump \u2018kok\u00eb m\u00eb kok\u00eb\u2019 me Hotin dhe Vu\u00e7i\u00e7, n\u00ebnshkruhet sot dokumenti i r\u00ebnd\u00ebsish\u00ebm","author":"Kurt Farka","date":"September 4, 2020","format":false,"excerpt":"Trump \u2018kok\u00eb m\u00eb kok\u00eb\u2019 me Hotin dhe Vu\u00e7i\u00e7, n\u00ebnshkruhet sot dokumenti i r\u00ebnd\u00ebsish\u00ebm E PREMTE 4 SHTATOR 2020 Sipas nj\u00eb njoftimi t\u00eb Sht\u00ebpis\u00eb s\u00eb Bardh\u00eb, Presidenti Trump do takohet sot me Kryeministrin e Kosov\u00ebs, Avdullah Hoti dhe Presidentin e Serbis\u00eb. Njoftimi i s\u00eb enjtes n\u00eb mbr\u00ebmje i Sht\u00ebpis\u00eb s\u00eb Bardh\u00eb\u2026","rel":"","context":"In &quot;Blogu i Udh\u00ebtarit&quot;","block_context":{"text":"Blogu i Udh\u00ebtarit","link":"https:\/\/www.shqiperia.com\/blog\/category\/blogu-i-udhetarit\/"},"img":{"alt_text":"","src":"https:\/\/i0.wp.com\/www.shqiperia.com\/blog\/wp-content\/uploads\/2020\/09\/640-0-5f51d6d73d8c7.jpg?fit=640%2C360&ssl=1&resize=350%2C200","width":350,"height":200,"srcset":"https:\/\/i0.wp.com\/www.shqiperia.com\/blog\/wp-content\/uploads\/2020\/09\/640-0-5f51d6d73d8c7.jpg?fit=640%2C360&ssl=1&resize=350%2C200 1x, https:\/\/i0.wp.com\/www.shqiperia.com\/blog\/wp-content\/uploads\/2020\/09\/640-0-5f51d6d73d8c7.jpg?fit=640%2C360&ssl=1&resize=525%2C300 1.5x"},"classes":[]},{"id":35857,"url":"https:\/\/www.shqiperia.com\/blog\/marreveshja-me-18-pika-tek-trump-kosova-merr-7-miliarde-euro-vizat-dhe-nuk-humb-territor-serbia-njeh-kosoven-dhe\/","url_meta":{"origin":38122,"position":4},"title":"Marr\u00ebveshja me 18 pika tek Trump\/ Kosova merr 7 miliard\u00eb euro, vizat dhe nuk humb territor. Serbia njeh Kosov\u00ebn dhe\u2026.","author":"Kurt Farka","date":"June 19, 2020","format":false,"excerpt":"Marr\u00ebveshja me 18 pika tek Trump\/ Kosova merr 7 miliard\u00eb euro, vizat dhe nuk humb territor. Serbia njeh Kosov\u00ebn dhe\u2026. 19 Qershor 2020 | 14 : 57 Edhe pse do t\u00eb hyjn\u00eb duar bosh, lider\u00ebt e Kosov\u00ebs dhe Serbis\u00eb mund t\u00eb dalin nga \u201cbisedimet e paqes\u201d n\u00eb Sht\u00ebpin\u00eb e Bardh\u00eb,\u2026","rel":"","context":"In &quot;Blogu i Udh\u00ebtarit&quot;","block_context":{"text":"Blogu i Udh\u00ebtarit","link":"https:\/\/www.shqiperia.com\/blog\/category\/blogu-i-udhetarit\/"},"img":{"alt_text":"","src":"https:\/\/i0.wp.com\/www.shqiperia.com\/blog\/wp-content\/uploads\/2020\/06\/shtepia-e-bardhe.jpg?fit=900%2C473&ssl=1&resize=350%2C200","width":350,"height":200,"srcset":"https:\/\/i0.wp.com\/www.shqiperia.com\/blog\/wp-content\/uploads\/2020\/06\/shtepia-e-bardhe.jpg?fit=900%2C473&ssl=1&resize=350%2C200 1x, https:\/\/i0.wp.com\/www.shqiperia.com\/blog\/wp-content\/uploads\/2020\/06\/shtepia-e-bardhe.jpg?fit=900%2C473&ssl=1&resize=525%2C300 1.5x, https:\/\/i0.wp.com\/www.shqiperia.com\/blog\/wp-content\/uploads\/2020\/06\/shtepia-e-bardhe.jpg?fit=900%2C473&ssl=1&resize=700%2C400 2x"},"classes":[]},{"id":84795,"url":"https:\/\/www.shqiperia.com\/blog\/rusia-mbeshtet-planin-me-7-pika-te-vucic-per-kosoven-be-dhe-shba-nuk-mund-te-jene-ndermjetesues-te-ndershem\/","url_meta":{"origin":38122,"position":5},"title":"Rusia mb\u00ebshtet planin me 7 pika t\u00eb Vu\u00e7i\u00e7 p\u00ebr Kosov\u00ebn: &#8211; BE dhe SHBA nuk mund t\u00eb jen\u00eb \u201cnd\u00ebrmjet\u00ebsues t\u00eb ndersh\u00ebm\u201d","author":"Kurt Farka","date":"September 21, 2024","format":false,"excerpt":"21 Shtator 2024 Nj\u00eb jav\u00eb m\u00eb par\u00eb Aleksand\u00ebr Vu\u00e7i\u00e7 n\u00eb nj\u00eb fjalim t\u00eb jasht\u00ebzakonsh\u00ebm shpalli nj\u00eb plan me 7 pika p\u00ebr Kosov\u00ebn, ku e klasifikoi si zon\u00eb t\u00eb mbrojtjes s\u00eb ve\u00e7ant\u00eb sociale dhe k\u00ebrkoi krijimin e nj\u00eb prokurorie special. Ky plan i Vu\u00e7i\u00e7 ka marr\u00eb k\u00ebt\u00eb t\u00eb premte mb\u00ebshtetjen e\u2026","rel":"","context":"In &quot;Blogu i Udh\u00ebtarit&quot;","block_context":{"text":"Blogu i Udh\u00ebtarit","link":"https:\/\/www.shqiperia.com\/blog\/category\/blogu-i-udhetarit\/"},"img":{"alt_text":"","src":"https:\/\/i0.wp.com\/www.shqiperia.com\/blog\/wp-content\/uploads\/2024\/09\/Rusia-1.jpg?fit=1200%2C675&ssl=1&resize=350%2C200","width":350,"height":200,"srcset":"https:\/\/i0.wp.com\/www.shqiperia.com\/blog\/wp-content\/uploads\/2024\/09\/Rusia-1.jpg?fit=1200%2C675&ssl=1&resize=350%2C200 1x, https:\/\/i0.wp.com\/www.shqiperia.com\/blog\/wp-content\/uploads\/2024\/09\/Rusia-1.jpg?fit=1200%2C675&ssl=1&resize=525%2C300 1.5x, https:\/\/i0.wp.com\/www.shqiperia.com\/blog\/wp-content\/uploads\/2024\/09\/Rusia-1.jpg?fit=1200%2C675&ssl=1&resize=700%2C400 2x, https:\/\/i0.wp.com\/www.shqiperia.com\/blog\/wp-content\/uploads\/2024\/09\/Rusia-1.jpg?fit=1200%2C675&ssl=1&resize=1050%2C600 3x"},"classes":[]}],"_links":{"self":[{"href":"https:\/\/www.shqiperia.com\/blog\/wp-json\/wp\/v2\/posts\/38122","targetHints":{"allow":["GET"]}}],"collection":[{"href":"https:\/\/www.shqiperia.com\/blog\/wp-json\/wp\/v2\/posts"}],"about":[{"href":"https:\/\/www.shqiperia.com\/blog\/wp-json\/wp\/v2\/types\/post"}],"author":[{"embeddable":true,"href":"https:\/\/www.shqiperia.com\/blog\/wp-json\/wp\/v2\/users\/9"}],"replies":[{"embeddable":true,"href":"https:\/\/www.shqiperia.com\/blog\/wp-json\/wp\/v2\/comments?post=38122"}],"version-history":[{"count":1,"href":"https:\/\/www.shqiperia.com\/blog\/wp-json\/wp\/v2\/posts\/38122\/revisions"}],"predecessor-version":[{"id":38124,"href":"https:\/\/www.shqiperia.com\/blog\/wp-json\/wp\/v2\/posts\/38122\/revisions\/38124"}],"wp:featuredmedia":[{"embeddable":true,"href":"https:\/\/www.shqiperia.com\/blog\/wp-json\/wp\/v2\/media\/38123"}],"wp:attachment":[{"href":"https:\/\/www.shqiperia.com\/blog\/wp-json\/wp\/v2\/media?parent=38122"}],"wp:term":[{"taxonomy":"category","embeddable":true,"href":"https:\/\/www.shqiperia.com\/blog\/wp-json\/wp\/v2\/categories?post=38122"},{"taxonomy":"post_tag","embeddable":true,"href":"https:\/\/www.shqiperia.com\/blog\/wp-json\/wp\/v2\/tags?post=38122"}],"curies":[{"name":"wp","href":"https:\/\/api.w.org\/{rel}","templated":true}]}}