{"id":38119,"date":"2020-09-05T13:47:36","date_gmt":"2020-09-05T13:47:36","guid":{"rendered":"https:\/\/www.shqiperia.com\/blog\/?p=38119"},"modified":"2020-09-05T13:47:36","modified_gmt":"2020-09-05T13:47:36","slug":"port-i-madh-dhe-pike-doganore-me-malin-e-zi-ne-liqenin-e-shkodres","status":"publish","type":"post","link":"https:\/\/www.shqiperia.com\/blog\/port-i-madh-dhe-pike-doganore-me-malin-e-zi-ne-liqenin-e-shkodres\/","title":{"rendered":"Port i madh dhe pik\u00eb doganore me Malin e Zi n\u00eb Liqenin e Shkodr\u00ebs"},"content":{"rendered":"<p><img data-recalc-dims=\"1\" loading=\"lazy\" decoding=\"async\" data-attachment-id=\"38120\" data-permalink=\"https:\/\/www.shqiperia.com\/blog\/port-i-madh-dhe-pike-doganore-me-malin-e-zi-ne-liqenin-e-shkodres\/640-0-5f5340f00ee68\/\" data-orig-file=\"https:\/\/i0.wp.com\/www.shqiperia.com\/blog\/wp-content\/uploads\/2020\/09\/640-0-5f5340f00ee68.png?fit=640%2C410&amp;ssl=1\" data-orig-size=\"640,410\" data-comments-opened=\"1\" data-image-meta=\"{&quot;aperture&quot;:&quot;0&quot;,&quot;credit&quot;:&quot;&quot;,&quot;camera&quot;:&quot;&quot;,&quot;caption&quot;:&quot;&quot;,&quot;created_timestamp&quot;:&quot;0&quot;,&quot;copyright&quot;:&quot;&quot;,&quot;focal_length&quot;:&quot;0&quot;,&quot;iso&quot;:&quot;0&quot;,&quot;shutter_speed&quot;:&quot;0&quot;,&quot;title&quot;:&quot;&quot;,&quot;orientation&quot;:&quot;0&quot;}\" data-image-title=\"-640-0-5f5340f00ee68\" data-image-description=\"\" data-image-caption=\"\" data-medium-file=\"https:\/\/i0.wp.com\/www.shqiperia.com\/blog\/wp-content\/uploads\/2020\/09\/640-0-5f5340f00ee68.png?fit=300%2C192&amp;ssl=1\" data-large-file=\"https:\/\/i0.wp.com\/www.shqiperia.com\/blog\/wp-content\/uploads\/2020\/09\/640-0-5f5340f00ee68.png?fit=640%2C410&amp;ssl=1\" class=\"alignnone  wp-image-38120\" alt=\"\" src=\"https:\/\/i0.wp.com\/www.shqiperia.com\/blog\/wp-content\/uploads\/2020\/09\/640-0-5f5340f00ee68.png?resize=519%2C332&#038;ssl=1\" width=\"519\" height=\"332\" srcset=\"https:\/\/i0.wp.com\/www.shqiperia.com\/blog\/wp-content\/uploads\/2020\/09\/640-0-5f5340f00ee68.png?resize=300%2C192&amp;ssl=1 300w, https:\/\/i0.wp.com\/www.shqiperia.com\/blog\/wp-content\/uploads\/2020\/09\/640-0-5f5340f00ee68.png?resize=450%2C288&amp;ssl=1 450w, https:\/\/i0.wp.com\/www.shqiperia.com\/blog\/wp-content\/uploads\/2020\/09\/640-0-5f5340f00ee68.png?resize=600%2C384&amp;ssl=1 600w, https:\/\/i0.wp.com\/www.shqiperia.com\/blog\/wp-content\/uploads\/2020\/09\/640-0-5f5340f00ee68.png?resize=400%2C256&amp;ssl=1 400w, https:\/\/i0.wp.com\/www.shqiperia.com\/blog\/wp-content\/uploads\/2020\/09\/640-0-5f5340f00ee68.png?w=640&amp;ssl=1 640w\" sizes=\"auto, (max-width: 519px) 100vw, 519px\" \/><\/p>\n<p><strong>Port i madh dhe pik\u00eb doganore me Malin e Zi n\u00eb Liqenin e Shkodr\u00ebs<\/strong><\/p>\n<p><strong>5 Shtator 2020<\/strong><\/p>\n<p>Nj\u00eb port i madh pritet t\u00eb ngrihet n\u00eb Liqenin e Shkodr\u00ebs, i cili do t\u00eb jet\u00eb edhe pik\u00eb kufitare dhe dogan\u00eb e shk\u00ebmbimit t\u00eb mallrave mes Shqip\u00ebris\u00eb dhe Malit t\u00eb Zi.<\/p>\n<p>K\u00ebt\u00eb e b\u00ebn t\u00eb ditur televizioni publik i Malit t\u00eb Zi, duke cituar nj\u00eb dokument strategjik t\u00eb Ministris\u00eb s\u00eb t\u00eb Mirave Detare t\u00eb Malit t\u00eb Zi.<\/p>\n<p>Sipas k\u00ebtij dokumenti, n\u00eb qytetin e vog\u00ebl t\u00eb Virpazarit, i cili ndodhet buz\u00eb liqenit t\u00eb Shkodr\u00ebs dhe af\u00ebr qytetit t\u00eb Tivarit, porti m\u00eb i madh n\u00eb Mal t\u00eb Zi, \u00ebsht\u00eb planifikuar t\u00eb nd\u00ebrtohet nj\u00eb port i madh dhe nj\u00eb pik\u00eb kufitare e p\u00ebrbashk\u00ebt me Shqip\u00ebrin\u00eb.<\/p>\n<p>Strategjia thot\u00eb se p\u00ebrfitimet e portit t\u00eb ri jan\u00eb jasht\u00ebzakonisht t\u00eb m\u00ebdha.<\/p>\n<p>&#8220;Kur b\u00ebhet fjal\u00eb p\u00ebr portet, projekti i ringjalljes s\u00eb portit t\u00eb Virpazar \u00ebsht\u00eb sigurisht jasht\u00ebzakonisht i r\u00ebnd\u00ebsish\u00ebm, dmth potencialet q\u00eb do t\u00eb vler\u00ebsohen nga rruga ujore Virpazar Ckla, ku \u00ebsht\u00eb planifikuar nd\u00ebrtimi i nj\u00eb kalimi t\u00eb p\u00ebrbashk\u00ebt kufitar p\u00ebr liqenin dhe trafikun rrugor&#8221;, thuhet n\u00eb strategji.<\/p>\n<p>N\u00eb dokument, theksohet se k\u00ebt\u00eb m\u00ebnyr\u00eb, do t\u00eb sigurohen parakushtet e p\u00ebrshtatshme p\u00ebr zhvillimin e trafikut multimodal n\u00eb uj\u00ebrat e brendshme, si dhe lundrimin e m\u00ebtejsh\u00ebm nd\u00ebrkomb\u00ebtar n\u00eb portet e Republik\u00ebs s\u00eb Shqip\u00ebris\u00eb.<\/p>\n<p>\u201cPorti i Virpazar, i cili lidhet nga infrastruktura hekurudhore dhe rrugore q\u00eb lidh rajonet qendrore dhe veriore t\u00eb Malit t\u00eb Zi me jugun e vendit, do t\u00eb jet\u00eb nj\u00eb pik\u00eb ky\u00e7e lidh\u00ebse midis rrug\u00ebve ujore t\u00eb vendit dhe rrug\u00ebve nd\u00ebrkomb\u00ebtare ujore q\u00eb lidhin portin me Kalimin e P\u00ebrbashk\u00ebt t\u00eb Kufirit Ckla dhe Portin e Shkodr\u00ebs. n\u00eb Republik\u00ebn e Shqip\u00ebris\u00eb \u201d, shpjegohet n\u00eb strategji.<\/p>\n<p>Nd\u00ebrtimi i k\u00ebtrij porti do t\u00eb nd\u00ebrtohet me fondet e BE-s\u00eb, si pjes\u00eb e programit projektit IPA II, q\u00eb flet p\u00ebr bashk\u00ebpunimin nd\u00ebrkufitar.<\/p>\n<p>Porti i Virpazarit dhe pika kufitare duhet t\u00eb nd\u00ebrtohet deri n\u00eb qershor 2022.<\/p>\n<p><strong>GAZETA SHQIP<\/strong><\/p>\n","protected":false},"excerpt":{"rendered":"<p>Port i madh dhe pik\u00eb doganore me Malin e Zi n\u00eb Liqenin e Shkodr\u00ebs 5 Shtator 2020 Nj\u00eb port i madh pritet t\u00eb ngrihet n\u00eb Liqenin e Shkodr\u00ebs, i cili do t\u00eb jet\u00eb edhe pik\u00eb kufitare dhe dogan\u00eb e shk\u00ebmbimit t\u00eb mallrave mes Shqip\u00ebris\u00eb dhe Malit t\u00eb Zi. K\u00ebt\u00eb e b\u00ebn t\u00eb ditur televizioni publik [&hellip;]<\/p>\n","protected":false},"author":9,"featured_media":38120,"comment_status":"open","ping_status":"open","sticky":false,"template":"","format":"standard","meta":{"jetpack_post_was_ever_published":false,"_jetpack_newsletter_access":"","_jetpack_dont_email_post_to_subs":false,"_jetpack_newsletter_tier_id":0,"_jetpack_memberships_contains_paywalled_content":false,"_jetpack_memberships_contains_paid_content":false,"footnotes":"","jetpack_publicize_message":"","jetpack_publicize_feature_enabled":true,"jetpack_social_post_already_shared":true,"jetpack_social_options":{"image_generator_settings":{"template":"highway","default_image_id":0,"font":"","enabled":false},"version":2}},"categories":[27,35],"tags":[],"class_list":["post-38119","post","type-post","status-publish","format-standard","has-post-thumbnail","hentry","category-blogu-i-udhetarit","category-shoqerore"],"jetpack_publicize_connections":[],"jetpack_featured_media_url":"https:\/\/i0.wp.com\/www.shqiperia.com\/blog\/wp-content\/uploads\/2020\/09\/640-0-5f5340f00ee68.png?fit=640%2C410&ssl=1","jetpack_sharing_enabled":true,"jetpack_shortlink":"https:\/\/wp.me\/p5Z6wp-9UP","jetpack-related-posts":[{"id":35524,"url":"https:\/\/www.shqiperia.com\/blog\/nasa-publikon-fenonomenin-e-rralle-ne-shqiperi-nje-tornado-ne-liqenin-e-shkodres\/","url_meta":{"origin":38119,"position":0},"title":"NASA publikon fenonomenin e rrall\u00eb n\u00eb Shqip\u00ebri: &#8211; Nj\u00eb tornado n\u00eb liqenin e Shkodr\u00ebs","author":"Kurt Farka","date":"June 8, 2020","format":false,"excerpt":"NASA publikon fenonomenin e rrall\u00eb n\u00eb Shqip\u00ebri: - Nj\u00eb tornado n\u00eb liqenin e Shkodr\u00ebs Imazhi i nj\u00eb tornadoje n\u00eb mes t\u00eb nj\u00eb liqeni. Ky fenomen mbres\u00ebl\u00ebn\u00ebs i p\u00ebrjet\u00ebsuar nga NASA q\u00eb nga hap\u00ebsira nuk \u00ebsht\u00eb gj\u00eb tjet\u00ebr ve\u00e7se nj\u00eb iluzion optik. Ideja e nj\u00eb tornadoje n\u00eb liqen\u00a0krijohet\u00a0nga sendimentet q\u00eb formojn\u00eb\u00a0liqenin\u00a0e\u2026","rel":"","context":"In &quot;Blogu i Udh\u00ebtarit&quot;","block_context":{"text":"Blogu i Udh\u00ebtarit","link":"https:\/\/www.shqiperia.com\/blog\/category\/blogu-i-udhetarit\/"},"img":{"alt_text":"","src":"https:\/\/i0.wp.com\/www.shqiperia.com\/blog\/wp-content\/uploads\/2020\/06\/Liqeni-i-Shkodres.jpg?fit=520%2C306&ssl=1&resize=350%2C200","width":350,"height":200},"classes":[]},{"id":10437,"url":"https:\/\/www.shqiperia.com\/blog\/pse-ia-vlen-ta-vizitoni-liqenin-e-shkodres\/","url_meta":{"origin":38119,"position":1},"title":"Pse ia vlen ta vizitoni Liqenin e Shkodr\u00ebs? &#8211;","author":"Kurt Farka","date":"July 31, 2018","format":false,"excerpt":"Pse ia vlen ta vizitoni Liqenin e Shkodr\u00ebs? - Kreu i qeveris\u00eb Edi Rama e ka nisur k\u00ebt\u00eb t\u00eb diel me nj\u00eb shkrim dedikuar turizmit. \u201cMir\u00ebm\u00ebngjes, dhe me k\u00ebt\u00eb artikull t\u00eb CNN p\u00ebr Liqenin e Shkodr\u00ebs dhe arsyet e shumta pse ia vlen t\u00eb vizitohet, ju uroj nj\u00eb t\u00eb diel\u2026","rel":"","context":"In &quot;Blogu i Udh\u00ebtarit&quot;","block_context":{"text":"Blogu i Udh\u00ebtarit","link":"https:\/\/www.shqiperia.com\/blog\/category\/blogu-i-udhetarit\/"},"img":{"alt_text":"","src":"https:\/\/i0.wp.com\/www.shqiperia.com\/blog\/wp-content\/uploads\/2018\/07\/Liqeni-i-Shkodres.jpg?fit=768%2C432&ssl=1&resize=350%2C200","width":350,"height":200,"srcset":"https:\/\/i0.wp.com\/www.shqiperia.com\/blog\/wp-content\/uploads\/2018\/07\/Liqeni-i-Shkodres.jpg?fit=768%2C432&ssl=1&resize=350%2C200 1x, https:\/\/i0.wp.com\/www.shqiperia.com\/blog\/wp-content\/uploads\/2018\/07\/Liqeni-i-Shkodres.jpg?fit=768%2C432&ssl=1&resize=525%2C300 1.5x, https:\/\/i0.wp.com\/www.shqiperia.com\/blog\/wp-content\/uploads\/2018\/07\/Liqeni-i-Shkodres.jpg?fit=768%2C432&ssl=1&resize=700%2C400 2x"},"classes":[]},{"id":77706,"url":"https:\/\/www.shqiperia.com\/blog\/termet-i-lehte-me-qender-ne-liqenin-e-shkodres\/","url_meta":{"origin":38119,"position":2},"title":"Termet i leht\u00eb me qend\u00ebr ne Liqenin e Shkodr\u00ebs.","author":"Kurt Farka","date":"January 28, 2024","format":false,"excerpt":"28 Janar 2024 Enti p\u00ebr hidrometeoroligji dhe seizmologji i Malit t\u00eb Zi rraporton se n\u00eb ora 19.54 (dt. 27 Janar) Mal\u00ebsin\u00eb e goditi nji dridhje me magnitud\u00eb 3.2 Richter me\u00a0 k\u00ebt\u00eb rast vatra e termetit ndodhej n\u00eb af\u00ebrsi t\u00eb Narhelmit. T\u00eb dh\u00ebna t\u00eb ndryshme nga burime t\u00eb ndryshme(!) Seismogrami n\u00eb\u2026","rel":"","context":"In &quot;Blogu i Udh\u00ebtarit&quot;","block_context":{"text":"Blogu i Udh\u00ebtarit","link":"https:\/\/www.shqiperia.com\/blog\/category\/blogu-i-udhetarit\/"},"img":{"alt_text":"","src":"https:\/\/i0.wp.com\/www.shqiperia.com\/blog\/wp-content\/uploads\/2024\/01\/423514638_3658250711122650_7376314265834147490_n-1.jpg?fit=600%2C372&ssl=1&resize=350%2C200","width":350,"height":200,"srcset":"https:\/\/i0.wp.com\/www.shqiperia.com\/blog\/wp-content\/uploads\/2024\/01\/423514638_3658250711122650_7376314265834147490_n-1.jpg?fit=600%2C372&ssl=1&resize=350%2C200 1x, https:\/\/i0.wp.com\/www.shqiperia.com\/blog\/wp-content\/uploads\/2024\/01\/423514638_3658250711122650_7376314265834147490_n-1.jpg?fit=600%2C372&ssl=1&resize=525%2C300 1.5x"},"classes":[]},{"id":90677,"url":"https:\/\/www.shqiperia.com\/blog\/ulqini-nuk-eshte-ne-shitje-protestuesit-detyrojne-alabar-te-terhiqet-nga-tenderi-ne-malin-e-zi\/","url_meta":{"origin":38119,"position":3},"title":"\u2018Ulqini nuk \u00ebsht\u00eb n\u00eb shitje\u2019\/ Protestuesit detyrojn\u00eb Alabar t\u00eb t\u00ebrhiqet nga tenderi n\u00eb Malin e Zi","author":"Kurt Farka","date":"March 23, 2025","format":false,"excerpt":"23 Mars 2025 Qindra banor\u00eb, p\u00ebrfaq\u00ebsues t\u00eb autoriteteve lokale dhe biznesmen\u00eb nga Ulqini protestuan n\u00eb k\u00ebt\u00eb qytet n\u00eb jug t\u00eb Malit t\u00eb Zi, duke th\u00ebn\u00eb se \u2018Ulqini nuk \u00ebsht\u00eb n\u00eb shitje\u2019. Protesta e 22 marsit u thirr p\u00ebr shkak t\u00eb pak\u00ebnaq\u00ebsive lidhur me tenderin p\u00ebr dh\u00ebnien me qira t\u00eb plazheve\u2026","rel":"","context":"In &quot;Blogu i Udh\u00ebtarit&quot;","block_context":{"text":"Blogu i Udh\u00ebtarit","link":"https:\/\/www.shqiperia.com\/blog\/category\/blogu-i-udhetarit\/"},"img":{"alt_text":"","src":"https:\/\/i0.wp.com\/www.shqiperia.com\/blog\/wp-content\/uploads\/2025\/03\/auto_terbnee-750x4461742740787-1.jpg?fit=900%2C535&ssl=1&resize=350%2C200","width":350,"height":200,"srcset":"https:\/\/i0.wp.com\/www.shqiperia.com\/blog\/wp-content\/uploads\/2025\/03\/auto_terbnee-750x4461742740787-1.jpg?fit=900%2C535&ssl=1&resize=350%2C200 1x, https:\/\/i0.wp.com\/www.shqiperia.com\/blog\/wp-content\/uploads\/2025\/03\/auto_terbnee-750x4461742740787-1.jpg?fit=900%2C535&ssl=1&resize=525%2C300 1.5x, https:\/\/i0.wp.com\/www.shqiperia.com\/blog\/wp-content\/uploads\/2025\/03\/auto_terbnee-750x4461742740787-1.jpg?fit=900%2C535&ssl=1&resize=700%2C400 2x"},"classes":[]},{"id":44146,"url":"https:\/\/www.shqiperia.com\/blog\/presion-ne-mal-te-zi-per-te-terhequr-njohjen-e-kosoves\/","url_meta":{"origin":38119,"position":4},"title":"Presion n\u00eb Mal t\u00eb Zi p\u00ebr t\u00eb t\u00ebrhequr njohjen e Kosov\u00ebs\u00a0","author":"Kurt Farka","date":"February 13, 2021","format":false,"excerpt":"Presion n\u00eb Mal t\u00eb Zi p\u00ebr t\u00eb t\u00ebrhequr njohjen e Kosov\u00ebs 12 shkurt 2021 N\u00ebnkryetari i Parlamentit t\u00eb Malit t\u00eb Zi, Strahinja Bulaji\u00e7, deklaroi se njohja e \"shtetit t\u00eb rrem\u00eb t\u00eb Kosov\u00ebs\" \u00ebsht\u00eb turpi dhe posht\u00ebrimi m\u00eb i madh i Malit t\u00eb Zi n\u00eb koh\u00ebzgjatjen e tij historike. N\u00eb nj\u00eb\u2026","rel":"","context":"In &quot;Blogu i Udh\u00ebtarit&quot;","block_context":{"text":"Blogu i Udh\u00ebtarit","link":"https:\/\/www.shqiperia.com\/blog\/category\/blogu-i-udhetarit\/"},"img":{"alt_text":"","src":"https:\/\/i0.wp.com\/www.shqiperia.com\/blog\/wp-content\/uploads\/2021\/02\/640-0-6027c198054d6.png?fit=640%2C347&ssl=1&resize=350%2C200","width":350,"height":200,"srcset":"https:\/\/i0.wp.com\/www.shqiperia.com\/blog\/wp-content\/uploads\/2021\/02\/640-0-6027c198054d6.png?fit=640%2C347&ssl=1&resize=350%2C200 1x, https:\/\/i0.wp.com\/www.shqiperia.com\/blog\/wp-content\/uploads\/2021\/02\/640-0-6027c198054d6.png?fit=640%2C347&ssl=1&resize=525%2C300 1.5x"},"classes":[]},{"id":62792,"url":"https:\/\/www.shqiperia.com\/blog\/arrestohen-spiune-ruse-ne-malin-e-zi\/","url_meta":{"origin":38119,"position":5},"title":"Arrestohen spiun\u00eb rus\u00eb n\u00eb Malin e Zi","author":"Kurt Farka","date":"September 29, 2022","format":false,"excerpt":"29 Shtator 2022 Ministri i Pun\u00ebve t\u00eb Jashtme i Malit t\u00eb Zi, Ranko Krivokapi\u00e7, ka deklaruar t\u00eb h\u00ebn\u00ebn se autoritetet shtet\u00ebrore po b\u00ebjn\u00eb arrestimin m\u00eb t\u00eb madh t\u00eb spiun\u00ebve t\u00eb dyshuar rus\u00eb n\u00eb Mal t\u00eb Zi. Sipas tij dhjet\u00ebra persona jan\u00eb arrestuar n\u00eb Podgoric\u00eb dhe procesi po vazhdon ende. Ai\u2026","rel":"","context":"In &quot;Blogu i Udh\u00ebtarit&quot;","block_context":{"text":"Blogu i Udh\u00ebtarit","link":"https:\/\/www.shqiperia.com\/blog\/category\/blogu-i-udhetarit\/"},"img":{"alt_text":"","src":"https:\/\/i0.wp.com\/www.shqiperia.com\/blog\/wp-content\/uploads\/2022\/09\/bastisje-770x450-770x433-1.jpg?fit=770%2C433&ssl=1&resize=350%2C200","width":350,"height":200,"srcset":"https:\/\/i0.wp.com\/www.shqiperia.com\/blog\/wp-content\/uploads\/2022\/09\/bastisje-770x450-770x433-1.jpg?fit=770%2C433&ssl=1&resize=350%2C200 1x, https:\/\/i0.wp.com\/www.shqiperia.com\/blog\/wp-content\/uploads\/2022\/09\/bastisje-770x450-770x433-1.jpg?fit=770%2C433&ssl=1&resize=525%2C300 1.5x, https:\/\/i0.wp.com\/www.shqiperia.com\/blog\/wp-content\/uploads\/2022\/09\/bastisje-770x450-770x433-1.jpg?fit=770%2C433&ssl=1&resize=700%2C400 2x"},"classes":[]}],"_links":{"self":[{"href":"https:\/\/www.shqiperia.com\/blog\/wp-json\/wp\/v2\/posts\/38119","targetHints":{"allow":["GET"]}}],"collection":[{"href":"https:\/\/www.shqiperia.com\/blog\/wp-json\/wp\/v2\/posts"}],"about":[{"href":"https:\/\/www.shqiperia.com\/blog\/wp-json\/wp\/v2\/types\/post"}],"author":[{"embeddable":true,"href":"https:\/\/www.shqiperia.com\/blog\/wp-json\/wp\/v2\/users\/9"}],"replies":[{"embeddable":true,"href":"https:\/\/www.shqiperia.com\/blog\/wp-json\/wp\/v2\/comments?post=38119"}],"version-history":[{"count":1,"href":"https:\/\/www.shqiperia.com\/blog\/wp-json\/wp\/v2\/posts\/38119\/revisions"}],"predecessor-version":[{"id":38121,"href":"https:\/\/www.shqiperia.com\/blog\/wp-json\/wp\/v2\/posts\/38119\/revisions\/38121"}],"wp:featuredmedia":[{"embeddable":true,"href":"https:\/\/www.shqiperia.com\/blog\/wp-json\/wp\/v2\/media\/38120"}],"wp:attachment":[{"href":"https:\/\/www.shqiperia.com\/blog\/wp-json\/wp\/v2\/media?parent=38119"}],"wp:term":[{"taxonomy":"category","embeddable":true,"href":"https:\/\/www.shqiperia.com\/blog\/wp-json\/wp\/v2\/categories?post=38119"},{"taxonomy":"post_tag","embeddable":true,"href":"https:\/\/www.shqiperia.com\/blog\/wp-json\/wp\/v2\/tags?post=38119"}],"curies":[{"name":"wp","href":"https:\/\/api.w.org\/{rel}","templated":true}]}}