{"id":38116,"date":"2020-09-05T13:31:59","date_gmt":"2020-09-05T13:31:59","guid":{"rendered":"https:\/\/www.shqiperia.com\/blog\/?p=38116"},"modified":"2020-09-05T13:31:59","modified_gmt":"2020-09-05T13:31:59","slug":"dark-yellow-dot-e-londres-promovon-piktoren-nga-kosova-si-artiste-te-muajit","status":"publish","type":"post","link":"https:\/\/www.shqiperia.com\/blog\/dark-yellow-dot-e-londres-promovon-piktoren-nga-kosova-si-artiste-te-muajit\/","title":{"rendered":"\u201cDark Yellow Dot\u201d e Londr\u00ebs promovon piktoren nga Kosova si \u201cArtiste t\u00eb muajit\u201d"},"content":{"rendered":"<p><img data-recalc-dims=\"1\" loading=\"lazy\" decoding=\"async\" data-attachment-id=\"38117\" data-permalink=\"https:\/\/www.shqiperia.com\/blog\/dark-yellow-dot-e-londres-promovon-piktoren-nga-kosova-si-artiste-te-muajit\/auto_pjimage1599115025\/\" data-orig-file=\"https:\/\/i0.wp.com\/www.shqiperia.com\/blog\/wp-content\/uploads\/2020\/09\/auto_pjimage1599115025.jpg?fit=900%2C506&amp;ssl=1\" data-orig-size=\"900,506\" data-comments-opened=\"1\" data-image-meta=\"{&quot;aperture&quot;:&quot;0&quot;,&quot;credit&quot;:&quot;&quot;,&quot;camera&quot;:&quot;&quot;,&quot;caption&quot;:&quot;&quot;,&quot;created_timestamp&quot;:&quot;0&quot;,&quot;copyright&quot;:&quot;&quot;,&quot;focal_length&quot;:&quot;0&quot;,&quot;iso&quot;:&quot;0&quot;,&quot;shutter_speed&quot;:&quot;0&quot;,&quot;title&quot;:&quot;&quot;,&quot;orientation&quot;:&quot;0&quot;}\" data-image-title=\"auto_pjimage1599115025\" data-image-description=\"\" data-image-caption=\"\" data-medium-file=\"https:\/\/i0.wp.com\/www.shqiperia.com\/blog\/wp-content\/uploads\/2020\/09\/auto_pjimage1599115025.jpg?fit=300%2C169&amp;ssl=1\" data-large-file=\"https:\/\/i0.wp.com\/www.shqiperia.com\/blog\/wp-content\/uploads\/2020\/09\/auto_pjimage1599115025.jpg?fit=900%2C506&amp;ssl=1\" class=\"alignnone  wp-image-38117\" alt=\"\" src=\"https:\/\/i0.wp.com\/www.shqiperia.com\/blog\/wp-content\/uploads\/2020\/09\/auto_pjimage1599115025.jpg?resize=479%2C270&#038;ssl=1\" width=\"479\" height=\"270\" srcset=\"https:\/\/i0.wp.com\/www.shqiperia.com\/blog\/wp-content\/uploads\/2020\/09\/auto_pjimage1599115025.jpg?resize=300%2C169&amp;ssl=1 300w, https:\/\/i0.wp.com\/www.shqiperia.com\/blog\/wp-content\/uploads\/2020\/09\/auto_pjimage1599115025.jpg?resize=768%2C432&amp;ssl=1 768w, https:\/\/i0.wp.com\/www.shqiperia.com\/blog\/wp-content\/uploads\/2020\/09\/auto_pjimage1599115025.jpg?resize=450%2C253&amp;ssl=1 450w, https:\/\/i0.wp.com\/www.shqiperia.com\/blog\/wp-content\/uploads\/2020\/09\/auto_pjimage1599115025.jpg?resize=600%2C337&amp;ssl=1 600w, https:\/\/i0.wp.com\/www.shqiperia.com\/blog\/wp-content\/uploads\/2020\/09\/auto_pjimage1599115025.jpg?resize=400%2C225&amp;ssl=1 400w, https:\/\/i0.wp.com\/www.shqiperia.com\/blog\/wp-content\/uploads\/2020\/09\/auto_pjimage1599115025.jpg?w=900&amp;ssl=1 900w\" sizes=\"auto, (max-width: 479px) 100vw, 479px\" \/><\/p>\n<p>\u201cDark Yellow Dot\u201d e Londr\u00ebs promovon piktoren nga Kosova si \u201cArtiste t\u00eb muajit\u201d<\/p>\n<p>Piktorja Shkurte Ramushi teknik\u00eb t\u00eb preferuar i ka ngjyrat e vajit n\u00eb p\u00eblhur\u00eb e let\u00ebr. P\u00ebr pikturat e saj frym\u00ebzohet nga natyra, shoq\u00ebria, por edhe ndjenjat e saj. N\u00eb tri pikturat t\u00eb cilat i jan\u00eb b\u00ebr\u00eb pjes\u00eb e platform\u00ebs q\u00eb promovon artist\u00ebt e q\u00eb \u00ebsht\u00eb me baz\u00eb n\u00eb Lond\u00ebr, n\u00eb fokus ka pasur dashurin\u00eb dhe gruan. Pikturat, ani pse t\u00eb realizuara n\u00eb periudha t\u00eb ndryshme, g\u00ebrshetohen mjaft mir\u00eb me nj\u00ebra-tjetr\u00ebn. Shfaqin faza t\u00eb ndryshme n\u00ebp\u00ebr t\u00eb cilat ka kaluar artistja dhe emocionet e saj n\u00ebp\u00ebr periudha q\u00eb kan\u00eb l\u00ebn\u00eb gjurm\u00eb. \u201cLove\u201d (2013), \u201cEternal love\u201d (2017) dhe \u201cSelfLove\u201d (2019) do t\u00eb q\u00ebndrojn\u00eb t\u00eb ekspozuara p\u00ebr nj\u00eb muaj n\u00eb platform\u00ebn online \u201cDark Yellow Dot\u201d. Artistja, 28-ve\u00e7are, \u00ebsht\u00eb zgjedhur n\u00eb mesin e tet\u00eb artist\u00ebve q\u00eb kjo platform\u00eb online do t\u2019i promovoj\u00eb gjat\u00eb k\u00ebtij muaji.<\/p>\n<p>\u201cDark Yellow Dot\u201d \u00ebsht\u00eb nj\u00eb hap\u00ebsir\u00eb p\u00ebr t\u00eb mb\u00ebshtetur artist\u00ebt e rinj dhe p\u00ebr t\u00eb krijuar mund\u00ebsi bashk\u00ebpunimi.<\/p>\n<p>\u201c\u2019Dark Yellow Dot\u2019 shfaq mund\u00ebsi p\u00ebr artist\u00ebt e rinj p\u00ebr t\u00eb lidhur partneritet me organizata t\u00eb cilat kujdesen q\u00eb t\u00eb v\u00ebn\u00eb n\u00eb pah artist\u00ebt e v\u00ebrtet\u00eb, p\u00ebr t\u00eb b\u00ebr\u00eb artin t\u00eb qassh\u00ebm p\u00ebr njer\u00ebzit real\u201d, \u00ebsht\u00eb p\u00ebrshkrimi i k\u00ebsaj platforme, e cila po ashtu sh\u00ebrben si hap\u00ebsir\u00eb ekspozuese dhe q\u00eb organizon ngjarje dhe pun\u00ebtori. E pun\u00ebn e k\u00ebsaj platforme, artistja shqiptare ka dy vjet q\u00eb e kishte p\u00ebrcjell\u00eb. Shpeshher\u00eb i kishte shp\u00ebrndar\u00eb punime e saj edhe me \u201chashtagat\u201d q\u00eb promovonte kjo platform\u00eb p\u00ebr t\u00eb arritur t\u00eb sa m\u00eb shum\u00eb artist\u00eb. E kishte par\u00eb t\u00eb nevojshme q\u00eb ta sfidonte veten p\u00ebr t\u2019i hyr\u00eb edhe gar\u00ebs \u201cArtisti i muajit\u201d.<\/p>\n<p>\u201cKam dashur ta sfidoj veten, sepse gjat\u00eb periudh\u00ebs s\u00eb pandemis\u00eb Instagrami dhe rrjetet e tjera sociale kan\u00eb qen\u00eb platformat m\u00eb t\u00eb fuqishme p\u00ebr publikim dhe p\u00ebr marketing t\u00eb artit. P\u00ebr mua jan\u00eb si tavolin\u00eb pune\u201d, ka th\u00ebn\u00eb Ramushi. Ka treguar se koh\u00ebve t\u00eb fundit, sidomos p\u00ebr shkak t\u00eb pandemis\u00eb, kishte shfryt\u00ebzuar mund\u00ebsi t\u00eb ndryshme p\u00ebr t\u00eb ekspozuar online dhe kishte marr\u00eb pjes\u00eb n\u00ebp\u00ebr seminare e. S\u00eb fundi punimi i saj ishte publikuar edhe n\u00eb faqen e njohur dedikuar artit, \u201cARTSY\u201d.<\/p>\n<p>\u201cKonkurrenca ka qen\u00eb e madhe duke pasur parasysh se platforma artistike \u2018Dark Yellow Dot\u2019 vepron edhe jasht\u00eb Londr\u00ebs. Kur kam aplikuar kan\u00eb qen\u00eb disa k\u00ebrkesa, ani pse aplikimi \u00ebsht\u00eb pa pages\u00eb. Edhe numri i veprave ka qen\u00eb i caktuar dhe sigurisht edhe rregullat e tjera. Selektimi b\u00ebhet n\u00eb m\u00ebnyr\u00eb kuratoriale dhe sigurisht kjo \u00ebsht\u00eb nj\u00eb mund\u00ebsi shum\u00eb e mir\u00eb p\u00ebr rrjedhjen e karrier\u00ebs sime artistike\u201d, ka th\u00ebn\u00eb ajo.<\/p>\n<p>Ramushi ka treguar se p\u00ebrzgjedhja e veprave t\u00eb saj \u2013 \u201cSelfLove\u201d 60 me 80 centimetra, punuar n\u00eb vaj n\u00eb p\u00eblhur\u00eb dhe \u201cLove\u201d e \u201cEternal Love\u201d t\u00eb dyja t\u00eb punuara me vaj n\u00eb let\u00ebr, 50 me 70 centimetra \u2013 p\u00ebr k\u00ebt\u00eb platform\u00eb ka qen\u00eb nj\u00eb vendim i bazuar n\u00eb ndjenjat personale q\u00eb ajo ka dashur q\u00eb t\u2019iu kushtoj\u00eb r\u00ebnd\u00ebsi.<\/p>\n","protected":false},"excerpt":{"rendered":"<p>\u201cDark Yellow Dot\u201d e Londr\u00ebs promovon piktoren nga Kosova si \u201cArtiste t\u00eb muajit\u201d Piktorja Shkurte Ramushi teknik\u00eb t\u00eb preferuar i ka ngjyrat e vajit n\u00eb p\u00eblhur\u00eb e let\u00ebr. P\u00ebr pikturat e saj frym\u00ebzohet nga natyra, shoq\u00ebria, por edhe ndjenjat e saj. N\u00eb tri pikturat t\u00eb cilat i jan\u00eb b\u00ebr\u00eb pjes\u00eb e platform\u00ebs q\u00eb promovon artist\u00ebt [&hellip;]<\/p>\n","protected":false},"author":9,"featured_media":38117,"comment_status":"open","ping_status":"open","sticky":false,"template":"","format":"standard","meta":{"jetpack_post_was_ever_published":false,"_jetpack_newsletter_access":"","_jetpack_dont_email_post_to_subs":false,"_jetpack_newsletter_tier_id":0,"_jetpack_memberships_contains_paywalled_content":false,"_jetpack_memberships_contains_paid_content":false,"footnotes":"","jetpack_publicize_message":"","jetpack_publicize_feature_enabled":true,"jetpack_social_post_already_shared":true,"jetpack_social_options":{"image_generator_settings":{"template":"highway","default_image_id":0,"font":"","enabled":false},"version":2}},"categories":[87,10],"tags":[],"class_list":["post-38116","post","type-post","status-publish","format-standard","has-post-thumbnail","hentry","category-arte","category-kultura"],"jetpack_publicize_connections":[],"jetpack_featured_media_url":"https:\/\/i0.wp.com\/www.shqiperia.com\/blog\/wp-content\/uploads\/2020\/09\/auto_pjimage1599115025.jpg?fit=900%2C506&ssl=1","jetpack_sharing_enabled":true,"jetpack_shortlink":"https:\/\/wp.me\/p5Z6wp-9UM","jetpack-related-posts":[{"id":44152,"url":"https:\/\/www.shqiperia.com\/blog\/piktorja-nga-kosova-me-paradisus-terra-ne-ekspoziten-e-galerise-londineze\/","url_meta":{"origin":38116,"position":0},"title":"Piktorja nga Kosova me \u201cParadisus Terra\u201d n\u00eb ekspozit\u00ebn e galeris\u00eb londineze","author":"Kurt Farka","date":"February 13, 2021","format":false,"excerpt":"Piktorja nga Kosova me \u201cParadisus Terra\u201d n\u00eb ekspozit\u00ebn e galeris\u00eb londineze 4 shkurt 2021 Nga Alberina Haxhijaj \u201cParadisus Terra\u201d e realizuar vitin e kaluar, sipas autores Shkurte Ramushi, \u00ebsht\u00eb vepra e cila m\u00eb s\u00eb miri ia zb\u00ebrthen stilin artistik \u00c7do m\u00ebngjes piktorja kosovare Shkurte Ramushi e hap kompjuterin e saj.\u2026","rel":"","context":"In &quot;Arte&quot;","block_context":{"text":"Arte","link":"https:\/\/www.shqiperia.com\/blog\/category\/arte\/"},"img":{"alt_text":"","src":"https:\/\/i0.wp.com\/www.shqiperia.com\/blog\/wp-content\/uploads\/2021\/02\/ShkurteRamushi.jpg?fit=900%2C589&ssl=1&resize=350%2C200","width":350,"height":200,"srcset":"https:\/\/i0.wp.com\/www.shqiperia.com\/blog\/wp-content\/uploads\/2021\/02\/ShkurteRamushi.jpg?fit=900%2C589&ssl=1&resize=350%2C200 1x, https:\/\/i0.wp.com\/www.shqiperia.com\/blog\/wp-content\/uploads\/2021\/02\/ShkurteRamushi.jpg?fit=900%2C589&ssl=1&resize=525%2C300 1.5x, https:\/\/i0.wp.com\/www.shqiperia.com\/blog\/wp-content\/uploads\/2021\/02\/ShkurteRamushi.jpg?fit=900%2C589&ssl=1&resize=700%2C400 2x"},"classes":[]},{"id":47283,"url":"https:\/\/www.shqiperia.com\/blog\/credins-bank-vazhdon-te-mireprese-artiste-dhe-artin-e-tyre-ne-degen-e-saj-qendrore\/","url_meta":{"origin":38116,"position":1},"title":"Credins Bank vazhdon t\u00eb mir\u00ebpres\u00eb artist\u00eb dhe artin e tyre n\u00eb deg\u00ebn e saj q\u00ebndrore","author":"Kurt Farka","date":"May 6, 2021","format":false,"excerpt":"6 MAJ 2021 Kur b\u00ebhet fjal\u00eb p\u00ebr ndjesit\u00eb q\u00eb t\u00eb jep nj\u00eb piktur\u00eb, mund t\u00eb themi me plot bindje q\u00eb gjith\u00ebsecili nga ne p\u00ebrjeton emocione dhe eksperienca t\u00eb ndryshme teksa e sheh. Por, nj\u00eb gj\u00eb \u00ebsht\u00eb e sigurt, kur k\u00ebto emocione p\u00ebrjetohen n\u00ebp\u00ebr muzeume apo ekspozita \u00ebsht\u00eb v\u00ebrtet\u00eb nj\u00eb eksperienc\u00eb\u2026","rel":"","context":"In &quot;Arte&quot;","block_context":{"text":"Arte","link":"https:\/\/www.shqiperia.com\/blog\/category\/arte\/"},"img":{"alt_text":"","src":"https:\/\/i0.wp.com\/www.shqiperia.com\/blog\/wp-content\/uploads\/2021\/05\/800-0-6093e50598ae7.jpg?fit=572%2C331&ssl=1&resize=350%2C200","width":350,"height":200,"srcset":"https:\/\/i0.wp.com\/www.shqiperia.com\/blog\/wp-content\/uploads\/2021\/05\/800-0-6093e50598ae7.jpg?fit=572%2C331&ssl=1&resize=350%2C200 1x, https:\/\/i0.wp.com\/www.shqiperia.com\/blog\/wp-content\/uploads\/2021\/05\/800-0-6093e50598ae7.jpg?fit=572%2C331&ssl=1&resize=525%2C300 1.5x"},"classes":[]},{"id":42804,"url":"https:\/\/www.shqiperia.com\/blog\/arte-figurative-frida-kahlo-poezia-qe-fshihet-pas-piktures-se-saj\/","url_meta":{"origin":38116,"position":2},"title":"Arte figurative: Frida Kahlo &#8211; poezia q\u00eb fshihet pas piktur\u00ebs s\u00eb saj","author":"Kurt Farka","date":"January 11, 2021","format":false,"excerpt":"Frida Kahlo - poezia q\u00eb fshihet pas piktur\u00ebs s\u00eb saj. NGA:\u00a0GLADIOLA JORBUS. Edhe pse Frida Kahlo njihet nga t\u00eb gjith\u00eb si piktorja q\u00eb luajti nj\u00eb rol unikal n\u00eb fush\u00ebn e artit, ajo gjithashtu ka shkruar dhe poezi. T\u00eb shkruarit i sh\u00ebrbeu Kahlos si nj\u00eb terapi katharsisi, p\u00ebrmes s\u00eb cil\u00ebs piktorja\u2026","rel":"","context":"In &quot;Arte&quot;","block_context":{"text":"Arte","link":"https:\/\/www.shqiperia.com\/blog\/category\/arte\/"},"img":{"alt_text":"","src":"https:\/\/i0.wp.com\/www.shqiperia.com\/blog\/wp-content\/uploads\/2021\/01\/Frida-Kahlo-Fragment.jpg?fit=850%2C437&ssl=1&resize=350%2C200","width":350,"height":200,"srcset":"https:\/\/i0.wp.com\/www.shqiperia.com\/blog\/wp-content\/uploads\/2021\/01\/Frida-Kahlo-Fragment.jpg?fit=850%2C437&ssl=1&resize=350%2C200 1x, https:\/\/i0.wp.com\/www.shqiperia.com\/blog\/wp-content\/uploads\/2021\/01\/Frida-Kahlo-Fragment.jpg?fit=850%2C437&ssl=1&resize=525%2C300 1.5x, https:\/\/i0.wp.com\/www.shqiperia.com\/blog\/wp-content\/uploads\/2021\/01\/Frida-Kahlo-Fragment.jpg?fit=850%2C437&ssl=1&resize=700%2C400 2x"},"classes":[]},{"id":42046,"url":"https:\/\/www.shqiperia.com\/blog\/28-muzikante-te-ndryshem-bashkeshorti-i-merita-halilit-promovon-albumin-e-tij-te-pare-foto\/","url_meta":{"origin":38116,"position":3},"title":"\u201c28 muzikant\u00eb t\u00eb ndrysh\u00ebm\u201d, \u00a0bashk\u00ebshorti i Merita Halilit promovon albumin e tij t\u00eb par\u00eb (Foto)","author":"Kurt Farka","date":"December 19, 2020","format":false,"excerpt":"\u201c28 muzikant\u00eb t\u00eb ndrysh\u00ebm\u201d, \u00a0bashk\u00ebshorti i Merita Halilit promovon albumin e tij t\u00eb par\u00eb (Foto) 17 DHJETOR 2020 Dit\u00ebn e sotme n\u00eb nj\u00eb lidhje \u201cSkype\u201d nga Amerika me emisionin \u201cShqip\u00ebria Live\u201d ishte Merita Halili s\u00eb bashku me bashk\u00ebshortin e saj, Raif Hyseni, p\u00ebr t\u00eb folur rreth albumit t\u00eb k\u00ebtij t\u00eb\u2026","rel":"","context":"In &quot;Arte&quot;","block_context":{"text":"Arte","link":"https:\/\/www.shqiperia.com\/blog\/category\/arte\/"},"img":{"alt_text":"","src":"https:\/\/i0.wp.com\/www.shqiperia.com\/blog\/wp-content\/uploads\/2020\/12\/Raif-Hyseni-dhe-Merita-Halili.png?fit=640%2C383&ssl=1&resize=350%2C200","width":350,"height":200,"srcset":"https:\/\/i0.wp.com\/www.shqiperia.com\/blog\/wp-content\/uploads\/2020\/12\/Raif-Hyseni-dhe-Merita-Halili.png?fit=640%2C383&ssl=1&resize=350%2C200 1x, https:\/\/i0.wp.com\/www.shqiperia.com\/blog\/wp-content\/uploads\/2020\/12\/Raif-Hyseni-dhe-Merita-Halili.png?fit=640%2C383&ssl=1&resize=525%2C300 1.5x"},"classes":[]},{"id":11028,"url":"https:\/\/www.shqiperia.com\/blog\/11028-2\/","url_meta":{"origin":38116,"position":4},"title":"Piktorja Petja Petrova \u00ebsht\u00eb duke krijuar piktura t\u00eb ndri\u00e7uara nga drita e Bullgaris\u00eb n\u00eb qytetin gjerman Aahen. &#8211;","author":"Kurt Farka","date":"August 27, 2018","format":false,"excerpt":"Piktorja Petja Petrova \u00ebsht\u00eb duke krijuar piktura t\u00eb ndri\u00e7uara nga drita e Bullgaris\u00eb n\u00eb qytetin gjerman Aahen. - Nga: Gergana Manceva. Distanca prej 1600 kilometrash dhe 17 vitet banim p\u00ebrtej kufirit nuk kan\u00eb arritur ta shk\u00ebputin piktoren Petja Petrova nga rr\u00ebnjat e saj bullgare. P\u00ebrkundrazi, dashuria e Petjas ndaj Bullgaris\u00eb\u2026","rel":"","context":"In &quot;Arte&quot;","block_context":{"text":"Arte","link":"https:\/\/www.shqiperia.com\/blog\/category\/arte\/"},"img":{"alt_text":"","src":"https:\/\/i0.wp.com\/www.shqiperia.com\/blog\/wp-content\/uploads\/2018\/08\/731a58d405e82d69b33b590ee7f8858d.jpg?fit=776%2C478&ssl=1&resize=350%2C200","width":350,"height":200,"srcset":"https:\/\/i0.wp.com\/www.shqiperia.com\/blog\/wp-content\/uploads\/2018\/08\/731a58d405e82d69b33b590ee7f8858d.jpg?fit=776%2C478&ssl=1&resize=350%2C200 1x, https:\/\/i0.wp.com\/www.shqiperia.com\/blog\/wp-content\/uploads\/2018\/08\/731a58d405e82d69b33b590ee7f8858d.jpg?fit=776%2C478&ssl=1&resize=525%2C300 1.5x, https:\/\/i0.wp.com\/www.shqiperia.com\/blog\/wp-content\/uploads\/2018\/08\/731a58d405e82d69b33b590ee7f8858d.jpg?fit=776%2C478&ssl=1&resize=700%2C400 2x"},"classes":[]},{"id":12456,"url":"https:\/\/www.shqiperia.com\/blog\/bienalja-e-hamburgut-piktorja-nga-kosova-fiton-vendin-e-dyte\/","url_meta":{"origin":38116,"position":5},"title":"Bienalja e Hamburgut, piktorja nga Kosova fiton vendin e dyt\u00eb. &#8211;","author":"Kurt Farka","date":"October 9, 2018","format":false,"excerpt":"Bienalja e Hamburgut, piktorja nga Kosova fiton vendin e dyt\u00eb. - Gjat\u00eb muajit Gusht n\u00eb Gjermani \u00ebsht\u00eb zhvilluar Bienalja e Hamburgut, ku kan\u00eb mar\u00eb pjes\u00eb 64 artist\u00eb nga vende t\u00eb ndryshme t\u00eb bot\u00ebs. Tema e aktivitetit ishte \u201cBiodiversiteti, ndryshimet klimatike ekologjike, si dhe ndikimi n\u00eb ekosistem\u201d. N\u00eb k\u00ebt\u00eb aktivitet mori\u2026","rel":"","context":"In &quot;Arte&quot;","block_context":{"text":"Arte","link":"https:\/\/www.shqiperia.com\/blog\/category\/arte\/"},"img":{"alt_text":"","src":"https:\/\/i0.wp.com\/www.shqiperia.com\/blog\/wp-content\/uploads\/2018\/10\/Ardiana-Shasivari-Kika-300x146.jpg?resize=350%2C200","width":350,"height":200},"classes":[]}],"_links":{"self":[{"href":"https:\/\/www.shqiperia.com\/blog\/wp-json\/wp\/v2\/posts\/38116","targetHints":{"allow":["GET"]}}],"collection":[{"href":"https:\/\/www.shqiperia.com\/blog\/wp-json\/wp\/v2\/posts"}],"about":[{"href":"https:\/\/www.shqiperia.com\/blog\/wp-json\/wp\/v2\/types\/post"}],"author":[{"embeddable":true,"href":"https:\/\/www.shqiperia.com\/blog\/wp-json\/wp\/v2\/users\/9"}],"replies":[{"embeddable":true,"href":"https:\/\/www.shqiperia.com\/blog\/wp-json\/wp\/v2\/comments?post=38116"}],"version-history":[{"count":1,"href":"https:\/\/www.shqiperia.com\/blog\/wp-json\/wp\/v2\/posts\/38116\/revisions"}],"predecessor-version":[{"id":38118,"href":"https:\/\/www.shqiperia.com\/blog\/wp-json\/wp\/v2\/posts\/38116\/revisions\/38118"}],"wp:featuredmedia":[{"embeddable":true,"href":"https:\/\/www.shqiperia.com\/blog\/wp-json\/wp\/v2\/media\/38117"}],"wp:attachment":[{"href":"https:\/\/www.shqiperia.com\/blog\/wp-json\/wp\/v2\/media?parent=38116"}],"wp:term":[{"taxonomy":"category","embeddable":true,"href":"https:\/\/www.shqiperia.com\/blog\/wp-json\/wp\/v2\/categories?post=38116"},{"taxonomy":"post_tag","embeddable":true,"href":"https:\/\/www.shqiperia.com\/blog\/wp-json\/wp\/v2\/tags?post=38116"}],"curies":[{"name":"wp","href":"https:\/\/api.w.org\/{rel}","templated":true}]}}