{"id":38113,"date":"2020-09-05T10:56:41","date_gmt":"2020-09-05T10:56:41","guid":{"rendered":"https:\/\/www.shqiperia.com\/blog\/?p=38113"},"modified":"2020-09-05T10:56:41","modified_gmt":"2020-09-05T10:56:41","slug":"kandidati-per-president-joe-biden-reagon-per-marreveshjen-kosove-serbi","status":"publish","type":"post","link":"https:\/\/www.shqiperia.com\/blog\/kandidati-per-president-joe-biden-reagon-per-marreveshjen-kosove-serbi\/","title":{"rendered":"Kandidati p\u00ebr President, Joe Biden reagon p\u00ebr marr\u00ebveshjen Kosov\u00eb\u2013Serbi"},"content":{"rendered":"<p><img data-recalc-dims=\"1\" loading=\"lazy\" decoding=\"async\" data-attachment-id=\"38114\" data-permalink=\"https:\/\/www.shqiperia.com\/blog\/kandidati-per-president-joe-biden-reagon-per-marreveshjen-kosove-serbi\/biden-750x375\/\" data-orig-file=\"https:\/\/i0.wp.com\/www.shqiperia.com\/blog\/wp-content\/uploads\/2020\/09\/Biden-750x375-1.jpg?fit=750%2C375&amp;ssl=1\" data-orig-size=\"750,375\" data-comments-opened=\"1\" data-image-meta=\"{&quot;aperture&quot;:&quot;0&quot;,&quot;credit&quot;:&quot;&quot;,&quot;camera&quot;:&quot;&quot;,&quot;caption&quot;:&quot;&quot;,&quot;created_timestamp&quot;:&quot;0&quot;,&quot;copyright&quot;:&quot;&quot;,&quot;focal_length&quot;:&quot;0&quot;,&quot;iso&quot;:&quot;0&quot;,&quot;shutter_speed&quot;:&quot;0&quot;,&quot;title&quot;:&quot;&quot;,&quot;orientation&quot;:&quot;0&quot;}\" data-image-title=\"Biden-750&#215;375\" data-image-description=\"\" data-image-caption=\"\" data-medium-file=\"https:\/\/i0.wp.com\/www.shqiperia.com\/blog\/wp-content\/uploads\/2020\/09\/Biden-750x375-1.jpg?fit=300%2C150&amp;ssl=1\" data-large-file=\"https:\/\/i0.wp.com\/www.shqiperia.com\/blog\/wp-content\/uploads\/2020\/09\/Biden-750x375-1.jpg?fit=750%2C375&amp;ssl=1\" class=\"alignnone  wp-image-38114\" alt=\"\" src=\"https:\/\/i0.wp.com\/www.shqiperia.com\/blog\/wp-content\/uploads\/2020\/09\/Biden-750x375-1.jpg?resize=612%2C306&#038;ssl=1\" width=\"612\" height=\"306\" srcset=\"https:\/\/i0.wp.com\/www.shqiperia.com\/blog\/wp-content\/uploads\/2020\/09\/Biden-750x375-1.jpg?resize=300%2C150&amp;ssl=1 300w, https:\/\/i0.wp.com\/www.shqiperia.com\/blog\/wp-content\/uploads\/2020\/09\/Biden-750x375-1.jpg?resize=450%2C225&amp;ssl=1 450w, https:\/\/i0.wp.com\/www.shqiperia.com\/blog\/wp-content\/uploads\/2020\/09\/Biden-750x375-1.jpg?resize=600%2C300&amp;ssl=1 600w, https:\/\/i0.wp.com\/www.shqiperia.com\/blog\/wp-content\/uploads\/2020\/09\/Biden-750x375-1.jpg?resize=400%2C200&amp;ssl=1 400w, https:\/\/i0.wp.com\/www.shqiperia.com\/blog\/wp-content\/uploads\/2020\/09\/Biden-750x375-1.jpg?w=750&amp;ssl=1 750w\" sizes=\"auto, (max-width: 612px) 100vw, 612px\" \/><\/p>\n<p>Kandidati p\u00ebr President, Joe Biden reagon p\u00ebr marr\u00ebveshjen Kosov\u00eb\u2013Serbi<\/p>\n<p><a href=\"https:\/\/kohajone.com\/joe-biden-reagon-per-marreveshjen-kosove-serbi\/\">04\/09\/2020 <\/a><\/p>\n<p>Kandidati demokrat p\u00ebr President t\u00eb Shteteve t\u00eb Bashkuara t\u00eb Amerik\u00ebs, Joe Biden, tha se Kosova duhet t\u00eb jet\u00eb nj\u00eb shtet i pavarur, e jo pjes\u00eb e Serbis\u00eb. K\u00ebt\u00eb koment e dha n\u00eb Wilmington, t\u00eb premten, derisa po mbante nj\u00eb fjalim para zgjedhjeve presidenciale. N\u00eb nj\u00eb pyetje t\u00eb nj\u00eb gazetari p\u00ebr Marr\u00ebveshjen n\u00eb Uashington, ai ka th\u00ebn\u00eb se nuk di cila \u00ebsht\u00eb marr\u00ebveshja, porse Kosova duhet t\u00eb jet\u00eb e pavarur.<\/p>\n<p>\u201cNuk e di cila \u00ebsht\u00eb marr\u00ebveshja. Ajo \u00e7ka argumentoj n\u00eb lidhje me Kosov\u00ebn dhe Serbin\u00eb \u00ebsht\u00eb se Kosova duhet t\u00eb jet\u00eb shtet i pavarur, jo pjes\u00eb e Serbis\u00eb\u201d, tha Biden.<\/p>\n<p>Gazeta Koha e Jone<\/p>\n","protected":false},"excerpt":{"rendered":"<p>Kandidati p\u00ebr President, Joe Biden reagon p\u00ebr marr\u00ebveshjen Kosov\u00eb\u2013Serbi 04\/09\/2020 Kandidati demokrat p\u00ebr President t\u00eb Shteteve t\u00eb Bashkuara t\u00eb Amerik\u00ebs, Joe Biden, tha se Kosova duhet t\u00eb jet\u00eb nj\u00eb shtet i pavarur, e jo pjes\u00eb e Serbis\u00eb. K\u00ebt\u00eb koment e dha n\u00eb Wilmington, t\u00eb premten, derisa po mbante nj\u00eb fjalim para zgjedhjeve presidenciale. N\u00eb nj\u00eb [&hellip;]<\/p>\n","protected":false},"author":9,"featured_media":38114,"comment_status":"open","ping_status":"open","sticky":false,"template":"","format":"standard","meta":{"jetpack_post_was_ever_published":false,"_jetpack_newsletter_access":"","_jetpack_dont_email_post_to_subs":false,"_jetpack_newsletter_tier_id":0,"_jetpack_memberships_contains_paywalled_content":false,"_jetpack_memberships_contains_paid_content":false,"footnotes":"","jetpack_publicize_message":"","jetpack_publicize_feature_enabled":true,"jetpack_social_post_already_shared":true,"jetpack_social_options":{"image_generator_settings":{"template":"highway","default_image_id":0,"font":"","enabled":false},"version":2}},"categories":[27,2],"tags":[],"class_list":["post-38113","post","type-post","status-publish","format-standard","has-post-thumbnail","hentry","category-blogu-i-udhetarit","category-politika"],"jetpack_publicize_connections":[],"jetpack_featured_media_url":"https:\/\/i0.wp.com\/www.shqiperia.com\/blog\/wp-content\/uploads\/2020\/09\/Biden-750x375-1.jpg?fit=750%2C375&ssl=1","jetpack_sharing_enabled":true,"jetpack_shortlink":"https:\/\/wp.me\/p5Z6wp-9UJ","jetpack-related-posts":[{"id":81787,"url":"https:\/\/www.shqiperia.com\/blog\/ambasadori-i-shba-ne-prishtine-dialogu-kosove-serbi-duhet-te-perfundoje-me-njohje\/","url_meta":{"origin":38113,"position":0},"title":"Ambasadori i SHBA n\u00eb Prishtin\u00eb: &#8211; Dialogu Kosov\u00eb-Serbi duhet t\u00eb p\u00ebrfundoj\u00eb me njohje","author":"Kurt Farka","date":"June 11, 2024","format":false,"excerpt":"11 Qershor 2024 Ambasadori i Shteteve t\u00eb Bashkuara n\u00eb Kosov\u00eb, Jeffrey Hovenier, tha se dialogu mes Kosov\u00ebs dhe Serbis\u00eb \u00ebsht\u00eb nj\u00eb sfid\u00eb q\u00eb duhet tejkaluar vet\u00ebm me njohje reciproke dhe jo di\u00e7ka m\u00eb pak. \u201cP\u00ebrfundimi i k\u00ebtij procesi duhet t\u00eb jet\u00eb njohja mes dy vendeve, sepse di\u00e7ka m\u00eb pak se\u2026","rel":"","context":"In &quot;Njoftime Shtypi&quot;","block_context":{"text":"Njoftime Shtypi","link":"https:\/\/www.shqiperia.com\/blog\/category\/njoftime-shtypi\/"},"img":{"alt_text":"","src":"https:\/\/i0.wp.com\/www.shqiperia.com\/blog\/wp-content\/uploads\/2024\/06\/hovemier.jpg?fit=934%2C536&ssl=1&resize=350%2C200","width":350,"height":200,"srcset":"https:\/\/i0.wp.com\/www.shqiperia.com\/blog\/wp-content\/uploads\/2024\/06\/hovemier.jpg?fit=934%2C536&ssl=1&resize=350%2C200 1x, https:\/\/i0.wp.com\/www.shqiperia.com\/blog\/wp-content\/uploads\/2024\/06\/hovemier.jpg?fit=934%2C536&ssl=1&resize=525%2C300 1.5x, https:\/\/i0.wp.com\/www.shqiperia.com\/blog\/wp-content\/uploads\/2024\/06\/hovemier.jpg?fit=934%2C536&ssl=1&resize=700%2C400 2x"},"classes":[]},{"id":40887,"url":"https:\/\/www.shqiperia.com\/blog\/spartak-ngjela-paralajmeron-termet-zbulon-marreveshjen-e-bujshme-te-merkel-dhe-biden-qe-do-te-sjelle-kthesen-e-madhe-ne-politiken-shqiptare\/","url_meta":{"origin":38113,"position":1},"title":"Spartak Ngjela paralajm\u00ebron &#8216;t\u00ebrmet&#8217;, zbulon marr\u00ebveshjen e bujshme t\u00eb Merkel dhe Biden q\u00eb do t\u00eb sjell\u00eb kthes\u00ebn e madhe n\u00eb politik\u00ebn shqiptare","author":"Kurt Farka","date":"November 15, 2020","format":false,"excerpt":"Spartak Ngjela paralajm\u00ebron 't\u00ebrmet', zbulon marr\u00ebveshjen e bujshme t\u00eb Merkel dhe Biden q\u00eb do t\u00eb sjell\u00eb kthes\u00ebn e madhe n\u00eb politik\u00ebn shqiptare 14 N\u00cbNTOR 2020 Avokati i njohur Spartak Ngjela ka publikuat nj\u00eb intervist\u00ebs t\u00eb Bodo Weber, i cili \u00ebsht\u00eb an\u00ebtar i Democratization Policy Council n\u00eb Berlin. Bodo Web\u00ebr rr\u00ebfen\u2026","rel":"","context":"In &quot;Blogu i Udh\u00ebtarit&quot;","block_context":{"text":"Blogu i Udh\u00ebtarit","link":"https:\/\/www.shqiperia.com\/blog\/category\/blogu-i-udhetarit\/"},"img":{"alt_text":"","src":"https:\/\/i0.wp.com\/www.shqiperia.com\/blog\/wp-content\/uploads\/2020\/11\/Foto-Arkiv.jpg?fit=1000%2C545&ssl=1&resize=350%2C200","width":350,"height":200,"srcset":"https:\/\/i0.wp.com\/www.shqiperia.com\/blog\/wp-content\/uploads\/2020\/11\/Foto-Arkiv.jpg?fit=1000%2C545&ssl=1&resize=350%2C200 1x, https:\/\/i0.wp.com\/www.shqiperia.com\/blog\/wp-content\/uploads\/2020\/11\/Foto-Arkiv.jpg?fit=1000%2C545&ssl=1&resize=525%2C300 1.5x, https:\/\/i0.wp.com\/www.shqiperia.com\/blog\/wp-content\/uploads\/2020\/11\/Foto-Arkiv.jpg?fit=1000%2C545&ssl=1&resize=700%2C400 2x"},"classes":[]},{"id":71574,"url":"https:\/\/www.shqiperia.com\/blog\/do-te-ruajme-shtetin-tone-serbia-nuk-do-shkaterrohet-kercenon-vucic-sdo-te-kete-kosove-te-pavarur\/","url_meta":{"origin":38113,"position":2},"title":"\u201cDo t\u00eb ruajm\u00eb shtetin ton\u00eb, Serbia nuk do shkat\u00ebrrohet\u201d\/ K\u00ebrc\u00ebnon Vu\u00e7i\u00e7: S\u2019do t\u00eb ket\u00eb Kosov\u00eb t\u00eb pavarur!","author":"Kurt Farka","date":"May 20, 2023","format":false,"excerpt":"20 Maji 2023 Presidenti i Serbis\u00eb, Aleksandar Vu\u00e7iq, ka th\u00ebn\u00eb t\u00eb premten n\u00eb nj\u00eb takim t\u00eb Partis\u00eb s\u00eb tij Progresive Serbe (SNS) n\u00eb Pan\u00e7ev\u00eb, af\u00ebr Beogradit, se ka pritje q\u00eb Serbia ta dor\u00ebzoj\u00eb Kosov\u00ebn \u201cn\u00eb pjat\u00eb\u201d. \u201cB\u00ebni \u00e7far\u00eb t\u00eb doni, jasht\u00eb dhe brenda, k\u00ebtu n\u00eb shtet, nuk do t\u00eb lejoj\u2026","rel":"","context":"In &quot;Blogu i Udh\u00ebtarit&quot;","block_context":{"text":"Blogu i Udh\u00ebtarit","link":"https:\/\/www.shqiperia.com\/blog\/category\/blogu-i-udhetarit\/"},"img":{"alt_text":"","src":"https:\/\/i0.wp.com\/www.shqiperia.com\/blog\/wp-content\/uploads\/2023\/05\/Capture521.jpg?fit=724%2C574&ssl=1&resize=350%2C200","width":350,"height":200,"srcset":"https:\/\/i0.wp.com\/www.shqiperia.com\/blog\/wp-content\/uploads\/2023\/05\/Capture521.jpg?fit=724%2C574&ssl=1&resize=350%2C200 1x, https:\/\/i0.wp.com\/www.shqiperia.com\/blog\/wp-content\/uploads\/2023\/05\/Capture521.jpg?fit=724%2C574&ssl=1&resize=525%2C300 1.5x, https:\/\/i0.wp.com\/www.shqiperia.com\/blog\/wp-content\/uploads\/2023\/05\/Capture521.jpg?fit=724%2C574&ssl=1&resize=700%2C400 2x"},"classes":[]},{"id":69841,"url":"https:\/\/www.shqiperia.com\/blog\/marreveshja-kosove-serbi-reagon-uashingtoni\/","url_meta":{"origin":38113,"position":3},"title":"Marr\u00ebveshja Kosov\u00eb-Serbi, reagon Uashingtoni","author":"Kurt Farka","date":"March 19, 2023","format":false,"excerpt":"19 Mars 2023 Adrienne Watson, z\u00ebdh\u00ebn\u00ebse e K\u00ebshillit t\u00eb Siguris\u00eb Komb\u00ebtare n\u00eb SHBA, ka reaguar p\u00ebr takimin e 18 marsit n\u00eb Oh\u00ebr, n\u00eb t\u00eb cilin kryeministri Kurti dhe presidenti serb Vu\u00e7iq jan\u00eb pajtuar q\u00eb ta implementojn\u00eb zbatimin e marr\u00ebveshjes s\u00eb dakorduar m\u00eb 27 shkurt n\u00eb Bruksel. N\u00eb nj\u00eb postim n\u00eb\u2026","rel":"","context":"In &quot;Blogu i Udh\u00ebtarit&quot;","block_context":{"text":"Blogu i Udh\u00ebtarit","link":"https:\/\/www.shqiperia.com\/blog\/category\/blogu-i-udhetarit\/"},"img":{"alt_text":"","src":"https:\/\/i0.wp.com\/www.shqiperia.com\/blog\/wp-content\/uploads\/2023\/03\/96121676189433.jpg?fit=900%2C600&ssl=1&resize=350%2C200","width":350,"height":200,"srcset":"https:\/\/i0.wp.com\/www.shqiperia.com\/blog\/wp-content\/uploads\/2023\/03\/96121676189433.jpg?fit=900%2C600&ssl=1&resize=350%2C200 1x, https:\/\/i0.wp.com\/www.shqiperia.com\/blog\/wp-content\/uploads\/2023\/03\/96121676189433.jpg?fit=900%2C600&ssl=1&resize=525%2C300 1.5x, https:\/\/i0.wp.com\/www.shqiperia.com\/blog\/wp-content\/uploads\/2023\/03\/96121676189433.jpg?fit=900%2C600&ssl=1&resize=700%2C400 2x"},"classes":[]},{"id":74783,"url":"https:\/\/www.shqiperia.com\/blog\/hill-propozime-interesante-do-tiu-prezantohen-kosoves-dhe-serbise\/","url_meta":{"origin":38113,"position":4},"title":"Hill: &#8211; Propozime interesante do t\u2019iu prezantohen Kosov\u00ebs dhe Serbis\u00eb","author":"Kurt Farka","date":"October 13, 2023","format":false,"excerpt":"13 Tetor 2023 Ambasadori i Shteteve t\u00eb Bashkuara n\u00eb Serbi, Christopher Hill, tha p\u00ebr televizionin N1 n\u00eb Serbi gjat\u00eb takimeve q\u00eb priten t\u00eb zhvillohen n\u00eb Kosov\u00eb dhe Serbi, do t\u00eb ket\u00eb \u201cdisa propozime interesante p\u00ebr t\u00eb dyja pal\u00ebt\u201d. I d\u00ebrguari i Bashkimit Evropian, Mirosllav Laj\u00e7ak, do t\u00eb zhvilloj\u00eb takime n\u00eb\u2026","rel":"","context":"In &quot;Blogu i Udh\u00ebtarit&quot;","block_context":{"text":"Blogu i Udh\u00ebtarit","link":"https:\/\/www.shqiperia.com\/blog\/category\/blogu-i-udhetarit\/"},"img":{"alt_text":"","src":"https:\/\/i0.wp.com\/www.shqiperia.com\/blog\/wp-content\/uploads\/2023\/10\/h_55620221-scaled-e1634289780105-1280x720-1.jpg?fit=1200%2C675&ssl=1&resize=350%2C200","width":350,"height":200,"srcset":"https:\/\/i0.wp.com\/www.shqiperia.com\/blog\/wp-content\/uploads\/2023\/10\/h_55620221-scaled-e1634289780105-1280x720-1.jpg?fit=1200%2C675&ssl=1&resize=350%2C200 1x, https:\/\/i0.wp.com\/www.shqiperia.com\/blog\/wp-content\/uploads\/2023\/10\/h_55620221-scaled-e1634289780105-1280x720-1.jpg?fit=1200%2C675&ssl=1&resize=525%2C300 1.5x, https:\/\/i0.wp.com\/www.shqiperia.com\/blog\/wp-content\/uploads\/2023\/10\/h_55620221-scaled-e1634289780105-1280x720-1.jpg?fit=1200%2C675&ssl=1&resize=700%2C400 2x, https:\/\/i0.wp.com\/www.shqiperia.com\/blog\/wp-content\/uploads\/2023\/10\/h_55620221-scaled-e1634289780105-1280x720-1.jpg?fit=1200%2C675&ssl=1&resize=1050%2C600 3x"},"classes":[]},{"id":18852,"url":"https:\/\/www.shqiperia.com\/blog\/shkrimtari-serb-per-krimet-e-serbise-ne-kosove-flasin-varrezat-masive-rreth-beogradit\/","url_meta":{"origin":38113,"position":5},"title":"Shkrimtari serb: P\u00ebr krimet e Serbis\u00eb n\u00eb Kosov\u00eb flasin varrezat masive rreth Beogradit. &#8211;","author":"Kurt Farka","date":"March 28, 2019","format":false,"excerpt":"Shkrimtari serb: P\u00ebr krimet e Serbis\u00eb n\u00eb Kosov\u00eb flasin varrezat masive rreth Beogradit. - 22\/03\/2019. Shkrimtari serb, Vladimir Arsenijeviq, thot\u00eb se nuk arrin ta kuptoj\u00eb se si konlfikti i ngrir\u00eb do t\u00eb ishte m\u00eb i mir\u00eb se arritja e nj\u00eb marr\u00ebveshje.Sipas tij Kosova dhe Serbia do t\u00eb duhet t\u00eb nd\u00ebrtojn\u00eb\u2026","rel":"","context":"In &quot;Blogu i Udh\u00ebtarit&quot;","block_context":{"text":"Blogu i Udh\u00ebtarit","link":"https:\/\/www.shqiperia.com\/blog\/category\/blogu-i-udhetarit\/"},"img":{"alt_text":"","src":"https:\/\/i0.wp.com\/www.shqiperia.com\/blog\/wp-content\/uploads\/2019\/03\/Shkrimtari-serb-Vladimir-Arsenijeviq.jpg?fit=552%2C283&ssl=1&resize=350%2C200","width":350,"height":200,"srcset":"https:\/\/i0.wp.com\/www.shqiperia.com\/blog\/wp-content\/uploads\/2019\/03\/Shkrimtari-serb-Vladimir-Arsenijeviq.jpg?fit=552%2C283&ssl=1&resize=350%2C200 1x, https:\/\/i0.wp.com\/www.shqiperia.com\/blog\/wp-content\/uploads\/2019\/03\/Shkrimtari-serb-Vladimir-Arsenijeviq.jpg?fit=552%2C283&ssl=1&resize=525%2C300 1.5x"},"classes":[]}],"_links":{"self":[{"href":"https:\/\/www.shqiperia.com\/blog\/wp-json\/wp\/v2\/posts\/38113","targetHints":{"allow":["GET"]}}],"collection":[{"href":"https:\/\/www.shqiperia.com\/blog\/wp-json\/wp\/v2\/posts"}],"about":[{"href":"https:\/\/www.shqiperia.com\/blog\/wp-json\/wp\/v2\/types\/post"}],"author":[{"embeddable":true,"href":"https:\/\/www.shqiperia.com\/blog\/wp-json\/wp\/v2\/users\/9"}],"replies":[{"embeddable":true,"href":"https:\/\/www.shqiperia.com\/blog\/wp-json\/wp\/v2\/comments?post=38113"}],"version-history":[{"count":1,"href":"https:\/\/www.shqiperia.com\/blog\/wp-json\/wp\/v2\/posts\/38113\/revisions"}],"predecessor-version":[{"id":38115,"href":"https:\/\/www.shqiperia.com\/blog\/wp-json\/wp\/v2\/posts\/38113\/revisions\/38115"}],"wp:featuredmedia":[{"embeddable":true,"href":"https:\/\/www.shqiperia.com\/blog\/wp-json\/wp\/v2\/media\/38114"}],"wp:attachment":[{"href":"https:\/\/www.shqiperia.com\/blog\/wp-json\/wp\/v2\/media?parent=38113"}],"wp:term":[{"taxonomy":"category","embeddable":true,"href":"https:\/\/www.shqiperia.com\/blog\/wp-json\/wp\/v2\/categories?post=38113"},{"taxonomy":"post_tag","embeddable":true,"href":"https:\/\/www.shqiperia.com\/blog\/wp-json\/wp\/v2\/tags?post=38113"}],"curies":[{"name":"wp","href":"https:\/\/api.w.org\/{rel}","templated":true}]}}