{"id":38110,"date":"2020-09-05T10:06:59","date_gmt":"2020-09-05T10:06:59","guid":{"rendered":"https:\/\/www.shqiperia.com\/blog\/?p=38110"},"modified":"2020-09-05T10:06:59","modified_gmt":"2020-09-05T10:06:59","slug":"marreveshja-qe-rikthen-serbine-ne-kosove","status":"publish","type":"post","link":"https:\/\/www.shqiperia.com\/blog\/marreveshja-qe-rikthen-serbine-ne-kosove\/","title":{"rendered":"Marr\u00ebveshja q\u00eb rikthen Serbin\u00eb n\u00eb Kosov\u00eb"},"content":{"rendered":"<p><img data-recalc-dims=\"1\" loading=\"lazy\" decoding=\"async\" data-attachment-id=\"38111\" data-permalink=\"https:\/\/www.shqiperia.com\/blog\/marreveshja-qe-rikthen-serbine-ne-kosove\/koco-kokedhima-2-1\/\" data-orig-file=\"https:\/\/i0.wp.com\/www.shqiperia.com\/blog\/wp-content\/uploads\/2020\/09\/koco-kokedhima-2-1.jpg?fit=1909%2C1053&amp;ssl=1\" data-orig-size=\"1909,1053\" data-comments-opened=\"1\" data-image-meta=\"{&quot;aperture&quot;:&quot;4.5&quot;,&quot;credit&quot;:&quot;&quot;,&quot;camera&quot;:&quot;Canon EOS-1D X&quot;,&quot;caption&quot;:&quot;&quot;,&quot;created_timestamp&quot;:&quot;1545576618&quot;,&quot;copyright&quot;:&quot;&quot;,&quot;focal_length&quot;:&quot;47&quot;,&quot;iso&quot;:&quot;2500&quot;,&quot;shutter_speed&quot;:&quot;0.00625&quot;,&quot;title&quot;:&quot;&quot;,&quot;orientation&quot;:&quot;0&quot;}\" data-image-title=\"koco-kokedhima-2-1\" data-image-description=\"\" data-image-caption=\"\" data-medium-file=\"https:\/\/i0.wp.com\/www.shqiperia.com\/blog\/wp-content\/uploads\/2020\/09\/koco-kokedhima-2-1.jpg?fit=300%2C165&amp;ssl=1\" data-large-file=\"https:\/\/i0.wp.com\/www.shqiperia.com\/blog\/wp-content\/uploads\/2020\/09\/koco-kokedhima-2-1.jpg?fit=1024%2C565&amp;ssl=1\" class=\"alignnone  wp-image-38111\" alt=\"\" src=\"https:\/\/i0.wp.com\/www.shqiperia.com\/blog\/wp-content\/uploads\/2020\/09\/koco-kokedhima-2-1.jpg?resize=611%2C336&#038;ssl=1\" width=\"611\" height=\"336\" srcset=\"https:\/\/i0.wp.com\/www.shqiperia.com\/blog\/wp-content\/uploads\/2020\/09\/koco-kokedhima-2-1.jpg?resize=300%2C165&amp;ssl=1 300w, https:\/\/i0.wp.com\/www.shqiperia.com\/blog\/wp-content\/uploads\/2020\/09\/koco-kokedhima-2-1.jpg?resize=1024%2C565&amp;ssl=1 1024w, https:\/\/i0.wp.com\/www.shqiperia.com\/blog\/wp-content\/uploads\/2020\/09\/koco-kokedhima-2-1.jpg?resize=768%2C424&amp;ssl=1 768w, https:\/\/i0.wp.com\/www.shqiperia.com\/blog\/wp-content\/uploads\/2020\/09\/koco-kokedhima-2-1.jpg?resize=1536%2C847&amp;ssl=1 1536w, https:\/\/i0.wp.com\/www.shqiperia.com\/blog\/wp-content\/uploads\/2020\/09\/koco-kokedhima-2-1.jpg?resize=450%2C248&amp;ssl=1 450w, https:\/\/i0.wp.com\/www.shqiperia.com\/blog\/wp-content\/uploads\/2020\/09\/koco-kokedhima-2-1.jpg?resize=600%2C331&amp;ssl=1 600w, https:\/\/i0.wp.com\/www.shqiperia.com\/blog\/wp-content\/uploads\/2020\/09\/koco-kokedhima-2-1.jpg?resize=1500%2C827&amp;ssl=1 1500w, https:\/\/i0.wp.com\/www.shqiperia.com\/blog\/wp-content\/uploads\/2020\/09\/koco-kokedhima-2-1.jpg?resize=1300%2C717&amp;ssl=1 1300w, https:\/\/i0.wp.com\/www.shqiperia.com\/blog\/wp-content\/uploads\/2020\/09\/koco-kokedhima-2-1.jpg?resize=400%2C221&amp;ssl=1 400w, https:\/\/i0.wp.com\/www.shqiperia.com\/blog\/wp-content\/uploads\/2020\/09\/koco-kokedhima-2-1.jpg?w=1909&amp;ssl=1 1909w\" sizes=\"auto, (max-width: 611px) 100vw, 611px\" \/><\/p>\n<p><strong>Marr\u00ebveshja q\u00eb rikthen Serbin\u00eb n\u00eb Kosov\u00eb<\/strong><\/p>\n<p><strong>04.09.2020<\/strong><\/p>\n<p>Nga: <strong>\u00a0Ko\u00e7o Kok\u00ebdhima<\/strong><\/p>\n<p>Marr\u00ebveshja mes Kosov\u00ebs dhe Serbis\u00eb n\u00ebnshkruar n\u00eb Sht\u00ebpin\u00eb e Bardh\u00eb, ligj\u00ebroi rikthimin e Serbis\u00eb n\u00eb Kosov\u00eb, 21 vite pasi ajo u d\u00ebbua si pushtuese nga forcat e NATO-s dhe 12 vite pas shpalljes s\u00eb pavar\u00ebsis\u00eb.<\/p>\n<p>Kosova pranoi nj\u00eb marr\u00ebveshje q\u00eb e gjunj\u00ebzon s\u00ebrish p\u00ebrpara Serbis\u00eb, cenon sovranitetin, dhuron pasurit\u00eb e vyera ekonomike dhe shtrin kurrizin p\u00ebr t\u2019u b\u00ebr\u00eb ur\u00eb p\u00ebr ekspansionin serb n\u00eb tregun ballkanik. Marr\u00ebveshja q\u00eb u n\u00ebnshkrua n\u00eb Uashington \u00ebsht\u00eb antishqiptare.<\/p>\n<p>Kosova do t\u00eb ndaj\u00eb me Serbin\u00eb liqenin e Ujmanit, pron\u00eb 100 p\u00ebr qind e Republik\u00ebs s\u00eb Kosov\u00ebs, burimi m\u00eb i r\u00ebnd\u00ebsish\u00ebm ujor dhe energjetik i vendit, nd\u00ebrsa Serbia do t\u00eb kontrolloj\u00eb edhe prodhimin, tregun dhe sigurin\u00eb energjetike t\u00eb Kosov\u00ebs, duke cenuar sovranitetin e saj.<\/p>\n<p>Kosova pranoi q\u00eb t\u00eb heq\u00eb dor\u00eb nga pozita e shtetit sovran, duke u angazhuar q\u00eb p\u00ebr nj\u00eb vit t\u00eb mos k\u00ebrkoj\u00eb m\u00eb an\u00ebtar\u00ebsime n\u00eb organizata nd\u00ebrkomb\u00ebtare, q\u00eb Serbia t\u00eb nd\u00ebrpres\u00eb fushat\u00ebn agresive kund\u00ebr njohjeve nga vendet an\u00ebtare t\u00eb OKB-s\u00eb. Ajo do t\u00eb detyrohet q\u00eb t\u00eb b\u00ebhet pjes\u00eb e iniciativ\u00ebs \u2018Minischengen\u2019, planit t\u00eb rreziksh\u00ebm t\u00eb sundimit t\u00eb tregut ballkanik nga mallrat e lira dhe t\u00eb subvencionuara sllave, q\u00eb do t\u00eb falimentojn\u00eb ekonomit\u00eb e dob\u00ebta dhe t\u00eb vogla t\u00eb Shqip\u00ebris\u00eb dhe t\u00eb Kosov\u00ebs.<\/p>\n<p>Ato do t\u00eb jen\u00eb nj\u00eb korridor kalimi, q\u00eb Serbis\u00eb t\u2019i mund\u00ebsohet dalja n\u00eb detin Adriatik. M\u00ebse dy dekada pas mbarimit t\u00eb luft\u00ebs, marr\u00ebveshja nuk b\u00ebn fjal\u00eb p\u00ebr genocidin serb n\u00eb Kosov\u00eb, mij\u00ebra t\u00eb vrar\u00ebt dhe t\u00eb zhdukurit, duke trajtuar si t\u00eb barabart\u00eb viktimat e pafajshme t\u00eb Kosov\u00ebs me agresor\u00ebt e Serbis\u00eb, e cila ende nuk ka k\u00ebrkuar falje dhe nuk njeh d\u00ebmet kolosale t\u00eb shkaktuara gjat\u00eb pushtimit.<\/p>\n<p>Kjo marr\u00ebveshje q\u00eb tradh\u00ebton dhe shet Kosov\u00ebn ishte e pritshme. Ajo u n\u00ebnshkrua nga kryeministri i nj\u00eb qeverie kukull, t\u00eb formuar prej pazareve t\u00eb politikan\u00ebve antishqiptar\u00eb n\u00eb Prishtin\u00eb dhe Tiran\u00eb, duke rr\u00ebzuar nj\u00eb qeveri q\u00eb kishte votat e popullit t\u00eb Kosov\u00ebs. I b\u00ebj thirrje Kuvendit t\u00eb Kosov\u00ebs q\u00eb ta rr\u00ebzoj\u00eb unanimisht k\u00ebt\u00eb traktat esadist t\u00eb frym\u00ebzuar nga tradh\u00ebtar\u00ebt e kombit shqiptar, q\u00eb do t\u00eb ikin me turp nga skena politike, pa arritur t\u00eb realizojn\u00eb cop\u00ebtimin tjet\u00ebr t\u00eb trojeve t\u00eb cunguara shqiptare.<\/p>\n<p>Gazeta Shekulli<\/p>\n","protected":false},"excerpt":{"rendered":"<p>Marr\u00ebveshja q\u00eb rikthen Serbin\u00eb n\u00eb Kosov\u00eb 04.09.2020 Nga: \u00a0Ko\u00e7o Kok\u00ebdhima Marr\u00ebveshja mes Kosov\u00ebs dhe Serbis\u00eb n\u00ebnshkruar n\u00eb Sht\u00ebpin\u00eb e Bardh\u00eb, ligj\u00ebroi rikthimin e Serbis\u00eb n\u00eb Kosov\u00eb, 21 vite pasi ajo u d\u00ebbua si pushtuese nga forcat e NATO-s dhe 12 vite pas shpalljes s\u00eb pavar\u00ebsis\u00eb. Kosova pranoi nj\u00eb marr\u00ebveshje q\u00eb e gjunj\u00ebzon s\u00ebrish p\u00ebrpara Serbis\u00eb, [&hellip;]<\/p>\n","protected":false},"author":9,"featured_media":38111,"comment_status":"open","ping_status":"open","sticky":false,"template":"","format":"standard","meta":{"jetpack_post_was_ever_published":false,"_jetpack_newsletter_access":"","_jetpack_dont_email_post_to_subs":false,"_jetpack_newsletter_tier_id":0,"_jetpack_memberships_contains_paywalled_content":false,"_jetpack_memberships_contains_paid_content":false,"footnotes":"","jetpack_publicize_message":"","jetpack_publicize_feature_enabled":true,"jetpack_social_post_already_shared":true,"jetpack_social_options":{"image_generator_settings":{"template":"highway","default_image_id":0,"font":"","enabled":false},"version":2}},"categories":[27,2,35],"tags":[],"class_list":["post-38110","post","type-post","status-publish","format-standard","has-post-thumbnail","hentry","category-blogu-i-udhetarit","category-politika","category-shoqerore"],"jetpack_publicize_connections":[],"jetpack_featured_media_url":"https:\/\/i0.wp.com\/www.shqiperia.com\/blog\/wp-content\/uploads\/2020\/09\/koco-kokedhima-2-1.jpg?fit=1909%2C1053&ssl=1","jetpack_sharing_enabled":true,"jetpack_shortlink":"https:\/\/wp.me\/p5Z6wp-9UG","jetpack-related-posts":[{"id":27136,"url":"https:\/\/www.shqiperia.com\/blog\/vetevendosja-rames-terhiqu-nga-marreveshja-me-serbine\/","url_meta":{"origin":38110,"position":0},"title":"Vet\u00ebvendosja-Ram\u00ebs: &#8211; T\u00ebrhiqu nga marr\u00ebveshja me Serbin\u00eb. &#8211;","author":"Kurt Farka","date":"October 18, 2019","format":false,"excerpt":"Vet\u00ebvendosja-Ram\u00ebs: - T\u00ebrhiqu nga marr\u00ebveshja me Serbin\u00eb - 18\/10\/19 Nga: mapo.al Dega e L\u00ebvizjes Vetvendosje n\u00eb Tiran\u00eb ka publikuar sot nj\u00eb q\u00ebndrim publik ku komenton vendimin e qeveris\u00eb shqiptare p\u00ebr t\u2019iu bashkuar nj\u00eb projekti bashk\u00ebpunimi n\u00eb Ballkan mes Shqip\u00ebris\u00eb, Maqedonis\u00eb dhe Serbis\u00eb, projekt q\u00eb pas takimit t\u00eb tre kryeministrave, Rama,\u2026","rel":"","context":"In &quot;Blogu i Udh\u00ebtarit&quot;","block_context":{"text":"Blogu i Udh\u00ebtarit","link":"https:\/\/www.shqiperia.com\/blog\/category\/blogu-i-udhetarit\/"},"img":{"alt_text":"","src":"https:\/\/i0.wp.com\/www.shqiperia.com\/blog\/wp-content\/uploads\/2019\/10\/rama-me-vucic-dhe-zaev.jpg?fit=700%2C394&ssl=1&resize=350%2C200","width":350,"height":200,"srcset":"https:\/\/i0.wp.com\/www.shqiperia.com\/blog\/wp-content\/uploads\/2019\/10\/rama-me-vucic-dhe-zaev.jpg?fit=700%2C394&ssl=1&resize=350%2C200 1x, https:\/\/i0.wp.com\/www.shqiperia.com\/blog\/wp-content\/uploads\/2019\/10\/rama-me-vucic-dhe-zaev.jpg?fit=700%2C394&ssl=1&resize=525%2C300 1.5x, https:\/\/i0.wp.com\/www.shqiperia.com\/blog\/wp-content\/uploads\/2019\/10\/rama-me-vucic-dhe-zaev.jpg?fit=700%2C394&ssl=1&resize=700%2C400 2x"},"classes":[]},{"id":69130,"url":"https:\/\/www.shqiperia.com\/blog\/serbia-te-pranoi-pavaresine-e-kosoves-fillojne-ditet-e-veshtira-per-beogradin-shba-be-po-shuajne-cdo-plan-te-vucicit-per-prishtinen\/","url_meta":{"origin":38110,"position":1},"title":"Serbia te pranoi pavar\u00ebsin\u00eb e Kosov\u00ebs. Fillojn\u00eb dit\u00ebt e v\u00ebshtira p\u00ebr Beogradin. &#8211; SHBA-BE po shuajn\u00eb \u00e7do plan t\u00eb Vu\u00e7i\u00e7it p\u00ebr Prishtin\u00ebn","author":"Kurt Farka","date":"March 7, 2023","format":false,"excerpt":"7 Mars 2023 Nga Elmas BOGDANI Presidenti i Serbis\u00eb, Aleksand\u00ebr Vu\u00e7i\u00e7, po gjendet n\u00eb nj\u00eb situat\u00eb shum\u00eb t\u00eb v\u00ebshtir\u00eb, pasi nd\u00ebrkomb\u00ebtar\u00ebt n\u00eb jav\u00ebt n\u00eb vazhdim nuk do ta tolerojn\u00eb politik\u00ebn e tij me dy karrige. P\u00ebrve\u00e7 Per\u00ebndimit, Vu\u00e7i\u00e7 po p\u00ebrballet edhe me nj\u00eb presion t\u00eb fort\u00eb brenda Beogradit. Ish-presidenti i\u2026","rel":"","context":"In &quot;Blogu i Udh\u00ebtarit&quot;","block_context":{"text":"Blogu i Udh\u00ebtarit","link":"https:\/\/www.shqiperia.com\/blog\/category\/blogu-i-udhetarit\/"},"img":{"alt_text":"","src":"https:\/\/i0.wp.com\/www.shqiperia.com\/blog\/wp-content\/uploads\/2023\/03\/800-0-64071742ab77b.png?fit=800%2C425&ssl=1&resize=350%2C200","width":350,"height":200,"srcset":"https:\/\/i0.wp.com\/www.shqiperia.com\/blog\/wp-content\/uploads\/2023\/03\/800-0-64071742ab77b.png?fit=800%2C425&ssl=1&resize=350%2C200 1x, https:\/\/i0.wp.com\/www.shqiperia.com\/blog\/wp-content\/uploads\/2023\/03\/800-0-64071742ab77b.png?fit=800%2C425&ssl=1&resize=525%2C300 1.5x, https:\/\/i0.wp.com\/www.shqiperia.com\/blog\/wp-content\/uploads\/2023\/03\/800-0-64071742ab77b.png?fit=800%2C425&ssl=1&resize=700%2C400 2x"},"classes":[]},{"id":35857,"url":"https:\/\/www.shqiperia.com\/blog\/marreveshja-me-18-pika-tek-trump-kosova-merr-7-miliarde-euro-vizat-dhe-nuk-humb-territor-serbia-njeh-kosoven-dhe\/","url_meta":{"origin":38110,"position":2},"title":"Marr\u00ebveshja me 18 pika tek Trump\/ Kosova merr 7 miliard\u00eb euro, vizat dhe nuk humb territor. Serbia njeh Kosov\u00ebn dhe\u2026.","author":"Kurt Farka","date":"June 19, 2020","format":false,"excerpt":"Marr\u00ebveshja me 18 pika tek Trump\/ Kosova merr 7 miliard\u00eb euro, vizat dhe nuk humb territor. Serbia njeh Kosov\u00ebn dhe\u2026. 19 Qershor 2020 | 14 : 57 Edhe pse do t\u00eb hyjn\u00eb duar bosh, lider\u00ebt e Kosov\u00ebs dhe Serbis\u00eb mund t\u00eb dalin nga \u201cbisedimet e paqes\u201d n\u00eb Sht\u00ebpin\u00eb e Bardh\u00eb,\u2026","rel":"","context":"In &quot;Blogu i Udh\u00ebtarit&quot;","block_context":{"text":"Blogu i Udh\u00ebtarit","link":"https:\/\/www.shqiperia.com\/blog\/category\/blogu-i-udhetarit\/"},"img":{"alt_text":"","src":"https:\/\/i0.wp.com\/www.shqiperia.com\/blog\/wp-content\/uploads\/2020\/06\/shtepia-e-bardhe.jpg?fit=900%2C473&ssl=1&resize=350%2C200","width":350,"height":200,"srcset":"https:\/\/i0.wp.com\/www.shqiperia.com\/blog\/wp-content\/uploads\/2020\/06\/shtepia-e-bardhe.jpg?fit=900%2C473&ssl=1&resize=350%2C200 1x, https:\/\/i0.wp.com\/www.shqiperia.com\/blog\/wp-content\/uploads\/2020\/06\/shtepia-e-bardhe.jpg?fit=900%2C473&ssl=1&resize=525%2C300 1.5x, https:\/\/i0.wp.com\/www.shqiperia.com\/blog\/wp-content\/uploads\/2020\/06\/shtepia-e-bardhe.jpg?fit=900%2C473&ssl=1&resize=700%2C400 2x"},"classes":[]},{"id":82166,"url":"https:\/\/www.shqiperia.com\/blog\/kryeministri-i-serbise-millosh-vucevic-serbia-e-gatshme-te-beje-kompromise-me-kosoven\/","url_meta":{"origin":38110,"position":3},"title":"Kryeministri i Serbis\u00eb, Millosh Vu\u00e7evi\u00e7 &#8211; Serbia e gatshme t\u00eb b\u00ebj\u00eb kompromise me Kosov\u00ebn","author":"Kurt Farka","date":"June 26, 2024","format":false,"excerpt":"26 Qershor 2024 Serbia \u00ebsht\u00eb e gatshme p\u00ebr \u201cmarr\u00ebveshje dhe kompromise\u201d n\u00eb bisedime me Kosov\u00ebn, tha kryeministri i Serbis\u00eb, Millosh Vu\u00e7evi\u00e7, p\u00ebr agjencin\u00eb AFP-n\u00eb. K\u00ebt\u00eb deklarat\u00eb, Vu\u00e7evi\u00e7 e dha nj\u00eb dit\u00eb para se kryeministri i Kosov\u00ebs, Albin Kurti, dhe presidenti i Serbis\u00eb, Aleksand\u00e7r Vu\u00e7i\u00e7, t\u00eb takohen p\u00ebr nj\u00eb rund t\u00eb\u2026","rel":"","context":"In &quot;Blogu i Udh\u00ebtarit&quot;","block_context":{"text":"Blogu i Udh\u00ebtarit","link":"https:\/\/www.shqiperia.com\/blog\/category\/blogu-i-udhetarit\/"},"img":{"alt_text":"","src":"https:\/\/i0.wp.com\/www.shqiperia.com\/blog\/wp-content\/uploads\/2024\/06\/800-0-667bb006b9140.jpg?fit=800%2C450&ssl=1&resize=350%2C200","width":350,"height":200,"srcset":"https:\/\/i0.wp.com\/www.shqiperia.com\/blog\/wp-content\/uploads\/2024\/06\/800-0-667bb006b9140.jpg?fit=800%2C450&ssl=1&resize=350%2C200 1x, https:\/\/i0.wp.com\/www.shqiperia.com\/blog\/wp-content\/uploads\/2024\/06\/800-0-667bb006b9140.jpg?fit=800%2C450&ssl=1&resize=525%2C300 1.5x, https:\/\/i0.wp.com\/www.shqiperia.com\/blog\/wp-content\/uploads\/2024\/06\/800-0-667bb006b9140.jpg?fit=800%2C450&ssl=1&resize=700%2C400 2x"},"classes":[]},{"id":69832,"url":"https:\/\/www.shqiperia.com\/blog\/marreveshja-kosove-serbi-bashkimi-europian-publikon-aneksin-e-dakordesuar-nga-kurti-e-vucic\/","url_meta":{"origin":38110,"position":4},"title":"Marr\u00ebveshja Kosov\u00eb-Serbi. &#8211; Bashkimi Europian publikon aneksin e dakord\u00ebsuar nga Kurti e Vu\u00e7i\u00e7","author":"Kurt Farka","date":"March 19, 2023","format":false,"excerpt":"19 Mars 2023 Kosova dhe Serbia arrit\u00ebn marr\u00ebveshjen p\u00ebr implementimin e propozimit europian p\u00ebr normalizimin e marr\u00ebdh\u00ebnieve. P\u00ebrfaq\u00ebsuesi i lart\u00eb i Bashkimit Evropian, Josep Borrell, pas takimit ka th\u00ebn\u00eb se pal\u00ebt jan\u00eb dakorduar p\u00ebr t\u2019i respektuar t\u00eb gjitha pikat dhe se do t\u2019i implementojn\u00eb t\u00eb gjithat. Kryeministri Albin Kurti, tha\u2026","rel":"","context":"In &quot;Blogu i Udh\u00ebtarit&quot;","block_context":{"text":"Blogu i Udh\u00ebtarit","link":"https:\/\/www.shqiperia.com\/blog\/category\/blogu-i-udhetarit\/"},"img":{"alt_text":"","src":"https:\/\/i0.wp.com\/www.shqiperia.com\/blog\/wp-content\/uploads\/2023\/03\/kosove-serbi.jpg?fit=963%2C547&ssl=1&resize=350%2C200","width":350,"height":200,"srcset":"https:\/\/i0.wp.com\/www.shqiperia.com\/blog\/wp-content\/uploads\/2023\/03\/kosove-serbi.jpg?fit=963%2C547&ssl=1&resize=350%2C200 1x, https:\/\/i0.wp.com\/www.shqiperia.com\/blog\/wp-content\/uploads\/2023\/03\/kosove-serbi.jpg?fit=963%2C547&ssl=1&resize=525%2C300 1.5x, https:\/\/i0.wp.com\/www.shqiperia.com\/blog\/wp-content\/uploads\/2023\/03\/kosove-serbi.jpg?fit=963%2C547&ssl=1&resize=700%2C400 2x"},"classes":[]},{"id":61514,"url":"https:\/\/www.shqiperia.com\/blog\/me-bekimin-e-be-se-arrihet-marreveshja-kosove-serbi-ja-cfare-njofton-ne-twitter-josep-borrell\/","url_meta":{"origin":38110,"position":5},"title":"Me \u201cbekimin\u201d e BE-s\u00eb arrihet marr\u00ebveshja Kosov\u00eb-Serbi, ja \u00e7far\u00eb njofton n\u00eb Twitter, Josep Borrell","author":"Kurt Farka","date":"August 27, 2022","format":false,"excerpt":"27 Gusht 2022 Dokumentet identifikuese, tema e nxeht\u00eb e gushtit n\u00eb p\u00ebrplasjet midis Kosov\u00ebs dhe Serbis\u00eb pas nisjes s\u00eb zbatimit t\u00eb reciprocitetit nga ana e Prishtin\u00ebs, q\u00eb \u00e7oi n\u00eb revolt\u00ebn e serb\u00ebve t\u00eb Veriut, duket se jan\u00eb b\u00ebr\u00eb pjes\u00eb e nj\u00eb marr\u00ebveshje t\u00eb re me \u201cbekimin\u201d e Bashkimit Europian. P\u00ebrfaq\u00ebsuesi\u2026","rel":"","context":"In &quot;Blogu i Udh\u00ebtarit&quot;","block_context":{"text":"Blogu i Udh\u00ebtarit","link":"https:\/\/www.shqiperia.com\/blog\/category\/blogu-i-udhetarit\/"},"img":{"alt_text":"","src":"https:\/\/i0.wp.com\/www.shqiperia.com\/blog\/wp-content\/uploads\/2022\/08\/Brussels-meeting-e1660837479278-1280x720-1-770x433-1.jpg?fit=770%2C433&ssl=1&resize=350%2C200","width":350,"height":200,"srcset":"https:\/\/i0.wp.com\/www.shqiperia.com\/blog\/wp-content\/uploads\/2022\/08\/Brussels-meeting-e1660837479278-1280x720-1-770x433-1.jpg?fit=770%2C433&ssl=1&resize=350%2C200 1x, https:\/\/i0.wp.com\/www.shqiperia.com\/blog\/wp-content\/uploads\/2022\/08\/Brussels-meeting-e1660837479278-1280x720-1-770x433-1.jpg?fit=770%2C433&ssl=1&resize=525%2C300 1.5x, https:\/\/i0.wp.com\/www.shqiperia.com\/blog\/wp-content\/uploads\/2022\/08\/Brussels-meeting-e1660837479278-1280x720-1-770x433-1.jpg?fit=770%2C433&ssl=1&resize=700%2C400 2x"},"classes":[]}],"_links":{"self":[{"href":"https:\/\/www.shqiperia.com\/blog\/wp-json\/wp\/v2\/posts\/38110","targetHints":{"allow":["GET"]}}],"collection":[{"href":"https:\/\/www.shqiperia.com\/blog\/wp-json\/wp\/v2\/posts"}],"about":[{"href":"https:\/\/www.shqiperia.com\/blog\/wp-json\/wp\/v2\/types\/post"}],"author":[{"embeddable":true,"href":"https:\/\/www.shqiperia.com\/blog\/wp-json\/wp\/v2\/users\/9"}],"replies":[{"embeddable":true,"href":"https:\/\/www.shqiperia.com\/blog\/wp-json\/wp\/v2\/comments?post=38110"}],"version-history":[{"count":1,"href":"https:\/\/www.shqiperia.com\/blog\/wp-json\/wp\/v2\/posts\/38110\/revisions"}],"predecessor-version":[{"id":38112,"href":"https:\/\/www.shqiperia.com\/blog\/wp-json\/wp\/v2\/posts\/38110\/revisions\/38112"}],"wp:featuredmedia":[{"embeddable":true,"href":"https:\/\/www.shqiperia.com\/blog\/wp-json\/wp\/v2\/media\/38111"}],"wp:attachment":[{"href":"https:\/\/www.shqiperia.com\/blog\/wp-json\/wp\/v2\/media?parent=38110"}],"wp:term":[{"taxonomy":"category","embeddable":true,"href":"https:\/\/www.shqiperia.com\/blog\/wp-json\/wp\/v2\/categories?post=38110"},{"taxonomy":"post_tag","embeddable":true,"href":"https:\/\/www.shqiperia.com\/blog\/wp-json\/wp\/v2\/tags?post=38110"}],"curies":[{"name":"wp","href":"https:\/\/api.w.org\/{rel}","templated":true}]}}