{"id":38107,"date":"2020-09-05T09:40:45","date_gmt":"2020-09-05T09:40:45","guid":{"rendered":"https:\/\/www.shqiperia.com\/blog\/?p=38107"},"modified":"2020-09-05T09:40:45","modified_gmt":"2020-09-05T09:40:45","slug":"ate-qe-nuk-e-arriti-me-lufte-serbia-po-e-synon-me-marreveshje-vjen-reagimi-i-forte-i-biberaj-per-daljen-e-serbise-ne-det","status":"publish","type":"post","link":"https:\/\/www.shqiperia.com\/blog\/ate-qe-nuk-e-arriti-me-lufte-serbia-po-e-synon-me-marreveshje-vjen-reagimi-i-forte-i-biberaj-per-daljen-e-serbise-ne-det\/","title":{"rendered":"\u201cAt\u00eb q\u00eb nuk e arriti me luft\u00eb, Serbia po e synon me marr\u00ebveshje\u201d, vjen reagimi i fort\u00eb i Biberaj p\u00ebr daljen e Serbis\u00eb n\u00eb det\u2026"},"content":{"rendered":"<p><img data-recalc-dims=\"1\" loading=\"lazy\" decoding=\"async\" data-attachment-id=\"38108\" data-permalink=\"https:\/\/www.shqiperia.com\/blog\/ate-qe-nuk-e-arriti-me-lufte-serbia-po-e-synon-me-marreveshje-vjen-reagimi-i-forte-i-biberaj-per-daljen-e-serbise-ne-det\/800-0-4eab79b5341677e77a71edec01f65eac\/\" data-orig-file=\"https:\/\/i0.wp.com\/www.shqiperia.com\/blog\/wp-content\/uploads\/2020\/09\/800-0-4eab79b5341677e77a71edec01f65eac.jpg?fit=800%2C556&amp;ssl=1\" data-orig-size=\"800,556\" data-comments-opened=\"1\" data-image-meta=\"{&quot;aperture&quot;:&quot;0&quot;,&quot;credit&quot;:&quot;&quot;,&quot;camera&quot;:&quot;&quot;,&quot;caption&quot;:&quot;&quot;,&quot;created_timestamp&quot;:&quot;0&quot;,&quot;copyright&quot;:&quot;&quot;,&quot;focal_length&quot;:&quot;0&quot;,&quot;iso&quot;:&quot;0&quot;,&quot;shutter_speed&quot;:&quot;0&quot;,&quot;title&quot;:&quot;&quot;,&quot;orientation&quot;:&quot;0&quot;}\" data-image-title=\"-800-0-4eab79b5341677e77a71edec01f65eac\" data-image-description=\"\" data-image-caption=\"\" data-medium-file=\"https:\/\/i0.wp.com\/www.shqiperia.com\/blog\/wp-content\/uploads\/2020\/09\/800-0-4eab79b5341677e77a71edec01f65eac.jpg?fit=300%2C209&amp;ssl=1\" data-large-file=\"https:\/\/i0.wp.com\/www.shqiperia.com\/blog\/wp-content\/uploads\/2020\/09\/800-0-4eab79b5341677e77a71edec01f65eac.jpg?fit=800%2C556&amp;ssl=1\" class=\"alignnone  wp-image-38108\" alt=\"\" src=\"https:\/\/i0.wp.com\/www.shqiperia.com\/blog\/wp-content\/uploads\/2020\/09\/800-0-4eab79b5341677e77a71edec01f65eac.jpg?resize=531%2C370&#038;ssl=1\" width=\"531\" height=\"370\" srcset=\"https:\/\/i0.wp.com\/www.shqiperia.com\/blog\/wp-content\/uploads\/2020\/09\/800-0-4eab79b5341677e77a71edec01f65eac.jpg?resize=300%2C209&amp;ssl=1 300w, https:\/\/i0.wp.com\/www.shqiperia.com\/blog\/wp-content\/uploads\/2020\/09\/800-0-4eab79b5341677e77a71edec01f65eac.jpg?resize=768%2C534&amp;ssl=1 768w, https:\/\/i0.wp.com\/www.shqiperia.com\/blog\/wp-content\/uploads\/2020\/09\/800-0-4eab79b5341677e77a71edec01f65eac.jpg?resize=450%2C313&amp;ssl=1 450w, https:\/\/i0.wp.com\/www.shqiperia.com\/blog\/wp-content\/uploads\/2020\/09\/800-0-4eab79b5341677e77a71edec01f65eac.jpg?resize=600%2C417&amp;ssl=1 600w, https:\/\/i0.wp.com\/www.shqiperia.com\/blog\/wp-content\/uploads\/2020\/09\/800-0-4eab79b5341677e77a71edec01f65eac.jpg?resize=400%2C278&amp;ssl=1 400w, https:\/\/i0.wp.com\/www.shqiperia.com\/blog\/wp-content\/uploads\/2020\/09\/800-0-4eab79b5341677e77a71edec01f65eac.jpg?w=800&amp;ssl=1 800w\" sizes=\"auto, (max-width: 531px) 100vw, 531px\" \/><\/p>\n<p>\u201cAt\u00eb q\u00eb nuk e arriti me luft\u00eb, Serbia po e synon me marr\u00ebveshje\u201d, vjen reagimi i fort\u00eb i Biberaj p\u00ebr daljen e Serbis\u00eb n\u00eb det\u2026<\/p>\n<p>5 SHTATOR 2020<\/p>\n<p>Pas marr\u00ebveshjes historike t\u00eb dit\u00ebs s\u00eb djeshme,\u00a0q\u00eb u b\u00eb n\u00eb Sht\u00ebpin\u00eb e Bardh\u00eb n\u00eb prani t\u00eb presidentit amerikan Donald Trump, teksa shprehet se Kosova humbi nj\u00eb shans historik p\u00ebr t\u2019u njohur nga Serbia, ka reaguar ish-deputeti i PD-s\u00eb, Aleksand\u00ebr Biberaj.<\/p>\n<p>N\u00ebp\u00ebrmjet nj\u00eb postimi n\u00eb Facebook, Biberaj thekson se fizibiliteti p\u00ebr daljen e Serbis\u00eb n\u00eb det q\u00eb implikon edhe Shqip\u00ebrin\u00eb \u00ebsht\u00eb komplet n\u00eb interes t\u00eb Serbis\u00eb.<\/p>\n<p>Ai shton se Serbia, at\u00eb q\u00eb nuk e arriti nd\u00ebr shekuj me luftra synon ta arrij\u00eb me marr\u00ebveshje, ku n\u00eb prapaskene q\u00ebndron patjet\u00ebr edhe Edi Rama.<\/p>\n<p>Gjithashtu Biberaj shkruan se nga kjo marr\u00ebveshje Kosova ka humbur dhe m\u00eb shum\u00eb, nd\u00ebrkoh\u00eb q\u00eb Serbia ka fituar m\u00eb shum\u00eb.<\/p>\n<p><strong>Postimi i plot\u00eb:<\/strong><\/p>\n<p>Nga Sht\u00ebpia e Bardh\u00eb sot nuk doli tym i bardh\u00eb p\u00ebr Kosov\u00ebn. Asnj\u00eb marr\u00ebveshje tregtare nuk e zgjidh problemin e njohjes s\u00eb Kosov\u00ebs nga Serbia. Heqja e njohjeve reciproke Kosov\u00eb-Serbi nga draf-marr\u00ebveshja nuk duhej pranuar kategorikisht nga delegacioni kosovar. Nga kjo marr\u00ebveshje Kosova ka humbur dhe m\u00eb shum\u00eb, nd\u00ebrkoh\u00eb q\u00eb sebia ka fituar m\u00eb shum\u00eb.<\/p>\n<p>Te dashur miq,<\/p>\n<p>Sot Kosova gjykoj se humbi nje shans historik per t\u2019u njohur nga Serbia me marreveshjen e nenshkruar ne Shtepine e Bardhe ne pranine edhe te presidentit amerikan Donald Trump.<\/p>\n<p>Shkutimisht po i bej nje analize me pika marreveshjes:<\/p>\n<p>1) E para heqja e njohjeve reciproke nga drafti ishte nje gabim fatal te cilen delegacioni shqiptar nuk duhej ta pranonte kurrsesi, dhe gjithcka duhej te negociohej vetem rreth njohjes se Kosoves nga Serbia.<\/p>\n<p>2) Diskutimi i ujerave te Ujmanit dhe ndarja \u201cshare\u201d e tyre me Serbine eshte komplet ne favor te Serbise dhe dem te Kosoves, pasi e fut Serbine ne pronesi te territorit e Kosoves, duke cenuar kushtetuten si dhe teresine territoriale te saj.<\/p>\n<p>3) Fizibiliteti per daljen e Serbise ne det qe implikon edhe Shqiperine eshte komplet ne interes te Serbise. Ate qe Serbia se arriti nder shekuj me luftra synon ta arrije me marreveshje, ku ne prapaskene qendron patjeter edhe Edi Rama.<\/p>\n<p>6.Futja ne marreveshje e ceshtjes se manastireve, pronave dhe infrastruktures se tyre eshte komplet e panevojshme pasi vetem sa rrit pushtetin dhe shton pronat e manastireve ortodokse ne Kosove.<\/p>\n<p>Pra duket qarte qe ka nje dis-proporcionalitet qe anon dukshem nga Serbia. Sic edhe kisha paralajmeruar disa here, delegacioni shqiptar shkoi ne kete takim komplet i papergatitur dhe me teper urgjence, nderkohe qe e kunderta me sa duket ka ndodhur me delegacionin serb. Po te kujtojme vetem se cfare ndodhi gjate 24 oreve te fundit e kuptojme se sa te papergatitur shkojme ne shqiptaret ne takime kaq te rendesishme nderkombetare dhe pa lobim.<\/p>\n<p>Mbreme ne kete kohe doli para Shtepise se Bardhe Ministri Serb i Financave dhe denoncoi duke kercenuar paragrafin qe parashikonte njohjen reciproke Kososve-Serbi, gje qe edhe u hoq nga marreveshja. Fatkeqesi kombetare qe ne shqiptaret vazhdojme dhe paraqitemi kaq dobet ne arenen nderkombetare, te kompleksuar dhe shume inferiore.<\/p>\n<p>Sic duket po realizohet dokrtina e Vuk Drashkovicit i cili thoshte para shume vitesh qe: \u201cNe Kosoven e kemi humbur por do ta fitojme duke u afruar me ata qe na moren\u201d. Eshte e pafalshme dhe e patolerueshme qe ata qe kryen krimet me monstruoze para 22 vitesh ne Kosove dhe Ballkan, te ulen sot ne tryeze me viktimat qe jemi ne shqiptaret, dhe te dalin me te fituar se ne nga kjo marreveshje.<\/p>\n<p>Natyrisht per Presidentin Trump dhe stafin e tij kho marreveshje konsiderohet arritje dhe sukses elektoral, pavaresisht se Kosova \u201cnuk eshte shtet mysliman dhe nuk ndodhet ne Lindjen e Mesme\u201d.<\/p>\n<p>Por ne te gjithe kete histori ka nje gje te mire, qe ajo marreveshje nuk ka fuqi juridike dhe njohja e Kosoves nga Izraeli. Zoti e ruajte dhe e bekofte osoven dhe popullin e Kosoves!<\/p>\n<p>Gazeta Sot<\/p>\n","protected":false},"excerpt":{"rendered":"<p>\u201cAt\u00eb q\u00eb nuk e arriti me luft\u00eb, Serbia po e synon me marr\u00ebveshje\u201d, vjen reagimi i fort\u00eb i Biberaj p\u00ebr daljen e Serbis\u00eb n\u00eb det\u2026 5 SHTATOR 2020 Pas marr\u00ebveshjes historike t\u00eb dit\u00ebs s\u00eb djeshme,\u00a0q\u00eb u b\u00eb n\u00eb Sht\u00ebpin\u00eb e Bardh\u00eb n\u00eb prani t\u00eb presidentit amerikan Donald Trump, teksa shprehet se Kosova humbi nj\u00eb shans [&hellip;]<\/p>\n","protected":false},"author":9,"featured_media":38108,"comment_status":"open","ping_status":"open","sticky":false,"template":"","format":"standard","meta":{"jetpack_post_was_ever_published":false,"_jetpack_newsletter_access":"","_jetpack_dont_email_post_to_subs":false,"_jetpack_newsletter_tier_id":0,"_jetpack_memberships_contains_paywalled_content":false,"_jetpack_memberships_contains_paid_content":false,"footnotes":"","jetpack_publicize_message":"","jetpack_publicize_feature_enabled":true,"jetpack_social_post_already_shared":true,"jetpack_social_options":{"image_generator_settings":{"template":"highway","default_image_id":0,"font":"","enabled":false},"version":2}},"categories":[27,2,35],"tags":[],"class_list":["post-38107","post","type-post","status-publish","format-standard","has-post-thumbnail","hentry","category-blogu-i-udhetarit","category-politika","category-shoqerore"],"jetpack_publicize_connections":[],"jetpack_featured_media_url":"https:\/\/i0.wp.com\/www.shqiperia.com\/blog\/wp-content\/uploads\/2020\/09\/800-0-4eab79b5341677e77a71edec01f65eac.jpg?fit=800%2C556&ssl=1","jetpack_sharing_enabled":true,"jetpack_shortlink":"https:\/\/wp.me\/p5Z6wp-9UD","jetpack-related-posts":[{"id":68870,"url":"https:\/\/www.shqiperia.com\/blog\/skandali-mcgonigal-biberaj-ne-panorama-tv-rama-nuk-e-perballon-debatin-cdo-deklarate-merret-si-prove-ne-gjykate-nga-drejtesia-amerikane\/","url_meta":{"origin":38107,"position":0},"title":"Skandali McGonigal, Biberaj n\u00eb Panorama TV: &#8211; Rama nuk e p\u00ebrballon debatin, \u00e7do deklarat\u00eb merret si prov\u00eb ne gjykate nga drejt\u00ebsia amerikane","author":"Kurt Farka","date":"March 2, 2023","format":false,"excerpt":"2 Mars 2023 Aleksand\u00ebr Biberaj ka folur p\u00ebr debatin e sot\u00ebm n\u00eb Kuvend p\u00ebr skandalin McGonigal. Ai u shpreh n\u00eb nj\u00eb intervist\u00eb n\u00eb Panorama TV, duke theksuar se Rama nuk e p\u00ebrballon dot debatin. Biberaj theksoi se \u00e7do deklarat\u00eb q\u00eb b\u00ebn Rama sa i takon k\u00ebsaj \u00e7\u00ebshtje, merret si prov\u00eb\u2026","rel":"","context":"In &quot;Blogu i Udh\u00ebtarit&quot;","block_context":{"text":"Blogu i Udh\u00ebtarit","link":"https:\/\/www.shqiperia.com\/blog\/category\/blogu-i-udhetarit\/"},"img":{"alt_text":"","src":"https:\/\/i0.wp.com\/www.shqiperia.com\/blog\/wp-content\/uploads\/2023\/03\/Capture10.jpg?fit=1200%2C635&ssl=1&resize=350%2C200","width":350,"height":200,"srcset":"https:\/\/i0.wp.com\/www.shqiperia.com\/blog\/wp-content\/uploads\/2023\/03\/Capture10.jpg?fit=1200%2C635&ssl=1&resize=350%2C200 1x, https:\/\/i0.wp.com\/www.shqiperia.com\/blog\/wp-content\/uploads\/2023\/03\/Capture10.jpg?fit=1200%2C635&ssl=1&resize=525%2C300 1.5x, https:\/\/i0.wp.com\/www.shqiperia.com\/blog\/wp-content\/uploads\/2023\/03\/Capture10.jpg?fit=1200%2C635&ssl=1&resize=700%2C400 2x, https:\/\/i0.wp.com\/www.shqiperia.com\/blog\/wp-content\/uploads\/2023\/03\/Capture10.jpg?fit=1200%2C635&ssl=1&resize=1050%2C600 3x"},"classes":[]},{"id":69130,"url":"https:\/\/www.shqiperia.com\/blog\/serbia-te-pranoi-pavaresine-e-kosoves-fillojne-ditet-e-veshtira-per-beogradin-shba-be-po-shuajne-cdo-plan-te-vucicit-per-prishtinen\/","url_meta":{"origin":38107,"position":1},"title":"Serbia te pranoi pavar\u00ebsin\u00eb e Kosov\u00ebs. Fillojn\u00eb dit\u00ebt e v\u00ebshtira p\u00ebr Beogradin. &#8211; SHBA-BE po shuajn\u00eb \u00e7do plan t\u00eb Vu\u00e7i\u00e7it p\u00ebr Prishtin\u00ebn","author":"Kurt Farka","date":"March 7, 2023","format":false,"excerpt":"7 Mars 2023 Nga Elmas BOGDANI Presidenti i Serbis\u00eb, Aleksand\u00ebr Vu\u00e7i\u00e7, po gjendet n\u00eb nj\u00eb situat\u00eb shum\u00eb t\u00eb v\u00ebshtir\u00eb, pasi nd\u00ebrkomb\u00ebtar\u00ebt n\u00eb jav\u00ebt n\u00eb vazhdim nuk do ta tolerojn\u00eb politik\u00ebn e tij me dy karrige. P\u00ebrve\u00e7 Per\u00ebndimit, Vu\u00e7i\u00e7 po p\u00ebrballet edhe me nj\u00eb presion t\u00eb fort\u00eb brenda Beogradit. Ish-presidenti i\u2026","rel":"","context":"In &quot;Blogu i Udh\u00ebtarit&quot;","block_context":{"text":"Blogu i Udh\u00ebtarit","link":"https:\/\/www.shqiperia.com\/blog\/category\/blogu-i-udhetarit\/"},"img":{"alt_text":"","src":"https:\/\/i0.wp.com\/www.shqiperia.com\/blog\/wp-content\/uploads\/2023\/03\/800-0-64071742ab77b.png?fit=800%2C425&ssl=1&resize=350%2C200","width":350,"height":200,"srcset":"https:\/\/i0.wp.com\/www.shqiperia.com\/blog\/wp-content\/uploads\/2023\/03\/800-0-64071742ab77b.png?fit=800%2C425&ssl=1&resize=350%2C200 1x, https:\/\/i0.wp.com\/www.shqiperia.com\/blog\/wp-content\/uploads\/2023\/03\/800-0-64071742ab77b.png?fit=800%2C425&ssl=1&resize=525%2C300 1.5x, https:\/\/i0.wp.com\/www.shqiperia.com\/blog\/wp-content\/uploads\/2023\/03\/800-0-64071742ab77b.png?fit=800%2C425&ssl=1&resize=700%2C400 2x"},"classes":[]},{"id":48794,"url":"https:\/\/www.shqiperia.com\/blog\/po-mbahet-ne-shkup-ballkani-i-hapur-vjen-reagimi-i-ashper-i-vetvendosjes-abazi-flet-per-skenare-sot-108-vite-nga-konferenca-e-londres-rama-po-e-vendos-shqiperine-nen-vasalit\/","url_meta":{"origin":38107,"position":2},"title":"Po mbahet n\u00eb Shkup \u2018Ballkani i Hapur\u2019. &#8211; Vjen reagimi i ashp\u00ebr i Vetvendosjes, Abazi flet p\u00ebr skenare: &#8211; Sot, 108 vite nga Konferenca e Londr\u00ebs, Rama po e vendos Shqip\u00ebrin\u00eb n\u00ebn vasalitetin e Serbis\u00eb","author":"Kurt Farka","date":"July 29, 2021","format":false,"excerpt":"Po mbahet n\u00eb Shkup \u2018Ballkani i Hapur\u2019. - Vjen reagimi i ashp\u00ebr i Vetvendosjes, Abazi flet p\u00ebr skenare: - Sot, 108 vite nga Konferenca e Londr\u00ebs, Rama po e vendos Shqip\u00ebrin\u00eb n\u00ebn vasalitetin e Serbis\u00eb 29 KORRIK 2021 N\u00eb Maqedonis\u00eb s\u00eb Veriut po zhvillohet Forumi Ekonomik \u201cBallkani i Hapur\u201d, ku\u2026","rel":"","context":"In &quot;Politika&quot;","block_context":{"text":"Politika","link":"https:\/\/www.shqiperia.com\/blog\/category\/politika\/"},"img":{"alt_text":"","src":"https:\/\/i0.wp.com\/www.shqiperia.com\/blog\/wp-content\/uploads\/2021\/07\/800-480-61027e817fcd7.jpg?fit=800%2C480&ssl=1&resize=350%2C200","width":350,"height":200,"srcset":"https:\/\/i0.wp.com\/www.shqiperia.com\/blog\/wp-content\/uploads\/2021\/07\/800-480-61027e817fcd7.jpg?fit=800%2C480&ssl=1&resize=350%2C200 1x, https:\/\/i0.wp.com\/www.shqiperia.com\/blog\/wp-content\/uploads\/2021\/07\/800-480-61027e817fcd7.jpg?fit=800%2C480&ssl=1&resize=525%2C300 1.5x, https:\/\/i0.wp.com\/www.shqiperia.com\/blog\/wp-content\/uploads\/2021\/07\/800-480-61027e817fcd7.jpg?fit=800%2C480&ssl=1&resize=700%2C400 2x"},"classes":[]},{"id":52169,"url":"https:\/\/www.shqiperia.com\/blog\/ish-deputeti-i-pd-se-ekziston-nje-menyre-bashkepunimi-mes-bashes-dhe-berishes\/","url_meta":{"origin":38107,"position":3},"title":"Ish-deputeti i PD-s\u00eb: Ekziston nj\u00eb m\u00ebnyr\u00eb bashk\u00ebpunimi mes Bash\u00ebs dhe Berish\u00ebs","author":"Kurt Farka","date":"December 9, 2021","format":false,"excerpt":"Ish-deputeti i PD-s\u00eb: Ekziston nj\u00eb m\u00ebnyr\u00eb bashk\u00ebpunimi mes Bash\u00ebs dhe Berish\u00ebs 9 DHJETOR 2021 Sipas tij Basha duhet t\u00eb reflektoj\u00eb dhe t\u00eb b\u00ebhet pjes\u00eb n\u00eb Kuvendin q\u00eb do t\u00eb mbahet pas 2 dit\u00ebsh, m\u00eb 11 dhjetor. I ftuar n\u00eb nj\u00eb intervist\u00eb televizive, ish-deputeti i PD Aleksand\u00ebr Biberaj \u00ebsht\u00eb shprehur se\u2026","rel":"","context":"In &quot;Blogu i Udh\u00ebtarit&quot;","block_context":{"text":"Blogu i Udh\u00ebtarit","link":"https:\/\/www.shqiperia.com\/blog\/category\/blogu-i-udhetarit\/"},"img":{"alt_text":"","src":"https:\/\/i0.wp.com\/www.shqiperia.com\/blog\/wp-content\/uploads\/2021\/12\/Selia-e-Pd.jpg?fit=800%2C451&ssl=1&resize=350%2C200","width":350,"height":200,"srcset":"https:\/\/i0.wp.com\/www.shqiperia.com\/blog\/wp-content\/uploads\/2021\/12\/Selia-e-Pd.jpg?fit=800%2C451&ssl=1&resize=350%2C200 1x, https:\/\/i0.wp.com\/www.shqiperia.com\/blog\/wp-content\/uploads\/2021\/12\/Selia-e-Pd.jpg?fit=800%2C451&ssl=1&resize=525%2C300 1.5x, https:\/\/i0.wp.com\/www.shqiperia.com\/blog\/wp-content\/uploads\/2021\/12\/Selia-e-Pd.jpg?fit=800%2C451&ssl=1&resize=700%2C400 2x"},"classes":[]},{"id":19410,"url":"https:\/\/www.shqiperia.com\/blog\/fjalia-e-elez-biberajt-qe-i-dogji-me-shume-edi-rames\/","url_meta":{"origin":38107,"position":4},"title":"Fjalia e Elez Biberajt q\u00eb i \u2018dogji\u2019 m\u00eb shum\u00eb Edi Ram\u00ebs. &#8211;","author":"Kurt Farka","date":"April 9, 2019","format":false,"excerpt":"Fjalia e Elez Biberajt q\u00eb i \u2018dogji\u2019 m\u00eb shum\u00eb Edi Ram\u00ebs. - - 08\/04\/19 Nga: Mapo.al Elez Biberaj \u00ebsht\u00eb nd\u00ebr shqiptar\u00ebt e Amerik\u00ebs q\u00eb ka ecur lart n\u00eb karrier\u00ebn e tij, duke u b\u00ebr\u00eb nj\u00eb nga drejtuesit m\u00eb t\u00eb r\u00ebnd\u00ebsish\u00ebm t\u00eb nj\u00eb mediumi me ndikim global si\u00e7 \u00ebsht\u00eb Z\u00ebri i\u2026","rel":"","context":"In &quot;Blogu i Udh\u00ebtarit&quot;","block_context":{"text":"Blogu i Udh\u00ebtarit","link":"https:\/\/www.shqiperia.com\/blog\/category\/blogu-i-udhetarit\/"},"img":{"alt_text":"","src":"https:\/\/i0.wp.com\/www.shqiperia.com\/blog\/wp-content\/uploads\/2019\/04\/karikatura-9-1.jpg?fit=999%2C517&ssl=1&resize=350%2C200","width":350,"height":200,"srcset":"https:\/\/i0.wp.com\/www.shqiperia.com\/blog\/wp-content\/uploads\/2019\/04\/karikatura-9-1.jpg?fit=999%2C517&ssl=1&resize=350%2C200 1x, https:\/\/i0.wp.com\/www.shqiperia.com\/blog\/wp-content\/uploads\/2019\/04\/karikatura-9-1.jpg?fit=999%2C517&ssl=1&resize=525%2C300 1.5x, https:\/\/i0.wp.com\/www.shqiperia.com\/blog\/wp-content\/uploads\/2019\/04\/karikatura-9-1.jpg?fit=999%2C517&ssl=1&resize=700%2C400 2x"},"classes":[]},{"id":84688,"url":"https:\/\/www.shqiperia.com\/blog\/shba-dhe-serbia-nenshkruajne-marreveshje-per-bashkepunim-strategjik-ne-fushen-e-energjise\/","url_meta":{"origin":38107,"position":5},"title":"SHBA dhe Serbia n\u00ebnshkruajn\u00eb marr\u00ebveshje p\u00ebr bashk\u00ebpunim strategjik n\u00eb fush\u00ebn e energjis\u00eb","author":"Kurt Farka","date":"September 19, 2024","format":false,"excerpt":"18 Shtator 2024 Shtetet e Bashkuara dhe Serbia n\u00ebnshkruan t\u00eb m\u00ebrkur\u00ebn nj\u00eb marr\u00ebveshje bashk\u00ebpunimi strategjik n\u00eb sektorin e energjis\u00eb. Marr\u00ebveshja e n\u00ebnshkruar \u00ebsht\u00eb e para mbi bashk\u00ebpunimin strategjik n\u00eb mes Shteteve t\u00eb Bashkuara dhe Serbis\u00eb. Marr\u00ebveshja do t\u00eb\u00a0\u201cforcoj\u00eb partneritetin strategjik nd\u00ebrmjet Shteteve t\u00eb Bashkuara dhe Serbis\u00eb\u201d,\u00a0thuhet n\u00eb deklarat\u00ebn e Departamentit\u2026","rel":"","context":"In &quot;Blogu i Udh\u00ebtarit&quot;","block_context":{"text":"Blogu i Udh\u00ebtarit","link":"https:\/\/www.shqiperia.com\/blog\/category\/blogu-i-udhetarit\/"},"img":{"alt_text":"","src":"https:\/\/i0.wp.com\/www.shqiperia.com\/blog\/wp-content\/uploads\/2024\/09\/6c1a4b79-263c-474d-a5af-d8a9b924db60_w1023_r1_s.jpg?fit=1023%2C575&ssl=1&resize=350%2C200","width":350,"height":200,"srcset":"https:\/\/i0.wp.com\/www.shqiperia.com\/blog\/wp-content\/uploads\/2024\/09\/6c1a4b79-263c-474d-a5af-d8a9b924db60_w1023_r1_s.jpg?fit=1023%2C575&ssl=1&resize=350%2C200 1x, https:\/\/i0.wp.com\/www.shqiperia.com\/blog\/wp-content\/uploads\/2024\/09\/6c1a4b79-263c-474d-a5af-d8a9b924db60_w1023_r1_s.jpg?fit=1023%2C575&ssl=1&resize=525%2C300 1.5x, https:\/\/i0.wp.com\/www.shqiperia.com\/blog\/wp-content\/uploads\/2024\/09\/6c1a4b79-263c-474d-a5af-d8a9b924db60_w1023_r1_s.jpg?fit=1023%2C575&ssl=1&resize=700%2C400 2x"},"classes":[]}],"_links":{"self":[{"href":"https:\/\/www.shqiperia.com\/blog\/wp-json\/wp\/v2\/posts\/38107","targetHints":{"allow":["GET"]}}],"collection":[{"href":"https:\/\/www.shqiperia.com\/blog\/wp-json\/wp\/v2\/posts"}],"about":[{"href":"https:\/\/www.shqiperia.com\/blog\/wp-json\/wp\/v2\/types\/post"}],"author":[{"embeddable":true,"href":"https:\/\/www.shqiperia.com\/blog\/wp-json\/wp\/v2\/users\/9"}],"replies":[{"embeddable":true,"href":"https:\/\/www.shqiperia.com\/blog\/wp-json\/wp\/v2\/comments?post=38107"}],"version-history":[{"count":1,"href":"https:\/\/www.shqiperia.com\/blog\/wp-json\/wp\/v2\/posts\/38107\/revisions"}],"predecessor-version":[{"id":38109,"href":"https:\/\/www.shqiperia.com\/blog\/wp-json\/wp\/v2\/posts\/38107\/revisions\/38109"}],"wp:featuredmedia":[{"embeddable":true,"href":"https:\/\/www.shqiperia.com\/blog\/wp-json\/wp\/v2\/media\/38108"}],"wp:attachment":[{"href":"https:\/\/www.shqiperia.com\/blog\/wp-json\/wp\/v2\/media?parent=38107"}],"wp:term":[{"taxonomy":"category","embeddable":true,"href":"https:\/\/www.shqiperia.com\/blog\/wp-json\/wp\/v2\/categories?post=38107"},{"taxonomy":"post_tag","embeddable":true,"href":"https:\/\/www.shqiperia.com\/blog\/wp-json\/wp\/v2\/tags?post=38107"}],"curies":[{"name":"wp","href":"https:\/\/api.w.org\/{rel}","templated":true}]}}