{"id":38085,"date":"2020-09-05T06:28:19","date_gmt":"2020-09-05T06:28:19","guid":{"rendered":"https:\/\/www.shqiperia.com\/blog\/?p=38085"},"modified":"2020-09-05T06:28:19","modified_gmt":"2020-09-05T06:28:19","slug":"fshatrat-e-shqiperise-lubonje-korce-1100-vite-histori","status":"publish","type":"post","link":"https:\/\/www.shqiperia.com\/blog\/fshatrat-e-shqiperise-lubonje-korce-1100-vite-histori\/","title":{"rendered":"Fshatrat e Shqiperise- Lubonje Korce: 1100 vite histori."},"content":{"rendered":"<p><img data-recalc-dims=\"1\" loading=\"lazy\" decoding=\"async\" data-attachment-id=\"38086\" data-permalink=\"https:\/\/www.shqiperia.com\/blog\/fshatrat-e-shqiperise-lubonje-korce-1100-vite-histori\/lubonje-korce-2\/\" data-orig-file=\"https:\/\/i0.wp.com\/www.shqiperia.com\/blog\/wp-content\/uploads\/2020\/09\/Lubonj%C3%AB-Kor%C3%A7%C3%AB-2.jpg?fit=480%2C325&amp;ssl=1\" data-orig-size=\"480,325\" data-comments-opened=\"1\" data-image-meta=\"{&quot;aperture&quot;:&quot;0&quot;,&quot;credit&quot;:&quot;&quot;,&quot;camera&quot;:&quot;&quot;,&quot;caption&quot;:&quot;&quot;,&quot;created_timestamp&quot;:&quot;0&quot;,&quot;copyright&quot;:&quot;&quot;,&quot;focal_length&quot;:&quot;0&quot;,&quot;iso&quot;:&quot;0&quot;,&quot;shutter_speed&quot;:&quot;0&quot;,&quot;title&quot;:&quot;&quot;,&quot;orientation&quot;:&quot;0&quot;}\" data-image-title=\"Lubonj\u00eb Kor\u00e7\u00eb (2)\" data-image-description=\"\" data-image-caption=\"\" data-medium-file=\"https:\/\/i0.wp.com\/www.shqiperia.com\/blog\/wp-content\/uploads\/2020\/09\/Lubonj%C3%AB-Kor%C3%A7%C3%AB-2.jpg?fit=300%2C203&amp;ssl=1\" data-large-file=\"https:\/\/i0.wp.com\/www.shqiperia.com\/blog\/wp-content\/uploads\/2020\/09\/Lubonj%C3%AB-Kor%C3%A7%C3%AB-2.jpg?fit=480%2C325&amp;ssl=1\" class=\"alignnone  wp-image-38086\" alt=\"\" src=\"https:\/\/i0.wp.com\/www.shqiperia.com\/blog\/wp-content\/uploads\/2020\/09\/Lubonj%C3%AB-Kor%C3%A7%C3%AB-2.jpg?resize=451%2C305&#038;ssl=1\" width=\"451\" height=\"305\" srcset=\"https:\/\/i0.wp.com\/www.shqiperia.com\/blog\/wp-content\/uploads\/2020\/09\/Lubonj%C3%AB-Kor%C3%A7%C3%AB-2.jpg?resize=300%2C203&amp;ssl=1 300w, https:\/\/i0.wp.com\/www.shqiperia.com\/blog\/wp-content\/uploads\/2020\/09\/Lubonj%C3%AB-Kor%C3%A7%C3%AB-2.jpg?resize=450%2C305&amp;ssl=1 450w, https:\/\/i0.wp.com\/www.shqiperia.com\/blog\/wp-content\/uploads\/2020\/09\/Lubonj%C3%AB-Kor%C3%A7%C3%AB-2.jpg?resize=235%2C160&amp;ssl=1 235w, https:\/\/i0.wp.com\/www.shqiperia.com\/blog\/wp-content\/uploads\/2020\/09\/Lubonj%C3%AB-Kor%C3%A7%C3%AB-2.jpg?resize=400%2C271&amp;ssl=1 400w, https:\/\/i0.wp.com\/www.shqiperia.com\/blog\/wp-content\/uploads\/2020\/09\/Lubonj%C3%AB-Kor%C3%A7%C3%AB-2.jpg?w=480&amp;ssl=1 480w\" sizes=\"auto, (max-width: 451px) 100vw, 451px\" \/><\/p>\n<p>Fshatrat e Shqiperise- Lubonje Korce: 1100 vite histori.<\/p>\n<p>1005 VJETORI I ND\u00cbRTIMIT T\u00cb KISH\u00cbS &#8220;Fjetja e Sh\u00ebn Maris\u00eb&#8221;, MONUMENT KULTURE I KATEGORIS\u00ca S\u00cb PAR\u00cb!<\/p>\n<p>APEL P\u00cbR INSTITUCIONET DHE ARKEOLOGJIN\u00cb SHQIPTARE<\/p>\n<p>Nga <a href=\"https:\/\/www.facebook.com\/edmond.hoxha?__tn__=-UC*F\"><strong>Edmond Resmi Hoxha<\/strong><\/a><\/p>\n<p>Nj\u00eb fshat me histori mbi 1100 vje\u00e7are, me 9 Kisha, nj\u00eb Manastir, pervec 3 kishezave te vogla, nj\u00eb kala, dhe nj\u00eb bibliotek\u00eb, t\u00eb pakt\u00ebn 300 vjet p\u00ebrpara Voskopj\u00ebs, t\u00eb cilin asnj\u00eb qeveri nuk e ka mb\u00ebshtetur sa duhet.<\/p>\n<p>Nj\u00eb fshat q\u00eb minimumi meriton nj\u00eb studim t\u00eb plot\u00eb nga ana arkeologjike p\u00ebr t\u00eb kuptuar se \u00e7far\u00eb ka ndodhur k\u00eatu 1000 vjet m\u00eb par\u00eb? P\u00ebrse nj\u00eb vendbanimi, i cili sot \u00ebsht\u00eb fshat, i duheshin k\u0113to institucione dhe kalaja?<\/p>\n<div id=\"attachment_38087\" style=\"width: 537px\" class=\"wp-caption alignnone\"><img data-recalc-dims=\"1\" loading=\"lazy\" decoding=\"async\" aria-describedby=\"caption-attachment-38087\" data-attachment-id=\"38087\" data-permalink=\"https:\/\/www.shqiperia.com\/blog\/fshatrat-e-shqiperise-lubonje-korce-1100-vite-histori\/lubonje-korce-4\/\" data-orig-file=\"https:\/\/i0.wp.com\/www.shqiperia.com\/blog\/wp-content\/uploads\/2020\/09\/Lubonj%C3%AB-Kor%C3%A7%C3%AB-4.jpg?fit=960%2C540&amp;ssl=1\" data-orig-size=\"960,540\" data-comments-opened=\"1\" data-image-meta=\"{&quot;aperture&quot;:&quot;0&quot;,&quot;credit&quot;:&quot;&quot;,&quot;camera&quot;:&quot;&quot;,&quot;caption&quot;:&quot;&quot;,&quot;created_timestamp&quot;:&quot;0&quot;,&quot;copyright&quot;:&quot;&quot;,&quot;focal_length&quot;:&quot;0&quot;,&quot;iso&quot;:&quot;0&quot;,&quot;shutter_speed&quot;:&quot;0&quot;,&quot;title&quot;:&quot;&quot;,&quot;orientation&quot;:&quot;0&quot;}\" data-image-title=\"Lubonj\u00eb Kor\u00e7\u00eb (4)\" data-image-description=\"\" data-image-caption=\"&lt;p&gt;Lubonj\u00eb Kor\u00e7\u00eb &lt;\/p&gt;\n\" data-medium-file=\"https:\/\/i0.wp.com\/www.shqiperia.com\/blog\/wp-content\/uploads\/2020\/09\/Lubonj%C3%AB-Kor%C3%A7%C3%AB-4.jpg?fit=300%2C169&amp;ssl=1\" data-large-file=\"https:\/\/i0.wp.com\/www.shqiperia.com\/blog\/wp-content\/uploads\/2020\/09\/Lubonj%C3%AB-Kor%C3%A7%C3%AB-4.jpg?fit=960%2C540&amp;ssl=1\" class=\" wp-image-38087\" alt=\"\" src=\"https:\/\/i0.wp.com\/www.shqiperia.com\/blog\/wp-content\/uploads\/2020\/09\/Lubonj%C3%AB-Kor%C3%A7%C3%AB-4.jpg?resize=527%2C297&#038;ssl=1\" width=\"527\" height=\"297\" srcset=\"https:\/\/i0.wp.com\/www.shqiperia.com\/blog\/wp-content\/uploads\/2020\/09\/Lubonj%C3%AB-Kor%C3%A7%C3%AB-4.jpg?resize=300%2C169&amp;ssl=1 300w, https:\/\/i0.wp.com\/www.shqiperia.com\/blog\/wp-content\/uploads\/2020\/09\/Lubonj%C3%AB-Kor%C3%A7%C3%AB-4.jpg?resize=768%2C432&amp;ssl=1 768w, https:\/\/i0.wp.com\/www.shqiperia.com\/blog\/wp-content\/uploads\/2020\/09\/Lubonj%C3%AB-Kor%C3%A7%C3%AB-4.jpg?resize=450%2C253&amp;ssl=1 450w, https:\/\/i0.wp.com\/www.shqiperia.com\/blog\/wp-content\/uploads\/2020\/09\/Lubonj%C3%AB-Kor%C3%A7%C3%AB-4.jpg?resize=600%2C338&amp;ssl=1 600w, https:\/\/i0.wp.com\/www.shqiperia.com\/blog\/wp-content\/uploads\/2020\/09\/Lubonj%C3%AB-Kor%C3%A7%C3%AB-4.jpg?resize=400%2C225&amp;ssl=1 400w, https:\/\/i0.wp.com\/www.shqiperia.com\/blog\/wp-content\/uploads\/2020\/09\/Lubonj%C3%AB-Kor%C3%A7%C3%AB-4.jpg?w=960&amp;ssl=1 960w\" sizes=\"auto, (max-width: 527px) 100vw, 527px\" \/><p id=\"caption-attachment-38087\" class=\"wp-caption-text\">Lubonj\u00eb Kor\u00e7\u00eb<\/p><\/div>\n<p>Kisha &#8220;Fjetja e Sh\u00ebn Maris\u00eb&#8221;, Monument Kulture i Kategoris\u00eb s\u00eb Par\u00eb, \u00ebsht\u00eb nd\u00ebrtuar n\u00eb vitin 1015 dhe sivjet mbush plot 1005 vjet. Vet\u00ebm kaq duhet t\u00eb mjaftonte q\u00eb Ministria e Kultur\u00eas, Akademia e Shkencave, Bashkia e Kor\u00e7\u00eas, Instituti i mbrojtjes s\u00eb Monumenteve t\u00eb Kultur\u00ebs, dhe Fakulteti i Historis\u00eb, t\u00eb nd\u00ebrmerrnin n\u00eb k\u00ebt\u00eb p\u00ebrvjetor 1005 vje\u00e7ar nj\u00eb studim t\u00eb thelluar arkeologjik t\u00eb k\u00ebsaj zone.<\/p>\n<div id=\"attachment_38088\" style=\"width: 578px\" class=\"wp-caption alignnone\"><img data-recalc-dims=\"1\" loading=\"lazy\" decoding=\"async\" aria-describedby=\"caption-attachment-38088\" data-attachment-id=\"38088\" data-permalink=\"https:\/\/www.shqiperia.com\/blog\/fshatrat-e-shqiperise-lubonje-korce-1100-vite-histori\/118542335_10221998467086015_8025344492116370001_n\/\" data-orig-file=\"https:\/\/i0.wp.com\/www.shqiperia.com\/blog\/wp-content\/uploads\/2020\/09\/118542335_10221998467086015_8025344492116370001_n.jpg?fit=960%2C534&amp;ssl=1\" data-orig-size=\"960,534\" data-comments-opened=\"1\" data-image-meta=\"{&quot;aperture&quot;:&quot;0&quot;,&quot;credit&quot;:&quot;&quot;,&quot;camera&quot;:&quot;&quot;,&quot;caption&quot;:&quot;&quot;,&quot;created_timestamp&quot;:&quot;0&quot;,&quot;copyright&quot;:&quot;&quot;,&quot;focal_length&quot;:&quot;0&quot;,&quot;iso&quot;:&quot;0&quot;,&quot;shutter_speed&quot;:&quot;0&quot;,&quot;title&quot;:&quot;&quot;,&quot;orientation&quot;:&quot;0&quot;}\" data-image-title=\"118542335_10221998467086015_8025344492116370001_n\" data-image-description=\"\" data-image-caption=\"&lt;p&gt;Lubonj\u00eb Kor\u00e7\u00eb &lt;\/p&gt;\n\" data-medium-file=\"https:\/\/i0.wp.com\/www.shqiperia.com\/blog\/wp-content\/uploads\/2020\/09\/118542335_10221998467086015_8025344492116370001_n.jpg?fit=300%2C167&amp;ssl=1\" data-large-file=\"https:\/\/i0.wp.com\/www.shqiperia.com\/blog\/wp-content\/uploads\/2020\/09\/118542335_10221998467086015_8025344492116370001_n.jpg?fit=960%2C534&amp;ssl=1\" class=\" wp-image-38088\" alt=\"\" src=\"https:\/\/i0.wp.com\/www.shqiperia.com\/blog\/wp-content\/uploads\/2020\/09\/118542335_10221998467086015_8025344492116370001_n.jpg?resize=568%2C316&#038;ssl=1\" width=\"568\" height=\"316\" srcset=\"https:\/\/i0.wp.com\/www.shqiperia.com\/blog\/wp-content\/uploads\/2020\/09\/118542335_10221998467086015_8025344492116370001_n.jpg?resize=300%2C167&amp;ssl=1 300w, https:\/\/i0.wp.com\/www.shqiperia.com\/blog\/wp-content\/uploads\/2020\/09\/118542335_10221998467086015_8025344492116370001_n.jpg?resize=768%2C427&amp;ssl=1 768w, https:\/\/i0.wp.com\/www.shqiperia.com\/blog\/wp-content\/uploads\/2020\/09\/118542335_10221998467086015_8025344492116370001_n.jpg?resize=450%2C250&amp;ssl=1 450w, https:\/\/i0.wp.com\/www.shqiperia.com\/blog\/wp-content\/uploads\/2020\/09\/118542335_10221998467086015_8025344492116370001_n.jpg?resize=600%2C334&amp;ssl=1 600w, https:\/\/i0.wp.com\/www.shqiperia.com\/blog\/wp-content\/uploads\/2020\/09\/118542335_10221998467086015_8025344492116370001_n.jpg?resize=400%2C223&amp;ssl=1 400w, https:\/\/i0.wp.com\/www.shqiperia.com\/blog\/wp-content\/uploads\/2020\/09\/118542335_10221998467086015_8025344492116370001_n.jpg?w=960&amp;ssl=1 960w\" sizes=\"auto, (max-width: 568px) 100vw, 568px\" \/><p id=\"caption-attachment-38088\" class=\"wp-caption-text\">Lubonj\u00eb Kor\u00e7\u00eb<\/p><\/div>\n<p>Nderkohe kerkohet nderhyrje urgjente per ruajtjen e afreskeve te kesaj kishe te pikturuar, per here te dyte, nga piktori Terpo Zografi.<\/p>\n<div id=\"attachment_38089\" style=\"width: 442px\" class=\"wp-caption alignnone\"><img data-recalc-dims=\"1\" loading=\"lazy\" decoding=\"async\" aria-describedby=\"caption-attachment-38089\" data-attachment-id=\"38089\" data-permalink=\"https:\/\/www.shqiperia.com\/blog\/fshatrat-e-shqiperise-lubonje-korce-1100-vite-histori\/118369401_10221999784398947_8300603493265979894_n\/\" data-orig-file=\"https:\/\/i0.wp.com\/www.shqiperia.com\/blog\/wp-content\/uploads\/2020\/09\/118369401_10221999784398947_8300603493265979894_n.jpg?fit=538%2C720&amp;ssl=1\" data-orig-size=\"538,720\" data-comments-opened=\"1\" data-image-meta=\"{&quot;aperture&quot;:&quot;0&quot;,&quot;credit&quot;:&quot;&quot;,&quot;camera&quot;:&quot;&quot;,&quot;caption&quot;:&quot;&quot;,&quot;created_timestamp&quot;:&quot;0&quot;,&quot;copyright&quot;:&quot;&quot;,&quot;focal_length&quot;:&quot;0&quot;,&quot;iso&quot;:&quot;0&quot;,&quot;shutter_speed&quot;:&quot;0&quot;,&quot;title&quot;:&quot;&quot;,&quot;orientation&quot;:&quot;0&quot;}\" data-image-title=\"118369401_10221999784398947_8300603493265979894_n\" data-image-description=\"\" data-image-caption=\"&lt;p&gt;Lubonj\u00eb Kor\u00e7\u00eb &lt;\/p&gt;\n\" data-medium-file=\"https:\/\/i0.wp.com\/www.shqiperia.com\/blog\/wp-content\/uploads\/2020\/09\/118369401_10221999784398947_8300603493265979894_n.jpg?fit=224%2C300&amp;ssl=1\" data-large-file=\"https:\/\/i0.wp.com\/www.shqiperia.com\/blog\/wp-content\/uploads\/2020\/09\/118369401_10221999784398947_8300603493265979894_n.jpg?fit=538%2C720&amp;ssl=1\" class=\" wp-image-38089\" alt=\"\" src=\"https:\/\/i0.wp.com\/www.shqiperia.com\/blog\/wp-content\/uploads\/2020\/09\/118369401_10221999784398947_8300603493265979894_n.jpg?resize=432%2C579&#038;ssl=1\" width=\"432\" height=\"579\" srcset=\"https:\/\/i0.wp.com\/www.shqiperia.com\/blog\/wp-content\/uploads\/2020\/09\/118369401_10221999784398947_8300603493265979894_n.jpg?resize=224%2C300&amp;ssl=1 224w, https:\/\/i0.wp.com\/www.shqiperia.com\/blog\/wp-content\/uploads\/2020\/09\/118369401_10221999784398947_8300603493265979894_n.jpg?resize=450%2C602&amp;ssl=1 450w, https:\/\/i0.wp.com\/www.shqiperia.com\/blog\/wp-content\/uploads\/2020\/09\/118369401_10221999784398947_8300603493265979894_n.jpg?resize=400%2C535&amp;ssl=1 400w, https:\/\/i0.wp.com\/www.shqiperia.com\/blog\/wp-content\/uploads\/2020\/09\/118369401_10221999784398947_8300603493265979894_n.jpg?w=538&amp;ssl=1 538w\" sizes=\"auto, (max-width: 432px) 100vw, 432px\" \/><p id=\"caption-attachment-38089\" class=\"wp-caption-text\">Lubonj\u00eb Kor\u00e7\u00eb<\/p><\/div>\n<p><img data-recalc-dims=\"1\" loading=\"lazy\" decoding=\"async\" data-attachment-id=\"38090\" data-permalink=\"https:\/\/www.shqiperia.com\/blog\/fshatrat-e-shqiperise-lubonje-korce-1100-vite-histori\/118579598_10221998745972987_5981972490570222478_n\/\" data-orig-file=\"https:\/\/i0.wp.com\/www.shqiperia.com\/blog\/wp-content\/uploads\/2020\/09\/118579598_10221998745972987_5981972490570222478_n.jpg?fit=720%2C479&amp;ssl=1\" data-orig-size=\"720,479\" data-comments-opened=\"1\" data-image-meta=\"{&quot;aperture&quot;:&quot;0&quot;,&quot;credit&quot;:&quot;&quot;,&quot;camera&quot;:&quot;&quot;,&quot;caption&quot;:&quot;&quot;,&quot;created_timestamp&quot;:&quot;0&quot;,&quot;copyright&quot;:&quot;&quot;,&quot;focal_length&quot;:&quot;0&quot;,&quot;iso&quot;:&quot;0&quot;,&quot;shutter_speed&quot;:&quot;0&quot;,&quot;title&quot;:&quot;&quot;,&quot;orientation&quot;:&quot;0&quot;}\" data-image-title=\"118579598_10221998745972987_5981972490570222478_n\" data-image-description=\"\" data-image-caption=\"\" data-medium-file=\"https:\/\/i0.wp.com\/www.shqiperia.com\/blog\/wp-content\/uploads\/2020\/09\/118579598_10221998745972987_5981972490570222478_n.jpg?fit=300%2C200&amp;ssl=1\" data-large-file=\"https:\/\/i0.wp.com\/www.shqiperia.com\/blog\/wp-content\/uploads\/2020\/09\/118579598_10221998745972987_5981972490570222478_n.jpg?fit=720%2C479&amp;ssl=1\" class=\"alignnone  wp-image-38090\" alt=\"\" src=\"https:\/\/i0.wp.com\/www.shqiperia.com\/blog\/wp-content\/uploads\/2020\/09\/118579598_10221998745972987_5981972490570222478_n.jpg?resize=485%2C323&#038;ssl=1\" width=\"485\" height=\"323\" srcset=\"https:\/\/i0.wp.com\/www.shqiperia.com\/blog\/wp-content\/uploads\/2020\/09\/118579598_10221998745972987_5981972490570222478_n.jpg?resize=300%2C200&amp;ssl=1 300w, https:\/\/i0.wp.com\/www.shqiperia.com\/blog\/wp-content\/uploads\/2020\/09\/118579598_10221998745972987_5981972490570222478_n.jpg?resize=600%2C399&amp;ssl=1 600w, https:\/\/i0.wp.com\/www.shqiperia.com\/blog\/wp-content\/uploads\/2020\/09\/118579598_10221998745972987_5981972490570222478_n.jpg?resize=450%2C299&amp;ssl=1 450w, https:\/\/i0.wp.com\/www.shqiperia.com\/blog\/wp-content\/uploads\/2020\/09\/118579598_10221998745972987_5981972490570222478_n.jpg?resize=400%2C266&amp;ssl=1 400w, https:\/\/i0.wp.com\/www.shqiperia.com\/blog\/wp-content\/uploads\/2020\/09\/118579598_10221998745972987_5981972490570222478_n.jpg?w=720&amp;ssl=1 720w\" sizes=\"auto, (max-width: 485px) 100vw, 485px\" \/> <img data-recalc-dims=\"1\" loading=\"lazy\" decoding=\"async\" data-attachment-id=\"38091\" data-permalink=\"https:\/\/www.shqiperia.com\/blog\/fshatrat-e-shqiperise-lubonje-korce-1100-vite-histori\/118601499_10221998745572977_1321763309891914181_n\/\" data-orig-file=\"https:\/\/i0.wp.com\/www.shqiperia.com\/blog\/wp-content\/uploads\/2020\/09\/118601499_10221998745572977_1321763309891914181_n.jpg?fit=720%2C477&amp;ssl=1\" data-orig-size=\"720,477\" data-comments-opened=\"1\" data-image-meta=\"{&quot;aperture&quot;:&quot;0&quot;,&quot;credit&quot;:&quot;&quot;,&quot;camera&quot;:&quot;&quot;,&quot;caption&quot;:&quot;&quot;,&quot;created_timestamp&quot;:&quot;0&quot;,&quot;copyright&quot;:&quot;&quot;,&quot;focal_length&quot;:&quot;0&quot;,&quot;iso&quot;:&quot;0&quot;,&quot;shutter_speed&quot;:&quot;0&quot;,&quot;title&quot;:&quot;&quot;,&quot;orientation&quot;:&quot;0&quot;}\" data-image-title=\"118601499_10221998745572977_1321763309891914181_n\" data-image-description=\"\" data-image-caption=\"\" data-medium-file=\"https:\/\/i0.wp.com\/www.shqiperia.com\/blog\/wp-content\/uploads\/2020\/09\/118601499_10221998745572977_1321763309891914181_n.jpg?fit=300%2C199&amp;ssl=1\" data-large-file=\"https:\/\/i0.wp.com\/www.shqiperia.com\/blog\/wp-content\/uploads\/2020\/09\/118601499_10221998745572977_1321763309891914181_n.jpg?fit=720%2C477&amp;ssl=1\" class=\"alignnone  wp-image-38091\" alt=\"\" src=\"https:\/\/i0.wp.com\/www.shqiperia.com\/blog\/wp-content\/uploads\/2020\/09\/118601499_10221998745572977_1321763309891914181_n.jpg?resize=463%2C307&#038;ssl=1\" width=\"463\" height=\"307\" srcset=\"https:\/\/i0.wp.com\/www.shqiperia.com\/blog\/wp-content\/uploads\/2020\/09\/118601499_10221998745572977_1321763309891914181_n.jpg?resize=300%2C199&amp;ssl=1 300w, https:\/\/i0.wp.com\/www.shqiperia.com\/blog\/wp-content\/uploads\/2020\/09\/118601499_10221998745572977_1321763309891914181_n.jpg?resize=450%2C298&amp;ssl=1 450w, https:\/\/i0.wp.com\/www.shqiperia.com\/blog\/wp-content\/uploads\/2020\/09\/118601499_10221998745572977_1321763309891914181_n.jpg?resize=600%2C398&amp;ssl=1 600w, https:\/\/i0.wp.com\/www.shqiperia.com\/blog\/wp-content\/uploads\/2020\/09\/118601499_10221998745572977_1321763309891914181_n.jpg?resize=400%2C265&amp;ssl=1 400w, https:\/\/i0.wp.com\/www.shqiperia.com\/blog\/wp-content\/uploads\/2020\/09\/118601499_10221998745572977_1321763309891914181_n.jpg?w=720&amp;ssl=1 720w\" sizes=\"auto, (max-width: 463px) 100vw, 463px\" \/> <img data-recalc-dims=\"1\" loading=\"lazy\" decoding=\"async\" data-attachment-id=\"38092\" data-permalink=\"https:\/\/www.shqiperia.com\/blog\/fshatrat-e-shqiperise-lubonje-korce-1100-vite-histori\/lubonje-korce-3\/\" data-orig-file=\"https:\/\/i0.wp.com\/www.shqiperia.com\/blog\/wp-content\/uploads\/2020\/09\/Lubonj%C3%AB-Kor%C3%A7%C3%AB-3.jpg?fit=960%2C540&amp;ssl=1\" data-orig-size=\"960,540\" data-comments-opened=\"1\" data-image-meta=\"{&quot;aperture&quot;:&quot;0&quot;,&quot;credit&quot;:&quot;&quot;,&quot;camera&quot;:&quot;&quot;,&quot;caption&quot;:&quot;&quot;,&quot;created_timestamp&quot;:&quot;0&quot;,&quot;copyright&quot;:&quot;&quot;,&quot;focal_length&quot;:&quot;0&quot;,&quot;iso&quot;:&quot;0&quot;,&quot;shutter_speed&quot;:&quot;0&quot;,&quot;title&quot;:&quot;&quot;,&quot;orientation&quot;:&quot;0&quot;}\" data-image-title=\"Lubonj\u00eb Kor\u00e7\u00eb (3)\" data-image-description=\"\" data-image-caption=\"\" data-medium-file=\"https:\/\/i0.wp.com\/www.shqiperia.com\/blog\/wp-content\/uploads\/2020\/09\/Lubonj%C3%AB-Kor%C3%A7%C3%AB-3.jpg?fit=300%2C169&amp;ssl=1\" data-large-file=\"https:\/\/i0.wp.com\/www.shqiperia.com\/blog\/wp-content\/uploads\/2020\/09\/Lubonj%C3%AB-Kor%C3%A7%C3%AB-3.jpg?fit=960%2C540&amp;ssl=1\" class=\"alignnone  wp-image-38092\" alt=\"\" src=\"https:\/\/i0.wp.com\/www.shqiperia.com\/blog\/wp-content\/uploads\/2020\/09\/Lubonj%C3%AB-Kor%C3%A7%C3%AB-3.jpg?resize=486%2C274&#038;ssl=1\" width=\"486\" height=\"274\" srcset=\"https:\/\/i0.wp.com\/www.shqiperia.com\/blog\/wp-content\/uploads\/2020\/09\/Lubonj%C3%AB-Kor%C3%A7%C3%AB-3.jpg?resize=300%2C169&amp;ssl=1 300w, https:\/\/i0.wp.com\/www.shqiperia.com\/blog\/wp-content\/uploads\/2020\/09\/Lubonj%C3%AB-Kor%C3%A7%C3%AB-3.jpg?resize=768%2C432&amp;ssl=1 768w, https:\/\/i0.wp.com\/www.shqiperia.com\/blog\/wp-content\/uploads\/2020\/09\/Lubonj%C3%AB-Kor%C3%A7%C3%AB-3.jpg?resize=450%2C253&amp;ssl=1 450w, https:\/\/i0.wp.com\/www.shqiperia.com\/blog\/wp-content\/uploads\/2020\/09\/Lubonj%C3%AB-Kor%C3%A7%C3%AB-3.jpg?resize=600%2C338&amp;ssl=1 600w, https:\/\/i0.wp.com\/www.shqiperia.com\/blog\/wp-content\/uploads\/2020\/09\/Lubonj%C3%AB-Kor%C3%A7%C3%AB-3.jpg?resize=400%2C225&amp;ssl=1 400w, https:\/\/i0.wp.com\/www.shqiperia.com\/blog\/wp-content\/uploads\/2020\/09\/Lubonj%C3%AB-Kor%C3%A7%C3%AB-3.jpg?w=960&amp;ssl=1 960w\" sizes=\"auto, (max-width: 486px) 100vw, 486px\" \/> <img data-recalc-dims=\"1\" loading=\"lazy\" decoding=\"async\" data-attachment-id=\"38093\" data-permalink=\"https:\/\/www.shqiperia.com\/blog\/fshatrat-e-shqiperise-lubonje-korce-1100-vite-histori\/lubonje-korce-6\/\" data-orig-file=\"https:\/\/i0.wp.com\/www.shqiperia.com\/blog\/wp-content\/uploads\/2020\/09\/Lubonj%C3%AB-Kor%C3%A7%C3%AB-6.jpg?fit=960%2C540&amp;ssl=1\" data-orig-size=\"960,540\" data-comments-opened=\"1\" data-image-meta=\"{&quot;aperture&quot;:&quot;0&quot;,&quot;credit&quot;:&quot;&quot;,&quot;camera&quot;:&quot;&quot;,&quot;caption&quot;:&quot;&quot;,&quot;created_timestamp&quot;:&quot;0&quot;,&quot;copyright&quot;:&quot;&quot;,&quot;focal_length&quot;:&quot;0&quot;,&quot;iso&quot;:&quot;0&quot;,&quot;shutter_speed&quot;:&quot;0&quot;,&quot;title&quot;:&quot;&quot;,&quot;orientation&quot;:&quot;0&quot;}\" data-image-title=\"Lubonj\u00eb Kor\u00e7\u00eb (6)\" data-image-description=\"\" data-image-caption=\"\" data-medium-file=\"https:\/\/i0.wp.com\/www.shqiperia.com\/blog\/wp-content\/uploads\/2020\/09\/Lubonj%C3%AB-Kor%C3%A7%C3%AB-6.jpg?fit=300%2C169&amp;ssl=1\" data-large-file=\"https:\/\/i0.wp.com\/www.shqiperia.com\/blog\/wp-content\/uploads\/2020\/09\/Lubonj%C3%AB-Kor%C3%A7%C3%AB-6.jpg?fit=960%2C540&amp;ssl=1\" class=\"alignnone  wp-image-38093\" alt=\"\" src=\"https:\/\/i0.wp.com\/www.shqiperia.com\/blog\/wp-content\/uploads\/2020\/09\/Lubonj%C3%AB-Kor%C3%A7%C3%AB-6.jpg?resize=566%2C319&#038;ssl=1\" width=\"566\" height=\"319\" srcset=\"https:\/\/i0.wp.com\/www.shqiperia.com\/blog\/wp-content\/uploads\/2020\/09\/Lubonj%C3%AB-Kor%C3%A7%C3%AB-6.jpg?resize=300%2C169&amp;ssl=1 300w, https:\/\/i0.wp.com\/www.shqiperia.com\/blog\/wp-content\/uploads\/2020\/09\/Lubonj%C3%AB-Kor%C3%A7%C3%AB-6.jpg?resize=768%2C432&amp;ssl=1 768w, https:\/\/i0.wp.com\/www.shqiperia.com\/blog\/wp-content\/uploads\/2020\/09\/Lubonj%C3%AB-Kor%C3%A7%C3%AB-6.jpg?resize=450%2C253&amp;ssl=1 450w, https:\/\/i0.wp.com\/www.shqiperia.com\/blog\/wp-content\/uploads\/2020\/09\/Lubonj%C3%AB-Kor%C3%A7%C3%AB-6.jpg?resize=600%2C338&amp;ssl=1 600w, https:\/\/i0.wp.com\/www.shqiperia.com\/blog\/wp-content\/uploads\/2020\/09\/Lubonj%C3%AB-Kor%C3%A7%C3%AB-6.jpg?resize=400%2C225&amp;ssl=1 400w, https:\/\/i0.wp.com\/www.shqiperia.com\/blog\/wp-content\/uploads\/2020\/09\/Lubonj%C3%AB-Kor%C3%A7%C3%AB-6.jpg?w=960&amp;ssl=1 960w\" sizes=\"auto, (max-width: 566px) 100vw, 566px\" \/><\/p>\n<div id=\"attachment_38094\" style=\"width: 426px\" class=\"wp-caption alignnone\"><img data-recalc-dims=\"1\" loading=\"lazy\" decoding=\"async\" aria-describedby=\"caption-attachment-38094\" data-attachment-id=\"38094\" data-permalink=\"https:\/\/www.shqiperia.com\/blog\/fshatrat-e-shqiperise-lubonje-korce-1100-vite-histori\/lubonje-korce\/\" data-orig-file=\"https:\/\/i0.wp.com\/www.shqiperia.com\/blog\/wp-content\/uploads\/2020\/09\/Lubonj%C3%AB-Kor%C3%A7%C3%AB.jpg?fit=480%2C720&amp;ssl=1\" data-orig-size=\"480,720\" data-comments-opened=\"1\" data-image-meta=\"{&quot;aperture&quot;:&quot;0&quot;,&quot;credit&quot;:&quot;&quot;,&quot;camera&quot;:&quot;&quot;,&quot;caption&quot;:&quot;&quot;,&quot;created_timestamp&quot;:&quot;0&quot;,&quot;copyright&quot;:&quot;&quot;,&quot;focal_length&quot;:&quot;0&quot;,&quot;iso&quot;:&quot;0&quot;,&quot;shutter_speed&quot;:&quot;0&quot;,&quot;title&quot;:&quot;&quot;,&quot;orientation&quot;:&quot;0&quot;}\" data-image-title=\"Lubonj\u00eb Kor\u00e7\u00eb\" data-image-description=\"\" data-image-caption=\"&lt;p&gt;Lubonj\u00eb Kor\u00e7\u00eb &lt;\/p&gt;\n\" data-medium-file=\"https:\/\/i0.wp.com\/www.shqiperia.com\/blog\/wp-content\/uploads\/2020\/09\/Lubonj%C3%AB-Kor%C3%A7%C3%AB.jpg?fit=200%2C300&amp;ssl=1\" data-large-file=\"https:\/\/i0.wp.com\/www.shqiperia.com\/blog\/wp-content\/uploads\/2020\/09\/Lubonj%C3%AB-Kor%C3%A7%C3%AB.jpg?fit=480%2C720&amp;ssl=1\" class=\" wp-image-38094\" alt=\"\" src=\"https:\/\/i0.wp.com\/www.shqiperia.com\/blog\/wp-content\/uploads\/2020\/09\/Lubonj%C3%AB-Kor%C3%A7%C3%AB.jpg?resize=416%2C624&#038;ssl=1\" width=\"416\" height=\"624\" srcset=\"https:\/\/i0.wp.com\/www.shqiperia.com\/blog\/wp-content\/uploads\/2020\/09\/Lubonj%C3%AB-Kor%C3%A7%C3%AB.jpg?resize=200%2C300&amp;ssl=1 200w, https:\/\/i0.wp.com\/www.shqiperia.com\/blog\/wp-content\/uploads\/2020\/09\/Lubonj%C3%AB-Kor%C3%A7%C3%AB.jpg?resize=450%2C675&amp;ssl=1 450w, https:\/\/i0.wp.com\/www.shqiperia.com\/blog\/wp-content\/uploads\/2020\/09\/Lubonj%C3%AB-Kor%C3%A7%C3%AB.jpg?resize=400%2C600&amp;ssl=1 400w, https:\/\/i0.wp.com\/www.shqiperia.com\/blog\/wp-content\/uploads\/2020\/09\/Lubonj%C3%AB-Kor%C3%A7%C3%AB.jpg?w=480&amp;ssl=1 480w\" sizes=\"auto, (max-width: 416px) 100vw, 416px\" \/><p id=\"caption-attachment-38094\" class=\"wp-caption-text\">Lubonj\u00eb Kor\u00e7\u00eb<\/p><\/div>\n<h4>Nga: <a href=\"https:\/\/www.facebook.com\/Forumi-per-Mbrojtjen-e-Trashegimise-Kulturore-471052503011315\/?__cft__%5b0%5d=AZV_q7UrJR3eeCxXRoP31vbsj3Th6lWAdNSS6zzOD6hME8eNR4uWFSWqFLcrcPI3dQ0zl87BsSO2GhsKHDQl9qwsE7HfbzCiME7pyGJ-OjimAE3sj4laQbsAFoHhlooAQS6-Y2ucnkBx8RX_jyYRyMD27A6FDt-QJTxWZzALx6Cxw2kh9F3V_tevh6FC9td3IP61WKfWyX-t6F0D52c28noI2BNdCHcx7LVdFUg7j4CYYA&amp;__tn__=-UC%2CP-R\">Forumi per Mbrojtjen e Trashegimise Kulturore<\/a><\/h4>\n","protected":false},"excerpt":{"rendered":"<p>Fshatrat e Shqiperise- Lubonje Korce: 1100 vite histori. 1005 VJETORI I ND\u00cbRTIMIT T\u00cb KISH\u00cbS &#8220;Fjetja e Sh\u00ebn Maris\u00eb&#8221;, MONUMENT KULTURE I KATEGORIS\u00ca S\u00cb PAR\u00cb! APEL P\u00cbR INSTITUCIONET DHE ARKEOLOGJIN\u00cb SHQIPTARE Nga Edmond Resmi Hoxha Nj\u00eb fshat me histori mbi 1100 vje\u00e7are, me 9 Kisha, nj\u00eb Manastir, pervec 3 kishezave te vogla, nj\u00eb kala, dhe nj\u00eb [&hellip;]<\/p>\n","protected":false},"author":9,"featured_media":38086,"comment_status":"open","ping_status":"open","sticky":false,"template":"","format":"standard","meta":{"jetpack_post_was_ever_published":false,"_jetpack_newsletter_access":"","_jetpack_dont_email_post_to_subs":false,"_jetpack_newsletter_tier_id":0,"_jetpack_memberships_contains_paywalled_content":false,"_jetpack_memberships_contains_paid_content":false,"footnotes":"","jetpack_publicize_message":"","jetpack_publicize_feature_enabled":true,"jetpack_social_post_already_shared":true,"jetpack_social_options":{"image_generator_settings":{"template":"highway","default_image_id":0,"font":"","enabled":false},"version":2}},"categories":[85,10,86],"tags":[],"class_list":["post-38085","post","type-post","status-publish","format-standard","has-post-thumbnail","hentry","category-histori","category-kultura","category-trashegimi-kulturore"],"jetpack_publicize_connections":[],"jetpack_featured_media_url":"https:\/\/i0.wp.com\/www.shqiperia.com\/blog\/wp-content\/uploads\/2020\/09\/Lubonj%C3%AB-Kor%C3%A7%C3%AB-2.jpg?fit=480%2C325&ssl=1","jetpack_sharing_enabled":true,"jetpack_shortlink":"https:\/\/wp.me\/p5Z6wp-9Uh","jetpack-related-posts":[{"id":27459,"url":"https:\/\/www.shqiperia.com\/blog\/fshatrat-e-shqiperise-sinica-fshat-i-devollit\/","url_meta":{"origin":38085,"position":0},"title":"Fshatrat e Shqiperise &#8211; Sinica fshat i Devollit. &#8211;","author":"Kurt Farka","date":"October 29, 2019","format":false,"excerpt":"Sinica fshat i Devollit. Fotot e postuara nga Devolli i Sip\u00ebrm, tregojn\u00eb nj\u00eb fshat me tradita q\u00eb njihet tashm\u00eb, por edhe t\u00eb braktisur. Sinica q\u00eb krahasohet n\u00eb k\u00ebt\u00eb shkrim nga filmi \u2018Nusja e humb\u00ebtir\u00ebs\u2019 mund t\u00eb sh\u00ebrbej\u00eb fare mir\u00eb edhe p\u00ebr filma t\u00eb ngjash\u00ebm. Fotot spontane flasin vet\u00eb. Rugica brenda\u2026","rel":"","context":"In &quot;Histori&quot;","block_context":{"text":"Histori","link":"https:\/\/www.shqiperia.com\/blog\/category\/histori\/"},"img":{"alt_text":"","src":"https:\/\/i0.wp.com\/www.shqiperia.com\/blog\/wp-content\/uploads\/2019\/10\/Sinica-Devoll.jpg?fit=600%2C305&ssl=1&resize=350%2C200","width":350,"height":200,"srcset":"https:\/\/i0.wp.com\/www.shqiperia.com\/blog\/wp-content\/uploads\/2019\/10\/Sinica-Devoll.jpg?fit=600%2C305&ssl=1&resize=350%2C200 1x, https:\/\/i0.wp.com\/www.shqiperia.com\/blog\/wp-content\/uploads\/2019\/10\/Sinica-Devoll.jpg?fit=600%2C305&ssl=1&resize=525%2C300 1.5x"},"classes":[]},{"id":26712,"url":"https:\/\/www.shqiperia.com\/blog\/fshatrat-e-shqiperise-iballja\/","url_meta":{"origin":38085,"position":1},"title":"Fshatrat e Shqiperise &#8211; Iballja. &#8211;","author":"Kurt Farka","date":"October 5, 2019","format":false,"excerpt":"Fshatrat e Shqiperise - Iballja Iballja fshat i vjeter i Pukes dhe me tradita e gjurme ne historine kombetare. Pupullsia e Iballes perbehet nga disa fise, nder me te rendesishmit jane: Fisi i Thaqit, Fisi i Berishes, Toplana. ky fshat ka edhe nje bashkejetese mes dy besimeve fetare Musliman dhe\u2026","rel":"","context":"In &quot;Blogu i Udh\u00ebtarit&quot;","block_context":{"text":"Blogu i Udh\u00ebtarit","link":"https:\/\/www.shqiperia.com\/blog\/category\/blogu-i-udhetarit\/"},"img":{"alt_text":"","src":"https:\/\/i0.wp.com\/www.shqiperia.com\/blog\/wp-content\/uploads\/2019\/10\/Iballe-Puke-3-Copy.jpg?resize=350%2C200&ssl=1","width":350,"height":200,"srcset":"https:\/\/i0.wp.com\/www.shqiperia.com\/blog\/wp-content\/uploads\/2019\/10\/Iballe-Puke-3-Copy.jpg?resize=350%2C200&ssl=1 1x, https:\/\/i0.wp.com\/www.shqiperia.com\/blog\/wp-content\/uploads\/2019\/10\/Iballe-Puke-3-Copy.jpg?resize=525%2C300&ssl=1 1.5x"},"classes":[]},{"id":98627,"url":"https:\/\/www.shqiperia.com\/blog\/gjyresi-fshati-pa-asnje-banor-ne-korce\/","url_meta":{"origin":38085,"position":2},"title":"Gjyresi, fshati pa asnj\u00eb banor ne Korce!","author":"Kurt Farka","date":"March 24, 2026","format":false,"excerpt":"24 Nars 2026 Fshati pa asnj\u00eb banor! Gjyresi \u00ebsht\u00eb nj\u00eb fshat i vog\u00ebl n\u00eb Bashkin\u00eb e Devollit, rr\u00ebz\u00eb vargmalit t\u00eb Morav\u00ebs, buz\u00eb p\u00ebrroit e mbi nj\u00eb kod\u00ebr, me sht\u00ebpi prej guri, me kalldr\u00ebm, me kish\u00eb dhe totalisht i braktisur. Sheh nd\u00ebrtesa dhe arkitektur\u00eb t\u00eb hershme, \u00e7ka t\u00eb jep ndjesin\u00eb e\u2026","rel":"","context":"In &quot;Blogu i Udh\u00ebtarit&quot;","block_context":{"text":"Blogu i Udh\u00ebtarit","link":"https:\/\/www.shqiperia.com\/blog\/category\/blogu-i-udhetarit\/"},"img":{"alt_text":"","src":"https:\/\/i0.wp.com\/www.shqiperia.com\/blog\/wp-content\/uploads\/2026\/03\/Kisha-e-Shen-Thanasit-Fshati-Gjyrez.jpg?fit=1200%2C900&ssl=1&resize=350%2C200","width":350,"height":200,"srcset":"https:\/\/i0.wp.com\/www.shqiperia.com\/blog\/wp-content\/uploads\/2026\/03\/Kisha-e-Shen-Thanasit-Fshati-Gjyrez.jpg?fit=1200%2C900&ssl=1&resize=350%2C200 1x, https:\/\/i0.wp.com\/www.shqiperia.com\/blog\/wp-content\/uploads\/2026\/03\/Kisha-e-Shen-Thanasit-Fshati-Gjyrez.jpg?fit=1200%2C900&ssl=1&resize=525%2C300 1.5x, https:\/\/i0.wp.com\/www.shqiperia.com\/blog\/wp-content\/uploads\/2026\/03\/Kisha-e-Shen-Thanasit-Fshati-Gjyrez.jpg?fit=1200%2C900&ssl=1&resize=700%2C400 2x, https:\/\/i0.wp.com\/www.shqiperia.com\/blog\/wp-content\/uploads\/2026\/03\/Kisha-e-Shen-Thanasit-Fshati-Gjyrez.jpg?fit=1200%2C900&ssl=1&resize=1050%2C600 3x"},"classes":[]},{"id":26410,"url":"https:\/\/www.shqiperia.com\/blog\/fshatrat-e-shqiperise-lura\/","url_meta":{"origin":38085,"position":3},"title":"Fshatrat e Shqiperise: LURA. &#8211;","author":"Kurt Farka","date":"September 29, 2019","format":false,"excerpt":"Fshatrat e Shqiperise: LURA Fshati Lure nje nga fshatrat me te bukur te Ballkani eshte ne mes te rretheve Mirdite dhe Diber. Fshat shume i vjeter ku bashkejetojne dy besimet ne harmoni, myslimane dhe katolike. Ka disa banesa Kulle te cilat jane ndertuar me shije dhe arkitekture tradicionale. Ka disa\u2026","rel":"","context":"In &quot;Histori&quot;","block_context":{"text":"Histori","link":"https:\/\/www.shqiperia.com\/blog\/category\/histori\/"},"img":{"alt_text":"","src":"https:\/\/i0.wp.com\/www.shqiperia.com\/blog\/wp-content\/uploads\/2019\/09\/Fshatrat-e-Shqiperise-LURA-2.jpg?fit=1200%2C800&ssl=1&resize=350%2C200","width":350,"height":200,"srcset":"https:\/\/i0.wp.com\/www.shqiperia.com\/blog\/wp-content\/uploads\/2019\/09\/Fshatrat-e-Shqiperise-LURA-2.jpg?fit=1200%2C800&ssl=1&resize=350%2C200 1x, https:\/\/i0.wp.com\/www.shqiperia.com\/blog\/wp-content\/uploads\/2019\/09\/Fshatrat-e-Shqiperise-LURA-2.jpg?fit=1200%2C800&ssl=1&resize=525%2C300 1.5x, https:\/\/i0.wp.com\/www.shqiperia.com\/blog\/wp-content\/uploads\/2019\/09\/Fshatrat-e-Shqiperise-LURA-2.jpg?fit=1200%2C800&ssl=1&resize=700%2C400 2x, https:\/\/i0.wp.com\/www.shqiperia.com\/blog\/wp-content\/uploads\/2019\/09\/Fshatrat-e-Shqiperise-LURA-2.jpg?fit=1200%2C800&ssl=1&resize=1050%2C600 3x"},"classes":[]},{"id":84844,"url":"https:\/\/www.shqiperia.com\/blog\/shpopullimi-i-shpallur-fshat-turistik-cahani-i-hasit-ska-rruge-as-drita-dikur-me-3-mije-banore-sot-kane-mbetur-4-famije\/","url_meta":{"origin":38085,"position":4},"title":"Shpopullimi\/ I shpallur fshat turistik. &#8211; Cahani i Hasit s\u2019ka rrug\u00eb as drita! &#8211; Dikur me 3 mij\u00eb banor\u00eb sot kan\u00eb mbetur 4 famije","author":"Kurt Farka","date":"September 22, 2024","format":false,"excerpt":"22 Shtator 2024 N\u00eb fshatin Cahan t\u00eb Hasit kan\u00eb mbetur 4 familje nga 3 mij\u00eb banor\u00eb q\u00eb kishte para viteve \u201990. Shkak I shpopullimit \u00ebsht\u00eb rruga e amortizuar, mungesa e ujit dhe energjis\u00eb. Ky fshat eshte shpallur ne 100 fshatrat turistik pasi ka resurse natyre. Rruga qe te shpie ne\u00a0Cahan\u00a0te\u2026","rel":"","context":"In &quot;Blogu i Udh\u00ebtarit&quot;","block_context":{"text":"Blogu i Udh\u00ebtarit","link":"https:\/\/www.shqiperia.com\/blog\/category\/blogu-i-udhetarit\/"},"img":{"alt_text":"","src":"https:\/\/i0.wp.com\/www.shqiperia.com\/blog\/wp-content\/uploads\/2024\/09\/Cahani-i-Hasit-fshat-i-braktisur.jpg?fit=539%2C305&ssl=1&resize=350%2C200","width":350,"height":200,"srcset":"https:\/\/i0.wp.com\/www.shqiperia.com\/blog\/wp-content\/uploads\/2024\/09\/Cahani-i-Hasit-fshat-i-braktisur.jpg?fit=539%2C305&ssl=1&resize=350%2C200 1x, https:\/\/i0.wp.com\/www.shqiperia.com\/blog\/wp-content\/uploads\/2024\/09\/Cahani-i-Hasit-fshat-i-braktisur.jpg?fit=539%2C305&ssl=1&resize=525%2C300 1.5x"},"classes":[]},{"id":43514,"url":"https:\/\/www.shqiperia.com\/blog\/fshatrat-e-shqiperise-tushemishti-foto-album\/","url_meta":{"origin":38085,"position":5},"title":"Fshatrat e Shqiperise &#8211; Tushemishti. Foto album","author":"Kurt Farka","date":"January 29, 2021","format":false,"excerpt":"Fshatrat e Shqiperise - Tushemishti \u2013 Tushemishti, fshati turistik q\u00eb ndodhet 5 km larg qytetit t\u00eb Pogradecit, ofron nj\u00eb pamje mahnit\u00ebse p\u00ebr t\u00eb gjith\u00eb vizitor\u00ebt. Shum\u00eb af\u00ebr liqenit, Tushemishti ofron pamje t\u00eb bukur n\u00eb \u00e7do stin\u00eb dhe plazh mahnit\u00ebs n\u00eb stin\u00ebn e ver\u00ebs. N\u00eb brend\u00ebsi t\u00eb fshatit gjenden sht\u00ebpi t\u00eb\u2026","rel":"","context":"In &quot;Blogu i Udh\u00ebtarit&quot;","block_context":{"text":"Blogu i Udh\u00ebtarit","link":"https:\/\/www.shqiperia.com\/blog\/category\/blogu-i-udhetarit\/"},"img":{"alt_text":"","src":"https:\/\/i0.wp.com\/www.shqiperia.com\/blog\/wp-content\/uploads\/2021\/01\/tushemishti.jpg?fit=1024%2C601&ssl=1&resize=350%2C200","width":350,"height":200,"srcset":"https:\/\/i0.wp.com\/www.shqiperia.com\/blog\/wp-content\/uploads\/2021\/01\/tushemishti.jpg?fit=1024%2C601&ssl=1&resize=350%2C200 1x, https:\/\/i0.wp.com\/www.shqiperia.com\/blog\/wp-content\/uploads\/2021\/01\/tushemishti.jpg?fit=1024%2C601&ssl=1&resize=525%2C300 1.5x, https:\/\/i0.wp.com\/www.shqiperia.com\/blog\/wp-content\/uploads\/2021\/01\/tushemishti.jpg?fit=1024%2C601&ssl=1&resize=700%2C400 2x"},"classes":[]}],"_links":{"self":[{"href":"https:\/\/www.shqiperia.com\/blog\/wp-json\/wp\/v2\/posts\/38085","targetHints":{"allow":["GET"]}}],"collection":[{"href":"https:\/\/www.shqiperia.com\/blog\/wp-json\/wp\/v2\/posts"}],"about":[{"href":"https:\/\/www.shqiperia.com\/blog\/wp-json\/wp\/v2\/types\/post"}],"author":[{"embeddable":true,"href":"https:\/\/www.shqiperia.com\/blog\/wp-json\/wp\/v2\/users\/9"}],"replies":[{"embeddable":true,"href":"https:\/\/www.shqiperia.com\/blog\/wp-json\/wp\/v2\/comments?post=38085"}],"version-history":[{"count":1,"href":"https:\/\/www.shqiperia.com\/blog\/wp-json\/wp\/v2\/posts\/38085\/revisions"}],"predecessor-version":[{"id":38095,"href":"https:\/\/www.shqiperia.com\/blog\/wp-json\/wp\/v2\/posts\/38085\/revisions\/38095"}],"wp:featuredmedia":[{"embeddable":true,"href":"https:\/\/www.shqiperia.com\/blog\/wp-json\/wp\/v2\/media\/38086"}],"wp:attachment":[{"href":"https:\/\/www.shqiperia.com\/blog\/wp-json\/wp\/v2\/media?parent=38085"}],"wp:term":[{"taxonomy":"category","embeddable":true,"href":"https:\/\/www.shqiperia.com\/blog\/wp-json\/wp\/v2\/categories?post=38085"},{"taxonomy":"post_tag","embeddable":true,"href":"https:\/\/www.shqiperia.com\/blog\/wp-json\/wp\/v2\/tags?post=38085"}],"curies":[{"name":"wp","href":"https:\/\/api.w.org\/{rel}","templated":true}]}}