{"id":38058,"date":"2020-09-04T19:42:08","date_gmt":"2020-09-04T19:42:08","guid":{"rendered":"https:\/\/www.shqiperia.com\/blog\/?p=38058"},"modified":"2020-09-04T19:42:08","modified_gmt":"2020-09-04T19:42:08","slug":"keto-jane-pikat-e-marreveshjes-te-nenshkruar-mes-kosoves-dhe-serbise-ne-shtepine-e-bardhe","status":"publish","type":"post","link":"https:\/\/www.shqiperia.com\/blog\/keto-jane-pikat-e-marreveshjes-te-nenshkruar-mes-kosoves-dhe-serbise-ne-shtepine-e-bardhe\/","title":{"rendered":"K\u00ebto jan\u00eb pikat e marr\u00ebveshjes t\u00eb n\u00ebnshkruar mes Kosov\u00ebs dhe Serbis\u00eb n\u00eb Sht\u00ebpin\u00eb e Bardh\u00eb"},"content":{"rendered":"<p>Kosova dhe Serbia kan\u00eb n\u00ebnshkruar marr\u00ebveshje p\u00ebr normalizim ekonomik n\u00eb Sht\u00ebpin\u00eb e Bardh\u00eb.<\/p>\n<p>N\u00eb ceremonin\u00eb e n\u00ebnshkrimit t\u00eb k\u00ebsaj marr\u00ebveshjeje mori pjes\u00eb kryeministri i Kosov\u00ebs, Avdullah Hoti dhe presidenti i Serbis\u00eb, Aleksandar Vu\u00e7iq.<\/p>\n<p>Marr\u00ebveshja u n\u00ebnshkrua n\u00eb prani t\u00eb presidentit t\u00eb Shteteve t\u00eb Bashkuara, Donald Trump.<\/p>\n<p>Serbia (Beogradi) dhe Kosova [Prishtina] pajtohen q\u00eb t\u00eb ecin p\u00ebrpara me normalizimin ekonomik duke r\u00ebn\u00eb dakord p\u00ebr si vijon:<\/p>\n<p>\u2013  T\u00eb dyja pal\u00ebt do t\u00eb zbatojn\u00eb marr\u00ebveshjen p\u00ebr autostrad\u00ebn Beograd-Prishtin\u00eb, t\u00eb n\u00ebnshkruar m\u00eb 14 shkurt, 2020.<\/p>\n<p>\u2013  T\u00eb dyja pal\u00ebt do t\u00eb zbatojn\u00eb marr\u00ebveshjen e hekurudhave Beograd-Prishtin\u00eb t\u00eb n\u00ebnshkruar m\u00eb 14 shkurt, 2020. P\u00ebr m\u00eb tep\u00ebr, t\u00eb dyja pal\u00ebt do t\u2019i p\u00ebrkushtohen nj\u00eb studimi t\u00eb fizibilitetit p\u00ebr mund\u00ebsit\u00eb e lidhjes s\u00eb infrastruktur\u00ebs hekurudhore Beograd-Prishtin\u00eb me nj\u00eb port n\u00eb det t\u00eb thell\u00eb n\u00eb Adriatik.<\/p>\n<p>\u2013  Kosova (Prishtina) dhe Serbia (Beogradi) do t\u00eb punojn\u00eb me Korporat\u00ebn Nd\u00ebrkomb\u00ebtare t\u00eb SHBA-s\u00eb p\u00ebr Zhvillim Financiar dhe EXIM, n\u00eb memorandumet e mir\u00ebkuptimit, p\u00ebr t\u00eb operacionalizuar k\u00ebto:<\/p>\n<p>-Autostrad\u00ebn e paqes<br \/>\n-Lidhjen hekurudhore Prishtin\u00eb-Merdare<\/p>\n<p>-Lidhjen hekurudhore Nish-Prishtin\u00eb<\/p>\n<p>-Sigurimin e financave p\u00ebr mb\u00ebshtetjen e kredive q\u00eb k\u00ebrkohen p\u00ebr nd\u00ebrmarrjet e vogla dhe t\u00eb mesme<\/p>\n<p>-Projekte shtes\u00eb dypal\u00ebshe<\/p>\n<p>-Prani e plot\u00eb nd\u00ebrkomb\u00ebtare n\u00eb Beograd, Serbi, e Korporat\u00ebs Nd\u00ebrkomb\u00ebtare t\u00eb SHBA-s\u00eb p\u00ebr Zhvillim Financiar.<\/p>\n<p>T\u00eb dyja pal\u00ebt do t\u00eb hapin dhe operacionalizojn\u00eb objektin n\u00eb pik\u00ebkalimin e p\u00ebrbashk\u00ebt kufitar Merdare.<\/p>\n<p>T\u00eb dyja pal\u00ebt do t\u2019i bashkohen \u201czon\u00ebs s\u00eb mini-Schengenit\u201d, t\u00eb shpallur nga Serbia, Shqip\u00ebria dhe Maqedonia e Veriut n\u00eb tetor t\u00eb vtit 2019 dhe do t\u2019i shfryt\u00ebzojn\u00eb plot\u00ebsisht p\u00ebrfitimet nga ajo.<\/p>\n<p>T\u00eb dyja pal\u00ebt do t\u2019i njohin diplomat dhe certifikatat profesionale t\u00eb nj\u00ebra-tjetr\u00ebs.<\/p>\n<p>T\u00eb dyja pal\u00ebt do t\u00eb pajtohen t\u00eb punojn\u00eb me Departamentin amerikan t\u00eb Energjis\u00eb dhe subjektet e tjera t\u00eb Qeveris\u00eb amerikane n\u00eb nj\u00eb studim fizibiliteti, me q\u00ebllim t\u00eb p\u00eb\u00ebrdorimit t\u00eb p\u00ebrbashk\u00ebt t\u00eb Liqenit t\u00eb Gazivod\u00ebs\/Ujmanit, si furnizues i sigurt i ujit dhe energjis\u00eb.<\/p>\n<p>T\u00eb dyja pal\u00ebt do t\u00eb shum\u00ebfishojn\u00eb burimet e tyre t\u00eb energjis\u00eb.<\/p>\n<p>T\u00eb dyja pal\u00ebt do t\u00eb ndalojn\u00eb p\u00ebrdorimin e pajisjeve 5G, t\u00eb siguruara nga shit\u00ebs t\u00eb pabesuesh\u00ebm, n\u00eb rrjetet e tyre t\u00eb komunikimit. Aty ku tashm\u00eb ka pajisje t\u00eb tilla, t\u00eb dyja pal\u00ebt angazhohen p\u00ebr heqjen e tyre dhe p\u00ebrpjekje tjera t\u00eb nd\u00ebrmjet\u00ebsimit n\u00eb koh\u00ebn e duhur.<\/p>\n<p>T\u00eb dyja pal\u00ebt do t\u00eb rrisin kontrollin e pasagjer\u00ebve ajror\u00eb, ndarjen e informacioneve midis nj\u00ebra-tjetr\u00ebs dhe brenda korniz\u00ebs s\u00eb p\u00ebrgjithshme t\u00eb bashk\u00ebpunimit me SHBA-n\u00eb n\u00eb Ballkan, dhe do t\u00eb angazhohen p\u00ebr p\u00ebrdit\u00ebsime teknologjike, p\u00ebr t\u00eb luftuar aktivitetet keqdash\u00ebse, duke zbatuar dhe operacionalizuar sistemet e siguruara nga SHBA-ja, p\u00ebr kontroll dhe informacion, p\u00ebrfshir\u00eb: PISCES, APIS, ATS-G dhe SRTP.<\/p>\n<p>T\u00eb dyja pal\u00ebt zotohen se do t\u00eb mbrojn\u00eb dhe promovojn\u00eb lirit\u00eb fetare, duke p\u00ebrfshir\u00eb edhe rifillimin e komunikimit nd\u00ebrfetar, mbrojtjen e vendeve fetare dhe zbatimin e vendimeve gjyq\u00ebsore, q\u00eb jan\u00eb t\u00eb lidhura me Kish\u00ebn Ortodokse Serbe, si dhe vazhdimin e kthimit t\u00eb pronave pa trash\u00ebgimi nga periudha e Holokaustit, si dhe t\u00eb pronave hebreje q\u00eb nuk i ka k\u00ebrkuar askush.<\/p>\n<p>T\u00eb dyja pal\u00ebt zotohen t\u00eb p\u00ebrshpejtojn\u00eb p\u00ebrpjekjet q\u00eb t\u00eb lokalizojn\u00eb dhe identifikojn\u00eb mbetjet e personave t\u00eb humbur. T\u00eb dyja pal\u00ebt angazhohen q\u00eb t\u00eb identifikojn\u00eb dhe implementojn\u00eb zgjidhje t\u00eb gjata dhe t\u00eb q\u00ebndrueshme p\u00ebr refugjat\u00ebt dhe personat e zhvendosur brenda vendit. T\u00eb dyja pal\u00ebt angazhohen q\u00eb t\u00eb p\u00ebrcaktojn\u00eb nj\u00eb pik\u00eb kontakti, q\u00eb do t\u2019i udh\u00ebheq\u00eb k\u00ebto p\u00ebrpjekje brenda ministrive t\u00eb tyre respektive dhe do t\u2019i koordinoj\u00eb k\u00ebto p\u00ebrpjekje mes Beogradit dhe Prishtin\u00ebs, si dhe do t\u2019i p\u00ebrdit\u00ebsoj\u00eb t\u00eb dh\u00ebnat p\u00ebr numrin e rasteve t\u00eb zgjidhura dhe ato q\u00eb jan\u00eb n\u00eb proces, \u00e7do vit.<\/p>\n<p>T\u00eb dyja pal\u00ebt do t\u00eb punojn\u00eb me 69 vendet, t\u00eb cilat homoseksualietin e konsiderojn\u00eb si krim, q\u00eb ta dekriminalizojn\u00eb.<\/p>\n<p>T\u00eb dyja pal\u00ebt zotohen ta shpallin Hezbollahun organizat\u00eb terroriste dhe t\u2019i p\u00ebrmbushin n\u00eb t\u00ebr\u00ebsi masat p\u00ebr t\u00eb kufizuar operacionet e Hezbollahut dhe aktivitetet financiare n\u00ebn juridiksionin e tyre.<\/p>\n<p>Kosova (Prishtina) do t\u00eb pajtohet q\u00eb ta zbatoj\u00eb nj\u00eb moratorium nj\u00ebvje\u00e7ar, p\u00ebr t\u00eb mos k\u00ebrkuar an\u00ebtar\u00ebsim t\u00eb ri n\u00eb organizata nd\u00ebrkomb\u00ebtare. Serbia (Beogradi) do t\u00eb pajtohet ta zbatoj\u00eb nj\u00eb moratorium nj\u00ebvje\u00e7ar mbi fushat\u00ebn e saj p\u00ebr \u00e7njohje dhe do t\u00eb p\u00ebrmbahet nga k\u00ebrkesa zyrtare ose jozyrtare ndaj ndonj\u00eb vendi ose organizate nd\u00ebrkomb\u00ebtare, q\u00eb t\u00eb mos e njoh\u00eb Kosov\u00ebn (Prishtin\u00ebn) si shtet t\u00eb pavarur. T\u00eb gjitha marr\u00ebveshjet p\u00ebr t\u00eb hequr dor\u00eb do t\u00eb hyjn\u00eb n\u00eb fuqi menj\u00ebher\u00eb.<\/p>\n<p>Kosova (Prishtina) dhe Izraeli pajtohen t\u00eb njohin nj\u00ebri-tjetrin.<\/p>\n<p>Presidenti amerikan, Donald Trump, pas n\u00ebnshkrimit t\u00eb marr\u00ebveshjes mes Kosov\u00ebs dhe Serbis\u00eb, ka th\u00ebn\u00eb se kjo e sotmja \u00ebsht\u00eb dit\u00eb historike.<\/p>\n<p>Takimi nd\u00ebrmjet dy lider\u00ebve, t\u00eb Kosov\u00ebs dhe t\u00eb Serbis\u00eb, ka nisur dit\u00ebn e enjte dhe sipas k\u00ebshilltarit p\u00ebr Siguri Komb\u00ebtare t\u00eb Sht\u00ebpis\u00eb s\u00eb Bardh\u00eb, Robert O\u2019Brien, jan\u00eb zhvilluar bisedime \u201cshum\u00eb t\u00eb mira\u201d dhe se t\u00eb dyja pal\u00ebt \u201ckan\u00eb b\u00ebr\u00eb p\u00ebrparim t\u00eb v\u00ebrtet\u00eb\u201d.<\/p>\n<p>Nd\u00ebrkaq, dialogu nd\u00ebrmjet Kosov\u00ebs dhe Serbis\u00eb nisi m\u00eb 2011 me nd\u00ebrmjet\u00ebsimin e Bashkimit Evropian.<\/p>\n<p>Shtetet e Bashkuara u p\u00ebrfshin n\u00eb k\u00ebt\u00eb dialog m\u00eb shum\u00eb, pasi m\u00eb 4 tetor, 2019, presidenti Trump, em\u00ebroi Richard Grenell si t\u00eb d\u00ebrguarin e tij t\u00eb posa\u00e7\u00ebm n\u00eb k\u00ebto bisedime.<\/p>\n<p>Pas takimit n\u00eb Sht\u00ebpin\u00eb e Bardh\u00eb, kryeministri Hoti dhe presidenti Vu\u00e7iq do t\u00eb takohen n\u00eb Bruksel t\u00eb h\u00ebn\u00ebn, nd\u00ebrsa gjat\u00eb k\u00ebsaj fundjave do t\u00eb zhvillohen bisedime n\u00eb nivel t\u00eb ekspert\u00ebve. \/Telegrafi\/<\/p>\n","protected":false},"excerpt":{"rendered":"<p>Kosova dhe Serbia kan\u00eb n\u00ebnshkruar marr\u00ebveshje p\u00ebr normalizim ekonomik n\u00eb Sht\u00ebpin\u00eb e Bardh\u00eb. N\u00eb ceremonin\u00eb e n\u00ebnshkrimit t\u00eb k\u00ebsaj marr\u00ebveshjeje mori pjes\u00eb kryeministri i Kosov\u00ebs, Avdullah Hoti dhe presidenti i Serbis\u00eb, Aleksandar Vu\u00e7iq. Marr\u00ebveshja u n\u00ebnshkrua n\u00eb prani t\u00eb presidentit t\u00eb Shteteve t\u00eb Bashkuara, Donald Trump. Serbia (Beogradi) dhe Kosova [Prishtina] pajtohen q\u00eb t\u00eb ecin [&hellip;]<\/p>\n","protected":false},"author":1,"featured_media":38059,"comment_status":"open","ping_status":"open","sticky":false,"template":"","format":"standard","meta":{"jetpack_post_was_ever_published":false,"_jetpack_newsletter_access":"","_jetpack_dont_email_post_to_subs":false,"_jetpack_newsletter_tier_id":0,"_jetpack_memberships_contains_paywalled_content":false,"_jetpack_memberships_contains_paid_content":false,"footnotes":"","jetpack_publicize_message":"","jetpack_publicize_feature_enabled":true,"jetpack_social_post_already_shared":true,"jetpack_social_options":{"image_generator_settings":{"template":"highway","default_image_id":0,"font":"","enabled":false},"version":2}},"categories":[85,2],"tags":[],"class_list":["post-38058","post","type-post","status-publish","format-standard","has-post-thumbnail","hentry","category-histori","category-politika"],"jetpack_publicize_connections":[],"jetpack_featured_media_url":"https:\/\/i0.wp.com\/www.shqiperia.com\/blog\/wp-content\/uploads\/2020\/09\/vuciq-trump-hoti.jpg?fit=780%2C439&ssl=1","jetpack_sharing_enabled":true,"jetpack_shortlink":"https:\/\/wp.me\/p5Z6wp-9TQ","jetpack-related-posts":[{"id":38789,"url":"https:\/\/www.shqiperia.com\/blog\/vucic-minimizon-shpresat-nuk-jemi-afer-zgjidhjes-politike-me-kosoven\/","url_meta":{"origin":38058,"position":0},"title":"Vu\u00e7i\u00e7 minimizon shpresat: &#8211; Nuk jemi af\u00ebr zgjidhjes politike me Kosov\u00ebn","author":"Kurt Farka","date":"September 22, 2020","format":false,"excerpt":"Vu\u00e7i\u00e7 minimizon shpresat: - Nuk jemi af\u00ebr zgjidhjes politike me Kosov\u00ebn 22 shtator \u00a02020 Presidenti i Serbis\u00eb, Aleksandar Vu\u00e7i\u00e7, i minimizoi shpresat se marr\u00ebveshjet p\u00ebr bashk\u00ebpunim ekonomik me Kosov\u00ebn, t\u00eb nd\u00ebrmjet\u00ebsuara nga Shtetet e Bashkuara, mund t\u00eb \u00e7ojn\u00eb s\u00eb shpejti n\u00eb marr\u00ebveshje politike me Kosov\u00ebn. Kosova dhe Serbia kan\u00eb r\u00ebn\u00eb\u2026","rel":"","context":"In &quot;Blogu i Udh\u00ebtarit&quot;","block_context":{"text":"Blogu i Udh\u00ebtarit","link":"https:\/\/www.shqiperia.com\/blog\/category\/blogu-i-udhetarit\/"},"img":{"alt_text":"","src":"https:\/\/i0.wp.com\/www.shqiperia.com\/blog\/wp-content\/uploads\/2020\/09\/45b1ac2d.gif?fit=1024%2C615&ssl=1&resize=350%2C200","width":350,"height":200,"srcset":"https:\/\/i0.wp.com\/www.shqiperia.com\/blog\/wp-content\/uploads\/2020\/09\/45b1ac2d.gif?fit=1024%2C615&ssl=1&resize=350%2C200 1x, https:\/\/i0.wp.com\/www.shqiperia.com\/blog\/wp-content\/uploads\/2020\/09\/45b1ac2d.gif?fit=1024%2C615&ssl=1&resize=525%2C300 1.5x, https:\/\/i0.wp.com\/www.shqiperia.com\/blog\/wp-content\/uploads\/2020\/09\/45b1ac2d.gif?fit=1024%2C615&ssl=1&resize=700%2C400 2x"},"classes":[]},{"id":38045,"url":"https:\/\/www.shqiperia.com\/blog\/kosova-dhe-serbia-nenshkruajne-marreveshjen-ne-prani-te-trump\/","url_meta":{"origin":38058,"position":1},"title":"Kosova dhe Serbia n\u00ebnshkruajn\u00eb marr\u00ebveshjen n\u00eb prani t\u00eb Trump","author":"Kurt Farka","date":"September 4, 2020","format":false,"excerpt":"Kosova dhe Serbia n\u00ebnshkruajn\u00eb marr\u00ebveshjen n\u00eb prani t\u00eb Trump E Premte 4 SHTATOR 2020 Kosova dhe Serbia kan\u00eb n\u00ebnshkruar sot marr\u00ebveshjen p\u00ebr normalizim ekonomik n\u00eb Sht\u00ebpin\u00eb e Bardh\u00ebm, nd\u00ebrsa marr\u00ebveshja u firmos n\u00eb zyr\u00ebn e Presidentit Donald Trump, ku i pranish\u00ebm ishte edhe ky i fundit. Lajmi e b\u00ebri t\u00eb\u2026","rel":"","context":"In &quot;Blogu i Udh\u00ebtarit&quot;","block_context":{"text":"Blogu i Udh\u00ebtarit","link":"https:\/\/www.shqiperia.com\/blog\/category\/blogu-i-udhetarit\/"},"img":{"alt_text":"","src":"https:\/\/i0.wp.com\/www.shqiperia.com\/blog\/wp-content\/uploads\/2020\/09\/640-0-5f5262b630c87.jpg?fit=640%2C384&ssl=1&resize=350%2C200","width":350,"height":200,"srcset":"https:\/\/i0.wp.com\/www.shqiperia.com\/blog\/wp-content\/uploads\/2020\/09\/640-0-5f5262b630c87.jpg?fit=640%2C384&ssl=1&resize=350%2C200 1x, https:\/\/i0.wp.com\/www.shqiperia.com\/blog\/wp-content\/uploads\/2020\/09\/640-0-5f5262b630c87.jpg?fit=640%2C384&ssl=1&resize=525%2C300 1.5x"},"classes":[]},{"id":70664,"url":"https:\/\/www.shqiperia.com\/blog\/brukseli-vucicit-zbato-marreveshjen-me-kosoven-ose-te-presin-pasoja\/","url_meta":{"origin":38058,"position":2},"title":"Brukseli Vu\u00e7i\u00e7it: &#8211; Zbato marr\u00ebveshjen me Kosov\u00ebn, ose t\u00eb presin pasoja","author":"Kurt Farka","date":"April 11, 2023","format":false,"excerpt":"11 Prill 2023 Bashkimi Evropian \u00ebsht\u00eb duke insistuar q\u00eb Kosova dhe Serbia e kan\u00eb p\u00ebr obligim q\u00eb t\u00eb zbatojn\u00eb t\u00eb gjitha pikat e Marr\u00ebveshjes p\u00ebr normalizim t\u00eb marr\u00ebdh\u00ebnieve, bashk\u00eb me aneksin p\u00ebr t\u00eb, pasi n\u00eb t\u00eb kund\u00ebrt\u00ebn do t\u00eb p\u00ebrballen me pasoja. Pal\u00ebt kan\u00eb arritur pajtueshm\u00ebri p\u00ebr Marr\u00ebveshjen p\u00ebr normalizim\u2026","rel":"","context":"In &quot;Blogu i Udh\u00ebtarit&quot;","block_context":{"text":"Blogu i Udh\u00ebtarit","link":"https:\/\/www.shqiperia.com\/blog\/category\/blogu-i-udhetarit\/"},"img":{"alt_text":"","src":"https:\/\/i0.wp.com\/www.shqiperia.com\/blog\/wp-content\/uploads\/2023\/04\/peter-stano.jpg?fit=640%2C360&ssl=1&resize=350%2C200","width":350,"height":200,"srcset":"https:\/\/i0.wp.com\/www.shqiperia.com\/blog\/wp-content\/uploads\/2023\/04\/peter-stano.jpg?fit=640%2C360&ssl=1&resize=350%2C200 1x, https:\/\/i0.wp.com\/www.shqiperia.com\/blog\/wp-content\/uploads\/2023\/04\/peter-stano.jpg?fit=640%2C360&ssl=1&resize=525%2C300 1.5x"},"classes":[]},{"id":69678,"url":"https:\/\/www.shqiperia.com\/blog\/serbet-dhe-ruset-vellezer-pergjithmone-protesta-ne-beograd-kunder-propozimit-europian-per-marreveshjen-me-kosoven\/","url_meta":{"origin":38058,"position":3},"title":"\u201cSerb\u00ebt dhe rus\u00ebt, v\u00ebllez\u00ebr p\u00ebrgjithmon\u00eb\u201d, protesta n\u00eb Beograd kund\u00ebr propozimit europian p\u00ebr marr\u00ebveshjen me Kosov\u00ebn","author":"Kurt Farka","date":"March 14, 2023","format":false,"excerpt":"14 Mars 2023 N\u00eb Beograd m\u00eb 14 mars u mbajt edhe nj\u00eb protest\u00eb e djathtist\u00ebve serb\u00eb kund\u00ebr propozimit evropian p\u00ebr normalizimin e raporteve midis Kosov\u00ebs dhe Serbis\u00eb. Fol\u00ebsit para protestuesve u prezantuan si student\u00eb nga fakultete t\u00eb ndryshme t\u00eb Universitetit t\u00eb Beogradit dhe than\u00eb se kjo ishte nj\u00eb \u201cprotest\u00eb demokratike\u201d.\u2026","rel":"","context":"In &quot;Blogu i Udh\u00ebtarit&quot;","block_context":{"text":"Blogu i Udh\u00ebtarit","link":"https:\/\/www.shqiperia.com\/blog\/category\/blogu-i-udhetarit\/"},"img":{"alt_text":"","src":"https:\/\/i0.wp.com\/www.shqiperia.com\/blog\/wp-content\/uploads\/2023\/03\/frtjjj.jpg?fit=1065%2C605&ssl=1&resize=350%2C200","width":350,"height":200,"srcset":"https:\/\/i0.wp.com\/www.shqiperia.com\/blog\/wp-content\/uploads\/2023\/03\/frtjjj.jpg?fit=1065%2C605&ssl=1&resize=350%2C200 1x, https:\/\/i0.wp.com\/www.shqiperia.com\/blog\/wp-content\/uploads\/2023\/03\/frtjjj.jpg?fit=1065%2C605&ssl=1&resize=525%2C300 1.5x, https:\/\/i0.wp.com\/www.shqiperia.com\/blog\/wp-content\/uploads\/2023\/03\/frtjjj.jpg?fit=1065%2C605&ssl=1&resize=700%2C400 2x, https:\/\/i0.wp.com\/www.shqiperia.com\/blog\/wp-content\/uploads\/2023\/03\/frtjjj.jpg?fit=1065%2C605&ssl=1&resize=1050%2C600 3x"},"classes":[]},{"id":35857,"url":"https:\/\/www.shqiperia.com\/blog\/marreveshja-me-18-pika-tek-trump-kosova-merr-7-miliarde-euro-vizat-dhe-nuk-humb-territor-serbia-njeh-kosoven-dhe\/","url_meta":{"origin":38058,"position":4},"title":"Marr\u00ebveshja me 18 pika tek Trump\/ Kosova merr 7 miliard\u00eb euro, vizat dhe nuk humb territor. Serbia njeh Kosov\u00ebn dhe\u2026.","author":"Kurt Farka","date":"June 19, 2020","format":false,"excerpt":"Marr\u00ebveshja me 18 pika tek Trump\/ Kosova merr 7 miliard\u00eb euro, vizat dhe nuk humb territor. Serbia njeh Kosov\u00ebn dhe\u2026. 19 Qershor 2020 | 14 : 57 Edhe pse do t\u00eb hyjn\u00eb duar bosh, lider\u00ebt e Kosov\u00ebs dhe Serbis\u00eb mund t\u00eb dalin nga \u201cbisedimet e paqes\u201d n\u00eb Sht\u00ebpin\u00eb e Bardh\u00eb,\u2026","rel":"","context":"In &quot;Blogu i Udh\u00ebtarit&quot;","block_context":{"text":"Blogu i Udh\u00ebtarit","link":"https:\/\/www.shqiperia.com\/blog\/category\/blogu-i-udhetarit\/"},"img":{"alt_text":"","src":"https:\/\/i0.wp.com\/www.shqiperia.com\/blog\/wp-content\/uploads\/2020\/06\/shtepia-e-bardhe.jpg?fit=900%2C473&ssl=1&resize=350%2C200","width":350,"height":200,"srcset":"https:\/\/i0.wp.com\/www.shqiperia.com\/blog\/wp-content\/uploads\/2020\/06\/shtepia-e-bardhe.jpg?fit=900%2C473&ssl=1&resize=350%2C200 1x, https:\/\/i0.wp.com\/www.shqiperia.com\/blog\/wp-content\/uploads\/2020\/06\/shtepia-e-bardhe.jpg?fit=900%2C473&ssl=1&resize=525%2C300 1.5x, https:\/\/i0.wp.com\/www.shqiperia.com\/blog\/wp-content\/uploads\/2020\/06\/shtepia-e-bardhe.jpg?fit=900%2C473&ssl=1&resize=700%2C400 2x"},"classes":[]},{"id":54010,"url":"https:\/\/www.shqiperia.com\/blog\/nuk-rrime-duarkryq-nese-kerkojne-njohje-beteje-e-re-diplomatike-kosove-serbi-ska-me-moratorium\/","url_meta":{"origin":38058,"position":5},"title":"Nuk rrim\u00eb duarkryq n\u00ebse k\u00ebrkojn\u00eb njohje. &#8211; \u00a0Betej\u00eb e re diplomatike Kosov\u00eb -Serbi: S\u2019ka m\u00eb moratorium","author":"Kurt Farka","date":"February 15, 2022","format":false,"excerpt":"Nuk rrim\u00eb duarkryq n\u00ebse k\u00ebrkojn\u00eb njohje. - \u00a0Betej\u00eb e re diplomatike Kosov\u00eb -Serbi: S\u2019ka m\u00eb moratorium 15 SHKURT 2022 Pas skadimit t\u00eb moratoriumit, ka nisur nj\u00eb betej\u00eb e re diplomatike mes Kosov\u00ebs dhe Serbis\u00eb, me k\u00ebt\u00eb t\u00eb fundit q\u00eb k\u00ebrc\u00ebnon me veprime n\u00eb rast se Kosova do t\u00eb siguroj\u00eb njohje\u2026","rel":"","context":"In &quot;Blogu i Udh\u00ebtarit&quot;","block_context":{"text":"Blogu i Udh\u00ebtarit","link":"https:\/\/www.shqiperia.com\/blog\/category\/blogu-i-udhetarit\/"},"img":{"alt_text":"","src":"https:\/\/i0.wp.com\/www.shqiperia.com\/blog\/wp-content\/uploads\/2022\/02\/800-0-620b94aab5b91.png?fit=800%2C463&ssl=1&resize=350%2C200","width":350,"height":200,"srcset":"https:\/\/i0.wp.com\/www.shqiperia.com\/blog\/wp-content\/uploads\/2022\/02\/800-0-620b94aab5b91.png?fit=800%2C463&ssl=1&resize=350%2C200 1x, https:\/\/i0.wp.com\/www.shqiperia.com\/blog\/wp-content\/uploads\/2022\/02\/800-0-620b94aab5b91.png?fit=800%2C463&ssl=1&resize=525%2C300 1.5x, https:\/\/i0.wp.com\/www.shqiperia.com\/blog\/wp-content\/uploads\/2022\/02\/800-0-620b94aab5b91.png?fit=800%2C463&ssl=1&resize=700%2C400 2x"},"classes":[]}],"_links":{"self":[{"href":"https:\/\/www.shqiperia.com\/blog\/wp-json\/wp\/v2\/posts\/38058","targetHints":{"allow":["GET"]}}],"collection":[{"href":"https:\/\/www.shqiperia.com\/blog\/wp-json\/wp\/v2\/posts"}],"about":[{"href":"https:\/\/www.shqiperia.com\/blog\/wp-json\/wp\/v2\/types\/post"}],"author":[{"embeddable":true,"href":"https:\/\/www.shqiperia.com\/blog\/wp-json\/wp\/v2\/users\/1"}],"replies":[{"embeddable":true,"href":"https:\/\/www.shqiperia.com\/blog\/wp-json\/wp\/v2\/comments?post=38058"}],"version-history":[{"count":1,"href":"https:\/\/www.shqiperia.com\/blog\/wp-json\/wp\/v2\/posts\/38058\/revisions"}],"predecessor-version":[{"id":38060,"href":"https:\/\/www.shqiperia.com\/blog\/wp-json\/wp\/v2\/posts\/38058\/revisions\/38060"}],"wp:featuredmedia":[{"embeddable":true,"href":"https:\/\/www.shqiperia.com\/blog\/wp-json\/wp\/v2\/media\/38059"}],"wp:attachment":[{"href":"https:\/\/www.shqiperia.com\/blog\/wp-json\/wp\/v2\/media?parent=38058"}],"wp:term":[{"taxonomy":"category","embeddable":true,"href":"https:\/\/www.shqiperia.com\/blog\/wp-json\/wp\/v2\/categories?post=38058"},{"taxonomy":"post_tag","embeddable":true,"href":"https:\/\/www.shqiperia.com\/blog\/wp-json\/wp\/v2\/tags?post=38058"}],"curies":[{"name":"wp","href":"https:\/\/api.w.org\/{rel}","templated":true}]}}