{"id":38054,"date":"2020-09-04T19:17:41","date_gmt":"2020-09-04T19:17:41","guid":{"rendered":"https:\/\/www.shqiperia.com\/blog\/?p=38054"},"modified":"2020-09-04T19:17:41","modified_gmt":"2020-09-04T19:17:41","slug":"nenshkrimi-i-marreveshjes-historike-spartak-ngjela-jep-mesazhin-e-fuqishem-ju-tregoj-se-cfare-pritet-te-ndodhe-ne-vijim","status":"publish","type":"post","link":"https:\/\/www.shqiperia.com\/blog\/nenshkrimi-i-marreveshjes-historike-spartak-ngjela-jep-mesazhin-e-fuqishem-ju-tregoj-se-cfare-pritet-te-ndodhe-ne-vijim\/","title":{"rendered":"N\u00ebnshkrimi i marr\u00ebveshjes historike, Spartak Ngjela jep mesazhin e fuqish\u00ebm: Ju tregoj se \u00e7far\u00eb pritet t\u00eb ndodh\u00eb n\u00eb vijim"},"content":{"rendered":"<p><img data-recalc-dims=\"1\" loading=\"lazy\" decoding=\"async\" data-attachment-id=\"38055\" data-permalink=\"https:\/\/www.shqiperia.com\/blog\/nenshkrimi-i-marreveshjes-historike-spartak-ngjela-jep-mesazhin-e-fuqishem-ju-tregoj-se-cfare-pritet-te-ndodhe-ne-vijim\/800-0-5f5291696ad87\/\" data-orig-file=\"https:\/\/i0.wp.com\/www.shqiperia.com\/blog\/wp-content\/uploads\/2020\/09\/800-0-5f5291696ad87.jpg?fit=800%2C450&amp;ssl=1\" data-orig-size=\"800,450\" data-comments-opened=\"1\" data-image-meta=\"{&quot;aperture&quot;:&quot;0&quot;,&quot;credit&quot;:&quot;&quot;,&quot;camera&quot;:&quot;&quot;,&quot;caption&quot;:&quot;&quot;,&quot;created_timestamp&quot;:&quot;0&quot;,&quot;copyright&quot;:&quot;&quot;,&quot;focal_length&quot;:&quot;0&quot;,&quot;iso&quot;:&quot;0&quot;,&quot;shutter_speed&quot;:&quot;0&quot;,&quot;title&quot;:&quot;&quot;,&quot;orientation&quot;:&quot;0&quot;}\" data-image-title=\"-800-0-5f5291696ad87\" data-image-description=\"\" data-image-caption=\"\" data-medium-file=\"https:\/\/i0.wp.com\/www.shqiperia.com\/blog\/wp-content\/uploads\/2020\/09\/800-0-5f5291696ad87.jpg?fit=300%2C169&amp;ssl=1\" data-large-file=\"https:\/\/i0.wp.com\/www.shqiperia.com\/blog\/wp-content\/uploads\/2020\/09\/800-0-5f5291696ad87.jpg?fit=800%2C450&amp;ssl=1\" class=\"alignnone  wp-image-38055\" alt=\"\" src=\"https:\/\/i0.wp.com\/www.shqiperia.com\/blog\/wp-content\/uploads\/2020\/09\/800-0-5f5291696ad87.jpg?resize=478%2C269&#038;ssl=1\" width=\"478\" height=\"269\" srcset=\"https:\/\/i0.wp.com\/www.shqiperia.com\/blog\/wp-content\/uploads\/2020\/09\/800-0-5f5291696ad87.jpg?resize=300%2C169&amp;ssl=1 300w, https:\/\/i0.wp.com\/www.shqiperia.com\/blog\/wp-content\/uploads\/2020\/09\/800-0-5f5291696ad87.jpg?resize=768%2C432&amp;ssl=1 768w, https:\/\/i0.wp.com\/www.shqiperia.com\/blog\/wp-content\/uploads\/2020\/09\/800-0-5f5291696ad87.jpg?resize=450%2C253&amp;ssl=1 450w, https:\/\/i0.wp.com\/www.shqiperia.com\/blog\/wp-content\/uploads\/2020\/09\/800-0-5f5291696ad87.jpg?resize=600%2C338&amp;ssl=1 600w, https:\/\/i0.wp.com\/www.shqiperia.com\/blog\/wp-content\/uploads\/2020\/09\/800-0-5f5291696ad87.jpg?resize=400%2C225&amp;ssl=1 400w, https:\/\/i0.wp.com\/www.shqiperia.com\/blog\/wp-content\/uploads\/2020\/09\/800-0-5f5291696ad87.jpg?w=800&amp;ssl=1 800w\" sizes=\"auto, (max-width: 478px) 100vw, 478px\" \/><\/p>\n<p>N\u00ebnshkrimi i marr\u00ebveshjes historike, Spartak Ngjela jep mesazhin e fuqish\u00ebm: Ju tregoj se \u00e7far\u00eb pritet t\u00eb ndodh\u00eb n\u00eb vijim<\/p>\n<p>4 shtator 2020<\/p>\n<p>Avokati Spartak Ngjela ka p\u00ebrsh\u00ebndetur marr\u00ebveshjen e arritur mes Kosov\u00ebs dhe Serbis\u00eb n\u00eb Sht\u00ebpin\u00eb e Bardh\u00eb.<\/p>\n<p>Sipas tij kjo marr\u00ebveshje \u00ebsht\u00eb nj\u00eb hap p\u00ebrpara drejt prestigjit nd\u00ebrkomb\u00ebtar t\u00eb Kosov\u00ebs dhe t\u00eb t\u00eb gjith\u00eb bot\u00ebs shqiptare n\u00eb Ballkanin Per\u00ebndimor.<\/p>\n<p>Reagimi i Ngjel\u00ebs<\/p>\n<p>Marr\u00ebveshja e Uashingtonit, ipso jure, \u00ebsht\u00eb njohja e Kosov\u00ebs si shtet i pavarur nga Serbia<\/p>\n<p>Kjo marr\u00ebveshje \u00ebsht\u00eb nj\u00eb hap p\u00ebrpara drejt prestigjit nd\u00ebrkomb\u00ebtar t\u00eb Kosov\u00ebs dhe t\u00eb t\u00eb gjith\u00eb bot\u00ebs shqiptare n\u00eb Ballkanin Per\u00ebndimor.<br \/>\nNdon\u00ebse vet\u00ebm nj\u00eb marr\u00ebveshje ekonomike, n\u00eb thelb, kjo \u00ebsht\u00eb fillimi racional i njohjes reciproke mes dy vendeve t\u00eb pavarura. Pse?<br \/>\nSepse, fakti q\u00eb kemi nj\u00eb marr\u00ebveshje midis dy shteteve, si\u00e7 e theksuam, Serbia, ipso jure, ka njohur Kosov\u00ebn.<br \/>\nPse?<br \/>\nSepse, po t\u00eb vijonte Kosova t\u00eb konsiderohej si provinc\u00eb n\u00eb struktur\u00ebn juridike t\u00eb shtetit t\u00eb Serbis\u00eb, pse duhej firmosur marr\u00ebveshja nga presidenti i Serbis\u00eb me nj\u00eb kryeminist\u00ebr fiktiv t\u00eb provinc\u00ebs s\u00eb vet?<br \/>\nEdhe m\u00eb tej:<br \/>\nFakti q\u00eb kjo \u00ebsht\u00eb nj\u00eb marr\u00ebveshje bilaterale e firmisur n\u00eb prezenc\u00eb t\u00eb presidenti t\u00eb Shteteve t\u00eb Bashkura t\u00eb Amerik\u00ebs, kuptohet se, prezenca juridikisht, me firm\u00eb, e superfuqis\u00eb, garanton nd\u00ebrkombtarisht pavar\u00ebsin\u00eb e t\u00eb dy shteteve, deri tani n\u00eb gjendje lufte.<br \/>\nMarr\u00ebveshja e sotme, shfuqizon gjendjen e luft\u00ebs: ky \u00ebsht\u00eb thelbi i saj.<br \/>\nPrandaj:<br \/>\nI gjith\u00eb ky proces juridik, si marr\u00ebveshje ekonomike, n\u00eb thelbin e vet, \u00ebsht\u00eb marr\u00ebveshje bilaterale p\u00ebr njohje reciproke.<\/p>\n<p>Gazeta Sot<\/p>\n","protected":false},"excerpt":{"rendered":"<p>N\u00ebnshkrimi i marr\u00ebveshjes historike, Spartak Ngjela jep mesazhin e fuqish\u00ebm: Ju tregoj se \u00e7far\u00eb pritet t\u00eb ndodh\u00eb n\u00eb vijim 4 shtator 2020 Avokati Spartak Ngjela ka p\u00ebrsh\u00ebndetur marr\u00ebveshjen e arritur mes Kosov\u00ebs dhe Serbis\u00eb n\u00eb Sht\u00ebpin\u00eb e Bardh\u00eb. Sipas tij kjo marr\u00ebveshje \u00ebsht\u00eb nj\u00eb hap p\u00ebrpara drejt prestigjit nd\u00ebrkomb\u00ebtar t\u00eb Kosov\u00ebs dhe t\u00eb t\u00eb gjith\u00eb [&hellip;]<\/p>\n","protected":false},"author":9,"featured_media":38055,"comment_status":"open","ping_status":"open","sticky":false,"template":"","format":"standard","meta":{"jetpack_post_was_ever_published":false,"_jetpack_newsletter_access":"","_jetpack_dont_email_post_to_subs":false,"_jetpack_newsletter_tier_id":0,"_jetpack_memberships_contains_paywalled_content":false,"_jetpack_memberships_contains_paid_content":false,"footnotes":"","jetpack_publicize_message":"","jetpack_publicize_feature_enabled":true,"jetpack_social_post_already_shared":true,"jetpack_social_options":{"image_generator_settings":{"template":"highway","default_image_id":0,"font":"","enabled":false},"version":2}},"categories":[27],"tags":[],"class_list":["post-38054","post","type-post","status-publish","format-standard","has-post-thumbnail","hentry","category-blogu-i-udhetarit"],"jetpack_publicize_connections":[],"jetpack_featured_media_url":"https:\/\/i0.wp.com\/www.shqiperia.com\/blog\/wp-content\/uploads\/2020\/09\/800-0-5f5291696ad87.jpg?fit=800%2C450&ssl=1","jetpack_sharing_enabled":true,"jetpack_shortlink":"https:\/\/wp.me\/p5Z6wp-9TM","jetpack-related-posts":[{"id":50196,"url":"https:\/\/www.shqiperia.com\/blog\/spartak-ngjela-paralajmeron-zhvillime-bombe-presidenti-drejt-doreheqjes-ju-tregoj-se-cfare-e-pret-ramen\/","url_meta":{"origin":38054,"position":0},"title":"Spartak Ngjela paralajm\u00ebron zhvillime \u201cbomb\u00eb\u201d: Presidenti drejt dor\u00ebheqjes! Ju tregoj se \u00e7far\u00eb e pret Ram\u00ebn","author":"Kurt Farka","date":"September 30, 2021","format":false,"excerpt":"Spartak Ngjela paralajm\u00ebron zhvillime \u201cbomb\u00eb\u201d: Presidenti drejt dor\u00ebheqjes! Ju tregoj se \u00e7far\u00eb e pret Ram\u00ebn 29 SHTATOR 2021 Avokati i njohur Spartak Ngjela ka komentuar zhvillimet e fundit poliike. Duke folur p\u00ebr lajmet se gjendja sh\u00ebndet\u00ebsore e Presidentit Vu\u00e7i\u00e7 nuk \u00ebsht\u00eb e mir\u00eb, Ngjela shkruan se ai \u00ebsht\u00eb i humbur.\u2026","rel":"","context":"In &quot;Blogu i Udh\u00ebtarit&quot;","block_context":{"text":"Blogu i Udh\u00ebtarit","link":"https:\/\/www.shqiperia.com\/blog\/category\/blogu-i-udhetarit\/"},"img":{"alt_text":"","src":"https:\/\/i0.wp.com\/www.shqiperia.com\/blog\/wp-content\/uploads\/2021\/09\/800-0-615440f1d3c6f-1.jpg?fit=800%2C492&ssl=1&resize=350%2C200","width":350,"height":200,"srcset":"https:\/\/i0.wp.com\/www.shqiperia.com\/blog\/wp-content\/uploads\/2021\/09\/800-0-615440f1d3c6f-1.jpg?fit=800%2C492&ssl=1&resize=350%2C200 1x, https:\/\/i0.wp.com\/www.shqiperia.com\/blog\/wp-content\/uploads\/2021\/09\/800-0-615440f1d3c6f-1.jpg?fit=800%2C492&ssl=1&resize=525%2C300 1.5x, https:\/\/i0.wp.com\/www.shqiperia.com\/blog\/wp-content\/uploads\/2021\/09\/800-0-615440f1d3c6f-1.jpg?fit=800%2C492&ssl=1&resize=700%2C400 2x"},"classes":[]},{"id":61273,"url":"https:\/\/www.shqiperia.com\/blog\/spartak-ngjela-dobesimi-integral-i-serbise-do-te-sjelle-shperberjen-e-saj\/","url_meta":{"origin":38054,"position":1},"title":"Spartak Ngjela: &#8211; Dob\u00ebsimi integral i Serbis\u00eb do t\u00eb sjell\u00eb shp\u00ebrb\u00ebrjen e saj.\u00a0","author":"Kurt Farka","date":"August 17, 2022","format":false,"excerpt":"17 Gusht 2022 Avokati dhe ish ministri Spartak Ngjela, me an\u00eb t\u00eb nj\u00eb postimi n\u00eb rrjetin e tij social \u2018Facebook\u2019 ka shkruar n\u00eb lidhje me situat\u00ebn e Kosov\u00ebs dhe Serbis\u00eb. Ngjela thot\u00eb se ka ardhur koha e ringritjes arb\u00ebrore t\u00eb Shqip\u00ebris\u00eb, pasi Serbia, sipas tij po shp\u00ebrb\u00ebhet. \u201cA do t\u00eb\u2026","rel":"","context":"In &quot;Blogu i Udh\u00ebtarit&quot;","block_context":{"text":"Blogu i Udh\u00ebtarit","link":"https:\/\/www.shqiperia.com\/blog\/category\/blogu-i-udhetarit\/"},"img":{"alt_text":"","src":"https:\/\/i0.wp.com\/www.shqiperia.com\/blog\/wp-content\/uploads\/2022\/08\/Spartak-Ngjela.jpg?fit=687%2C373&ssl=1&resize=350%2C200","width":350,"height":200,"srcset":"https:\/\/i0.wp.com\/www.shqiperia.com\/blog\/wp-content\/uploads\/2022\/08\/Spartak-Ngjela.jpg?fit=687%2C373&ssl=1&resize=350%2C200 1x, https:\/\/i0.wp.com\/www.shqiperia.com\/blog\/wp-content\/uploads\/2022\/08\/Spartak-Ngjela.jpg?fit=687%2C373&ssl=1&resize=525%2C300 1.5x"},"classes":[]},{"id":51080,"url":"https:\/\/www.shqiperia.com\/blog\/po-pergatitet-lufte-e-re-ne-ballkan-spartak-ngjela-flet-per-deklaraten-e-bujshme-te-janusz-bugajskit-ju-tregoj-se-cfare-do-te-ndodhe-me-shqiperine-dhe-kosoven-ne-vijim\/","url_meta":{"origin":38054,"position":2},"title":"\u201cPo p\u00ebrgatitet luft\u00eb e re n\u00eb Ballkan!\u201d. &#8211; Spartak Ngjela flet p\u00ebr deklarat\u00ebn e bujshme t\u00eb Janusz Bugajskit: Ju tregoj se \u00e7far\u00eb do t\u00eb ndodh\u00eb me Shqip\u00ebrin\u00eb dhe Kosov\u00ebn n\u00eb vijim","author":"Kurt Farka","date":"November 4, 2021","format":false,"excerpt":"\u201cPo p\u00ebrgatitet luft\u00eb e re n\u00eb Ballkan!\u201d. - Spartak Ngjela flet p\u00ebr deklarat\u00ebn e bujshme t\u00eb Janusz Bugajskit: Ju tregoj se \u00e7far\u00eb do t\u00eb ndodh\u00eb me Shqip\u00ebrin\u00eb dhe Kosov\u00ebn n\u00eb vijim 4 N\u00cbNTOR 2021 Avokati i njohur Spartak Ngjela ka folur p\u00ebr analiz\u00ebn e Janusz Bugajski, nj\u00eb prej njoh\u00ebsve m\u00eb\u2026","rel":"","context":"In &quot;Blogu i Udh\u00ebtarit&quot;","block_context":{"text":"Blogu i Udh\u00ebtarit","link":"https:\/\/www.shqiperia.com\/blog\/category\/blogu-i-udhetarit\/"},"img":{"alt_text":"","src":"https:\/\/i0.wp.com\/www.shqiperia.com\/blog\/wp-content\/uploads\/2021\/11\/243702711_410346080446500_4234148930051309153_n.jpg?fit=1024%2C671&ssl=1&resize=350%2C200","width":350,"height":200,"srcset":"https:\/\/i0.wp.com\/www.shqiperia.com\/blog\/wp-content\/uploads\/2021\/11\/243702711_410346080446500_4234148930051309153_n.jpg?fit=1024%2C671&ssl=1&resize=350%2C200 1x, https:\/\/i0.wp.com\/www.shqiperia.com\/blog\/wp-content\/uploads\/2021\/11\/243702711_410346080446500_4234148930051309153_n.jpg?fit=1024%2C671&ssl=1&resize=525%2C300 1.5x, https:\/\/i0.wp.com\/www.shqiperia.com\/blog\/wp-content\/uploads\/2021\/11\/243702711_410346080446500_4234148930051309153_n.jpg?fit=1024%2C671&ssl=1&resize=700%2C400 2x"},"classes":[]},{"id":42766,"url":"https:\/\/www.shqiperia.com\/blog\/spartak-ngjela-paralajmeron-kthesen-e-madhe-ne-politiken-shqiptare-ju-tregoj-se-cfare-do-te-ndodhe-me-yuri-kim-ja-nderhyrja-qe-do-te-vije-nga-fbi-dhe-cia\/","url_meta":{"origin":38054,"position":3},"title":"Spartak Ngjela paralajm\u00ebron kthes\u00ebn e madhe n\u00eb politik\u00ebn shqiptare: Ju tregoj se \u00e7far\u00eb do t\u00eb ndodh\u00eb me \u00a0Yuri Kim! Ja nd\u00ebrhyrja q\u00eb do t\u00eb vij\u00eb nga FBI dhe CIA","author":"Kurt Farka","date":"January 9, 2021","format":false,"excerpt":"Spartak Ngjela paralajm\u00ebron kthes\u00ebn e madhe n\u00eb politik\u00ebn shqiptare: Ju tregoj se \u00e7far\u00eb do t\u00eb ndodh\u00eb me \u00a0Yuri Kim! Ja nd\u00ebrhyrja q\u00eb do t\u00eb vij\u00eb nga FBI dhe CIA 9 JANAR 2021 Avokati i njohur Spartak Ngjela \u00ebsht\u00eb i bindur se demokrati Joe Biden, i cili ka fituar zgjedhjet presidenciale\u2026","rel":"","context":"In &quot;Blogu i Udh\u00ebtarit&quot;","block_context":{"text":"Blogu i Udh\u00ebtarit","link":"https:\/\/www.shqiperia.com\/blog\/category\/blogu-i-udhetarit\/"},"img":{"alt_text":"","src":"https:\/\/i0.wp.com\/www.shqiperia.com\/blog\/wp-content\/uploads\/2021\/01\/800-0-5ff9e4069cbcd.jpg?fit=554%2C312&ssl=1&resize=350%2C200","width":350,"height":200,"srcset":"https:\/\/i0.wp.com\/www.shqiperia.com\/blog\/wp-content\/uploads\/2021\/01\/800-0-5ff9e4069cbcd.jpg?fit=554%2C312&ssl=1&resize=350%2C200 1x, https:\/\/i0.wp.com\/www.shqiperia.com\/blog\/wp-content\/uploads\/2021\/01\/800-0-5ff9e4069cbcd.jpg?fit=554%2C312&ssl=1&resize=525%2C300 1.5x"},"classes":[]},{"id":50163,"url":"https:\/\/www.shqiperia.com\/blog\/shperthen-spartak-ngjela-dhe-nuk-le-gje-pa-nxjerre-rama-ka-shkelur-ne-derrase-te-kalbur-e-keni-pare-sa-i-trembur-eshte\/","url_meta":{"origin":38054,"position":4},"title":"Shp\u00ebrthen Spartak Ngjela dhe nuk l\u00eb gj\u00eb pa nxjerr\u00eb: &#8211; Rama ka shkelur n\u00eb d\u00ebrras\u00eb t\u00eb kalbur! &#8211; \u201cE keni par\u00eb sa i trembur \u00ebsht\u00eb?\u201d","author":"Kurt Farka","date":"September 28, 2021","format":false,"excerpt":"Shp\u00ebrthen Spartak Ngjela dhe nuk l\u00eb gj\u00eb pa nxjerr\u00eb: - Rama ka shkelur n\u00eb d\u00ebrras\u00eb t\u00eb kalbur! - \u201cE keni par\u00eb sa i trembur \u00ebsht\u00eb?\u201d 28 SHTATOR 2021 Avokat Spartak Ngjela komentoi mbr\u00ebmjen\u00a0 e djeshme n\u00eb emisionin \u2018Spotlight\u2019 vizit\u00ebn e kryeministrit Rama n\u00eb Kosov\u00eb dhe faktin q\u00eb nuk takoi Presidenten\u2026","rel":"","context":"In &quot;Blogu i Udh\u00ebtarit&quot;","block_context":{"text":"Blogu i Udh\u00ebtarit","link":"https:\/\/www.shqiperia.com\/blog\/category\/blogu-i-udhetarit\/"},"img":{"alt_text":"","src":"https:\/\/i0.wp.com\/www.shqiperia.com\/blog\/wp-content\/uploads\/2021\/09\/800-0-6152cf896deb3.jpg?fit=800%2C400&ssl=1&resize=350%2C200","width":350,"height":200,"srcset":"https:\/\/i0.wp.com\/www.shqiperia.com\/blog\/wp-content\/uploads\/2021\/09\/800-0-6152cf896deb3.jpg?fit=800%2C400&ssl=1&resize=350%2C200 1x, https:\/\/i0.wp.com\/www.shqiperia.com\/blog\/wp-content\/uploads\/2021\/09\/800-0-6152cf896deb3.jpg?fit=800%2C400&ssl=1&resize=525%2C300 1.5x, https:\/\/i0.wp.com\/www.shqiperia.com\/blog\/wp-content\/uploads\/2021\/09\/800-0-6152cf896deb3.jpg?fit=800%2C400&ssl=1&resize=700%2C400 2x"},"classes":[]},{"id":37769,"url":"https:\/\/www.shqiperia.com\/blog\/greqia-kerkon-zgjerim-kufiri-drejt-detit-jon-spartak-ngjela-zbulon-cfare-pritet-te-ndodhe-dhe-leshon-deklaraten-bombe-kjo-eshte-marreveshje-e-rames-dhe-ka-kete-qellim\/","url_meta":{"origin":38054,"position":5},"title":"Greqia k\u00ebrkon zgjerim kufiri drejt detit Jon, Spartak Ngjela zbulon \u00e7far\u00eb pritet t\u00eb ndodh\u00eb dhe l\u00ebshon deklarat\u00ebn \u2018bomb\u00eb\u2019: Kjo \u00ebsht\u00eb marr\u00ebveshje e Ram\u00ebs dhe ka k\u00ebt\u00eb q\u00ebllim!","author":"Kurt Farka","date":"August 28, 2020","format":false,"excerpt":"Greqia k\u00ebrkon zgjerim kufiri drejt detit Jon, Spartak Ngjela zbulon \u00e7far\u00eb pritet t\u00eb ndodh\u00eb dhe l\u00ebshon deklarat\u00ebn \u2018bomb\u00eb\u2019: Kjo \u00ebsht\u00eb marr\u00ebveshje e Ram\u00ebs dhe ka k\u00ebt\u00eb q\u00ebllim! 28 GUSHT 2020 Avokati Spartak Ngjela ka b\u00ebr\u00eb nj\u00eb reagim t\u00eb fort\u00eb lidhur me \u00e7\u00ebshtjen e \u2018nxeht\u00eb\u2019 t\u00eb kufirit detar me Greqin\u00eb. Ngjela\u2026","rel":"","context":"In &quot;Blogu i Udh\u00ebtarit&quot;","block_context":{"text":"Blogu i Udh\u00ebtarit","link":"https:\/\/www.shqiperia.com\/blog\/category\/blogu-i-udhetarit\/"},"img":{"alt_text":"","src":"https:\/\/i0.wp.com\/www.shqiperia.com\/blog\/wp-content\/uploads\/2020\/08\/spartak-ngjela-mirela-milori.jpg?fit=1173%2C600&ssl=1&resize=350%2C200","width":350,"height":200,"srcset":"https:\/\/i0.wp.com\/www.shqiperia.com\/blog\/wp-content\/uploads\/2020\/08\/spartak-ngjela-mirela-milori.jpg?fit=1173%2C600&ssl=1&resize=350%2C200 1x, https:\/\/i0.wp.com\/www.shqiperia.com\/blog\/wp-content\/uploads\/2020\/08\/spartak-ngjela-mirela-milori.jpg?fit=1173%2C600&ssl=1&resize=525%2C300 1.5x, https:\/\/i0.wp.com\/www.shqiperia.com\/blog\/wp-content\/uploads\/2020\/08\/spartak-ngjela-mirela-milori.jpg?fit=1173%2C600&ssl=1&resize=700%2C400 2x, https:\/\/i0.wp.com\/www.shqiperia.com\/blog\/wp-content\/uploads\/2020\/08\/spartak-ngjela-mirela-milori.jpg?fit=1173%2C600&ssl=1&resize=1050%2C600 3x"},"classes":[]}],"_links":{"self":[{"href":"https:\/\/www.shqiperia.com\/blog\/wp-json\/wp\/v2\/posts\/38054","targetHints":{"allow":["GET"]}}],"collection":[{"href":"https:\/\/www.shqiperia.com\/blog\/wp-json\/wp\/v2\/posts"}],"about":[{"href":"https:\/\/www.shqiperia.com\/blog\/wp-json\/wp\/v2\/types\/post"}],"author":[{"embeddable":true,"href":"https:\/\/www.shqiperia.com\/blog\/wp-json\/wp\/v2\/users\/9"}],"replies":[{"embeddable":true,"href":"https:\/\/www.shqiperia.com\/blog\/wp-json\/wp\/v2\/comments?post=38054"}],"version-history":[{"count":1,"href":"https:\/\/www.shqiperia.com\/blog\/wp-json\/wp\/v2\/posts\/38054\/revisions"}],"predecessor-version":[{"id":38056,"href":"https:\/\/www.shqiperia.com\/blog\/wp-json\/wp\/v2\/posts\/38054\/revisions\/38056"}],"wp:featuredmedia":[{"embeddable":true,"href":"https:\/\/www.shqiperia.com\/blog\/wp-json\/wp\/v2\/media\/38055"}],"wp:attachment":[{"href":"https:\/\/www.shqiperia.com\/blog\/wp-json\/wp\/v2\/media?parent=38054"}],"wp:term":[{"taxonomy":"category","embeddable":true,"href":"https:\/\/www.shqiperia.com\/blog\/wp-json\/wp\/v2\/categories?post=38054"},{"taxonomy":"post_tag","embeddable":true,"href":"https:\/\/www.shqiperia.com\/blog\/wp-json\/wp\/v2\/tags?post=38054"}],"curies":[{"name":"wp","href":"https:\/\/api.w.org\/{rel}","templated":true}]}}