{"id":38051,"date":"2020-09-04T18:51:51","date_gmt":"2020-09-04T18:51:51","guid":{"rendered":"https:\/\/www.shqiperia.com\/blog\/?p=38051"},"modified":"2020-09-04T18:51:51","modified_gmt":"2020-09-04T18:51:51","slug":"serbet-te-qendrojne-te-qete-nuk-ka-njohje-te-ndersjellte-kjo-eshte-nje-marreveshje-e-mire-per-serbine","status":"publish","type":"post","link":"https:\/\/www.shqiperia.com\/blog\/serbet-te-qendrojne-te-qete-nuk-ka-njohje-te-ndersjellte-kjo-eshte-nje-marreveshje-e-mire-per-serbine\/","title":{"rendered":"\u201cSerb\u00ebt t\u00eb q\u00ebndrojn\u00eb t\u00eb qet\u00eb, nuk ka njohje t\u00eb nd\u00ebrsjellt\u00eb\u201d- Kjo \u00ebsht\u00eb nj\u00eb marr\u00ebveshje e mir\u00eb p\u00ebr Serbin\u00eb \u2026"},"content":{"rendered":"<p><img data-recalc-dims=\"1\" loading=\"lazy\" decoding=\"async\" data-attachment-id=\"38052\" data-permalink=\"https:\/\/www.shqiperia.com\/blog\/serbet-te-qendrojne-te-qete-nuk-ka-njohje-te-ndersjellte-kjo-eshte-nje-marreveshje-e-mire-per-serbine\/vucic-3\/\" data-orig-file=\"https:\/\/i0.wp.com\/www.shqiperia.com\/blog\/wp-content\/uploads\/2020\/09\/vucic.jpg?fit=1023%2C575&amp;ssl=1\" data-orig-size=\"1023,575\" data-comments-opened=\"1\" data-image-meta=\"{&quot;aperture&quot;:&quot;0&quot;,&quot;credit&quot;:&quot;&quot;,&quot;camera&quot;:&quot;&quot;,&quot;caption&quot;:&quot;&quot;,&quot;created_timestamp&quot;:&quot;0&quot;,&quot;copyright&quot;:&quot;&quot;,&quot;focal_length&quot;:&quot;0&quot;,&quot;iso&quot;:&quot;0&quot;,&quot;shutter_speed&quot;:&quot;0&quot;,&quot;title&quot;:&quot;&quot;,&quot;orientation&quot;:&quot;0&quot;}\" data-image-title=\"vucic\" data-image-description=\"\" data-image-caption=\"\" data-medium-file=\"https:\/\/i0.wp.com\/www.shqiperia.com\/blog\/wp-content\/uploads\/2020\/09\/vucic.jpg?fit=300%2C169&amp;ssl=1\" data-large-file=\"https:\/\/i0.wp.com\/www.shqiperia.com\/blog\/wp-content\/uploads\/2020\/09\/vucic.jpg?fit=1023%2C575&amp;ssl=1\" class=\"alignnone  wp-image-38052\" alt=\"\" src=\"https:\/\/i0.wp.com\/www.shqiperia.com\/blog\/wp-content\/uploads\/2020\/09\/vucic.jpg?resize=483%2C272&#038;ssl=1\" width=\"483\" height=\"272\" srcset=\"https:\/\/i0.wp.com\/www.shqiperia.com\/blog\/wp-content\/uploads\/2020\/09\/vucic.jpg?resize=300%2C169&amp;ssl=1 300w, https:\/\/i0.wp.com\/www.shqiperia.com\/blog\/wp-content\/uploads\/2020\/09\/vucic.jpg?resize=768%2C432&amp;ssl=1 768w, https:\/\/i0.wp.com\/www.shqiperia.com\/blog\/wp-content\/uploads\/2020\/09\/vucic.jpg?resize=450%2C253&amp;ssl=1 450w, https:\/\/i0.wp.com\/www.shqiperia.com\/blog\/wp-content\/uploads\/2020\/09\/vucic.jpg?resize=600%2C337&amp;ssl=1 600w, https:\/\/i0.wp.com\/www.shqiperia.com\/blog\/wp-content\/uploads\/2020\/09\/vucic.jpg?resize=400%2C225&amp;ssl=1 400w, https:\/\/i0.wp.com\/www.shqiperia.com\/blog\/wp-content\/uploads\/2020\/09\/vucic.jpg?w=1023&amp;ssl=1 1023w\" sizes=\"auto, (max-width: 483px) 100vw, 483px\" \/><\/p>\n<p>\u201cSerb\u00ebt t\u00eb q\u00ebndrojn\u00eb t\u00eb qet\u00eb, nuk ka njohje t\u00eb nd\u00ebrsjellt\u00eb\u201d- <em>Kjo \u00ebsht\u00eb nj\u00eb marr\u00ebveshje e mir\u00eb p\u00ebr Serbin\u00eb \u2026<\/em><\/p>\n<p><em>4 shtator 2020<\/em><\/p>\n<p><em>Kjo \u00ebsht\u00eb nj\u00eb marr\u00ebveshje e mir\u00eb p\u00ebr Serbin\u00eb, do t\u00eb ting\u00eblloj\u00eb triumfale n\u00ebse them urime, por un\u00eb jam sinqerisht i k\u00ebnaqur dhe t\u00eb gjith\u00eb an\u00ebtar\u00ebt e delegacionit, me at\u00eb q\u00eb kemi arritur,\u201d<\/em>\u00a0tha Vu\u00e7i\u00e7.<\/p>\n<p>Vu\u00e7i\u00e7 thot\u00eb se serb\u00ebt mund t\u00eb q\u00ebndrojn\u00eb t\u00eb qet\u00eb pasi Kosova nuk u njoh. M\u00eb tej ai thot\u00eb se kjo \u00ebsht\u00eb nj\u00eb marr\u00ebveshje triumfale p\u00ebr Serbin\u00eb dhe shprehet i k\u00ebnaqur p\u00ebr pun\u00ebn e delegacionit t\u00eb tij p\u00ebr at\u00eb \u00e7far\u00eb u arrit.<\/p>\n<p>Po ai zbulon se shqiptar\u00ebt jan\u00eb vetofruar q\u00eb t\u00eb n\u00ebnshkruajn\u00eb gjithcka n\u00ebse Serbia do t\u00eb firmoste p\u00ebr pik\u00ebn 10, q\u00eb ishte njohja reciproke.<\/p>\n<p><em>\u201cShqiptar\u00ebt than\u00eb se do t\u00eb n\u00ebnshkruanin gjith\u00e7ka n\u00ebse kthehej pika 10. Nuk ka njohje t\u00eb nd\u00ebrsjell\u00eb, serb\u00ebt mund t\u00eb q\u00ebndrojn\u00eb t\u00eb qet\u00eb. Kur b\u00ebhet fjal\u00eb p\u00ebr Mini Schengen, ata kishin disa kund\u00ebrshtime, ata u p\u00ebrzien me Shengenin, as ne dhe as amerikan\u00ebt nuk e kuptuam v\u00ebrtet.<\/em><\/p>\n<p><em>Kjo \u00ebsht\u00eb nj\u00eb marr\u00ebveshje e mir\u00eb p\u00ebr Serbin\u00eb, do t\u00eb ting\u00eblloj\u00eb triumfale n\u00ebse them urime, por un\u00eb jam sinqerisht i k\u00ebnaqur dhe t\u00eb gjith\u00eb an\u00ebtar\u00ebt e delegacionit, me at\u00eb q\u00eb kemi arritur,\u201d<\/em>\u00a0tha Vu\u00e7i\u00e7.<\/p>\n","protected":false},"excerpt":{"rendered":"<p>\u201cSerb\u00ebt t\u00eb q\u00ebndrojn\u00eb t\u00eb qet\u00eb, nuk ka njohje t\u00eb nd\u00ebrsjellt\u00eb\u201d- Kjo \u00ebsht\u00eb nj\u00eb marr\u00ebveshje e mir\u00eb p\u00ebr Serbin\u00eb \u2026 4 shtator 2020 Kjo \u00ebsht\u00eb nj\u00eb marr\u00ebveshje e mir\u00eb p\u00ebr Serbin\u00eb, do t\u00eb ting\u00eblloj\u00eb triumfale n\u00ebse them urime, por un\u00eb jam sinqerisht i k\u00ebnaqur dhe t\u00eb gjith\u00eb an\u00ebtar\u00ebt e delegacionit, me at\u00eb q\u00eb kemi arritur,\u201d\u00a0tha Vu\u00e7i\u00e7. [&hellip;]<\/p>\n","protected":false},"author":9,"featured_media":38052,"comment_status":"open","ping_status":"open","sticky":false,"template":"","format":"standard","meta":{"jetpack_post_was_ever_published":false,"_jetpack_newsletter_access":"","_jetpack_dont_email_post_to_subs":false,"_jetpack_newsletter_tier_id":0,"_jetpack_memberships_contains_paywalled_content":false,"_jetpack_memberships_contains_paid_content":false,"footnotes":"","jetpack_publicize_message":"","jetpack_publicize_feature_enabled":true,"jetpack_social_post_already_shared":true,"jetpack_social_options":{"image_generator_settings":{"template":"highway","default_image_id":0,"font":"","enabled":false},"version":2}},"categories":[27,2],"tags":[],"class_list":["post-38051","post","type-post","status-publish","format-standard","has-post-thumbnail","hentry","category-blogu-i-udhetarit","category-politika"],"jetpack_publicize_connections":[],"jetpack_featured_media_url":"https:\/\/i0.wp.com\/www.shqiperia.com\/blog\/wp-content\/uploads\/2020\/09\/vucic.jpg?fit=1023%2C575&ssl=1","jetpack_sharing_enabled":true,"jetpack_shortlink":"https:\/\/wp.me\/p5Z6wp-9TJ","jetpack-related-posts":[{"id":38122,"url":"https:\/\/www.shqiperia.com\/blog\/bomba-e-vucic-marreveshjen-e-beme-me-shba-ne-jo-me-kosoven\/","url_meta":{"origin":38051,"position":0},"title":"\u201cBomba\u201d e Vu\u00e7i\u00e7: Marr\u00ebveshjen e b\u00ebm\u00eb me SHBA-n\u00eb, jo me Kosov\u00ebn.","author":"Kurt Farka","date":"September 5, 2020","format":false,"excerpt":"\u201cBomba\u201d e Vu\u00e7i\u00e7: Marr\u00ebveshjen e b\u00ebm\u00eb me SHBA-n\u00eb, jo me Kosov\u00ebn. \u00a05 SHTATOR 2020 Aleksand\u00ebr Vu\u00e7i\u00e7 u shpreh i k\u00ebnaqur me at\u00eb \u00e7far\u00eb u arrit n\u00eb takimin e Washingtonit. por presidenti serb e theksoi qart\u00eb se n\u00eb Sht\u00ebpin\u00eb e Bardh\u00eb, Serbia arriti nj\u00eb marr\u00ebveshje bilaterale me SHBA-n\u00eb. \u201cNuk \u00ebsht\u00eb marr\u00ebveshje\u2026","rel":"","context":"In &quot;Blogu i Udh\u00ebtarit&quot;","block_context":{"text":"Blogu i Udh\u00ebtarit","link":"https:\/\/www.shqiperia.com\/blog\/category\/blogu-i-udhetarit\/"},"img":{"alt_text":"","src":"https:\/\/i0.wp.com\/www.shqiperia.com\/blog\/wp-content\/uploads\/2020\/09\/640-0-5f53749ed2307.jpg?fit=640%2C426&ssl=1&resize=350%2C200","width":350,"height":200,"srcset":"https:\/\/i0.wp.com\/www.shqiperia.com\/blog\/wp-content\/uploads\/2020\/09\/640-0-5f53749ed2307.jpg?fit=640%2C426&ssl=1&resize=350%2C200 1x, https:\/\/i0.wp.com\/www.shqiperia.com\/blog\/wp-content\/uploads\/2020\/09\/640-0-5f53749ed2307.jpg?fit=640%2C426&ssl=1&resize=525%2C300 1.5x"},"classes":[]},{"id":82166,"url":"https:\/\/www.shqiperia.com\/blog\/kryeministri-i-serbise-millosh-vucevic-serbia-e-gatshme-te-beje-kompromise-me-kosoven\/","url_meta":{"origin":38051,"position":1},"title":"Kryeministri i Serbis\u00eb, Millosh Vu\u00e7evi\u00e7 &#8211; Serbia e gatshme t\u00eb b\u00ebj\u00eb kompromise me Kosov\u00ebn","author":"Kurt Farka","date":"June 26, 2024","format":false,"excerpt":"26 Qershor 2024 Serbia \u00ebsht\u00eb e gatshme p\u00ebr \u201cmarr\u00ebveshje dhe kompromise\u201d n\u00eb bisedime me Kosov\u00ebn, tha kryeministri i Serbis\u00eb, Millosh Vu\u00e7evi\u00e7, p\u00ebr agjencin\u00eb AFP-n\u00eb. K\u00ebt\u00eb deklarat\u00eb, Vu\u00e7evi\u00e7 e dha nj\u00eb dit\u00eb para se kryeministri i Kosov\u00ebs, Albin Kurti, dhe presidenti i Serbis\u00eb, Aleksand\u00e7r Vu\u00e7i\u00e7, t\u00eb takohen p\u00ebr nj\u00eb rund t\u00eb\u2026","rel":"","context":"In &quot;Blogu i Udh\u00ebtarit&quot;","block_context":{"text":"Blogu i Udh\u00ebtarit","link":"https:\/\/www.shqiperia.com\/blog\/category\/blogu-i-udhetarit\/"},"img":{"alt_text":"","src":"https:\/\/i0.wp.com\/www.shqiperia.com\/blog\/wp-content\/uploads\/2024\/06\/800-0-667bb006b9140.jpg?fit=800%2C450&ssl=1&resize=350%2C200","width":350,"height":200,"srcset":"https:\/\/i0.wp.com\/www.shqiperia.com\/blog\/wp-content\/uploads\/2024\/06\/800-0-667bb006b9140.jpg?fit=800%2C450&ssl=1&resize=350%2C200 1x, https:\/\/i0.wp.com\/www.shqiperia.com\/blog\/wp-content\/uploads\/2024\/06\/800-0-667bb006b9140.jpg?fit=800%2C450&ssl=1&resize=525%2C300 1.5x, https:\/\/i0.wp.com\/www.shqiperia.com\/blog\/wp-content\/uploads\/2024\/06\/800-0-667bb006b9140.jpg?fit=800%2C450&ssl=1&resize=700%2C400 2x"},"classes":[]},{"id":56669,"url":"https:\/\/www.shqiperia.com\/blog\/ju-miza-mashtruese-une-ujku-i-vetmuar-ne-ballkan-vucic-thirrje-kurtit-dhe-gjukanovic-lereni-serbine-te-qete\/","url_meta":{"origin":38051,"position":2},"title":"&#8220;Ju miza mashtruese, un\u00eb ujku i vetmuar n\u00eb Ballkan&#8221;, Vu\u00e7i\u00e7 thirrje Kurtit dhe Gjukanovi\u00e7: L\u00ebreni Serbin\u00eb t\u00eb qet\u00eb!","author":"Kurt Farka","date":"April 13, 2022","format":false,"excerpt":"\"Ju miza mashtruese, un\u00eb ujku i vetmuar n\u00eb Ballkan\", Vu\u00e7i\u00e7 thirrje Kurtit dhe Gjukanovi\u00e7: L\u00ebreni Serbin\u00eb t\u00eb qet\u00eb! 13 Prill 2022 Presidenti i Serbis\u00eb, Aleksandar Vu\u00e7i\u00e7, u b\u00ebri thirrje sot kreut t\u00eb shtetit malazez, Milo Gjukanovi\u00e7 dhe kryeministrit t\u00eb Kosov\u00ebs Albin Kurti t\u00eb l\u00ebn\u00eb t\u00eb qet\u00eb Serbin\u00eb,\u00a0 pasi sipas tij\u2026","rel":"","context":"In &quot;Blogu i Udh\u00ebtarit&quot;","block_context":{"text":"Blogu i Udh\u00ebtarit","link":"https:\/\/www.shqiperia.com\/blog\/category\/blogu-i-udhetarit\/"},"img":{"alt_text":"","src":"https:\/\/i0.wp.com\/www.shqiperia.com\/blog\/wp-content\/uploads\/2022\/04\/640-0-7jpg-1649850070.jpg?fit=640%2C333&ssl=1&resize=350%2C200","width":350,"height":200,"srcset":"https:\/\/i0.wp.com\/www.shqiperia.com\/blog\/wp-content\/uploads\/2022\/04\/640-0-7jpg-1649850070.jpg?fit=640%2C333&ssl=1&resize=350%2C200 1x, https:\/\/i0.wp.com\/www.shqiperia.com\/blog\/wp-content\/uploads\/2022\/04\/640-0-7jpg-1649850070.jpg?fit=640%2C333&ssl=1&resize=525%2C300 1.5x"},"classes":[]},{"id":18165,"url":"https:\/\/www.shqiperia.com\/blog\/zevendes-sekretari-amerikan-i-shtetit-hale-ne-kosove-duhet-te-kete-njohje-reciproke-me-serbine\/","url_meta":{"origin":38051,"position":3},"title":"Z\u00ebvend\u00ebs sekretari amerikan i shtetit Hale n\u00eb Kosov\u00eb: Duhet t\u00eb k\u00ebt\u00eb njohje reciproke me Serbin\u00eb.","author":"Kurt Farka","date":"March 9, 2019","format":false,"excerpt":"Z\u00ebvend\u00ebs sekretari amerikan i shtetit Hale n\u00eb Kosov\u00eb: Duhet t\u00eb k\u00ebt\u00eb njohje reciproke me Serbin\u00eb. 9 mars \u00a02019 Z\u00ebvend\u00ebs sekretari amerikan i shtetit, David Hale, po q\u00ebndron t\u00eb shtun\u00ebn n\u00eb Prishtin\u00eb \u201cp\u00ebr t\u00eb n\u00ebnvizuar mund\u00ebsin\u00eb historike p\u00ebr t\u00eb arritur nj\u00eb marr\u00ebveshje t\u00eb plot\u00eb t\u00eb normalizimit t\u00eb marr\u00ebdh\u00ebnieve me Serbin\u00eb dhe\u2026","rel":"","context":"In &quot;Blogu i Udh\u00ebtarit&quot;","block_context":{"text":"Blogu i Udh\u00ebtarit","link":"https:\/\/www.shqiperia.com\/blog\/category\/blogu-i-udhetarit\/"},"img":{"alt_text":"","src":"https:\/\/i0.wp.com\/www.shqiperia.com\/blog\/wp-content\/uploads\/2019\/03\/E2163241-8621-4589-B608-247B5AB99FA8_w1023_r1_s-905x395.jpg?fit=784%2C395&ssl=1&resize=350%2C200","width":350,"height":200,"srcset":"https:\/\/i0.wp.com\/www.shqiperia.com\/blog\/wp-content\/uploads\/2019\/03\/E2163241-8621-4589-B608-247B5AB99FA8_w1023_r1_s-905x395.jpg?fit=784%2C395&ssl=1&resize=350%2C200 1x, https:\/\/i0.wp.com\/www.shqiperia.com\/blog\/wp-content\/uploads\/2019\/03\/E2163241-8621-4589-B608-247B5AB99FA8_w1023_r1_s-905x395.jpg?fit=784%2C395&ssl=1&resize=525%2C300 1.5x, https:\/\/i0.wp.com\/www.shqiperia.com\/blog\/wp-content\/uploads\/2019\/03\/E2163241-8621-4589-B608-247B5AB99FA8_w1023_r1_s-905x395.jpg?fit=784%2C395&ssl=1&resize=700%2C400 2x"},"classes":[]},{"id":61505,"url":"https:\/\/www.shqiperia.com\/blog\/vucic-vendimi-per-targat-do-te-nise-se-zbatuari-me-1-shtator-kushte-per-dokumentet-e-kosoves\/","url_meta":{"origin":38051,"position":4},"title":"Vu\u00e7i\u00e7: &#8211; Vendimi p\u00ebr targat do t\u00eb nis\u00eb s\u00eb zbatuari m\u00eb 1 shtator.- Kushte p\u00ebr dokumentet e Kosov\u00ebs","author":"Kurt Farka","date":"August 27, 2022","format":false,"excerpt":"27 Gusht 2022 Presidenti i Serbis\u00eb, Aleksandar Vu\u00e7i\u00e7, tha se m\u00eb 1 shtator do t\u00eb nis\u00eb s\u00eb zbatuari vendimi i Qeveris\u00eb s\u00eb Kosov\u00ebs p\u00ebr targat serbe. Nd\u00ebrkaq, lidhur me vendimin p\u00ebr dokumentet serbe, ai k\u00ebrkoi q\u00eb nga ky vendim t\u00eb p\u00ebrjashtohen serb\u00ebt q\u00eb jetojn\u00eb n\u00eb Kosov\u00eb. Ai po ashtu tha\u2026","rel":"","context":"In &quot;Blogu i Udh\u00ebtarit&quot;","block_context":{"text":"Blogu i Udh\u00ebtarit","link":"https:\/\/www.shqiperia.com\/blog\/category\/blogu-i-udhetarit\/"},"img":{"alt_text":"","src":"https:\/\/i0.wp.com\/www.shqiperia.com\/blog\/wp-content\/uploads\/2022\/08\/640-0-vux-1661592639.jpg?fit=640%2C360&ssl=1&resize=350%2C200","width":350,"height":200,"srcset":"https:\/\/i0.wp.com\/www.shqiperia.com\/blog\/wp-content\/uploads\/2022\/08\/640-0-vux-1661592639.jpg?fit=640%2C360&ssl=1&resize=350%2C200 1x, https:\/\/i0.wp.com\/www.shqiperia.com\/blog\/wp-content\/uploads\/2022\/08\/640-0-vux-1661592639.jpg?fit=640%2C360&ssl=1&resize=525%2C300 1.5x"},"classes":[]},{"id":69719,"url":"https:\/\/www.shqiperia.com\/blog\/vucic-per-asociacionin-nen-patronatin-e-be-se-jane-nenshkruar-kater-marreveshje\/","url_meta":{"origin":38051,"position":5},"title":"Vucic: &#8211; P\u00ebr Asociacionin n\u00ebn patronatin e BE-s\u00eb, jan\u00eb n\u00ebnshkruar kat\u00ebr marr\u00ebveshje.","author":"Kurt Farka","date":"March 16, 2023","format":false,"excerpt":"16 Mars 2023 P\u00ebrpara takimit \u00eb 18 Marsit n\u00eb Oh\u00ebr me kryeministrin Albin Kurti, e konsideron sukses n\u00ebse arrihet marr\u00ebveshja. Presidenti serb ka k\u00ebmb\u00ebngulur se gjith\u00e7ka \u00e7ka \u00ebsht\u00eb n\u00ebnshkruar mes Beogradit dhe Prishtin\u00ebs dhe nga p\u00ebrfaq\u00ebsuesit e Bashkimit Evropian duhet t\u00eb zbatohet. Ai ka th\u00ebn\u00eb se kur \u00ebsht\u00eb fjala p\u00ebr\u2026","rel":"","context":"In &quot;Blogu i Udh\u00ebtarit&quot;","block_context":{"text":"Blogu i Udh\u00ebtarit","link":"https:\/\/www.shqiperia.com\/blog\/category\/blogu-i-udhetarit\/"},"img":{"alt_text":"","src":"https:\/\/i0.wp.com\/www.shqiperia.com\/blog\/wp-content\/uploads\/2023\/03\/800-0-6412cedb71a5b.jpg?fit=800%2C505&ssl=1&resize=350%2C200","width":350,"height":200,"srcset":"https:\/\/i0.wp.com\/www.shqiperia.com\/blog\/wp-content\/uploads\/2023\/03\/800-0-6412cedb71a5b.jpg?fit=800%2C505&ssl=1&resize=350%2C200 1x, https:\/\/i0.wp.com\/www.shqiperia.com\/blog\/wp-content\/uploads\/2023\/03\/800-0-6412cedb71a5b.jpg?fit=800%2C505&ssl=1&resize=525%2C300 1.5x, https:\/\/i0.wp.com\/www.shqiperia.com\/blog\/wp-content\/uploads\/2023\/03\/800-0-6412cedb71a5b.jpg?fit=800%2C505&ssl=1&resize=700%2C400 2x"},"classes":[]}],"_links":{"self":[{"href":"https:\/\/www.shqiperia.com\/blog\/wp-json\/wp\/v2\/posts\/38051","targetHints":{"allow":["GET"]}}],"collection":[{"href":"https:\/\/www.shqiperia.com\/blog\/wp-json\/wp\/v2\/posts"}],"about":[{"href":"https:\/\/www.shqiperia.com\/blog\/wp-json\/wp\/v2\/types\/post"}],"author":[{"embeddable":true,"href":"https:\/\/www.shqiperia.com\/blog\/wp-json\/wp\/v2\/users\/9"}],"replies":[{"embeddable":true,"href":"https:\/\/www.shqiperia.com\/blog\/wp-json\/wp\/v2\/comments?post=38051"}],"version-history":[{"count":1,"href":"https:\/\/www.shqiperia.com\/blog\/wp-json\/wp\/v2\/posts\/38051\/revisions"}],"predecessor-version":[{"id":38053,"href":"https:\/\/www.shqiperia.com\/blog\/wp-json\/wp\/v2\/posts\/38051\/revisions\/38053"}],"wp:featuredmedia":[{"embeddable":true,"href":"https:\/\/www.shqiperia.com\/blog\/wp-json\/wp\/v2\/media\/38052"}],"wp:attachment":[{"href":"https:\/\/www.shqiperia.com\/blog\/wp-json\/wp\/v2\/media?parent=38051"}],"wp:term":[{"taxonomy":"category","embeddable":true,"href":"https:\/\/www.shqiperia.com\/blog\/wp-json\/wp\/v2\/categories?post=38051"},{"taxonomy":"post_tag","embeddable":true,"href":"https:\/\/www.shqiperia.com\/blog\/wp-json\/wp\/v2\/tags?post=38051"}],"curies":[{"name":"wp","href":"https:\/\/api.w.org\/{rel}","templated":true}]}}