{"id":38045,"date":"2020-09-04T15:57:37","date_gmt":"2020-09-04T15:57:37","guid":{"rendered":"https:\/\/www.shqiperia.com\/blog\/?p=38045"},"modified":"2020-09-04T15:57:37","modified_gmt":"2020-09-04T15:57:37","slug":"kosova-dhe-serbia-nenshkruajne-marreveshjen-ne-prani-te-trump","status":"publish","type":"post","link":"https:\/\/www.shqiperia.com\/blog\/kosova-dhe-serbia-nenshkruajne-marreveshjen-ne-prani-te-trump\/","title":{"rendered":"Kosova dhe Serbia n\u00ebnshkruajn\u00eb marr\u00ebveshjen n\u00eb prani t\u00eb Trump"},"content":{"rendered":"<p><img data-recalc-dims=\"1\" loading=\"lazy\" decoding=\"async\" data-attachment-id=\"38046\" data-permalink=\"https:\/\/www.shqiperia.com\/blog\/kosova-dhe-serbia-nenshkruajne-marreveshjen-ne-prani-te-trump\/640-0-5f5262b630c87\/\" data-orig-file=\"https:\/\/i0.wp.com\/www.shqiperia.com\/blog\/wp-content\/uploads\/2020\/09\/640-0-5f5262b630c87.jpg?fit=640%2C384&amp;ssl=1\" data-orig-size=\"640,384\" data-comments-opened=\"1\" data-image-meta=\"{&quot;aperture&quot;:&quot;0&quot;,&quot;credit&quot;:&quot;&quot;,&quot;camera&quot;:&quot;&quot;,&quot;caption&quot;:&quot;&quot;,&quot;created_timestamp&quot;:&quot;0&quot;,&quot;copyright&quot;:&quot;&quot;,&quot;focal_length&quot;:&quot;0&quot;,&quot;iso&quot;:&quot;0&quot;,&quot;shutter_speed&quot;:&quot;0&quot;,&quot;title&quot;:&quot;&quot;,&quot;orientation&quot;:&quot;0&quot;}\" data-image-title=\"-640-0-5f5262b630c87\" data-image-description=\"\" data-image-caption=\"\" data-medium-file=\"https:\/\/i0.wp.com\/www.shqiperia.com\/blog\/wp-content\/uploads\/2020\/09\/640-0-5f5262b630c87.jpg?fit=300%2C180&amp;ssl=1\" data-large-file=\"https:\/\/i0.wp.com\/www.shqiperia.com\/blog\/wp-content\/uploads\/2020\/09\/640-0-5f5262b630c87.jpg?fit=640%2C384&amp;ssl=1\" class=\"alignnone  wp-image-38046\" alt=\"\" src=\"https:\/\/i0.wp.com\/www.shqiperia.com\/blog\/wp-content\/uploads\/2020\/09\/640-0-5f5262b630c87.jpg?resize=432%2C259&#038;ssl=1\" width=\"432\" height=\"259\" srcset=\"https:\/\/i0.wp.com\/www.shqiperia.com\/blog\/wp-content\/uploads\/2020\/09\/640-0-5f5262b630c87.jpg?resize=300%2C180&amp;ssl=1 300w, https:\/\/i0.wp.com\/www.shqiperia.com\/blog\/wp-content\/uploads\/2020\/09\/640-0-5f5262b630c87.jpg?resize=450%2C270&amp;ssl=1 450w, https:\/\/i0.wp.com\/www.shqiperia.com\/blog\/wp-content\/uploads\/2020\/09\/640-0-5f5262b630c87.jpg?resize=600%2C360&amp;ssl=1 600w, https:\/\/i0.wp.com\/www.shqiperia.com\/blog\/wp-content\/uploads\/2020\/09\/640-0-5f5262b630c87.jpg?resize=400%2C240&amp;ssl=1 400w, https:\/\/i0.wp.com\/www.shqiperia.com\/blog\/wp-content\/uploads\/2020\/09\/640-0-5f5262b630c87.jpg?w=640&amp;ssl=1 640w\" sizes=\"auto, (max-width: 432px) 100vw, 432px\" \/><\/p>\n<p><strong>Kosova dhe Serbia n\u00ebnshkruajn\u00eb marr\u00ebveshjen n\u00eb prani t\u00eb Trump<\/strong><\/p>\n<p><strong>E Premte 4 SHTATOR 2020<\/strong><\/p>\n<p>Kosova dhe Serbia kan\u00eb n\u00ebnshkruar sot marr\u00ebveshjen p\u00ebr normalizim ekonomik n\u00eb Sht\u00ebpin\u00eb e Bardh\u00ebm, nd\u00ebrsa marr\u00ebveshja u firmos n\u00eb zyr\u00ebn e Presidentit Donald Trump, ku i pranish\u00ebm ishte edhe ky i fundit.<\/p>\n<p>Lajmi e b\u00ebri t\u00eb ditur asistenti i presidentit Trump, Judd Deere<\/p>\n<p>\u201cPresidenti Trump njofton se Kosova dhe Serbia kan\u00eb arritur marr\u00ebveshje p\u00ebr normalizim ekonomik. Edhe nj\u00eb marr\u00ebveshje historike e arritur nga ky president, q\u00eb e b\u00ebn bot\u00ebn m\u00eb paq\u00ebsore dhe m\u00eb presporues\u201d, ka shkruar ai n\u00eb T\u00ebitter.<\/p>\n<p>Gazeta Shqip<\/p>\n","protected":false},"excerpt":{"rendered":"<p>Kosova dhe Serbia n\u00ebnshkruajn\u00eb marr\u00ebveshjen n\u00eb prani t\u00eb Trump E Premte 4 SHTATOR 2020 Kosova dhe Serbia kan\u00eb n\u00ebnshkruar sot marr\u00ebveshjen p\u00ebr normalizim ekonomik n\u00eb Sht\u00ebpin\u00eb e Bardh\u00ebm, nd\u00ebrsa marr\u00ebveshja u firmos n\u00eb zyr\u00ebn e Presidentit Donald Trump, ku i pranish\u00ebm ishte edhe ky i fundit. Lajmi e b\u00ebri t\u00eb ditur asistenti i presidentit Trump, [&hellip;]<\/p>\n","protected":false},"author":9,"featured_media":38046,"comment_status":"open","ping_status":"open","sticky":false,"template":"","format":"standard","meta":{"jetpack_post_was_ever_published":false,"_jetpack_newsletter_access":"","_jetpack_dont_email_post_to_subs":false,"_jetpack_newsletter_tier_id":0,"_jetpack_memberships_contains_paywalled_content":false,"_jetpack_memberships_contains_paid_content":false,"footnotes":"","jetpack_publicize_message":"","jetpack_publicize_feature_enabled":true,"jetpack_social_post_already_shared":true,"jetpack_social_options":{"image_generator_settings":{"template":"highway","default_image_id":0,"font":"","enabled":false},"version":2}},"categories":[27,85,2],"tags":[],"class_list":["post-38045","post","type-post","status-publish","format-standard","has-post-thumbnail","hentry","category-blogu-i-udhetarit","category-histori","category-politika"],"jetpack_publicize_connections":[],"jetpack_featured_media_url":"https:\/\/i0.wp.com\/www.shqiperia.com\/blog\/wp-content\/uploads\/2020\/09\/640-0-5f5262b630c87.jpg?fit=640%2C384&ssl=1","jetpack_sharing_enabled":true,"jetpack_shortlink":"https:\/\/wp.me\/p5Z6wp-9TD","jetpack-related-posts":[{"id":35857,"url":"https:\/\/www.shqiperia.com\/blog\/marreveshja-me-18-pika-tek-trump-kosova-merr-7-miliarde-euro-vizat-dhe-nuk-humb-territor-serbia-njeh-kosoven-dhe\/","url_meta":{"origin":38045,"position":0},"title":"Marr\u00ebveshja me 18 pika tek Trump\/ Kosova merr 7 miliard\u00eb euro, vizat dhe nuk humb territor. Serbia njeh Kosov\u00ebn dhe\u2026.","author":"Kurt Farka","date":"June 19, 2020","format":false,"excerpt":"Marr\u00ebveshja me 18 pika tek Trump\/ Kosova merr 7 miliard\u00eb euro, vizat dhe nuk humb territor. Serbia njeh Kosov\u00ebn dhe\u2026. 19 Qershor 2020 | 14 : 57 Edhe pse do t\u00eb hyjn\u00eb duar bosh, lider\u00ebt e Kosov\u00ebs dhe Serbis\u00eb mund t\u00eb dalin nga \u201cbisedimet e paqes\u201d n\u00eb Sht\u00ebpin\u00eb e Bardh\u00eb,\u2026","rel":"","context":"In &quot;Blogu i Udh\u00ebtarit&quot;","block_context":{"text":"Blogu i Udh\u00ebtarit","link":"https:\/\/www.shqiperia.com\/blog\/category\/blogu-i-udhetarit\/"},"img":{"alt_text":"","src":"https:\/\/i0.wp.com\/www.shqiperia.com\/blog\/wp-content\/uploads\/2020\/06\/shtepia-e-bardhe.jpg?fit=900%2C473&ssl=1&resize=350%2C200","width":350,"height":200,"srcset":"https:\/\/i0.wp.com\/www.shqiperia.com\/blog\/wp-content\/uploads\/2020\/06\/shtepia-e-bardhe.jpg?fit=900%2C473&ssl=1&resize=350%2C200 1x, https:\/\/i0.wp.com\/www.shqiperia.com\/blog\/wp-content\/uploads\/2020\/06\/shtepia-e-bardhe.jpg?fit=900%2C473&ssl=1&resize=525%2C300 1.5x, https:\/\/i0.wp.com\/www.shqiperia.com\/blog\/wp-content\/uploads\/2020\/06\/shtepia-e-bardhe.jpg?fit=900%2C473&ssl=1&resize=700%2C400 2x"},"classes":[]},{"id":70664,"url":"https:\/\/www.shqiperia.com\/blog\/brukseli-vucicit-zbato-marreveshjen-me-kosoven-ose-te-presin-pasoja\/","url_meta":{"origin":38045,"position":1},"title":"Brukseli Vu\u00e7i\u00e7it: &#8211; Zbato marr\u00ebveshjen me Kosov\u00ebn, ose t\u00eb presin pasoja","author":"Kurt Farka","date":"April 11, 2023","format":false,"excerpt":"11 Prill 2023 Bashkimi Evropian \u00ebsht\u00eb duke insistuar q\u00eb Kosova dhe Serbia e kan\u00eb p\u00ebr obligim q\u00eb t\u00eb zbatojn\u00eb t\u00eb gjitha pikat e Marr\u00ebveshjes p\u00ebr normalizim t\u00eb marr\u00ebdh\u00ebnieve, bashk\u00eb me aneksin p\u00ebr t\u00eb, pasi n\u00eb t\u00eb kund\u00ebrt\u00ebn do t\u00eb p\u00ebrballen me pasoja. Pal\u00ebt kan\u00eb arritur pajtueshm\u00ebri p\u00ebr Marr\u00ebveshjen p\u00ebr normalizim\u2026","rel":"","context":"In &quot;Blogu i Udh\u00ebtarit&quot;","block_context":{"text":"Blogu i Udh\u00ebtarit","link":"https:\/\/www.shqiperia.com\/blog\/category\/blogu-i-udhetarit\/"},"img":{"alt_text":"","src":"https:\/\/i0.wp.com\/www.shqiperia.com\/blog\/wp-content\/uploads\/2023\/04\/peter-stano.jpg?fit=640%2C360&ssl=1&resize=350%2C200","width":350,"height":200,"srcset":"https:\/\/i0.wp.com\/www.shqiperia.com\/blog\/wp-content\/uploads\/2023\/04\/peter-stano.jpg?fit=640%2C360&ssl=1&resize=350%2C200 1x, https:\/\/i0.wp.com\/www.shqiperia.com\/blog\/wp-content\/uploads\/2023\/04\/peter-stano.jpg?fit=640%2C360&ssl=1&resize=525%2C300 1.5x"},"classes":[]},{"id":38107,"url":"https:\/\/www.shqiperia.com\/blog\/ate-qe-nuk-e-arriti-me-lufte-serbia-po-e-synon-me-marreveshje-vjen-reagimi-i-forte-i-biberaj-per-daljen-e-serbise-ne-det\/","url_meta":{"origin":38045,"position":2},"title":"\u201cAt\u00eb q\u00eb nuk e arriti me luft\u00eb, Serbia po e synon me marr\u00ebveshje\u201d, vjen reagimi i fort\u00eb i Biberaj p\u00ebr daljen e Serbis\u00eb n\u00eb det\u2026","author":"Kurt Farka","date":"September 5, 2020","format":false,"excerpt":"\u201cAt\u00eb q\u00eb nuk e arriti me luft\u00eb, Serbia po e synon me marr\u00ebveshje\u201d, vjen reagimi i fort\u00eb i Biberaj p\u00ebr daljen e Serbis\u00eb n\u00eb det\u2026 5 SHTATOR 2020 Pas marr\u00ebveshjes historike t\u00eb dit\u00ebs s\u00eb djeshme,\u00a0q\u00eb u b\u00eb n\u00eb Sht\u00ebpin\u00eb e Bardh\u00eb n\u00eb prani t\u00eb presidentit amerikan Donald Trump, teksa shprehet\u2026","rel":"","context":"In &quot;Blogu i Udh\u00ebtarit&quot;","block_context":{"text":"Blogu i Udh\u00ebtarit","link":"https:\/\/www.shqiperia.com\/blog\/category\/blogu-i-udhetarit\/"},"img":{"alt_text":"","src":"https:\/\/i0.wp.com\/www.shqiperia.com\/blog\/wp-content\/uploads\/2020\/09\/800-0-4eab79b5341677e77a71edec01f65eac.jpg?fit=800%2C556&ssl=1&resize=350%2C200","width":350,"height":200,"srcset":"https:\/\/i0.wp.com\/www.shqiperia.com\/blog\/wp-content\/uploads\/2020\/09\/800-0-4eab79b5341677e77a71edec01f65eac.jpg?fit=800%2C556&ssl=1&resize=350%2C200 1x, https:\/\/i0.wp.com\/www.shqiperia.com\/blog\/wp-content\/uploads\/2020\/09\/800-0-4eab79b5341677e77a71edec01f65eac.jpg?fit=800%2C556&ssl=1&resize=525%2C300 1.5x, https:\/\/i0.wp.com\/www.shqiperia.com\/blog\/wp-content\/uploads\/2020\/09\/800-0-4eab79b5341677e77a71edec01f65eac.jpg?fit=800%2C556&ssl=1&resize=700%2C400 2x"},"classes":[]},{"id":38058,"url":"https:\/\/www.shqiperia.com\/blog\/keto-jane-pikat-e-marreveshjes-te-nenshkruar-mes-kosoves-dhe-serbise-ne-shtepine-e-bardhe\/","url_meta":{"origin":38045,"position":3},"title":"K\u00ebto jan\u00eb pikat e marr\u00ebveshjes t\u00eb n\u00ebnshkruar mes Kosov\u00ebs dhe Serbis\u00eb n\u00eb Sht\u00ebpin\u00eb e Bardh\u00eb","author":"shqiperia","date":"September 4, 2020","format":false,"excerpt":"Kosova dhe Serbia kan\u00eb n\u00ebnshkruar marr\u00ebveshje p\u00ebr normalizim ekonomik n\u00eb Sht\u00ebpin\u00eb e Bardh\u00eb. N\u00eb ceremonin\u00eb e n\u00ebnshkrimit t\u00eb k\u00ebsaj marr\u00ebveshjeje mori pjes\u00eb kryeministri i Kosov\u00ebs, Avdullah Hoti dhe presidenti i Serbis\u00eb, Aleksandar Vu\u00e7iq. Marr\u00ebveshja u n\u00ebnshkrua n\u00eb prani t\u00eb presidentit t\u00eb Shteteve t\u00eb Bashkuara, Donald Trump. Serbia (Beogradi) dhe Kosova\u2026","rel":"","context":"In &quot;Histori&quot;","block_context":{"text":"Histori","link":"https:\/\/www.shqiperia.com\/blog\/category\/histori\/"},"img":{"alt_text":"","src":"https:\/\/i0.wp.com\/www.shqiperia.com\/blog\/wp-content\/uploads\/2020\/09\/vuciq-trump-hoti.jpg?fit=780%2C439&ssl=1&resize=350%2C200","width":350,"height":200,"srcset":"https:\/\/i0.wp.com\/www.shqiperia.com\/blog\/wp-content\/uploads\/2020\/09\/vuciq-trump-hoti.jpg?fit=780%2C439&ssl=1&resize=350%2C200 1x, https:\/\/i0.wp.com\/www.shqiperia.com\/blog\/wp-content\/uploads\/2020\/09\/vuciq-trump-hoti.jpg?fit=780%2C439&ssl=1&resize=525%2C300 1.5x, https:\/\/i0.wp.com\/www.shqiperia.com\/blog\/wp-content\/uploads\/2020\/09\/vuciq-trump-hoti.jpg?fit=780%2C439&ssl=1&resize=700%2C400 2x"},"classes":[]},{"id":71574,"url":"https:\/\/www.shqiperia.com\/blog\/do-te-ruajme-shtetin-tone-serbia-nuk-do-shkaterrohet-kercenon-vucic-sdo-te-kete-kosove-te-pavarur\/","url_meta":{"origin":38045,"position":4},"title":"\u201cDo t\u00eb ruajm\u00eb shtetin ton\u00eb, Serbia nuk do shkat\u00ebrrohet\u201d\/ K\u00ebrc\u00ebnon Vu\u00e7i\u00e7: S\u2019do t\u00eb ket\u00eb Kosov\u00eb t\u00eb pavarur!","author":"Kurt Farka","date":"May 20, 2023","format":false,"excerpt":"20 Maji 2023 Presidenti i Serbis\u00eb, Aleksandar Vu\u00e7iq, ka th\u00ebn\u00eb t\u00eb premten n\u00eb nj\u00eb takim t\u00eb Partis\u00eb s\u00eb tij Progresive Serbe (SNS) n\u00eb Pan\u00e7ev\u00eb, af\u00ebr Beogradit, se ka pritje q\u00eb Serbia ta dor\u00ebzoj\u00eb Kosov\u00ebn \u201cn\u00eb pjat\u00eb\u201d. \u201cB\u00ebni \u00e7far\u00eb t\u00eb doni, jasht\u00eb dhe brenda, k\u00ebtu n\u00eb shtet, nuk do t\u00eb lejoj\u2026","rel":"","context":"In &quot;Blogu i Udh\u00ebtarit&quot;","block_context":{"text":"Blogu i Udh\u00ebtarit","link":"https:\/\/www.shqiperia.com\/blog\/category\/blogu-i-udhetarit\/"},"img":{"alt_text":"","src":"https:\/\/i0.wp.com\/www.shqiperia.com\/blog\/wp-content\/uploads\/2023\/05\/Capture521.jpg?fit=724%2C574&ssl=1&resize=350%2C200","width":350,"height":200,"srcset":"https:\/\/i0.wp.com\/www.shqiperia.com\/blog\/wp-content\/uploads\/2023\/05\/Capture521.jpg?fit=724%2C574&ssl=1&resize=350%2C200 1x, https:\/\/i0.wp.com\/www.shqiperia.com\/blog\/wp-content\/uploads\/2023\/05\/Capture521.jpg?fit=724%2C574&ssl=1&resize=525%2C300 1.5x, https:\/\/i0.wp.com\/www.shqiperia.com\/blog\/wp-content\/uploads\/2023\/05\/Capture521.jpg?fit=724%2C574&ssl=1&resize=700%2C400 2x"},"classes":[]},{"id":69832,"url":"https:\/\/www.shqiperia.com\/blog\/marreveshja-kosove-serbi-bashkimi-europian-publikon-aneksin-e-dakordesuar-nga-kurti-e-vucic\/","url_meta":{"origin":38045,"position":5},"title":"Marr\u00ebveshja Kosov\u00eb-Serbi. &#8211; Bashkimi Europian publikon aneksin e dakord\u00ebsuar nga Kurti e Vu\u00e7i\u00e7","author":"Kurt Farka","date":"March 19, 2023","format":false,"excerpt":"19 Mars 2023 Kosova dhe Serbia arrit\u00ebn marr\u00ebveshjen p\u00ebr implementimin e propozimit europian p\u00ebr normalizimin e marr\u00ebdh\u00ebnieve. P\u00ebrfaq\u00ebsuesi i lart\u00eb i Bashkimit Evropian, Josep Borrell, pas takimit ka th\u00ebn\u00eb se pal\u00ebt jan\u00eb dakorduar p\u00ebr t\u2019i respektuar t\u00eb gjitha pikat dhe se do t\u2019i implementojn\u00eb t\u00eb gjithat. Kryeministri Albin Kurti, tha\u2026","rel":"","context":"In &quot;Blogu i Udh\u00ebtarit&quot;","block_context":{"text":"Blogu i Udh\u00ebtarit","link":"https:\/\/www.shqiperia.com\/blog\/category\/blogu-i-udhetarit\/"},"img":{"alt_text":"","src":"https:\/\/i0.wp.com\/www.shqiperia.com\/blog\/wp-content\/uploads\/2023\/03\/kosove-serbi.jpg?fit=963%2C547&ssl=1&resize=350%2C200","width":350,"height":200,"srcset":"https:\/\/i0.wp.com\/www.shqiperia.com\/blog\/wp-content\/uploads\/2023\/03\/kosove-serbi.jpg?fit=963%2C547&ssl=1&resize=350%2C200 1x, https:\/\/i0.wp.com\/www.shqiperia.com\/blog\/wp-content\/uploads\/2023\/03\/kosove-serbi.jpg?fit=963%2C547&ssl=1&resize=525%2C300 1.5x, https:\/\/i0.wp.com\/www.shqiperia.com\/blog\/wp-content\/uploads\/2023\/03\/kosove-serbi.jpg?fit=963%2C547&ssl=1&resize=700%2C400 2x"},"classes":[]}],"_links":{"self":[{"href":"https:\/\/www.shqiperia.com\/blog\/wp-json\/wp\/v2\/posts\/38045","targetHints":{"allow":["GET"]}}],"collection":[{"href":"https:\/\/www.shqiperia.com\/blog\/wp-json\/wp\/v2\/posts"}],"about":[{"href":"https:\/\/www.shqiperia.com\/blog\/wp-json\/wp\/v2\/types\/post"}],"author":[{"embeddable":true,"href":"https:\/\/www.shqiperia.com\/blog\/wp-json\/wp\/v2\/users\/9"}],"replies":[{"embeddable":true,"href":"https:\/\/www.shqiperia.com\/blog\/wp-json\/wp\/v2\/comments?post=38045"}],"version-history":[{"count":1,"href":"https:\/\/www.shqiperia.com\/blog\/wp-json\/wp\/v2\/posts\/38045\/revisions"}],"predecessor-version":[{"id":38047,"href":"https:\/\/www.shqiperia.com\/blog\/wp-json\/wp\/v2\/posts\/38045\/revisions\/38047"}],"wp:featuredmedia":[{"embeddable":true,"href":"https:\/\/www.shqiperia.com\/blog\/wp-json\/wp\/v2\/media\/38046"}],"wp:attachment":[{"href":"https:\/\/www.shqiperia.com\/blog\/wp-json\/wp\/v2\/media?parent=38045"}],"wp:term":[{"taxonomy":"category","embeddable":true,"href":"https:\/\/www.shqiperia.com\/blog\/wp-json\/wp\/v2\/categories?post=38045"},{"taxonomy":"post_tag","embeddable":true,"href":"https:\/\/www.shqiperia.com\/blog\/wp-json\/wp\/v2\/tags?post=38045"}],"curies":[{"name":"wp","href":"https:\/\/api.w.org\/{rel}","templated":true}]}}