{"id":38027,"date":"2020-09-04T11:35:28","date_gmt":"2020-09-04T11:35:28","guid":{"rendered":"https:\/\/www.shqiperia.com\/blog\/?p=38027"},"modified":"2020-09-04T11:38:28","modified_gmt":"2020-09-04T11:38:28","slug":"ti-shqiperi-me-ben-nderi-me-jep-emrin-miliarderi","status":"publish","type":"post","link":"https:\/\/www.shqiperia.com\/blog\/ti-shqiperi-me-ben-nderi-me-jep-emrin-miliarderi\/","title":{"rendered":"Ti Shqiperi me ben Nderi &#8211; Me jep emrin Miliarderi &#8230;"},"content":{"rendered":"<p><img data-recalc-dims=\"1\" loading=\"lazy\" decoding=\"async\" data-attachment-id=\"38029\" data-permalink=\"https:\/\/www.shqiperia.com\/blog\/ti-shqiperi-me-ben-nderi-me-jep-emrin-miliarderi\/118803766_3625005820843473_2325416495913676843_n\/\" data-orig-file=\"https:\/\/i0.wp.com\/www.shqiperia.com\/blog\/wp-content\/uploads\/2020\/09\/118803766_3625005820843473_2325416495913676843_n.jpg?fit=600%2C583&amp;ssl=1\" data-orig-size=\"600,583\" data-comments-opened=\"1\" data-image-meta=\"{&quot;aperture&quot;:&quot;0&quot;,&quot;credit&quot;:&quot;&quot;,&quot;camera&quot;:&quot;&quot;,&quot;caption&quot;:&quot;&quot;,&quot;created_timestamp&quot;:&quot;0&quot;,&quot;copyright&quot;:&quot;&quot;,&quot;focal_length&quot;:&quot;0&quot;,&quot;iso&quot;:&quot;0&quot;,&quot;shutter_speed&quot;:&quot;0&quot;,&quot;title&quot;:&quot;&quot;,&quot;orientation&quot;:&quot;0&quot;}\" data-image-title=\"118803766_3625005820843473_2325416495913676843_n\" data-image-description=\"\" data-image-caption=\"\" data-medium-file=\"https:\/\/i0.wp.com\/www.shqiperia.com\/blog\/wp-content\/uploads\/2020\/09\/118803766_3625005820843473_2325416495913676843_n.jpg?fit=300%2C292&amp;ssl=1\" data-large-file=\"https:\/\/i0.wp.com\/www.shqiperia.com\/blog\/wp-content\/uploads\/2020\/09\/118803766_3625005820843473_2325416495913676843_n.jpg?fit=600%2C583&amp;ssl=1\" class=\"alignnone wp-image-38029\" alt=\"\" src=\"https:\/\/i0.wp.com\/www.shqiperia.com\/blog\/wp-content\/uploads\/2020\/09\/118803766_3625005820843473_2325416495913676843_n.jpg?resize=408%2C397&#038;ssl=1\" width=\"408\" height=\"397\" srcset=\"https:\/\/i0.wp.com\/www.shqiperia.com\/blog\/wp-content\/uploads\/2020\/09\/118803766_3625005820843473_2325416495913676843_n.jpg?resize=300%2C292&amp;ssl=1 300w, https:\/\/i0.wp.com\/www.shqiperia.com\/blog\/wp-content\/uploads\/2020\/09\/118803766_3625005820843473_2325416495913676843_n.jpg?resize=450%2C437&amp;ssl=1 450w, https:\/\/i0.wp.com\/www.shqiperia.com\/blog\/wp-content\/uploads\/2020\/09\/118803766_3625005820843473_2325416495913676843_n.jpg?resize=50%2C50&amp;ssl=1 50w, https:\/\/i0.wp.com\/www.shqiperia.com\/blog\/wp-content\/uploads\/2020\/09\/118803766_3625005820843473_2325416495913676843_n.jpg?resize=400%2C389&amp;ssl=1 400w, https:\/\/i0.wp.com\/www.shqiperia.com\/blog\/wp-content\/uploads\/2020\/09\/118803766_3625005820843473_2325416495913676843_n.jpg?w=600&amp;ssl=1 600w\" sizes=\"auto, (max-width: 408px) 100vw, 408px\" \/><\/p>\n<p>Si po i fal ti o shtet 5000 m2 toke mes Tirones nje italioni? Pse? Jo mer te keqen respekto ligjin e kthim-kompensimit te prones atehere dhe na\u2026<\/p>\n<p><img data-recalc-dims=\"1\" loading=\"lazy\" decoding=\"async\" data-attachment-id=\"38030\" data-permalink=\"https:\/\/www.shqiperia.com\/blog\/ti-shqiperi-me-ben-nderi-me-jep-emrin-miliarderi\/118823267_3625005714176817_9006169554146090932_n\/\" data-orig-file=\"https:\/\/i0.wp.com\/www.shqiperia.com\/blog\/wp-content\/uploads\/2020\/09\/118823267_3625005714176817_9006169554146090932_n.jpg?fit=600%2C511&amp;ssl=1\" data-orig-size=\"600,511\" data-comments-opened=\"1\" data-image-meta=\"{&quot;aperture&quot;:&quot;0&quot;,&quot;credit&quot;:&quot;&quot;,&quot;camera&quot;:&quot;&quot;,&quot;caption&quot;:&quot;&quot;,&quot;created_timestamp&quot;:&quot;0&quot;,&quot;copyright&quot;:&quot;&quot;,&quot;focal_length&quot;:&quot;0&quot;,&quot;iso&quot;:&quot;0&quot;,&quot;shutter_speed&quot;:&quot;0&quot;,&quot;title&quot;:&quot;&quot;,&quot;orientation&quot;:&quot;0&quot;}\" data-image-title=\"118823267_3625005714176817_9006169554146090932_n\" data-image-description=\"\" data-image-caption=\"\" data-medium-file=\"https:\/\/i0.wp.com\/www.shqiperia.com\/blog\/wp-content\/uploads\/2020\/09\/118823267_3625005714176817_9006169554146090932_n.jpg?fit=300%2C256&amp;ssl=1\" data-large-file=\"https:\/\/i0.wp.com\/www.shqiperia.com\/blog\/wp-content\/uploads\/2020\/09\/118823267_3625005714176817_9006169554146090932_n.jpg?fit=600%2C511&amp;ssl=1\" class=\"alignnone wp-image-38030\" alt=\"\" src=\"https:\/\/i0.wp.com\/www.shqiperia.com\/blog\/wp-content\/uploads\/2020\/09\/118823267_3625005714176817_9006169554146090932_n.jpg?resize=527%2C450&#038;ssl=1\" width=\"527\" height=\"450\" srcset=\"https:\/\/i0.wp.com\/www.shqiperia.com\/blog\/wp-content\/uploads\/2020\/09\/118823267_3625005714176817_9006169554146090932_n.jpg?resize=300%2C256&amp;ssl=1 300w, https:\/\/i0.wp.com\/www.shqiperia.com\/blog\/wp-content\/uploads\/2020\/09\/118823267_3625005714176817_9006169554146090932_n.jpg?resize=450%2C383&amp;ssl=1 450w, https:\/\/i0.wp.com\/www.shqiperia.com\/blog\/wp-content\/uploads\/2020\/09\/118823267_3625005714176817_9006169554146090932_n.jpg?resize=400%2C341&amp;ssl=1 400w, https:\/\/i0.wp.com\/www.shqiperia.com\/blog\/wp-content\/uploads\/2020\/09\/118823267_3625005714176817_9006169554146090932_n.jpg?w=600&amp;ssl=1 600w\" sizes=\"auto, (max-width: 527px) 100vw, 527px\" \/><\/p>\n","protected":false},"excerpt":{"rendered":"<p>Si po i fal ti o shtet 5000 m2 toke mes Tirones nje italioni? Pse? Jo mer te keqen respekto ligjin e kthim-kompensimit te prones atehere dhe na\u2026<\/p>\n","protected":false},"author":9,"featured_media":38029,"comment_status":"open","ping_status":"open","sticky":false,"template":"","format":"standard","meta":{"jetpack_post_was_ever_published":false,"_jetpack_newsletter_access":"","_jetpack_dont_email_post_to_subs":false,"_jetpack_newsletter_tier_id":0,"_jetpack_memberships_contains_paywalled_content":false,"_jetpack_memberships_contains_paid_content":false,"footnotes":"","jetpack_publicize_message":"","jetpack_publicize_feature_enabled":true,"jetpack_social_post_already_shared":true,"jetpack_social_options":{"image_generator_settings":{"template":"highway","default_image_id":0,"font":"","enabled":false},"version":2}},"categories":[27,2,14],"tags":[],"class_list":["post-38027","post","type-post","status-publish","format-standard","has-post-thumbnail","hentry","category-blogu-i-udhetarit","category-politika","category-press-releases"],"jetpack_publicize_connections":[],"jetpack_featured_media_url":"https:\/\/i0.wp.com\/www.shqiperia.com\/blog\/wp-content\/uploads\/2020\/09\/118803766_3625005820843473_2325416495913676843_n.jpg?fit=600%2C583&ssl=1","jetpack_sharing_enabled":true,"jetpack_shortlink":"https:\/\/wp.me\/p5Z6wp-9Tl","jetpack-related-posts":[{"id":4678,"url":"https:\/\/www.shqiperia.com\/blog\/ti-nuk-lexon\/","url_meta":{"origin":38027,"position":0},"title":"Ti nuk lexon. \u2013","author":"Kurt Farka","date":"March 11, 2018","format":false,"excerpt":"Nga: Edison Ypi -Ti ha, pi, vishesh, mbathesh, zbavitesh. Por nuk je i qet\u00eb. Nuk ndjehesh i lumtur. Ke ankesa. Nuk t\u00eb rreh mir\u00eb zemra. Nuk t\u00eb mbushet mushk\u00ebria. Nuk e shijon dhe nuk e tret si duhet ushqimin. Mir\u00eb t\u00eb b\u00ebhet. Do vuash derisa t\u00eb vdes\u00ebsh. Sepse ti nuk\u2026","rel":"","context":"In &quot;Blogu i Udh\u00ebtarit&quot;","block_context":{"text":"Blogu i Udh\u00ebtarit","link":"https:\/\/www.shqiperia.com\/blog\/category\/blogu-i-udhetarit\/"},"img":{"alt_text":"","src":"https:\/\/i0.wp.com\/www.shqiperia.com\/blog\/wp-content\/uploads\/2018\/03\/edison-Ypi.jpg?fit=650%2C258&ssl=1&resize=350%2C200","width":350,"height":200,"srcset":"https:\/\/i0.wp.com\/www.shqiperia.com\/blog\/wp-content\/uploads\/2018\/03\/edison-Ypi.jpg?fit=650%2C258&ssl=1&resize=350%2C200 1x, https:\/\/i0.wp.com\/www.shqiperia.com\/blog\/wp-content\/uploads\/2018\/03\/edison-Ypi.jpg?fit=650%2C258&ssl=1&resize=525%2C300 1.5x"},"classes":[]},{"id":18224,"url":"https:\/\/www.shqiperia.com\/blog\/ku-ti-kerkojme-kryeveprat-e-artit-etnokulturor-te-kombit-tone\/","url_meta":{"origin":38027,"position":1},"title":"Ku ti kerkojme kryeveprat e Artit Etnokulturor te Kombit Tone. &#8211;","author":"Kurt Farka","date":"March 11, 2019","format":false,"excerpt":"Ku ti kerkojme kryeveprat e Artit Etnokulturor te Kombit Tone. - Ja tek Veshjet tona. Duhen studiuar dhe popullarizuar, qe ne rradhe te pare ti njohim dhe kuptojme vete ne shqiptaret e pastaj .... fjalet e shumta fukarallek ......","rel":"","context":"In &quot;Histori&quot;","block_context":{"text":"Histori","link":"https:\/\/www.shqiperia.com\/blog\/category\/histori\/"},"img":{"alt_text":"","src":"https:\/\/i0.wp.com\/www.shqiperia.com\/blog\/wp-content\/uploads\/2019\/03\/Art-Arkaik-Etnokulturor.jpg?fit=720%2C388&ssl=1&resize=350%2C200","width":350,"height":200,"srcset":"https:\/\/i0.wp.com\/www.shqiperia.com\/blog\/wp-content\/uploads\/2019\/03\/Art-Arkaik-Etnokulturor.jpg?fit=720%2C388&ssl=1&resize=350%2C200 1x, https:\/\/i0.wp.com\/www.shqiperia.com\/blog\/wp-content\/uploads\/2019\/03\/Art-Arkaik-Etnokulturor.jpg?fit=720%2C388&ssl=1&resize=525%2C300 1.5x, https:\/\/i0.wp.com\/www.shqiperia.com\/blog\/wp-content\/uploads\/2019\/03\/Art-Arkaik-Etnokulturor.jpg?fit=720%2C388&ssl=1&resize=700%2C400 2x"},"classes":[]},{"id":27510,"url":"https:\/\/www.shqiperia.com\/blog\/ministrja-i-quajti-zaptues-reagon-aktorja-kush-je-ti-nga-dole\/","url_meta":{"origin":38027,"position":2},"title":"Ministrja i quajti zaptues, reagon aktorja: &#8211; Kush je ti? Nga dole?","author":"Kurt Farka","date":"October 30, 2019","format":false,"excerpt":"Ministrja i quajti zaptues, reagon aktorja: - Kush je ti? Nga dole? Nga Adriana Tolka 30\/10\/19 E ftuar n\u00eb emisionin \u2018Wake Up\u2019 n\u00eb TCh, Ministrja e Kultur\u00ebs Elva Margariti, e pyetur n\u00eb lidhje me Teatrin Komb\u00ebtar dhe rezistenc\u00ebn e artist\u00ebve, u shpreh nd\u00ebr t\u00eb tjera se ata jan\u00eb zaptues t\u00eb\u2026","rel":"","context":"In &quot;Blogu i Udh\u00ebtarit&quot;","block_context":{"text":"Blogu i Udh\u00ebtarit","link":"https:\/\/www.shqiperia.com\/blog\/category\/blogu-i-udhetarit\/"},"img":{"alt_text":"","src":"https:\/\/i0.wp.com\/www.shqiperia.com\/blog\/wp-content\/uploads\/2019\/10\/margariti.png?fit=569%2C307&ssl=1&resize=350%2C200","width":350,"height":200,"srcset":"https:\/\/i0.wp.com\/www.shqiperia.com\/blog\/wp-content\/uploads\/2019\/10\/margariti.png?fit=569%2C307&ssl=1&resize=350%2C200 1x, https:\/\/i0.wp.com\/www.shqiperia.com\/blog\/wp-content\/uploads\/2019\/10\/margariti.png?fit=569%2C307&ssl=1&resize=525%2C300 1.5x"},"classes":[]},{"id":28781,"url":"https:\/\/www.shqiperia.com\/blog\/nene-lokja-edi-rama-5-djem-ja-fala-kosoves-1-me-ka-mbetur-e-dergova-te-ti-dhe-prap-je-mos-mirenjohes-turp\/","url_meta":{"origin":38027,"position":3},"title":"N\u00ebn\u00eb Lokja: &#8211; Edi Rama 5 Djem Ja Fala Kosov\u00ebs, 1 Me Ka Mbetur E Dergova Te Ti. Dhe Prap Je Mos Mirenjohes, TURP!","author":"Kurt Farka","date":"November 28, 2019","format":false,"excerpt":"N\u00ebn\u00eb Lokja: - Edi Rama 5 Djem Ja Fala Kosov\u00ebs, 1 Me Ka Mbetur E Dergova Te Ti. Dhe Prap Je Mos Mirenjohes, TURP! \u2026 Por nj\u00eb gj\u00eb ta kesh t\u00eb sigurt\u00eb, se edhe po ti kisha 5 tjer t\u00eb gjall\u00eb edhe ata do ti dergoja p\u00ebr Shqip\u00ebrin\u00eb. \u00a027\/11\/2019 Nj\u00eb\u2026","rel":"","context":"In &quot;Blogu i Udh\u00ebtarit&quot;","block_context":{"text":"Blogu i Udh\u00ebtarit","link":"https:\/\/www.shqiperia.com\/blog\/category\/blogu-i-udhetarit\/"},"img":{"alt_text":"","src":"https:\/\/i0.wp.com\/www.shqiperia.com\/blog\/wp-content\/uploads\/2019\/11\/auto_vii_1494764501-56784861494771135.jpg?fit=860%2C471&ssl=1&resize=350%2C200","width":350,"height":200,"srcset":"https:\/\/i0.wp.com\/www.shqiperia.com\/blog\/wp-content\/uploads\/2019\/11\/auto_vii_1494764501-56784861494771135.jpg?fit=860%2C471&ssl=1&resize=350%2C200 1x, https:\/\/i0.wp.com\/www.shqiperia.com\/blog\/wp-content\/uploads\/2019\/11\/auto_vii_1494764501-56784861494771135.jpg?fit=860%2C471&ssl=1&resize=525%2C300 1.5x, https:\/\/i0.wp.com\/www.shqiperia.com\/blog\/wp-content\/uploads\/2019\/11\/auto_vii_1494764501-56784861494771135.jpg?fit=860%2C471&ssl=1&resize=700%2C400 2x"},"classes":[]},{"id":34176,"url":"https:\/\/www.shqiperia.com\/blog\/osman-mula-ilir-beqjes-ti-mor-milioner-pa-nje-dite-pune-qe-te-hoqen-si-vjedhes-pensionesh\/","url_meta":{"origin":38027,"position":4},"title":"Osman Mula, Ilir Beqjes: &#8211; Ti mor milioner pa nj\u00eb dit\u00eb pune, q\u00eb t\u00eb hoq\u00ebn si vjedh\u00ebs pensionesh","author":"Kurt Farka","date":"May 3, 2020","format":false,"excerpt":"Osman Mula, Ilir Beqjes: - Ti mor milioner pa nj\u00eb dit\u00eb pune, q\u00eb t\u00eb hoq\u00ebn si vjedh\u00ebs pensionesh - 02.05.20 Regjisori e kompozitori i njohur Osman Mula i \u00ebsht\u00eb p\u00ebrgjigjur ashp\u00ebr, propozimit t\u00eb ish-ministrit socialist Ilir Beqja, q\u00eb k\u00ebrkoi ulje t\u00eb pensioneve suplementare n\u00eb kushtet e pandemis\u00eb dhe d\u00ebmtimit t\u00eb\u2026","rel":"","context":"In &quot;Blogu i Udh\u00ebtarit&quot;","block_context":{"text":"Blogu i Udh\u00ebtarit","link":"https:\/\/www.shqiperia.com\/blog\/category\/blogu-i-udhetarit\/"},"img":{"alt_text":"","src":"https:\/\/i0.wp.com\/www.shqiperia.com\/blog\/wp-content\/uploads\/2020\/05\/Osman-Mula.jpg?fit=770%2C433&ssl=1&resize=350%2C200","width":350,"height":200,"srcset":"https:\/\/i0.wp.com\/www.shqiperia.com\/blog\/wp-content\/uploads\/2020\/05\/Osman-Mula.jpg?fit=770%2C433&ssl=1&resize=350%2C200 1x, https:\/\/i0.wp.com\/www.shqiperia.com\/blog\/wp-content\/uploads\/2020\/05\/Osman-Mula.jpg?fit=770%2C433&ssl=1&resize=525%2C300 1.5x, https:\/\/i0.wp.com\/www.shqiperia.com\/blog\/wp-content\/uploads\/2020\/05\/Osman-Mula.jpg?fit=770%2C433&ssl=1&resize=700%2C400 2x"},"classes":[]},{"id":29632,"url":"https:\/\/www.shqiperia.com\/blog\/tenori-i-njohur-i-shkruan-rames-zoti-e-ruajte-shqiperine-nga-shqiptaret-si-ti\/","url_meta":{"origin":38027,"position":5},"title":"Tenori i njohur i shkruan Ram\u00ebs: Zoti e ruajt\u00eb Shqip\u00ebrin\u00eb nga shqiptar\u00ebt si ti! &#8211;","author":"Kurt Farka","date":"December 23, 2019","format":false,"excerpt":"Tenori i njohur i shkruan Ram\u00ebs: Zoti e ruajt\u00eb Shqip\u00ebrin\u00eb nga shqiptar\u00ebt si ti! Nga\u00a0Gazeta Telegraf 22 Dhjetor, 2019 P\u00ebrmes nj\u00eb postimi n\u00eb Facebook, drejtuar kryeministrit t\u00eb Shqip\u00ebris\u00eb Edi Rama, tenori nga Kosova, i njohur nd\u00ebrkomb\u00ebtarisht, Rame Lahaj nuk kursen kritikat dhe ironit\u00eb me veprimet e fundit politike t\u00eb shefit\u2026","rel":"","context":"In &quot;Blogu i Udh\u00ebtarit&quot;","block_context":{"text":"Blogu i Udh\u00ebtarit","link":"https:\/\/www.shqiperia.com\/blog\/category\/blogu-i-udhetarit\/"},"img":{"alt_text":"","src":"https:\/\/i0.wp.com\/www.shqiperia.com\/blog\/wp-content\/uploads\/2019\/12\/5555-4-696x348-1.jpg?fit=696%2C348&ssl=1&resize=350%2C200","width":350,"height":200,"srcset":"https:\/\/i0.wp.com\/www.shqiperia.com\/blog\/wp-content\/uploads\/2019\/12\/5555-4-696x348-1.jpg?fit=696%2C348&ssl=1&resize=350%2C200 1x, https:\/\/i0.wp.com\/www.shqiperia.com\/blog\/wp-content\/uploads\/2019\/12\/5555-4-696x348-1.jpg?fit=696%2C348&ssl=1&resize=525%2C300 1.5x"},"classes":[]}],"_links":{"self":[{"href":"https:\/\/www.shqiperia.com\/blog\/wp-json\/wp\/v2\/posts\/38027","targetHints":{"allow":["GET"]}}],"collection":[{"href":"https:\/\/www.shqiperia.com\/blog\/wp-json\/wp\/v2\/posts"}],"about":[{"href":"https:\/\/www.shqiperia.com\/blog\/wp-json\/wp\/v2\/types\/post"}],"author":[{"embeddable":true,"href":"https:\/\/www.shqiperia.com\/blog\/wp-json\/wp\/v2\/users\/9"}],"replies":[{"embeddable":true,"href":"https:\/\/www.shqiperia.com\/blog\/wp-json\/wp\/v2\/comments?post=38027"}],"version-history":[{"count":3,"href":"https:\/\/www.shqiperia.com\/blog\/wp-json\/wp\/v2\/posts\/38027\/revisions"}],"predecessor-version":[{"id":38033,"href":"https:\/\/www.shqiperia.com\/blog\/wp-json\/wp\/v2\/posts\/38027\/revisions\/38033"}],"wp:featuredmedia":[{"embeddable":true,"href":"https:\/\/www.shqiperia.com\/blog\/wp-json\/wp\/v2\/media\/38029"}],"wp:attachment":[{"href":"https:\/\/www.shqiperia.com\/blog\/wp-json\/wp\/v2\/media?parent=38027"}],"wp:term":[{"taxonomy":"category","embeddable":true,"href":"https:\/\/www.shqiperia.com\/blog\/wp-json\/wp\/v2\/categories?post=38027"},{"taxonomy":"post_tag","embeddable":true,"href":"https:\/\/www.shqiperia.com\/blog\/wp-json\/wp\/v2\/tags?post=38027"}],"curies":[{"name":"wp","href":"https:\/\/api.w.org\/{rel}","templated":true}]}}