{"id":38013,"date":"2020-09-04T07:33:53","date_gmt":"2020-09-04T07:33:53","guid":{"rendered":"https:\/\/www.shqiperia.com\/blog\/?p=38013"},"modified":"2020-09-04T07:33:53","modified_gmt":"2020-09-04T07:33:53","slug":"ivanka-trump-merr-pjese-ne-takimin-hoti-vucic-ne-uashington-zbulohen-prapaskenat-dhe-cfare-tha-gjate-mbledhjes-vajza-e-presidentit-te-shba-se","status":"publish","type":"post","link":"https:\/\/www.shqiperia.com\/blog\/ivanka-trump-merr-pjese-ne-takimin-hoti-vucic-ne-uashington-zbulohen-prapaskenat-dhe-cfare-tha-gjate-mbledhjes-vajza-e-presidentit-te-shba-se\/","title":{"rendered":"Ivanka Trump merr pjes\u00eb n\u00eb takimin Hoti-Vu\u00e7i\u00e7 n\u00eb Uashington, zbulohen prapaskenat dhe \u00e7far\u00eb tha gjat\u00eb mbledhjes vajza e Presidentit t\u00eb SHBA-s\u00eb"},"content":{"rendered":"<p><img data-recalc-dims=\"1\" loading=\"lazy\" decoding=\"async\" data-attachment-id=\"38014\" data-permalink=\"https:\/\/www.shqiperia.com\/blog\/ivanka-trump-merr-pjese-ne-takimin-hoti-vucic-ne-uashington-zbulohen-prapaskenat-dhe-cfare-tha-gjate-mbledhjes-vajza-e-presidentit-te-shba-se\/800-0-5f51e73bd5cf6\/\" data-orig-file=\"https:\/\/i0.wp.com\/www.shqiperia.com\/blog\/wp-content\/uploads\/2020\/09\/800-0-5f51e73bd5cf6.jpg?fit=800%2C434&amp;ssl=1\" data-orig-size=\"800,434\" data-comments-opened=\"1\" data-image-meta=\"{&quot;aperture&quot;:&quot;0&quot;,&quot;credit&quot;:&quot;&quot;,&quot;camera&quot;:&quot;&quot;,&quot;caption&quot;:&quot;&quot;,&quot;created_timestamp&quot;:&quot;0&quot;,&quot;copyright&quot;:&quot;&quot;,&quot;focal_length&quot;:&quot;0&quot;,&quot;iso&quot;:&quot;0&quot;,&quot;shutter_speed&quot;:&quot;0&quot;,&quot;title&quot;:&quot;&quot;,&quot;orientation&quot;:&quot;0&quot;}\" data-image-title=\"-800-0-5f51e73bd5cf6\" data-image-description=\"\" data-image-caption=\"\" data-medium-file=\"https:\/\/i0.wp.com\/www.shqiperia.com\/blog\/wp-content\/uploads\/2020\/09\/800-0-5f51e73bd5cf6.jpg?fit=300%2C163&amp;ssl=1\" data-large-file=\"https:\/\/i0.wp.com\/www.shqiperia.com\/blog\/wp-content\/uploads\/2020\/09\/800-0-5f51e73bd5cf6.jpg?fit=800%2C434&amp;ssl=1\" class=\"alignnone  wp-image-38014\" alt=\"\" src=\"https:\/\/i0.wp.com\/www.shqiperia.com\/blog\/wp-content\/uploads\/2020\/09\/800-0-5f51e73bd5cf6.jpg?resize=480%2C261&#038;ssl=1\" width=\"480\" height=\"261\" srcset=\"https:\/\/i0.wp.com\/www.shqiperia.com\/blog\/wp-content\/uploads\/2020\/09\/800-0-5f51e73bd5cf6.jpg?resize=300%2C163&amp;ssl=1 300w, https:\/\/i0.wp.com\/www.shqiperia.com\/blog\/wp-content\/uploads\/2020\/09\/800-0-5f51e73bd5cf6.jpg?resize=768%2C417&amp;ssl=1 768w, https:\/\/i0.wp.com\/www.shqiperia.com\/blog\/wp-content\/uploads\/2020\/09\/800-0-5f51e73bd5cf6.jpg?resize=450%2C244&amp;ssl=1 450w, https:\/\/i0.wp.com\/www.shqiperia.com\/blog\/wp-content\/uploads\/2020\/09\/800-0-5f51e73bd5cf6.jpg?resize=600%2C326&amp;ssl=1 600w, https:\/\/i0.wp.com\/www.shqiperia.com\/blog\/wp-content\/uploads\/2020\/09\/800-0-5f51e73bd5cf6.jpg?resize=400%2C217&amp;ssl=1 400w, https:\/\/i0.wp.com\/www.shqiperia.com\/blog\/wp-content\/uploads\/2020\/09\/800-0-5f51e73bd5cf6.jpg?w=800&amp;ssl=1 800w\" sizes=\"auto, (max-width: 480px) 100vw, 480px\" \/><\/p>\n<p>Ivanka Trump merr pjes\u00eb n\u00eb takimin Hoti-Vu\u00e7i\u00e7 n\u00eb Uashington, zbulohen prapaskenat dhe \u00e7far\u00eb tha gjat\u00eb mbledhjes vajza e Presidentit t\u00eb SHBA-s\u00eb<\/p>\n<p>4 SHTATOR 2020<\/p>\n<p>Dje u mbajt takimi i shum\u00ebpritur mes Kosov\u00ebs dhe Serbis\u00eb n\u00eb Uashington, ku m\u00ebsohet se ishte e pranishme edhe vajza e Presidentit Donald Trump, Ivanka.<\/p>\n<p>Ajo rrall\u00eb merr pjes\u00eb n\u00ebp\u00ebr takime, por b\u00ebhet pjes\u00eb vet\u00ebm e atyre takimeve t\u00eb r\u00ebnd\u00ebsishme diplomatike p\u00ebr t\u00eb cilat ka interes babai i saj, Donald Trump.<\/p>\n<p>Mediat raportojn\u00eb se Ivanka foli p\u00ebr tema t\u00eb r\u00ebnd\u00ebsishme, p\u00ebr zhvillimin e nd\u00ebrmarr\u00ebsis\u00eb n\u00eb Ballkan e posa\u00e7\u00ebrisht p\u00ebr mb\u00ebshtetjen e grave n\u00eb Beograd e Prishtin\u00eb.<\/p>\n<p>N\u00eb p\u00ebrfundim t\u00eb takimit, kryeministri Avdullah Hoti \u00ebsht\u00eb shprehur n\u00eb nj\u00eb konferenc\u00eb p\u00ebr median se sot pritet t\u00eb finalizohet diskutimi q\u00eb kan\u00eb pasur delegacionet e shteteve gjat\u00eb dialogut n\u00eb Uashington<\/p>\n<p>\u201cJemi takuar me O\u2019brien dhe Grenell. Kishim nj\u00eb takim me presidentin serb gjithashtu. Nes\u00ebr presim t\u00eb finalizojm\u00eb k\u00ebt\u00eb diskutim q\u00eb pat\u00ebm sot\u201d, \u00ebsht\u00eb shprehur Hoti.<\/p>\n<p>Nd\u00ebr t\u00eb tjera ai ka theksuar edhe nj\u00eb her\u00eb se nuk \u00ebsht\u00eb shtruar dhe se nuk do t\u00eb shtrohet n\u00eb tavolin\u00eb \u00e7\u00ebshtja e diskutimit t\u00eb territoreve.<\/p>\n<p>\u201cAs nuk \u00ebsht\u00eb shtruar e as nuk do t\u00eb shtrohet n\u00eb tavolin\u00eb \u00e7\u00ebshtja e shk\u00ebmbimit t\u00eb territoreve\u201d, ka th\u00ebn\u00eb Hoti.<\/p>\n<p>Gazeta Sot<\/p>\n","protected":false},"excerpt":{"rendered":"<p>Ivanka Trump merr pjes\u00eb n\u00eb takimin Hoti-Vu\u00e7i\u00e7 n\u00eb Uashington, zbulohen prapaskenat dhe \u00e7far\u00eb tha gjat\u00eb mbledhjes vajza e Presidentit t\u00eb SHBA-s\u00eb 4 SHTATOR 2020 Dje u mbajt takimi i shum\u00ebpritur mes Kosov\u00ebs dhe Serbis\u00eb n\u00eb Uashington, ku m\u00ebsohet se ishte e pranishme edhe vajza e Presidentit Donald Trump, Ivanka. Ajo rrall\u00eb merr pjes\u00eb n\u00ebp\u00ebr takime, [&hellip;]<\/p>\n","protected":false},"author":9,"featured_media":38014,"comment_status":"open","ping_status":"open","sticky":false,"template":"","format":"standard","meta":{"jetpack_post_was_ever_published":false,"_jetpack_newsletter_access":"","_jetpack_dont_email_post_to_subs":false,"_jetpack_newsletter_tier_id":0,"_jetpack_memberships_contains_paywalled_content":false,"_jetpack_memberships_contains_paid_content":false,"footnotes":"","jetpack_publicize_message":"","jetpack_publicize_feature_enabled":true,"jetpack_social_post_already_shared":true,"jetpack_social_options":{"image_generator_settings":{"template":"highway","default_image_id":0,"font":"","enabled":false},"version":2}},"categories":[27,14],"tags":[],"class_list":["post-38013","post","type-post","status-publish","format-standard","has-post-thumbnail","hentry","category-blogu-i-udhetarit","category-press-releases"],"jetpack_publicize_connections":[],"jetpack_featured_media_url":"https:\/\/i0.wp.com\/www.shqiperia.com\/blog\/wp-content\/uploads\/2020\/09\/800-0-5f51e73bd5cf6.jpg?fit=800%2C434&ssl=1","jetpack_sharing_enabled":true,"jetpack_shortlink":"https:\/\/wp.me\/p5Z6wp-9T7","jetpack-related-posts":[{"id":99303,"url":"https:\/\/www.shqiperia.com\/blog\/ivanka-trump-ne-vlore-pamjet-nga-vila-qeveritare-ku-po-qendron-vajza-e-presidentit-amerikan\/","url_meta":{"origin":38013,"position":0},"title":"Ivanka Trump n\u00eb Vlor\u00eb\/ Pamjet nga vila qeveritare, ku po q\u00ebndron vajza e presidentit amerikan","author":"Kurt Farka","date":"April 12, 2026","format":false,"excerpt":"12 Prill 2026 Kjo \u00ebsht\u00eb vila qeveritare n\u00eb Vlor\u00eb ku po q\u00ebndron Ivanka Trump. Ajo \u00ebsht\u00eb akomoduar aty prej mbr\u00ebmjes s\u00eb kaluar. Sot pritet q\u00eb ajo dhe kryeministri Rama t\u00eb ndalen p\u00ebr nj\u00eb drek\u00eb n\u00eb Dh\u00ebrmi. Kujtojm\u00eb q\u00eb n\u00eb vizit\u00ebn e saj t\u00eb fundit n\u00eb Vlor\u00eb, n\u00eb janar, ishin t\u00eb\u2026","rel":"","context":"In &quot;Njoftime Shtypi&quot;","block_context":{"text":"Njoftime Shtypi","link":"https:\/\/www.shqiperia.com\/blog\/category\/njoftime-shtypi\/"},"img":{"alt_text":"","src":"https:\/\/i0.wp.com\/www.shqiperia.com\/blog\/wp-content\/uploads\/2026\/04\/vila-qeveritare-Vlore.jpg?fit=780%2C440&ssl=1&resize=350%2C200","width":350,"height":200,"srcset":"https:\/\/i0.wp.com\/www.shqiperia.com\/blog\/wp-content\/uploads\/2026\/04\/vila-qeveritare-Vlore.jpg?fit=780%2C440&ssl=1&resize=350%2C200 1x, https:\/\/i0.wp.com\/www.shqiperia.com\/blog\/wp-content\/uploads\/2026\/04\/vila-qeveritare-Vlore.jpg?fit=780%2C440&ssl=1&resize=525%2C300 1.5x, https:\/\/i0.wp.com\/www.shqiperia.com\/blog\/wp-content\/uploads\/2026\/04\/vila-qeveritare-Vlore.jpg?fit=780%2C440&ssl=1&resize=700%2C400 2x"},"classes":[]},{"id":37789,"url":"https:\/\/www.shqiperia.com\/blog\/pres-befasi-nga-takimi-ne-uashington-vucic-flet-per-cmimin-qe-duhet-te-paguaje-serbia\/","url_meta":{"origin":38013,"position":1},"title":"\u201cPres befasi nga takimi n\u00eb Uashington\u201d, Vu\u00e7i\u00e7 flet p\u00ebr \u00e7mimin q\u00eb duhet t\u00eb paguaj\u00eb Serbia","author":"Kurt Farka","date":"August 29, 2020","format":false,"excerpt":"\u201cPres befasi nga takimi n\u00eb Uashington\u201d, Vu\u00e7i\u00e7 flet p\u00ebr \u00e7mimin q\u00eb duhet t\u00eb paguaj\u00eb Serbia 29 gusht 2020 Presidenti i Serbis\u00eb, Aleksandar Vu\u00e7iq, tha se Serbia ka pranuar agjend\u00ebn zyrtare p\u00ebr negociatat me Kosov\u00ebn n\u00eb Uashington, m\u00eb 4 shtator, dhe se n\u00eb t\u00eb \u00ebsht\u00eb vet\u00ebm nj\u00eb \u201cpik\u00eb q\u00eb \u00ebsht\u00eb e\u2026","rel":"","context":"In &quot;Blogu i Udh\u00ebtarit&quot;","block_context":{"text":"Blogu i Udh\u00ebtarit","link":"https:\/\/www.shqiperia.com\/blog\/category\/blogu-i-udhetarit\/"},"img":{"alt_text":"","src":"https:\/\/i0.wp.com\/www.shqiperia.com\/blog\/wp-content\/uploads\/2020\/08\/vucic.jpg?fit=1023%2C575&ssl=1&resize=350%2C200","width":350,"height":200,"srcset":"https:\/\/i0.wp.com\/www.shqiperia.com\/blog\/wp-content\/uploads\/2020\/08\/vucic.jpg?fit=1023%2C575&ssl=1&resize=350%2C200 1x, https:\/\/i0.wp.com\/www.shqiperia.com\/blog\/wp-content\/uploads\/2020\/08\/vucic.jpg?fit=1023%2C575&ssl=1&resize=525%2C300 1.5x, https:\/\/i0.wp.com\/www.shqiperia.com\/blog\/wp-content\/uploads\/2020\/08\/vucic.jpg?fit=1023%2C575&ssl=1&resize=700%2C400 2x"},"classes":[]},{"id":96784,"url":"https:\/\/www.shqiperia.com\/blog\/ivanka-trump-ne-vlore-shoqerohet-me-forca-te-shumta-policie\/","url_meta":{"origin":38013,"position":2},"title":"Ivanka Trump n\u00eb Vlor\u00eb, shoq\u00ebrohet me forca t\u00eb shumta policie","author":"Kurt Farka","date":"January 21, 2026","format":false,"excerpt":"21 Janar 2026 Ivanka Trump ka mb\u00ebrritur paraditen e k\u00ebsaj t\u00eb m\u00ebrkure n\u00eb Vlor\u00eb. Vajza e presidentit Donald Trump sapo ka mb\u00ebrritur n\u00eb qytetin bregdetar dhe \u00ebsht\u00eb shoq\u00ebruar me forca t\u00eb shumta policie. Ivanka Trump ka ardhur rreth or\u00ebs 10:00 dhe aktualisht ndodhet n\u00eb zon\u00ebn e Ujit t\u00eb Ftoht\u00eb, n\u00eb\u2026","rel":"","context":"In &quot;Blogu i Udh\u00ebtarit&quot;","block_context":{"text":"Blogu i Udh\u00ebtarit","link":"https:\/\/www.shqiperia.com\/blog\/category\/blogu-i-udhetarit\/"},"img":{"alt_text":"","src":"https:\/\/i0.wp.com\/www.shqiperia.com\/blog\/wp-content\/uploads\/2026\/01\/ivanka-800x450-1.webp?fit=800%2C450&ssl=1&resize=350%2C200","width":350,"height":200,"srcset":"https:\/\/i0.wp.com\/www.shqiperia.com\/blog\/wp-content\/uploads\/2026\/01\/ivanka-800x450-1.webp?fit=800%2C450&ssl=1&resize=350%2C200 1x, https:\/\/i0.wp.com\/www.shqiperia.com\/blog\/wp-content\/uploads\/2026\/01\/ivanka-800x450-1.webp?fit=800%2C450&ssl=1&resize=525%2C300 1.5x, https:\/\/i0.wp.com\/www.shqiperia.com\/blog\/wp-content\/uploads\/2026\/01\/ivanka-800x450-1.webp?fit=800%2C450&ssl=1&resize=700%2C400 2x"},"classes":[]},{"id":36260,"url":"https:\/\/www.shqiperia.com\/blog\/perfundon-takimi-hoti-vucic-i-derguari-i-be-zbardh-prapaskenat-marredheniet-u-normalizuan-pas-20-muajsh-ja-per-cfare-rame-dakord\/","url_meta":{"origin":38013,"position":3},"title":"P\u00ebrfundon takimi Hoti-Vu\u00e7i\u00e7, i d\u00ebrguari i BE zbardh prapaskenat: Marr\u00ebdh\u00ebniet u normalizuan pas 20 muajsh, ja p\u00ebr \u00e7far\u00eb ram\u00eb dakord!","author":"Kurt Farka","date":"July 12, 2020","format":false,"excerpt":"P\u00ebrfundon takimi Hoti-Vu\u00e7i\u00e7, i d\u00ebrguari i BE zbardh prapaskenat: Marr\u00ebdh\u00ebniet u normalizuan pas 20 muajsh, ja p\u00ebr \u00e7far\u00eb ram\u00eb dakord! 12 KORRIK 2020 Ka p\u00ebrfunduar takimi virtual mes kryeministrit t\u00eb Kosov\u00ebs Avdullah Hoti dhe presidentit t\u00eb Serbis\u00eb Aleksand\u00ebr Vu\u00e7i\u00e7. Pjes\u00ebmarr\u00ebs n\u00eb k\u00ebt\u00eb takim online ishin edhe p\u00ebrfaq\u00ebsuesit e lart\u00eb europian\u00eb,\u2026","rel":"","context":"In &quot;Blogu i Udh\u00ebtarit&quot;","block_context":{"text":"Blogu i Udh\u00ebtarit","link":"https:\/\/www.shqiperia.com\/blog\/category\/blogu-i-udhetarit\/"},"img":{"alt_text":"","src":"https:\/\/i0.wp.com\/www.shqiperia.com\/blog\/wp-content\/uploads\/2020\/07\/Miroslav-Laj%C3%A7ak.jpg?fit=800%2C447&ssl=1&resize=350%2C200","width":350,"height":200,"srcset":"https:\/\/i0.wp.com\/www.shqiperia.com\/blog\/wp-content\/uploads\/2020\/07\/Miroslav-Laj%C3%A7ak.jpg?fit=800%2C447&ssl=1&resize=350%2C200 1x, https:\/\/i0.wp.com\/www.shqiperia.com\/blog\/wp-content\/uploads\/2020\/07\/Miroslav-Laj%C3%A7ak.jpg?fit=800%2C447&ssl=1&resize=525%2C300 1.5x, https:\/\/i0.wp.com\/www.shqiperia.com\/blog\/wp-content\/uploads\/2020\/07\/Miroslav-Laj%C3%A7ak.jpg?fit=800%2C447&ssl=1&resize=700%2C400 2x"},"classes":[]},{"id":38019,"url":"https:\/\/www.shqiperia.com\/blog\/trump-koke-me-koke-me-hotin-dhe-vucic-nenshkruhet-sot-dokumenti-i-rendesishem\/","url_meta":{"origin":38013,"position":4},"title":"Trump \u2018kok\u00eb m\u00eb kok\u00eb\u2019 me Hotin dhe Vu\u00e7i\u00e7, n\u00ebnshkruhet sot dokumenti i r\u00ebnd\u00ebsish\u00ebm","author":"Kurt Farka","date":"September 4, 2020","format":false,"excerpt":"Trump \u2018kok\u00eb m\u00eb kok\u00eb\u2019 me Hotin dhe Vu\u00e7i\u00e7, n\u00ebnshkruhet sot dokumenti i r\u00ebnd\u00ebsish\u00ebm E PREMTE 4 SHTATOR 2020 Sipas nj\u00eb njoftimi t\u00eb Sht\u00ebpis\u00eb s\u00eb Bardh\u00eb, Presidenti Trump do takohet sot me Kryeministrin e Kosov\u00ebs, Avdullah Hoti dhe Presidentin e Serbis\u00eb. Njoftimi i s\u00eb enjtes n\u00eb mbr\u00ebmje i Sht\u00ebpis\u00eb s\u00eb Bardh\u00eb\u2026","rel":"","context":"In &quot;Blogu i Udh\u00ebtarit&quot;","block_context":{"text":"Blogu i Udh\u00ebtarit","link":"https:\/\/www.shqiperia.com\/blog\/category\/blogu-i-udhetarit\/"},"img":{"alt_text":"","src":"https:\/\/i0.wp.com\/www.shqiperia.com\/blog\/wp-content\/uploads\/2020\/09\/640-0-5f51d6d73d8c7.jpg?fit=640%2C360&ssl=1&resize=350%2C200","width":350,"height":200,"srcset":"https:\/\/i0.wp.com\/www.shqiperia.com\/blog\/wp-content\/uploads\/2020\/09\/640-0-5f51d6d73d8c7.jpg?fit=640%2C360&ssl=1&resize=350%2C200 1x, https:\/\/i0.wp.com\/www.shqiperia.com\/blog\/wp-content\/uploads\/2020\/09\/640-0-5f51d6d73d8c7.jpg?fit=640%2C360&ssl=1&resize=525%2C300 1.5x"},"classes":[]},{"id":35857,"url":"https:\/\/www.shqiperia.com\/blog\/marreveshja-me-18-pika-tek-trump-kosova-merr-7-miliarde-euro-vizat-dhe-nuk-humb-territor-serbia-njeh-kosoven-dhe\/","url_meta":{"origin":38013,"position":5},"title":"Marr\u00ebveshja me 18 pika tek Trump\/ Kosova merr 7 miliard\u00eb euro, vizat dhe nuk humb territor. Serbia njeh Kosov\u00ebn dhe\u2026.","author":"Kurt Farka","date":"June 19, 2020","format":false,"excerpt":"Marr\u00ebveshja me 18 pika tek Trump\/ Kosova merr 7 miliard\u00eb euro, vizat dhe nuk humb territor. Serbia njeh Kosov\u00ebn dhe\u2026. 19 Qershor 2020 | 14 : 57 Edhe pse do t\u00eb hyjn\u00eb duar bosh, lider\u00ebt e Kosov\u00ebs dhe Serbis\u00eb mund t\u00eb dalin nga \u201cbisedimet e paqes\u201d n\u00eb Sht\u00ebpin\u00eb e Bardh\u00eb,\u2026","rel":"","context":"In &quot;Blogu i Udh\u00ebtarit&quot;","block_context":{"text":"Blogu i Udh\u00ebtarit","link":"https:\/\/www.shqiperia.com\/blog\/category\/blogu-i-udhetarit\/"},"img":{"alt_text":"","src":"https:\/\/i0.wp.com\/www.shqiperia.com\/blog\/wp-content\/uploads\/2020\/06\/shtepia-e-bardhe.jpg?fit=900%2C473&ssl=1&resize=350%2C200","width":350,"height":200,"srcset":"https:\/\/i0.wp.com\/www.shqiperia.com\/blog\/wp-content\/uploads\/2020\/06\/shtepia-e-bardhe.jpg?fit=900%2C473&ssl=1&resize=350%2C200 1x, https:\/\/i0.wp.com\/www.shqiperia.com\/blog\/wp-content\/uploads\/2020\/06\/shtepia-e-bardhe.jpg?fit=900%2C473&ssl=1&resize=525%2C300 1.5x, https:\/\/i0.wp.com\/www.shqiperia.com\/blog\/wp-content\/uploads\/2020\/06\/shtepia-e-bardhe.jpg?fit=900%2C473&ssl=1&resize=700%2C400 2x"},"classes":[]}],"_links":{"self":[{"href":"https:\/\/www.shqiperia.com\/blog\/wp-json\/wp\/v2\/posts\/38013","targetHints":{"allow":["GET"]}}],"collection":[{"href":"https:\/\/www.shqiperia.com\/blog\/wp-json\/wp\/v2\/posts"}],"about":[{"href":"https:\/\/www.shqiperia.com\/blog\/wp-json\/wp\/v2\/types\/post"}],"author":[{"embeddable":true,"href":"https:\/\/www.shqiperia.com\/blog\/wp-json\/wp\/v2\/users\/9"}],"replies":[{"embeddable":true,"href":"https:\/\/www.shqiperia.com\/blog\/wp-json\/wp\/v2\/comments?post=38013"}],"version-history":[{"count":1,"href":"https:\/\/www.shqiperia.com\/blog\/wp-json\/wp\/v2\/posts\/38013\/revisions"}],"predecessor-version":[{"id":38015,"href":"https:\/\/www.shqiperia.com\/blog\/wp-json\/wp\/v2\/posts\/38013\/revisions\/38015"}],"wp:featuredmedia":[{"embeddable":true,"href":"https:\/\/www.shqiperia.com\/blog\/wp-json\/wp\/v2\/media\/38014"}],"wp:attachment":[{"href":"https:\/\/www.shqiperia.com\/blog\/wp-json\/wp\/v2\/media?parent=38013"}],"wp:term":[{"taxonomy":"category","embeddable":true,"href":"https:\/\/www.shqiperia.com\/blog\/wp-json\/wp\/v2\/categories?post=38013"},{"taxonomy":"post_tag","embeddable":true,"href":"https:\/\/www.shqiperia.com\/blog\/wp-json\/wp\/v2\/tags?post=38013"}],"curies":[{"name":"wp","href":"https:\/\/api.w.org\/{rel}","templated":true}]}}