{"id":38000,"date":"2020-09-03T21:35:15","date_gmt":"2020-09-03T21:35:15","guid":{"rendered":"https:\/\/www.shqiperia.com\/blog\/?p=38000"},"modified":"2020-09-03T21:35:15","modified_gmt":"2020-09-03T21:35:15","slug":"perfundon-takimi-kosove-serbi-ne-shtepine-e-bardhe-kryeministri-hoti-jep-detaje","status":"publish","type":"post","link":"https:\/\/www.shqiperia.com\/blog\/perfundon-takimi-kosove-serbi-ne-shtepine-e-bardhe-kryeministri-hoti-jep-detaje\/","title":{"rendered":"P\u00ebrfundon takimi Kosov\u00eb-Serbi n\u00eb Sht\u00ebpin\u00eb e Bardh\u00eb, kryeministri Hoti jep detaje"},"content":{"rendered":"<p><img data-recalc-dims=\"1\" loading=\"lazy\" decoding=\"async\" data-attachment-id=\"38001\" data-permalink=\"https:\/\/www.shqiperia.com\/blog\/perfundon-takimi-kosove-serbi-ne-shtepine-e-bardhe-kryeministri-hoti-jep-detaje\/640-0-5f5148aa5b32d\/\" data-orig-file=\"https:\/\/i0.wp.com\/www.shqiperia.com\/blog\/wp-content\/uploads\/2020\/09\/640-0-5f5148aa5b32d.png?fit=640%2C384&amp;ssl=1\" data-orig-size=\"640,384\" data-comments-opened=\"1\" data-image-meta=\"{&quot;aperture&quot;:&quot;0&quot;,&quot;credit&quot;:&quot;&quot;,&quot;camera&quot;:&quot;&quot;,&quot;caption&quot;:&quot;&quot;,&quot;created_timestamp&quot;:&quot;0&quot;,&quot;copyright&quot;:&quot;&quot;,&quot;focal_length&quot;:&quot;0&quot;,&quot;iso&quot;:&quot;0&quot;,&quot;shutter_speed&quot;:&quot;0&quot;,&quot;title&quot;:&quot;&quot;,&quot;orientation&quot;:&quot;0&quot;}\" data-image-title=\"-640-0-5f5148aa5b32d\" data-image-description=\"\" data-image-caption=\"\" data-medium-file=\"https:\/\/i0.wp.com\/www.shqiperia.com\/blog\/wp-content\/uploads\/2020\/09\/640-0-5f5148aa5b32d.png?fit=300%2C180&amp;ssl=1\" data-large-file=\"https:\/\/i0.wp.com\/www.shqiperia.com\/blog\/wp-content\/uploads\/2020\/09\/640-0-5f5148aa5b32d.png?fit=640%2C384&amp;ssl=1\" class=\"alignnone  wp-image-38001\" alt=\"\" src=\"https:\/\/i0.wp.com\/www.shqiperia.com\/blog\/wp-content\/uploads\/2020\/09\/640-0-5f5148aa5b32d.png?resize=448%2C269&#038;ssl=1\" width=\"448\" height=\"269\" srcset=\"https:\/\/i0.wp.com\/www.shqiperia.com\/blog\/wp-content\/uploads\/2020\/09\/640-0-5f5148aa5b32d.png?resize=300%2C180&amp;ssl=1 300w, https:\/\/i0.wp.com\/www.shqiperia.com\/blog\/wp-content\/uploads\/2020\/09\/640-0-5f5148aa5b32d.png?resize=450%2C270&amp;ssl=1 450w, https:\/\/i0.wp.com\/www.shqiperia.com\/blog\/wp-content\/uploads\/2020\/09\/640-0-5f5148aa5b32d.png?resize=600%2C360&amp;ssl=1 600w, https:\/\/i0.wp.com\/www.shqiperia.com\/blog\/wp-content\/uploads\/2020\/09\/640-0-5f5148aa5b32d.png?resize=400%2C240&amp;ssl=1 400w, https:\/\/i0.wp.com\/www.shqiperia.com\/blog\/wp-content\/uploads\/2020\/09\/640-0-5f5148aa5b32d.png?w=640&amp;ssl=1 640w\" sizes=\"auto, (max-width: 448px) 100vw, 448px\" \/><\/p>\n<p><strong>P\u00ebrfundon takimi Kosov\u00eb-Serbi n\u00eb Sht\u00ebpin\u00eb e Bardh\u00eb, kryeministri Hoti jep detaje<\/strong><\/p>\n<p><strong>3 SHTATOR 2020<\/strong><\/p>\n<p>Ka p\u00ebrfunduar takimi mes kryeministrit t\u00eb Kosov\u00ebs, Avdullah Hotit dhe Presidentit t\u00eb Serbis\u00eb, Aleksand\u00ebr Aleksand\u00ebr Vu\u00e7i\u00e7 n\u00eb Sht\u00ebpin\u00eb e Bardh\u00eb.<\/p>\n<p>N\u00eb nj\u00eb konferenc\u00eb para mediave, Hoti tha se nes\u00ebr pritet t\u00eb finalizohet diskutimi q\u00eb kan\u00eb pasur delegacionet e shteteve gjat\u00eb dialogut n\u00eb Uashington.<\/p>\n<p><strong>\u00a0\u201cJemi takuar me O\u2019brien dhe Grenell. Kishim nj\u00eb takim me presidentin serb gjithashtu. Nes\u00ebr presim t\u00eb finalizojm\u00eb k\u00ebt\u00eb diskutim q\u00eb pat\u00ebm sot. Nj\u00eb gj\u00eb mund t\u2019iu them q\u00eb marr\u00ebveshje t\u00eb d\u00ebmshme dhe t\u00eb papranueshme asnj\u00ebher\u00eb nuk kan\u00eb ardhur dhe nuk do t\u00eb vijn\u00eb nga Sht\u00ebpia e Bardh\u00eb. Kemi b\u00ebr\u00eb nj\u00eb progres n\u00eb \u00e7\u00ebshtjet ekonomike dhe kemi b\u00ebr\u00eb nj\u00eb hap t\u00eb madh. As nuk \u00ebsht\u00eb shtruar e as nuk do t\u00eb shtrohet n\u00eb tavolin\u00eb \u00e7\u00ebshtja e shk\u00ebmbimit t\u00eb territoreve. Ju nes\u00ebr do t\u00eb shihni marr\u00ebveshjen sepse k\u00ebshtu \u00ebsht\u00eb diskutuar\u201d, ka th\u00ebn\u00eb \u00a0Hoti.<\/strong><\/p>\n<p><strong>Gazeta Shqip<\/strong><\/p>\n","protected":false},"excerpt":{"rendered":"<p>P\u00ebrfundon takimi Kosov\u00eb-Serbi n\u00eb Sht\u00ebpin\u00eb e Bardh\u00eb, kryeministri Hoti jep detaje 3 SHTATOR 2020 Ka p\u00ebrfunduar takimi mes kryeministrit t\u00eb Kosov\u00ebs, Avdullah Hotit dhe Presidentit t\u00eb Serbis\u00eb, Aleksand\u00ebr Aleksand\u00ebr Vu\u00e7i\u00e7 n\u00eb Sht\u00ebpin\u00eb e Bardh\u00eb. N\u00eb nj\u00eb konferenc\u00eb para mediave, Hoti tha se nes\u00ebr pritet t\u00eb finalizohet diskutimi q\u00eb kan\u00eb pasur delegacionet e shteteve gjat\u00eb dialogut [&hellip;]<\/p>\n","protected":false},"author":9,"featured_media":38001,"comment_status":"open","ping_status":"open","sticky":false,"template":"","format":"standard","meta":{"jetpack_post_was_ever_published":false,"_jetpack_newsletter_access":"","_jetpack_dont_email_post_to_subs":false,"_jetpack_newsletter_tier_id":0,"_jetpack_memberships_contains_paywalled_content":false,"_jetpack_memberships_contains_paid_content":false,"footnotes":"","jetpack_publicize_message":"","jetpack_publicize_feature_enabled":true,"jetpack_social_post_already_shared":true,"jetpack_social_options":{"image_generator_settings":{"template":"highway","default_image_id":0,"font":"","enabled":false},"version":2}},"categories":[27,2,35],"tags":[],"class_list":["post-38000","post","type-post","status-publish","format-standard","has-post-thumbnail","hentry","category-blogu-i-udhetarit","category-politika","category-shoqerore"],"jetpack_publicize_connections":[],"jetpack_featured_media_url":"https:\/\/i0.wp.com\/www.shqiperia.com\/blog\/wp-content\/uploads\/2020\/09\/640-0-5f5148aa5b32d.png?fit=640%2C384&ssl=1","jetpack_sharing_enabled":true,"jetpack_shortlink":"https:\/\/wp.me\/p5Z6wp-9SU","jetpack-related-posts":[{"id":37989,"url":"https:\/\/www.shqiperia.com\/blog\/kryeministri-i-kosoves-avdullah-hoti-ka-treguar-per-temat-qe-do-te-fliten-ne-takimin-e-delegacioneve-te-kosoves-dhe-serbise-ne-shtepine-e-bardhe\/","url_meta":{"origin":38000,"position":0},"title":"Kryeministri i Kosov\u00ebs, Avdullah Hoti, ka treguar p\u00ebr temat q\u00eb do t\u00eb fliten n\u00eb takimin e delegacioneve t\u00eb Kosov\u00ebs dhe Serbis\u00eb n\u00eb Sht\u00ebpin\u00eb e Bardh\u00eb.","author":"Kurt Farka","date":"September 3, 2020","format":false,"excerpt":"Kryeministri i Kosov\u00ebs, Avdullah Hoti, ka treguar p\u00ebr temat q\u00eb do t\u00eb fliten n\u00eb takimin e delegacioneve t\u00eb Kosov\u00ebs dhe Serbis\u00eb n\u00eb Sht\u00ebpin\u00eb e Bardh\u00eb. Hoti tha se do t\u00eb diskutohet p\u00ebr projekte t\u00eb m\u00ebdha infrastrukturore, megjithat\u00eb la mund\u00ebsin\u00eb hapur t\u00eb diskutohet edhe p\u00ebr diskutimin e temave tjera. \u201cNe per\u2026","rel":"","context":"In &quot;Blogu i Udh\u00ebtarit&quot;","block_context":{"text":"Blogu i Udh\u00ebtarit","link":"https:\/\/www.shqiperia.com\/blog\/category\/blogu-i-udhetarit\/"},"img":{"alt_text":"","src":"https:\/\/i0.wp.com\/www.shqiperia.com\/blog\/wp-content\/uploads\/2020\/09\/Shtepia-e-bardhe-600x360-1.jpg?fit=600%2C360&ssl=1&resize=350%2C200","width":350,"height":200,"srcset":"https:\/\/i0.wp.com\/www.shqiperia.com\/blog\/wp-content\/uploads\/2020\/09\/Shtepia-e-bardhe-600x360-1.jpg?fit=600%2C360&ssl=1&resize=350%2C200 1x, https:\/\/i0.wp.com\/www.shqiperia.com\/blog\/wp-content\/uploads\/2020\/09\/Shtepia-e-bardhe-600x360-1.jpg?fit=600%2C360&ssl=1&resize=525%2C300 1.5x"},"classes":[]},{"id":38167,"url":"https:\/\/www.shqiperia.com\/blog\/trump-dhe-vucic-te-qeshur-duke-shtrenguar-duart-cfare-nuk-u-pa-nga-takimi-ne-shtepine-e-bardhe-foto\/","url_meta":{"origin":38000,"position":1},"title":"Trump dhe Vu\u00e7i\u00e7 t\u00eb qeshur duke shtr\u00ebnguar duart, \u00e7far\u00eb nuk u pa nga takimi n\u00eb Sht\u00ebpin\u00eb e Bardh\u00eb (FOTO)","author":"Kurt Farka","date":"September 7, 2020","format":false,"excerpt":"Trump dhe Vu\u00e7i\u00e7 t\u00eb qeshur duke shtr\u00ebnguar duart, \u00e7far\u00eb nuk u pa nga takimi n\u00eb Sht\u00ebpin\u00eb e Bardh\u00eb (FOTO) 5 Shtator 2020\u00a0\u00a0\u00a0\u00a0\u00a0 Kosova dhe Serbia biseduan dje n\u00eb Sht\u00ebpin\u00eb e Bardh\u00eb, p\u00ebr her\u00eb t\u00eb par\u00eb n\u00eb nj\u00eb nivel t\u00eb lart\u00eb t\u00eb udh\u00ebhequr nga Shtetet e Bashkuara t\u00eb Amerik\u00ebs. Presidenti serb\u2026","rel":"","context":"In &quot;Blogu i Udh\u00ebtarit&quot;","block_context":{"text":"Blogu i Udh\u00ebtarit","link":"https:\/\/www.shqiperia.com\/blog\/category\/blogu-i-udhetarit\/"},"img":{"alt_text":"","src":"https:\/\/i0.wp.com\/www.shqiperia.com\/blog\/wp-content\/uploads\/2020\/09\/640-0-5f537ff70d29c.png?fit=524%2C295&ssl=1&resize=350%2C200","width":350,"height":200},"classes":[]},{"id":36054,"url":"https:\/\/www.shqiperia.com\/blog\/rinis-me-12-korrik-dialogu-kosove-serbi-hoti-dhe-vucic-takohen-ne-bruksel\/","url_meta":{"origin":38000,"position":2},"title":"Rinis m\u00eb 12 korrik dialogu Kosov\u00eb-Serbi, Hoti dhe Vu\u00e7i\u00e7 takohen n\u00eb Bruksel","author":"Kurt Farka","date":"July 6, 2020","format":false,"excerpt":"Rinis m\u00eb 12 korrik dialogu Kosov\u00eb-Serbi, Hoti dhe Vu\u00e7i\u00e7 takohen n\u00eb Bruksel 6 korrik 2020 Dialogu nd\u00ebrmjet Kosov\u00ebs dhe Serbis\u00eb, me nd\u00ebrmjet\u00ebsimin e Bashkimit Evropian, do t\u00eb rinis\u00eb m\u00eb 12 korrik. Z\u00ebdh\u00ebn\u00ebsi i Bashkimit Evropian, Peter Stano, ka konfirmuar t\u00eb h\u00ebn\u00ebn, se kryeministri i Kosov\u00ebs, Avdullah Hoti dhe presidenti i\u2026","rel":"","context":"In &quot;Blogu i Udh\u00ebtarit&quot;","block_context":{"text":"Blogu i Udh\u00ebtarit","link":"https:\/\/www.shqiperia.com\/blog\/category\/blogu-i-udhetarit\/"},"img":{"alt_text":"","src":"https:\/\/i0.wp.com\/www.shqiperia.com\/blog\/wp-content\/uploads\/2020\/07\/Avdullah-Hoti-Vuvic-1-905x450-1.png?fit=905%2C450&ssl=1&resize=350%2C200","width":350,"height":200,"srcset":"https:\/\/i0.wp.com\/www.shqiperia.com\/blog\/wp-content\/uploads\/2020\/07\/Avdullah-Hoti-Vuvic-1-905x450-1.png?fit=905%2C450&ssl=1&resize=350%2C200 1x, https:\/\/i0.wp.com\/www.shqiperia.com\/blog\/wp-content\/uploads\/2020\/07\/Avdullah-Hoti-Vuvic-1-905x450-1.png?fit=905%2C450&ssl=1&resize=525%2C300 1.5x, https:\/\/i0.wp.com\/www.shqiperia.com\/blog\/wp-content\/uploads\/2020\/07\/Avdullah-Hoti-Vuvic-1-905x450-1.png?fit=905%2C450&ssl=1&resize=700%2C400 2x"},"classes":[]},{"id":38695,"url":"https:\/\/www.shqiperia.com\/blog\/kercenohet-shtepia-e-bardhe-bbc-jep-detaje-mbi-zarfin-e-dyshimte-me-helm\/","url_meta":{"origin":38000,"position":3},"title":"K\u00ebrc\u00ebnohet Sht\u00ebpia e Bardh\u00eb, BBC jep detaje mbi zarfin e dyshimt\u00eb me helm","author":"Kurt Farka","date":"September 20, 2020","format":false,"excerpt":"K\u00ebrc\u00ebnohet Sht\u00ebpia e Bardh\u00eb, BBC jep detaje mbi zarfin e dyshimt\u00eb me helm 20 SHTATOR 2020 Zyrtar\u00ebt amerikan\u00eb kan\u00eb b\u00ebr\u00eb t\u00eb ditur se nj\u00eb paket\u00eb q\u00eb p\u00ebrmbante helm ricine q\u00eb i isht drejtuar presidentit t\u00eb Shteteve t\u00eb Bashkuara t\u00eb Amerik\u00ebs, Donald Trump, \u00ebsht\u00eb p\u00ebrgjuar para se t\u00eb arrinte n\u00eb Sht\u00ebpin\u00eb\u2026","rel":"","context":"In &quot;Blogu i Udh\u00ebtarit&quot;","block_context":{"text":"Blogu i Udh\u00ebtarit","link":"https:\/\/www.shqiperia.com\/blog\/category\/blogu-i-udhetarit\/"},"img":{"alt_text":"","src":"https:\/\/i0.wp.com\/www.shqiperia.com\/blog\/wp-content\/uploads\/2020\/09\/640-0-5f66f1b5485a0.jpg?fit=640%2C360&ssl=1&resize=350%2C200","width":350,"height":200,"srcset":"https:\/\/i0.wp.com\/www.shqiperia.com\/blog\/wp-content\/uploads\/2020\/09\/640-0-5f66f1b5485a0.jpg?fit=640%2C360&ssl=1&resize=350%2C200 1x, https:\/\/i0.wp.com\/www.shqiperia.com\/blog\/wp-content\/uploads\/2020\/09\/640-0-5f66f1b5485a0.jpg?fit=640%2C360&ssl=1&resize=525%2C300 1.5x"},"classes":[]},{"id":36178,"url":"https:\/\/www.shqiperia.com\/blog\/perfundon-takimi-per-dialogun-kosove-serbi-nen-pranine-e-merkel-dhe-macron-reagon-vucic-dhe-zbardh-diskutimet-prishtina-na-vendosi-ultimatume-gati-te\/","url_meta":{"origin":38000,"position":4},"title":"P\u00ebrfundon takimi p\u00ebr dialogun Kosov\u00eb-Serbi n\u00ebn pranin\u00eb e Merkel dhe Macron, reagon Vu\u00e7i\u00e7 dhe zbardh diskutimet: Prishtina na vendosi ultimatume! Gati t\u00eb&#8230;","author":"Kurt Farka","date":"July 10, 2020","format":false,"excerpt":"P\u00ebrfundon takimi p\u00ebr dialogun Kosov\u00eb-Serbi n\u00ebn pranin\u00eb e Merkel dhe Macron, reagon Vu\u00e7i\u00e7 dhe zbardh diskutimet: Prishtina na vendosi ultimatume! Gati t\u00eb... 10 KORRIK 2020 l Presidenti Aleksandar Vu\u00e7i\u00e7 ka zbuluar detaje nga takimi virtual me Avdullah Hotin n\u00ebn pranin\u00eb e Merkel dhe Macron. Vu\u00e7i\u00e7 tha se Hoti vendosi ultimatume\u2026","rel":"","context":"In &quot;Blogu i Udh\u00ebtarit&quot;","block_context":{"text":"Blogu i Udh\u00ebtarit","link":"https:\/\/www.shqiperia.com\/blog\/category\/blogu-i-udhetarit\/"},"img":{"alt_text":"","src":"https:\/\/i0.wp.com\/www.shqiperia.com\/blog\/wp-content\/uploads\/2020\/07\/800-0-5f084598e20f2.jpg?fit=800%2C450&ssl=1&resize=350%2C200","width":350,"height":200,"srcset":"https:\/\/i0.wp.com\/www.shqiperia.com\/blog\/wp-content\/uploads\/2020\/07\/800-0-5f084598e20f2.jpg?fit=800%2C450&ssl=1&resize=350%2C200 1x, https:\/\/i0.wp.com\/www.shqiperia.com\/blog\/wp-content\/uploads\/2020\/07\/800-0-5f084598e20f2.jpg?fit=800%2C450&ssl=1&resize=525%2C300 1.5x, https:\/\/i0.wp.com\/www.shqiperia.com\/blog\/wp-content\/uploads\/2020\/07\/800-0-5f084598e20f2.jpg?fit=800%2C450&ssl=1&resize=700%2C400 2x"},"classes":[]},{"id":37921,"url":"https:\/\/www.shqiperia.com\/blog\/zeri-i-amerikes-zbulon-prapaskenat-e-takimit-kosove-serbi-ne-shtepine-e-bardhe\/","url_meta":{"origin":38000,"position":5},"title":"Z\u00ebri i Amerik\u00ebs zbulon prapaskenat e takimit Kosov\u00eb \u2013 Serbi n\u00eb Sht\u00ebpin\u00eb e Bardh\u00eb","author":"Kurt Farka","date":"September 1, 2020","format":false,"excerpt":"Z\u00ebri i Amerik\u00ebs zbulon prapaskenat e takimit Kosov\u00eb \u2013 Serbi n\u00eb Sht\u00ebpin\u00eb e Bardh\u00eb 1 shtator 2020 Nj\u00eb k\u00ebshilltar i posa\u00e7\u00ebm i Presidentit Donald Trump tha t\u00eb mart\u00ebn se bisedimet mes Kosov\u00ebs dhe Serbis\u00eb k\u00ebt\u00eb jav\u00eb do t\u00eb p\u00ebrqendrohen tek zhvillimi i bashk\u00ebpunimit ekonomik mes dy vendeve, si nj\u00eb stimul\u2026","rel":"","context":"In &quot;Blogu i Udh\u00ebtarit&quot;","block_context":{"text":"Blogu i Udh\u00ebtarit","link":"https:\/\/www.shqiperia.com\/blog\/category\/blogu-i-udhetarit\/"},"img":{"alt_text":"","src":"https:\/\/i0.wp.com\/www.shqiperia.com\/blog\/wp-content\/uploads\/2020\/09\/4E36418F-1D7C-441D-9CE8-6B005629D32F_w1023_r1_s.jpg?fit=1023%2C575&ssl=1&resize=350%2C200","width":350,"height":200,"srcset":"https:\/\/i0.wp.com\/www.shqiperia.com\/blog\/wp-content\/uploads\/2020\/09\/4E36418F-1D7C-441D-9CE8-6B005629D32F_w1023_r1_s.jpg?fit=1023%2C575&ssl=1&resize=350%2C200 1x, https:\/\/i0.wp.com\/www.shqiperia.com\/blog\/wp-content\/uploads\/2020\/09\/4E36418F-1D7C-441D-9CE8-6B005629D32F_w1023_r1_s.jpg?fit=1023%2C575&ssl=1&resize=525%2C300 1.5x, https:\/\/i0.wp.com\/www.shqiperia.com\/blog\/wp-content\/uploads\/2020\/09\/4E36418F-1D7C-441D-9CE8-6B005629D32F_w1023_r1_s.jpg?fit=1023%2C575&ssl=1&resize=700%2C400 2x"},"classes":[]}],"_links":{"self":[{"href":"https:\/\/www.shqiperia.com\/blog\/wp-json\/wp\/v2\/posts\/38000","targetHints":{"allow":["GET"]}}],"collection":[{"href":"https:\/\/www.shqiperia.com\/blog\/wp-json\/wp\/v2\/posts"}],"about":[{"href":"https:\/\/www.shqiperia.com\/blog\/wp-json\/wp\/v2\/types\/post"}],"author":[{"embeddable":true,"href":"https:\/\/www.shqiperia.com\/blog\/wp-json\/wp\/v2\/users\/9"}],"replies":[{"embeddable":true,"href":"https:\/\/www.shqiperia.com\/blog\/wp-json\/wp\/v2\/comments?post=38000"}],"version-history":[{"count":1,"href":"https:\/\/www.shqiperia.com\/blog\/wp-json\/wp\/v2\/posts\/38000\/revisions"}],"predecessor-version":[{"id":38002,"href":"https:\/\/www.shqiperia.com\/blog\/wp-json\/wp\/v2\/posts\/38000\/revisions\/38002"}],"wp:featuredmedia":[{"embeddable":true,"href":"https:\/\/www.shqiperia.com\/blog\/wp-json\/wp\/v2\/media\/38001"}],"wp:attachment":[{"href":"https:\/\/www.shqiperia.com\/blog\/wp-json\/wp\/v2\/media?parent=38000"}],"wp:term":[{"taxonomy":"category","embeddable":true,"href":"https:\/\/www.shqiperia.com\/blog\/wp-json\/wp\/v2\/categories?post=38000"},{"taxonomy":"post_tag","embeddable":true,"href":"https:\/\/www.shqiperia.com\/blog\/wp-json\/wp\/v2\/tags?post=38000"}],"curies":[{"name":"wp","href":"https:\/\/api.w.org\/{rel}","templated":true}]}}