{"id":37997,"date":"2020-09-03T17:20:28","date_gmt":"2020-09-03T17:20:28","guid":{"rendered":"https:\/\/www.shqiperia.com\/blog\/?p=37997"},"modified":"2020-09-03T17:20:28","modified_gmt":"2020-09-03T17:20:28","slug":"pandeli-majko-merr-tender-per-te-rritur-like-t-ne-facebook","status":"publish","type":"post","link":"https:\/\/www.shqiperia.com\/blog\/pandeli-majko-merr-tender-per-te-rritur-like-t-ne-facebook\/","title":{"rendered":"Pandeli Majko merr tender p\u00ebr t\u00eb rritur like-t n\u00eb facebook"},"content":{"rendered":"<p><img data-recalc-dims=\"1\" loading=\"lazy\" decoding=\"async\" data-attachment-id=\"37998\" data-permalink=\"https:\/\/www.shqiperia.com\/blog\/pandeli-majko-merr-tender-per-te-rritur-like-t-ne-facebook\/m-730x405\/\" data-orig-file=\"https:\/\/i0.wp.com\/www.shqiperia.com\/blog\/wp-content\/uploads\/2020\/09\/m-730x405-1.jpg?fit=730%2C405&amp;ssl=1\" data-orig-size=\"730,405\" data-comments-opened=\"1\" data-image-meta=\"{&quot;aperture&quot;:&quot;0&quot;,&quot;credit&quot;:&quot;&quot;,&quot;camera&quot;:&quot;&quot;,&quot;caption&quot;:&quot;&quot;,&quot;created_timestamp&quot;:&quot;0&quot;,&quot;copyright&quot;:&quot;&quot;,&quot;focal_length&quot;:&quot;0&quot;,&quot;iso&quot;:&quot;0&quot;,&quot;shutter_speed&quot;:&quot;0&quot;,&quot;title&quot;:&quot;&quot;,&quot;orientation&quot;:&quot;0&quot;}\" data-image-title=\"m-730&#215;405\" data-image-description=\"\" data-image-caption=\"\" data-medium-file=\"https:\/\/i0.wp.com\/www.shqiperia.com\/blog\/wp-content\/uploads\/2020\/09\/m-730x405-1.jpg?fit=300%2C166&amp;ssl=1\" data-large-file=\"https:\/\/i0.wp.com\/www.shqiperia.com\/blog\/wp-content\/uploads\/2020\/09\/m-730x405-1.jpg?fit=730%2C405&amp;ssl=1\" class=\"alignnone  wp-image-37998\" alt=\"\" src=\"https:\/\/i0.wp.com\/www.shqiperia.com\/blog\/wp-content\/uploads\/2020\/09\/m-730x405-1.jpg?resize=531%2C294&#038;ssl=1\" width=\"531\" height=\"294\" srcset=\"https:\/\/i0.wp.com\/www.shqiperia.com\/blog\/wp-content\/uploads\/2020\/09\/m-730x405-1.jpg?resize=300%2C166&amp;ssl=1 300w, https:\/\/i0.wp.com\/www.shqiperia.com\/blog\/wp-content\/uploads\/2020\/09\/m-730x405-1.jpg?resize=450%2C250&amp;ssl=1 450w, https:\/\/i0.wp.com\/www.shqiperia.com\/blog\/wp-content\/uploads\/2020\/09\/m-730x405-1.jpg?resize=600%2C333&amp;ssl=1 600w, https:\/\/i0.wp.com\/www.shqiperia.com\/blog\/wp-content\/uploads\/2020\/09\/m-730x405-1.jpg?resize=400%2C222&amp;ssl=1 400w, https:\/\/i0.wp.com\/www.shqiperia.com\/blog\/wp-content\/uploads\/2020\/09\/m-730x405-1.jpg?w=730&amp;ssl=1 730w\" sizes=\"auto, (max-width: 531px) 100vw, 531px\" \/><\/p>\n<p>Pandeli Majko merr tender p\u00ebr t\u00eb rritur like-t n\u00eb facebook<a href=\"https:\/\/27.al\/category\/lajme\/politike\/\"><\/a><\/p>\n<p>N\u00eb nj\u00eb koh\u00eb kur teknologjia e p\u00ebrcjell\u00eb informacionin n\u00eb koh\u00eb reale tek njer\u00ebzit, shum\u00eb kompani private shpenzojn\u00eb para nga portofoli i tyre nanciar p\u00ebr t\u00eb reklamuar aktivitetin n\u00eb rrjete sociale, n\u00ebp\u00ebrmjet sponsorizimeve.<\/p>\n<p>Nj\u00eb trend t\u00eb till\u00eb ka ndjekur edhe Fondi Shqiptar p\u00ebr Zhvillimin e Diaspor\u00ebs.<\/p>\n<p>Ministria e Diaspor\u00ebs q\u00eb drejtohet nga Pandeli Majko ka hapur nj\u00eb tender p\u00ebr t\u00eb rritur liket dhe komentet n\u00eb Facebook e ministris\u00eb, fiks ashtu si\u00e7 k\u00ebrkon Edi Rama.<\/p>\n<p>Fondi prej 3 milion\u00eb lek\u00eb (t\u00eb vjetra) \u00ebsht\u00eb fituar nga nj\u00eb kompani e re, e themeluar n\u00eb qershor t\u00eb k\u00ebtij viti.<\/p>\n<p>Vet\u00ebm pak koh\u00eb m\u00eb par\u00eb, Pandeli Majko hapi nj\u00eb tender tjet\u00ebr p\u00ebr t\u00eb bler\u00eb 2 mij\u00eb loj\u00ebra \u2018Mos u nxeh\u2019. \/<\/p>\n<p>Nga 27.Al.<\/p>\n","protected":false},"excerpt":{"rendered":"<p>Pandeli Majko merr tender p\u00ebr t\u00eb rritur like-t n\u00eb facebook N\u00eb nj\u00eb koh\u00eb kur teknologjia e p\u00ebrcjell\u00eb informacionin n\u00eb koh\u00eb reale tek njer\u00ebzit, shum\u00eb kompani private shpenzojn\u00eb para nga portofoli i tyre nanciar p\u00ebr t\u00eb reklamuar aktivitetin n\u00eb rrjete sociale, n\u00ebp\u00ebrmjet sponsorizimeve. Nj\u00eb trend t\u00eb till\u00eb ka ndjekur edhe Fondi Shqiptar p\u00ebr Zhvillimin e Diaspor\u00ebs. [&hellip;]<\/p>\n","protected":false},"author":9,"featured_media":37998,"comment_status":"open","ping_status":"open","sticky":false,"template":"","format":"standard","meta":{"jetpack_post_was_ever_published":false,"_jetpack_newsletter_access":"","_jetpack_dont_email_post_to_subs":false,"_jetpack_newsletter_tier_id":0,"_jetpack_memberships_contains_paywalled_content":false,"_jetpack_memberships_contains_paid_content":false,"footnotes":"","jetpack_publicize_message":"","jetpack_publicize_feature_enabled":true,"jetpack_social_post_already_shared":true,"jetpack_social_options":{"image_generator_settings":{"template":"highway","default_image_id":0,"font":"","enabled":false},"version":2}},"categories":[27,2],"tags":[],"class_list":["post-37997","post","type-post","status-publish","format-standard","has-post-thumbnail","hentry","category-blogu-i-udhetarit","category-politika"],"jetpack_publicize_connections":[],"jetpack_featured_media_url":"https:\/\/i0.wp.com\/www.shqiperia.com\/blog\/wp-content\/uploads\/2020\/09\/m-730x405-1.jpg?fit=730%2C405&ssl=1","jetpack_sharing_enabled":true,"jetpack_shortlink":"https:\/\/wp.me\/p5Z6wp-9SR","jetpack-related-posts":[{"id":46029,"url":"https:\/\/www.shqiperia.com\/blog\/pandeli-majko-ben-lufte-klasash-si-trafikant-i-votes-duke-e-trajtuar-komunitetin-e-votuesve-te-ps-si-klientin-e-tij\/","url_meta":{"origin":37997,"position":0},"title":"Pandeli Majko b\u00ebn luft\u00eb klasash si trafikant i vot\u00ebs, duke e trajtuar komunitetin e votuesve t\u00eb PS si klientin e tij.","author":"Kurt Farka","date":"April 4, 2021","format":false,"excerpt":"Pandeli Majko b\u00ebn luft\u00eb klasash si trafikant i vot\u00ebs, duke e trajtuar komunitetin e votuesve t\u00eb PS si klientin e tij. Nga Elida Bu\u00e7papaj Vendi jo i favorsh\u00ebm q\u00eb ka n\u00eb list\u00eb Pandeli Majko e b\u00ebri t\u00eb nd\u00ebrmarr\u00eb nga ato veprimet e tij t\u00eb zakonshme, t\u00eb blej\u00eb elektoratin me paren\u2026","rel":"","context":"In &quot;Politika&quot;","block_context":{"text":"Politika","link":"https:\/\/www.shqiperia.com\/blog\/category\/politika\/"},"img":{"alt_text":"","src":"https:\/\/i0.wp.com\/www.shqiperia.com\/blog\/wp-content\/uploads\/2021\/04\/elikryevepra.jpg?fit=763%2C418&ssl=1&resize=350%2C200","width":350,"height":200,"srcset":"https:\/\/i0.wp.com\/www.shqiperia.com\/blog\/wp-content\/uploads\/2021\/04\/elikryevepra.jpg?fit=763%2C418&ssl=1&resize=350%2C200 1x, https:\/\/i0.wp.com\/www.shqiperia.com\/blog\/wp-content\/uploads\/2021\/04\/elikryevepra.jpg?fit=763%2C418&ssl=1&resize=525%2C300 1.5x, https:\/\/i0.wp.com\/www.shqiperia.com\/blog\/wp-content\/uploads\/2021\/04\/elikryevepra.jpg?fit=763%2C418&ssl=1&resize=700%2C400 2x"},"classes":[]},{"id":46140,"url":"https:\/\/www.shqiperia.com\/blog\/ministri-i-diaspores-pandeli-majko-deklaroi-se-elektorati-i-ps-mund-te-jete-te-merzitur-nga-qeverisja-e-majte\/","url_meta":{"origin":37997,"position":1},"title":"Ministri i Diaspor\u00ebs, Pandeli Majko, deklaroi se elektorati i PS mund t\u00eb jet\u00eb t\u00eb m\u00ebrzitur nga qeverisja e majt\u00eb.","author":"Kurt Farka","date":"April 7, 2021","format":false,"excerpt":"Ministri i Diaspor\u00ebs, Pandeli Majko, deklaroi se elektorati i PS mund t\u00eb jet\u00eb t\u00eb m\u00ebrzitur nga qeverisja e majt\u00eb. 7 prill 2021 I ftuar n\u00eb A2, ish-kryeministri i socialist\u00ebve \u00ebsht\u00eb ka folur dhe p\u00ebr vendimin pse \u2018t\u00eb vjetrit\u2019 e selis\u00eb roz\u00eb jan\u00eb vendosur nga kryeministri Rama n\u00eb \u2018vij\u00ebn e zjarrit\u2019\u2026","rel":"","context":"In &quot;Blogu i Udh\u00ebtarit&quot;","block_context":{"text":"Blogu i Udh\u00ebtarit","link":"https:\/\/www.shqiperia.com\/blog\/category\/blogu-i-udhetarit\/"},"img":{"alt_text":"","src":"https:\/\/i0.wp.com\/www.shqiperia.com\/blog\/wp-content\/uploads\/2021\/04\/Majko-Fushata1.jpg?fit=600%2C400&ssl=1&resize=350%2C200","width":350,"height":200,"srcset":"https:\/\/i0.wp.com\/www.shqiperia.com\/blog\/wp-content\/uploads\/2021\/04\/Majko-Fushata1.jpg?fit=600%2C400&ssl=1&resize=350%2C200 1x, https:\/\/i0.wp.com\/www.shqiperia.com\/blog\/wp-content\/uploads\/2021\/04\/Majko-Fushata1.jpg?fit=600%2C400&ssl=1&resize=525%2C300 1.5x"},"classes":[]},{"id":88122,"url":"https:\/\/www.shqiperia.com\/blog\/berisha-pandeli-majko-kerkon-strehim-tek-elisa-spiropali-per-krim-elektoral-ne-kukes\/","url_meta":{"origin":37997,"position":2},"title":"Berisha: &#8211; Pandeli Majko kerkon Strehim tek Elisa Spiropali per \u2018Krim elektoral n\u00eb Kuk\u00ebs\u2019.","author":"Kurt Farka","date":"January 7, 2025","format":false,"excerpt":"8 Janar 2025 Sali Berisha, kreu i Partis\u00eb Demokratike, ka reaguar s\u00ebrish n\u00eb lidhje me akuzat e tij ndaj deputetit socialist Pandeli Majko, duke e p\u00ebrfshir\u00eb at\u00eb n\u00eb nj\u00eb \u00e7\u00ebshtje q\u00eb lidhet me krimin elektoral n\u00eb Kuk\u00ebs. P\u00ebrmes nj\u00eb postimi n\u00eb Facebook, Berisha ka akuzuar Majkon p\u00ebr p\u00ebrfshirje n\u00eb p\u00ebrdorimin\u2026","rel":"","context":"In &quot;Blogu i Udh\u00ebtarit&quot;","block_context":{"text":"Blogu i Udh\u00ebtarit","link":"https:\/\/www.shqiperia.com\/blog\/category\/blogu-i-udhetarit\/"},"img":{"alt_text":"","src":"https:\/\/i0.wp.com\/www.shqiperia.com\/blog\/wp-content\/uploads\/2025\/01\/800-0-screenshot-6_1522943722-8539387.jpg?fit=800%2C439&ssl=1&resize=350%2C200","width":350,"height":200,"srcset":"https:\/\/i0.wp.com\/www.shqiperia.com\/blog\/wp-content\/uploads\/2025\/01\/800-0-screenshot-6_1522943722-8539387.jpg?fit=800%2C439&ssl=1&resize=350%2C200 1x, https:\/\/i0.wp.com\/www.shqiperia.com\/blog\/wp-content\/uploads\/2025\/01\/800-0-screenshot-6_1522943722-8539387.jpg?fit=800%2C439&ssl=1&resize=525%2C300 1.5x, https:\/\/i0.wp.com\/www.shqiperia.com\/blog\/wp-content\/uploads\/2025\/01\/800-0-screenshot-6_1522943722-8539387.jpg?fit=800%2C439&ssl=1&resize=700%2C400 2x"},"classes":[]},{"id":44557,"url":"https:\/\/www.shqiperia.com\/blog\/kerkohet-shkarkimi-urgjent-i-pandeli-majkos-nga-posti-i-ministrit-te-diaspores-shqiptare\/","url_meta":{"origin":37997,"position":3},"title":"K\u00ebrkohet shkarkimi urgjent i Pandeli Majkos nga posti i ministrit t\u00eb diaspor\u00ebs shqiptare!","author":"Kurt Farka","date":"February 22, 2021","format":false,"excerpt":"K\u00ebrkohet shkarkimi urgjent i Pandeli Majkos nga posti i ministrit t\u00eb diaspor\u00ebs shqiptare! 21 SHKURT 2021 Nga: Gazeta Bota Sot, Prishtine Organizata Shqiptar\u00ebt e Bashkuar me seli n\u00eb Detroit t\u00eb Michiganit n\u00eb SHBA me k\u00ebt\u00eb MEMORANDUM DENONCUES, k\u00ebrkon: T\u00eb gjith\u00eb ata si Pandeli Majko, q\u00eb k\u00ebrkojn\u00eb \u201cmbylljen e historis\u00eb\u201d-k\u00ebrkojn\u00eb shuarjen\u2026","rel":"","context":"In &quot;Blogu i Udh\u00ebtarit&quot;","block_context":{"text":"Blogu i Udh\u00ebtarit","link":"https:\/\/www.shqiperia.com\/blog\/category\/blogu-i-udhetarit\/"},"img":{"alt_text":"","src":"https:\/\/i0.wp.com\/www.shqiperia.com\/blog\/wp-content\/uploads\/2021\/02\/pandeli-majko.jpg?fit=850%2C478&ssl=1&resize=350%2C200","width":350,"height":200,"srcset":"https:\/\/i0.wp.com\/www.shqiperia.com\/blog\/wp-content\/uploads\/2021\/02\/pandeli-majko.jpg?fit=850%2C478&ssl=1&resize=350%2C200 1x, https:\/\/i0.wp.com\/www.shqiperia.com\/blog\/wp-content\/uploads\/2021\/02\/pandeli-majko.jpg?fit=850%2C478&ssl=1&resize=525%2C300 1.5x, https:\/\/i0.wp.com\/www.shqiperia.com\/blog\/wp-content\/uploads\/2021\/02\/pandeli-majko.jpg?fit=850%2C478&ssl=1&resize=700%2C400 2x"},"classes":[]},{"id":26643,"url":"https:\/\/www.shqiperia.com\/blog\/pas-beogradit-qendron-ariu-i-madh-pandeli-majko-flet-per-situaten-politike-jam-pergatitur-do-shkojme-ne-zgjedhje-nese\/","url_meta":{"origin":37997,"position":4},"title":"\u201cPas Beogradit q\u00ebndron \u2018Ariu i madh\u2019\u201d- Pandeli Majko flet p\u00ebr situat\u00ebn politike: Jam p\u00ebrgatitur. Do shkojm\u00eb n\u00eb zgjedhje n\u00ebse\u2026","author":"Kurt Farka","date":"October 4, 2019","format":false,"excerpt":"\u201cPas Beogradit q\u00ebndron \u2018Ariu i madh\u2019\u201d- Pandeli Majko flet p\u00ebr situat\u00ebn politike: Jam p\u00ebrgatitur. Do shkojm\u00eb n\u00eb zgjedhje n\u00ebse\u2026 4 tetor 2019 Ish-kryeministri Pandeli Majko ka deklaruar se n\u00eb rast se Gjykata Kushtetuese hedh posht\u00eb legjitimitetin e zgjedhjeve t\u00eb 30 qershorit, at\u00ebher\u00eb maxhoranca do shkoj\u00eb n\u00eb zgjedhje. Majko \u00ebsht\u00eb pyetur\u2026","rel":"","context":"In &quot;Blogu i Udh\u00ebtarit&quot;","block_context":{"text":"Blogu i Udh\u00ebtarit","link":"https:\/\/www.shqiperia.com\/blog\/category\/blogu-i-udhetarit\/"},"img":{"alt_text":"","src":"https:\/\/i0.wp.com\/www.shqiperia.com\/blog\/wp-content\/uploads\/2019\/10\/majko1.jpg?fit=959%2C520&ssl=1&resize=350%2C200","width":350,"height":200,"srcset":"https:\/\/i0.wp.com\/www.shqiperia.com\/blog\/wp-content\/uploads\/2019\/10\/majko1.jpg?fit=959%2C520&ssl=1&resize=350%2C200 1x, https:\/\/i0.wp.com\/www.shqiperia.com\/blog\/wp-content\/uploads\/2019\/10\/majko1.jpg?fit=959%2C520&ssl=1&resize=525%2C300 1.5x, https:\/\/i0.wp.com\/www.shqiperia.com\/blog\/wp-content\/uploads\/2019\/10\/majko1.jpg?fit=959%2C520&ssl=1&resize=700%2C400 2x"},"classes":[]},{"id":55975,"url":"https:\/\/www.shqiperia.com\/blog\/mos-te-behemi-pjese-e-drames-se-serbise-pandeli-majko-kunder-rames-per-open-balkan\/","url_meta":{"origin":37997,"position":5},"title":"\u201cMos t\u00eb b\u00ebhemi pjes\u00eb e dram\u00ebs s\u00eb Serbis\u00eb\u201d, Pandeli Majko kund\u00ebr Ram\u00ebs p\u00ebr \u201cOpen Balkan.\u201d","author":"Kurt Farka","date":"March 25, 2022","format":false,"excerpt":"\u201cMos t\u00eb b\u00ebhemi pjes\u00eb e dram\u00ebs s\u00eb Serbis\u00eb\u201d, Pandeli Majko kund\u00ebr Ram\u00ebs p\u00ebr \u201cOpen Balkan.\u201d 25 MARS 2022 Ish-Kryeministri Pandeli Majko thot\u00eb se pas pushtimit t\u00eb Ukrain\u00ebs ka \u2018ndryshuar fjalori i marr\u00ebdh\u00ebnieve nd\u00ebrkomb\u00ebtare\u2019 dhe Shqip\u00ebria duhet t\u00eb filloj\u00eb t\u00eb rishikoj\u00eb status quo-t\u00eb n\u00eb rajon. Lufta tha ai mund t\u00eb nxis\u00eb\u2026","rel":"","context":"In &quot;Blogu i Udh\u00ebtarit&quot;","block_context":{"text":"Blogu i Udh\u00ebtarit","link":"https:\/\/www.shqiperia.com\/blog\/category\/blogu-i-udhetarit\/"},"img":{"alt_text":"","src":"https:\/\/i0.wp.com\/www.shqiperia.com\/blog\/wp-content\/uploads\/2022\/03\/Ish-Kryeministri-Pandeli-Majko.png?fit=665%2C358&ssl=1&resize=350%2C200","width":350,"height":200,"srcset":"https:\/\/i0.wp.com\/www.shqiperia.com\/blog\/wp-content\/uploads\/2022\/03\/Ish-Kryeministri-Pandeli-Majko.png?fit=665%2C358&ssl=1&resize=350%2C200 1x, https:\/\/i0.wp.com\/www.shqiperia.com\/blog\/wp-content\/uploads\/2022\/03\/Ish-Kryeministri-Pandeli-Majko.png?fit=665%2C358&ssl=1&resize=525%2C300 1.5x"},"classes":[]}],"_links":{"self":[{"href":"https:\/\/www.shqiperia.com\/blog\/wp-json\/wp\/v2\/posts\/37997","targetHints":{"allow":["GET"]}}],"collection":[{"href":"https:\/\/www.shqiperia.com\/blog\/wp-json\/wp\/v2\/posts"}],"about":[{"href":"https:\/\/www.shqiperia.com\/blog\/wp-json\/wp\/v2\/types\/post"}],"author":[{"embeddable":true,"href":"https:\/\/www.shqiperia.com\/blog\/wp-json\/wp\/v2\/users\/9"}],"replies":[{"embeddable":true,"href":"https:\/\/www.shqiperia.com\/blog\/wp-json\/wp\/v2\/comments?post=37997"}],"version-history":[{"count":1,"href":"https:\/\/www.shqiperia.com\/blog\/wp-json\/wp\/v2\/posts\/37997\/revisions"}],"predecessor-version":[{"id":37999,"href":"https:\/\/www.shqiperia.com\/blog\/wp-json\/wp\/v2\/posts\/37997\/revisions\/37999"}],"wp:featuredmedia":[{"embeddable":true,"href":"https:\/\/www.shqiperia.com\/blog\/wp-json\/wp\/v2\/media\/37998"}],"wp:attachment":[{"href":"https:\/\/www.shqiperia.com\/blog\/wp-json\/wp\/v2\/media?parent=37997"}],"wp:term":[{"taxonomy":"category","embeddable":true,"href":"https:\/\/www.shqiperia.com\/blog\/wp-json\/wp\/v2\/categories?post=37997"},{"taxonomy":"post_tag","embeddable":true,"href":"https:\/\/www.shqiperia.com\/blog\/wp-json\/wp\/v2\/tags?post=37997"}],"curies":[{"name":"wp","href":"https:\/\/api.w.org\/{rel}","templated":true}]}}