{"id":37716,"date":"2020-08-27T06:09:27","date_gmt":"2020-08-27T06:09:27","guid":{"rendered":"https:\/\/www.shqiperia.com\/blog\/?p=37716"},"modified":"2020-08-27T06:09:27","modified_gmt":"2020-08-27T06:09:27","slug":"rilindja-perze-shqiptaret-por-merr-sirianet-dhe-afganet","status":"publish","type":"post","link":"https:\/\/www.shqiperia.com\/blog\/rilindja-perze-shqiptaret-por-merr-sirianet-dhe-afganet\/","title":{"rendered":"Rilindja p\u00ebrz\u00eb shqiptar\u00ebt, por merr sirian\u00ebt dhe afgan\u00ebt"},"content":{"rendered":"<p><img data-recalc-dims=\"1\" loading=\"lazy\" decoding=\"async\" data-attachment-id=\"37717\" data-permalink=\"https:\/\/www.shqiperia.com\/blog\/rilindja-perze-shqiptaret-por-merr-sirianet-dhe-afganet\/siriane-693x450-1-693x375\/\" data-orig-file=\"https:\/\/i0.wp.com\/www.shqiperia.com\/blog\/wp-content\/uploads\/2020\/08\/siriane-693x450-1-693x375-1.jpg?fit=693%2C375&amp;ssl=1\" data-orig-size=\"693,375\" data-comments-opened=\"1\" data-image-meta=\"{&quot;aperture&quot;:&quot;0&quot;,&quot;credit&quot;:&quot;&quot;,&quot;camera&quot;:&quot;&quot;,&quot;caption&quot;:&quot;&quot;,&quot;created_timestamp&quot;:&quot;0&quot;,&quot;copyright&quot;:&quot;&quot;,&quot;focal_length&quot;:&quot;0&quot;,&quot;iso&quot;:&quot;0&quot;,&quot;shutter_speed&quot;:&quot;0&quot;,&quot;title&quot;:&quot;&quot;,&quot;orientation&quot;:&quot;0&quot;}\" data-image-title=\"siriane-693&#215;450-1-693&#215;375\" data-image-description=\"\" data-image-caption=\"\" data-medium-file=\"https:\/\/i0.wp.com\/www.shqiperia.com\/blog\/wp-content\/uploads\/2020\/08\/siriane-693x450-1-693x375-1.jpg?fit=300%2C162&amp;ssl=1\" data-large-file=\"https:\/\/i0.wp.com\/www.shqiperia.com\/blog\/wp-content\/uploads\/2020\/08\/siriane-693x450-1-693x375-1.jpg?fit=693%2C375&amp;ssl=1\" class=\"alignnone  wp-image-37717\" alt=\"\" src=\"https:\/\/i0.wp.com\/www.shqiperia.com\/blog\/wp-content\/uploads\/2020\/08\/siriane-693x450-1-693x375-1.jpg?resize=491%2C265&#038;ssl=1\" width=\"491\" height=\"265\" srcset=\"https:\/\/i0.wp.com\/www.shqiperia.com\/blog\/wp-content\/uploads\/2020\/08\/siriane-693x450-1-693x375-1.jpg?resize=300%2C162&amp;ssl=1 300w, https:\/\/i0.wp.com\/www.shqiperia.com\/blog\/wp-content\/uploads\/2020\/08\/siriane-693x450-1-693x375-1.jpg?resize=450%2C244&amp;ssl=1 450w, https:\/\/i0.wp.com\/www.shqiperia.com\/blog\/wp-content\/uploads\/2020\/08\/siriane-693x450-1-693x375-1.jpg?resize=600%2C325&amp;ssl=1 600w, https:\/\/i0.wp.com\/www.shqiperia.com\/blog\/wp-content\/uploads\/2020\/08\/siriane-693x450-1-693x375-1.jpg?resize=400%2C216&amp;ssl=1 400w, https:\/\/i0.wp.com\/www.shqiperia.com\/blog\/wp-content\/uploads\/2020\/08\/siriane-693x450-1-693x375-1.jpg?w=693&amp;ssl=1 693w\" sizes=\"auto, (max-width: 491px) 100vw, 491px\" \/><\/p>\n<p>Rilindja p\u00ebrz\u00eb shqiptar\u00ebt, por merr sirian\u00ebt dhe afgan\u00ebt<\/p>\n<p><a href=\"https:\/\/kohajone.com\/rilindja-perze-shqiptaret-por-merr-sirianet-dhe-afganet\/\">22\/08\/2020 <\/a><\/p>\n<p>Instituti i Statistikave publikoi dje t\u00eb dh\u00ebnat p\u00ebr personat q\u00eb kan\u00eb k\u00ebrkuar azil n\u00eb Shqip\u00ebri gjat\u00eb vitit 2019. Shifrat e institucioneve shtet\u00ebrore tregojn\u00eb se gjat\u00eb vitit q\u00eb lam\u00eb pas 6 567 qytetar\u00eb t\u00eb huaj kan\u00eb aplikuar n\u00eb Ministrin\u00eb e Brendshme p\u00ebr t\u00eb marr\u00eb dokumente q\u00ebndrimi n\u00eb vendin ton\u00eb. B\u00ebhet fjal\u00eb p\u00ebr shtetas q\u00eb vijn\u00eb nga Afrika e Veriut, Iraku, Siria, Afganistani dhe vende t\u00eb tjera n\u00eb konflikte t\u00eb armatosur. Rezulton se n\u00eb krahasim me vitin 2018, k\u00ebrkesat p\u00ebr azil jan\u00eb dyfishuar. Shifrat tregojn\u00eb se Shqip\u00ebria po shihet nga qytetar\u00ebt e shteteve t\u00eb rr\u00ebnuara nga luft\u00ebrat dhe ekonomia si nj\u00eb vend shpres\u00eb. Krejt ndryshe \u00ebsht\u00eb situata p\u00ebr qytetar\u00ebt shqiptar\u00eb. Nd\u00ebrsa qytetar\u00ebt nga Afrika e Veriut po vijn\u00eb k\u00ebtu, shqiptar\u00ebt po ikin masivisht nga vendi.<\/p>\n<p>Statistikat e institucioneve nd\u00ebrkomb\u00ebtare se n\u00eb vitin 2019 jan\u00eb 29 mij\u00eb shqiptar\u00eb q\u00eb kan\u00eb k\u00ebrkuar azil n\u00eb vendet e Bashkimit Europian. Nd\u00ebrkoh\u00eb q\u00eb nga viti 2013, shifra e atyre shqiptar\u00ebve q\u00eb \u00e7do vit b\u00ebjn\u00eb k\u00ebrkesa p\u00ebr azil \u00ebsht\u00eb gjithmon\u00eb mbi 20 mij\u00eb. Pra, n\u00eb 8 vite jan\u00eb gati 200 mij\u00eb shqiptar\u00eb q\u00eb kan\u00eb k\u00ebrkuar azil ekonomik n\u00eb vendet e Bashkimit Europian. Por kjo nuk \u00ebsht\u00eb shifra e vetme e emigracionit shqiptar. Ata q\u00eb k\u00ebrkojn\u00eb azil jan\u00eb vet\u00ebm nj\u00eb pjes\u00eb e vog\u00ebl e shqiptar\u00ebve q\u00eb kan\u00eb marr\u00eb arratin\u00eb k\u00ebto tet\u00eb vite. Shifrat e p\u00ebraf\u00ebrta flasin p\u00ebr 400 deri 500 mij\u00eb shqiptar\u00eb q\u00eb k\u00ebto tet\u00eb vite kan\u00eb ikur nga vendi. Nj\u00eb pjes\u00eb e tyre kan\u00eb marr\u00eb azil, t\u00eb tjer\u00ebt kan\u00eb zgjedhur forma emigrimi me viza pune, studime apo dhe kan\u00eb kaluar kufijt\u00eb pa dokumente me shpres\u00eb se do t\u00eb sistemohen nj\u00eb dit\u00eb. Vendi yn\u00eb renditej me shifr\u00ebn me t\u00eb lart\u00eb t\u00eb azilk\u00ebrkuesve edhe gjat\u00eb muajve t\u00eb par\u00eb t\u00eb vitit 2020. Edhe pse gjith\u00eb bota \u00ebsht\u00eb bllokuar nga pandemia, shqiptar\u00ebt duan t\u00eb ikin nj\u00eb or\u00eb e m\u00eb par\u00eb dhe nuk shohin asnj\u00eb zhvillim pozitiv n\u00eb vend. K\u00ebto shifra tregojn\u00eb se n\u00eb 8 vite, qeverisja e rilindjes ka thyer t\u00eb gjitha rekordet negative. Shqiptar\u00ebt nuk po emigrojn\u00eb, por po arratisen masivisht. Korrupsioni i lart\u00eb, lidhjet e provuara t\u00eb pushtetit me krimin, kolapsi ekonomik dhe keqqeverisja kan\u00eb b\u00ebr\u00eb q\u00eb shqiptar\u00ebt t\u00eb shohin si m\u00ebnyr\u00eb t\u00eb vetme mbijetese largimin me \u00e7do mjet\u00eb nga vendi.<\/p>\n<p>Shifra t\u00eb tilla emigracioni kemi par\u00eb vet\u00ebm n\u00eb kaosin e vitit 1991 apo eksodi masiv i fillimit t\u00eb viteve \u201990. N\u00ebse n\u00eb at\u00eb koh\u00eb emigrimi ishte di\u00e7ka e normale, sot vjen vet\u00ebm si pasoj\u00eb e d\u00ebshtimit t\u00eb gjith\u00eb politikave t\u00eb qeveris\u00eb. Rilindja dhe kryeministri Edi Rama nuk e pranojn\u00eb asnj\u00ebher\u00eb se pasojat e vendimeve t\u00eb tyre po sjellin shpopullimin e vendit. Kryeministri thot\u00eb se emigrim ka dhe Serbia, Mali i Zi dhe Maqedonia e Veriut dhe ky nuk \u00ebsht\u00eb fenomen shqiptar. Nd\u00ebrkoh\u00eb vendet e tjera kan\u00eb l\u00ebvizje sezonale t\u00eb fuqis\u00eb pun\u00ebtore, q\u00eb shkon drejt BE p\u00ebrkoh\u00ebsisht, por jo largime t\u00eb familjeve dhe t\u00eb rinjve si\u00e7 ndodh n\u00eb Shqip\u00ebri. Vet\u00eb k\u00ebrkesat p\u00ebr azil tregojn\u00eb se k\u00ebtu qytetar\u00ebt arratisen nga syt\u00eb k\u00ebmb\u00ebt p\u00ebr shkak t\u00eb kushteve mizerab\u00ebl ekonomike. Fakti q\u00eb shqiptar\u00ebt k\u00ebrkojn\u00eb azil edhe gjat\u00eb pandemis\u00eb, kur asnj\u00eb shtet nuk hap kufijt\u00eb, jan\u00eb prova m\u00eb e qart\u00eb e d\u00ebshtimit t\u00eb qeveris\u00eb. P\u00ebr nga numri i k\u00ebrkesave p\u00ebr azil Shqip\u00ebria krahasohet me Sirin\u00eb, Afganistanin, Irakun dhe Nigerin\u00eb, t\u00eb gjitha k\u00ebto vende n\u00eb konflikte civile apo luft\u00eb guerile.<\/p>\n<p>Nd\u00ebrsa Shqip\u00ebria zbrazet \u00e7do dit\u00eb dhe zona t\u00eb t\u00ebra, nga jugu apo veriut i vendit po shpopullohen, qeveria \u201cRama\u201d ka hapur portat p\u00ebr emigrant\u00ebt nga Afrika e Veriut. Shqip\u00ebria \u00ebsht\u00eb nj\u00eb vend q\u00eb njer\u00ebzit e saj i ka t\u00eb shp\u00ebrndar\u00eb emigrant\u00eb n\u00eb gjith\u00eb bot\u00ebn dhe sigurisht nuk mund t\u00eb mos pranoj\u00eb qytetar\u00eb t\u00eb vendeve t\u00eb tjera. Teksa sheh eksodin masiv t\u00eb shqiptar\u00ebve p\u00ebr shkak t\u00eb d\u00ebshtimit ekonomik dhe\u00a0 mb\u00ebrritjen e emigrant\u00ebve nga vendet e tjera, normalisht q\u00eb krijon nj\u00eb habi dhe irritim me qeverin\u00eb. Shum\u00eb mir\u00eb q\u00eb Rilindja merr emigrant\u00eb, por p\u00ebrse nuk b\u00ebn asgj\u00eb p\u00ebr t\u00eb mbajtur k\u00ebtu shqiptar\u00ebt? Madje, me keqqeverisjen e tet\u00eb viteve ka b\u00ebr\u00eb \u00e7do gj\u00eb q\u00eb ky vend t\u00eb b\u00ebhet i pajtuesh\u00ebm p\u00ebr shqiptar\u00ebt dhe t\u00eb gjith\u00eb po ikin nga syt\u00eb k\u00ebmb\u00ebt.<\/p>\n<p>Ikja masive e rinis\u00eb nga vendi \u00ebsht\u00eb krimi m\u00eb i madh q\u00eb i b\u00ebn Rilindja vendit.\/<\/p>\n<p>M.Xhani\/<\/p>\n","protected":false},"excerpt":{"rendered":"<p>Rilindja p\u00ebrz\u00eb shqiptar\u00ebt, por merr sirian\u00ebt dhe afgan\u00ebt 22\/08\/2020 Instituti i Statistikave publikoi dje t\u00eb dh\u00ebnat p\u00ebr personat q\u00eb kan\u00eb k\u00ebrkuar azil n\u00eb Shqip\u00ebri gjat\u00eb vitit 2019. Shifrat e institucioneve shtet\u00ebrore tregojn\u00eb se gjat\u00eb vitit q\u00eb lam\u00eb pas 6 567 qytetar\u00eb t\u00eb huaj kan\u00eb aplikuar n\u00eb Ministrin\u00eb e Brendshme p\u00ebr t\u00eb marr\u00eb dokumente q\u00ebndrimi n\u00eb [&hellip;]<\/p>\n","protected":false},"author":9,"featured_media":37717,"comment_status":"open","ping_status":"open","sticky":false,"template":"","format":"standard","meta":{"jetpack_post_was_ever_published":false,"_jetpack_newsletter_access":"","_jetpack_dont_email_post_to_subs":false,"_jetpack_newsletter_tier_id":0,"_jetpack_memberships_contains_paywalled_content":false,"_jetpack_memberships_contains_paid_content":false,"footnotes":"","jetpack_publicize_message":"","jetpack_publicize_feature_enabled":true,"jetpack_social_post_already_shared":true,"jetpack_social_options":{"image_generator_settings":{"template":"highway","default_image_id":0,"font":"","enabled":false},"version":2}},"categories":[27,2,35],"tags":[],"class_list":["post-37716","post","type-post","status-publish","format-standard","has-post-thumbnail","hentry","category-blogu-i-udhetarit","category-politika","category-shoqerore"],"jetpack_publicize_connections":[],"jetpack_featured_media_url":"https:\/\/i0.wp.com\/www.shqiperia.com\/blog\/wp-content\/uploads\/2020\/08\/siriane-693x450-1-693x375-1.jpg?fit=693%2C375&ssl=1","jetpack_sharing_enabled":true,"jetpack_shortlink":"https:\/\/wp.me\/p5Z6wp-9Ok","jetpack-related-posts":[{"id":27790,"url":"https:\/\/www.shqiperia.com\/blog\/kryeministri-i-irlandes-shume-azilkerkues-shqiptare-kalojne-sirianet\/","url_meta":{"origin":37716,"position":0},"title":"Kryeministri i Irland\u00ebs: Shum\u00eb azilk\u00ebrkues shqiptar\u00eb, kalojn\u00eb sirian\u00ebt. &#8211;","author":"Kurt Farka","date":"November 5, 2019","format":false,"excerpt":"Kryeministri i Irland\u00ebs: Shum\u00eb azilk\u00ebrkues shqiptar\u00eb, kalojn\u00eb sirian\u00ebt - 04\/11\/19 Nga: mapo.al Pas Franc\u00ebs, \u00ebsht\u00eb radha e Irland\u00ebs s\u00eb Veriut t\u00eb ankohet p\u00ebr azilk\u00ebrkuesit shqiptar\u00eb. Shtetasit e Shqip\u00ebris\u00eb dhe Gjeorgjis\u00eb kan\u00eb tejkaluar sirian\u00ebt sa i p\u00ebrket k\u00ebrkesave t\u00eb azilit n\u00eb Irland\u00eb. Sipas statistikave, dy nga pes\u00eb azilk\u00ebrkues jan\u00eb shqiptar\u00eb. Kryeministri\u2026","rel":"","context":"In &quot;Blogu i Udh\u00ebtarit&quot;","block_context":{"text":"Blogu i Udh\u00ebtarit","link":"https:\/\/www.shqiperia.com\/blog\/category\/blogu-i-udhetarit\/"},"img":{"alt_text":"","src":"https:\/\/i0.wp.com\/www.shqiperia.com\/blog\/wp-content\/uploads\/2019\/11\/Irlanda.jpg?fit=712%2C340&ssl=1&resize=350%2C200","width":350,"height":200,"srcset":"https:\/\/i0.wp.com\/www.shqiperia.com\/blog\/wp-content\/uploads\/2019\/11\/Irlanda.jpg?fit=712%2C340&ssl=1&resize=350%2C200 1x, https:\/\/i0.wp.com\/www.shqiperia.com\/blog\/wp-content\/uploads\/2019\/11\/Irlanda.jpg?fit=712%2C340&ssl=1&resize=525%2C300 1.5x, https:\/\/i0.wp.com\/www.shqiperia.com\/blog\/wp-content\/uploads\/2019\/11\/Irlanda.jpg?fit=712%2C340&ssl=1&resize=700%2C400 2x"},"classes":[]},{"id":8879,"url":"https:\/\/www.shqiperia.com\/blog\/kerkesat-per-azil-shqiptaret-te-paret-ne-bote-sipas-numrit-te-popullsise-2\/","url_meta":{"origin":37716,"position":1},"title":"K\u00ebrkesat p\u00ebr azil: -Shqiptar\u00ebt t\u00eb par\u00ebt n\u00eb bot\u00eb sipas numrit t\u00eb popullsis\u00eb. &#8211;","author":"Kurt Farka","date":"June 20, 2018","format":false,"excerpt":"K\u00ebrkesat p\u00ebr azil: -Shqiptar\u00ebt t\u00eb par\u00ebt n\u00eb bot\u00eb sipas numrit t\u00eb popullsis\u00eb. - June 20, 2018 09:58 Shqiptar\u00ebt, q\u00eb jetojn\u00eb n\u00eb nj\u00eb vend q\u00eb aspiron t\u00eb hyj\u00eb n\u00eb Bashkimin Europian, duan t\u00eb largohen nga shteti am\u00eb, m\u00eb shum\u00eb sesa banor\u00ebt e vendeve q\u00eb jan\u00eb n\u00eb luft\u00eb, si Siria apo Iraku,\u2026","rel":"","context":"In &quot;Blogu i Udh\u00ebtarit&quot;","block_context":{"text":"Blogu i Udh\u00ebtarit","link":"https:\/\/www.shqiperia.com\/blog\/category\/blogu-i-udhetarit\/"},"img":{"alt_text":"","src":"https:\/\/i0.wp.com\/www.shqiperia.com\/blog\/wp-content\/uploads\/2018\/06\/azil-1.jpg?fit=700%2C394&ssl=1&resize=350%2C200","width":350,"height":200,"srcset":"https:\/\/i0.wp.com\/www.shqiperia.com\/blog\/wp-content\/uploads\/2018\/06\/azil-1.jpg?fit=700%2C394&ssl=1&resize=350%2C200 1x, https:\/\/i0.wp.com\/www.shqiperia.com\/blog\/wp-content\/uploads\/2018\/06\/azil-1.jpg?fit=700%2C394&ssl=1&resize=525%2C300 1.5x, https:\/\/i0.wp.com\/www.shqiperia.com\/blog\/wp-content\/uploads\/2018\/06\/azil-1.jpg?fit=700%2C394&ssl=1&resize=700%2C400 2x"},"classes":[]},{"id":8873,"url":"https:\/\/www.shqiperia.com\/blog\/kerkesat-per-azil-shqiptaret-te-paret-ne-bote-sipas-numrit-te-popullsise\/","url_meta":{"origin":37716,"position":2},"title":"K\u00ebrkesat p\u00ebr azil: -Shqiptar\u00ebt t\u00eb par\u00ebt n\u00eb bot\u00eb sipas numrit t\u00eb popullsis\u00eb. &#8211;","author":"Kurt Farka","date":"June 20, 2018","format":false,"excerpt":"K\u00ebrkesat p\u00ebr azil: -Shqiptar\u00ebt t\u00eb par\u00ebt n\u00eb bot\u00eb sipas numrit t\u00eb popullsis\u00eb. - June 20, 2018 09:58 Shqiptar\u00ebt, q\u00eb jetojn\u00eb n\u00eb nj\u00eb vend q\u00eb aspiron t\u00eb hyj\u00eb n\u00eb Bashkimin Europian, duan t\u00eb largohen nga shteti am\u00eb, m\u00eb shum\u00eb sesa banor\u00ebt e vendeve q\u00eb jan\u00eb n\u00eb luft\u00eb, si Siria apo Iraku,\u2026","rel":"","context":"In &quot;Blogu i Udh\u00ebtarit&quot;","block_context":{"text":"Blogu i Udh\u00ebtarit","link":"https:\/\/www.shqiperia.com\/blog\/category\/blogu-i-udhetarit\/"},"img":{"alt_text":"","src":"https:\/\/i0.wp.com\/www.shqiperia.com\/blog\/wp-content\/uploads\/2018\/06\/azil.jpg?fit=700%2C394&ssl=1&resize=350%2C200","width":350,"height":200,"srcset":"https:\/\/i0.wp.com\/www.shqiperia.com\/blog\/wp-content\/uploads\/2018\/06\/azil.jpg?fit=700%2C394&ssl=1&resize=350%2C200 1x, https:\/\/i0.wp.com\/www.shqiperia.com\/blog\/wp-content\/uploads\/2018\/06\/azil.jpg?fit=700%2C394&ssl=1&resize=525%2C300 1.5x, https:\/\/i0.wp.com\/www.shqiperia.com\/blog\/wp-content\/uploads\/2018\/06\/azil.jpg?fit=700%2C394&ssl=1&resize=700%2C400 2x"},"classes":[]},{"id":63632,"url":"https:\/\/www.shqiperia.com\/blog\/aplikimet-per-azil-te-shqiptareve-nuk-ndalen-rriten-me-65-per-8-mujorin-ne-gusht-ia-kalojme-ukraines-qe-eshte-ne-lufte\/","url_meta":{"origin":37716,"position":3},"title":"Aplikimet p\u00ebr azil te shqiptareve nuk ndalen: &#8211; Rriten me 65% p\u00ebr 8-mujorin. &#8211; N\u00eb gusht ia kalojm\u00eb Ukrain\u00ebs, q\u00eb \u00ebsht\u00eb n\u00eb luft\u00eb!","author":"Kurt Farka","date":"October 26, 2022","format":false,"excerpt":"26 Tetor 2022. Aplikimet p\u00ebr azil nga shtetasit shqiptar\u00eb n\u00eb vendet e Bashkimit Europian kan\u00eb p\u00ebrshpejtuar rritjen gjat\u00eb muajve t\u00eb ver\u00ebs. Sipas t\u00eb dh\u00ebnave paraprake t\u00eb Eurostat p\u00ebr periudh\u00ebn janar- gusht 2022 jan\u00eb regjistruar gjithsej 6,860 aplikime p\u00ebr azil n\u00eb BE nga shtetasit shqiptar\u00eb, me nj\u00eb rritje prej 68% n\u00eb\u2026","rel":"","context":"In &quot;Blogu i Udh\u00ebtarit&quot;","block_context":{"text":"Blogu i Udh\u00ebtarit","link":"https:\/\/www.shqiperia.com\/blog\/category\/blogu-i-udhetarit\/"},"img":{"alt_text":"","src":"https:\/\/i0.wp.com\/www.shqiperia.com\/blog\/wp-content\/uploads\/2022\/10\/19566768_101-770x433-1.jpg?fit=770%2C433&ssl=1&resize=350%2C200","width":350,"height":200,"srcset":"https:\/\/i0.wp.com\/www.shqiperia.com\/blog\/wp-content\/uploads\/2022\/10\/19566768_101-770x433-1.jpg?fit=770%2C433&ssl=1&resize=350%2C200 1x, https:\/\/i0.wp.com\/www.shqiperia.com\/blog\/wp-content\/uploads\/2022\/10\/19566768_101-770x433-1.jpg?fit=770%2C433&ssl=1&resize=525%2C300 1.5x, https:\/\/i0.wp.com\/www.shqiperia.com\/blog\/wp-content\/uploads\/2022\/10\/19566768_101-770x433-1.jpg?fit=770%2C433&ssl=1&resize=700%2C400 2x"},"classes":[]},{"id":28005,"url":"https:\/\/www.shqiperia.com\/blog\/shqiperia-e-gjymtuar-emigrimi-ne-shifra-gjysme-milion-per-10-vjet\/","url_meta":{"origin":37716,"position":4},"title":"Shqip\u00ebria e \u201cgjymtuar\u201d, emigrimi n\u00eb shifra: Gjysm\u00eb milion p\u00ebr 10 vjet. &#8211;","author":"Kurt Farka","date":"November 12, 2019","format":false,"excerpt":"Shqip\u00ebria e \u201cgjymtuar\u201d, emigrimi n\u00eb shifra: Gjysm\u00eb milion p\u00ebr 10 vjet 11 nentor 2019 Nga: Gazeta dita Shifrat nuk mund t\u00eb g\u00ebnjejn\u00eb dhe ato tregojn\u00eb se shqiptar\u00ebt nd\u00ebr vite jan\u00eb larguar, gjys\u00ebm milioni n\u00eb vet\u00ebm nj\u00eb dekad\u00eb. Shqiptar\u00ebt po vazhdojn\u00eb t\u00eb largohen, e m\u00eb keq akoma, t\u00eb rinjt\u00eb e k\u00ebtij\u2026","rel":"","context":"In &quot;Politika&quot;","block_context":{"text":"Politika","link":"https:\/\/www.shqiperia.com\/blog\/category\/politika\/"},"img":{"alt_text":"","src":"https:\/\/i0.wp.com\/www.shqiperia.com\/blog\/wp-content\/uploads\/2019\/11\/How-your-brain-is-fooling-you-out-of-emigrating-905x450.jpg?fit=905%2C450&ssl=1&resize=350%2C200","width":350,"height":200,"srcset":"https:\/\/i0.wp.com\/www.shqiperia.com\/blog\/wp-content\/uploads\/2019\/11\/How-your-brain-is-fooling-you-out-of-emigrating-905x450.jpg?fit=905%2C450&ssl=1&resize=350%2C200 1x, https:\/\/i0.wp.com\/www.shqiperia.com\/blog\/wp-content\/uploads\/2019\/11\/How-your-brain-is-fooling-you-out-of-emigrating-905x450.jpg?fit=905%2C450&ssl=1&resize=525%2C300 1.5x, https:\/\/i0.wp.com\/www.shqiperia.com\/blog\/wp-content\/uploads\/2019\/11\/How-your-brain-is-fooling-you-out-of-emigrating-905x450.jpg?fit=905%2C450&ssl=1&resize=700%2C400 2x"},"classes":[]},{"id":4604,"url":"https:\/\/www.shqiperia.com\/blog\/shenim-kush-po-perze-shqiptaret-nga-vendi-tyre\/","url_meta":{"origin":37716,"position":5},"title":"Sh\u00ebnim \u2013 Kush po i p\u00ebrz\u00eb shqiptar\u00ebt nga vendi i tyre. &#8211;","author":"Kurt Farka","date":"March 11, 2018","format":false,"excerpt":"320 mij\u00eb shqiptar\u00eb jan\u00eb larguar p\u00ebr 6 vite nga Shqip\u00ebria. Tre vitet e fundit, e kan\u00eb l\u00ebn\u00eb vendin m\u00eb shum\u00eb se 600 mjek\u00eb, ku vet\u00ebm gjat\u00eb 2017 kan\u00eb k\u00ebrkuar referenc\u00eb largimi rreth 167 t\u00eb tjer\u00eb Erjola dhe Altini, dy t\u00eb rinj shqiptar\u00eb, p\u00ebrfunduan pak jav\u00eb m\u00eb par\u00eb pas hekurave t\u00eb\u2026","rel":"","context":"In &quot;Blogu i Udh\u00ebtarit&quot;","block_context":{"text":"Blogu i Udh\u00ebtarit","link":"https:\/\/www.shqiperia.com\/blog\/category\/blogu-i-udhetarit\/"},"img":{"alt_text":"","src":"https:\/\/i0.wp.com\/www.shqiperia.com\/blog\/wp-content\/uploads\/2018\/03\/images-1-300x156.jpg?resize=350%2C200","width":350,"height":200},"classes":[]}],"_links":{"self":[{"href":"https:\/\/www.shqiperia.com\/blog\/wp-json\/wp\/v2\/posts\/37716","targetHints":{"allow":["GET"]}}],"collection":[{"href":"https:\/\/www.shqiperia.com\/blog\/wp-json\/wp\/v2\/posts"}],"about":[{"href":"https:\/\/www.shqiperia.com\/blog\/wp-json\/wp\/v2\/types\/post"}],"author":[{"embeddable":true,"href":"https:\/\/www.shqiperia.com\/blog\/wp-json\/wp\/v2\/users\/9"}],"replies":[{"embeddable":true,"href":"https:\/\/www.shqiperia.com\/blog\/wp-json\/wp\/v2\/comments?post=37716"}],"version-history":[{"count":1,"href":"https:\/\/www.shqiperia.com\/blog\/wp-json\/wp\/v2\/posts\/37716\/revisions"}],"predecessor-version":[{"id":37718,"href":"https:\/\/www.shqiperia.com\/blog\/wp-json\/wp\/v2\/posts\/37716\/revisions\/37718"}],"wp:featuredmedia":[{"embeddable":true,"href":"https:\/\/www.shqiperia.com\/blog\/wp-json\/wp\/v2\/media\/37717"}],"wp:attachment":[{"href":"https:\/\/www.shqiperia.com\/blog\/wp-json\/wp\/v2\/media?parent=37716"}],"wp:term":[{"taxonomy":"category","embeddable":true,"href":"https:\/\/www.shqiperia.com\/blog\/wp-json\/wp\/v2\/categories?post=37716"},{"taxonomy":"post_tag","embeddable":true,"href":"https:\/\/www.shqiperia.com\/blog\/wp-json\/wp\/v2\/tags?post=37716"}],"curies":[{"name":"wp","href":"https:\/\/api.w.org\/{rel}","templated":true}]}}