{"id":37712,"date":"2020-08-27T06:01:49","date_gmt":"2020-08-27T06:01:49","guid":{"rendered":"https:\/\/www.shqiperia.com\/blog\/?p=37712"},"modified":"2020-08-27T06:01:49","modified_gmt":"2020-08-27T06:01:49","slug":"sekreti-i-fundit-i-van-gogh-eksperti-ja-si-vdiq-kartolina-qe-hedh-drite-mbi-vepren-e-perfunduar-diten-e-vetevrasjes","status":"publish","type":"post","link":"https:\/\/www.shqiperia.com\/blog\/sekreti-i-fundit-i-van-gogh-eksperti-ja-si-vdiq-kartolina-qe-hedh-drite-mbi-vepren-e-perfunduar-diten-e-vetevrasjes\/","title":{"rendered":"Sekreti i fundit i Van Gogh, eksperti: Ja si vdiq. Kartolina q\u00eb hedh drit\u00eb mbi vepr\u00ebn e p\u00ebrfunduar dit\u00ebn e vet\u00ebvrasjes"},"content":{"rendered":"<p><img data-recalc-dims=\"1\" loading=\"lazy\" decoding=\"async\" data-attachment-id=\"37713\" data-permalink=\"https:\/\/www.shqiperia.com\/blog\/sekreti-i-fundit-i-van-gogh-eksperti-ja-si-vdiq-kartolina-qe-hedh-drite-mbi-vepren-e-perfunduar-diten-e-vetevrasjes\/van-giogh-kartolina-antike-e-zbuluar-pas-130-vitesh\/\" data-orig-file=\"https:\/\/i0.wp.com\/www.shqiperia.com\/blog\/wp-content\/uploads\/2020\/08\/van-giogh-Kartolina-antike-e-zbuluar-pas-130-vitesh.jpg?fit=620%2C349&amp;ssl=1\" data-orig-size=\"620,349\" data-comments-opened=\"1\" data-image-meta=\"{&quot;aperture&quot;:&quot;0&quot;,&quot;credit&quot;:&quot;&quot;,&quot;camera&quot;:&quot;&quot;,&quot;caption&quot;:&quot;&quot;,&quot;created_timestamp&quot;:&quot;0&quot;,&quot;copyright&quot;:&quot;&quot;,&quot;focal_length&quot;:&quot;0&quot;,&quot;iso&quot;:&quot;0&quot;,&quot;shutter_speed&quot;:&quot;0&quot;,&quot;title&quot;:&quot;&quot;,&quot;orientation&quot;:&quot;0&quot;}\" data-image-title=\"van-giogh-Kartolina-antike-e-zbuluar-pas-130-vitesh\" data-image-description=\"\" data-image-caption=\"\" data-medium-file=\"https:\/\/i0.wp.com\/www.shqiperia.com\/blog\/wp-content\/uploads\/2020\/08\/van-giogh-Kartolina-antike-e-zbuluar-pas-130-vitesh.jpg?fit=300%2C169&amp;ssl=1\" data-large-file=\"https:\/\/i0.wp.com\/www.shqiperia.com\/blog\/wp-content\/uploads\/2020\/08\/van-giogh-Kartolina-antike-e-zbuluar-pas-130-vitesh.jpg?fit=620%2C349&amp;ssl=1\" class=\"alignnone  wp-image-37713\" alt=\"\" src=\"https:\/\/i0.wp.com\/www.shqiperia.com\/blog\/wp-content\/uploads\/2020\/08\/van-giogh-Kartolina-antike-e-zbuluar-pas-130-vitesh.jpg?resize=541%2C305&#038;ssl=1\" width=\"541\" height=\"305\" srcset=\"https:\/\/i0.wp.com\/www.shqiperia.com\/blog\/wp-content\/uploads\/2020\/08\/van-giogh-Kartolina-antike-e-zbuluar-pas-130-vitesh.jpg?resize=300%2C169&amp;ssl=1 300w, https:\/\/i0.wp.com\/www.shqiperia.com\/blog\/wp-content\/uploads\/2020\/08\/van-giogh-Kartolina-antike-e-zbuluar-pas-130-vitesh.jpg?resize=450%2C253&amp;ssl=1 450w, https:\/\/i0.wp.com\/www.shqiperia.com\/blog\/wp-content\/uploads\/2020\/08\/van-giogh-Kartolina-antike-e-zbuluar-pas-130-vitesh.jpg?resize=600%2C338&amp;ssl=1 600w, https:\/\/i0.wp.com\/www.shqiperia.com\/blog\/wp-content\/uploads\/2020\/08\/van-giogh-Kartolina-antike-e-zbuluar-pas-130-vitesh.jpg?resize=400%2C225&amp;ssl=1 400w, https:\/\/i0.wp.com\/www.shqiperia.com\/blog\/wp-content\/uploads\/2020\/08\/van-giogh-Kartolina-antike-e-zbuluar-pas-130-vitesh.jpg?w=620&amp;ssl=1 620w\" sizes=\"auto, (max-width: 541px) 100vw, 541px\" \/><\/p>\n<p>Sekreti i fundit i Van Gogh, eksperti: Ja si vdiq. Kartolina q\u00eb hedh drit\u00eb mbi vepr\u00ebn e p\u00ebrfunduar dit\u00ebn e vet\u00ebvrasjes<\/p>\n<p>Zbulohet sekreti i piktur\u00ebs s\u00eb fundit t\u00eb Vincent van Gogh. Edhe pse 130 vite larg nga vdekja e tij, piktori i madh holandez rezervon ende surpriza. N\u00eb Auvers-sur-Oise, si\u00e7 shkruan \u201cLe Parisien\u201d, nj\u00eb nga specialist\u00ebt m\u00eb t\u00eb m\u00ebdhenj bot\u00ebror\u00eb t\u00eb Van Gogh, Wouter Van der Veen, ka zbuluar vendin ekzakt q\u00eb frym\u00ebzoi vepr\u00ebn e tij t\u00eb fundit piktorike \u201cRr\u00ebnj\u00ebt\u201d, \u201cRacines d\u2019arbres\u201d.<\/p>\n<p><span> <img data-recalc-dims=\"1\" loading=\"lazy\" decoding=\"async\" data-attachment-id=\"37714\" data-permalink=\"https:\/\/www.shqiperia.com\/blog\/sekreti-i-fundit-i-van-gogh-eksperti-ja-si-vdiq-kartolina-qe-hedh-drite-mbi-vepren-e-perfunduar-diten-e-vetevrasjes\/van-gogh-2\/\" data-orig-file=\"https:\/\/i0.wp.com\/www.shqiperia.com\/blog\/wp-content\/uploads\/2020\/08\/Van-Gogh-1.jpg?fit=335%2C335&amp;ssl=1\" data-orig-size=\"335,335\" data-comments-opened=\"1\" data-image-meta=\"{&quot;aperture&quot;:&quot;0&quot;,&quot;credit&quot;:&quot;&quot;,&quot;camera&quot;:&quot;&quot;,&quot;caption&quot;:&quot;&quot;,&quot;created_timestamp&quot;:&quot;0&quot;,&quot;copyright&quot;:&quot;&quot;,&quot;focal_length&quot;:&quot;0&quot;,&quot;iso&quot;:&quot;0&quot;,&quot;shutter_speed&quot;:&quot;0&quot;,&quot;title&quot;:&quot;&quot;,&quot;orientation&quot;:&quot;0&quot;}\" data-image-title=\"Van-Gogh\" data-image-description=\"\" data-image-caption=\"\" data-medium-file=\"https:\/\/i0.wp.com\/www.shqiperia.com\/blog\/wp-content\/uploads\/2020\/08\/Van-Gogh-1.jpg?fit=300%2C300&amp;ssl=1\" data-large-file=\"https:\/\/i0.wp.com\/www.shqiperia.com\/blog\/wp-content\/uploads\/2020\/08\/Van-Gogh-1.jpg?fit=335%2C335&amp;ssl=1\" class=\"alignnone  wp-image-37714\" alt=\"\" src=\"https:\/\/i0.wp.com\/www.shqiperia.com\/blog\/wp-content\/uploads\/2020\/08\/Van-Gogh-1.jpg?resize=500%2C500&#038;ssl=1\" width=\"500\" height=\"500\" srcset=\"https:\/\/i0.wp.com\/www.shqiperia.com\/blog\/wp-content\/uploads\/2020\/08\/Van-Gogh-1.jpg?resize=300%2C300&amp;ssl=1 300w, https:\/\/i0.wp.com\/www.shqiperia.com\/blog\/wp-content\/uploads\/2020\/08\/Van-Gogh-1.jpg?resize=150%2C150&amp;ssl=1 150w, https:\/\/i0.wp.com\/www.shqiperia.com\/blog\/wp-content\/uploads\/2020\/08\/Van-Gogh-1.jpg?resize=65%2C65&amp;ssl=1 65w, https:\/\/i0.wp.com\/www.shqiperia.com\/blog\/wp-content\/uploads\/2020\/08\/Van-Gogh-1.jpg?resize=50%2C50&amp;ssl=1 50w, https:\/\/i0.wp.com\/www.shqiperia.com\/blog\/wp-content\/uploads\/2020\/08\/Van-Gogh-1.jpg?w=335&amp;ssl=1 335w\" sizes=\"auto, (max-width: 500px) 100vw, 500px\" \/><\/span><\/p>\n<p>Nj\u00eb zbulim ky, si\u00e7 sakt\u00ebson gazeta, q\u00eb hedh drit\u00eb edhe mbi or\u00ebt e fundit t\u00eb jet\u00ebs t\u00eb artistit, q\u00eb e mbylli jet\u00ebn n\u00eb nj\u00eb m\u00ebnyr\u00eb tragjike m\u00eb 29 korrik t\u00eb vitit 1890.<\/p>\n<p>Lajmi \u00ebsht\u00eb zbuluar nga \u201cAuvers\u201d n\u00eb Institutin Van Gogh t\u00eb Amsterdamit, n\u00eb kuad\u00ebr t\u00eb p\u00ebrvjetorit t\u00eb vdekjes s\u00eb tij. I pranish\u00ebm ka qen\u00eb edhe nj\u00eb pasardh\u00ebs i larg\u00ebt i piktorit, si\u00e7 raportojn\u00eb mediat e huaja. Si\u00e7 ndodh shpesh, zbulimi erdhi si pasoj\u00eb e nj\u00eb s\u00ebr\u00eb situatash rast\u00ebsore t\u00eb nj\u00ebpasnj\u00ebshme. Gjat\u00eb periudh\u00ebs s\u00eb izolimit p\u00ebr shkak t\u00eb pandemis\u00eb s\u00eb COVID-19, drejtorit t\u00eb Institutit t\u00eb Van Gogh iu desh t\u00eb q\u00ebndronte i mbyllur n\u00eb sht\u00ebpi. \u201cN\u00eb ato rrethana nisa t\u00eb vendos pak rregull.<\/p>\n<p>Disa muaj m\u00eb par\u00eb kisha skanerizuar disa kartolina t\u00eb vjetra t\u00eb viteve 1900-1910, t\u00eb cilat i p\u00ebrkisnin nj\u00eb zonje t\u00eb vjet\u00ebr t\u00eb Auvers. N\u00eb ekran u shfaq nj\u00ebra prej tyre, me nj\u00eb \u00e7iklist q\u00eb kishte ndaluar n\u00eb an\u00ebn e nj\u00eb shtegu, q\u00eb sot quhet rruga \u2018Daubigny\u2019.<\/p>\n","protected":false},"excerpt":{"rendered":"<p>Sekreti i fundit i Van Gogh, eksperti: Ja si vdiq. Kartolina q\u00eb hedh drit\u00eb mbi vepr\u00ebn e p\u00ebrfunduar dit\u00ebn e vet\u00ebvrasjes Zbulohet sekreti i piktur\u00ebs s\u00eb fundit t\u00eb Vincent van Gogh. Edhe pse 130 vite larg nga vdekja e tij, piktori i madh holandez rezervon ende surpriza. N\u00eb Auvers-sur-Oise, si\u00e7 shkruan \u201cLe Parisien\u201d, nj\u00eb nga [&hellip;]<\/p>\n","protected":false},"author":9,"featured_media":37713,"comment_status":"open","ping_status":"open","sticky":false,"template":"","format":"standard","meta":{"jetpack_post_was_ever_published":false,"_jetpack_newsletter_access":"","_jetpack_dont_email_post_to_subs":false,"_jetpack_newsletter_tier_id":0,"_jetpack_memberships_contains_paywalled_content":false,"_jetpack_memberships_contains_paid_content":false,"footnotes":"","jetpack_publicize_message":"","jetpack_publicize_feature_enabled":true,"jetpack_social_post_already_shared":true,"jetpack_social_options":{"image_generator_settings":{"template":"highway","default_image_id":0,"font":"","enabled":false},"version":2}},"categories":[85,10,86],"tags":[],"class_list":["post-37712","post","type-post","status-publish","format-standard","has-post-thumbnail","hentry","category-histori","category-kultura","category-trashegimi-kulturore"],"jetpack_publicize_connections":[],"jetpack_featured_media_url":"https:\/\/i0.wp.com\/www.shqiperia.com\/blog\/wp-content\/uploads\/2020\/08\/van-giogh-Kartolina-antike-e-zbuluar-pas-130-vitesh.jpg?fit=620%2C349&ssl=1","jetpack_sharing_enabled":true,"jetpack_shortlink":"https:\/\/wp.me\/p5Z6wp-9Og","jetpack-related-posts":[{"id":22063,"url":"https:\/\/www.shqiperia.com\/blog\/ne-ankand-revolveri-me-te-cilin-van-gogh-vrau-veten\/","url_meta":{"origin":37712,"position":0},"title":"N\u00eb ankand revolveri me t\u00eb cilin Van Gogh vrau veten. &#8211;","author":"Kurt Farka","date":"June 21, 2019","format":false,"excerpt":"N\u00eb ankand revolveri me t\u00eb cilin Van Gogh vrau veten. - Revolveri me t\u00eb cilin besohet se Vincent van Gogh vrau veten do t\u00eb dal\u00eb n\u00eb ankand t\u00eb m\u00ebrkur\u00ebn n\u00eb Paris. Konsideruar si \u00a0\u201carma m\u00eb e famshme n\u00eb historin\u00eb e artit\u201d, revolveri Lefaucheux\u00a0 7 mm pritet t\u00eb shitet p\u00ebr 60.000\u2026","rel":"","context":"In &quot;Blogu i Udh\u00ebtarit&quot;","block_context":{"text":"Blogu i Udh\u00ebtarit","link":"https:\/\/www.shqiperia.com\/blog\/category\/blogu-i-udhetarit\/"},"img":{"alt_text":"","src":"https:\/\/i0.wp.com\/www.shqiperia.com\/blog\/wp-content\/uploads\/2019\/06\/vangoghgun-e1560783019661-905x450.jpg?fit=905%2C450&ssl=1&resize=350%2C200","width":350,"height":200,"srcset":"https:\/\/i0.wp.com\/www.shqiperia.com\/blog\/wp-content\/uploads\/2019\/06\/vangoghgun-e1560783019661-905x450.jpg?fit=905%2C450&ssl=1&resize=350%2C200 1x, https:\/\/i0.wp.com\/www.shqiperia.com\/blog\/wp-content\/uploads\/2019\/06\/vangoghgun-e1560783019661-905x450.jpg?fit=905%2C450&ssl=1&resize=525%2C300 1.5x, https:\/\/i0.wp.com\/www.shqiperia.com\/blog\/wp-content\/uploads\/2019\/06\/vangoghgun-e1560783019661-905x450.jpg?fit=905%2C450&ssl=1&resize=700%2C400 2x"},"classes":[]},{"id":93998,"url":"https:\/\/www.shqiperia.com\/blog\/nje-thesar-i-mrekullueshem-1400-vjecar-me-monedha-ari-hedh-drite-mbi-renien-e-qytetit-te-krishtere-te-galilese\/","url_meta":{"origin":37712,"position":1},"title":"Nj\u00eb thesar i mrekulluesh\u00ebm 1400-vje\u00e7ar me monedha ari, hedh drit\u00eb mbi r\u00ebnien e qytetit t\u00eb krishter\u00eb t\u00eb Galiles\u00eb","author":"Kurt Farka","date":"September 27, 2025","format":false,"excerpt":"27 Shtator 2025 Universiteti i Haif\u00ebs njoftoi t\u00eb enjten se gati 100 monedha ari t\u00eb past\u00ebr dhe dhjet\u00ebra fragmente bizhuterish jan\u00eb zbuluar gjat\u00eb nj\u00eb g\u00ebrmimi n\u00eb qytetin e lasht\u00eb t\u00eb Hippos, n\u00eb lindje t\u00eb Deitit t\u00eb Galiles\u00eb. Sipas Dr. Michael Eisenberg t\u00eb Universitetit t\u00eb Haif\u00ebs, thesari hedh drit\u00eb t\u00eb re\u2026","rel":"","context":"In &quot;Blogu i Udh\u00ebtarit&quot;","block_context":{"text":"Blogu i Udh\u00ebtarit","link":"https:\/\/www.shqiperia.com\/blog\/category\/blogu-i-udhetarit\/"},"img":{"alt_text":"","src":"https:\/\/i0.wp.com\/www.shqiperia.com\/blog\/wp-content\/uploads\/2025\/09\/auto_MONEDHAT1758881671.jpg?fit=900%2C563&ssl=1&resize=350%2C200","width":350,"height":200,"srcset":"https:\/\/i0.wp.com\/www.shqiperia.com\/blog\/wp-content\/uploads\/2025\/09\/auto_MONEDHAT1758881671.jpg?fit=900%2C563&ssl=1&resize=350%2C200 1x, https:\/\/i0.wp.com\/www.shqiperia.com\/blog\/wp-content\/uploads\/2025\/09\/auto_MONEDHAT1758881671.jpg?fit=900%2C563&ssl=1&resize=525%2C300 1.5x, https:\/\/i0.wp.com\/www.shqiperia.com\/blog\/wp-content\/uploads\/2025\/09\/auto_MONEDHAT1758881671.jpg?fit=900%2C563&ssl=1&resize=700%2C400 2x"},"classes":[]},{"id":37694,"url":"https:\/\/www.shqiperia.com\/blog\/varri-i-kleopatres-arkeologet-drejt-zbulimit-te-misterit\/","url_meta":{"origin":37712,"position":2},"title":"Varri i Kleopatr\u00ebs, arkeolog\u00ebt drejt zbulimit t\u00eb misterit","author":"Kurt Farka","date":"August 26, 2020","format":false,"excerpt":"Varri i Kleopatr\u00ebs, arkeolog\u00ebt drejt zbulimit t\u00eb misterit Arkeolog\u00ebt kan\u00eb b\u00ebr\u00eb nj\u00eb p\u00ebrparim t\u00eb r\u00ebnd\u00ebsish\u00ebm n\u00eb gjetjen e vendit t\u00eb pushimit p\u00ebrfundimtar t\u00eb Mbret\u00ebresh\u00ebs Egjiptiane kleopatra, nj\u00eb varr i fshehur, ku ajo supozohet se \u00ebsht\u00eb varrosur me t\u00eb dashurin e saj Mark Antoni pas vet\u00ebvrasjeve t\u00eb tyre. N\u00eb nj\u00eb dokumentar\u2026","rel":"","context":"In &quot;Blogu i Udh\u00ebtarit&quot;","block_context":{"text":"Blogu i Udh\u00ebtarit","link":"https:\/\/www.shqiperia.com\/blog\/category\/blogu-i-udhetarit\/"},"img":{"alt_text":"","src":"https:\/\/i0.wp.com\/www.shqiperia.com\/blog\/wp-content\/uploads\/2020\/08\/c4be50d0-CleopatraStatueGetty2001-640x360-1.jpg?fit=640%2C360&ssl=1&resize=350%2C200","width":350,"height":200,"srcset":"https:\/\/i0.wp.com\/www.shqiperia.com\/blog\/wp-content\/uploads\/2020\/08\/c4be50d0-CleopatraStatueGetty2001-640x360-1.jpg?fit=640%2C360&ssl=1&resize=350%2C200 1x, https:\/\/i0.wp.com\/www.shqiperia.com\/blog\/wp-content\/uploads\/2020\/08\/c4be50d0-CleopatraStatueGetty2001-640x360-1.jpg?fit=640%2C360&ssl=1&resize=525%2C300 1.5x"},"classes":[]},{"id":43403,"url":"https:\/\/www.shqiperia.com\/blog\/udhetim-ne-biblioteken-e-van-gogut\/","url_meta":{"origin":37712,"position":3},"title":"Udh\u00ebtim n\u00eb bibliotek\u00ebn e Van Gogut","author":"Kurt Farka","date":"January 27, 2021","format":false,"excerpt":"Udh\u00ebtim n\u00eb bibliotek\u00ebn e Van Gogut \u201cAi lexon Dickens gjith\u00eb dit\u00ebn dhe nuk b\u00ebn asgj\u00eb tjet\u00ebr, ai flet vet\u00ebm kur i b\u00ebhet nj\u00eb pyetje\u201d. K\u00ebshtu n\u00ebna Anna i shkroi djalit t\u00eb saj Theo me nj\u00eb acarim t\u00eb fsheht\u00eb. Ishte gusht 1879. Vincent vendosi t\u00eb kthehej n\u00eb Etten p\u00ebr t\u00eb kaluar\u2026","rel":"","context":"In &quot;Arte&quot;","block_context":{"text":"Arte","link":"https:\/\/www.shqiperia.com\/blog\/category\/arte\/"},"img":{"alt_text":"","src":"https:\/\/i0.wp.com\/www.shqiperia.com\/blog\/wp-content\/uploads\/2021\/01\/vangogh_letter7-p1.jpg?fit=793%2C446&ssl=1&resize=350%2C200","width":350,"height":200,"srcset":"https:\/\/i0.wp.com\/www.shqiperia.com\/blog\/wp-content\/uploads\/2021\/01\/vangogh_letter7-p1.jpg?fit=793%2C446&ssl=1&resize=350%2C200 1x, https:\/\/i0.wp.com\/www.shqiperia.com\/blog\/wp-content\/uploads\/2021\/01\/vangogh_letter7-p1.jpg?fit=793%2C446&ssl=1&resize=525%2C300 1.5x, https:\/\/i0.wp.com\/www.shqiperia.com\/blog\/wp-content\/uploads\/2021\/01\/vangogh_letter7-p1.jpg?fit=793%2C446&ssl=1&resize=700%2C400 2x"},"classes":[]},{"id":74932,"url":"https:\/\/www.shqiperia.com\/blog\/nata-me-yje-vincent-van-gogh-shpesh-me-duket-se-nata-eshte-me-ngjyra-edhe-me-te-pasura-se-dita\/","url_meta":{"origin":37712,"position":4},"title":"\u201cNata me yje\u201d, Vincent van Gogh: &#8211; Shpesh m\u00eb duket se nata \u00ebsht\u00eb me ngjyra edhe m\u00eb t\u00eb pasura se dita","author":"Kurt Farka","date":"October 22, 2023","format":false,"excerpt":"22 Tetor 2023 \u201cNata me yje mbi Rhone\u201d \u00ebsht\u00eb nj\u00eb kulm i gjeniut artistik t\u00eb Vincent Van Gogh (1853-1890). Edhe pse m\u00eb pak i njohur se homologu i tij i m\u00ebvonsh\u00ebm, \u201cNata me yje\u201d, qielli i nat\u00ebs e kishte p\u00ebrndjekur Van Gogun q\u00eb kur u transferua n\u00eb Arles n\u00eb shkurt\u2026","rel":"","context":"In &quot;Arte&quot;","block_context":{"text":"Arte","link":"https:\/\/www.shqiperia.com\/blog\/category\/arte\/"},"img":{"alt_text":"","src":"https:\/\/i0.wp.com\/www.shqiperia.com\/blog\/wp-content\/uploads\/2023\/10\/640-0-goigu-1697924141.jpg?fit=640%2C427&ssl=1&resize=350%2C200","width":350,"height":200,"srcset":"https:\/\/i0.wp.com\/www.shqiperia.com\/blog\/wp-content\/uploads\/2023\/10\/640-0-goigu-1697924141.jpg?fit=640%2C427&ssl=1&resize=350%2C200 1x, https:\/\/i0.wp.com\/www.shqiperia.com\/blog\/wp-content\/uploads\/2023\/10\/640-0-goigu-1697924141.jpg?fit=640%2C427&ssl=1&resize=525%2C300 1.5x"},"classes":[]},{"id":15121,"url":"https:\/\/www.shqiperia.com\/blog\/jeta-dhe-krijimtaria-e-vincent-van-gogh-nga-3-janar-2019-ne-kinema\/","url_meta":{"origin":37712,"position":5},"title":"Jeta dhe krijimtaria e Vincent Van Gogh nga 3 janar 2019 n\u00eb kinema. &#8211;","author":"Kurt Farka","date":"December 22, 2018","format":false,"excerpt":"Jeta dhe krijimtaria e Vincent Van Gogh nga 3 janar 2019 n\u00eb kinema. - Nga 3 janari 2019 vjen n\u00eb kinema filmi p\u00ebr p\u00ebr piktorin Vincent Van Gogh. Filmi \u00ebsht\u00eb me regji t\u00eb\u00a0Julian Schnabel. Nga Ilir \u00c7uci. Duhej nj\u00eb regjizor i rangut t\u00eb Julian Schnabel p\u00ebr t\u00eb sjell\u00eb n\u00eb ekranin\u2026","rel":"","context":"In &quot;Arte&quot;","block_context":{"text":"Arte","link":"https:\/\/www.shqiperia.com\/blog\/category\/arte\/"},"img":{"alt_text":"","src":"https:\/\/i0.wp.com\/www.shqiperia.com\/blog\/wp-content\/uploads\/2018\/12\/Van-Gog.jpg?fit=539%2C305&ssl=1&resize=350%2C200","width":350,"height":200,"srcset":"https:\/\/i0.wp.com\/www.shqiperia.com\/blog\/wp-content\/uploads\/2018\/12\/Van-Gog.jpg?fit=539%2C305&ssl=1&resize=350%2C200 1x, https:\/\/i0.wp.com\/www.shqiperia.com\/blog\/wp-content\/uploads\/2018\/12\/Van-Gog.jpg?fit=539%2C305&ssl=1&resize=525%2C300 1.5x"},"classes":[]}],"_links":{"self":[{"href":"https:\/\/www.shqiperia.com\/blog\/wp-json\/wp\/v2\/posts\/37712","targetHints":{"allow":["GET"]}}],"collection":[{"href":"https:\/\/www.shqiperia.com\/blog\/wp-json\/wp\/v2\/posts"}],"about":[{"href":"https:\/\/www.shqiperia.com\/blog\/wp-json\/wp\/v2\/types\/post"}],"author":[{"embeddable":true,"href":"https:\/\/www.shqiperia.com\/blog\/wp-json\/wp\/v2\/users\/9"}],"replies":[{"embeddable":true,"href":"https:\/\/www.shqiperia.com\/blog\/wp-json\/wp\/v2\/comments?post=37712"}],"version-history":[{"count":1,"href":"https:\/\/www.shqiperia.com\/blog\/wp-json\/wp\/v2\/posts\/37712\/revisions"}],"predecessor-version":[{"id":37715,"href":"https:\/\/www.shqiperia.com\/blog\/wp-json\/wp\/v2\/posts\/37712\/revisions\/37715"}],"wp:featuredmedia":[{"embeddable":true,"href":"https:\/\/www.shqiperia.com\/blog\/wp-json\/wp\/v2\/media\/37713"}],"wp:attachment":[{"href":"https:\/\/www.shqiperia.com\/blog\/wp-json\/wp\/v2\/media?parent=37712"}],"wp:term":[{"taxonomy":"category","embeddable":true,"href":"https:\/\/www.shqiperia.com\/blog\/wp-json\/wp\/v2\/categories?post=37712"},{"taxonomy":"post_tag","embeddable":true,"href":"https:\/\/www.shqiperia.com\/blog\/wp-json\/wp\/v2\/tags?post=37712"}],"curies":[{"name":"wp","href":"https:\/\/api.w.org\/{rel}","templated":true}]}}