{"id":37709,"date":"2020-08-26T18:15:29","date_gmt":"2020-08-26T18:15:29","guid":{"rendered":"https:\/\/www.shqiperia.com\/blog\/?p=37709"},"modified":"2020-08-26T18:15:29","modified_gmt":"2020-08-26T18:15:29","slug":"koronavirusi-gushti-muaji-me-dramatik-ne-shqiperi-vjeshta-do-te-sjelle-rreziqe-te-reja","status":"publish","type":"post","link":"https:\/\/www.shqiperia.com\/blog\/koronavirusi-gushti-muaji-me-dramatik-ne-shqiperi-vjeshta-do-te-sjelle-rreziqe-te-reja\/","title":{"rendered":"Koronavirusi\/ Gushti muaji m\u00eb dramatik n\u00eb Shqip\u00ebri, vjeshta do t\u00eb sjell\u00eb rreziqe t\u00eb reja"},"content":{"rendered":"<p><img data-recalc-dims=\"1\" loading=\"lazy\" decoding=\"async\" data-attachment-id=\"37710\" data-permalink=\"https:\/\/www.shqiperia.com\/blog\/koronavirusi-gushti-muaji-me-dramatik-ne-shqiperi-vjeshta-do-te-sjelle-rreziqe-te-reja\/640-0-5f46938858206\/\" data-orig-file=\"https:\/\/i0.wp.com\/www.shqiperia.com\/blog\/wp-content\/uploads\/2020\/08\/640-0-5f46938858206.jpg?fit=640%2C360&amp;ssl=1\" data-orig-size=\"640,360\" data-comments-opened=\"1\" data-image-meta=\"{&quot;aperture&quot;:&quot;0&quot;,&quot;credit&quot;:&quot;&quot;,&quot;camera&quot;:&quot;&quot;,&quot;caption&quot;:&quot;&quot;,&quot;created_timestamp&quot;:&quot;0&quot;,&quot;copyright&quot;:&quot;&quot;,&quot;focal_length&quot;:&quot;0&quot;,&quot;iso&quot;:&quot;0&quot;,&quot;shutter_speed&quot;:&quot;0&quot;,&quot;title&quot;:&quot;&quot;,&quot;orientation&quot;:&quot;0&quot;}\" data-image-title=\"-640-0-5f46938858206\" data-image-description=\"\" data-image-caption=\"\" data-medium-file=\"https:\/\/i0.wp.com\/www.shqiperia.com\/blog\/wp-content\/uploads\/2020\/08\/640-0-5f46938858206.jpg?fit=300%2C169&amp;ssl=1\" data-large-file=\"https:\/\/i0.wp.com\/www.shqiperia.com\/blog\/wp-content\/uploads\/2020\/08\/640-0-5f46938858206.jpg?fit=640%2C360&amp;ssl=1\" class=\"alignnone  wp-image-37710\" alt=\"\" src=\"https:\/\/i0.wp.com\/www.shqiperia.com\/blog\/wp-content\/uploads\/2020\/08\/640-0-5f46938858206.jpg?resize=444%2C250&#038;ssl=1\" width=\"444\" height=\"250\" srcset=\"https:\/\/i0.wp.com\/www.shqiperia.com\/blog\/wp-content\/uploads\/2020\/08\/640-0-5f46938858206.jpg?resize=300%2C169&amp;ssl=1 300w, https:\/\/i0.wp.com\/www.shqiperia.com\/blog\/wp-content\/uploads\/2020\/08\/640-0-5f46938858206.jpg?resize=450%2C253&amp;ssl=1 450w, https:\/\/i0.wp.com\/www.shqiperia.com\/blog\/wp-content\/uploads\/2020\/08\/640-0-5f46938858206.jpg?resize=600%2C338&amp;ssl=1 600w, https:\/\/i0.wp.com\/www.shqiperia.com\/blog\/wp-content\/uploads\/2020\/08\/640-0-5f46938858206.jpg?resize=400%2C225&amp;ssl=1 400w, https:\/\/i0.wp.com\/www.shqiperia.com\/blog\/wp-content\/uploads\/2020\/08\/640-0-5f46938858206.jpg?w=640&amp;ssl=1 640w\" sizes=\"auto, (max-width: 444px) 100vw, 444px\" \/><\/p>\n<p><strong>Koronavirusi\/ Gushti muaji m\u00eb dramatik n\u00eb Shqip\u00ebri, vjeshta do t\u00eb sjell\u00eb rreziqe t\u00eb reja<\/strong><\/p>\n<p><strong>26 Gusht 2020<\/strong>.<\/p>\n<p>Specialist\u00ebt v\u00ebrejn\u00eb njer\u00ebzit mund ta ruajn\u00eb jet\u00ebn me 3 masa t\u00eb thjeshta, maska, distanca dhe higjena, por \u00ebsht\u00eb p\u00ebr t\u00eb ardhur keq q\u00eb disa dhjet\u00ebra qytetar\u00ebv po humbin jet\u00ebn p\u00ebr gj\u00ebra kaq t\u00eb vogla, si maska dhe distanca, por i shkelin rregullat, duke rrezikuar veten dhe t\u00eb tjer\u00ebt.<\/p>\n<p>Por \u00ebsht\u00eb paradoksale, sipas tyre, q\u00eb po ata qytetar\u00eb q\u00eb n\u00ebnvler\u00ebsojn\u00eb parandalimin dhe shkelin masivisht masa kaq t\u00eb thjeshta, nga ana tjet\u00ebr mbivler\u00ebsojn\u00eb testimin, i cili nuk \u00ebsht\u00eb mjekim, por thjesht identifikim i infeksionit.<\/p>\n<p>U shpresua q\u00eb gjat\u00eb ver\u00ebs rastet do t\u00eb ishin m\u00eb t\u00eb pakta, por n\u00ebnvler\u00ebsimi i rrezikut ishte m\u00eb i madh.<\/p>\n<p><em>\u201cN\u00eb fakt, njer\u00ebzit kan\u00eb qendruar n\u00eb mjedise me kondicioner\u00eb. Shpesh her\u00eb pa maska. Kemi t\u00eb b\u00ebjm\u00eb me nj\u00eb rrug\u00eb aerogene infektimi, gj\u00eb q\u00eb tashm\u00eb \u00ebsht\u00eb v\u00ebrtetuar dhe n\u00eb k\u00ebt\u00eb m\u00ebnyr\u00eb ne, gjat\u00eb ver\u00ebs, sidomos gjat\u00eb muajit gusht kemi patur nj\u00eb rritje t\u00eb rasteve. Shpresojm\u00eb q\u00eb ta kontrollojm\u00eb gjendjen dhe ta gjurmojm\u00eb m\u00eb shum\u00eb dhe t\u00eb informojm\u00eb m\u00eb shum\u00eb gjat\u00eb shtatorit, kur nis nj\u00eb strategji e re me m\u00eb shum\u00eb testime\u201d<\/em>\u00a0\u2013 thot\u00eb zonja Bino.<\/p>\n<p>Ekspert\u00ebt vler\u00ebsojn\u00eb se k\u00ebto 6 muaj trupa sh\u00ebndet\u00ebsore e Shqip\u00ebris\u00eb e ka p\u00ebrballuar pandemin\u00eb me q\u00ebndrueshm\u00ebri dhe vullnet, me nj\u00eb nivel t\u00eb ul\u00ebt vdekjesh \u2013 fal\u00eb pun\u00ebs s\u00eb mir\u00eb t\u00eb mjek\u00ebve n\u00eb spitale, dhe duke parandaluar shp\u00ebrthime masive t\u00eb infektimit t\u00eb krahina dhe biznese t\u00eb mbipopulluara, ose duke i izoluar shpejt ato.<\/p>\n<p>Por vjeshta do t\u00eb sjell\u00eb rreziqe t\u00eb reja, sepse covidi do t\u00eb ngat\u00ebrrohet me stin\u00ebn e gripeve t\u00eb tjera dhe mjekimet do t\u00eb v\u00ebshtir\u00ebsohen shum\u00eb, nd\u00ebrkoh\u00eb q\u00eb do t\u00eb nis\u00eb \u00ebsht\u00eb procesi m\u00ebsimor n\u00eb shkolla, ndaj masat mbrojt\u00ebse duhet t\u00eb jen\u00eb shum\u00eb her\u00eb m\u00eb t\u00eb larta.\/VOA<\/p>\n<p>Nga Gazeta Shqip<\/p>\n","protected":false},"excerpt":{"rendered":"<p>Koronavirusi\/ Gushti muaji m\u00eb dramatik n\u00eb Shqip\u00ebri, vjeshta do t\u00eb sjell\u00eb rreziqe t\u00eb reja 26 Gusht 2020. Specialist\u00ebt v\u00ebrejn\u00eb njer\u00ebzit mund ta ruajn\u00eb jet\u00ebn me 3 masa t\u00eb thjeshta, maska, distanca dhe higjena, por \u00ebsht\u00eb p\u00ebr t\u00eb ardhur keq q\u00eb disa dhjet\u00ebra qytetar\u00ebv po humbin jet\u00ebn p\u00ebr gj\u00ebra kaq t\u00eb vogla, si maska dhe distanca, [&hellip;]<\/p>\n","protected":false},"author":9,"featured_media":37710,"comment_status":"open","ping_status":"open","sticky":false,"template":"","format":"standard","meta":{"jetpack_post_was_ever_published":false,"_jetpack_newsletter_access":"","_jetpack_dont_email_post_to_subs":false,"_jetpack_newsletter_tier_id":0,"_jetpack_memberships_contains_paywalled_content":false,"_jetpack_memberships_contains_paid_content":false,"footnotes":"","jetpack_publicize_message":"","jetpack_publicize_feature_enabled":true,"jetpack_social_post_already_shared":true,"jetpack_social_options":{"image_generator_settings":{"template":"highway","default_image_id":0,"font":"","enabled":false},"version":2}},"categories":[27,35],"tags":[],"class_list":["post-37709","post","type-post","status-publish","format-standard","has-post-thumbnail","hentry","category-blogu-i-udhetarit","category-shoqerore"],"jetpack_publicize_connections":[],"jetpack_featured_media_url":"https:\/\/i0.wp.com\/www.shqiperia.com\/blog\/wp-content\/uploads\/2020\/08\/640-0-5f46938858206.jpg?fit=640%2C360&ssl=1","jetpack_sharing_enabled":true,"jetpack_shortlink":"https:\/\/wp.me\/p5Z6wp-9Od","jetpack-related-posts":[{"id":34302,"url":"https:\/\/www.shqiperia.com\/blog\/harrojini-bikini-kete-vere-ne-plazh-do-te-shkoni-me-trikini-ja-si-duken-ato\/","url_meta":{"origin":37709,"position":0},"title":"Harrojini bikini: &#8211; K\u00ebt\u00eb ver\u00eb n\u00eb plazh do t\u00eb shkoni me \u201ctrikini\u201d, ja si duken ato","author":"Kurt Farka","date":"May 6, 2020","format":false,"excerpt":"Harrojini bikini: - K\u00ebt\u00eb ver\u00eb n\u00eb plazh do t\u00eb shkoni me \u201ctrikini\u201d, ja si duken ato Nga Daniela Grrica Koronavirusi i ri, i cili shp\u00ebrtheu q\u00eb prej dhjetorit t\u00eb 2019, po sjell ndryshime t\u00eb reja n\u00eb jet\u00ebn dhe stilin e jetes\u00ebs s\u00eb qytetar\u00ebve n\u00eb mbar\u00eb bot\u00ebn. Ve\u00e7 ndryshimeve q\u00eb solli\u2026","rel":"","context":"In &quot;Blogu i Udh\u00ebtarit&quot;","block_context":{"text":"Blogu i Udh\u00ebtarit","link":"https:\/\/www.shqiperia.com\/blog\/category\/blogu-i-udhetarit\/"},"img":{"alt_text":"","src":"https:\/\/i0.wp.com\/www.shqiperia.com\/blog\/wp-content\/uploads\/2020\/05\/Trikini-2020-COP-699x365-1.jpg?fit=699%2C365&ssl=1&resize=350%2C200","width":350,"height":200,"srcset":"https:\/\/i0.wp.com\/www.shqiperia.com\/blog\/wp-content\/uploads\/2020\/05\/Trikini-2020-COP-699x365-1.jpg?fit=699%2C365&ssl=1&resize=350%2C200 1x, https:\/\/i0.wp.com\/www.shqiperia.com\/blog\/wp-content\/uploads\/2020\/05\/Trikini-2020-COP-699x365-1.jpg?fit=699%2C365&ssl=1&resize=525%2C300 1.5x"},"classes":[]},{"id":45048,"url":"https:\/\/www.shqiperia.com\/blog\/duroni-dhe-2-muaj-imunologu-i-njohur-ne-itali-tregon-menyren-se-si-do-te-shpetoje-bota-nga-koronavirusi\/","url_meta":{"origin":37709,"position":1},"title":"\u201cDuroni dhe 2 muaj!\u201d, imunologu i njohur n\u00eb Itali tregon m\u00ebnyr\u00ebn se si do t\u00eb shp\u00ebtoj\u00eb bota nga koronavirusi","author":"Kurt Farka","date":"March 6, 2021","format":false,"excerpt":"\u201cDuroni dhe 2 muaj!\u201d, imunologu i njohur n\u00eb Itali tregon m\u00ebnyr\u00ebn se si do t\u00eb shp\u00ebtoj\u00eb bota nga koronavirusi MARS 2021 Imunologu dhe alergologu i njohur n\u00eb Itali, Francesco Le Foche, babai i tre f\u00ebmij\u00ebve t\u00eb mosh\u00ebs 20, 13 dhe 12 vje\u00e7, e di se \u00e7far\u00eb do t\u00eb thot\u00eb t\u00eb\u2026","rel":"","context":"In &quot;Blogu i Udh\u00ebtarit&quot;","block_context":{"text":"Blogu i Udh\u00ebtarit","link":"https:\/\/www.shqiperia.com\/blog\/category\/blogu-i-udhetarit\/"},"img":{"alt_text":"","src":"https:\/\/i0.wp.com\/www.shqiperia.com\/blog\/wp-content\/uploads\/2021\/03\/800-0-60439452d6918.jpg?fit=800%2C416&ssl=1&resize=350%2C200","width":350,"height":200,"srcset":"https:\/\/i0.wp.com\/www.shqiperia.com\/blog\/wp-content\/uploads\/2021\/03\/800-0-60439452d6918.jpg?fit=800%2C416&ssl=1&resize=350%2C200 1x, https:\/\/i0.wp.com\/www.shqiperia.com\/blog\/wp-content\/uploads\/2021\/03\/800-0-60439452d6918.jpg?fit=800%2C416&ssl=1&resize=525%2C300 1.5x, https:\/\/i0.wp.com\/www.shqiperia.com\/blog\/wp-content\/uploads\/2021\/03\/800-0-60439452d6918.jpg?fit=800%2C416&ssl=1&resize=700%2C400 2x"},"classes":[]},{"id":34554,"url":"https:\/\/www.shqiperia.com\/blog\/imunologu-zbulon-kur-pritet-vala-e-dyte-e-covid-19-ne-shqiperi\/","url_meta":{"origin":37709,"position":2},"title":"Imunologu zbulon kur pritet vala e dyt\u00eb e Covid-19 n\u00eb Shqip\u00ebri","author":"Kurt Farka","date":"May 12, 2020","format":false,"excerpt":"Imunologu zbulon kur pritet vala e dyt\u00eb e Covid-19 n\u00eb Shqip\u00ebri 11 Maj 2020 Imunologu Genc Sul\u00e7ebe, n\u00eb nj\u00eb lidhje direkte me \u201cDita jon\u00eb\u201d n\u00eb A2, u shpreh se \u00ebsht\u00eb normale q\u00eb viruse t\u00eb tilla si koronavirusi i ri t\u00eb ken\u00eb nj\u00eb val\u00eb t\u00eb dyt\u00eb. N\u00eb lidhje me val\u00ebn e\u2026","rel":"","context":"In &quot;Blogu i Udh\u00ebtarit&quot;","block_context":{"text":"Blogu i Udh\u00ebtarit","link":"https:\/\/www.shqiperia.com\/blog\/category\/blogu-i-udhetarit\/"},"img":{"alt_text":"","src":"https:\/\/i0.wp.com\/www.shqiperia.com\/blog\/wp-content\/uploads\/2020\/05\/1580817610_koronavirusi.jpg?fit=780%2C440&ssl=1&resize=350%2C200","width":350,"height":200,"srcset":"https:\/\/i0.wp.com\/www.shqiperia.com\/blog\/wp-content\/uploads\/2020\/05\/1580817610_koronavirusi.jpg?fit=780%2C440&ssl=1&resize=350%2C200 1x, https:\/\/i0.wp.com\/www.shqiperia.com\/blog\/wp-content\/uploads\/2020\/05\/1580817610_koronavirusi.jpg?fit=780%2C440&ssl=1&resize=525%2C300 1.5x, https:\/\/i0.wp.com\/www.shqiperia.com\/blog\/wp-content\/uploads\/2020\/05\/1580817610_koronavirusi.jpg?fit=780%2C440&ssl=1&resize=700%2C400 2x"},"classes":[]},{"id":94426,"url":"https:\/\/www.shqiperia.com\/blog\/piktoret-e-peisazhit-hedhin-ne-telajo-pamjet-magjepse-nga-vjeshta-ne-theth-e-boge\/","url_meta":{"origin":37709,"position":3},"title":"Piktor\u00ebt e peisazhit hedhin n\u00eb telajo pamjet magjepse nga vjeshta n\u00eb Theth e Bog\u00eb","author":"Kurt Farka","date":"October 26, 2025","format":false,"excerpt":"27 Tetor 2025 Thethi dhe Boga, dy prej fshatrave m\u00eb piktoreske t\u00eb Alpeve shqiptare, u zgjodh\u00ebn si destinacioni i radh\u00ebs p\u00ebr kolonin\u00eb e piktor\u00ebve \u201cLissus Art\u201d. P\u00ebr kat\u00ebr dit\u00eb me radh\u00eb, 20 prej piktor\u00ebve m\u00eb t\u00eb njohur n\u00eb Shqip\u00ebri kan\u00eb realizuar veprat e tyre, duke sjell\u00eb n\u00eb telajo peizazhe, portrete\u2026","rel":"","context":"In &quot;Arte&quot;","block_context":{"text":"Arte","link":"https:\/\/www.shqiperia.com\/blog\/category\/arte\/"},"img":{"alt_text":"","src":"https:\/\/i0.wp.com\/www.shqiperia.com\/blog\/wp-content\/uploads\/2025\/10\/1761312554_pikturatnethethebogekr.jpg?fit=780%2C440&ssl=1&resize=350%2C200","width":350,"height":200,"srcset":"https:\/\/i0.wp.com\/www.shqiperia.com\/blog\/wp-content\/uploads\/2025\/10\/1761312554_pikturatnethethebogekr.jpg?fit=780%2C440&ssl=1&resize=350%2C200 1x, https:\/\/i0.wp.com\/www.shqiperia.com\/blog\/wp-content\/uploads\/2025\/10\/1761312554_pikturatnethethebogekr.jpg?fit=780%2C440&ssl=1&resize=525%2C300 1.5x, https:\/\/i0.wp.com\/www.shqiperia.com\/blog\/wp-content\/uploads\/2025\/10\/1761312554_pikturatnethethebogekr.jpg?fit=780%2C440&ssl=1&resize=700%2C400 2x"},"classes":[]},{"id":81502,"url":"https:\/\/www.shqiperia.com\/blog\/lajda-porja-si-do-te-nise-muaji-qershor\/","url_meta":{"origin":37709,"position":4},"title":"Lajda Porja;  &#8211; Si do t\u00eb nis\u00eb muaji qershor","author":"Kurt Farka","date":"May 31, 2024","format":false,"excerpt":"31 M aji 2024 Vapa do t\u00eb nis me qershorin. - Termometri sipas meteorolog\u00ebve parashikohet t\u00eb sh\u00ebnoj\u00eb vlera t\u00eb ngjashme me muajin\u00a0 korrik dhe gusht. Kjo p\u00ebr shkak t\u00eb masave ajrore me origjin\u00eb nga Arika\u00a0 q\u00eb do t\u00eb p\u00ebrfshijn\u00eb\u00a0 t\u00eb gjith\u00eb Ballkanin. \u201d Nes\u00ebr q\u00eb futemi zyrtarisht n\u00eb qershor\u00a0 presim\u2026","rel":"","context":"In &quot;Blogu i Udh\u00ebtarit&quot;","block_context":{"text":"Blogu i Udh\u00ebtarit","link":"https:\/\/www.shqiperia.com\/blog\/category\/blogu-i-udhetarit\/"},"img":{"alt_text":"","src":"https:\/\/i0.wp.com\/www.shqiperia.com\/blog\/wp-content\/uploads\/2024\/05\/800-0-6659ccff9bdfc.png?fit=800%2C499&ssl=1&resize=350%2C200","width":350,"height":200,"srcset":"https:\/\/i0.wp.com\/www.shqiperia.com\/blog\/wp-content\/uploads\/2024\/05\/800-0-6659ccff9bdfc.png?fit=800%2C499&ssl=1&resize=350%2C200 1x, https:\/\/i0.wp.com\/www.shqiperia.com\/blog\/wp-content\/uploads\/2024\/05\/800-0-6659ccff9bdfc.png?fit=800%2C499&ssl=1&resize=525%2C300 1.5x, https:\/\/i0.wp.com\/www.shqiperia.com\/blog\/wp-content\/uploads\/2024\/05\/800-0-6659ccff9bdfc.png?fit=800%2C499&ssl=1&resize=700%2C400 2x"},"classes":[]},{"id":32347,"url":"https:\/\/www.shqiperia.com\/blog\/durres-del-pozitiv-per-covid-19-mjeku-i-73-vjecares-qe-humbi-jeten-nga-virusi\/","url_meta":{"origin":37709,"position":5},"title":"Durr\u00ebs\/ &#8211; Del pozitiv p\u00ebr Covid-19 mjeku i 73-vje\u00e7ares q\u00eb humbi jet\u00ebn nga virusi","author":"Kurt Farka","date":"March 13, 2020","format":false,"excerpt":"Durr\u00ebs\/ - Del pozitiv p\u00ebr Covid-19 mjeku i 73-vje\u00e7ares q\u00eb humbi jet\u00ebn nga virusi 13 mars 2020 Nj\u00eb prej personave t\u00eb prekur nga koronavirusi \u00ebsht\u00eb dhe mjeku i spitalit n\u00eb Durr\u00ebs q\u00eb i sh\u00ebrbeu 73-vje\u00e7ares q\u00eb humbi jet\u00ebn, viktima e par\u00eb nga ky virus n\u00eb Shqip\u00ebri. Ministria e Sh\u00ebndet\u00ebsis\u00eb tha\u2026","rel":"","context":"In &quot;Blogu i Udh\u00ebtarit&quot;","block_context":{"text":"Blogu i Udh\u00ebtarit","link":"https:\/\/www.shqiperia.com\/blog\/category\/blogu-i-udhetarit\/"},"img":{"alt_text":"","src":"https:\/\/i0.wp.com\/www.shqiperia.com\/blog\/wp-content\/uploads\/2020\/03\/spitali-i-durresit.jpg?fit=600%2C360&ssl=1&resize=350%2C200","width":350,"height":200,"srcset":"https:\/\/i0.wp.com\/www.shqiperia.com\/blog\/wp-content\/uploads\/2020\/03\/spitali-i-durresit.jpg?fit=600%2C360&ssl=1&resize=350%2C200 1x, https:\/\/i0.wp.com\/www.shqiperia.com\/blog\/wp-content\/uploads\/2020\/03\/spitali-i-durresit.jpg?fit=600%2C360&ssl=1&resize=525%2C300 1.5x"},"classes":[]}],"_links":{"self":[{"href":"https:\/\/www.shqiperia.com\/blog\/wp-json\/wp\/v2\/posts\/37709","targetHints":{"allow":["GET"]}}],"collection":[{"href":"https:\/\/www.shqiperia.com\/blog\/wp-json\/wp\/v2\/posts"}],"about":[{"href":"https:\/\/www.shqiperia.com\/blog\/wp-json\/wp\/v2\/types\/post"}],"author":[{"embeddable":true,"href":"https:\/\/www.shqiperia.com\/blog\/wp-json\/wp\/v2\/users\/9"}],"replies":[{"embeddable":true,"href":"https:\/\/www.shqiperia.com\/blog\/wp-json\/wp\/v2\/comments?post=37709"}],"version-history":[{"count":1,"href":"https:\/\/www.shqiperia.com\/blog\/wp-json\/wp\/v2\/posts\/37709\/revisions"}],"predecessor-version":[{"id":37711,"href":"https:\/\/www.shqiperia.com\/blog\/wp-json\/wp\/v2\/posts\/37709\/revisions\/37711"}],"wp:featuredmedia":[{"embeddable":true,"href":"https:\/\/www.shqiperia.com\/blog\/wp-json\/wp\/v2\/media\/37710"}],"wp:attachment":[{"href":"https:\/\/www.shqiperia.com\/blog\/wp-json\/wp\/v2\/media?parent=37709"}],"wp:term":[{"taxonomy":"category","embeddable":true,"href":"https:\/\/www.shqiperia.com\/blog\/wp-json\/wp\/v2\/categories?post=37709"},{"taxonomy":"post_tag","embeddable":true,"href":"https:\/\/www.shqiperia.com\/blog\/wp-json\/wp\/v2\/tags?post=37709"}],"curies":[{"name":"wp","href":"https:\/\/api.w.org\/{rel}","templated":true}]}}