{"id":37702,"date":"2020-08-26T13:39:08","date_gmt":"2020-08-26T13:39:08","guid":{"rendered":"https:\/\/www.shqiperia.com\/blog\/?p=37702"},"modified":"2020-08-26T13:39:08","modified_gmt":"2020-08-26T13:39:08","slug":"alarmi-i-mjekeve-covid-19-infekton-me-shume-se-nje-here-mos-e-neglizhoni","status":"publish","type":"post","link":"https:\/\/www.shqiperia.com\/blog\/alarmi-i-mjekeve-covid-19-infekton-me-shume-se-nje-here-mos-e-neglizhoni\/","title":{"rendered":"Alarmi i mjek\u00ebve: &#8211; Covid-19 infekton m\u00eb shum\u00eb se nj\u00eb her\u00eb, mos e neglizhoni."},"content":{"rendered":"<p><img data-recalc-dims=\"1\" loading=\"lazy\" decoding=\"async\" data-attachment-id=\"37703\" data-permalink=\"https:\/\/www.shqiperia.com\/blog\/alarmi-i-mjekeve-covid-19-infekton-me-shume-se-nje-here-mos-e-neglizhoni\/640-0-5f465a01467c3\/\" data-orig-file=\"https:\/\/i0.wp.com\/www.shqiperia.com\/blog\/wp-content\/uploads\/2020\/08\/640-0-5f465a01467c3.jpg?fit=640%2C374&amp;ssl=1\" data-orig-size=\"640,374\" data-comments-opened=\"1\" data-image-meta=\"{&quot;aperture&quot;:&quot;0&quot;,&quot;credit&quot;:&quot;&quot;,&quot;camera&quot;:&quot;&quot;,&quot;caption&quot;:&quot;&quot;,&quot;created_timestamp&quot;:&quot;0&quot;,&quot;copyright&quot;:&quot;&quot;,&quot;focal_length&quot;:&quot;0&quot;,&quot;iso&quot;:&quot;0&quot;,&quot;shutter_speed&quot;:&quot;0&quot;,&quot;title&quot;:&quot;&quot;,&quot;orientation&quot;:&quot;0&quot;}\" data-image-title=\"-640-0-5f465a01467c3\" data-image-description=\"\" data-image-caption=\"\" data-medium-file=\"https:\/\/i0.wp.com\/www.shqiperia.com\/blog\/wp-content\/uploads\/2020\/08\/640-0-5f465a01467c3.jpg?fit=300%2C175&amp;ssl=1\" data-large-file=\"https:\/\/i0.wp.com\/www.shqiperia.com\/blog\/wp-content\/uploads\/2020\/08\/640-0-5f465a01467c3.jpg?fit=640%2C374&amp;ssl=1\" class=\"alignnone  wp-image-37703\" alt=\"\" src=\"https:\/\/i0.wp.com\/www.shqiperia.com\/blog\/wp-content\/uploads\/2020\/08\/640-0-5f465a01467c3.jpg?resize=574%2C335&#038;ssl=1\" width=\"574\" height=\"335\" srcset=\"https:\/\/i0.wp.com\/www.shqiperia.com\/blog\/wp-content\/uploads\/2020\/08\/640-0-5f465a01467c3.jpg?resize=300%2C175&amp;ssl=1 300w, https:\/\/i0.wp.com\/www.shqiperia.com\/blog\/wp-content\/uploads\/2020\/08\/640-0-5f465a01467c3.jpg?resize=450%2C263&amp;ssl=1 450w, https:\/\/i0.wp.com\/www.shqiperia.com\/blog\/wp-content\/uploads\/2020\/08\/640-0-5f465a01467c3.jpg?resize=600%2C351&amp;ssl=1 600w, https:\/\/i0.wp.com\/www.shqiperia.com\/blog\/wp-content\/uploads\/2020\/08\/640-0-5f465a01467c3.jpg?resize=400%2C234&amp;ssl=1 400w, https:\/\/i0.wp.com\/www.shqiperia.com\/blog\/wp-content\/uploads\/2020\/08\/640-0-5f465a01467c3.jpg?w=640&amp;ssl=1 640w\" sizes=\"auto, (max-width: 574px) 100vw, 574px\" \/><\/p>\n<p><strong>Alarmi i mjek\u00ebve: &#8211; Covid-19 infekton m\u00eb shum\u00eb se nj\u00eb her\u00eb, mos e neglizhoni.<\/strong><\/p>\n<p><strong>26 GUSHT 2020<\/strong><\/p>\n<p>\u2026&#8221;Jan\u00eb 31 \u00e7epa t\u00eb virusit pra disa forma t? shfaqjes s\u00eb tij q\u00eb nuk i ngjasojn\u00eb tjetr\u00ebs dhe n\u00eb k\u00ebt\u00eb rast sulmi i virusit n\u00eb organiz\u00ebm mund t\u00eb jet\u00eb i ndrysh\u00ebm nga hera e shkuar&#8221;. \u2026<\/p>\n<p>Virusi Covid -19 mund t\u00eb na infektoj\u00eb m\u00eb shum\u00eb se 1 her\u00eb dhe provat p\u00ebr k\u00ebt\u00eb dyshim t\u00eb mjek\u00ebve prej muajsh,\u00a0 tashm\u00eb jan\u00eb v\u00ebrtetuar. N\u00eb pothuajse t\u00eb gjitha vendet e prekura nga pandemia jan\u00eb evidentuar raste t\u00eb p\u00ebrs\u00ebritura t\u00eb infektimit nga koronavirus \u00e7ka e b\u00ebn t\u00eb rreziksh\u00ebm at\u00eb n\u00ebse ne neglizhojm\u00eb masat mbrojt\u00ebse.<\/p>\n<p>Mjekja e familjes Mirela Dhamo thot\u00eb p\u00ebr gazet\u00ebn &#8220;Shqip&#8221; se t\u00eb gjith\u00eb jemi t\u00eb rriskuar t\u00eb prekemi nga virusi disa her\u00eb ndaj duhet t\u00eb shtojm\u00eb kujdesin duke respektuar k\u00ebshillat e mjek\u00ebve. &#8220;Jan\u00eb 31 \u00e7epa t\u00eb virusit pra disa forma t? shfaqjes s\u00eb tij q\u00eb nuk i ngjasojn\u00eb tjetr\u00ebs dhe n\u00eb k\u00ebt\u00eb rast sulmi i virusit n\u00eb organiz\u00ebm mund t\u00eb jet\u00eb i ndrysh\u00ebm nga hera e shkuar&#8221;, thot\u00eb mjekja Dhamo.<\/p>\n<p>Edhe testimet e kryera nga Universiteti i Hong Kongut kan\u00eb v\u00ebrtetuar k\u00ebt\u00eb, pra q\u00eb virusi SarsCoV2 mund t\u00eb kthehet t\u00eb prek\u00eb t\u00eb nj\u00ebjtin person edhe pas disa muajsh, ashtu si edhe viruset e ftohjes s\u00eb zakonshme.<\/p>\n<p>D\u00ebshmi e k\u00ebsaj \u00ebsht\u00eb ajo q\u00eb shpallet si rasti i par\u00eb i dokumentuar n\u00eb bot\u00eb i riinfeksionit t\u00eb koronavirusit. Certifikuar nga testet gjenetike t\u00eb kryera n\u00eb Universitetin e Hong Kongut, ai ka si protagonist fatkeq nj\u00eb 33-vje\u00e7ar n\u00eb gjendje t\u00eb mir\u00eb sh\u00ebndet\u00ebsore, i cili kat\u00ebr muaj m\u00eb von\u00eb do t\u00eb ishte goditur nga dy shtame t\u00eb dallueshme t\u00eb virusit SarsCov2:<\/p>\n<p>Pacienti, sipas asaj q\u00eb raportuan studiuesit, kishte pasur nj\u00eb infeksion t\u00eb par\u00eb mjaft t\u00eb but\u00eb n\u00eb pranver\u00eb, me koll\u00eb, ethe dhe dhimbje t\u00eb fytit p\u00ebr tre dit\u00eb: diagnoza kishte mb\u00ebrritur n\u00eb 26 Mars me rezultatet e shtup\u00ebs. Shkarkuar n\u00eb 14 Prill, pas dy shtupave t\u00eb nj\u00ebpasnj\u00ebshme negative, njeriu u konsiderua i sh\u00ebruar.<\/p>\n<p>Ajo q\u00eb ndryshoi situat\u00ebn ishte at\u00ebher\u00eb testi i kryer n\u00eb aeroport pas kthimit nga nj\u00eb udh\u00ebtim n\u00eb Spanj\u00eb n\u00eb 15 gusht: nj\u00eb rezultat pozitiv, megjith\u00ebse i riu ishte plot\u00ebsisht pa simptoma. Duke p\u00ebrdorur sekuenc\u00ebn gjenetike t\u00eb gjenerat\u00ebs tjet\u00ebr, studiuesit ekzaminuan gjenomin viral t\u00eb marr\u00eb gjat\u00eb infeksionit t\u00eb par\u00eb dhe e krahasuan at\u00eb me virusin p\u00ebrgjegj\u00ebs p\u00ebr infeksionin e dyt\u00eb.<\/p>\n<p>Nga krahasimi doli se t\u00eb dy episod\u00ebt i atribuohen viruseve t\u00eb dallueshme gjenetikisht: do t\u00eb kishte 24 shkronja t\u00eb ndryshme t\u00eb gjenomit, t\u00eb cilat do t\u00eb p\u00ebrktheheshin n\u00eb n\u00ebnt\u00eb proteina t\u00eb mutuara<\/p>\n<p>Ky rast &#8211; sqarojn\u00eb studiuesit n\u00eb sh\u00ebnim &#8211; tregon se riinfeksioni mund t\u00eb b\u00ebhet disa muaj pas sh\u00ebrimit nga infeksioni i par\u00eb. &#8220;Rezultatet tona sugjerojn\u00eb q\u00eb SarsCoV2 mund t\u00eb vazhdoj\u00eb n\u00eb popullat\u00eb si koronaviruset e tjer\u00eb njer\u00ebzor\u00eb t\u00eb ftohjes s\u00eb zakonshme, edhe n\u00ebse pacient\u00ebt kan\u00eb fituar imunitet p\u00ebrmes nj\u00eb infeksioni t\u00eb tipit natyror. Meqen\u00ebse imuniteti mund t\u00eb zgjas\u00eb menj\u00ebher\u00eb pas nj\u00eb infeksioni natyral vaksinimi duhet t\u00eb konsiderohet edhe p\u00ebr njer\u00ebzit q\u00eb kan\u00eb pasur tashm\u00eb nj\u00eb episod infeksioni. Pacient\u00ebt t\u00eb cil\u00ebt kan\u00eb pasur tashm\u00eb Covid-19 duhet t\u00eb miratojn\u00eb gjithashtu masa t\u00eb kontrollit t\u00eb infektimit si\u00e7 \u00ebsht\u00eb p\u00ebrdorimi i nj\u00eb mask\u00eb dhe distanca sociale &#8220;, thon\u00eb ekspert\u00ebt.<\/p>\n<p>Akiko Iwasaki, profesor i imunologjis\u00eb n\u00eb Universitetin Yale, shkroi n\u00eb Twitter se rasti i infeksionit t\u00eb dyfisht\u00eb &#8220;\u00ebsht\u00eb nj\u00eb lib\u00ebr shkollor se si funksionon imunizimi&#8221;. P\u00ebr Iwasaki, &#8220;nuk ka asnj\u00eb arsye p\u00ebr alarm&#8221;, pasi pacienti \u00ebsht\u00eb asimptomatik dhe &#8220;nd\u00ebrsa imunizimi nuk e ka parandaluar infeksionin e dyt\u00eb, kjo ende e mbronte personin nga s\u00ebmundja&#8221;.<\/p>\n<p>33-vje\u00e7ari &#8220;zhvilloi antitrupa pas infeksionit t\u00eb ri, kjo \u00ebsht\u00eb inkurajuese&#8221;. Studiuesi p\u00ebrfundon duke theksuar se si imuniteti i tuf\u00ebs nuk \u00ebsht\u00eb i arritsh\u00ebm p\u00ebrmes infeksionit n\u00eb m\u00ebnyr\u00eb natyrale, pasi mund t\u00eb ket\u00eb raste t\u00eb infeksioneve t\u00eb dyta: &#8220;E vetmja m\u00ebnyr\u00eb e sigurt p\u00ebr t\u00eb arritur imunitetin e tuf\u00ebs \u00ebsht\u00eb vaksinimi&#8221;, thot\u00eb ai.<\/p>\n<p><strong>GAZETA SHQIP<\/strong><\/p>\n","protected":false},"excerpt":{"rendered":"<p>Alarmi i mjek\u00ebve: &#8211; Covid-19 infekton m\u00eb shum\u00eb se nj\u00eb her\u00eb, mos e neglizhoni. 26 GUSHT 2020 \u2026&#8221;Jan\u00eb 31 \u00e7epa t\u00eb virusit pra disa forma t? shfaqjes s\u00eb tij q\u00eb nuk i ngjasojn\u00eb tjetr\u00ebs dhe n\u00eb k\u00ebt\u00eb rast sulmi i virusit n\u00eb organiz\u00ebm mund t\u00eb jet\u00eb i ndrysh\u00ebm nga hera e shkuar&#8221;. \u2026 Virusi Covid [&hellip;]<\/p>\n","protected":false},"author":9,"featured_media":37703,"comment_status":"open","ping_status":"open","sticky":false,"template":"","format":"standard","meta":{"jetpack_post_was_ever_published":false,"_jetpack_newsletter_access":"","_jetpack_dont_email_post_to_subs":false,"_jetpack_newsletter_tier_id":0,"_jetpack_memberships_contains_paywalled_content":false,"_jetpack_memberships_contains_paid_content":false,"footnotes":"","jetpack_publicize_message":"","jetpack_publicize_feature_enabled":true,"jetpack_social_post_already_shared":true,"jetpack_social_options":{"image_generator_settings":{"template":"highway","default_image_id":0,"font":"","enabled":false},"version":2}},"categories":[27,1,35],"tags":[],"class_list":["post-37702","post","type-post","status-publish","format-standard","has-post-thumbnail","hentry","category-blogu-i-udhetarit","category-njoftime-shtypi","category-shoqerore"],"jetpack_publicize_connections":[],"jetpack_featured_media_url":"https:\/\/i0.wp.com\/www.shqiperia.com\/blog\/wp-content\/uploads\/2020\/08\/640-0-5f465a01467c3.jpg?fit=640%2C374&ssl=1","jetpack_sharing_enabled":true,"jetpack_shortlink":"https:\/\/wp.me\/p5Z6wp-9O6","jetpack-related-posts":[{"id":32218,"url":"https:\/\/www.shqiperia.com\/blog\/pergatituni-per-me-te-keqen-alarmi-i-mjekeve-italiane-per-europen-spitalet-do-te-bien-ne-kolaps\/","url_meta":{"origin":37702,"position":0},"title":"\u201cP\u00ebrgatituni p\u00ebr m\u00eb t\u00eb keqen\u201d\/ Alarmi i mjek\u00ebve italian\u00eb p\u00ebr Europ\u00ebn: Spitalet do t\u00eb bien n\u00eb kolaps","author":"Kurt Farka","date":"March 10, 2020","format":false,"excerpt":"\u201cP\u00ebrgatituni p\u00ebr m\u00eb t\u00eb keqen\u201d\/ Alarmi i mjek\u00ebve italian\u00eb p\u00ebr Europ\u00ebn: Spitalet do t\u00eb bien n\u00eb kolaps 09\/03\/20 Nd\u00ebrkoh\u00eb q\u00eb luftojn\u00eb prej jav\u00ebsh me shp\u00ebrthimin e koronavirusit, mjek\u00ebt italian\u00eb u kan\u00eb d\u00ebrguar nj\u00eb let\u00ebr t\u00eb gjitha vendeve europiane duke u k\u00ebrkuar t\u00eb parap\u00ebrgatiten p\u00ebr epidemin\u00eb, e cila mund t\u00eb \u00e7oj\u00eb\u2026","rel":"","context":"In &quot;Blogu i Udh\u00ebtarit&quot;","block_context":{"text":"Blogu i Udh\u00ebtarit","link":"https:\/\/www.shqiperia.com\/blog\/category\/blogu-i-udhetarit\/"},"img":{"alt_text":"","src":"https:\/\/i0.wp.com\/www.shqiperia.com\/blog\/wp-content\/uploads\/2020\/03\/italy-calls-back-retired-doctors-as-coronavirus-deaths-mount-e1583789929599.jpg?fit=616%2C339&ssl=1&resize=350%2C200","width":350,"height":200,"srcset":"https:\/\/i0.wp.com\/www.shqiperia.com\/blog\/wp-content\/uploads\/2020\/03\/italy-calls-back-retired-doctors-as-coronavirus-deaths-mount-e1583789929599.jpg?fit=616%2C339&ssl=1&resize=350%2C200 1x, https:\/\/i0.wp.com\/www.shqiperia.com\/blog\/wp-content\/uploads\/2020\/03\/italy-calls-back-retired-doctors-as-coronavirus-deaths-mount-e1583789929599.jpg?fit=616%2C339&ssl=1&resize=525%2C300 1.5x"},"classes":[]},{"id":43205,"url":"https:\/\/www.shqiperia.com\/blog\/alarmi-i-mjekeve-shqiptare-ne-europe-pacientet-ne-shqiperi-po-marrin-trajtime-te-gabuara-ndaj-covid-19\/","url_meta":{"origin":37702,"position":1},"title":"Alarmi i mjek\u00ebve shqiptar\u00eb n\u00eb Europ\u00eb: Pacient\u00ebt n\u00eb Shqip\u00ebri po marrin trajtime t\u00eb gabuara ndaj COVID-19","author":"Kurt Farka","date":"January 22, 2021","format":false,"excerpt":"Alarmi i mjek\u00ebve shqiptar\u00eb n\u00eb Europ\u00eb: Pacient\u00ebt n\u00eb Shqip\u00ebri po marrin trajtime t\u00eb gabuara ndaj COVID-19 22 JANAR 2021 Federata e Mjek\u00ebve Shqiptar\u00eb n\u00eb Europ\u00eb, e regjistruar n\u00eb Gjermani me kryetaren Dr.med. Aurora Dollenberg, e p\u00ebrb\u00ebr\u00eb nga nj\u00eb grup specialist\u00ebsh t\u00eb mjek\u00ebsis\u00eb q\u00eb punojn\u00eb n\u00eb shtetet europiane dhe amerikane,\u00a0ngren\u00eb shqet\u00ebsimin\u2026","rel":"","context":"In &quot;Blogu i Udh\u00ebtarit&quot;","block_context":{"text":"Blogu i Udh\u00ebtarit","link":"https:\/\/www.shqiperia.com\/blog\/category\/blogu-i-udhetarit\/"},"img":{"alt_text":"","src":"https:\/\/i0.wp.com\/www.shqiperia.com\/blog\/wp-content\/uploads\/2021\/01\/Edi-Rama-4.jpg?fit=478%2C263&ssl=1&resize=350%2C200","width":350,"height":200},"classes":[]},{"id":74303,"url":"https:\/\/www.shqiperia.com\/blog\/virusi-me-i-rrezikshem-se-covid-kete-here-ne-indi\/","url_meta":{"origin":37702,"position":2},"title":"Virusi m\u00eb\u00a0 i rreziksh\u00ebm se COVID, k\u00ebt\u00eb her\u00eb n\u00eb Indi &#8230;","author":"Kurt Farka","date":"September 16, 2023","format":false,"excerpt":"16 Shtator 2023 \"... India \u00ebsht\u00eb vendi ku \u00ebsht\u00eb zbuluar nj\u00eb virus q\u00eb, sipas ekspert\u00ebve, \u00ebsht\u00eb shum\u00eb m\u00eb vdekjeprur\u00ebs se Covid\". N\u00eb muajin shtator 2023, pandemia e shkaktuar nga zgjerimi i COVID-19 \u00ebsht\u00eb tashm\u00eb shum\u00eb prapa nesh. Ky virus, i cili paralizoi plot\u00ebsisht bot\u00ebn p\u00ebr disa muaj, vazhdon t\u00eb b\u00ebj\u00eb\u2026","rel":"","context":"In &quot;Blogu i Udh\u00ebtarit&quot;","block_context":{"text":"Blogu i Udh\u00ebtarit","link":"https:\/\/www.shqiperia.com\/blog\/category\/blogu-i-udhetarit\/"},"img":{"alt_text":"","src":"https:\/\/i0.wp.com\/www.shqiperia.com\/blog\/wp-content\/uploads\/2023\/09\/lakuriqet.jpg?fit=544%2C363&ssl=1&resize=350%2C200","width":350,"height":200,"srcset":"https:\/\/i0.wp.com\/www.shqiperia.com\/blog\/wp-content\/uploads\/2023\/09\/lakuriqet.jpg?fit=544%2C363&ssl=1&resize=350%2C200 1x, https:\/\/i0.wp.com\/www.shqiperia.com\/blog\/wp-content\/uploads\/2023\/09\/lakuriqet.jpg?fit=544%2C363&ssl=1&resize=525%2C300 1.5x"},"classes":[]},{"id":43432,"url":"https:\/\/www.shqiperia.com\/blog\/alarmi-vaksinat-e-dobeta-favorizojne-mutacionet-e-rrezikshme\/","url_meta":{"origin":37702,"position":3},"title":"Alarmi: &#8211; Vaksinat e dob\u00ebta favorizojn\u00eb mutacionet e rrezikshme","author":"Kurt Farka","date":"January 27, 2021","format":false,"excerpt":"Alarmi: - Vaksinat e dob\u00ebta favorizojn\u00eb mutacionet e rrezikshme 27 janar 2021 N\u00eb rast se vaksinat nuk jan\u00eb t\u00eb fuqishme, viruset q\u00eb anashkalojn\u00eb sistemin imunitar t\u00eb njeriut, mund t\u00eb prodhojn\u00eb mutacione, prej t\u00eb cilave mund t\u00eb infektohen p\u00ebrs\u00ebri ata q\u00eb jan\u00eb sh\u00ebruar. Po ashtu n\u00ebse vaksinat q\u00eb jan\u00eb tani n\u00eb\u2026","rel":"","context":"In &quot;Blogu i Udh\u00ebtarit&quot;","block_context":{"text":"Blogu i Udh\u00ebtarit","link":"https:\/\/www.shqiperia.com\/blog\/category\/blogu-i-udhetarit\/"},"img":{"alt_text":"","src":"https:\/\/i0.wp.com\/www.shqiperia.com\/blog\/wp-content\/uploads\/2021\/01\/640-0-6011201bbbb99.jpg?fit=440%2C240&ssl=1&resize=350%2C200","width":350,"height":200},"classes":[]},{"id":44597,"url":"https:\/\/www.shqiperia.com\/blog\/me-ngjites-dhe-me-i-rrezikshem-zbulohet-nje-variant-i-ri-i-covid-19\/","url_meta":{"origin":37702,"position":4},"title":"M\u00eb ngjit\u00ebs dhe m\u00eb i rreziksh\u00ebm! Zbulohet nj\u00eb variant i ri i Covid-19","author":"Kurt Farka","date":"February 24, 2021","format":false,"excerpt":"M\u00eb ngjit\u00ebs dhe m\u00eb i rreziksh\u00ebm! Zbulohet nj\u00eb variant i ri i Covid-19 24 SHKURT 2021 Dy studime q\u00eb do t\u00eb dalin s\u00eb shpejti ngren\u00eb shqet\u00ebsime n\u00eb lidhje me nj\u00eb variant t\u00eb ri t\u00eb koronavirusit q\u00eb shkenc\u00ebtar\u00ebt kan\u00eb mbajtur n\u00ebn v\u00ebzhgim n\u00eb Kaliforni. Ata l\u00ebn\u00eb t\u00eb kuptohet se varianti mund\u2026","rel":"","context":"In &quot;Blogu i Udh\u00ebtarit&quot;","block_context":{"text":"Blogu i Udh\u00ebtarit","link":"https:\/\/www.shqiperia.com\/blog\/category\/blogu-i-udhetarit\/"},"img":{"alt_text":"","src":"https:\/\/i0.wp.com\/www.shqiperia.com\/blog\/wp-content\/uploads\/2021\/02\/640-0-540f5bab33bb43db16100d97d07be88c.jpg?fit=640%2C360&ssl=1&resize=350%2C200","width":350,"height":200,"srcset":"https:\/\/i0.wp.com\/www.shqiperia.com\/blog\/wp-content\/uploads\/2021\/02\/640-0-540f5bab33bb43db16100d97d07be88c.jpg?fit=640%2C360&ssl=1&resize=350%2C200 1x, https:\/\/i0.wp.com\/www.shqiperia.com\/blog\/wp-content\/uploads\/2021\/02\/640-0-540f5bab33bb43db16100d97d07be88c.jpg?fit=640%2C360&ssl=1&resize=525%2C300 1.5x"},"classes":[]},{"id":45898,"url":"https:\/\/www.shqiperia.com\/blog\/rrjedh-raporti-i-obsh-zbulohet-nga-erdhi-koronavirusi-qe-ka-tronditur-boten\/","url_meta":{"origin":37702,"position":5},"title":"Rrjedh raporti i OBSH, zbulohet nga erdhi koronavirusi q\u00eb ka tronditur bot\u00ebn","author":"Kurt Farka","date":"March 29, 2021","format":false,"excerpt":"\\Rrjedh raporti i OBSH, zbulohet nga erdhi koronavirusi q\u00eb ka tronditur bot\u00ebn 29 MARS 2021 Sipas nj\u00eb projektraporti mbi origjin\u00ebn e COVID-19-s, t\u00eb Organizat\u00ebs Bot\u00ebrore t\u00eb Sh\u00ebndet\u00ebsis\u00eb n\u00eb bashk\u00ebpunim me autoritetet kineze, transmetimi i virusit nga lakuriq\u00ebt e nat\u00ebs tek njer\u00ebzit, p\u00ebrmes nj\u00eb kafshe tjet\u00ebr \u00ebsht\u00eb skenari m\u00eb i mundsh\u00ebm.\u2026","rel":"","context":"In &quot;Blogu i Udh\u00ebtarit&quot;","block_context":{"text":"Blogu i Udh\u00ebtarit","link":"https:\/\/www.shqiperia.com\/blog\/category\/blogu-i-udhetarit\/"},"img":{"alt_text":"","src":"https:\/\/i0.wp.com\/www.shqiperia.com\/blog\/wp-content\/uploads\/2021\/03\/d1e3a-998086_700078296685847_791235820_n.jpg?fit=629%2C367&ssl=1&resize=350%2C200","width":350,"height":200,"srcset":"https:\/\/i0.wp.com\/www.shqiperia.com\/blog\/wp-content\/uploads\/2021\/03\/d1e3a-998086_700078296685847_791235820_n.jpg?fit=629%2C367&ssl=1&resize=350%2C200 1x, https:\/\/i0.wp.com\/www.shqiperia.com\/blog\/wp-content\/uploads\/2021\/03\/d1e3a-998086_700078296685847_791235820_n.jpg?fit=629%2C367&ssl=1&resize=525%2C300 1.5x"},"classes":[]}],"_links":{"self":[{"href":"https:\/\/www.shqiperia.com\/blog\/wp-json\/wp\/v2\/posts\/37702","targetHints":{"allow":["GET"]}}],"collection":[{"href":"https:\/\/www.shqiperia.com\/blog\/wp-json\/wp\/v2\/posts"}],"about":[{"href":"https:\/\/www.shqiperia.com\/blog\/wp-json\/wp\/v2\/types\/post"}],"author":[{"embeddable":true,"href":"https:\/\/www.shqiperia.com\/blog\/wp-json\/wp\/v2\/users\/9"}],"replies":[{"embeddable":true,"href":"https:\/\/www.shqiperia.com\/blog\/wp-json\/wp\/v2\/comments?post=37702"}],"version-history":[{"count":1,"href":"https:\/\/www.shqiperia.com\/blog\/wp-json\/wp\/v2\/posts\/37702\/revisions"}],"predecessor-version":[{"id":37704,"href":"https:\/\/www.shqiperia.com\/blog\/wp-json\/wp\/v2\/posts\/37702\/revisions\/37704"}],"wp:featuredmedia":[{"embeddable":true,"href":"https:\/\/www.shqiperia.com\/blog\/wp-json\/wp\/v2\/media\/37703"}],"wp:attachment":[{"href":"https:\/\/www.shqiperia.com\/blog\/wp-json\/wp\/v2\/media?parent=37702"}],"wp:term":[{"taxonomy":"category","embeddable":true,"href":"https:\/\/www.shqiperia.com\/blog\/wp-json\/wp\/v2\/categories?post=37702"},{"taxonomy":"post_tag","embeddable":true,"href":"https:\/\/www.shqiperia.com\/blog\/wp-json\/wp\/v2\/tags?post=37702"}],"curies":[{"name":"wp","href":"https:\/\/api.w.org\/{rel}","templated":true}]}}