{"id":37699,"date":"2020-08-26T10:28:04","date_gmt":"2020-08-26T10:28:04","guid":{"rendered":"https:\/\/www.shqiperia.com\/blog\/?p=37699"},"modified":"2020-08-26T10:28:04","modified_gmt":"2020-08-26T10:28:04","slug":"a-do-ta-pranoje-rama-kete","status":"publish","type":"post","link":"https:\/\/www.shqiperia.com\/blog\/a-do-ta-pranoje-rama-kete\/","title":{"rendered":"\u201cA do ta pranoj\u00eb Rama k\u00ebt\u00eb?\u201d"},"content":{"rendered":"<p><img data-recalc-dims=\"1\" loading=\"lazy\" decoding=\"async\" data-attachment-id=\"37700\" data-permalink=\"https:\/\/www.shqiperia.com\/blog\/a-do-ta-pranoje-rama-kete\/ngjela-905x395\/\" data-orig-file=\"https:\/\/i0.wp.com\/www.shqiperia.com\/blog\/wp-content\/uploads\/2020\/08\/ngjela-905x395-1.jpg?fit=797%2C395&amp;ssl=1\" data-orig-size=\"797,395\" data-comments-opened=\"1\" data-image-meta=\"{&quot;aperture&quot;:&quot;0&quot;,&quot;credit&quot;:&quot;&quot;,&quot;camera&quot;:&quot;&quot;,&quot;caption&quot;:&quot;&quot;,&quot;created_timestamp&quot;:&quot;0&quot;,&quot;copyright&quot;:&quot;&quot;,&quot;focal_length&quot;:&quot;0&quot;,&quot;iso&quot;:&quot;0&quot;,&quot;shutter_speed&quot;:&quot;0&quot;,&quot;title&quot;:&quot;&quot;,&quot;orientation&quot;:&quot;0&quot;}\" data-image-title=\"ngjela-905&#215;395\" data-image-description=\"\" data-image-caption=\"\" data-medium-file=\"https:\/\/i0.wp.com\/www.shqiperia.com\/blog\/wp-content\/uploads\/2020\/08\/ngjela-905x395-1.jpg?fit=300%2C149&amp;ssl=1\" data-large-file=\"https:\/\/i0.wp.com\/www.shqiperia.com\/blog\/wp-content\/uploads\/2020\/08\/ngjela-905x395-1.jpg?fit=797%2C395&amp;ssl=1\" class=\"alignnone  wp-image-37700\" alt=\"\" src=\"https:\/\/i0.wp.com\/www.shqiperia.com\/blog\/wp-content\/uploads\/2020\/08\/ngjela-905x395-1.jpg?resize=507%2C252&#038;ssl=1\" width=\"507\" height=\"252\" srcset=\"https:\/\/i0.wp.com\/www.shqiperia.com\/blog\/wp-content\/uploads\/2020\/08\/ngjela-905x395-1.jpg?resize=300%2C149&amp;ssl=1 300w, https:\/\/i0.wp.com\/www.shqiperia.com\/blog\/wp-content\/uploads\/2020\/08\/ngjela-905x395-1.jpg?resize=768%2C381&amp;ssl=1 768w, https:\/\/i0.wp.com\/www.shqiperia.com\/blog\/wp-content\/uploads\/2020\/08\/ngjela-905x395-1.jpg?resize=450%2C223&amp;ssl=1 450w, https:\/\/i0.wp.com\/www.shqiperia.com\/blog\/wp-content\/uploads\/2020\/08\/ngjela-905x395-1.jpg?resize=600%2C297&amp;ssl=1 600w, https:\/\/i0.wp.com\/www.shqiperia.com\/blog\/wp-content\/uploads\/2020\/08\/ngjela-905x395-1.jpg?resize=400%2C198&amp;ssl=1 400w, https:\/\/i0.wp.com\/www.shqiperia.com\/blog\/wp-content\/uploads\/2020\/08\/ngjela-905x395-1.jpg?w=797&amp;ssl=1 797w\" sizes=\"auto, (max-width: 507px) 100vw, 507px\" \/><\/p>\n<p>\u201cA do ta pranoj\u00eb Rama k\u00ebt\u00eb?\u201d, Spartak Ngjela zbulon \u00e7far\u00eb po planifikon politika amerikane p\u00ebr zgjedhjet e ardhshme n\u00eb Shqip\u00ebri<\/p>\n<p>Avokat Spartak Ngjela p\u00ebrmes nj\u00eb postimi n\u00eb rrjetet sociale ka ngritur pyetjet n\u00ebse do t\u00eb miratohet ligji p\u00ebr vettingun e kandidat\u00ebve p\u00ebr deputet n\u00eb zgjedhjet 2021.<\/p>\n<p>Sipas Ngjel\u00ebs, edhe n\u00ebse politikan\u00ebt shqiptar\u00eb do t\u00eb p\u00ebrpiqen ta pengojn\u00eb, politika amerikane nuk do ta lejoj\u00eb.<\/p>\n<p>Postimi i plot\u00eb:<\/p>\n<p>T\u00eb gjith\u00eb kandidat\u00ebt p\u00ebr t&#8217;u zgjedhur deputet\u00eb, t\u00eb cil\u00ebt do t\u00eb k\u00ebrkojn\u00eb t\u00eb marrin pjes\u00eb n\u00eb gar\u00ebn zgjedhore t\u00eb vitit 2021, duhet t\u00eb vetohen. A do t\u00eb miratohet ligji p\u00ebr vetingun e kandidat\u00ebve p\u00ebr deputet\u00eb?<\/p>\n<p>Ja kjo \u00ebsht\u00eb pyetja ky\u00e7.<\/p>\n<p>Dhe pyetja e dyt\u00eb q\u00eb vjen menj\u00ebher\u00eb pas k\u00ebsaj, \u00ebsht\u00eb:<\/p>\n<p>A do ta pranoj\u00eb Rama k\u00ebt\u00eb?<\/p>\n<p>Shenjat jan\u00eb se nuk po d\u00ebshiron ta pranoj\u00eb; dhe, p\u00ebr k\u00ebt\u00eb, sipas zakonit t\u00eb tij infantil, do t\u00eb hidhet deg\u00eb m\u00eb deg\u00eb q\u00eb ta shtyj\u00eb sa m\u00eb shum\u00eb n\u00eb koh\u00eb, deri n\u00eb prag t\u00eb zgjedhjeve, sepse ai vet\u00eb del i zbuluar dhe nuk e kalon dot vetingun.<\/p>\n<p>Po n\u00eb rast se e pranon? At\u00ebher\u00eb nuk jemi p\u00ebrpara nj\u00eb abuzimi nga ana e tij.<\/p>\n<p>l.<\/p>\n<p>Ja, na duhet ta theksojm\u00eb hapur: kjo \u00ebsht\u00eb periudha konkrete antikorrupsion q\u00eb Shqip\u00ebria e ka domosdoshm\u00ebri p\u00ebr t\u00eb vijuar procedur\u00ebn drejt Bashkimit Evropian.<\/p>\n<p>Por, e gjith\u00eb kjo p\u00ebrpjekje shekullore e shqiptar\u00ebve po tentohet t\u00eb bllokohet nga korrupsioni i lart\u00eb shtet\u00ebror q\u00eb, pasi i ka vjedhur shqiptar\u00ebt, k\u00ebrkon t&#8217;i l\u00ebre ata edhe pa atdhe.<\/p>\n<p>Rama nuk do ta pranoj\u00eb ligjin p\u00ebr vetingun e kandidat\u00ebve, por ai ligj tani rrjedh nga Kushtetuta. Kuptohet, n\u00ebse Rama nuk e pranon, Saliu dhe Rama do t\u00eb bashkohen kund\u00ebr ligjit t\u00eb k\u00ebtij vetingu. Po, ku e pyet m\u00eb politika amerikane Saliun: p\u00ebrse ta doj\u00eb!<\/p>\n<p>Ajo ia tha hapur Saliut \u00e7far\u00eb kishte p\u00ebr t&#8217;ia th\u00ebn\u00eb kur, me dhun\u00eb force politike, e zhguli nga \u00e7adra dhe e futi n\u00eb Parlament, pik\u00ebrisht p\u00ebr t\u00eb votuar ligjin e par\u00eb t\u00eb vetingut. Dhe pastaj, po politika amerikane, duke iu p\u00ebrgjigjur marr\u00ebzis\u00eb s\u00eb tij p\u00ebr dalje nga Parlamenti, e mbylli situat\u00ebn n\u00eb dy dit\u00eb, dhe i mobilizoi z\u00ebvend\u00ebsuesit q\u00eb erdh\u00ebn m\u00eb pas dhe e plot\u00ebsuan Parlamentin.<\/p>\n<p>ll.<\/p>\n<p>Po Rama?<\/p>\n<p>N\u00ebse ky do t\u00eb b\u00ebhet penges\u00eb, politika amerikane duhet t\u00eb veproj\u00eb si me Saliun. Duhet t&#8217;ia thot\u00eb hapur at\u00eb q\u00eb ka n\u00eb dosje p\u00ebr korrupsionin e tij, ose ato fakte q\u00eb tregojn\u00eb p\u00ebr shitjen e interesit komb\u00ebtar prej tij.<\/p>\n<p>Gjykimi real \u00ebsht\u00eb ky: n\u00ebse vendoset vetingu p\u00ebr kandidat\u00ebt p\u00ebr deputet\u00eb n\u00eb zgjedhjet e vitit 2021, asnj\u00eb nga k\u00ebta q\u00eb jan\u00eb lider\u00eb t\u00eb Partis\u00eb Socialiste dhe Partis\u00eb Demokratike, nga forca e ligjit, nuk do lejohet t\u00eb hyj\u00eb n\u00eb zgjedhje.<\/p>\n<p>Ja, k\u00ebshtu duhet t\u00eb kompletohet vet\u00eb SPAK-u, sepse jo vet\u00ebm k\u00ebta, por askush q\u00eb e di se ka prona t\u00eb paligjshme n\u00eb pron\u00ebsi t\u00eb tij apo t\u00eb t\u00eb af\u00ebrmve t\u00eb tij, nuk do t\u00eb pranoj\u00eb t\u00eb kandidoj\u00eb.<\/p>\n<p>Dhe Shqip\u00ebria shp\u00ebton nga nj\u00eb band\u00eb shekullore q\u00eb po e drejton at\u00eb kund\u00ebr interesit komb\u00ebtar, q\u00eb nga viti 1924.<\/p>\n<p>Gazeta Sot<\/p>\n","protected":false},"excerpt":{"rendered":"<p>\u201cA do ta pranoj\u00eb Rama k\u00ebt\u00eb?\u201d, Spartak Ngjela zbulon \u00e7far\u00eb po planifikon politika amerikane p\u00ebr zgjedhjet e ardhshme n\u00eb Shqip\u00ebri Avokat Spartak Ngjela p\u00ebrmes nj\u00eb postimi n\u00eb rrjetet sociale ka ngritur pyetjet n\u00ebse do t\u00eb miratohet ligji p\u00ebr vettingun e kandidat\u00ebve p\u00ebr deputet n\u00eb zgjedhjet 2021. Sipas Ngjel\u00ebs, edhe n\u00ebse politikan\u00ebt shqiptar\u00eb do t\u00eb p\u00ebrpiqen [&hellip;]<\/p>\n","protected":false},"author":9,"featured_media":37700,"comment_status":"open","ping_status":"open","sticky":false,"template":"","format":"standard","meta":{"jetpack_post_was_ever_published":false,"_jetpack_newsletter_access":"","_jetpack_dont_email_post_to_subs":false,"_jetpack_newsletter_tier_id":0,"_jetpack_memberships_contains_paywalled_content":false,"_jetpack_memberships_contains_paid_content":false,"footnotes":"","jetpack_publicize_message":"","jetpack_publicize_feature_enabled":true,"jetpack_social_post_already_shared":true,"jetpack_social_options":{"image_generator_settings":{"template":"highway","default_image_id":0,"font":"","enabled":false},"version":2}},"categories":[27,2],"tags":[],"class_list":["post-37699","post","type-post","status-publish","format-standard","has-post-thumbnail","hentry","category-blogu-i-udhetarit","category-politika"],"jetpack_publicize_connections":[],"jetpack_featured_media_url":"https:\/\/i0.wp.com\/www.shqiperia.com\/blog\/wp-content\/uploads\/2020\/08\/ngjela-905x395-1.jpg?fit=797%2C395&ssl=1","jetpack_sharing_enabled":true,"jetpack_shortlink":"https:\/\/wp.me\/p5Z6wp-9O3","jetpack-related-posts":[{"id":36916,"url":"https:\/\/www.shqiperia.com\/blog\/a-do-ta-pranoje-rama-kete-spartak-ngjela-zbulon-cfare-po-planifikon-politika-amerikane-per-zgjedhjet-e-ardhshme-ne-shqiperi\/","url_meta":{"origin":37699,"position":0},"title":"\u201cA do ta pranoj\u00eb Rama k\u00ebt\u00eb?\u201d, Spartak Ngjela zbulon \u00e7far\u00eb po planifikon politika amerikane p\u00ebr zgjedhjet e ardhshme n\u00eb Shqip\u00ebri","author":"Kurt Farka","date":"August 6, 2020","format":false,"excerpt":"\u201cA do ta pranoj\u00eb Rama k\u00ebt\u00eb?\u201d, Spartak Ngjela zbulon \u00e7far\u00eb po planifikon politika amerikane p\u00ebr zgjedhjet e ardhshme n\u00eb Shqip\u00ebri 5 Gusht 2020 Avokat Spartak Ngjela p\u00ebrmes nj\u00eb postimi n\u00eb rrjetet sociale ka ngritur pyetjet n\u00ebse do t\u00eb miratohet ligji p\u00ebr vettingun e kandidat\u00ebve p\u00ebr deputet n\u00eb zgjedhjet 2021. Sipas\u2026","rel":"","context":"In &quot;Blogu i Udh\u00ebtarit&quot;","block_context":{"text":"Blogu i Udh\u00ebtarit","link":"https:\/\/www.shqiperia.com\/blog\/category\/blogu-i-udhetarit\/"},"img":{"alt_text":"","src":"https:\/\/i0.wp.com\/www.shqiperia.com\/blog\/wp-content\/uploads\/2020\/08\/Edi-Rama-1-300x164.jpg?resize=350%2C200&ssl=1","width":350,"height":200},"classes":[]},{"id":8982,"url":"https:\/\/www.shqiperia.com\/blog\/spartak-ngjela-ngrihuni-dhe-rrezoni-ramen-2\/","url_meta":{"origin":37699,"position":1},"title":"Spartak Ngjela: &#8211; Ngrihuni dhe rr\u00ebzoni Ram\u00ebn. \u2013","author":"Kurt Farka","date":"June 22, 2018","format":false,"excerpt":"Spartak Ngjela: - Ngrihuni dhe rr\u00ebzoni Ram\u00ebn. \u2013 Spartak Ngjela: \u2013 Ngrihuni dhe rr\u00ebzoni Ram\u00ebn. \u2013 600 mij\u00eb refugjat\u00eb sirian\u00eb n\u00eb Shqip\u00ebri? Thirrja e Ngjel\u00ebs: Ngrihuni dhe rr\u00ebzoni Ram\u00ebn N\u00eb nj\u00eb koh\u00eb kur i gjith\u00eb debati \u00ebsht\u00eb p\u00ebrqendruar tek lajmi se Shqip\u00ebria \u00ebsht\u00eb shprehur e gatshme se mund t\u00eb pranoj\u00eb\u2026","rel":"","context":"In &quot;Politika&quot;","block_context":{"text":"Politika","link":"https:\/\/www.shqiperia.com\/blog\/category\/politika\/"},"img":{"alt_text":"","src":"https:\/\/i0.wp.com\/www.shqiperia.com\/blog\/wp-content\/uploads\/2018\/06\/35659916_10216839997569657_5737794523241644032_n-1.jpg?fit=418%2C262&ssl=1&resize=350%2C200","width":350,"height":200},"classes":[]},{"id":8978,"url":"https:\/\/www.shqiperia.com\/blog\/spartak-ngjela-ngrihuni-dhe-rrezoni-ramen\/","url_meta":{"origin":37699,"position":2},"title":"Spartak Ngjela: &#8211; Ngrihuni dhe rr\u00ebzoni Ram\u00ebn. &#8211;","author":"Kurt Farka","date":"June 22, 2018","format":false,"excerpt":"Spartak Ngjela: - Ngrihuni dhe rr\u00ebzoni Ram\u00ebn. - 600 mij\u00eb refugjat\u00eb sirian\u00eb n\u00eb Shqip\u00ebri? Thirrja e Ngjel\u00ebs: Ngrihuni dhe rr\u00ebzoni Ram\u00ebn N\u00eb nj\u00eb koh\u00eb kur i gjith\u00eb debati \u00ebsht\u00eb p\u00ebrqendruar tek lajmi se Shqip\u00ebria \u00ebsht\u00eb shprehur e gatshme se mund t\u00eb pranoj\u00eb nj\u00eb kapacitet prej 600 mij\u00eb refugjat\u00ebsh sirian\u00eb, reagimeve\u2026","rel":"","context":"In &quot;Politika&quot;","block_context":{"text":"Politika","link":"https:\/\/www.shqiperia.com\/blog\/category\/politika\/"},"img":{"alt_text":"","src":"https:\/\/i0.wp.com\/www.shqiperia.com\/blog\/wp-content\/uploads\/2018\/06\/35659916_10216839997569657_5737794523241644032_n.jpg?fit=442%2C283&ssl=1&resize=350%2C200","width":350,"height":200},"classes":[]},{"id":20929,"url":"https:\/\/www.shqiperia.com\/blog\/analiza-e-spartak-ngjeles-ndoqi-idene-e-vucic-per-copetimin-e-kosoves-si-do-marre-fund-rama-per-tri-dite-nese\/","url_meta":{"origin":37699,"position":3},"title":"Analiza e Spartak Ngjel\u00ebs: Ndoqi iden\u00eb e Vu\u00e7i\u00e7 p\u00ebr cop\u00ebtimin e Kosov\u00ebs. Si do marr\u00eb fund Rama p\u00ebr tri dit\u00eb n\u00ebse\u2026","author":"Kurt Farka","date":"May 9, 2019","format":false,"excerpt":"Analiza e Spartak Ngjel\u00ebs: Ndoqi iden\u00eb e Vu\u00e7i\u00e7 p\u00ebr cop\u00ebtimin e Kosov\u00ebs. Si do marr\u00eb fund Rama p\u00ebr tri dit\u00eb n\u00ebse\u2026 \u00a09 maji 2019 Nga Spartak Ngjela Nuk ka as m\u00eb t\u00eb voglin dyshim q\u00eb Rama ka ndjekur iden\u00eb e presidentit t\u00eb Serbis\u00eb Vu\u00e7i\u00e7 dhe presidentit t\u00eb Kosov\u00ebs Tha\u00e7i, p\u00ebr\u2026","rel":"","context":"In &quot;Blogu i Udh\u00ebtarit&quot;","block_context":{"text":"Blogu i Udh\u00ebtarit","link":"https:\/\/www.shqiperia.com\/blog\/category\/blogu-i-udhetarit\/"},"img":{"alt_text":"","src":"https:\/\/i0.wp.com\/www.shqiperia.com\/blog\/wp-content\/uploads\/2019\/05\/Ngjela-Rama-Vucic.jpg?fit=600%2C337&ssl=1&resize=350%2C200","width":350,"height":200,"srcset":"https:\/\/i0.wp.com\/www.shqiperia.com\/blog\/wp-content\/uploads\/2019\/05\/Ngjela-Rama-Vucic.jpg?fit=600%2C337&ssl=1&resize=350%2C200 1x, https:\/\/i0.wp.com\/www.shqiperia.com\/blog\/wp-content\/uploads\/2019\/05\/Ngjela-Rama-Vucic.jpg?fit=600%2C337&ssl=1&resize=525%2C300 1.5x"},"classes":[]},{"id":67004,"url":"https:\/\/www.shqiperia.com\/blog\/turp-historik-nese-ndodh-avokat-ngjela-del-me-reagimin-e-forte-albin-kurti-nuk-do-ta-pranoje-kete-ofendim-te-kombit-shqiptar\/","url_meta":{"origin":37699,"position":4},"title":"&#8220;Turp historik n\u00ebse ndodh&#8221;, avokat Ngjela del me reagimin e fort\u00eb: &#8211; Albin Kurti nuk do ta pranoj\u00eb k\u00ebt\u00eb ofendim t\u00eb kombit shqiptar","author":"Kurt Farka","date":"January 30, 2023","format":false,"excerpt":"30 Janar 2023 \"Bashk\u00ebsia e Komunave Serbe n\u00eb Kosov\u00eb, n\u00ebse v\u00ebrtet ndodh, do t\u00eb jet\u00eb nj\u00eb turp historik.\" K\u00ebshtu shprehet avokati Ngjela n\u00eb nj\u00eb shkrim t\u00eb tij n\u00eb \"facebook\". Ngjela shton m\u00eb tej se ai ka takuar disa shqiptar\u00eb t\u00eb Kosov\u00ebs q\u00eb e fshehin, por kan\u00eb \u201cdashuri\u201d p\u00ebr serb\u00ebt, por\u2026","rel":"","context":"In &quot;Blogu i Udh\u00ebtarit&quot;","block_context":{"text":"Blogu i Udh\u00ebtarit","link":"https:\/\/www.shqiperia.com\/blog\/category\/blogu-i-udhetarit\/"},"img":{"alt_text":"","src":"https:\/\/i0.wp.com\/www.shqiperia.com\/blog\/wp-content\/uploads\/2023\/01\/800-0-9b6b94eb5afdd9f8745fe6a0ddff73d6.png?fit=800%2C507&ssl=1&resize=350%2C200","width":350,"height":200,"srcset":"https:\/\/i0.wp.com\/www.shqiperia.com\/blog\/wp-content\/uploads\/2023\/01\/800-0-9b6b94eb5afdd9f8745fe6a0ddff73d6.png?fit=800%2C507&ssl=1&resize=350%2C200 1x, https:\/\/i0.wp.com\/www.shqiperia.com\/blog\/wp-content\/uploads\/2023\/01\/800-0-9b6b94eb5afdd9f8745fe6a0ddff73d6.png?fit=800%2C507&ssl=1&resize=525%2C300 1.5x, https:\/\/i0.wp.com\/www.shqiperia.com\/blog\/wp-content\/uploads\/2023\/01\/800-0-9b6b94eb5afdd9f8745fe6a0ddff73d6.png?fit=800%2C507&ssl=1&resize=700%2C400 2x"},"classes":[]},{"id":28037,"url":"https:\/\/www.shqiperia.com\/blog\/spartak-ngjela-shba-do-e-flakin-ramen-si-lecke-u-rreshtua-me-pro-serbet-kunder-kosoves\/","url_meta":{"origin":37699,"position":5},"title":"Spartak Ngjela: SHBA do e flakin Ram\u00ebn si leck\u00eb, u rreshtua me pro serb\u00ebt kund\u00ebr Kosov\u00ebs. &#8211;","author":"Kurt Farka","date":"November 13, 2019","format":false,"excerpt":"Spartak Ngjela: SHBA do e flakin Ram\u00ebn si leck\u00eb, u rreshtua me pro serb\u00ebt kund\u00ebr Kosov\u00ebs 11 Nentor, 2019 Avokati Spartak Ngjela ka kritikuar ashp\u00ebr q\u00ebndrimin e kryeministrit Edi Rama p\u00ebr izolimin e Kosov\u00ebs nga marr\u00ebveshjet rajonale. Duke u ndalur n\u00eb takimin e Oh\u00ebrit, ku Edi Rama sulmoi drejtuesit e\u2026","rel":"","context":"In &quot;Blogu i Udh\u00ebtarit&quot;","block_context":{"text":"Blogu i Udh\u00ebtarit","link":"https:\/\/www.shqiperia.com\/blog\/category\/blogu-i-udhetarit\/"},"img":{"alt_text":"","src":"https:\/\/i0.wp.com\/www.shqiperia.com\/blog\/wp-content\/uploads\/2019\/11\/ngjela-rama-.jpg?fit=863%2C432&ssl=1&resize=350%2C200","width":350,"height":200,"srcset":"https:\/\/i0.wp.com\/www.shqiperia.com\/blog\/wp-content\/uploads\/2019\/11\/ngjela-rama-.jpg?fit=863%2C432&ssl=1&resize=350%2C200 1x, https:\/\/i0.wp.com\/www.shqiperia.com\/blog\/wp-content\/uploads\/2019\/11\/ngjela-rama-.jpg?fit=863%2C432&ssl=1&resize=525%2C300 1.5x, https:\/\/i0.wp.com\/www.shqiperia.com\/blog\/wp-content\/uploads\/2019\/11\/ngjela-rama-.jpg?fit=863%2C432&ssl=1&resize=700%2C400 2x"},"classes":[]}],"_links":{"self":[{"href":"https:\/\/www.shqiperia.com\/blog\/wp-json\/wp\/v2\/posts\/37699","targetHints":{"allow":["GET"]}}],"collection":[{"href":"https:\/\/www.shqiperia.com\/blog\/wp-json\/wp\/v2\/posts"}],"about":[{"href":"https:\/\/www.shqiperia.com\/blog\/wp-json\/wp\/v2\/types\/post"}],"author":[{"embeddable":true,"href":"https:\/\/www.shqiperia.com\/blog\/wp-json\/wp\/v2\/users\/9"}],"replies":[{"embeddable":true,"href":"https:\/\/www.shqiperia.com\/blog\/wp-json\/wp\/v2\/comments?post=37699"}],"version-history":[{"count":1,"href":"https:\/\/www.shqiperia.com\/blog\/wp-json\/wp\/v2\/posts\/37699\/revisions"}],"predecessor-version":[{"id":37701,"href":"https:\/\/www.shqiperia.com\/blog\/wp-json\/wp\/v2\/posts\/37699\/revisions\/37701"}],"wp:featuredmedia":[{"embeddable":true,"href":"https:\/\/www.shqiperia.com\/blog\/wp-json\/wp\/v2\/media\/37700"}],"wp:attachment":[{"href":"https:\/\/www.shqiperia.com\/blog\/wp-json\/wp\/v2\/media?parent=37699"}],"wp:term":[{"taxonomy":"category","embeddable":true,"href":"https:\/\/www.shqiperia.com\/blog\/wp-json\/wp\/v2\/categories?post=37699"},{"taxonomy":"post_tag","embeddable":true,"href":"https:\/\/www.shqiperia.com\/blog\/wp-json\/wp\/v2\/tags?post=37699"}],"curies":[{"name":"wp","href":"https:\/\/api.w.org\/{rel}","templated":true}]}}